{"id":8954,"date":"2025-07-23T16:18:59","date_gmt":"2025-07-23T14:18:59","guid":{"rendered":"https:\/\/vieassociative.be\/actualites\/en-allemagne-les-radicaux-ajoutent-lafd-tire-de-la-meme-maniere-avec-lunion-et-la-gauche-avec-les-verts\/"},"modified":"2025-07-23T16:18:59","modified_gmt":"2025-07-23T14:18:59","slug":"en-allemagne-les-radicaux-ajoutent-lafd-tire-de-la-meme-maniere-avec-lunion-et-la-gauche-avec-les-verts","status":"publish","type":"post","link":"https:\/\/vieassociative.be\/actualites\/en-allemagne-les-radicaux-ajoutent-lafd-tire-de-la-meme-maniere-avec-lunion-et-la-gauche-avec-les-verts\/","title":{"rendered":"En Allemagne, les radicaux ajoutent: l&rsquo;AFD tire de la m\u00eame mani\u00e8re avec l&rsquo;Union &#8211; et la gauche avec les verts"},"content":{"rendered":"<p><strong>Apr\u00e8s un petit, haut apr\u00e8s avoir pris ses fonctions, la coalition gouvernementale de la CDU \/ CSU et du SPD se glisse dans une crise en Allemagne. Dans le barom\u00e8tre de tendance, l&rsquo;AFD assimile maintenant le syndicat &#8211; et la gauche avec les verts. Le chancelier Friedrich Merz (CDU) est \u00e9galement dans une descente.<\/strong><\/p>\n<p><span id=\"more-420789\"><\/span>L&rsquo;annulation de la r\u00e9duction de l&rsquo;imp\u00f4t sur l&rsquo;\u00e9lectricit\u00e9 pour tout le monde, les \u00e9lections d&rsquo;un juge qui sont compl\u00e8tement incontr\u00f4lables: moins de 100 jours apr\u00e8s avoir pris ses fonctions, le gouvernement f\u00e9d\u00e9ral \u00e9choue. Cela se refl\u00e8te \u00e9galement dans le consentement des Allemands \u00e0 la Coalition et en particulier au Chancellor-Black et au rouge, mais aussi le chancelier Merz continue de perdre.<\/p>\n<div id=\"attachment_416926\" class=\"wp-caption alignleft\" style=\"max-width: 300px\"><img fetchpriority=\"high\" decoding=\"async\" class=\"wp-image-416926 size-medium\" src=\"https:\/\/vieassociative.be\/actualites\/wp-content\/uploads\/2025\/07\/En-Allemagne-les-radicaux-ajoutent-lAFD-tire-de-la-meme.jpg\" alt=\"\" width=\"300\" height=\"200\"  ><\/p>\n<p class=\"wp-caption-text\">05\/10\/2025, Saxe, Chemnitz: Heidi Reichinnek, chef de groupe parlementaire Die Linke dans le Bundestag, applaudit au parti Die Linke \u00e0 Chemnitz. Photo: Hendrik Schmidt \/ DPA<\/p>\n<\/div>\n<p>Le CDU et le CSU dans le barom\u00e8tre de tendance RTL \/ NTV donnent la quatri\u00e8me semaine cons\u00e9cutive et sont maintenant de 25%. L&rsquo;AFD, en revanche, accorde un point et est la premi\u00e8re fois depuis le d\u00e9but du mois de mai avec l&rsquo;Union.<\/p>\n<p>Le SPD reste \u00e0 son bas et se poursuit \u00e0 13%. La coalition atteint donc 38%. Lors des \u00e9lections de Bundestag en f\u00e9vrier, elle \u00e9tait un peu plus de 40%. L&rsquo;AFD, en revanche, peut augmenter plus de quatre points par rapport aux \u00e9lections.<\/p>\n<p>Comme la semaine pr\u00e9c\u00e9dente, les Verts sont de 12%, mais ils sont obtenus du parti Die Linke, qui peut gagner un point et est d\u00e9sormais \u00e0 plus de trois points au-dessus du r\u00e9sultat des \u00e9lections f\u00e9d\u00e9rales. Le FDP avec 3 (plus un point) et le BSW avec 4% ne se d\u00e9placeraient toujours pas dans le Bundestag. (RTL \/ NTV \/ CRE)<\/p>\n<p><em><strong>Sur le sujet, voir \u00e9galement l&rsquo;article suivant sur OD:<\/strong><\/em><\/p>\n<div class=\"responsive-embed widescreen\">\n<blockquote class=\"wp-embedded-content\" data-secret=\"bJYndpX5nV\">\n<p>Critique du trouble de l&rsquo;interview ARD avec le patron de l&rsquo;AFD Weidel<\/p>\n<\/blockquote>\n<p><iframe loading=\"lazy\" class=\"wp-embedded-content\" sandbox=\"allow-scripts\" security=\"restricted\" style=\"position: absolute; visibility: hidden;\" title=\"\u201eKritik an St\u00f6rung von ARD-Interview mit AfD-Chefin Weidel\u201c \u2014 Ostbelgien Direkt\" src=\"https:\/\/ostbelgiendirekt.be\/about:blank\" data-secret=\"bJYndpX5nV\" width=\"500\" height=\"282\" frameborder=\"0\" marginwidth=\"0\" marginheight=\"0\" scrolling=\"no\" data-rocket-lazyload=\"fitvidscompatible\" data-lazy-src=\"https:\/\/ostbelgiendirekt.be\/interview-mit-afd-chefin-weidel-420651\/embed#?secret=JVEA5xx4Y9#?secret=bJYndpX5nV\"><\/iframe><noscript><iframe class=\"wp-embedded-content\" sandbox=\"allow-scripts\" security=\"restricted\" style=\"position: absolute; visibility: hidden;\" title=\"\u201eKritik an St\u00f6rung von ARD-Interview mit AfD-Chefin Weidel\u201c \u2014 Ostbelgien Direkt\" src=\"https:\/\/ostbelgiendirekt.be\/interview-mit-afd-chefin-weidel-420651\/embed#?secret=JVEA5xx4Y9#?secret=bJYndpX5nV\" data-secret=\"bJYndpX5nV\" width=\"500\" height=\"282\" frameborder=\"0\" marginwidth=\"0\" marginheight=\"0\" scrolling=\"no\"><\/iframe><\/noscript><\/p>\n<\/div>\n","protected":false},"excerpt":{"rendered":"<p>Apr\u00e8s un petit, haut apr\u00e8s avoir pris ses fonctions, la coalition gouvernementale de la CDU \/ CSU et du SPD se glisse dans une crise<\/p>\n","protected":false},"author":1,"featured_media":8955,"comment_status":"","ping_status":"","sticky":false,"template":"","format":"standard","meta":{"footnotes":""},"categories":[298],"tags":[6648,2864,61,7881,3439,14,1143,327,891,4042,4476,1519],"class_list":["post-8954","post","type-post","status-publish","format-standard","has-post-thumbnail","hentry","category-belgique","tag-ajoutent","tag-allemagne","tag-avec","tag-gauche","tag-lafd","tag-les","tag-lunion","tag-maniere","tag-meme","tag-radicaux","tag-tire","tag-verts","generate-columns","tablet-grid-50","mobile-grid-100","grid-parent","grid-33"],"yoast_head":"<!-- This site is optimized with the Yoast SEO plugin v24.0 - https:\/\/yoast.com\/wordpress\/plugins\/seo\/ -->\n<title>En Allemagne, les radicaux ajoutent: l&#039;AFD tire de la m\u00eame mani\u00e8re avec l&#039;Union - et la gauche avec les verts | Vie Associative<\/title>\n<meta name=\"robots\" content=\"index, follow, max-snippet:-1, max-image-preview:large, max-video-preview:-1\" \/>\n<link rel=\"canonical\" href=\"https:\/\/vieassociative.be\/actualites\/en-allemagne-les-radicaux-ajoutent-lafd-tire-de-la-meme-maniere-avec-lunion-et-la-gauche-avec-les-verts\/\" \/>\n<meta property=\"og:locale\" content=\"fr_FR\" \/>\n<meta property=\"og:type\" content=\"article\" \/>\n<meta property=\"og:title\" content=\"En Allemagne, les radicaux ajoutent: l&#039;AFD tire de la m\u00eame mani\u00e8re avec l&#039;Union - et la gauche avec les verts | Vie Associative\" \/>\n<meta property=\"og:description\" content=\"Apr\u00e8s un petit, haut apr\u00e8s avoir pris ses fonctions, la coalition gouvernementale de la CDU \/ CSU et du SPD se glisse dans une crise\" \/>\n<meta property=\"og:url\" content=\"https:\/\/vieassociative.be\/actualites\/en-allemagne-les-radicaux-ajoutent-lafd-tire-de-la-meme-maniere-avec-lunion-et-la-gauche-avec-les-verts\/\" \/>\n<meta property=\"og:site_name\" content=\"Vie Associative\" \/>\n<meta property=\"article:published_time\" content=\"2025-07-23T14:18:59+00:00\" \/>\n<meta property=\"og:image\" content=\"https:\/\/vieassociative.be\/actualites\/wp-content\/uploads\/2024\/09\/header_backgroundk-01-e1726694325946.png\" \/>\n\t<meta property=\"og:image:width\" content=\"279\" \/>\n\t<meta property=\"og:image:height\" content=\"92\" \/>\n\t<meta property=\"og:image:type\" content=\"image\/png\" \/>\n<meta name=\"author\" content=\"Julien\" \/>\n<meta name=\"twitter:card\" content=\"summary_large_image\" \/>\n<meta name=\"twitter:label1\" content=\"\u00c9crit par\" \/>\n\t<meta name=\"twitter:data1\" content=\"Julien\" \/>\n\t<meta name=\"twitter:label2\" content=\"Dur\u00e9e de lecture est.\" \/>\n\t<meta name=\"twitter:data2\" content=\"2 minutes\" \/>\n<script type=\"application\/ld+json\" class=\"yoast-schema-graph\">{\"@context\":\"https:\/\/schema.org\",\"@graph\":[{\"@type\":\"Article\",\"@id\":\"https:\/\/vieassociative.be\/actualites\/en-allemagne-les-radicaux-ajoutent-lafd-tire-de-la-meme-maniere-avec-lunion-et-la-gauche-avec-les-verts\/#article\",\"isPartOf\":{\"@id\":\"https:\/\/vieassociative.be\/actualites\/en-allemagne-les-radicaux-ajoutent-lafd-tire-de-la-meme-maniere-avec-lunion-et-la-gauche-avec-les-verts\/\"},\"author\":{\"name\":\"Julien\",\"@id\":\"https:\/\/vieassociative.be\/actualites\/#\/schema\/person\/b87ac4f82f9d4e7b7cec7395b679edc4\"},\"headline\":\"En Allemagne, les radicaux ajoutent: l&rsquo;AFD tire de la m\u00eame mani\u00e8re avec l&rsquo;Union &#8211; et la gauche avec les verts\",\"datePublished\":\"2025-07-23T14:18:59+00:00\",\"dateModified\":\"2025-07-23T14:18:59+00:00\",\"mainEntityOfPage\":{\"@id\":\"https:\/\/vieassociative.be\/actualites\/en-allemagne-les-radicaux-ajoutent-lafd-tire-de-la-meme-maniere-avec-lunion-et-la-gauche-avec-les-verts\/\"},\"wordCount\":349,\"publisher\":{\"@id\":\"https:\/\/vieassociative.be\/actualites\/#organization\"},\"image\":{\"@id\":\"https:\/\/vieassociative.be\/actualites\/en-allemagne-les-radicaux-ajoutent-lafd-tire-de-la-meme-maniere-avec-lunion-et-la-gauche-avec-les-verts\/#primaryimage\"},\"thumbnailUrl\":\"https:\/\/vieassociative.be\/actualites\/wp-content\/uploads\/2025\/07\/1753280340_En-Allemagne-les-radicaux-ajoutent-lAFD-tire-de-la-meme.jpg\",\"keywords\":[\"ajoutent\",\"Allemagne\",\"avec\",\"gauche\",\"lAfD\",\"Les\",\"lUnion\",\"mani\u00e8re\",\"m\u00eame\",\"radicaux\",\"tir\u00e9\",\"verts\"],\"articleSection\":[\"Belgique\"],\"inLanguage\":\"fr-BE\"},{\"@type\":\"WebPage\",\"@id\":\"https:\/\/vieassociative.be\/actualites\/en-allemagne-les-radicaux-ajoutent-lafd-tire-de-la-meme-maniere-avec-lunion-et-la-gauche-avec-les-verts\/\",\"url\":\"https:\/\/vieassociative.be\/actualites\/en-allemagne-les-radicaux-ajoutent-lafd-tire-de-la-meme-maniere-avec-lunion-et-la-gauche-avec-les-verts\/\",\"name\":\"En Allemagne, les radicaux ajoutent: l'AFD tire de la m\u00eame mani\u00e8re avec l'Union - et la gauche avec les verts | Vie Associative\",\"isPartOf\":{\"@id\":\"https:\/\/vieassociative.be\/actualites\/#website\"},\"primaryImageOfPage\":{\"@id\":\"https:\/\/vieassociative.be\/actualites\/en-allemagne-les-radicaux-ajoutent-lafd-tire-de-la-meme-maniere-avec-lunion-et-la-gauche-avec-les-verts\/#primaryimage\"},\"image\":{\"@id\":\"https:\/\/vieassociative.be\/actualites\/en-allemagne-les-radicaux-ajoutent-lafd-tire-de-la-meme-maniere-avec-lunion-et-la-gauche-avec-les-verts\/#primaryimage\"},\"thumbnailUrl\":\"https:\/\/vieassociative.be\/actualites\/wp-content\/uploads\/2025\/07\/1753280340_En-Allemagne-les-radicaux-ajoutent-lAFD-tire-de-la-meme.jpg\",\"datePublished\":\"2025-07-23T14:18:59+00:00\",\"dateModified\":\"2025-07-23T14:18:59+00:00\",\"breadcrumb\":{\"@id\":\"https:\/\/vieassociative.be\/actualites\/en-allemagne-les-radicaux-ajoutent-lafd-tire-de-la-meme-maniere-avec-lunion-et-la-gauche-avec-les-verts\/#breadcrumb\"},\"inLanguage\":\"fr-BE\",\"potentialAction\":[{\"@type\":\"ReadAction\",\"target\":[\"https:\/\/vieassociative.be\/actualites\/en-allemagne-les-radicaux-ajoutent-lafd-tire-de-la-meme-maniere-avec-lunion-et-la-gauche-avec-les-verts\/\"]}]},{\"@type\":\"ImageObject\",\"inLanguage\":\"fr-BE\",\"@id\":\"https:\/\/vieassociative.be\/actualites\/en-allemagne-les-radicaux-ajoutent-lafd-tire-de-la-meme-maniere-avec-lunion-et-la-gauche-avec-les-verts\/#primaryimage\",\"url\":\"https:\/\/vieassociative.be\/actualites\/wp-content\/uploads\/2025\/07\/1753280340_En-Allemagne-les-radicaux-ajoutent-lAFD-tire-de-la-meme.jpg\",\"contentUrl\":\"https:\/\/vieassociative.be\/actualites\/wp-content\/uploads\/2025\/07\/1753280340_En-Allemagne-les-radicaux-ajoutent-lAFD-tire-de-la-meme.jpg\",\"width\":2560,\"height\":852,\"caption\":\"En Allemagne, les radicaux ajoutent: l'AFD tire de la m\u00eame mani\u00e8re avec l'Union - et la gauche avec les verts\"},{\"@type\":\"BreadcrumbList\",\"@id\":\"https:\/\/vieassociative.be\/actualites\/en-allemagne-les-radicaux-ajoutent-lafd-tire-de-la-meme-maniere-avec-lunion-et-la-gauche-avec-les-verts\/#breadcrumb\",\"itemListElement\":[{\"@type\":\"ListItem\",\"position\":1,\"name\":\"Accueil\",\"item\":\"https:\/\/vieassociative.be\/actualites\/\"},{\"@type\":\"ListItem\",\"position\":2,\"name\":\"En Allemagne, les radicaux ajoutent: l&rsquo;AFD tire de la m\u00eame mani\u00e8re avec l&rsquo;Union &#8211; et la gauche avec les verts\"}]},{\"@type\":\"WebSite\",\"@id\":\"https:\/\/vieassociative.be\/actualites\/#website\",\"url\":\"https:\/\/vieassociative.be\/actualites\/\",\"name\":\"Vie Associative\",\"description\":\"\",\"publisher\":{\"@id\":\"https:\/\/vieassociative.be\/actualites\/#organization\"},\"potentialAction\":[{\"@type\":\"SearchAction\",\"target\":{\"@type\":\"EntryPoint\",\"urlTemplate\":\"https:\/\/vieassociative.be\/actualites\/?s={search_term_string}\"},\"query-input\":{\"@type\":\"PropertyValueSpecification\",\"valueRequired\":true,\"valueName\":\"search_term_string\"}}],\"inLanguage\":\"fr-BE\"},{\"@type\":\"Organization\",\"@id\":\"https:\/\/vieassociative.be\/actualites\/#organization\",\"name\":\"Vie Associative\",\"url\":\"https:\/\/vieassociative.be\/actualites\/\",\"logo\":{\"@type\":\"ImageObject\",\"inLanguage\":\"fr-BE\",\"@id\":\"https:\/\/vieassociative.be\/actualites\/#\/schema\/logo\/image\/\",\"url\":\"https:\/\/vieassociative.be\/actualites\/wp-content\/uploads\/2024\/09\/cropped-vieassociative_favicon.ico.png\",\"contentUrl\":\"https:\/\/vieassociative.be\/actualites\/wp-content\/uploads\/2024\/09\/cropped-vieassociative_favicon.ico.png\",\"width\":512,\"height\":512,\"caption\":\"Vie Associative\"},\"image\":{\"@id\":\"https:\/\/vieassociative.be\/actualites\/#\/schema\/logo\/image\/\"}},{\"@type\":\"Person\",\"@id\":\"https:\/\/vieassociative.be\/actualites\/#\/schema\/person\/b87ac4f82f9d4e7b7cec7395b679edc4\",\"name\":\"Julien\",\"image\":{\"@type\":\"ImageObject\",\"inLanguage\":\"fr-BE\",\"@id\":\"https:\/\/vieassociative.be\/actualites\/#\/schema\/person\/image\/\",\"url\":\"https:\/\/vieassociative.be\/actualites\/wp-content\/uploads\/2024\/09\/vie-associative-1-150x150.jpg\",\"contentUrl\":\"https:\/\/vieassociative.be\/actualites\/wp-content\/uploads\/2024\/09\/vie-associative-1-150x150.jpg\",\"caption\":\"Julien\"},\"description\":\"Je suis Julien, r\u00e9dacteur pour Vie Associative. Passionn\u00e9 par le monde associatif depuis plus de 10 ans, j'ai \u00e0 c\u0153ur de partager des histoires inspirantes et de mettre en lumi\u00e8re les initiatives locales. Mon objectif est de sensibiliser et d'encourager l'engagement communautaire \u00e0 travers mes articles.\",\"sameAs\":[\"https:\/\/vieassociative.be\/\"]}]}<\/script>\n<!-- \/ Yoast SEO plugin. -->","yoast_head_json":{"title":"En Allemagne, les radicaux ajoutent: l'AFD tire de la m\u00eame mani\u00e8re avec l'Union - et la gauche avec les verts | Vie Associative","robots":{"index":"index","follow":"follow","max-snippet":"max-snippet:-1","max-image-preview":"max-image-preview:large","max-video-preview":"max-video-preview:-1"},"canonical":"https:\/\/vieassociative.be\/actualites\/en-allemagne-les-radicaux-ajoutent-lafd-tire-de-la-meme-maniere-avec-lunion-et-la-gauche-avec-les-verts\/","og_locale":"fr_FR","og_type":"article","og_title":"En Allemagne, les radicaux ajoutent: l'AFD tire de la m\u00eame mani\u00e8re avec l'Union - et la gauche avec les verts | Vie Associative","og_description":"Apr\u00e8s un petit, haut apr\u00e8s avoir pris ses fonctions, la coalition gouvernementale de la CDU \/ CSU et du SPD se glisse dans une crise","og_url":"https:\/\/vieassociative.be\/actualites\/en-allemagne-les-radicaux-ajoutent-lafd-tire-de-la-meme-maniere-avec-lunion-et-la-gauche-avec-les-verts\/","og_site_name":"Vie Associative","article_published_time":"2025-07-23T14:18:59+00:00","og_image":[{"width":279,"height":92,"url":"https:\/\/vieassociative.be\/actualites\/wp-content\/uploads\/2024\/09\/header_backgroundk-01-e1726694325946.png","type":"image\/png"}],"author":"Julien","twitter_card":"summary_large_image","twitter_misc":{"\u00c9crit par":"Julien","Dur\u00e9e de lecture est.":"2 minutes"},"schema":{"@context":"https:\/\/schema.org","@graph":[{"@type":"Article","@id":"https:\/\/vieassociative.be\/actualites\/en-allemagne-les-radicaux-ajoutent-lafd-tire-de-la-meme-maniere-avec-lunion-et-la-gauche-avec-les-verts\/#article","isPartOf":{"@id":"https:\/\/vieassociative.be\/actualites\/en-allemagne-les-radicaux-ajoutent-lafd-tire-de-la-meme-maniere-avec-lunion-et-la-gauche-avec-les-verts\/"},"author":{"name":"Julien","@id":"https:\/\/vieassociative.be\/actualites\/#\/schema\/person\/b87ac4f82f9d4e7b7cec7395b679edc4"},"headline":"En Allemagne, les radicaux ajoutent: l&rsquo;AFD tire de la m\u00eame mani\u00e8re avec l&rsquo;Union &#8211; et la gauche avec les verts","datePublished":"2025-07-23T14:18:59+00:00","dateModified":"2025-07-23T14:18:59+00:00","mainEntityOfPage":{"@id":"https:\/\/vieassociative.be\/actualites\/en-allemagne-les-radicaux-ajoutent-lafd-tire-de-la-meme-maniere-avec-lunion-et-la-gauche-avec-les-verts\/"},"wordCount":349,"publisher":{"@id":"https:\/\/vieassociative.be\/actualites\/#organization"},"image":{"@id":"https:\/\/vieassociative.be\/actualites\/en-allemagne-les-radicaux-ajoutent-lafd-tire-de-la-meme-maniere-avec-lunion-et-la-gauche-avec-les-verts\/#primaryimage"},"thumbnailUrl":"https:\/\/vieassociative.be\/actualites\/wp-content\/uploads\/2025\/07\/1753280340_En-Allemagne-les-radicaux-ajoutent-lAFD-tire-de-la-meme.jpg","keywords":["ajoutent","Allemagne","avec","gauche","lAfD","Les","lUnion","mani\u00e8re","m\u00eame","radicaux","tir\u00e9","verts"],"articleSection":["Belgique"],"inLanguage":"fr-BE"},{"@type":"WebPage","@id":"https:\/\/vieassociative.be\/actualites\/en-allemagne-les-radicaux-ajoutent-lafd-tire-de-la-meme-maniere-avec-lunion-et-la-gauche-avec-les-verts\/","url":"https:\/\/vieassociative.be\/actualites\/en-allemagne-les-radicaux-ajoutent-lafd-tire-de-la-meme-maniere-avec-lunion-et-la-gauche-avec-les-verts\/","name":"En Allemagne, les radicaux ajoutent: l'AFD tire de la m\u00eame mani\u00e8re avec l'Union - et la gauche avec les verts | Vie Associative","isPartOf":{"@id":"https:\/\/vieassociative.be\/actualites\/#website"},"primaryImageOfPage":{"@id":"https:\/\/vieassociative.be\/actualites\/en-allemagne-les-radicaux-ajoutent-lafd-tire-de-la-meme-maniere-avec-lunion-et-la-gauche-avec-les-verts\/#primaryimage"},"image":{"@id":"https:\/\/vieassociative.be\/actualites\/en-allemagne-les-radicaux-ajoutent-lafd-tire-de-la-meme-maniere-avec-lunion-et-la-gauche-avec-les-verts\/#primaryimage"},"thumbnailUrl":"https:\/\/vieassociative.be\/actualites\/wp-content\/uploads\/2025\/07\/1753280340_En-Allemagne-les-radicaux-ajoutent-lAFD-tire-de-la-meme.jpg","datePublished":"2025-07-23T14:18:59+00:00","dateModified":"2025-07-23T14:18:59+00:00","breadcrumb":{"@id":"https:\/\/vieassociative.be\/actualites\/en-allemagne-les-radicaux-ajoutent-lafd-tire-de-la-meme-maniere-avec-lunion-et-la-gauche-avec-les-verts\/#breadcrumb"},"inLanguage":"fr-BE","potentialAction":[{"@type":"ReadAction","target":["https:\/\/vieassociative.be\/actualites\/en-allemagne-les-radicaux-ajoutent-lafd-tire-de-la-meme-maniere-avec-lunion-et-la-gauche-avec-les-verts\/"]}]},{"@type":"ImageObject","inLanguage":"fr-BE","@id":"https:\/\/vieassociative.be\/actualites\/en-allemagne-les-radicaux-ajoutent-lafd-tire-de-la-meme-maniere-avec-lunion-et-la-gauche-avec-les-verts\/#primaryimage","url":"https:\/\/vieassociative.be\/actualites\/wp-content\/uploads\/2025\/07\/1753280340_En-Allemagne-les-radicaux-ajoutent-lAFD-tire-de-la-meme.jpg","contentUrl":"https:\/\/vieassociative.be\/actualites\/wp-content\/uploads\/2025\/07\/1753280340_En-Allemagne-les-radicaux-ajoutent-lAFD-tire-de-la-meme.jpg","width":2560,"height":852,"caption":"En Allemagne, les radicaux ajoutent: l'AFD tire de la m\u00eame mani\u00e8re avec l'Union - et la gauche avec les verts"},{"@type":"BreadcrumbList","@id":"https:\/\/vieassociative.be\/actualites\/en-allemagne-les-radicaux-ajoutent-lafd-tire-de-la-meme-maniere-avec-lunion-et-la-gauche-avec-les-verts\/#breadcrumb","itemListElement":[{"@type":"ListItem","position":1,"name":"Accueil","item":"https:\/\/vieassociative.be\/actualites\/"},{"@type":"ListItem","position":2,"name":"En Allemagne, les radicaux ajoutent: l&rsquo;AFD tire de la m\u00eame mani\u00e8re avec l&rsquo;Union &#8211; et la gauche avec les verts"}]},{"@type":"WebSite","@id":"https:\/\/vieassociative.be\/actualites\/#website","url":"https:\/\/vieassociative.be\/actualites\/","name":"Vie Associative","description":"","publisher":{"@id":"https:\/\/vieassociative.be\/actualites\/#organization"},"potentialAction":[{"@type":"SearchAction","target":{"@type":"EntryPoint","urlTemplate":"https:\/\/vieassociative.be\/actualites\/?s={search_term_string}"},"query-input":{"@type":"PropertyValueSpecification","valueRequired":true,"valueName":"search_term_string"}}],"inLanguage":"fr-BE"},{"@type":"Organization","@id":"https:\/\/vieassociative.be\/actualites\/#organization","name":"Vie Associative","url":"https:\/\/vieassociative.be\/actualites\/","logo":{"@type":"ImageObject","inLanguage":"fr-BE","@id":"https:\/\/vieassociative.be\/actualites\/#\/schema\/logo\/image\/","url":"https:\/\/vieassociative.be\/actualites\/wp-content\/uploads\/2024\/09\/cropped-vieassociative_favicon.ico.png","contentUrl":"https:\/\/vieassociative.be\/actualites\/wp-content\/uploads\/2024\/09\/cropped-vieassociative_favicon.ico.png","width":512,"height":512,"caption":"Vie Associative"},"image":{"@id":"https:\/\/vieassociative.be\/actualites\/#\/schema\/logo\/image\/"}},{"@type":"Person","@id":"https:\/\/vieassociative.be\/actualites\/#\/schema\/person\/b87ac4f82f9d4e7b7cec7395b679edc4","name":"Julien","image":{"@type":"ImageObject","inLanguage":"fr-BE","@id":"https:\/\/vieassociative.be\/actualites\/#\/schema\/person\/image\/","url":"https:\/\/vieassociative.be\/actualites\/wp-content\/uploads\/2024\/09\/vie-associative-1-150x150.jpg","contentUrl":"https:\/\/vieassociative.be\/actualites\/wp-content\/uploads\/2024\/09\/vie-associative-1-150x150.jpg","caption":"Julien"},"description":"Je suis Julien, r\u00e9dacteur pour Vie Associative. Passionn\u00e9 par le monde associatif depuis plus de 10 ans, j'ai \u00e0 c\u0153ur de partager des histoires inspirantes et de mettre en lumi\u00e8re les initiatives locales. Mon objectif est de sensibiliser et d'encourager l'engagement communautaire \u00e0 travers mes articles.","sameAs":["https:\/\/vieassociative.be\/"]}]}},"_links":{"self":[{"href":"https:\/\/vieassociative.be\/actualites\/wp-json\/wp\/v2\/posts\/8954"}],"collection":[{"href":"https:\/\/vieassociative.be\/actualites\/wp-json\/wp\/v2\/posts"}],"about":[{"href":"https:\/\/vieassociative.be\/actualites\/wp-json\/wp\/v2\/types\/post"}],"author":[{"embeddable":true,"href":"https:\/\/vieassociative.be\/actualites\/wp-json\/wp\/v2\/users\/1"}],"replies":[{"embeddable":true,"href":"https:\/\/vieassociative.be\/actualites\/wp-json\/wp\/v2\/comments?post=8954"}],"version-history":[{"count":0,"href":"https:\/\/vieassociative.be\/actualites\/wp-json\/wp\/v2\/posts\/8954\/revisions"}],"wp:featuredmedia":[{"embeddable":true,"href":"https:\/\/vieassociative.be\/actualites\/wp-json\/wp\/v2\/media\/8955"}],"wp:attachment":[{"href":"https:\/\/vieassociative.be\/actualites\/wp-json\/wp\/v2\/media?parent=8954"}],"wp:term":[{"taxonomy":"category","embeddable":true,"href":"https:\/\/vieassociative.be\/actualites\/wp-json\/wp\/v2\/categories?post=8954"},{"taxonomy":"post_tag","embeddable":true,"href":"https:\/\/vieassociative.be\/actualites\/wp-json\/wp\/v2\/tags?post=8954"}],"curies":[{"name":"wp","href":"https:\/\/api.w.org\/{rel}","templated":true}]}}