{"id":8948,"date":"2025-07-23T10:17:36","date_gmt":"2025-07-23T08:17:36","guid":{"rendered":"https:\/\/vieassociative.be\/actualites\/comme-eupen-oblige-loffensive-gauche-back-nicolas-gavory-le-francais-vient-de-dusseldorf\/"},"modified":"2025-07-23T10:17:36","modified_gmt":"2025-07-23T08:17:36","slug":"comme-eupen-oblige-loffensive-gauche-back-nicolas-gavory-le-francais-vient-de-dusseldorf","status":"publish","type":"post","link":"https:\/\/vieassociative.be\/actualites\/comme-eupen-oblige-loffensive-gauche-back-nicolas-gavory-le-francais-vient-de-dusseldorf\/","title":{"rendered":"Comme Eupen oblige l&rsquo;offensive gauche -back Nicolas Gavory &#8211; le Fran\u00e7ais vient de D\u00fcsseldorf"},"content":{"rendered":"<p><strong>La gauche fran\u00e7aise, Nicolas Gavory, qui a r\u00e9cemment jou\u00e9 avec Fortuna D\u00fcsseldorf dans la 2e Bundesliga, jouera pour le As Eupen dans les deux prochaines ann\u00e9es.<\/strong><\/p>\n<p><span id=\"more-420772\"><\/span>L&rsquo;homme de 30 ans a sign\u00e9 un contrat de deux ans pour le noir et blanc d&rsquo;ici le 30 juin 2027. \u00ab\u00a0Nicolas Gavory est un professionnel exp\u00e9riment\u00e9 et prosp\u00e8re qui a contest\u00e9 plus de 100 rencontres dans la plus haute division avant de d\u00e9m\u00e9nager \u00e0 Fortuna D\u00fcsseldorf avec FC Utrecht et standard Li\u00e8ge aux Pays-Bas\u00a0\u00bb, rapporte le AS EUPEN sur son site Web.<\/p>\n<div id=\"attachment_420777\" class=\"wp-caption alignleft\" style=\"max-width: 300px\"><img fetchpriority=\"high\" decoding=\"async\" class=\"wp-image-420777 size-medium\" src=\"https:\/\/vieassociative.be\/actualites\/wp-content\/uploads\/2025\/07\/Comme-Eupen-oblige-loffensive-gauche-back-Nicolas-Gavory-le.jpg\" alt=\"\" width=\"300\" height=\"200\"  ><\/p>\n<p class=\"wp-caption-text\">19\/04\/2025, SAARLAND, Spiesen-Elversberg: L&rsquo;entra\u00eeneur de D\u00fcsseldorf Daniel Thioune (R) parle \u00e0 Nicolas Gainvory (Fortuna Duesseldorf, L). Photo: Silas Schueller \/ Defodi Images \/ DPA<\/p>\n<\/div>\n<p>Le 16 f\u00e9vrier 1995, Nicolas Gavory est n\u00e9 \u00e0 Beauvais et s&rsquo;est entra\u00een\u00e9 au Club de deuxi\u00e8me division AJ Auxerre. Avec AJ Auxerre, il a c\u00e9l\u00e9br\u00e9 ses d\u00e9buts professionnels \u00e0 17 ans. De 2015 \u00e0 2018, il a jou\u00e9 en France pour Avenir B\u00e9ziers (D3) et Clermont Foot (Ligue 2).<\/p>\n<p>En 2018, il a fait le saut dans l&rsquo;Eredivisia n\u00e9erlandaise, o\u00f9 il l&rsquo;a amen\u00e9 \u00e0 31 missions en tant que joueur r\u00e9gulier du FC Utrecht au cours d&rsquo;une saison. \u00c0 l&rsquo;\u00e9t\u00e9 2019, le changement de Li\u00e8ge standard, pour lequel il a jou\u00e9 un total de 96 matchs dans la Jupil Pro League, dans la Coupe Croky et la Ligue Europa d&rsquo;ici la fin de 2021. De janvier 2022 \u00e0 mai 2025, le nouvel ajout de la As Eupen avec Fortuna D\u00fcsseldorf a contest\u00e9 75 porteurs dans le 2nd Bundesliga.<\/p>\n<p>\u00ab\u00a0Nicolas Gavory est une gauche polyvalente qui peut \u00e9galement \u00eatre utilis\u00e9e comme d\u00e9fenseur central et au milieu. \u00c0 Eupen, le Fran\u00e7ais pourrait soutenir les jeunes joueurs de l&rsquo;\u00e9quipe avec son exp\u00e9rience et donner de la stabilit\u00e9 au jeu de l&rsquo;\u00e9quipe. (CRE)<\/p>\n","protected":false},"excerpt":{"rendered":"<p>La gauche fran\u00e7aise, Nicolas Gavory, qui a r\u00e9cemment jou\u00e9 avec Fortuna D\u00fcsseldorf dans la 2e Bundesliga, jouera pour le As Eupen dans les deux prochaines<\/p>\n","protected":false},"author":1,"featured_media":8949,"comment_status":"","ping_status":"","sticky":false,"template":"","format":"standard","meta":{"footnotes":""},"categories":[298],"tags":[1254,7883,2329,3990,7881,7882,7880,4019,5185,1213],"class_list":["post-8948","post","type-post","status-publish","format-standard","has-post-thumbnail","hentry","category-belgique","tag-comme","tag-dusseldorf","tag-eupen","tag-francais","tag-gauche","tag-gavory","tag-loffensive","tag-nicolas","tag-oblige","tag-vient","generate-columns","tablet-grid-50","mobile-grid-100","grid-parent","grid-33"],"yoast_head":"<!-- This site is optimized with the Yoast SEO plugin v24.0 - https:\/\/yoast.com\/wordpress\/plugins\/seo\/ -->\n<title>Comme Eupen oblige l&#039;offensive gauche -back Nicolas Gavory - le Fran\u00e7ais vient de D\u00fcsseldorf | Vie Associative<\/title>\n<meta name=\"robots\" content=\"index, follow, max-snippet:-1, max-image-preview:large, max-video-preview:-1\" \/>\n<link rel=\"canonical\" href=\"https:\/\/vieassociative.be\/actualites\/comme-eupen-oblige-loffensive-gauche-back-nicolas-gavory-le-francais-vient-de-dusseldorf\/\" \/>\n<meta property=\"og:locale\" content=\"fr_FR\" \/>\n<meta property=\"og:type\" content=\"article\" \/>\n<meta property=\"og:title\" content=\"Comme Eupen oblige l&#039;offensive gauche -back Nicolas Gavory - le Fran\u00e7ais vient de D\u00fcsseldorf | Vie Associative\" \/>\n<meta property=\"og:description\" content=\"La gauche fran\u00e7aise, Nicolas Gavory, qui a r\u00e9cemment jou\u00e9 avec Fortuna D\u00fcsseldorf dans la 2e Bundesliga, jouera pour le As Eupen dans les deux prochaines\" \/>\n<meta property=\"og:url\" content=\"https:\/\/vieassociative.be\/actualites\/comme-eupen-oblige-loffensive-gauche-back-nicolas-gavory-le-francais-vient-de-dusseldorf\/\" \/>\n<meta property=\"og:site_name\" content=\"Vie Associative\" \/>\n<meta property=\"article:published_time\" content=\"2025-07-23T08:17:36+00:00\" \/>\n<meta property=\"og:image\" content=\"https:\/\/vieassociative.be\/actualites\/wp-content\/uploads\/2024\/09\/header_backgroundk-01-e1726694325946.png\" \/>\n\t<meta property=\"og:image:width\" content=\"279\" \/>\n\t<meta property=\"og:image:height\" content=\"92\" \/>\n\t<meta property=\"og:image:type\" content=\"image\/png\" \/>\n<meta name=\"author\" content=\"Julien\" \/>\n<meta name=\"twitter:card\" content=\"summary_large_image\" \/>\n<meta name=\"twitter:label1\" content=\"\u00c9crit par\" \/>\n\t<meta name=\"twitter:data1\" content=\"Julien\" \/>\n\t<meta name=\"twitter:label2\" content=\"Dur\u00e9e de lecture est.\" \/>\n\t<meta name=\"twitter:data2\" content=\"1 minute\" \/>\n<script type=\"application\/ld+json\" class=\"yoast-schema-graph\">{\"@context\":\"https:\/\/schema.org\",\"@graph\":[{\"@type\":\"Article\",\"@id\":\"https:\/\/vieassociative.be\/actualites\/comme-eupen-oblige-loffensive-gauche-back-nicolas-gavory-le-francais-vient-de-dusseldorf\/#article\",\"isPartOf\":{\"@id\":\"https:\/\/vieassociative.be\/actualites\/comme-eupen-oblige-loffensive-gauche-back-nicolas-gavory-le-francais-vient-de-dusseldorf\/\"},\"author\":{\"name\":\"Julien\",\"@id\":\"https:\/\/vieassociative.be\/actualites\/#\/schema\/person\/b87ac4f82f9d4e7b7cec7395b679edc4\"},\"headline\":\"Comme Eupen oblige l&rsquo;offensive gauche -back Nicolas Gavory &#8211; le Fran\u00e7ais vient de D\u00fcsseldorf\",\"datePublished\":\"2025-07-23T08:17:36+00:00\",\"dateModified\":\"2025-07-23T08:17:36+00:00\",\"mainEntityOfPage\":{\"@id\":\"https:\/\/vieassociative.be\/actualites\/comme-eupen-oblige-loffensive-gauche-back-nicolas-gavory-le-francais-vient-de-dusseldorf\/\"},\"wordCount\":318,\"publisher\":{\"@id\":\"https:\/\/vieassociative.be\/actualites\/#organization\"},\"image\":{\"@id\":\"https:\/\/vieassociative.be\/actualites\/comme-eupen-oblige-loffensive-gauche-back-nicolas-gavory-le-francais-vient-de-dusseldorf\/#primaryimage\"},\"thumbnailUrl\":\"https:\/\/vieassociative.be\/actualites\/wp-content\/uploads\/2025\/07\/1753258657_Comme-Eupen-oblige-loffensive-gauche-back-Nicolas-Gavory-le.jpg\",\"keywords\":[\"comme\",\"D\u00fcsseldorf\",\"Eupen\",\"fran\u00e7ais\",\"gauche\",\"Gavory\",\"loffensive\",\"Nicolas\",\"oblige\",\"vient\"],\"articleSection\":[\"Belgique\"],\"inLanguage\":\"fr-BE\"},{\"@type\":\"WebPage\",\"@id\":\"https:\/\/vieassociative.be\/actualites\/comme-eupen-oblige-loffensive-gauche-back-nicolas-gavory-le-francais-vient-de-dusseldorf\/\",\"url\":\"https:\/\/vieassociative.be\/actualites\/comme-eupen-oblige-loffensive-gauche-back-nicolas-gavory-le-francais-vient-de-dusseldorf\/\",\"name\":\"Comme Eupen oblige l'offensive gauche -back Nicolas Gavory - le Fran\u00e7ais vient de D\u00fcsseldorf | Vie Associative\",\"isPartOf\":{\"@id\":\"https:\/\/vieassociative.be\/actualites\/#website\"},\"primaryImageOfPage\":{\"@id\":\"https:\/\/vieassociative.be\/actualites\/comme-eupen-oblige-loffensive-gauche-back-nicolas-gavory-le-francais-vient-de-dusseldorf\/#primaryimage\"},\"image\":{\"@id\":\"https:\/\/vieassociative.be\/actualites\/comme-eupen-oblige-loffensive-gauche-back-nicolas-gavory-le-francais-vient-de-dusseldorf\/#primaryimage\"},\"thumbnailUrl\":\"https:\/\/vieassociative.be\/actualites\/wp-content\/uploads\/2025\/07\/1753258657_Comme-Eupen-oblige-loffensive-gauche-back-Nicolas-Gavory-le.jpg\",\"datePublished\":\"2025-07-23T08:17:36+00:00\",\"dateModified\":\"2025-07-23T08:17:36+00:00\",\"breadcrumb\":{\"@id\":\"https:\/\/vieassociative.be\/actualites\/comme-eupen-oblige-loffensive-gauche-back-nicolas-gavory-le-francais-vient-de-dusseldorf\/#breadcrumb\"},\"inLanguage\":\"fr-BE\",\"potentialAction\":[{\"@type\":\"ReadAction\",\"target\":[\"https:\/\/vieassociative.be\/actualites\/comme-eupen-oblige-loffensive-gauche-back-nicolas-gavory-le-francais-vient-de-dusseldorf\/\"]}]},{\"@type\":\"ImageObject\",\"inLanguage\":\"fr-BE\",\"@id\":\"https:\/\/vieassociative.be\/actualites\/comme-eupen-oblige-loffensive-gauche-back-nicolas-gavory-le-francais-vient-de-dusseldorf\/#primaryimage\",\"url\":\"https:\/\/vieassociative.be\/actualites\/wp-content\/uploads\/2025\/07\/1753258657_Comme-Eupen-oblige-loffensive-gauche-back-Nicolas-Gavory-le.jpg\",\"contentUrl\":\"https:\/\/vieassociative.be\/actualites\/wp-content\/uploads\/2025\/07\/1753258657_Comme-Eupen-oblige-loffensive-gauche-back-Nicolas-Gavory-le.jpg\",\"width\":1200,\"height\":801,\"caption\":\"Comme Eupen oblige l'offensive gauche -back Nicolas Gavory - le Fran\u00e7ais vient de D\u00fcsseldorf\"},{\"@type\":\"BreadcrumbList\",\"@id\":\"https:\/\/vieassociative.be\/actualites\/comme-eupen-oblige-loffensive-gauche-back-nicolas-gavory-le-francais-vient-de-dusseldorf\/#breadcrumb\",\"itemListElement\":[{\"@type\":\"ListItem\",\"position\":1,\"name\":\"Accueil\",\"item\":\"https:\/\/vieassociative.be\/actualites\/\"},{\"@type\":\"ListItem\",\"position\":2,\"name\":\"Comme Eupen oblige l&rsquo;offensive gauche -back Nicolas Gavory &#8211; le Fran\u00e7ais vient de D\u00fcsseldorf\"}]},{\"@type\":\"WebSite\",\"@id\":\"https:\/\/vieassociative.be\/actualites\/#website\",\"url\":\"https:\/\/vieassociative.be\/actualites\/\",\"name\":\"Vie Associative\",\"description\":\"\",\"publisher\":{\"@id\":\"https:\/\/vieassociative.be\/actualites\/#organization\"},\"potentialAction\":[{\"@type\":\"SearchAction\",\"target\":{\"@type\":\"EntryPoint\",\"urlTemplate\":\"https:\/\/vieassociative.be\/actualites\/?s={search_term_string}\"},\"query-input\":{\"@type\":\"PropertyValueSpecification\",\"valueRequired\":true,\"valueName\":\"search_term_string\"}}],\"inLanguage\":\"fr-BE\"},{\"@type\":\"Organization\",\"@id\":\"https:\/\/vieassociative.be\/actualites\/#organization\",\"name\":\"Vie Associative\",\"url\":\"https:\/\/vieassociative.be\/actualites\/\",\"logo\":{\"@type\":\"ImageObject\",\"inLanguage\":\"fr-BE\",\"@id\":\"https:\/\/vieassociative.be\/actualites\/#\/schema\/logo\/image\/\",\"url\":\"https:\/\/vieassociative.be\/actualites\/wp-content\/uploads\/2024\/09\/cropped-vieassociative_favicon.ico.png\",\"contentUrl\":\"https:\/\/vieassociative.be\/actualites\/wp-content\/uploads\/2024\/09\/cropped-vieassociative_favicon.ico.png\",\"width\":512,\"height\":512,\"caption\":\"Vie Associative\"},\"image\":{\"@id\":\"https:\/\/vieassociative.be\/actualites\/#\/schema\/logo\/image\/\"}},{\"@type\":\"Person\",\"@id\":\"https:\/\/vieassociative.be\/actualites\/#\/schema\/person\/b87ac4f82f9d4e7b7cec7395b679edc4\",\"name\":\"Julien\",\"image\":{\"@type\":\"ImageObject\",\"inLanguage\":\"fr-BE\",\"@id\":\"https:\/\/vieassociative.be\/actualites\/#\/schema\/person\/image\/\",\"url\":\"https:\/\/vieassociative.be\/actualites\/wp-content\/uploads\/2024\/09\/vie-associative-1-150x150.jpg\",\"contentUrl\":\"https:\/\/vieassociative.be\/actualites\/wp-content\/uploads\/2024\/09\/vie-associative-1-150x150.jpg\",\"caption\":\"Julien\"},\"description\":\"Je suis Julien, r\u00e9dacteur pour Vie Associative. Passionn\u00e9 par le monde associatif depuis plus de 10 ans, j'ai \u00e0 c\u0153ur de partager des histoires inspirantes et de mettre en lumi\u00e8re les initiatives locales. Mon objectif est de sensibiliser et d'encourager l'engagement communautaire \u00e0 travers mes articles.\",\"sameAs\":[\"https:\/\/vieassociative.be\/\"]}]}<\/script>\n<!-- \/ Yoast SEO plugin. -->","yoast_head_json":{"title":"Comme Eupen oblige l'offensive gauche -back Nicolas Gavory - le Fran\u00e7ais vient de D\u00fcsseldorf | Vie Associative","robots":{"index":"index","follow":"follow","max-snippet":"max-snippet:-1","max-image-preview":"max-image-preview:large","max-video-preview":"max-video-preview:-1"},"canonical":"https:\/\/vieassociative.be\/actualites\/comme-eupen-oblige-loffensive-gauche-back-nicolas-gavory-le-francais-vient-de-dusseldorf\/","og_locale":"fr_FR","og_type":"article","og_title":"Comme Eupen oblige l'offensive gauche -back Nicolas Gavory - le Fran\u00e7ais vient de D\u00fcsseldorf | Vie Associative","og_description":"La gauche fran\u00e7aise, Nicolas Gavory, qui a r\u00e9cemment jou\u00e9 avec Fortuna D\u00fcsseldorf dans la 2e Bundesliga, jouera pour le As Eupen dans les deux prochaines","og_url":"https:\/\/vieassociative.be\/actualites\/comme-eupen-oblige-loffensive-gauche-back-nicolas-gavory-le-francais-vient-de-dusseldorf\/","og_site_name":"Vie Associative","article_published_time":"2025-07-23T08:17:36+00:00","og_image":[{"width":279,"height":92,"url":"https:\/\/vieassociative.be\/actualites\/wp-content\/uploads\/2024\/09\/header_backgroundk-01-e1726694325946.png","type":"image\/png"}],"author":"Julien","twitter_card":"summary_large_image","twitter_misc":{"\u00c9crit par":"Julien","Dur\u00e9e de lecture est.":"1 minute"},"schema":{"@context":"https:\/\/schema.org","@graph":[{"@type":"Article","@id":"https:\/\/vieassociative.be\/actualites\/comme-eupen-oblige-loffensive-gauche-back-nicolas-gavory-le-francais-vient-de-dusseldorf\/#article","isPartOf":{"@id":"https:\/\/vieassociative.be\/actualites\/comme-eupen-oblige-loffensive-gauche-back-nicolas-gavory-le-francais-vient-de-dusseldorf\/"},"author":{"name":"Julien","@id":"https:\/\/vieassociative.be\/actualites\/#\/schema\/person\/b87ac4f82f9d4e7b7cec7395b679edc4"},"headline":"Comme Eupen oblige l&rsquo;offensive gauche -back Nicolas Gavory &#8211; le Fran\u00e7ais vient de D\u00fcsseldorf","datePublished":"2025-07-23T08:17:36+00:00","dateModified":"2025-07-23T08:17:36+00:00","mainEntityOfPage":{"@id":"https:\/\/vieassociative.be\/actualites\/comme-eupen-oblige-loffensive-gauche-back-nicolas-gavory-le-francais-vient-de-dusseldorf\/"},"wordCount":318,"publisher":{"@id":"https:\/\/vieassociative.be\/actualites\/#organization"},"image":{"@id":"https:\/\/vieassociative.be\/actualites\/comme-eupen-oblige-loffensive-gauche-back-nicolas-gavory-le-francais-vient-de-dusseldorf\/#primaryimage"},"thumbnailUrl":"https:\/\/vieassociative.be\/actualites\/wp-content\/uploads\/2025\/07\/1753258657_Comme-Eupen-oblige-loffensive-gauche-back-Nicolas-Gavory-le.jpg","keywords":["comme","D\u00fcsseldorf","Eupen","fran\u00e7ais","gauche","Gavory","loffensive","Nicolas","oblige","vient"],"articleSection":["Belgique"],"inLanguage":"fr-BE"},{"@type":"WebPage","@id":"https:\/\/vieassociative.be\/actualites\/comme-eupen-oblige-loffensive-gauche-back-nicolas-gavory-le-francais-vient-de-dusseldorf\/","url":"https:\/\/vieassociative.be\/actualites\/comme-eupen-oblige-loffensive-gauche-back-nicolas-gavory-le-francais-vient-de-dusseldorf\/","name":"Comme Eupen oblige l'offensive gauche -back Nicolas Gavory - le Fran\u00e7ais vient de D\u00fcsseldorf | Vie Associative","isPartOf":{"@id":"https:\/\/vieassociative.be\/actualites\/#website"},"primaryImageOfPage":{"@id":"https:\/\/vieassociative.be\/actualites\/comme-eupen-oblige-loffensive-gauche-back-nicolas-gavory-le-francais-vient-de-dusseldorf\/#primaryimage"},"image":{"@id":"https:\/\/vieassociative.be\/actualites\/comme-eupen-oblige-loffensive-gauche-back-nicolas-gavory-le-francais-vient-de-dusseldorf\/#primaryimage"},"thumbnailUrl":"https:\/\/vieassociative.be\/actualites\/wp-content\/uploads\/2025\/07\/1753258657_Comme-Eupen-oblige-loffensive-gauche-back-Nicolas-Gavory-le.jpg","datePublished":"2025-07-23T08:17:36+00:00","dateModified":"2025-07-23T08:17:36+00:00","breadcrumb":{"@id":"https:\/\/vieassociative.be\/actualites\/comme-eupen-oblige-loffensive-gauche-back-nicolas-gavory-le-francais-vient-de-dusseldorf\/#breadcrumb"},"inLanguage":"fr-BE","potentialAction":[{"@type":"ReadAction","target":["https:\/\/vieassociative.be\/actualites\/comme-eupen-oblige-loffensive-gauche-back-nicolas-gavory-le-francais-vient-de-dusseldorf\/"]}]},{"@type":"ImageObject","inLanguage":"fr-BE","@id":"https:\/\/vieassociative.be\/actualites\/comme-eupen-oblige-loffensive-gauche-back-nicolas-gavory-le-francais-vient-de-dusseldorf\/#primaryimage","url":"https:\/\/vieassociative.be\/actualites\/wp-content\/uploads\/2025\/07\/1753258657_Comme-Eupen-oblige-loffensive-gauche-back-Nicolas-Gavory-le.jpg","contentUrl":"https:\/\/vieassociative.be\/actualites\/wp-content\/uploads\/2025\/07\/1753258657_Comme-Eupen-oblige-loffensive-gauche-back-Nicolas-Gavory-le.jpg","width":1200,"height":801,"caption":"Comme Eupen oblige l'offensive gauche -back Nicolas Gavory - le Fran\u00e7ais vient de D\u00fcsseldorf"},{"@type":"BreadcrumbList","@id":"https:\/\/vieassociative.be\/actualites\/comme-eupen-oblige-loffensive-gauche-back-nicolas-gavory-le-francais-vient-de-dusseldorf\/#breadcrumb","itemListElement":[{"@type":"ListItem","position":1,"name":"Accueil","item":"https:\/\/vieassociative.be\/actualites\/"},{"@type":"ListItem","position":2,"name":"Comme Eupen oblige l&rsquo;offensive gauche -back Nicolas Gavory &#8211; le Fran\u00e7ais vient de D\u00fcsseldorf"}]},{"@type":"WebSite","@id":"https:\/\/vieassociative.be\/actualites\/#website","url":"https:\/\/vieassociative.be\/actualites\/","name":"Vie Associative","description":"","publisher":{"@id":"https:\/\/vieassociative.be\/actualites\/#organization"},"potentialAction":[{"@type":"SearchAction","target":{"@type":"EntryPoint","urlTemplate":"https:\/\/vieassociative.be\/actualites\/?s={search_term_string}"},"query-input":{"@type":"PropertyValueSpecification","valueRequired":true,"valueName":"search_term_string"}}],"inLanguage":"fr-BE"},{"@type":"Organization","@id":"https:\/\/vieassociative.be\/actualites\/#organization","name":"Vie Associative","url":"https:\/\/vieassociative.be\/actualites\/","logo":{"@type":"ImageObject","inLanguage":"fr-BE","@id":"https:\/\/vieassociative.be\/actualites\/#\/schema\/logo\/image\/","url":"https:\/\/vieassociative.be\/actualites\/wp-content\/uploads\/2024\/09\/cropped-vieassociative_favicon.ico.png","contentUrl":"https:\/\/vieassociative.be\/actualites\/wp-content\/uploads\/2024\/09\/cropped-vieassociative_favicon.ico.png","width":512,"height":512,"caption":"Vie Associative"},"image":{"@id":"https:\/\/vieassociative.be\/actualites\/#\/schema\/logo\/image\/"}},{"@type":"Person","@id":"https:\/\/vieassociative.be\/actualites\/#\/schema\/person\/b87ac4f82f9d4e7b7cec7395b679edc4","name":"Julien","image":{"@type":"ImageObject","inLanguage":"fr-BE","@id":"https:\/\/vieassociative.be\/actualites\/#\/schema\/person\/image\/","url":"https:\/\/vieassociative.be\/actualites\/wp-content\/uploads\/2024\/09\/vie-associative-1-150x150.jpg","contentUrl":"https:\/\/vieassociative.be\/actualites\/wp-content\/uploads\/2024\/09\/vie-associative-1-150x150.jpg","caption":"Julien"},"description":"Je suis Julien, r\u00e9dacteur pour Vie Associative. Passionn\u00e9 par le monde associatif depuis plus de 10 ans, j'ai \u00e0 c\u0153ur de partager des histoires inspirantes et de mettre en lumi\u00e8re les initiatives locales. Mon objectif est de sensibiliser et d'encourager l'engagement communautaire \u00e0 travers mes articles.","sameAs":["https:\/\/vieassociative.be\/"]}]}},"_links":{"self":[{"href":"https:\/\/vieassociative.be\/actualites\/wp-json\/wp\/v2\/posts\/8948"}],"collection":[{"href":"https:\/\/vieassociative.be\/actualites\/wp-json\/wp\/v2\/posts"}],"about":[{"href":"https:\/\/vieassociative.be\/actualites\/wp-json\/wp\/v2\/types\/post"}],"author":[{"embeddable":true,"href":"https:\/\/vieassociative.be\/actualites\/wp-json\/wp\/v2\/users\/1"}],"replies":[{"embeddable":true,"href":"https:\/\/vieassociative.be\/actualites\/wp-json\/wp\/v2\/comments?post=8948"}],"version-history":[{"count":0,"href":"https:\/\/vieassociative.be\/actualites\/wp-json\/wp\/v2\/posts\/8948\/revisions"}],"wp:featuredmedia":[{"embeddable":true,"href":"https:\/\/vieassociative.be\/actualites\/wp-json\/wp\/v2\/media\/8949"}],"wp:attachment":[{"href":"https:\/\/vieassociative.be\/actualites\/wp-json\/wp\/v2\/media?parent=8948"}],"wp:term":[{"taxonomy":"category","embeddable":true,"href":"https:\/\/vieassociative.be\/actualites\/wp-json\/wp\/v2\/categories?post=8948"},{"taxonomy":"post_tag","embeddable":true,"href":"https:\/\/vieassociative.be\/actualites\/wp-json\/wp\/v2\/tags?post=8948"}],"curies":[{"name":"wp","href":"https:\/\/api.w.org\/{rel}","templated":true}]}}