{"id":8944,"date":"2025-07-23T03:17:22","date_gmt":"2025-07-23T01:17:22","guid":{"rendered":"https:\/\/vieassociative.be\/actualites\/google-nous-a-donne-notre-premier-apercu-officiel-du-pixel-10\/"},"modified":"2025-07-23T03:17:22","modified_gmt":"2025-07-23T01:17:22","slug":"google-nous-a-donne-notre-premier-apercu-officiel-du-pixel-10","status":"publish","type":"post","link":"https:\/\/vieassociative.be\/actualites\/google-nous-a-donne-notre-premier-apercu-officiel-du-pixel-10\/","title":{"rendered":"Google nous a donn\u00e9 notre premier aper\u00e7u officiel du pixel 10"},"content":{"rendered":"<div class=\"mt-4 leading-6 md:mb-8\">Les fuites avaient-elles raison?<\/div>\n<p><\/p>\n<p>De nouveaux appareils deviennent de plus en plus difficiles pour les entreprises technologiques \u00e0 garder sous les wraps, et apr\u00e8s que le Pixel 10 de la base 10 a vu de nouvelles fuites de rendu tomber hier, suivie des fuites de Pixel 10 Pro ce matin (toutes deux via Android les gros titres), Google semble avoir abandonn\u00e9 et a d\u00e9cid\u00e9 de publier une vid\u00e9o du pixel 10 lui-m\u00eame.<\/p>\n<p>Sur une page Google Store pour le Pixel 10, la soci\u00e9t\u00e9 affiche d\u00e9sormais une courte s\u00e9quence avec le num\u00e9ro 10 se transformant en une barre d&rsquo;appareil photo Pixel, avant de zoomer pour r\u00e9v\u00e9ler le t\u00e9l\u00e9phone dans toute sa gloire. Bien que l&rsquo;entreprise n&rsquo;ait pas dit s&rsquo;il s&rsquo;agissait du mod\u00e8le de base ou du mod\u00e8le Pro, la page du magasin et l&rsquo;URL ne mentionnent que \u00abPixel 10\u00bb. Pourtant, le t\u00e9l\u00e9phone dans la vid\u00e9o ressemble beaucoup plus \u00e0 la fa\u00e7on dont le Pixel 10 Pro est cens\u00e9 ressembler.<\/p>\n<p>C&rsquo;est un peu d\u00e9cevant, car le Pixel 10 de base est celui qui devrait \u00eatre d\u00e9marr\u00e9 par le dernier mod\u00e8le. Bien que le Pixel 10 r\u00e9gulier 10 obtienne un nouveau t\u00e9l\u00e9objectif (au prix d&rsquo;une fid\u00e9lit\u00e9 ultraide), le (semblable) Pixel 10 Pro dans la vid\u00e9o de Google ressemble presque exactement au Pixel 9 Pro. <\/p>\n<p>Cela signifie aucune fonctionnalit\u00e9 perdue, mais aussi probablement simplement des am\u00e9liorations progressives. Pourtant, il y a un point \u00e0 retenir cl\u00e9 ici: que les fuites semblent avoir eu raison sur l&rsquo;argent pour le pixel 10 Pro signifie que les fuites pour le pixel de base 10, qui ont \u00e9t\u00e9 corrobor\u00e9es par la m\u00eame source que les fuites des 10 pro, pourraient \u00e9galement \u00eatre correctes. C&rsquo;est une grande nouvelle, car il semblerait confirmer que le Pixel 10 r\u00e9gulier 10 aura en effet un syst\u00e8me de cam\u00e9ra sans doute pire que son pr\u00e9d\u00e9cesseur, selon l&rsquo;importance de Zoom pour vous.<\/p>\n<div class=\"pogoClear relative my-10 border-b-(1.5px) border-t-(1.5px) border-dashed border-black py-5 sm:my-14 sm:border-0 sm:py-0\" data-ga-click data-ga-template=\"News\" data-ga-module=\"openweb_widget\" data-ga-element=\"openweb_scroll\" data-ga-item=\"openweb_scroll_midpage\" x-data=\"{\n         commentsCount: null,\n         hasComments: false,\n         async fetchCommentsCount() {\n             try {\n                 if (window.openweb &amp;&amp; typeof window.openweb.getMessagesCount === 'function') {\n                     this.commentsCount = await window.openweb.getMessagesCount('01K0SZK4RE1QW99C307F0SNRYG');\n                     this.hasComments = this.commentsCount !== null &amp;&amp; this.commentsCount &gt; 0;\n                 }\n             } catch (e) {\n                 console.warn('Failed to fetch comment count:', e);\n             }\n         }\n     }\" x-init=\"fetchCommentsCount()\" x-cloak><\/p>\n<div class=\"absolute top-1\/2 hidden w-full -translate-y-1\/2 border-t-(1.5px) border-dashed border-black sm:block\"><\/div>\n<div class=\"relative flex justify-center\">\n<div class=\"flex max-w-fit items-center gap-x-3 bg-white px-5\">\n<div class=\"relative\">\n                <span class=\"absolute left-1\/2 top-1\/2 -translate-x-1\/2 -translate-y-1\/2 font-akshar text-sm font-medium text-black\" aria-live=\"polite\" x-show=\"hasComments\" x-text=\"commentsCount\"><\/span><\/p>\n<p>                <svg class=\"h-8 w-8 text-black\" role=\"img\" aria-hidden=\"true\">\n                    <use href=\"http:\/\/lifehacker.com\/images\/icons\/spritemap.svg#sprite-chat-bubble\"><\/use>\n                <\/svg>\n            <\/div>\n<p>            <span class=\"text-sm font-medium text-black\"><\/p>\n<p>                Que pensez-vous jusqu&rsquo;\u00e0 pr\u00e9sent?<br \/>\n                <button class=\"ml-1 font-semibold text-brand-green underline hover:text-brand-green-700\" type=\"button\" aria-label=\"Comment section trigger\" onclick=\"window.openweb.scrollToComments('01K0SZK4RE1QW99C307F0SNRYG')\" x-text=\"hasComments ? 'Post a comment.' : 'Be the first to post a comment.'\"><\/button><br \/>\n            <\/span>\n        <\/div>\n<\/p><\/div>\n<\/div>\n<p>Quoi qu&rsquo;il en soit, il ne faudra pas longtemps pour se d\u00e9barrasser de tous les \u00abMaybes\u00bb ici: tout le portefeuille Pixel 10 devrait \u00eatre mis en vente le 20 ao\u00fbt, apr\u00e8s un flux montrant les nouveaux appareils \u00e0 13 heures HNE ce jour-l\u00e0. Aux c\u00f4t\u00e9s du Base Pixel 10 et du Pixel 10 Pro, Google devrait \u00e9galement r\u00e9v\u00e9ler un Pixel 10 Pro Fold et la Watch Pixel 4.<\/p>\n","protected":false},"excerpt":{"rendered":"<p>Les fuites avaient-elles raison? De nouveaux appareils deviennent de plus en plus difficiles pour les entreprises technologiques \u00e0 garder sous les wraps, et apr\u00e8s que<\/p>\n","protected":false},"author":1,"featured_media":8945,"comment_status":"","ping_status":"","sticky":false,"template":"","format":"standard","meta":{"footnotes":""},"categories":[13],"tags":[4895,728,968,609,393,925,1278,443],"class_list":["post-8944","post","type-post","status-publish","format-standard","has-post-thumbnail","hentry","category-technologie","tag-apercu","tag-donne","tag-google","tag-notre","tag-nous","tag-officiel","tag-pixel","tag-premier","generate-columns","tablet-grid-50","mobile-grid-100","grid-parent","grid-33"],"yoast_head":"<!-- This site is optimized with the Yoast SEO plugin v24.0 - https:\/\/yoast.com\/wordpress\/plugins\/seo\/ -->\n<title>Google nous a donn\u00e9 notre premier aper\u00e7u officiel du pixel 10 | Vie Associative<\/title>\n<meta name=\"robots\" content=\"index, follow, max-snippet:-1, max-image-preview:large, max-video-preview:-1\" \/>\n<link rel=\"canonical\" href=\"https:\/\/vieassociative.be\/actualites\/google-nous-a-donne-notre-premier-apercu-officiel-du-pixel-10\/\" \/>\n<meta property=\"og:locale\" content=\"fr_FR\" \/>\n<meta property=\"og:type\" content=\"article\" \/>\n<meta property=\"og:title\" content=\"Google nous a donn\u00e9 notre premier aper\u00e7u officiel du pixel 10 | Vie Associative\" \/>\n<meta property=\"og:description\" content=\"Les fuites avaient-elles raison? De nouveaux appareils deviennent de plus en plus difficiles pour les entreprises technologiques \u00e0 garder sous les wraps, et apr\u00e8s que\" \/>\n<meta property=\"og:url\" content=\"https:\/\/vieassociative.be\/actualites\/google-nous-a-donne-notre-premier-apercu-officiel-du-pixel-10\/\" \/>\n<meta property=\"og:site_name\" content=\"Vie Associative\" \/>\n<meta property=\"article:published_time\" content=\"2025-07-23T01:17:22+00:00\" \/>\n<meta property=\"og:image\" content=\"https:\/\/vieassociative.be\/actualites\/wp-content\/uploads\/2024\/09\/header_backgroundk-01-e1726694325946.png\" \/>\n\t<meta property=\"og:image:width\" content=\"279\" \/>\n\t<meta property=\"og:image:height\" content=\"92\" \/>\n\t<meta property=\"og:image:type\" content=\"image\/png\" \/>\n<meta name=\"author\" content=\"Julien\" \/>\n<meta name=\"twitter:card\" content=\"summary_large_image\" \/>\n<meta name=\"twitter:label1\" content=\"\u00c9crit par\" \/>\n\t<meta name=\"twitter:data1\" content=\"Julien\" \/>\n\t<meta name=\"twitter:label2\" content=\"Dur\u00e9e de lecture est.\" \/>\n\t<meta name=\"twitter:data2\" content=\"2 minutes\" \/>\n<script type=\"application\/ld+json\" class=\"yoast-schema-graph\">{\"@context\":\"https:\/\/schema.org\",\"@graph\":[{\"@type\":\"Article\",\"@id\":\"https:\/\/vieassociative.be\/actualites\/google-nous-a-donne-notre-premier-apercu-officiel-du-pixel-10\/#article\",\"isPartOf\":{\"@id\":\"https:\/\/vieassociative.be\/actualites\/google-nous-a-donne-notre-premier-apercu-officiel-du-pixel-10\/\"},\"author\":{\"name\":\"Julien\",\"@id\":\"https:\/\/vieassociative.be\/actualites\/#\/schema\/person\/b87ac4f82f9d4e7b7cec7395b679edc4\"},\"headline\":\"Google nous a donn\u00e9 notre premier aper\u00e7u officiel du pixel 10\",\"datePublished\":\"2025-07-23T01:17:22+00:00\",\"dateModified\":\"2025-07-23T01:17:22+00:00\",\"mainEntityOfPage\":{\"@id\":\"https:\/\/vieassociative.be\/actualites\/google-nous-a-donne-notre-premier-apercu-officiel-du-pixel-10\/\"},\"wordCount\":416,\"publisher\":{\"@id\":\"https:\/\/vieassociative.be\/actualites\/#organization\"},\"image\":{\"@id\":\"https:\/\/vieassociative.be\/actualites\/google-nous-a-donne-notre-premier-apercu-officiel-du-pixel-10\/#primaryimage\"},\"thumbnailUrl\":\"https:\/\/vieassociative.be\/actualites\/wp-content\/uploads\/2025\/07\/Google-nous-a-donne-notre-premier-apercu-officiel-du-pixel.png\",\"keywords\":[\"aper\u00e7u\",\"donne\",\"Google\",\"notre\",\"nous\",\"Officiel\",\"Pixel\",\"premier\"],\"articleSection\":[\"Technologie\"],\"inLanguage\":\"fr-BE\"},{\"@type\":\"WebPage\",\"@id\":\"https:\/\/vieassociative.be\/actualites\/google-nous-a-donne-notre-premier-apercu-officiel-du-pixel-10\/\",\"url\":\"https:\/\/vieassociative.be\/actualites\/google-nous-a-donne-notre-premier-apercu-officiel-du-pixel-10\/\",\"name\":\"Google nous a donn\u00e9 notre premier aper\u00e7u officiel du pixel 10 | Vie Associative\",\"isPartOf\":{\"@id\":\"https:\/\/vieassociative.be\/actualites\/#website\"},\"primaryImageOfPage\":{\"@id\":\"https:\/\/vieassociative.be\/actualites\/google-nous-a-donne-notre-premier-apercu-officiel-du-pixel-10\/#primaryimage\"},\"image\":{\"@id\":\"https:\/\/vieassociative.be\/actualites\/google-nous-a-donne-notre-premier-apercu-officiel-du-pixel-10\/#primaryimage\"},\"thumbnailUrl\":\"https:\/\/vieassociative.be\/actualites\/wp-content\/uploads\/2025\/07\/Google-nous-a-donne-notre-premier-apercu-officiel-du-pixel.png\",\"datePublished\":\"2025-07-23T01:17:22+00:00\",\"dateModified\":\"2025-07-23T01:17:22+00:00\",\"breadcrumb\":{\"@id\":\"https:\/\/vieassociative.be\/actualites\/google-nous-a-donne-notre-premier-apercu-officiel-du-pixel-10\/#breadcrumb\"},\"inLanguage\":\"fr-BE\",\"potentialAction\":[{\"@type\":\"ReadAction\",\"target\":[\"https:\/\/vieassociative.be\/actualites\/google-nous-a-donne-notre-premier-apercu-officiel-du-pixel-10\/\"]}]},{\"@type\":\"ImageObject\",\"inLanguage\":\"fr-BE\",\"@id\":\"https:\/\/vieassociative.be\/actualites\/google-nous-a-donne-notre-premier-apercu-officiel-du-pixel-10\/#primaryimage\",\"url\":\"https:\/\/vieassociative.be\/actualites\/wp-content\/uploads\/2025\/07\/Google-nous-a-donne-notre-premier-apercu-officiel-du-pixel.png\",\"contentUrl\":\"https:\/\/vieassociative.be\/actualites\/wp-content\/uploads\/2025\/07\/Google-nous-a-donne-notre-premier-apercu-officiel-du-pixel.png\",\"width\":1200,\"height\":675,\"caption\":\"Google nous a donn\u00e9 notre premier aper\u00e7u officiel du pixel 10\"},{\"@type\":\"BreadcrumbList\",\"@id\":\"https:\/\/vieassociative.be\/actualites\/google-nous-a-donne-notre-premier-apercu-officiel-du-pixel-10\/#breadcrumb\",\"itemListElement\":[{\"@type\":\"ListItem\",\"position\":1,\"name\":\"Accueil\",\"item\":\"https:\/\/vieassociative.be\/actualites\/\"},{\"@type\":\"ListItem\",\"position\":2,\"name\":\"Google nous a donn\u00e9 notre premier aper\u00e7u officiel du pixel 10\"}]},{\"@type\":\"WebSite\",\"@id\":\"https:\/\/vieassociative.be\/actualites\/#website\",\"url\":\"https:\/\/vieassociative.be\/actualites\/\",\"name\":\"Vie Associative\",\"description\":\"\",\"publisher\":{\"@id\":\"https:\/\/vieassociative.be\/actualites\/#organization\"},\"potentialAction\":[{\"@type\":\"SearchAction\",\"target\":{\"@type\":\"EntryPoint\",\"urlTemplate\":\"https:\/\/vieassociative.be\/actualites\/?s={search_term_string}\"},\"query-input\":{\"@type\":\"PropertyValueSpecification\",\"valueRequired\":true,\"valueName\":\"search_term_string\"}}],\"inLanguage\":\"fr-BE\"},{\"@type\":\"Organization\",\"@id\":\"https:\/\/vieassociative.be\/actualites\/#organization\",\"name\":\"Vie Associative\",\"url\":\"https:\/\/vieassociative.be\/actualites\/\",\"logo\":{\"@type\":\"ImageObject\",\"inLanguage\":\"fr-BE\",\"@id\":\"https:\/\/vieassociative.be\/actualites\/#\/schema\/logo\/image\/\",\"url\":\"https:\/\/vieassociative.be\/actualites\/wp-content\/uploads\/2024\/09\/cropped-vieassociative_favicon.ico.png\",\"contentUrl\":\"https:\/\/vieassociative.be\/actualites\/wp-content\/uploads\/2024\/09\/cropped-vieassociative_favicon.ico.png\",\"width\":512,\"height\":512,\"caption\":\"Vie Associative\"},\"image\":{\"@id\":\"https:\/\/vieassociative.be\/actualites\/#\/schema\/logo\/image\/\"}},{\"@type\":\"Person\",\"@id\":\"https:\/\/vieassociative.be\/actualites\/#\/schema\/person\/b87ac4f82f9d4e7b7cec7395b679edc4\",\"name\":\"Julien\",\"image\":{\"@type\":\"ImageObject\",\"inLanguage\":\"fr-BE\",\"@id\":\"https:\/\/vieassociative.be\/actualites\/#\/schema\/person\/image\/\",\"url\":\"https:\/\/vieassociative.be\/actualites\/wp-content\/uploads\/2024\/09\/vie-associative-1-150x150.jpg\",\"contentUrl\":\"https:\/\/vieassociative.be\/actualites\/wp-content\/uploads\/2024\/09\/vie-associative-1-150x150.jpg\",\"caption\":\"Julien\"},\"description\":\"Je suis Julien, r\u00e9dacteur pour Vie Associative. Passionn\u00e9 par le monde associatif depuis plus de 10 ans, j'ai \u00e0 c\u0153ur de partager des histoires inspirantes et de mettre en lumi\u00e8re les initiatives locales. Mon objectif est de sensibiliser et d'encourager l'engagement communautaire \u00e0 travers mes articles.\",\"sameAs\":[\"https:\/\/vieassociative.be\/\"]}]}<\/script>\n<!-- \/ Yoast SEO plugin. -->","yoast_head_json":{"title":"Google nous a donn\u00e9 notre premier aper\u00e7u officiel du pixel 10 | Vie Associative","robots":{"index":"index","follow":"follow","max-snippet":"max-snippet:-1","max-image-preview":"max-image-preview:large","max-video-preview":"max-video-preview:-1"},"canonical":"https:\/\/vieassociative.be\/actualites\/google-nous-a-donne-notre-premier-apercu-officiel-du-pixel-10\/","og_locale":"fr_FR","og_type":"article","og_title":"Google nous a donn\u00e9 notre premier aper\u00e7u officiel du pixel 10 | Vie Associative","og_description":"Les fuites avaient-elles raison? De nouveaux appareils deviennent de plus en plus difficiles pour les entreprises technologiques \u00e0 garder sous les wraps, et apr\u00e8s que","og_url":"https:\/\/vieassociative.be\/actualites\/google-nous-a-donne-notre-premier-apercu-officiel-du-pixel-10\/","og_site_name":"Vie Associative","article_published_time":"2025-07-23T01:17:22+00:00","og_image":[{"width":279,"height":92,"url":"https:\/\/vieassociative.be\/actualites\/wp-content\/uploads\/2024\/09\/header_backgroundk-01-e1726694325946.png","type":"image\/png"}],"author":"Julien","twitter_card":"summary_large_image","twitter_misc":{"\u00c9crit par":"Julien","Dur\u00e9e de lecture est.":"2 minutes"},"schema":{"@context":"https:\/\/schema.org","@graph":[{"@type":"Article","@id":"https:\/\/vieassociative.be\/actualites\/google-nous-a-donne-notre-premier-apercu-officiel-du-pixel-10\/#article","isPartOf":{"@id":"https:\/\/vieassociative.be\/actualites\/google-nous-a-donne-notre-premier-apercu-officiel-du-pixel-10\/"},"author":{"name":"Julien","@id":"https:\/\/vieassociative.be\/actualites\/#\/schema\/person\/b87ac4f82f9d4e7b7cec7395b679edc4"},"headline":"Google nous a donn\u00e9 notre premier aper\u00e7u officiel du pixel 10","datePublished":"2025-07-23T01:17:22+00:00","dateModified":"2025-07-23T01:17:22+00:00","mainEntityOfPage":{"@id":"https:\/\/vieassociative.be\/actualites\/google-nous-a-donne-notre-premier-apercu-officiel-du-pixel-10\/"},"wordCount":416,"publisher":{"@id":"https:\/\/vieassociative.be\/actualites\/#organization"},"image":{"@id":"https:\/\/vieassociative.be\/actualites\/google-nous-a-donne-notre-premier-apercu-officiel-du-pixel-10\/#primaryimage"},"thumbnailUrl":"https:\/\/vieassociative.be\/actualites\/wp-content\/uploads\/2025\/07\/Google-nous-a-donne-notre-premier-apercu-officiel-du-pixel.png","keywords":["aper\u00e7u","donne","Google","notre","nous","Officiel","Pixel","premier"],"articleSection":["Technologie"],"inLanguage":"fr-BE"},{"@type":"WebPage","@id":"https:\/\/vieassociative.be\/actualites\/google-nous-a-donne-notre-premier-apercu-officiel-du-pixel-10\/","url":"https:\/\/vieassociative.be\/actualites\/google-nous-a-donne-notre-premier-apercu-officiel-du-pixel-10\/","name":"Google nous a donn\u00e9 notre premier aper\u00e7u officiel du pixel 10 | Vie Associative","isPartOf":{"@id":"https:\/\/vieassociative.be\/actualites\/#website"},"primaryImageOfPage":{"@id":"https:\/\/vieassociative.be\/actualites\/google-nous-a-donne-notre-premier-apercu-officiel-du-pixel-10\/#primaryimage"},"image":{"@id":"https:\/\/vieassociative.be\/actualites\/google-nous-a-donne-notre-premier-apercu-officiel-du-pixel-10\/#primaryimage"},"thumbnailUrl":"https:\/\/vieassociative.be\/actualites\/wp-content\/uploads\/2025\/07\/Google-nous-a-donne-notre-premier-apercu-officiel-du-pixel.png","datePublished":"2025-07-23T01:17:22+00:00","dateModified":"2025-07-23T01:17:22+00:00","breadcrumb":{"@id":"https:\/\/vieassociative.be\/actualites\/google-nous-a-donne-notre-premier-apercu-officiel-du-pixel-10\/#breadcrumb"},"inLanguage":"fr-BE","potentialAction":[{"@type":"ReadAction","target":["https:\/\/vieassociative.be\/actualites\/google-nous-a-donne-notre-premier-apercu-officiel-du-pixel-10\/"]}]},{"@type":"ImageObject","inLanguage":"fr-BE","@id":"https:\/\/vieassociative.be\/actualites\/google-nous-a-donne-notre-premier-apercu-officiel-du-pixel-10\/#primaryimage","url":"https:\/\/vieassociative.be\/actualites\/wp-content\/uploads\/2025\/07\/Google-nous-a-donne-notre-premier-apercu-officiel-du-pixel.png","contentUrl":"https:\/\/vieassociative.be\/actualites\/wp-content\/uploads\/2025\/07\/Google-nous-a-donne-notre-premier-apercu-officiel-du-pixel.png","width":1200,"height":675,"caption":"Google nous a donn\u00e9 notre premier aper\u00e7u officiel du pixel 10"},{"@type":"BreadcrumbList","@id":"https:\/\/vieassociative.be\/actualites\/google-nous-a-donne-notre-premier-apercu-officiel-du-pixel-10\/#breadcrumb","itemListElement":[{"@type":"ListItem","position":1,"name":"Accueil","item":"https:\/\/vieassociative.be\/actualites\/"},{"@type":"ListItem","position":2,"name":"Google nous a donn\u00e9 notre premier aper\u00e7u officiel du pixel 10"}]},{"@type":"WebSite","@id":"https:\/\/vieassociative.be\/actualites\/#website","url":"https:\/\/vieassociative.be\/actualites\/","name":"Vie Associative","description":"","publisher":{"@id":"https:\/\/vieassociative.be\/actualites\/#organization"},"potentialAction":[{"@type":"SearchAction","target":{"@type":"EntryPoint","urlTemplate":"https:\/\/vieassociative.be\/actualites\/?s={search_term_string}"},"query-input":{"@type":"PropertyValueSpecification","valueRequired":true,"valueName":"search_term_string"}}],"inLanguage":"fr-BE"},{"@type":"Organization","@id":"https:\/\/vieassociative.be\/actualites\/#organization","name":"Vie Associative","url":"https:\/\/vieassociative.be\/actualites\/","logo":{"@type":"ImageObject","inLanguage":"fr-BE","@id":"https:\/\/vieassociative.be\/actualites\/#\/schema\/logo\/image\/","url":"https:\/\/vieassociative.be\/actualites\/wp-content\/uploads\/2024\/09\/cropped-vieassociative_favicon.ico.png","contentUrl":"https:\/\/vieassociative.be\/actualites\/wp-content\/uploads\/2024\/09\/cropped-vieassociative_favicon.ico.png","width":512,"height":512,"caption":"Vie Associative"},"image":{"@id":"https:\/\/vieassociative.be\/actualites\/#\/schema\/logo\/image\/"}},{"@type":"Person","@id":"https:\/\/vieassociative.be\/actualites\/#\/schema\/person\/b87ac4f82f9d4e7b7cec7395b679edc4","name":"Julien","image":{"@type":"ImageObject","inLanguage":"fr-BE","@id":"https:\/\/vieassociative.be\/actualites\/#\/schema\/person\/image\/","url":"https:\/\/vieassociative.be\/actualites\/wp-content\/uploads\/2024\/09\/vie-associative-1-150x150.jpg","contentUrl":"https:\/\/vieassociative.be\/actualites\/wp-content\/uploads\/2024\/09\/vie-associative-1-150x150.jpg","caption":"Julien"},"description":"Je suis Julien, r\u00e9dacteur pour Vie Associative. Passionn\u00e9 par le monde associatif depuis plus de 10 ans, j'ai \u00e0 c\u0153ur de partager des histoires inspirantes et de mettre en lumi\u00e8re les initiatives locales. Mon objectif est de sensibiliser et d'encourager l'engagement communautaire \u00e0 travers mes articles.","sameAs":["https:\/\/vieassociative.be\/"]}]}},"_links":{"self":[{"href":"https:\/\/vieassociative.be\/actualites\/wp-json\/wp\/v2\/posts\/8944"}],"collection":[{"href":"https:\/\/vieassociative.be\/actualites\/wp-json\/wp\/v2\/posts"}],"about":[{"href":"https:\/\/vieassociative.be\/actualites\/wp-json\/wp\/v2\/types\/post"}],"author":[{"embeddable":true,"href":"https:\/\/vieassociative.be\/actualites\/wp-json\/wp\/v2\/users\/1"}],"replies":[{"embeddable":true,"href":"https:\/\/vieassociative.be\/actualites\/wp-json\/wp\/v2\/comments?post=8944"}],"version-history":[{"count":0,"href":"https:\/\/vieassociative.be\/actualites\/wp-json\/wp\/v2\/posts\/8944\/revisions"}],"wp:featuredmedia":[{"embeddable":true,"href":"https:\/\/vieassociative.be\/actualites\/wp-json\/wp\/v2\/media\/8945"}],"wp:attachment":[{"href":"https:\/\/vieassociative.be\/actualites\/wp-json\/wp\/v2\/media?parent=8944"}],"wp:term":[{"taxonomy":"category","embeddable":true,"href":"https:\/\/vieassociative.be\/actualites\/wp-json\/wp\/v2\/categories?post=8944"},{"taxonomy":"post_tag","embeddable":true,"href":"https:\/\/vieassociative.be\/actualites\/wp-json\/wp\/v2\/tags?post=8944"}],"curies":[{"name":"wp","href":"https:\/\/api.w.org\/{rel}","templated":true}]}}