{"id":8938,"date":"2025-07-22T22:17:37","date_gmt":"2025-07-22T20:17:37","guid":{"rendered":"https:\/\/vieassociative.be\/actualites\/le-gouvernement-de-la-federation-donne-le-feu-vert-pour-les-primes-de-pension-et-la-peinture-de-pension-ceux-qui-travaillent-plus-longtemps-seront-recompenses\/"},"modified":"2025-07-22T22:17:37","modified_gmt":"2025-07-22T20:17:37","slug":"le-gouvernement-de-la-federation-donne-le-feu-vert-pour-les-primes-de-pension-et-la-peinture-de-pension-ceux-qui-travaillent-plus-longtemps-seront-recompenses","status":"publish","type":"post","link":"https:\/\/vieassociative.be\/actualites\/le-gouvernement-de-la-federation-donne-le-feu-vert-pour-les-primes-de-pension-et-la-peinture-de-pension-ceux-qui-travaillent-plus-longtemps-seront-recompenses\/","title":{"rendered":"Le gouvernement de la F\u00e9d\u00e9ration donne le feu vert pour les primes de pension et la peinture de pension: ceux qui travaillent plus longtemps seront r\u00e9compens\u00e9s"},"content":{"rendered":"<p><strong>Les ministres les plus importants du gouvernement f\u00e9d\u00e9ral ont convenu de l&rsquo;accord d&rsquo;\u00e9t\u00e9 si appel\u00e9. Entre autres choses, cela comprend la r\u00e9forme des pensions promue par le ministre Jan Jambon (N-VA). Le c\u0153ur de la r\u00e9forme est l&rsquo;introduction d&rsquo;un syst\u00e8me de malus bonus pour calculer la pension.<\/strong><\/p>\n<p><span id=\"more-420572\"><\/span>Plus pr\u00e9cis\u00e9ment, cela signifie que chaque personne qui revient \u00e0 sa retraite apr\u00e8s avoir atteint l&rsquo;\u00e2ge de retraite statutaire re\u00e7oit un bonus de retraite. Ceci est initialement de 2% pour chaque ann\u00e9e suppl\u00e9mentaire de travail, \u00e0 partir de 2030 puis 4% et \u00e0 partir de 2035 5%.<\/p>\n<p>\u00c0 l&rsquo;inverse, les employ\u00e9s qui prennent leur retraite avant d&rsquo;atteindre l&rsquo;\u00e2ge statutaire de la retraite sont impos\u00e9s \u00e0 un montant similaire.<\/p>\n<div id=\"attachment_325353\" class=\"wp-caption alignleft\" style=\"max-width: 300px\"><img fetchpriority=\"high\" decoding=\"async\" class=\"wp-image-325353 size-medium\" src=\"https:\/\/vieassociative.be\/actualites\/wp-content\/uploads\/2025\/07\/Le-gouvernement-de-la-Federation-donne-le-feu-vert-pour.jpeg\" alt=\"\" width=\"300\" height=\"194\"  ><\/p>\n<p class=\"wp-caption-text\">Illustration: pixabay<\/p>\n<\/div>\n<p>L&rsquo;\u00e2ge de la retraite pour les soldats et les conducteurs de train est consid\u00e9rablement \u00e9lev\u00e9 afin de l&rsquo;adapter au syst\u00e8me g\u00e9n\u00e9ral. La pension des fonctionnaires est calcul\u00e9e sur la base de toute la carri\u00e8re professionnelle (45 ans) et ne plus bas\u00e9e sur les quatre ou dix derni\u00e8res ann\u00e9es.<\/p>\n<p>Actuellement, certaines r\u00e9glementations sp\u00e9ciales de la fonction publique permettent toujours une pension compl\u00e8te apr\u00e8s 36 ans de service. \u00c0 l&rsquo;avenir, il sera n\u00e9cessaire pour les 45 ann\u00e9es de service. L&rsquo;entr\u00e9e pr\u00e9coce \u00e0 la retraite ne sera possible que \u00e0 partir de 42 ans de service.<\/p>\n<p>Il n&rsquo;y a pas de r\u00e9glementation de Malus pour les personnes qui peuvent travailler au moins 35 ans et peuvent d\u00e9montrer 7 020 jours ouvrables. Des p\u00e9riodes de maladies \u00e0 long terme et de vacances sont compt\u00e9es.<\/p>\n<p>Ceux qui travaillent plus longtemps que n\u00e9cessaire devraient \u00e9galement \u00eatre r\u00e9compens\u00e9s: les retrait\u00e9s qui continuent de travailler ne paient qu&rsquo;un maximum de 33% d&rsquo;imp\u00f4ts au lieu de taux d&rsquo;imposition progressif pouvant atteindre 50%.<\/p>\n<p>La r\u00e9forme n&rsquo;entre pas en vigueur cette ann\u00e9e, d&rsquo;autant plus qu&rsquo;il peut \u00e9galement y avoir des changements dans une deuxi\u00e8me lecture. Rien ne change pour les personnes qui prennent leur retraite en 2025. (CRE)<\/p>\n","protected":false},"excerpt":{"rendered":"<p>Les ministres les plus importants du gouvernement f\u00e9d\u00e9ral ont convenu de l&rsquo;accord d&rsquo;\u00e9t\u00e9 si appel\u00e9. Entre autres choses, cela comprend la r\u00e9forme des pensions promue<\/p>\n","protected":false},"author":1,"featured_media":8939,"comment_status":"","ping_status":"","sticky":false,"template":"","format":"standard","meta":{"footnotes":""},"categories":[298],"tags":[1238,728,7871,2114,615,14,3088,2153,6160,81,7872,99,783,2099,7873,1564],"class_list":["post-8938","post","type-post","status-publish","format-standard","has-post-thumbnail","hentry","category-belgique","tag-ceux","tag-donne","tag-federation","tag-feu","tag-gouvernement","tag-les","tag-longtemps","tag-peinture","tag-pension","tag-pour","tag-primes","tag-qui","tag-recompenses","tag-seront","tag-travaillent","tag-vert","generate-columns","tablet-grid-50","mobile-grid-100","grid-parent","grid-33"],"yoast_head":"<!-- This site is optimized with the Yoast SEO plugin v24.0 - https:\/\/yoast.com\/wordpress\/plugins\/seo\/ -->\n<title>Le gouvernement de la F\u00e9d\u00e9ration donne le feu vert pour les primes de pension et la peinture de pension: ceux qui travaillent plus longtemps seront r\u00e9compens\u00e9s | Vie Associative<\/title>\n<meta name=\"robots\" content=\"index, follow, max-snippet:-1, max-image-preview:large, max-video-preview:-1\" \/>\n<link rel=\"canonical\" href=\"https:\/\/vieassociative.be\/actualites\/le-gouvernement-de-la-federation-donne-le-feu-vert-pour-les-primes-de-pension-et-la-peinture-de-pension-ceux-qui-travaillent-plus-longtemps-seront-recompenses\/\" \/>\n<meta property=\"og:locale\" content=\"fr_FR\" \/>\n<meta property=\"og:type\" content=\"article\" \/>\n<meta property=\"og:title\" content=\"Le gouvernement de la F\u00e9d\u00e9ration donne le feu vert pour les primes de pension et la peinture de pension: ceux qui travaillent plus longtemps seront r\u00e9compens\u00e9s | Vie Associative\" \/>\n<meta property=\"og:description\" content=\"Les ministres les plus importants du gouvernement f\u00e9d\u00e9ral ont convenu de l&rsquo;accord d&rsquo;\u00e9t\u00e9 si appel\u00e9. Entre autres choses, cela comprend la r\u00e9forme des pensions promue\" \/>\n<meta property=\"og:url\" content=\"https:\/\/vieassociative.be\/actualites\/le-gouvernement-de-la-federation-donne-le-feu-vert-pour-les-primes-de-pension-et-la-peinture-de-pension-ceux-qui-travaillent-plus-longtemps-seront-recompenses\/\" \/>\n<meta property=\"og:site_name\" content=\"Vie Associative\" \/>\n<meta property=\"article:published_time\" content=\"2025-07-22T20:17:37+00:00\" \/>\n<meta property=\"og:image\" content=\"https:\/\/vieassociative.be\/actualites\/wp-content\/uploads\/2024\/09\/header_backgroundk-01-e1726694325946.png\" \/>\n\t<meta property=\"og:image:width\" content=\"279\" \/>\n\t<meta property=\"og:image:height\" content=\"92\" \/>\n\t<meta property=\"og:image:type\" content=\"image\/png\" \/>\n<meta name=\"author\" content=\"Julien\" \/>\n<meta name=\"twitter:card\" content=\"summary_large_image\" \/>\n<meta name=\"twitter:label1\" content=\"\u00c9crit par\" \/>\n\t<meta name=\"twitter:data1\" content=\"Julien\" \/>\n\t<meta name=\"twitter:label2\" content=\"Dur\u00e9e de lecture est.\" \/>\n\t<meta name=\"twitter:data2\" content=\"2 minutes\" \/>\n<script type=\"application\/ld+json\" class=\"yoast-schema-graph\">{\"@context\":\"https:\/\/schema.org\",\"@graph\":[{\"@type\":\"Article\",\"@id\":\"https:\/\/vieassociative.be\/actualites\/le-gouvernement-de-la-federation-donne-le-feu-vert-pour-les-primes-de-pension-et-la-peinture-de-pension-ceux-qui-travaillent-plus-longtemps-seront-recompenses\/#article\",\"isPartOf\":{\"@id\":\"https:\/\/vieassociative.be\/actualites\/le-gouvernement-de-la-federation-donne-le-feu-vert-pour-les-primes-de-pension-et-la-peinture-de-pension-ceux-qui-travaillent-plus-longtemps-seront-recompenses\/\"},\"author\":{\"name\":\"Julien\",\"@id\":\"https:\/\/vieassociative.be\/actualites\/#\/schema\/person\/b87ac4f82f9d4e7b7cec7395b679edc4\"},\"headline\":\"Le gouvernement de la F\u00e9d\u00e9ration donne le feu vert pour les primes de pension et la peinture de pension: ceux qui travaillent plus longtemps seront r\u00e9compens\u00e9s\",\"datePublished\":\"2025-07-22T20:17:37+00:00\",\"dateModified\":\"2025-07-22T20:17:37+00:00\",\"mainEntityOfPage\":{\"@id\":\"https:\/\/vieassociative.be\/actualites\/le-gouvernement-de-la-federation-donne-le-feu-vert-pour-les-primes-de-pension-et-la-peinture-de-pension-ceux-qui-travaillent-plus-longtemps-seront-recompenses\/\"},\"wordCount\":382,\"publisher\":{\"@id\":\"https:\/\/vieassociative.be\/actualites\/#organization\"},\"image\":{\"@id\":\"https:\/\/vieassociative.be\/actualites\/le-gouvernement-de-la-federation-donne-le-feu-vert-pour-les-primes-de-pension-et-la-peinture-de-pension-ceux-qui-travaillent-plus-longtemps-seront-recompenses\/#primaryimage\"},\"thumbnailUrl\":\"https:\/\/vieassociative.be\/actualites\/wp-content\/uploads\/2025\/07\/Le-gouvernement-de-la-Federation-donne-le-feu-vert-pour.jpg\",\"keywords\":[\"ceux\",\"donne\",\"F\u00e9d\u00e9ration\",\"feu\",\"gouvernement\",\"Les\",\"longtemps\",\"peinture\",\"pension\",\"pour\",\"primes\",\"qui\",\"r\u00e9compenses\",\"seront\",\"travaillent\",\"vert\"],\"articleSection\":[\"Belgique\"],\"inLanguage\":\"fr-BE\"},{\"@type\":\"WebPage\",\"@id\":\"https:\/\/vieassociative.be\/actualites\/le-gouvernement-de-la-federation-donne-le-feu-vert-pour-les-primes-de-pension-et-la-peinture-de-pension-ceux-qui-travaillent-plus-longtemps-seront-recompenses\/\",\"url\":\"https:\/\/vieassociative.be\/actualites\/le-gouvernement-de-la-federation-donne-le-feu-vert-pour-les-primes-de-pension-et-la-peinture-de-pension-ceux-qui-travaillent-plus-longtemps-seront-recompenses\/\",\"name\":\"Le gouvernement de la F\u00e9d\u00e9ration donne le feu vert pour les primes de pension et la peinture de pension: ceux qui travaillent plus longtemps seront r\u00e9compens\u00e9s | Vie Associative\",\"isPartOf\":{\"@id\":\"https:\/\/vieassociative.be\/actualites\/#website\"},\"primaryImageOfPage\":{\"@id\":\"https:\/\/vieassociative.be\/actualites\/le-gouvernement-de-la-federation-donne-le-feu-vert-pour-les-primes-de-pension-et-la-peinture-de-pension-ceux-qui-travaillent-plus-longtemps-seront-recompenses\/#primaryimage\"},\"image\":{\"@id\":\"https:\/\/vieassociative.be\/actualites\/le-gouvernement-de-la-federation-donne-le-feu-vert-pour-les-primes-de-pension-et-la-peinture-de-pension-ceux-qui-travaillent-plus-longtemps-seront-recompenses\/#primaryimage\"},\"thumbnailUrl\":\"https:\/\/vieassociative.be\/actualites\/wp-content\/uploads\/2025\/07\/Le-gouvernement-de-la-Federation-donne-le-feu-vert-pour.jpg\",\"datePublished\":\"2025-07-22T20:17:37+00:00\",\"dateModified\":\"2025-07-22T20:17:37+00:00\",\"breadcrumb\":{\"@id\":\"https:\/\/vieassociative.be\/actualites\/le-gouvernement-de-la-federation-donne-le-feu-vert-pour-les-primes-de-pension-et-la-peinture-de-pension-ceux-qui-travaillent-plus-longtemps-seront-recompenses\/#breadcrumb\"},\"inLanguage\":\"fr-BE\",\"potentialAction\":[{\"@type\":\"ReadAction\",\"target\":[\"https:\/\/vieassociative.be\/actualites\/le-gouvernement-de-la-federation-donne-le-feu-vert-pour-les-primes-de-pension-et-la-peinture-de-pension-ceux-qui-travaillent-plus-longtemps-seront-recompenses\/\"]}]},{\"@type\":\"ImageObject\",\"inLanguage\":\"fr-BE\",\"@id\":\"https:\/\/vieassociative.be\/actualites\/le-gouvernement-de-la-federation-donne-le-feu-vert-pour-les-primes-de-pension-et-la-peinture-de-pension-ceux-qui-travaillent-plus-longtemps-seront-recompenses\/#primaryimage\",\"url\":\"https:\/\/vieassociative.be\/actualites\/wp-content\/uploads\/2025\/07\/Le-gouvernement-de-la-Federation-donne-le-feu-vert-pour.jpg\",\"contentUrl\":\"https:\/\/vieassociative.be\/actualites\/wp-content\/uploads\/2025\/07\/Le-gouvernement-de-la-Federation-donne-le-feu-vert-pour.jpg\",\"width\":1200,\"height\":800,\"caption\":\"Le gouvernement de la F\u00e9d\u00e9ration donne le feu vert pour les primes de pension et la peinture de pension: ceux qui travaillent plus longtemps seront r\u00e9compens\u00e9s\"},{\"@type\":\"BreadcrumbList\",\"@id\":\"https:\/\/vieassociative.be\/actualites\/le-gouvernement-de-la-federation-donne-le-feu-vert-pour-les-primes-de-pension-et-la-peinture-de-pension-ceux-qui-travaillent-plus-longtemps-seront-recompenses\/#breadcrumb\",\"itemListElement\":[{\"@type\":\"ListItem\",\"position\":1,\"name\":\"Accueil\",\"item\":\"https:\/\/vieassociative.be\/actualites\/\"},{\"@type\":\"ListItem\",\"position\":2,\"name\":\"Le gouvernement de la F\u00e9d\u00e9ration donne le feu vert pour les primes de pension et la peinture de pension: ceux qui travaillent plus longtemps seront r\u00e9compens\u00e9s\"}]},{\"@type\":\"WebSite\",\"@id\":\"https:\/\/vieassociative.be\/actualites\/#website\",\"url\":\"https:\/\/vieassociative.be\/actualites\/\",\"name\":\"Vie Associative\",\"description\":\"\",\"publisher\":{\"@id\":\"https:\/\/vieassociative.be\/actualites\/#organization\"},\"potentialAction\":[{\"@type\":\"SearchAction\",\"target\":{\"@type\":\"EntryPoint\",\"urlTemplate\":\"https:\/\/vieassociative.be\/actualites\/?s={search_term_string}\"},\"query-input\":{\"@type\":\"PropertyValueSpecification\",\"valueRequired\":true,\"valueName\":\"search_term_string\"}}],\"inLanguage\":\"fr-BE\"},{\"@type\":\"Organization\",\"@id\":\"https:\/\/vieassociative.be\/actualites\/#organization\",\"name\":\"Vie Associative\",\"url\":\"https:\/\/vieassociative.be\/actualites\/\",\"logo\":{\"@type\":\"ImageObject\",\"inLanguage\":\"fr-BE\",\"@id\":\"https:\/\/vieassociative.be\/actualites\/#\/schema\/logo\/image\/\",\"url\":\"https:\/\/vieassociative.be\/actualites\/wp-content\/uploads\/2024\/09\/cropped-vieassociative_favicon.ico.png\",\"contentUrl\":\"https:\/\/vieassociative.be\/actualites\/wp-content\/uploads\/2024\/09\/cropped-vieassociative_favicon.ico.png\",\"width\":512,\"height\":512,\"caption\":\"Vie Associative\"},\"image\":{\"@id\":\"https:\/\/vieassociative.be\/actualites\/#\/schema\/logo\/image\/\"}},{\"@type\":\"Person\",\"@id\":\"https:\/\/vieassociative.be\/actualites\/#\/schema\/person\/b87ac4f82f9d4e7b7cec7395b679edc4\",\"name\":\"Julien\",\"image\":{\"@type\":\"ImageObject\",\"inLanguage\":\"fr-BE\",\"@id\":\"https:\/\/vieassociative.be\/actualites\/#\/schema\/person\/image\/\",\"url\":\"https:\/\/vieassociative.be\/actualites\/wp-content\/uploads\/2024\/09\/vie-associative-1-150x150.jpg\",\"contentUrl\":\"https:\/\/vieassociative.be\/actualites\/wp-content\/uploads\/2024\/09\/vie-associative-1-150x150.jpg\",\"caption\":\"Julien\"},\"description\":\"Je suis Julien, r\u00e9dacteur pour Vie Associative. Passionn\u00e9 par le monde associatif depuis plus de 10 ans, j'ai \u00e0 c\u0153ur de partager des histoires inspirantes et de mettre en lumi\u00e8re les initiatives locales. Mon objectif est de sensibiliser et d'encourager l'engagement communautaire \u00e0 travers mes articles.\",\"sameAs\":[\"https:\/\/vieassociative.be\/\"]}]}<\/script>\n<!-- \/ Yoast SEO plugin. -->","yoast_head_json":{"title":"Le gouvernement de la F\u00e9d\u00e9ration donne le feu vert pour les primes de pension et la peinture de pension: ceux qui travaillent plus longtemps seront r\u00e9compens\u00e9s | Vie Associative","robots":{"index":"index","follow":"follow","max-snippet":"max-snippet:-1","max-image-preview":"max-image-preview:large","max-video-preview":"max-video-preview:-1"},"canonical":"https:\/\/vieassociative.be\/actualites\/le-gouvernement-de-la-federation-donne-le-feu-vert-pour-les-primes-de-pension-et-la-peinture-de-pension-ceux-qui-travaillent-plus-longtemps-seront-recompenses\/","og_locale":"fr_FR","og_type":"article","og_title":"Le gouvernement de la F\u00e9d\u00e9ration donne le feu vert pour les primes de pension et la peinture de pension: ceux qui travaillent plus longtemps seront r\u00e9compens\u00e9s | Vie Associative","og_description":"Les ministres les plus importants du gouvernement f\u00e9d\u00e9ral ont convenu de l&rsquo;accord d&rsquo;\u00e9t\u00e9 si appel\u00e9. Entre autres choses, cela comprend la r\u00e9forme des pensions promue","og_url":"https:\/\/vieassociative.be\/actualites\/le-gouvernement-de-la-federation-donne-le-feu-vert-pour-les-primes-de-pension-et-la-peinture-de-pension-ceux-qui-travaillent-plus-longtemps-seront-recompenses\/","og_site_name":"Vie Associative","article_published_time":"2025-07-22T20:17:37+00:00","og_image":[{"width":279,"height":92,"url":"https:\/\/vieassociative.be\/actualites\/wp-content\/uploads\/2024\/09\/header_backgroundk-01-e1726694325946.png","type":"image\/png"}],"author":"Julien","twitter_card":"summary_large_image","twitter_misc":{"\u00c9crit par":"Julien","Dur\u00e9e de lecture est.":"2 minutes"},"schema":{"@context":"https:\/\/schema.org","@graph":[{"@type":"Article","@id":"https:\/\/vieassociative.be\/actualites\/le-gouvernement-de-la-federation-donne-le-feu-vert-pour-les-primes-de-pension-et-la-peinture-de-pension-ceux-qui-travaillent-plus-longtemps-seront-recompenses\/#article","isPartOf":{"@id":"https:\/\/vieassociative.be\/actualites\/le-gouvernement-de-la-federation-donne-le-feu-vert-pour-les-primes-de-pension-et-la-peinture-de-pension-ceux-qui-travaillent-plus-longtemps-seront-recompenses\/"},"author":{"name":"Julien","@id":"https:\/\/vieassociative.be\/actualites\/#\/schema\/person\/b87ac4f82f9d4e7b7cec7395b679edc4"},"headline":"Le gouvernement de la F\u00e9d\u00e9ration donne le feu vert pour les primes de pension et la peinture de pension: ceux qui travaillent plus longtemps seront r\u00e9compens\u00e9s","datePublished":"2025-07-22T20:17:37+00:00","dateModified":"2025-07-22T20:17:37+00:00","mainEntityOfPage":{"@id":"https:\/\/vieassociative.be\/actualites\/le-gouvernement-de-la-federation-donne-le-feu-vert-pour-les-primes-de-pension-et-la-peinture-de-pension-ceux-qui-travaillent-plus-longtemps-seront-recompenses\/"},"wordCount":382,"publisher":{"@id":"https:\/\/vieassociative.be\/actualites\/#organization"},"image":{"@id":"https:\/\/vieassociative.be\/actualites\/le-gouvernement-de-la-federation-donne-le-feu-vert-pour-les-primes-de-pension-et-la-peinture-de-pension-ceux-qui-travaillent-plus-longtemps-seront-recompenses\/#primaryimage"},"thumbnailUrl":"https:\/\/vieassociative.be\/actualites\/wp-content\/uploads\/2025\/07\/Le-gouvernement-de-la-Federation-donne-le-feu-vert-pour.jpg","keywords":["ceux","donne","F\u00e9d\u00e9ration","feu","gouvernement","Les","longtemps","peinture","pension","pour","primes","qui","r\u00e9compenses","seront","travaillent","vert"],"articleSection":["Belgique"],"inLanguage":"fr-BE"},{"@type":"WebPage","@id":"https:\/\/vieassociative.be\/actualites\/le-gouvernement-de-la-federation-donne-le-feu-vert-pour-les-primes-de-pension-et-la-peinture-de-pension-ceux-qui-travaillent-plus-longtemps-seront-recompenses\/","url":"https:\/\/vieassociative.be\/actualites\/le-gouvernement-de-la-federation-donne-le-feu-vert-pour-les-primes-de-pension-et-la-peinture-de-pension-ceux-qui-travaillent-plus-longtemps-seront-recompenses\/","name":"Le gouvernement de la F\u00e9d\u00e9ration donne le feu vert pour les primes de pension et la peinture de pension: ceux qui travaillent plus longtemps seront r\u00e9compens\u00e9s | Vie Associative","isPartOf":{"@id":"https:\/\/vieassociative.be\/actualites\/#website"},"primaryImageOfPage":{"@id":"https:\/\/vieassociative.be\/actualites\/le-gouvernement-de-la-federation-donne-le-feu-vert-pour-les-primes-de-pension-et-la-peinture-de-pension-ceux-qui-travaillent-plus-longtemps-seront-recompenses\/#primaryimage"},"image":{"@id":"https:\/\/vieassociative.be\/actualites\/le-gouvernement-de-la-federation-donne-le-feu-vert-pour-les-primes-de-pension-et-la-peinture-de-pension-ceux-qui-travaillent-plus-longtemps-seront-recompenses\/#primaryimage"},"thumbnailUrl":"https:\/\/vieassociative.be\/actualites\/wp-content\/uploads\/2025\/07\/Le-gouvernement-de-la-Federation-donne-le-feu-vert-pour.jpg","datePublished":"2025-07-22T20:17:37+00:00","dateModified":"2025-07-22T20:17:37+00:00","breadcrumb":{"@id":"https:\/\/vieassociative.be\/actualites\/le-gouvernement-de-la-federation-donne-le-feu-vert-pour-les-primes-de-pension-et-la-peinture-de-pension-ceux-qui-travaillent-plus-longtemps-seront-recompenses\/#breadcrumb"},"inLanguage":"fr-BE","potentialAction":[{"@type":"ReadAction","target":["https:\/\/vieassociative.be\/actualites\/le-gouvernement-de-la-federation-donne-le-feu-vert-pour-les-primes-de-pension-et-la-peinture-de-pension-ceux-qui-travaillent-plus-longtemps-seront-recompenses\/"]}]},{"@type":"ImageObject","inLanguage":"fr-BE","@id":"https:\/\/vieassociative.be\/actualites\/le-gouvernement-de-la-federation-donne-le-feu-vert-pour-les-primes-de-pension-et-la-peinture-de-pension-ceux-qui-travaillent-plus-longtemps-seront-recompenses\/#primaryimage","url":"https:\/\/vieassociative.be\/actualites\/wp-content\/uploads\/2025\/07\/Le-gouvernement-de-la-Federation-donne-le-feu-vert-pour.jpg","contentUrl":"https:\/\/vieassociative.be\/actualites\/wp-content\/uploads\/2025\/07\/Le-gouvernement-de-la-Federation-donne-le-feu-vert-pour.jpg","width":1200,"height":800,"caption":"Le gouvernement de la F\u00e9d\u00e9ration donne le feu vert pour les primes de pension et la peinture de pension: ceux qui travaillent plus longtemps seront r\u00e9compens\u00e9s"},{"@type":"BreadcrumbList","@id":"https:\/\/vieassociative.be\/actualites\/le-gouvernement-de-la-federation-donne-le-feu-vert-pour-les-primes-de-pension-et-la-peinture-de-pension-ceux-qui-travaillent-plus-longtemps-seront-recompenses\/#breadcrumb","itemListElement":[{"@type":"ListItem","position":1,"name":"Accueil","item":"https:\/\/vieassociative.be\/actualites\/"},{"@type":"ListItem","position":2,"name":"Le gouvernement de la F\u00e9d\u00e9ration donne le feu vert pour les primes de pension et la peinture de pension: ceux qui travaillent plus longtemps seront r\u00e9compens\u00e9s"}]},{"@type":"WebSite","@id":"https:\/\/vieassociative.be\/actualites\/#website","url":"https:\/\/vieassociative.be\/actualites\/","name":"Vie Associative","description":"","publisher":{"@id":"https:\/\/vieassociative.be\/actualites\/#organization"},"potentialAction":[{"@type":"SearchAction","target":{"@type":"EntryPoint","urlTemplate":"https:\/\/vieassociative.be\/actualites\/?s={search_term_string}"},"query-input":{"@type":"PropertyValueSpecification","valueRequired":true,"valueName":"search_term_string"}}],"inLanguage":"fr-BE"},{"@type":"Organization","@id":"https:\/\/vieassociative.be\/actualites\/#organization","name":"Vie Associative","url":"https:\/\/vieassociative.be\/actualites\/","logo":{"@type":"ImageObject","inLanguage":"fr-BE","@id":"https:\/\/vieassociative.be\/actualites\/#\/schema\/logo\/image\/","url":"https:\/\/vieassociative.be\/actualites\/wp-content\/uploads\/2024\/09\/cropped-vieassociative_favicon.ico.png","contentUrl":"https:\/\/vieassociative.be\/actualites\/wp-content\/uploads\/2024\/09\/cropped-vieassociative_favicon.ico.png","width":512,"height":512,"caption":"Vie Associative"},"image":{"@id":"https:\/\/vieassociative.be\/actualites\/#\/schema\/logo\/image\/"}},{"@type":"Person","@id":"https:\/\/vieassociative.be\/actualites\/#\/schema\/person\/b87ac4f82f9d4e7b7cec7395b679edc4","name":"Julien","image":{"@type":"ImageObject","inLanguage":"fr-BE","@id":"https:\/\/vieassociative.be\/actualites\/#\/schema\/person\/image\/","url":"https:\/\/vieassociative.be\/actualites\/wp-content\/uploads\/2024\/09\/vie-associative-1-150x150.jpg","contentUrl":"https:\/\/vieassociative.be\/actualites\/wp-content\/uploads\/2024\/09\/vie-associative-1-150x150.jpg","caption":"Julien"},"description":"Je suis Julien, r\u00e9dacteur pour Vie Associative. Passionn\u00e9 par le monde associatif depuis plus de 10 ans, j'ai \u00e0 c\u0153ur de partager des histoires inspirantes et de mettre en lumi\u00e8re les initiatives locales. Mon objectif est de sensibiliser et d'encourager l'engagement communautaire \u00e0 travers mes articles.","sameAs":["https:\/\/vieassociative.be\/"]}]}},"_links":{"self":[{"href":"https:\/\/vieassociative.be\/actualites\/wp-json\/wp\/v2\/posts\/8938"}],"collection":[{"href":"https:\/\/vieassociative.be\/actualites\/wp-json\/wp\/v2\/posts"}],"about":[{"href":"https:\/\/vieassociative.be\/actualites\/wp-json\/wp\/v2\/types\/post"}],"author":[{"embeddable":true,"href":"https:\/\/vieassociative.be\/actualites\/wp-json\/wp\/v2\/users\/1"}],"replies":[{"embeddable":true,"href":"https:\/\/vieassociative.be\/actualites\/wp-json\/wp\/v2\/comments?post=8938"}],"version-history":[{"count":0,"href":"https:\/\/vieassociative.be\/actualites\/wp-json\/wp\/v2\/posts\/8938\/revisions"}],"wp:featuredmedia":[{"embeddable":true,"href":"https:\/\/vieassociative.be\/actualites\/wp-json\/wp\/v2\/media\/8939"}],"wp:attachment":[{"href":"https:\/\/vieassociative.be\/actualites\/wp-json\/wp\/v2\/media?parent=8938"}],"wp:term":[{"taxonomy":"category","embeddable":true,"href":"https:\/\/vieassociative.be\/actualites\/wp-json\/wp\/v2\/categories?post=8938"},{"taxonomy":"post_tag","embeddable":true,"href":"https:\/\/vieassociative.be\/actualites\/wp-json\/wp\/v2\/tags?post=8938"}],"curies":[{"name":"wp","href":"https:\/\/api.w.org\/{rel}","templated":true}]}}