{"id":8936,"date":"2025-07-22T21:17:21","date_gmt":"2025-07-22T19:17:21","guid":{"rendered":"https:\/\/vieassociative.be\/actualites\/apres-90-jours-sur-une-plaque-de-vibration-mes-jambes-se-sentent-la-meme-chose-mais-mon-cerveau-est-incroyable\/"},"modified":"2025-07-22T21:17:21","modified_gmt":"2025-07-22T19:17:21","slug":"apres-90-jours-sur-une-plaque-de-vibration-mes-jambes-se-sentent-la-meme-chose-mais-mon-cerveau-est-incroyable","status":"publish","type":"post","link":"https:\/\/vieassociative.be\/actualites\/apres-90-jours-sur-une-plaque-de-vibration-mes-jambes-se-sentent-la-meme-chose-mais-mon-cerveau-est-incroyable\/","title":{"rendered":"Apr\u00e8s 90 jours sur une plaque de vibration, mes jambes se sentent la m\u00eame chose, mais mon cerveau est incroyable"},"content":{"rendered":"<div class=\"mt-4 leading-6 md:mb-8\">C&rsquo;est comme un spinner fidget pour votre cerveau.<\/div>\n<p><\/p>\n<p>De 1969 \u00e0 2025, l&rsquo;id\u00e9e de vibrer votre chemin vers le fitness ne dispara\u00eetra tout simplement pas. Quelle que soit la forme qu&rsquo;ils prennent, les plaques de vibration sont une tendance de bien-\u00eatre implacable, avec des influenceurs affirmant qu&rsquo;ils transformeront votre corps avec un minimum d&rsquo;effort. <\/p>\n<p>Beth Skwarecki, r\u00e9dactrice en sant\u00e9 senior de Vie Associative, et moi avons d\u00e9j\u00e0 \u00e9clat\u00e9 ces mythes. Bien que vos muscles se contractent pendant l&rsquo;exp\u00e9rience vibrante, ce ne sont pas le m\u00eame type de contractions qui renforcent une force substantielle ou br\u00fblent des calories significatives. Apr\u00e8s tout, si quelque chose semble trop beau pour \u00eatre vrai sur les r\u00e9seaux sociaux, c&rsquo;est probablement le cas. Mais cela signifie-t-il que c&rsquo;est compl\u00e8tement sans m\u00e9rite?<\/p>\n<p>Compte tenu de tout ce contexte, j&rsquo;ai toujours donn\u00e9 un coup de feu \u00e0 ma plaque de vibration. Je ne m&rsquo;attendais pas \u00e0 obtenir un nouvel ensemble de jambes, mais je voulais voir ce que font r\u00e9ellement ces appareils lorsqu&rsquo;ils sont utilis\u00e9s de mani\u00e8re coh\u00e9rente dans des conditions r\u00e9elles. <\/p>\n<h2 id=\"my-90-day-vibration-experiment\">Mon exp\u00e9rience de vibration de 90 jours<\/h2>\n<p>J&rsquo;ai utilis\u00e9 cette plaque de vibration de 109,99 $ (actuellement 98,99 $) de Merach, une marque populaire de la boutique Tiktok.<\/p>\n<div class=\"pogoClear mb-12 mt-10 rounded-md border-2 border-gray-100 py-7 shadow-xl md:py-6\">\n<div class=\"flex flex-wrap justify-between px-7 text-black no-underline md:flex-nowrap md:px-8\">\n<div class=\"order-1 mx-auto flex flex-col justify-center md:order-2 md:ml-4 md:w-full md:grow\">\n<div class=\"block cursor-pointer text-center font-akshar text-2xl font-medium leading-7 text-brand-green duration-200 ease-in-out hover:text-brand-green-700 md:text-left md:text-xl md:leading-6\">Plaque de vibration Merach\n                <\/div>\n<div class=\"mt-4 hidden md:flex md:justify-between\">\n<div class=\"self-end\">\n<div class=\"mb-0 h-11 md:flex md:flex-col md:justify-center\">\n<div class=\" font-sans leading-4 text-black\">\n<div class=\"flex flex-wrap items-center justify-center gap-x-1 md:justify-start\">\n        <span class=\"font-bold\"><\/p>\n<p>            98,99 $<br \/>\n                            <span class=\"font-medium\">\u00e0 Amazon<\/span><br \/>\n                    <\/span>\n            <\/div>\n<div class=\"flex items-center justify-center gap-x-1 font-bold md:justify-start\">\n            <span class=\"text-sm line-through\">109,99 $<\/span><br \/>\n            <span class=\"text-sm text-brand-green\">\u00c9conomisez 11,00 $<\/span>\n        <\/div>\n<\/p><\/div>\n<\/p><\/div>\n<\/p><\/div>\n<div class=\"w-44 self-end\">\n                            <button class=\"flex justify-center items-center w-full bg-brand-green text-white text-base font-sans font-medium rounded-md hover:bg-brand-green-700 hover:cursor-pointer md:text-sm h-11\"><\/p>\n<p>    Faire un magasin maintenant<br \/>\n<\/button>\n                        <\/div>\n<\/p><\/div>\n<\/p><\/div>\n<div class=\"order-2 mt-5 h-auto w-full md:order-1 md:mt-0 md:hidden\">\n<div class=\"flex aspect-video items-center justify-center\">\n                                            <img decoding=\"async\" class=\"m-0 max-h-full max-w-full rounded-md\" src=\"https:\/\/vieassociative.be\/actualites\/wp-content\/uploads\/2025\/07\/Apres-90-jours-sur-une-plaque-de-vibration-mes-jambes.jpg\" alt=\"Machine d'exercice de plaque de vibration Merach, plaque de vibration avec suivi des calories en temps r\u00e9el sur l'affichage LED, machine d'exercice de plaque vibrante pour femmes hommes, \u00e9quipement d'entra\u00eenement pour la maison (gris)\" width=\"auto\" height=\"auto\" loading=\"lazy\">\n                                    <\/div>\n<\/p><\/div>\n<div class=\"order-2 ml-2 hidden w-32 shrink-0 items-center md:order-1 md:ml-0 md:flex\">\n<div class=\"flex aspect-video items-center justify-center\">\n                                            <img decoding=\"async\" class=\"m-0 max-h-full max-w-full rounded-md\" src=\"https:\/\/vieassociative.be\/actualites\/wp-content\/uploads\/2025\/07\/Apres-90-jours-sur-une-plaque-de-vibration-mes-jambes.jpg\" alt=\"Machine d'exercice de plaque de vibration Merach, plaque de vibration avec suivi des calories en temps r\u00e9el sur l'affichage LED, machine d'exercice de plaque vibrante pour femmes hommes, \u00e9quipement d'entra\u00eenement pour la maison (gris)\" width=\"auto\" height=\"auto\" loading=\"lazy\">\n                                    <\/div>\n<\/p><\/div>\n<div class=\"order-3 flex grow flex-wrap md:hidden md:grow-0\">\n<div class=\"mt-4 w-full\">\n                        <button class=\"flex justify-center items-center w-full bg-brand-green text-white text-base font-sans font-medium rounded-md hover:bg-brand-green-700 hover:cursor-pointer md:text-sm h-11\"><\/p>\n<p>    Faire un magasin maintenant<br \/>\n<\/button>\n                    <\/div>\n<div class=\"mx-2 mt-4 w-full\">\n<div class=\" font-sans leading-4 text-black\">\n<div class=\"flex flex-wrap items-center justify-center gap-x-1 md:justify-start\">\n        <span class=\"font-bold\"><\/p>\n<p>            98,99 $<br \/>\n                            <span class=\"font-medium\">\u00e0 Amazon<\/span><br \/>\n                    <\/span>\n            <\/div>\n<div class=\"flex items-center justify-center gap-x-1 font-bold md:justify-start\">\n            <span class=\"text-sm line-through\">109,99 $<\/span><br \/>\n            <span class=\"text-sm text-brand-green\">\u00c9conomisez 11,00 $<\/span>\n        <\/div>\n<\/p><\/div>\n<\/p><\/div>\n<\/p><\/div>\n<\/p><\/div>\n<\/div>\n<p>Mon approche \u00e9tait d\u00e9lib\u00e9r\u00e9ment simple et durable. Chaque jour pendant 90 jours, je me suis engag\u00e9 \u00e0 10 minutes sur la plaque de vibration. Je me suis gard\u00e9 engag\u00e9 avec des squats l\u00e9gers, des \u00e9l\u00e9vations de mollet ou simplement debout dans diff\u00e9rentes positions pendant que la machine faisait son truc. La plupart des soir\u00e9es, je me garerais dans l&rsquo;assiette en regardant la t\u00e9l\u00e9vision, en \u00e9coutant de la musique ou en zonant simplement \u00e0 la fin d&rsquo;une longue journ\u00e9e. C&rsquo;est devenu un rituel &#8211; une petite poche de temps qui \u00e9tait enti\u00e8rement la mienne.<\/p>\n<p>La beaut\u00e9 de cette routine n&rsquo;\u00e9tait pas dans son intensit\u00e9 mais dans sa coh\u00e9rence. Dix minutes se sont senties g\u00e9rables m\u00eame les jours les plus occup\u00e9s. Parfois, je bougerais activement, d&rsquo;autres fois, je resterais l\u00e0 et laisse les vibrations me laver comme un massage complet du corps. Il y avait quelque chose de \u00e9trangement m\u00e9ditatif \u00e0 se remettre au rythme m\u00e9canique.<\/p>\n<h2 id=\"the-unexpected-brain-benefits\">Les avantages du cerveau inattendu<\/h2>\n<p>Apr\u00e8s trois mois, mes jambes ont l&rsquo;air et <em>sentir<\/em> exactement la m\u00eame chose. Comme pr\u00e9vu. Ma force ne s&rsquo;\u00e9tait pas consid\u00e9rablement am\u00e9lior\u00e9e, et je ne courais pas soudainement plus vite ou ne sautant pas plus haut. Mais l&rsquo;effet le plus int\u00e9ressant n&rsquo;\u00e9tait pas du tout physique.<\/p>\n<p>J&rsquo;ai ador\u00e9 la fa\u00e7on dont la plaque de vibration s&rsquo;est \u00e9claircie la t\u00eate. C&rsquo;\u00e9tait peut-\u00eatre un placebo, ou peut-\u00eatre plus sur le rituel que le vibration lui-m\u00eame, mais j&rsquo;ai trouv\u00e9 cet appareil chatouillant mon cerveau d&rsquo;une mani\u00e8re incroyable &#8211; et je ne suis pas seul. En faisant d\u00e9filer les commentaires sur les vid\u00e9os de plaques de vibration ou les fils Reddit, des tonnes de personnes partagent ce sentiment, en particulier en ce qui concerne leurs sympt\u00f4mes de TDAH.<\/p>\n<div class=\"pogoClear relative my-10 border-b-(1.5px) border-t-(1.5px) border-dashed border-black py-5 sm:my-14 sm:border-0 sm:py-0\" data-ga-click data-ga-template=\"Explainers\" data-ga-module=\"openweb_widget\" data-ga-element=\"openweb_scroll\" data-ga-item=\"openweb_scroll_midpage\" x-data=\"{\n         commentsCount: null,\n         hasComments: false,\n         async fetchCommentsCount() {\n             try {\n                 if (window.openweb &amp;&amp; typeof window.openweb.getMessagesCount === 'function') {\n                     this.commentsCount = await window.openweb.getMessagesCount('01K0SD45YTM9M7WFZCZRS6MQXN');\n                     this.hasComments = this.commentsCount !== null &amp;&amp; this.commentsCount &gt; 0;\n                 }\n             } catch (e) {\n                 console.warn('Failed to fetch comment count:', e);\n             }\n         }\n     }\" x-init=\"fetchCommentsCount()\" x-cloak><\/p>\n<div class=\"absolute top-1\/2 hidden w-full -translate-y-1\/2 border-t-(1.5px) border-dashed border-black sm:block\"><\/div>\n<div class=\"relative flex justify-center\">\n<div class=\"flex max-w-fit items-center gap-x-3 bg-white px-5\">\n<div class=\"relative\">\n                <span class=\"absolute left-1\/2 top-1\/2 -translate-x-1\/2 -translate-y-1\/2 font-akshar text-sm font-medium text-black\" aria-live=\"polite\" x-show=\"hasComments\" x-text=\"commentsCount\"><\/span><\/p>\n<p>                <svg class=\"h-8 w-8 text-black\" role=\"img\" aria-hidden=\"true\">\n                    <use href=\"http:\/\/lifehacker.com\/images\/icons\/spritemap.svg#sprite-chat-bubble\"><\/use>\n                <\/svg>\n            <\/div>\n<p>            <span class=\"text-sm font-medium text-black\"><\/p>\n<p>                Que pensez-vous jusqu&rsquo;\u00e0 pr\u00e9sent?<br \/>\n                <button class=\"ml-1 font-semibold text-brand-green underline hover:text-brand-green-700\" type=\"button\" aria-label=\"Comment section trigger\" onclick=\"window.openweb.scrollToComments('01K0SD45YTM9M7WFZCZRS6MQXN')\" x-text=\"hasComments ? 'Post a comment.' : 'Be the first to post a comment.'\"><\/button><br \/>\n            <\/span>\n        <\/div>\n<\/p><\/div>\n<\/div>\n<p>J&rsquo;ai moi-m\u00eame du TDAH, et ces 10 minutes sont devenues un bouton de r\u00e9initialisation pour mes pens\u00e9es dispers\u00e9es. Que j&rsquo;avais eu une journ\u00e9e stressante au travail ou que je me sentais d\u00e9pass\u00e9e par des t\u00e2ches sans fin, monter sur cette plate-forme vibrante semblait secouer la statique mentale. Mon esprit de course ralentirait et je me sentirais un peu plus centr\u00e9 et concentr\u00e9.<\/p>\n<h2 id=\"what-the-science-says\">Ce que dit la science<\/h2>\n<p>\u00c9tant donn\u00e9 que tout cela \u00e9tait follement anecdotique et subjectif, je voulais comprendre s&rsquo;il y avait des recherches soutenant cela. Une petite \u00e9tude de 2014 a r\u00e9v\u00e9l\u00e9 des effets prometteurs de la vibration du corps entier sur l&rsquo;attention chez les individus en bonne sant\u00e9 et les adultes atteints de TDAH. Des recherches suppl\u00e9mentaires sont n\u00e9cessaires, mais leurs th\u00e9ories sugg\u00e8rent que l&rsquo;apport sensoriel de la vibration pourrait aider \u00e0 r\u00e9guler un esprit hyperactif, similaire \u00e0 la fa\u00e7on dont les outils agit\u00e9s peuvent aider les personnes atteintes de TDAH \u00e0 se concentrer.<\/p>\n<p>J&rsquo;adorerais voir plus de recherches sur les effets des plaques de vibration sp\u00e9cifiquement sur les personnes atteintes de TDAH et d&rsquo;autres troubles de l&rsquo;attention. Pour l&rsquo;instant, tout ce que je sais, c&rsquo;est que j&rsquo;avais l&rsquo;impression que cela m&rsquo;a calm\u00e9 l&rsquo;esprit d&rsquo;une mani\u00e8re que je ne m&rsquo;attendais pas. La plaque de vibration n&rsquo;a pas transform\u00e9 mon physique, mais le doux tremblement \u00e9tait s\u00fbr d&rsquo;\u00eatre comme un spinner fidget pour mon cerveau.<\/p>\n<h2 id=\"the-bottom-line\">La ligne de fond<\/h2>\n<p>L&rsquo;industrie du bien-\u00eatre aime outre les solutions simples et les plaques de vibration ne font pas exception. Pourtant, j&rsquo;appr\u00e9cie sinc\u00e8rement ma plaque de vibration en tant qu&rsquo;outil de r\u00e9cup\u00e9ration et dispositif de relaxation (plut\u00f4t qu&rsquo;un changeur de jeu de fitness). Cela fait partie de ma routine \u00e0 vent, comme la lecture du coucher ou le yoga. Les avantages physiques peuvent \u00eatre minimes, mais les mentaux sont assez remarquables pour moi.<\/p>\n<p>Si vous envisagez une plaque de vibration, ajustez vos attentes en cons\u00e9quence. Ne vous attendez pas \u00e0 des gains musculaires miraculeux ou \u00e0 une perte de poids spectaculaire. Mais si vous cherchez un moyen unique de d\u00e9compresser, de g\u00e9rer le stress ou de calmer un esprit occup\u00e9, ces appareils pourraient offrir une valeur inattendue.<\/p>\n<p><script async src=\"\/\/www.tiktok.com\/embed.js\"><\/script><\/p>\n","protected":false},"excerpt":{"rendered":"<p>C&rsquo;est comme un spinner fidget pour votre cerveau. De 1969 \u00e0 2025, l&rsquo;id\u00e9e de vibrer votre chemin vers le fitness ne dispara\u00eetra tout simplement pas.<\/p>\n","protected":false},"author":1,"featured_media":8937,"comment_status":"","ping_status":"","sticky":false,"template":"","format":"standard","meta":{"footnotes":""},"categories":[38],"tags":[472,3712,1651,76,1728,7869,937,156,891,87,49,7867,7870,33,110,7868],"class_list":["post-8936","post","type-post","status-publish","format-standard","has-post-thumbnail","hentry","category-sante","tag-apres","tag-cerveau","tag-chose","tag-est","tag-incroyable","tag-jambes","tag-jours","tag-mais","tag-meme","tag-mes","tag-mon","tag-plaque","tag-sentent","tag-sur","tag-une","tag-vibration","generate-columns","tablet-grid-50","mobile-grid-100","grid-parent","grid-33"],"yoast_head":"<!-- This site is optimized with the Yoast SEO plugin v24.0 - https:\/\/yoast.com\/wordpress\/plugins\/seo\/ -->\n<title>Apr\u00e8s 90 jours sur une plaque de vibration, mes jambes se sentent la m\u00eame chose, mais mon cerveau est incroyable | Vie Associative<\/title>\n<meta name=\"robots\" content=\"index, follow, max-snippet:-1, max-image-preview:large, max-video-preview:-1\" \/>\n<link rel=\"canonical\" href=\"https:\/\/vieassociative.be\/actualites\/apres-90-jours-sur-une-plaque-de-vibration-mes-jambes-se-sentent-la-meme-chose-mais-mon-cerveau-est-incroyable\/\" \/>\n<meta property=\"og:locale\" content=\"fr_FR\" \/>\n<meta property=\"og:type\" content=\"article\" \/>\n<meta property=\"og:title\" content=\"Apr\u00e8s 90 jours sur une plaque de vibration, mes jambes se sentent la m\u00eame chose, mais mon cerveau est incroyable | Vie Associative\" \/>\n<meta property=\"og:description\" content=\"C&rsquo;est comme un spinner fidget pour votre cerveau. De 1969 \u00e0 2025, l&rsquo;id\u00e9e de vibrer votre chemin vers le fitness ne dispara\u00eetra tout simplement pas.\" \/>\n<meta property=\"og:url\" content=\"https:\/\/vieassociative.be\/actualites\/apres-90-jours-sur-une-plaque-de-vibration-mes-jambes-se-sentent-la-meme-chose-mais-mon-cerveau-est-incroyable\/\" \/>\n<meta property=\"og:site_name\" content=\"Vie Associative\" \/>\n<meta property=\"article:published_time\" content=\"2025-07-22T19:17:21+00:00\" \/>\n<meta property=\"og:image\" content=\"https:\/\/vieassociative.be\/actualites\/wp-content\/uploads\/2025\/07\/Apres-90-jours-sur-une-plaque-de-vibration-mes-jambes.jpg\" \/>\n<meta name=\"author\" content=\"Julien\" \/>\n<meta name=\"twitter:card\" content=\"summary_large_image\" \/>\n<meta name=\"twitter:label1\" content=\"\u00c9crit par\" \/>\n\t<meta name=\"twitter:data1\" content=\"Julien\" \/>\n\t<meta name=\"twitter:label2\" content=\"Dur\u00e9e de lecture est.\" \/>\n\t<meta name=\"twitter:data2\" content=\"5 minutes\" \/>\n<script type=\"application\/ld+json\" class=\"yoast-schema-graph\">{\"@context\":\"https:\/\/schema.org\",\"@graph\":[{\"@type\":\"Article\",\"@id\":\"https:\/\/vieassociative.be\/actualites\/apres-90-jours-sur-une-plaque-de-vibration-mes-jambes-se-sentent-la-meme-chose-mais-mon-cerveau-est-incroyable\/#article\",\"isPartOf\":{\"@id\":\"https:\/\/vieassociative.be\/actualites\/apres-90-jours-sur-une-plaque-de-vibration-mes-jambes-se-sentent-la-meme-chose-mais-mon-cerveau-est-incroyable\/\"},\"author\":{\"name\":\"Julien\",\"@id\":\"https:\/\/vieassociative.be\/actualites\/#\/schema\/person\/b87ac4f82f9d4e7b7cec7395b679edc4\"},\"headline\":\"Apr\u00e8s 90 jours sur une plaque de vibration, mes jambes se sentent la m\u00eame chose, mais mon cerveau est incroyable\",\"datePublished\":\"2025-07-22T19:17:21+00:00\",\"dateModified\":\"2025-07-22T19:17:21+00:00\",\"mainEntityOfPage\":{\"@id\":\"https:\/\/vieassociative.be\/actualites\/apres-90-jours-sur-une-plaque-de-vibration-mes-jambes-se-sentent-la-meme-chose-mais-mon-cerveau-est-incroyable\/\"},\"wordCount\":987,\"publisher\":{\"@id\":\"https:\/\/vieassociative.be\/actualites\/#organization\"},\"image\":{\"@id\":\"https:\/\/vieassociative.be\/actualites\/apres-90-jours-sur-une-plaque-de-vibration-mes-jambes-se-sentent-la-meme-chose-mais-mon-cerveau-est-incroyable\/#primaryimage\"},\"thumbnailUrl\":\"https:\/\/vieassociative.be\/actualites\/wp-content\/uploads\/2025\/07\/Apres-90-jours-sur-une-plaque-de-vibration-mes-jambes.png\",\"keywords\":[\"Apr\u00e8s\",\"cerveau\",\"chose\",\"est\",\"incroyable\",\"jambes\",\"jours\",\"mais\",\"m\u00eame\",\"Mes\",\"Mon\",\"plaque\",\"sentent\",\"sur\",\"une\",\"vibration\"],\"articleSection\":[\"Sant\u00e9\"],\"inLanguage\":\"fr-BE\"},{\"@type\":\"WebPage\",\"@id\":\"https:\/\/vieassociative.be\/actualites\/apres-90-jours-sur-une-plaque-de-vibration-mes-jambes-se-sentent-la-meme-chose-mais-mon-cerveau-est-incroyable\/\",\"url\":\"https:\/\/vieassociative.be\/actualites\/apres-90-jours-sur-une-plaque-de-vibration-mes-jambes-se-sentent-la-meme-chose-mais-mon-cerveau-est-incroyable\/\",\"name\":\"Apr\u00e8s 90 jours sur une plaque de vibration, mes jambes se sentent la m\u00eame chose, mais mon cerveau est incroyable | Vie Associative\",\"isPartOf\":{\"@id\":\"https:\/\/vieassociative.be\/actualites\/#website\"},\"primaryImageOfPage\":{\"@id\":\"https:\/\/vieassociative.be\/actualites\/apres-90-jours-sur-une-plaque-de-vibration-mes-jambes-se-sentent-la-meme-chose-mais-mon-cerveau-est-incroyable\/#primaryimage\"},\"image\":{\"@id\":\"https:\/\/vieassociative.be\/actualites\/apres-90-jours-sur-une-plaque-de-vibration-mes-jambes-se-sentent-la-meme-chose-mais-mon-cerveau-est-incroyable\/#primaryimage\"},\"thumbnailUrl\":\"https:\/\/vieassociative.be\/actualites\/wp-content\/uploads\/2025\/07\/Apres-90-jours-sur-une-plaque-de-vibration-mes-jambes.png\",\"datePublished\":\"2025-07-22T19:17:21+00:00\",\"dateModified\":\"2025-07-22T19:17:21+00:00\",\"breadcrumb\":{\"@id\":\"https:\/\/vieassociative.be\/actualites\/apres-90-jours-sur-une-plaque-de-vibration-mes-jambes-se-sentent-la-meme-chose-mais-mon-cerveau-est-incroyable\/#breadcrumb\"},\"inLanguage\":\"fr-BE\",\"potentialAction\":[{\"@type\":\"ReadAction\",\"target\":[\"https:\/\/vieassociative.be\/actualites\/apres-90-jours-sur-une-plaque-de-vibration-mes-jambes-se-sentent-la-meme-chose-mais-mon-cerveau-est-incroyable\/\"]}]},{\"@type\":\"ImageObject\",\"inLanguage\":\"fr-BE\",\"@id\":\"https:\/\/vieassociative.be\/actualites\/apres-90-jours-sur-une-plaque-de-vibration-mes-jambes-se-sentent-la-meme-chose-mais-mon-cerveau-est-incroyable\/#primaryimage\",\"url\":\"https:\/\/vieassociative.be\/actualites\/wp-content\/uploads\/2025\/07\/Apres-90-jours-sur-une-plaque-de-vibration-mes-jambes.png\",\"contentUrl\":\"https:\/\/vieassociative.be\/actualites\/wp-content\/uploads\/2025\/07\/Apres-90-jours-sur-une-plaque-de-vibration-mes-jambes.png\",\"width\":1200,\"height\":675,\"caption\":\"Apr\u00e8s 90 jours sur une plaque de vibration, mes jambes se sentent la m\u00eame chose, mais mon cerveau est incroyable\"},{\"@type\":\"BreadcrumbList\",\"@id\":\"https:\/\/vieassociative.be\/actualites\/apres-90-jours-sur-une-plaque-de-vibration-mes-jambes-se-sentent-la-meme-chose-mais-mon-cerveau-est-incroyable\/#breadcrumb\",\"itemListElement\":[{\"@type\":\"ListItem\",\"position\":1,\"name\":\"Accueil\",\"item\":\"https:\/\/vieassociative.be\/actualites\/\"},{\"@type\":\"ListItem\",\"position\":2,\"name\":\"Apr\u00e8s 90 jours sur une plaque de vibration, mes jambes se sentent la m\u00eame chose, mais mon cerveau est incroyable\"}]},{\"@type\":\"WebSite\",\"@id\":\"https:\/\/vieassociative.be\/actualites\/#website\",\"url\":\"https:\/\/vieassociative.be\/actualites\/\",\"name\":\"Vie Associative\",\"description\":\"\",\"publisher\":{\"@id\":\"https:\/\/vieassociative.be\/actualites\/#organization\"},\"potentialAction\":[{\"@type\":\"SearchAction\",\"target\":{\"@type\":\"EntryPoint\",\"urlTemplate\":\"https:\/\/vieassociative.be\/actualites\/?s={search_term_string}\"},\"query-input\":{\"@type\":\"PropertyValueSpecification\",\"valueRequired\":true,\"valueName\":\"search_term_string\"}}],\"inLanguage\":\"fr-BE\"},{\"@type\":\"Organization\",\"@id\":\"https:\/\/vieassociative.be\/actualites\/#organization\",\"name\":\"Vie Associative\",\"url\":\"https:\/\/vieassociative.be\/actualites\/\",\"logo\":{\"@type\":\"ImageObject\",\"inLanguage\":\"fr-BE\",\"@id\":\"https:\/\/vieassociative.be\/actualites\/#\/schema\/logo\/image\/\",\"url\":\"https:\/\/vieassociative.be\/actualites\/wp-content\/uploads\/2024\/09\/cropped-vieassociative_favicon.ico.png\",\"contentUrl\":\"https:\/\/vieassociative.be\/actualites\/wp-content\/uploads\/2024\/09\/cropped-vieassociative_favicon.ico.png\",\"width\":512,\"height\":512,\"caption\":\"Vie Associative\"},\"image\":{\"@id\":\"https:\/\/vieassociative.be\/actualites\/#\/schema\/logo\/image\/\"}},{\"@type\":\"Person\",\"@id\":\"https:\/\/vieassociative.be\/actualites\/#\/schema\/person\/b87ac4f82f9d4e7b7cec7395b679edc4\",\"name\":\"Julien\",\"image\":{\"@type\":\"ImageObject\",\"inLanguage\":\"fr-BE\",\"@id\":\"https:\/\/vieassociative.be\/actualites\/#\/schema\/person\/image\/\",\"url\":\"https:\/\/vieassociative.be\/actualites\/wp-content\/uploads\/2024\/09\/vie-associative-1-150x150.jpg\",\"contentUrl\":\"https:\/\/vieassociative.be\/actualites\/wp-content\/uploads\/2024\/09\/vie-associative-1-150x150.jpg\",\"caption\":\"Julien\"},\"description\":\"Je suis Julien, r\u00e9dacteur pour Vie Associative. Passionn\u00e9 par le monde associatif depuis plus de 10 ans, j'ai \u00e0 c\u0153ur de partager des histoires inspirantes et de mettre en lumi\u00e8re les initiatives locales. Mon objectif est de sensibiliser et d'encourager l'engagement communautaire \u00e0 travers mes articles.\",\"sameAs\":[\"https:\/\/vieassociative.be\/\"]}]}<\/script>\n<!-- \/ Yoast SEO plugin. -->","yoast_head_json":{"title":"Apr\u00e8s 90 jours sur une plaque de vibration, mes jambes se sentent la m\u00eame chose, mais mon cerveau est incroyable | Vie Associative","robots":{"index":"index","follow":"follow","max-snippet":"max-snippet:-1","max-image-preview":"max-image-preview:large","max-video-preview":"max-video-preview:-1"},"canonical":"https:\/\/vieassociative.be\/actualites\/apres-90-jours-sur-une-plaque-de-vibration-mes-jambes-se-sentent-la-meme-chose-mais-mon-cerveau-est-incroyable\/","og_locale":"fr_FR","og_type":"article","og_title":"Apr\u00e8s 90 jours sur une plaque de vibration, mes jambes se sentent la m\u00eame chose, mais mon cerveau est incroyable | Vie Associative","og_description":"C&rsquo;est comme un spinner fidget pour votre cerveau. De 1969 \u00e0 2025, l&rsquo;id\u00e9e de vibrer votre chemin vers le fitness ne dispara\u00eetra tout simplement pas.","og_url":"https:\/\/vieassociative.be\/actualites\/apres-90-jours-sur-une-plaque-de-vibration-mes-jambes-se-sentent-la-meme-chose-mais-mon-cerveau-est-incroyable\/","og_site_name":"Vie Associative","article_published_time":"2025-07-22T19:17:21+00:00","og_image":[{"url":"https:\/\/vieassociative.be\/actualites\/wp-content\/uploads\/2025\/07\/Apres-90-jours-sur-une-plaque-de-vibration-mes-jambes.jpg","type":"","width":"","height":""}],"author":"Julien","twitter_card":"summary_large_image","twitter_misc":{"\u00c9crit par":"Julien","Dur\u00e9e de lecture est.":"5 minutes"},"schema":{"@context":"https:\/\/schema.org","@graph":[{"@type":"Article","@id":"https:\/\/vieassociative.be\/actualites\/apres-90-jours-sur-une-plaque-de-vibration-mes-jambes-se-sentent-la-meme-chose-mais-mon-cerveau-est-incroyable\/#article","isPartOf":{"@id":"https:\/\/vieassociative.be\/actualites\/apres-90-jours-sur-une-plaque-de-vibration-mes-jambes-se-sentent-la-meme-chose-mais-mon-cerveau-est-incroyable\/"},"author":{"name":"Julien","@id":"https:\/\/vieassociative.be\/actualites\/#\/schema\/person\/b87ac4f82f9d4e7b7cec7395b679edc4"},"headline":"Apr\u00e8s 90 jours sur une plaque de vibration, mes jambes se sentent la m\u00eame chose, mais mon cerveau est incroyable","datePublished":"2025-07-22T19:17:21+00:00","dateModified":"2025-07-22T19:17:21+00:00","mainEntityOfPage":{"@id":"https:\/\/vieassociative.be\/actualites\/apres-90-jours-sur-une-plaque-de-vibration-mes-jambes-se-sentent-la-meme-chose-mais-mon-cerveau-est-incroyable\/"},"wordCount":987,"publisher":{"@id":"https:\/\/vieassociative.be\/actualites\/#organization"},"image":{"@id":"https:\/\/vieassociative.be\/actualites\/apres-90-jours-sur-une-plaque-de-vibration-mes-jambes-se-sentent-la-meme-chose-mais-mon-cerveau-est-incroyable\/#primaryimage"},"thumbnailUrl":"https:\/\/vieassociative.be\/actualites\/wp-content\/uploads\/2025\/07\/Apres-90-jours-sur-une-plaque-de-vibration-mes-jambes.png","keywords":["Apr\u00e8s","cerveau","chose","est","incroyable","jambes","jours","mais","m\u00eame","Mes","Mon","plaque","sentent","sur","une","vibration"],"articleSection":["Sant\u00e9"],"inLanguage":"fr-BE"},{"@type":"WebPage","@id":"https:\/\/vieassociative.be\/actualites\/apres-90-jours-sur-une-plaque-de-vibration-mes-jambes-se-sentent-la-meme-chose-mais-mon-cerveau-est-incroyable\/","url":"https:\/\/vieassociative.be\/actualites\/apres-90-jours-sur-une-plaque-de-vibration-mes-jambes-se-sentent-la-meme-chose-mais-mon-cerveau-est-incroyable\/","name":"Apr\u00e8s 90 jours sur une plaque de vibration, mes jambes se sentent la m\u00eame chose, mais mon cerveau est incroyable | Vie Associative","isPartOf":{"@id":"https:\/\/vieassociative.be\/actualites\/#website"},"primaryImageOfPage":{"@id":"https:\/\/vieassociative.be\/actualites\/apres-90-jours-sur-une-plaque-de-vibration-mes-jambes-se-sentent-la-meme-chose-mais-mon-cerveau-est-incroyable\/#primaryimage"},"image":{"@id":"https:\/\/vieassociative.be\/actualites\/apres-90-jours-sur-une-plaque-de-vibration-mes-jambes-se-sentent-la-meme-chose-mais-mon-cerveau-est-incroyable\/#primaryimage"},"thumbnailUrl":"https:\/\/vieassociative.be\/actualites\/wp-content\/uploads\/2025\/07\/Apres-90-jours-sur-une-plaque-de-vibration-mes-jambes.png","datePublished":"2025-07-22T19:17:21+00:00","dateModified":"2025-07-22T19:17:21+00:00","breadcrumb":{"@id":"https:\/\/vieassociative.be\/actualites\/apres-90-jours-sur-une-plaque-de-vibration-mes-jambes-se-sentent-la-meme-chose-mais-mon-cerveau-est-incroyable\/#breadcrumb"},"inLanguage":"fr-BE","potentialAction":[{"@type":"ReadAction","target":["https:\/\/vieassociative.be\/actualites\/apres-90-jours-sur-une-plaque-de-vibration-mes-jambes-se-sentent-la-meme-chose-mais-mon-cerveau-est-incroyable\/"]}]},{"@type":"ImageObject","inLanguage":"fr-BE","@id":"https:\/\/vieassociative.be\/actualites\/apres-90-jours-sur-une-plaque-de-vibration-mes-jambes-se-sentent-la-meme-chose-mais-mon-cerveau-est-incroyable\/#primaryimage","url":"https:\/\/vieassociative.be\/actualites\/wp-content\/uploads\/2025\/07\/Apres-90-jours-sur-une-plaque-de-vibration-mes-jambes.png","contentUrl":"https:\/\/vieassociative.be\/actualites\/wp-content\/uploads\/2025\/07\/Apres-90-jours-sur-une-plaque-de-vibration-mes-jambes.png","width":1200,"height":675,"caption":"Apr\u00e8s 90 jours sur une plaque de vibration, mes jambes se sentent la m\u00eame chose, mais mon cerveau est incroyable"},{"@type":"BreadcrumbList","@id":"https:\/\/vieassociative.be\/actualites\/apres-90-jours-sur-une-plaque-de-vibration-mes-jambes-se-sentent-la-meme-chose-mais-mon-cerveau-est-incroyable\/#breadcrumb","itemListElement":[{"@type":"ListItem","position":1,"name":"Accueil","item":"https:\/\/vieassociative.be\/actualites\/"},{"@type":"ListItem","position":2,"name":"Apr\u00e8s 90 jours sur une plaque de vibration, mes jambes se sentent la m\u00eame chose, mais mon cerveau est incroyable"}]},{"@type":"WebSite","@id":"https:\/\/vieassociative.be\/actualites\/#website","url":"https:\/\/vieassociative.be\/actualites\/","name":"Vie Associative","description":"","publisher":{"@id":"https:\/\/vieassociative.be\/actualites\/#organization"},"potentialAction":[{"@type":"SearchAction","target":{"@type":"EntryPoint","urlTemplate":"https:\/\/vieassociative.be\/actualites\/?s={search_term_string}"},"query-input":{"@type":"PropertyValueSpecification","valueRequired":true,"valueName":"search_term_string"}}],"inLanguage":"fr-BE"},{"@type":"Organization","@id":"https:\/\/vieassociative.be\/actualites\/#organization","name":"Vie Associative","url":"https:\/\/vieassociative.be\/actualites\/","logo":{"@type":"ImageObject","inLanguage":"fr-BE","@id":"https:\/\/vieassociative.be\/actualites\/#\/schema\/logo\/image\/","url":"https:\/\/vieassociative.be\/actualites\/wp-content\/uploads\/2024\/09\/cropped-vieassociative_favicon.ico.png","contentUrl":"https:\/\/vieassociative.be\/actualites\/wp-content\/uploads\/2024\/09\/cropped-vieassociative_favicon.ico.png","width":512,"height":512,"caption":"Vie Associative"},"image":{"@id":"https:\/\/vieassociative.be\/actualites\/#\/schema\/logo\/image\/"}},{"@type":"Person","@id":"https:\/\/vieassociative.be\/actualites\/#\/schema\/person\/b87ac4f82f9d4e7b7cec7395b679edc4","name":"Julien","image":{"@type":"ImageObject","inLanguage":"fr-BE","@id":"https:\/\/vieassociative.be\/actualites\/#\/schema\/person\/image\/","url":"https:\/\/vieassociative.be\/actualites\/wp-content\/uploads\/2024\/09\/vie-associative-1-150x150.jpg","contentUrl":"https:\/\/vieassociative.be\/actualites\/wp-content\/uploads\/2024\/09\/vie-associative-1-150x150.jpg","caption":"Julien"},"description":"Je suis Julien, r\u00e9dacteur pour Vie Associative. Passionn\u00e9 par le monde associatif depuis plus de 10 ans, j'ai \u00e0 c\u0153ur de partager des histoires inspirantes et de mettre en lumi\u00e8re les initiatives locales. Mon objectif est de sensibiliser et d'encourager l'engagement communautaire \u00e0 travers mes articles.","sameAs":["https:\/\/vieassociative.be\/"]}]}},"_links":{"self":[{"href":"https:\/\/vieassociative.be\/actualites\/wp-json\/wp\/v2\/posts\/8936"}],"collection":[{"href":"https:\/\/vieassociative.be\/actualites\/wp-json\/wp\/v2\/posts"}],"about":[{"href":"https:\/\/vieassociative.be\/actualites\/wp-json\/wp\/v2\/types\/post"}],"author":[{"embeddable":true,"href":"https:\/\/vieassociative.be\/actualites\/wp-json\/wp\/v2\/users\/1"}],"replies":[{"embeddable":true,"href":"https:\/\/vieassociative.be\/actualites\/wp-json\/wp\/v2\/comments?post=8936"}],"version-history":[{"count":0,"href":"https:\/\/vieassociative.be\/actualites\/wp-json\/wp\/v2\/posts\/8936\/revisions"}],"wp:featuredmedia":[{"embeddable":true,"href":"https:\/\/vieassociative.be\/actualites\/wp-json\/wp\/v2\/media\/8937"}],"wp:attachment":[{"href":"https:\/\/vieassociative.be\/actualites\/wp-json\/wp\/v2\/media?parent=8936"}],"wp:term":[{"taxonomy":"category","embeddable":true,"href":"https:\/\/vieassociative.be\/actualites\/wp-json\/wp\/v2\/categories?post=8936"},{"taxonomy":"post_tag","embeddable":true,"href":"https:\/\/vieassociative.be\/actualites\/wp-json\/wp\/v2\/tags?post=8936"}],"curies":[{"name":"wp","href":"https:\/\/api.w.org\/{rel}","templated":true}]}}