{"id":8932,"date":"2025-07-22T16:17:48","date_gmt":"2025-07-22T14:17:48","guid":{"rendered":"https:\/\/vieassociative.be\/actualites\/ullrich-recommande-une-aide-psychologique-de-meme-remco-doit-etre-traite-mentalement\/"},"modified":"2025-07-22T16:17:48","modified_gmt":"2025-07-22T14:17:48","slug":"ullrich-recommande-une-aide-psychologique-de-meme-remco-doit-etre-traite-mentalement","status":"publish","type":"post","link":"https:\/\/vieassociative.be\/actualites\/ullrich-recommande-une-aide-psychologique-de-meme-remco-doit-etre-traite-mentalement\/","title":{"rendered":"Ullrich recommande une aide psychologique de m\u00eame: \u00ab\u00a0REMCO doit \u00eatre trait\u00e9 mentalement\u00a0\u00bb"},"content":{"rendered":"<p><strong>Soit dit en passant, tandis que le Tour de France Tour de France, le \u00ab\u00a0g\u00e9ant de la Provence\u00a0\u00bb, le \u00ab\u00a0g\u00e9ant de la Provence\u00a0\u00bb, doit \u00eatre abandonn\u00e9 sans le Hollandais Mathieu van der Poel, qui a d\u00fb abandonner le double vainqueur belge Remco Evenepoel en raison de la pneumonie, et ne fait pas partie de la derni\u00e8re ann\u00e9e.<\/strong><\/p>\n<p><span id=\"more-420721\"><\/span>La l\u00e9gende du cyclisme Jan Ullrich a recommand\u00e9 une aide psychologique au Belge. M\u00eame avant sa t\u00e2che sur la 14e \u00e9tape, Onepoel a r\u00e9agi \u00e0 un cam\u00e9raman. \u00ab\u00a0Il est une superstar et conduit apr\u00e8s, bien s\u00fbr, les cam\u00e9ras y sont.<\/p>\n<p>Nirepoel doit \u00abapprendre \u00e0 y faire face, m\u00eame si les choses ne se passent pas si bien que vous regardez, la documentant\u00bb, a ajout\u00e9 Ullrich et a parl\u00e9 pour le soutien psychologique: \u00abREMCO doit \u00eatre aid\u00e9 mentalement.\u00bb<\/p>\n<div id=\"attachment_419855\" class=\"wp-caption alignleft\" style=\"max-width: 200px\"><img fetchpriority=\"high\" decoding=\"async\" class=\"wp-image-419855 size-medium\" src=\"https:\/\/vieassociative.be\/actualites\/wp-content\/uploads\/2025\/07\/Ullrich-recommande-une-aide-psychologique-de-meme-REMCO-doit-etre.jpg\" alt=\"\" width=\"200\" height=\"300\"><\/p>\n<p class=\"wp-caption-text\">Le Belge Remco Evenepoel par une \u00e9tape rapide Soudal. Photo: Maarten Stratemans \/ Belga \/ DPA<\/p>\n<\/div>\n<p>D\u00e9j\u00e0 dans le classique d&rsquo;une journ\u00e9e, Li\u00e8ge-Bastogne-Li\u00e8ge au printemps, Onepoel avait un stress avec un cam\u00e9raman. \u00ab\u00a0Il s&rsquo;est arr\u00eat\u00e9 parce qu&rsquo;une cam\u00e9ra \u00e9tait l\u00e0-dessus quand il a \u00e9t\u00e9 laiss\u00e9 pour compte\u00a0\u00bb, se souvient Ullrich, qui accompagnera certaines \u00e9tapes de la tourn\u00e9e en tant qu&rsquo;expert Eurosport dans le \u00ab\u00a0V\u00e9lo Club\u00a0\u00bb.<\/p>\n<p>La sortie de Ohepoel elle-m\u00eame n&rsquo;a pas \u00e9t\u00e9 surprenante pour le vainqueur du Tour de France en 1997. \u00ab\u00a0La base ne suffit pas, car il n&rsquo;a pas de milliers de kilom\u00e8tres. La fondation n&rsquo;\u00e9tait pas assez grande, puis la forme intervient en m\u00eame temps\u00a0\u00bb, a d\u00e9clar\u00e9 Ullrich et fait allusion \u00e0 la grave blessure de Oelepoel \u00e0 partir de d\u00e9cembre 2024 lorsque le joueur de 25 ans avait subi des fractures sur la c\u00f4te, la bonne lame \u00e9paule et la main droite apr\u00e8s une collision avec un bus post-bus.<\/p>\n<p>Dans sa part, le partenaire de podcast d&rsquo;Ullrich et ancien professionnel du v\u00e9lo Rick Zabel a d\u00e9clar\u00e9 que Melepoel peut ne pas avoir \u00e0 r\u00e9sister \u00e0 la pression des attentes: \u00ab\u00a0Remco est une superstar en Belgique, absolument une pro\u00e9minence. Il n&rsquo;y a pas non plus de pression sur la tourn\u00e9e.\u00a0\u00bb<\/p>\n<p>Les probl\u00e8mes physiques ont \u00e9t\u00e9 difficiles \u00e0 faire face \u00e0 Minepoel, a d\u00e9clar\u00e9 Zabel: \u00ab\u00a0D&rsquo;apr\u00e8s une forme sup\u00e9rieure, vous tombez rapidement dans un trou, ce qui est tr\u00e8s terrible lorsque vous ne savez pas et que vous \u00eates utilis\u00e9. Les jambes sont simplement proches et vides. Il ne ressemble plus \u00e0 votre corps. C&rsquo;est une sensation terrible.\u00a0\u00bb (Cre \/ Eurosport)<\/p>\n<p><em><strong>Sur le sujet, voir \u00e9galement l&rsquo;article suivant sur OD:<\/strong><\/em><\/p>\n<div class=\"responsive-embed widescreen\">\n<blockquote class=\"wp-embedded-content\" data-secret=\"arswfNShfN\">\n<p>Bang on the Tour: Remco Evenepoel abandonne &#8211; la Belgique perd \u00e9galement le blanc apr\u00e8s le maillot vert<\/p>\n<\/blockquote>\n<p><iframe loading=\"lazy\" class=\"wp-embedded-content\" sandbox=\"allow-scripts\" security=\"restricted\" style=\"position: absolute; visibility: hidden;\" title=\"\u201ePaukenschlag bei der Tour: Remco Evenepoel gibt auf \u2013 Nach Gr\u00fcnem Trikot verliert Belgien auch das Wei\u00dfe\u201c \u2014 Ostbelgien Direkt\" src=\"https:\/\/ostbelgiendirekt.be\/about:blank\" data-secret=\"arswfNShfN\" width=\"500\" height=\"282\" frameborder=\"0\" marginwidth=\"0\" marginheight=\"0\" scrolling=\"no\" data-rocket-lazyload=\"fitvidscompatible\" data-lazy-src=\"https:\/\/ostbelgiendirekt.be\/evenepoel-gibt-auf-420453\/embed#?secret=SMjdebYTmy#?secret=arswfNShfN\"><\/iframe><noscript><iframe class=\"wp-embedded-content\" sandbox=\"allow-scripts\" security=\"restricted\" style=\"position: absolute; visibility: hidden;\" title=\"\u201ePaukenschlag bei der Tour: Remco Evenepoel gibt auf \u2013 Nach Gr\u00fcnem Trikot verliert Belgien auch das Wei\u00dfe\u201c \u2014 Ostbelgien Direkt\" src=\"https:\/\/ostbelgiendirekt.be\/evenepoel-gibt-auf-420453\/embed#?secret=SMjdebYTmy#?secret=arswfNShfN\" data-secret=\"arswfNShfN\" width=\"500\" height=\"282\" frameborder=\"0\" marginwidth=\"0\" marginheight=\"0\" scrolling=\"no\"><\/iframe><\/noscript><\/p>\n<\/div>\n","protected":false},"excerpt":{"rendered":"<p>Soit dit en passant, tandis que le Tour de France Tour de France, le \u00ab\u00a0g\u00e9ant de la Provence\u00a0\u00bb, le \u00ab\u00a0g\u00e9ant de la Provence\u00a0\u00bb, doit \u00eatre<\/p>\n","protected":false},"author":1,"featured_media":8933,"comment_status":"","ping_status":"","sticky":false,"template":"","format":"standard","meta":{"footnotes":""},"categories":[298],"tags":[4332,2552,23,891,7863,7861,3728,6493,7862,7860,110],"class_list":["post-8932","post","type-post","status-publish","format-standard","has-post-thumbnail","hentry","category-belgique","tag-aide","tag-doit","tag-etre","tag-meme","tag-mentalement","tag-psychologique","tag-recommande","tag-remco","tag-traite","tag-ullrich","tag-une","generate-columns","tablet-grid-50","mobile-grid-100","grid-parent","grid-33"],"yoast_head":"<!-- This site is optimized with the Yoast SEO plugin v24.0 - https:\/\/yoast.com\/wordpress\/plugins\/seo\/ -->\n<title>Ullrich recommande une aide psychologique de m\u00eame: &quot;REMCO doit \u00eatre trait\u00e9 mentalement&quot; | Vie Associative<\/title>\n<meta name=\"robots\" content=\"index, follow, max-snippet:-1, max-image-preview:large, max-video-preview:-1\" \/>\n<link rel=\"canonical\" href=\"https:\/\/vieassociative.be\/actualites\/ullrich-recommande-une-aide-psychologique-de-meme-remco-doit-etre-traite-mentalement\/\" \/>\n<meta property=\"og:locale\" content=\"fr_FR\" \/>\n<meta property=\"og:type\" content=\"article\" \/>\n<meta property=\"og:title\" content=\"Ullrich recommande une aide psychologique de m\u00eame: &quot;REMCO doit \u00eatre trait\u00e9 mentalement&quot; | Vie Associative\" \/>\n<meta property=\"og:description\" content=\"Soit dit en passant, tandis que le Tour de France Tour de France, le \u00ab\u00a0g\u00e9ant de la Provence\u00a0\u00bb, le \u00ab\u00a0g\u00e9ant de la Provence\u00a0\u00bb, doit \u00eatre\" \/>\n<meta property=\"og:url\" content=\"https:\/\/vieassociative.be\/actualites\/ullrich-recommande-une-aide-psychologique-de-meme-remco-doit-etre-traite-mentalement\/\" \/>\n<meta property=\"og:site_name\" content=\"Vie Associative\" \/>\n<meta property=\"article:published_time\" content=\"2025-07-22T14:17:48+00:00\" \/>\n<meta property=\"og:image\" content=\"https:\/\/vieassociative.be\/actualites\/wp-content\/uploads\/2024\/09\/header_backgroundk-01-e1726694325946.png\" \/>\n\t<meta property=\"og:image:width\" content=\"279\" \/>\n\t<meta property=\"og:image:height\" content=\"92\" \/>\n\t<meta property=\"og:image:type\" content=\"image\/png\" \/>\n<meta name=\"author\" content=\"Julien\" \/>\n<meta name=\"twitter:card\" content=\"summary_large_image\" \/>\n<meta name=\"twitter:label1\" content=\"\u00c9crit par\" \/>\n\t<meta name=\"twitter:data1\" content=\"Julien\" \/>\n\t<meta name=\"twitter:label2\" content=\"Dur\u00e9e de lecture est.\" \/>\n\t<meta name=\"twitter:data2\" content=\"2 minutes\" \/>\n<script type=\"application\/ld+json\" class=\"yoast-schema-graph\">{\"@context\":\"https:\/\/schema.org\",\"@graph\":[{\"@type\":\"Article\",\"@id\":\"https:\/\/vieassociative.be\/actualites\/ullrich-recommande-une-aide-psychologique-de-meme-remco-doit-etre-traite-mentalement\/#article\",\"isPartOf\":{\"@id\":\"https:\/\/vieassociative.be\/actualites\/ullrich-recommande-une-aide-psychologique-de-meme-remco-doit-etre-traite-mentalement\/\"},\"author\":{\"name\":\"Julien\",\"@id\":\"https:\/\/vieassociative.be\/actualites\/#\/schema\/person\/b87ac4f82f9d4e7b7cec7395b679edc4\"},\"headline\":\"Ullrich recommande une aide psychologique de m\u00eame: \u00ab\u00a0REMCO doit \u00eatre trait\u00e9 mentalement\u00a0\u00bb\",\"datePublished\":\"2025-07-22T14:17:48+00:00\",\"dateModified\":\"2025-07-22T14:17:48+00:00\",\"mainEntityOfPage\":{\"@id\":\"https:\/\/vieassociative.be\/actualites\/ullrich-recommande-une-aide-psychologique-de-meme-remco-doit-etre-traite-mentalement\/\"},\"wordCount\":476,\"publisher\":{\"@id\":\"https:\/\/vieassociative.be\/actualites\/#organization\"},\"image\":{\"@id\":\"https:\/\/vieassociative.be\/actualites\/ullrich-recommande-une-aide-psychologique-de-meme-remco-doit-etre-traite-mentalement\/#primaryimage\"},\"thumbnailUrl\":\"https:\/\/vieassociative.be\/actualites\/wp-content\/uploads\/2025\/07\/1753193868_Ullrich-recommande-une-aide-psychologique-de-meme-REMCO-doit-etre.jpg\",\"keywords\":[\"aid\u00e9\",\"doit\",\"\u00eatre\",\"m\u00eame\",\"mentalement\",\"psychologique\",\"recommande\",\"Remco\",\"trait\u00e9\",\"Ullrich\",\"une\"],\"articleSection\":[\"Belgique\"],\"inLanguage\":\"fr-BE\"},{\"@type\":\"WebPage\",\"@id\":\"https:\/\/vieassociative.be\/actualites\/ullrich-recommande-une-aide-psychologique-de-meme-remco-doit-etre-traite-mentalement\/\",\"url\":\"https:\/\/vieassociative.be\/actualites\/ullrich-recommande-une-aide-psychologique-de-meme-remco-doit-etre-traite-mentalement\/\",\"name\":\"Ullrich recommande une aide psychologique de m\u00eame: \\\"REMCO doit \u00eatre trait\u00e9 mentalement\\\" | Vie Associative\",\"isPartOf\":{\"@id\":\"https:\/\/vieassociative.be\/actualites\/#website\"},\"primaryImageOfPage\":{\"@id\":\"https:\/\/vieassociative.be\/actualites\/ullrich-recommande-une-aide-psychologique-de-meme-remco-doit-etre-traite-mentalement\/#primaryimage\"},\"image\":{\"@id\":\"https:\/\/vieassociative.be\/actualites\/ullrich-recommande-une-aide-psychologique-de-meme-remco-doit-etre-traite-mentalement\/#primaryimage\"},\"thumbnailUrl\":\"https:\/\/vieassociative.be\/actualites\/wp-content\/uploads\/2025\/07\/1753193868_Ullrich-recommande-une-aide-psychologique-de-meme-REMCO-doit-etre.jpg\",\"datePublished\":\"2025-07-22T14:17:48+00:00\",\"dateModified\":\"2025-07-22T14:17:48+00:00\",\"breadcrumb\":{\"@id\":\"https:\/\/vieassociative.be\/actualites\/ullrich-recommande-une-aide-psychologique-de-meme-remco-doit-etre-traite-mentalement\/#breadcrumb\"},\"inLanguage\":\"fr-BE\",\"potentialAction\":[{\"@type\":\"ReadAction\",\"target\":[\"https:\/\/vieassociative.be\/actualites\/ullrich-recommande-une-aide-psychologique-de-meme-remco-doit-etre-traite-mentalement\/\"]}]},{\"@type\":\"ImageObject\",\"inLanguage\":\"fr-BE\",\"@id\":\"https:\/\/vieassociative.be\/actualites\/ullrich-recommande-une-aide-psychologique-de-meme-remco-doit-etre-traite-mentalement\/#primaryimage\",\"url\":\"https:\/\/vieassociative.be\/actualites\/wp-content\/uploads\/2025\/07\/1753193868_Ullrich-recommande-une-aide-psychologique-de-meme-REMCO-doit-etre.jpg\",\"contentUrl\":\"https:\/\/vieassociative.be\/actualites\/wp-content\/uploads\/2025\/07\/1753193868_Ullrich-recommande-une-aide-psychologique-de-meme-REMCO-doit-etre.jpg\",\"width\":1200,\"height\":800,\"caption\":\"Ullrich recommande une aide psychologique de m\u00eame: \\\"REMCO doit \u00eatre trait\u00e9 mentalement\\\"\"},{\"@type\":\"BreadcrumbList\",\"@id\":\"https:\/\/vieassociative.be\/actualites\/ullrich-recommande-une-aide-psychologique-de-meme-remco-doit-etre-traite-mentalement\/#breadcrumb\",\"itemListElement\":[{\"@type\":\"ListItem\",\"position\":1,\"name\":\"Accueil\",\"item\":\"https:\/\/vieassociative.be\/actualites\/\"},{\"@type\":\"ListItem\",\"position\":2,\"name\":\"Ullrich recommande une aide psychologique de m\u00eame: \u00ab\u00a0REMCO doit \u00eatre trait\u00e9 mentalement\u00a0\u00bb\"}]},{\"@type\":\"WebSite\",\"@id\":\"https:\/\/vieassociative.be\/actualites\/#website\",\"url\":\"https:\/\/vieassociative.be\/actualites\/\",\"name\":\"Vie Associative\",\"description\":\"\",\"publisher\":{\"@id\":\"https:\/\/vieassociative.be\/actualites\/#organization\"},\"potentialAction\":[{\"@type\":\"SearchAction\",\"target\":{\"@type\":\"EntryPoint\",\"urlTemplate\":\"https:\/\/vieassociative.be\/actualites\/?s={search_term_string}\"},\"query-input\":{\"@type\":\"PropertyValueSpecification\",\"valueRequired\":true,\"valueName\":\"search_term_string\"}}],\"inLanguage\":\"fr-BE\"},{\"@type\":\"Organization\",\"@id\":\"https:\/\/vieassociative.be\/actualites\/#organization\",\"name\":\"Vie Associative\",\"url\":\"https:\/\/vieassociative.be\/actualites\/\",\"logo\":{\"@type\":\"ImageObject\",\"inLanguage\":\"fr-BE\",\"@id\":\"https:\/\/vieassociative.be\/actualites\/#\/schema\/logo\/image\/\",\"url\":\"https:\/\/vieassociative.be\/actualites\/wp-content\/uploads\/2024\/09\/cropped-vieassociative_favicon.ico.png\",\"contentUrl\":\"https:\/\/vieassociative.be\/actualites\/wp-content\/uploads\/2024\/09\/cropped-vieassociative_favicon.ico.png\",\"width\":512,\"height\":512,\"caption\":\"Vie Associative\"},\"image\":{\"@id\":\"https:\/\/vieassociative.be\/actualites\/#\/schema\/logo\/image\/\"}},{\"@type\":\"Person\",\"@id\":\"https:\/\/vieassociative.be\/actualites\/#\/schema\/person\/b87ac4f82f9d4e7b7cec7395b679edc4\",\"name\":\"Julien\",\"image\":{\"@type\":\"ImageObject\",\"inLanguage\":\"fr-BE\",\"@id\":\"https:\/\/vieassociative.be\/actualites\/#\/schema\/person\/image\/\",\"url\":\"https:\/\/vieassociative.be\/actualites\/wp-content\/uploads\/2024\/09\/vie-associative-1-150x150.jpg\",\"contentUrl\":\"https:\/\/vieassociative.be\/actualites\/wp-content\/uploads\/2024\/09\/vie-associative-1-150x150.jpg\",\"caption\":\"Julien\"},\"description\":\"Je suis Julien, r\u00e9dacteur pour Vie Associative. Passionn\u00e9 par le monde associatif depuis plus de 10 ans, j'ai \u00e0 c\u0153ur de partager des histoires inspirantes et de mettre en lumi\u00e8re les initiatives locales. Mon objectif est de sensibiliser et d'encourager l'engagement communautaire \u00e0 travers mes articles.\",\"sameAs\":[\"https:\/\/vieassociative.be\/\"]}]}<\/script>\n<!-- \/ Yoast SEO plugin. -->","yoast_head_json":{"title":"Ullrich recommande une aide psychologique de m\u00eame: \"REMCO doit \u00eatre trait\u00e9 mentalement\" | Vie Associative","robots":{"index":"index","follow":"follow","max-snippet":"max-snippet:-1","max-image-preview":"max-image-preview:large","max-video-preview":"max-video-preview:-1"},"canonical":"https:\/\/vieassociative.be\/actualites\/ullrich-recommande-une-aide-psychologique-de-meme-remco-doit-etre-traite-mentalement\/","og_locale":"fr_FR","og_type":"article","og_title":"Ullrich recommande une aide psychologique de m\u00eame: \"REMCO doit \u00eatre trait\u00e9 mentalement\" | Vie Associative","og_description":"Soit dit en passant, tandis que le Tour de France Tour de France, le \u00ab\u00a0g\u00e9ant de la Provence\u00a0\u00bb, le \u00ab\u00a0g\u00e9ant de la Provence\u00a0\u00bb, doit \u00eatre","og_url":"https:\/\/vieassociative.be\/actualites\/ullrich-recommande-une-aide-psychologique-de-meme-remco-doit-etre-traite-mentalement\/","og_site_name":"Vie Associative","article_published_time":"2025-07-22T14:17:48+00:00","og_image":[{"width":279,"height":92,"url":"https:\/\/vieassociative.be\/actualites\/wp-content\/uploads\/2024\/09\/header_backgroundk-01-e1726694325946.png","type":"image\/png"}],"author":"Julien","twitter_card":"summary_large_image","twitter_misc":{"\u00c9crit par":"Julien","Dur\u00e9e de lecture est.":"2 minutes"},"schema":{"@context":"https:\/\/schema.org","@graph":[{"@type":"Article","@id":"https:\/\/vieassociative.be\/actualites\/ullrich-recommande-une-aide-psychologique-de-meme-remco-doit-etre-traite-mentalement\/#article","isPartOf":{"@id":"https:\/\/vieassociative.be\/actualites\/ullrich-recommande-une-aide-psychologique-de-meme-remco-doit-etre-traite-mentalement\/"},"author":{"name":"Julien","@id":"https:\/\/vieassociative.be\/actualites\/#\/schema\/person\/b87ac4f82f9d4e7b7cec7395b679edc4"},"headline":"Ullrich recommande une aide psychologique de m\u00eame: \u00ab\u00a0REMCO doit \u00eatre trait\u00e9 mentalement\u00a0\u00bb","datePublished":"2025-07-22T14:17:48+00:00","dateModified":"2025-07-22T14:17:48+00:00","mainEntityOfPage":{"@id":"https:\/\/vieassociative.be\/actualites\/ullrich-recommande-une-aide-psychologique-de-meme-remco-doit-etre-traite-mentalement\/"},"wordCount":476,"publisher":{"@id":"https:\/\/vieassociative.be\/actualites\/#organization"},"image":{"@id":"https:\/\/vieassociative.be\/actualites\/ullrich-recommande-une-aide-psychologique-de-meme-remco-doit-etre-traite-mentalement\/#primaryimage"},"thumbnailUrl":"https:\/\/vieassociative.be\/actualites\/wp-content\/uploads\/2025\/07\/1753193868_Ullrich-recommande-une-aide-psychologique-de-meme-REMCO-doit-etre.jpg","keywords":["aid\u00e9","doit","\u00eatre","m\u00eame","mentalement","psychologique","recommande","Remco","trait\u00e9","Ullrich","une"],"articleSection":["Belgique"],"inLanguage":"fr-BE"},{"@type":"WebPage","@id":"https:\/\/vieassociative.be\/actualites\/ullrich-recommande-une-aide-psychologique-de-meme-remco-doit-etre-traite-mentalement\/","url":"https:\/\/vieassociative.be\/actualites\/ullrich-recommande-une-aide-psychologique-de-meme-remco-doit-etre-traite-mentalement\/","name":"Ullrich recommande une aide psychologique de m\u00eame: \"REMCO doit \u00eatre trait\u00e9 mentalement\" | Vie Associative","isPartOf":{"@id":"https:\/\/vieassociative.be\/actualites\/#website"},"primaryImageOfPage":{"@id":"https:\/\/vieassociative.be\/actualites\/ullrich-recommande-une-aide-psychologique-de-meme-remco-doit-etre-traite-mentalement\/#primaryimage"},"image":{"@id":"https:\/\/vieassociative.be\/actualites\/ullrich-recommande-une-aide-psychologique-de-meme-remco-doit-etre-traite-mentalement\/#primaryimage"},"thumbnailUrl":"https:\/\/vieassociative.be\/actualites\/wp-content\/uploads\/2025\/07\/1753193868_Ullrich-recommande-une-aide-psychologique-de-meme-REMCO-doit-etre.jpg","datePublished":"2025-07-22T14:17:48+00:00","dateModified":"2025-07-22T14:17:48+00:00","breadcrumb":{"@id":"https:\/\/vieassociative.be\/actualites\/ullrich-recommande-une-aide-psychologique-de-meme-remco-doit-etre-traite-mentalement\/#breadcrumb"},"inLanguage":"fr-BE","potentialAction":[{"@type":"ReadAction","target":["https:\/\/vieassociative.be\/actualites\/ullrich-recommande-une-aide-psychologique-de-meme-remco-doit-etre-traite-mentalement\/"]}]},{"@type":"ImageObject","inLanguage":"fr-BE","@id":"https:\/\/vieassociative.be\/actualites\/ullrich-recommande-une-aide-psychologique-de-meme-remco-doit-etre-traite-mentalement\/#primaryimage","url":"https:\/\/vieassociative.be\/actualites\/wp-content\/uploads\/2025\/07\/1753193868_Ullrich-recommande-une-aide-psychologique-de-meme-REMCO-doit-etre.jpg","contentUrl":"https:\/\/vieassociative.be\/actualites\/wp-content\/uploads\/2025\/07\/1753193868_Ullrich-recommande-une-aide-psychologique-de-meme-REMCO-doit-etre.jpg","width":1200,"height":800,"caption":"Ullrich recommande une aide psychologique de m\u00eame: \"REMCO doit \u00eatre trait\u00e9 mentalement\""},{"@type":"BreadcrumbList","@id":"https:\/\/vieassociative.be\/actualites\/ullrich-recommande-une-aide-psychologique-de-meme-remco-doit-etre-traite-mentalement\/#breadcrumb","itemListElement":[{"@type":"ListItem","position":1,"name":"Accueil","item":"https:\/\/vieassociative.be\/actualites\/"},{"@type":"ListItem","position":2,"name":"Ullrich recommande une aide psychologique de m\u00eame: \u00ab\u00a0REMCO doit \u00eatre trait\u00e9 mentalement\u00a0\u00bb"}]},{"@type":"WebSite","@id":"https:\/\/vieassociative.be\/actualites\/#website","url":"https:\/\/vieassociative.be\/actualites\/","name":"Vie Associative","description":"","publisher":{"@id":"https:\/\/vieassociative.be\/actualites\/#organization"},"potentialAction":[{"@type":"SearchAction","target":{"@type":"EntryPoint","urlTemplate":"https:\/\/vieassociative.be\/actualites\/?s={search_term_string}"},"query-input":{"@type":"PropertyValueSpecification","valueRequired":true,"valueName":"search_term_string"}}],"inLanguage":"fr-BE"},{"@type":"Organization","@id":"https:\/\/vieassociative.be\/actualites\/#organization","name":"Vie Associative","url":"https:\/\/vieassociative.be\/actualites\/","logo":{"@type":"ImageObject","inLanguage":"fr-BE","@id":"https:\/\/vieassociative.be\/actualites\/#\/schema\/logo\/image\/","url":"https:\/\/vieassociative.be\/actualites\/wp-content\/uploads\/2024\/09\/cropped-vieassociative_favicon.ico.png","contentUrl":"https:\/\/vieassociative.be\/actualites\/wp-content\/uploads\/2024\/09\/cropped-vieassociative_favicon.ico.png","width":512,"height":512,"caption":"Vie Associative"},"image":{"@id":"https:\/\/vieassociative.be\/actualites\/#\/schema\/logo\/image\/"}},{"@type":"Person","@id":"https:\/\/vieassociative.be\/actualites\/#\/schema\/person\/b87ac4f82f9d4e7b7cec7395b679edc4","name":"Julien","image":{"@type":"ImageObject","inLanguage":"fr-BE","@id":"https:\/\/vieassociative.be\/actualites\/#\/schema\/person\/image\/","url":"https:\/\/vieassociative.be\/actualites\/wp-content\/uploads\/2024\/09\/vie-associative-1-150x150.jpg","contentUrl":"https:\/\/vieassociative.be\/actualites\/wp-content\/uploads\/2024\/09\/vie-associative-1-150x150.jpg","caption":"Julien"},"description":"Je suis Julien, r\u00e9dacteur pour Vie Associative. Passionn\u00e9 par le monde associatif depuis plus de 10 ans, j'ai \u00e0 c\u0153ur de partager des histoires inspirantes et de mettre en lumi\u00e8re les initiatives locales. Mon objectif est de sensibiliser et d'encourager l'engagement communautaire \u00e0 travers mes articles.","sameAs":["https:\/\/vieassociative.be\/"]}]}},"_links":{"self":[{"href":"https:\/\/vieassociative.be\/actualites\/wp-json\/wp\/v2\/posts\/8932"}],"collection":[{"href":"https:\/\/vieassociative.be\/actualites\/wp-json\/wp\/v2\/posts"}],"about":[{"href":"https:\/\/vieassociative.be\/actualites\/wp-json\/wp\/v2\/types\/post"}],"author":[{"embeddable":true,"href":"https:\/\/vieassociative.be\/actualites\/wp-json\/wp\/v2\/users\/1"}],"replies":[{"embeddable":true,"href":"https:\/\/vieassociative.be\/actualites\/wp-json\/wp\/v2\/comments?post=8932"}],"version-history":[{"count":0,"href":"https:\/\/vieassociative.be\/actualites\/wp-json\/wp\/v2\/posts\/8932\/revisions"}],"wp:featuredmedia":[{"embeddable":true,"href":"https:\/\/vieassociative.be\/actualites\/wp-json\/wp\/v2\/media\/8933"}],"wp:attachment":[{"href":"https:\/\/vieassociative.be\/actualites\/wp-json\/wp\/v2\/media?parent=8932"}],"wp:term":[{"taxonomy":"category","embeddable":true,"href":"https:\/\/vieassociative.be\/actualites\/wp-json\/wp\/v2\/categories?post=8932"},{"taxonomy":"post_tag","embeddable":true,"href":"https:\/\/vieassociative.be\/actualites\/wp-json\/wp\/v2\/tags?post=8932"}],"curies":[{"name":"wp","href":"https:\/\/api.w.org\/{rel}","templated":true}]}}