{"id":8926,"date":"2025-07-22T10:18:22","date_gmt":"2025-07-22T08:18:22","guid":{"rendered":"https:\/\/vieassociative.be\/actualites\/festival-folklorique-de-hump-happy-a-eupen-galerie-de-photos\/"},"modified":"2025-07-22T10:18:22","modified_gmt":"2025-07-22T08:18:22","slug":"festival-folklorique-de-hump-happy-a-eupen-galerie-de-photos","status":"publish","type":"post","link":"https:\/\/vieassociative.be\/actualites\/festival-folklorique-de-hump-happy-a-eupen-galerie-de-photos\/","title":{"rendered":"Festival folklorique de HUMP-Happy \u00e0 Eupen (galerie de photos)"},"content":{"rendered":"<p><strong>Les visiteurs du festival pour la f\u00eate nationale \u00e0 Eupen dans le parking sur Bergstrasse \u00e9taient une bonne atmosph\u00e8re malgr\u00e9 la douche pluviale interne et parfois violente.<\/strong><\/p>\n<p><span id=\"more-420659\"><\/span>Les averses de pluie apport\u00e9es avec eux ont \u00e9t\u00e9 serr\u00e9es sur les averses de pluie. Cependant, il a continu\u00e9 \u00e0 c\u00e9l\u00e9brer, comme les photos du spectacle de Patrick von Staufenberg (voir la galerie de photos ci-dessous).<\/p>\n<p>Le Belge de l&rsquo;Est ne peut pas \u00eatre instable ou chasser les d\u00e9p\u00f4ts pluvieux qui tombent du ciel ou en attendant.<\/p>\n<div id=\"attachment_420664\" class=\"wp-caption alignleft\" style=\"max-width: 300px\"><img fetchpriority=\"high\" decoding=\"async\" class=\"wp-image-420664 size-medium\" src=\"https:\/\/vieassociative.be\/actualites\/wp-content\/uploads\/2025\/07\/Festival-folklorique-de-HUMP-Happy-a-Eupen-galerie-de-photos.jpg\" alt=\"\" width=\"300\" height=\"201\"  ><\/p>\n<p class=\"wp-caption-text\">Pour le maire d&rsquo;Eupen Thomas Lennertz (L), c&rsquo;\u00e9tait la premi\u00e8re f\u00eate nationale en sa qualit\u00e9 de chef de la ville. Photo: Patrick von Staufenberg<\/p>\n<\/div>\n<p>L&rsquo;un des invit\u00e9s \u00e9minents \u00e9tait le maire d&rsquo;Eupen Thomas Lennertz, qui a c\u00e9l\u00e9br\u00e9 sa premi\u00e8re f\u00eate nationale en sa qualit\u00e9 de chef de la ville.<\/p>\n<p>La f\u00eate nationale en 2025 \u00e0 Eupen \u00e9tait dans le vrai sens du terme, surtout heureux, mais certainement pas ennuyeux.<\/p>\n<p>Sur la sc\u00e8ne principale, les Shettys ont fourni de la musique live \u00e9motionnelle avec un m\u00e9lange de folk, d&rsquo;acoustique et de rock. Silvermoon a convaincu un r\u00e9pertoire polyvalent de classiques des ann\u00e9es 1970\/1980 \u00e0 un graphique actuel Hits professionnellement, entra\u00eenant et exp\u00e9riment\u00e9 sur sc\u00e8ne.<\/p>\n<p>La gloire couronn\u00e9e est Al Ritmo del Son, une formation internationale avec des musiciens de Cuba, du Chili et de la Belgique, qui ont apport\u00e9 de v\u00e9ritables cara\u00efbes \u00e0 Eupen avec des rythmes traditionnels tels que Cha-Cha-Cha, Cumbia et Danz\u00f3n. Au revoir le 21 juillet 2026 &#8211; j&rsquo;esp\u00e8re que joyeusement et plus mouill\u00e9! (PVS)<\/p>\n<p><em><strong>Vous trouverez ci-dessous une galerie de photos avec des photos du photographe Patrick von Staufenberg du Festival folklorique de l&rsquo;Eupen pour la f\u00eate nationale dans le parking de Bergstrasse (cliquez pour l&rsquo;\u00e9largissement):<\/strong><\/em><\/p>\n<div class=\"wp-gallery row\">\n<figure class=\"column small-6 medium-3 end\"><img decoding=\"async\" src=\"https:\/\/vieassociative.be\/actualites\/wp-content\/uploads\/2025\/07\/1753172299_265_Festival-folklorique-de-HUMP-Happy-a-Eupen-galerie-de-photos.jpg\" width=\"159\" height=\"159\" alt=\"\"><\/figure>\n<figure class=\"column small-6 medium-3 end\"><img decoding=\"async\" src=\"https:\/\/vieassociative.be\/actualites\/wp-content\/uploads\/2025\/07\/1753172299_677_Festival-folklorique-de-HUMP-Happy-a-Eupen-galerie-de-photos.jpg\" width=\"159\" height=\"159\" alt=\"\"><\/figure>\n<figure class=\"column small-6 medium-3 end\"><img loading=\"lazy\" decoding=\"async\" src=\"https:\/\/vieassociative.be\/actualites\/wp-content\/uploads\/2025\/07\/1753172299_527_Festival-folklorique-de-HUMP-Happy-a-Eupen-galerie-de-photos.jpg\" width=\"159\" height=\"159\" alt=\"\"><\/figure>\n<figure class=\"column small-6 medium-3 end\"><img loading=\"lazy\" decoding=\"async\" src=\"https:\/\/vieassociative.be\/actualites\/wp-content\/uploads\/2025\/07\/1753172300_751_Festival-folklorique-de-HUMP-Happy-a-Eupen-galerie-de-photos.jpg\" width=\"159\" height=\"159\" alt=\"\"><\/figure>\n<figure class=\"column small-6 medium-3 end\"><img loading=\"lazy\" decoding=\"async\" src=\"https:\/\/vieassociative.be\/actualites\/wp-content\/uploads\/2025\/07\/1753172300_217_Festival-folklorique-de-HUMP-Happy-a-Eupen-galerie-de-photos.jpg\" width=\"159\" height=\"159\" alt=\"\"><\/figure>\n<figure class=\"column small-6 medium-3 end\"><img loading=\"lazy\" decoding=\"async\" src=\"https:\/\/vieassociative.be\/actualites\/wp-content\/uploads\/2025\/07\/1753172300_952_Festival-folklorique-de-HUMP-Happy-a-Eupen-galerie-de-photos.jpg\" width=\"159\" height=\"159\" alt=\"\"><\/figure>\n<figure class=\"column small-6 medium-3 end\"><img loading=\"lazy\" decoding=\"async\" src=\"https:\/\/vieassociative.be\/actualites\/wp-content\/uploads\/2025\/07\/1753172300_949_Festival-folklorique-de-HUMP-Happy-a-Eupen-galerie-de-photos.jpg\" width=\"159\" height=\"159\" alt=\"\"><\/figure>\n<figure class=\"column small-6 medium-3 end\"><img loading=\"lazy\" decoding=\"async\" src=\"https:\/\/vieassociative.be\/actualites\/wp-content\/uploads\/2025\/07\/1753172300_431_Festival-folklorique-de-HUMP-Happy-a-Eupen-galerie-de-photos.jpg\" width=\"159\" height=\"159\" alt=\"\"><\/figure>\n<figure class=\"column small-6 medium-3 end\"><img loading=\"lazy\" decoding=\"async\" src=\"https:\/\/vieassociative.be\/actualites\/wp-content\/uploads\/2025\/07\/1753172300_63_Festival-folklorique-de-HUMP-Happy-a-Eupen-galerie-de-photos.jpg\" width=\"159\" height=\"159\" alt=\"\"><\/figure>\n<figure class=\"column small-6 medium-3 end\"><img loading=\"lazy\" decoding=\"async\" src=\"https:\/\/vieassociative.be\/actualites\/wp-content\/uploads\/2025\/07\/1753172300_785_Festival-folklorique-de-HUMP-Happy-a-Eupen-galerie-de-photos.jpg\" width=\"159\" height=\"159\" alt=\"\"><\/figure>\n<figure class=\"column small-6 medium-3 end\"><img loading=\"lazy\" decoding=\"async\" src=\"https:\/\/vieassociative.be\/actualites\/wp-content\/uploads\/2025\/07\/1753172300_519_Festival-folklorique-de-HUMP-Happy-a-Eupen-galerie-de-photos.jpg\" width=\"159\" height=\"159\" alt=\"\"><\/figure>\n<figure class=\"column small-6 medium-3 end\"><img loading=\"lazy\" decoding=\"async\" src=\"https:\/\/vieassociative.be\/actualites\/wp-content\/uploads\/2025\/07\/1753172300_233_Festival-folklorique-de-HUMP-Happy-a-Eupen-galerie-de-photos.jpg\" width=\"159\" height=\"159\" alt=\"\"><\/figure>\n<figure class=\"column small-6 medium-3 end\"><img loading=\"lazy\" decoding=\"async\" src=\"https:\/\/vieassociative.be\/actualites\/wp-content\/uploads\/2025\/07\/1753172300_428_Festival-folklorique-de-HUMP-Happy-a-Eupen-galerie-de-photos.jpg\" width=\"159\" height=\"159\" alt=\"\"><\/figure>\n<figure class=\"column small-6 medium-3 end\"><img loading=\"lazy\" decoding=\"async\" src=\"https:\/\/vieassociative.be\/actualites\/wp-content\/uploads\/2025\/07\/1753172300_956_Festival-folklorique-de-HUMP-Happy-a-Eupen-galerie-de-photos.jpg\" width=\"159\" height=\"159\" alt=\"\"><\/figure>\n<figure class=\"column small-6 medium-3 end\"><img loading=\"lazy\" decoding=\"async\" src=\"https:\/\/vieassociative.be\/actualites\/wp-content\/uploads\/2025\/07\/1753172300_504_Festival-folklorique-de-HUMP-Happy-a-Eupen-galerie-de-photos.jpg\" width=\"159\" height=\"159\" alt=\"\"><\/figure>\n<figure class=\"column small-6 medium-3 end\"><img loading=\"lazy\" decoding=\"async\" src=\"https:\/\/vieassociative.be\/actualites\/wp-content\/uploads\/2025\/07\/1753172300_187_Festival-folklorique-de-HUMP-Happy-a-Eupen-galerie-de-photos.jpg\" width=\"159\" height=\"159\" alt=\"\"><\/figure>\n<figure class=\"column small-6 medium-3 end\"><img loading=\"lazy\" decoding=\"async\" src=\"https:\/\/vieassociative.be\/actualites\/wp-content\/uploads\/2025\/07\/1753172300_463_Festival-folklorique-de-HUMP-Happy-a-Eupen-galerie-de-photos.jpg\" width=\"159\" height=\"159\" alt=\"\"><\/figure>\n<figure class=\"column small-6 medium-3 end\"><img loading=\"lazy\" decoding=\"async\" src=\"https:\/\/vieassociative.be\/actualites\/wp-content\/uploads\/2025\/07\/1753172300_640_Festival-folklorique-de-HUMP-Happy-a-Eupen-galerie-de-photos.jpg\" width=\"159\" height=\"159\" alt=\"\"><\/figure>\n<figure class=\"column small-6 medium-3 end\"><img loading=\"lazy\" decoding=\"async\" src=\"https:\/\/vieassociative.be\/actualites\/wp-content\/uploads\/2025\/07\/1753172300_956_Festival-folklorique-de-HUMP-Happy-a-Eupen-galerie-de-photos.jpg\" width=\"159\" height=\"159\" alt=\"\"><\/figure>\n<figure class=\"column small-6 medium-3 end\"><img loading=\"lazy\" decoding=\"async\" src=\"https:\/\/vieassociative.be\/actualites\/wp-content\/uploads\/2025\/07\/1753172300_479_Festival-folklorique-de-HUMP-Happy-a-Eupen-galerie-de-photos.jpg\" width=\"159\" height=\"159\" alt=\"\"><\/figure>\n<figure class=\"column small-6 medium-3 end\"><img loading=\"lazy\" decoding=\"async\" src=\"https:\/\/vieassociative.be\/actualites\/wp-content\/uploads\/2025\/07\/1753172300_415_Festival-folklorique-de-HUMP-Happy-a-Eupen-galerie-de-photos.jpg\" width=\"159\" height=\"159\" alt=\"\"><\/figure>\n<figure class=\"column small-6 medium-3 end\"><img loading=\"lazy\" decoding=\"async\" src=\"https:\/\/vieassociative.be\/actualites\/wp-content\/uploads\/2025\/07\/1753172300_299_Festival-folklorique-de-HUMP-Happy-a-Eupen-galerie-de-photos.jpg\" width=\"159\" height=\"159\" alt=\"\"><\/figure>\n<figure class=\"column small-6 medium-3 end\"><img loading=\"lazy\" decoding=\"async\" src=\"https:\/\/vieassociative.be\/actualites\/wp-content\/uploads\/2025\/07\/1753172300_569_Festival-folklorique-de-HUMP-Happy-a-Eupen-galerie-de-photos.jpg\" width=\"159\" height=\"159\" alt=\"\"><\/figure>\n<figure class=\"column small-6 medium-3 end\"><img loading=\"lazy\" decoding=\"async\" src=\"https:\/\/vieassociative.be\/actualites\/wp-content\/uploads\/2025\/07\/1753172300_505_Festival-folklorique-de-HUMP-Happy-a-Eupen-galerie-de-photos.jpg\" width=\"159\" height=\"159\" alt=\"\"><\/figure>\n<figure class=\"column small-6 medium-3 end\"><img loading=\"lazy\" decoding=\"async\" src=\"https:\/\/vieassociative.be\/actualites\/wp-content\/uploads\/2025\/07\/1753172301_141_Festival-folklorique-de-HUMP-Happy-a-Eupen-galerie-de-photos.jpg\" width=\"159\" height=\"159\" alt=\"\"><\/figure>\n<figure class=\"column small-6 medium-3 end\"><img loading=\"lazy\" decoding=\"async\" src=\"https:\/\/vieassociative.be\/actualites\/wp-content\/uploads\/2025\/07\/1753172301_490_Festival-folklorique-de-HUMP-Happy-a-Eupen-galerie-de-photos.jpg\" width=\"159\" height=\"159\" alt=\"\"><\/figure>\n<figure class=\"column small-6 medium-3 end\"><img loading=\"lazy\" decoding=\"async\" src=\"https:\/\/vieassociative.be\/actualites\/wp-content\/uploads\/2025\/07\/1753172301_840_Festival-folklorique-de-HUMP-Happy-a-Eupen-galerie-de-photos.jpg\" width=\"159\" height=\"159\" alt=\"\"><\/figure>\n<figure class=\"column small-6 medium-3 end\"><img loading=\"lazy\" decoding=\"async\" src=\"https:\/\/vieassociative.be\/actualites\/wp-content\/uploads\/2025\/07\/1753172301_937_Festival-folklorique-de-HUMP-Happy-a-Eupen-galerie-de-photos.jpg\" width=\"159\" height=\"159\" alt=\"\"><\/figure>\n<figure class=\"column small-6 medium-3 end\"><img loading=\"lazy\" decoding=\"async\" src=\"https:\/\/vieassociative.be\/actualites\/wp-content\/uploads\/2025\/07\/1753172301_804_Festival-folklorique-de-HUMP-Happy-a-Eupen-galerie-de-photos.jpg\" width=\"159\" height=\"159\" alt=\"\"><\/figure>\n<figure class=\"column small-6 medium-3 end\"><img loading=\"lazy\" decoding=\"async\" src=\"https:\/\/vieassociative.be\/actualites\/wp-content\/uploads\/2025\/07\/1753172301_856_Festival-folklorique-de-HUMP-Happy-a-Eupen-galerie-de-photos.jpg\" width=\"159\" height=\"159\" alt=\"\"><\/figure>\n<figure class=\"column small-6 medium-3 end\"><img loading=\"lazy\" decoding=\"async\" src=\"https:\/\/vieassociative.be\/actualites\/wp-content\/uploads\/2025\/07\/1753172301_862_Festival-folklorique-de-HUMP-Happy-a-Eupen-galerie-de-photos.jpg\" width=\"159\" height=\"159\" alt=\"\"><\/figure>\n<figure class=\"column small-6 medium-3 end\"><img loading=\"lazy\" decoding=\"async\" src=\"https:\/\/vieassociative.be\/actualites\/wp-content\/uploads\/2025\/07\/1753172301_838_Festival-folklorique-de-HUMP-Happy-a-Eupen-galerie-de-photos.jpg\" width=\"159\" height=\"159\" alt=\"\"><\/figure>\n<figure class=\"column small-6 medium-3 end\"><img loading=\"lazy\" decoding=\"async\" src=\"https:\/\/vieassociative.be\/actualites\/wp-content\/uploads\/2025\/07\/1753172301_21_Festival-folklorique-de-HUMP-Happy-a-Eupen-galerie-de-photos.jpg\" width=\"159\" height=\"159\" alt=\"\"><\/figure>\n<figure class=\"column small-6 medium-3 end\"><img loading=\"lazy\" decoding=\"async\" src=\"https:\/\/vieassociative.be\/actualites\/wp-content\/uploads\/2025\/07\/1753172301_142_Festival-folklorique-de-HUMP-Happy-a-Eupen-galerie-de-photos.jpg\" width=\"159\" height=\"159\" alt=\"\"><\/figure>\n<figure class=\"column small-6 medium-3 end\"><img loading=\"lazy\" decoding=\"async\" src=\"https:\/\/vieassociative.be\/actualites\/wp-content\/uploads\/2025\/07\/1753172301_225_Festival-folklorique-de-HUMP-Happy-a-Eupen-galerie-de-photos.jpg\" width=\"159\" height=\"159\" alt=\"\"><\/figure>\n<figure class=\"column small-6 medium-3 end\"><img loading=\"lazy\" decoding=\"async\" src=\"https:\/\/vieassociative.be\/actualites\/wp-content\/uploads\/2025\/07\/1753172301_717_Festival-folklorique-de-HUMP-Happy-a-Eupen-galerie-de-photos.jpg\" width=\"159\" height=\"159\" alt=\"\"><\/figure>\n<figure class=\"column small-6 medium-3 end\"><img loading=\"lazy\" decoding=\"async\" src=\"https:\/\/vieassociative.be\/actualites\/wp-content\/uploads\/2025\/07\/1753172301_658_Festival-folklorique-de-HUMP-Happy-a-Eupen-galerie-de-photos.jpg\" width=\"159\" height=\"159\" alt=\"\"><\/figure>\n<figure class=\"column small-6 medium-3 end\"><img loading=\"lazy\" decoding=\"async\" src=\"https:\/\/vieassociative.be\/actualites\/wp-content\/uploads\/2025\/07\/1753172301_120_Festival-folklorique-de-HUMP-Happy-a-Eupen-galerie-de-photos.jpg\" width=\"159\" height=\"159\" alt=\"\"><\/figure>\n<figure class=\"column small-6 medium-3 end\"><img loading=\"lazy\" decoding=\"async\" src=\"https:\/\/vieassociative.be\/actualites\/wp-content\/uploads\/2025\/07\/1753172301_600_Festival-folklorique-de-HUMP-Happy-a-Eupen-galerie-de-photos.jpg\" width=\"159\" height=\"159\" alt=\"\"><\/figure>\n<figure class=\"column small-6 medium-3 end\"><img loading=\"lazy\" decoding=\"async\" src=\"https:\/\/vieassociative.be\/actualites\/wp-content\/uploads\/2025\/07\/1753172301_957_Festival-folklorique-de-HUMP-Happy-a-Eupen-galerie-de-photos.jpg\" width=\"159\" height=\"159\" alt=\"\"><\/figure>\n<figure class=\"column small-6 medium-3 end\"><img loading=\"lazy\" decoding=\"async\" src=\"https:\/\/vieassociative.be\/actualites\/wp-content\/uploads\/2025\/07\/1753172301_186_Festival-folklorique-de-HUMP-Happy-a-Eupen-galerie-de-photos.jpg\" width=\"159\" height=\"159\" alt=\"\"><\/figure>\n<figure class=\"column small-6 medium-3 end\"><img loading=\"lazy\" decoding=\"async\" src=\"https:\/\/vieassociative.be\/actualites\/wp-content\/uploads\/2025\/07\/1753172301_702_Festival-folklorique-de-HUMP-Happy-a-Eupen-galerie-de-photos.jpg\" width=\"159\" height=\"159\" alt=\"\"><\/figure>\n<figure class=\"column small-6 medium-3 end\"><img loading=\"lazy\" decoding=\"async\" src=\"https:\/\/vieassociative.be\/actualites\/wp-content\/uploads\/2025\/07\/1753172301_788_Festival-folklorique-de-HUMP-Happy-a-Eupen-galerie-de-photos.jpg\" width=\"159\" height=\"159\" alt=\"\"><\/figure>\n<figure class=\"column small-6 medium-3 end\"><img loading=\"lazy\" decoding=\"async\" src=\"https:\/\/vieassociative.be\/actualites\/wp-content\/uploads\/2025\/07\/1753172301_43_Festival-folklorique-de-HUMP-Happy-a-Eupen-galerie-de-photos.jpg\" width=\"159\" height=\"159\" alt=\"\"><\/figure>\n<figure class=\"column small-6 medium-3 end\"><img loading=\"lazy\" decoding=\"async\" src=\"https:\/\/vieassociative.be\/actualites\/wp-content\/uploads\/2025\/07\/1753172302_202_Festival-folklorique-de-HUMP-Happy-a-Eupen-galerie-de-photos.jpg\" width=\"159\" height=\"159\" alt=\"\"><\/figure>\n<figure class=\"column small-6 medium-3 end\"><img loading=\"lazy\" decoding=\"async\" src=\"https:\/\/vieassociative.be\/actualites\/wp-content\/uploads\/2025\/07\/1753172302_416_Festival-folklorique-de-HUMP-Happy-a-Eupen-galerie-de-photos.jpg\" width=\"159\" height=\"159\" alt=\"\"><\/figure>\n<figure class=\"column small-6 medium-3 end\"><img loading=\"lazy\" decoding=\"async\" src=\"https:\/\/vieassociative.be\/actualites\/wp-content\/uploads\/2025\/07\/1753172302_312_Festival-folklorique-de-HUMP-Happy-a-Eupen-galerie-de-photos.jpg\" width=\"159\" height=\"159\" alt=\"\"><\/figure>\n<figure class=\"column small-6 medium-3 end\"><img loading=\"lazy\" decoding=\"async\" src=\"https:\/\/vieassociative.be\/actualites\/wp-content\/uploads\/2025\/07\/1753172302_199_Festival-folklorique-de-HUMP-Happy-a-Eupen-galerie-de-photos.jpg\" width=\"159\" height=\"159\" alt=\"\"><\/figure>\n<figure class=\"column small-6 medium-3 end\"><img loading=\"lazy\" decoding=\"async\" src=\"https:\/\/vieassociative.be\/actualites\/wp-content\/uploads\/2025\/07\/1753172302_894_Festival-folklorique-de-HUMP-Happy-a-Eupen-galerie-de-photos.jpg\" width=\"159\" height=\"159\" alt=\"\"><\/figure>\n<figure class=\"column small-6 medium-3 end\"><img loading=\"lazy\" decoding=\"async\" src=\"https:\/\/vieassociative.be\/actualites\/wp-content\/uploads\/2025\/07\/1753172302_370_Festival-folklorique-de-HUMP-Happy-a-Eupen-galerie-de-photos.jpg\" width=\"159\" height=\"159\" alt=\"\"><\/figure>\n<figure class=\"column small-6 medium-3 end\"><img loading=\"lazy\" decoding=\"async\" src=\"https:\/\/vieassociative.be\/actualites\/wp-content\/uploads\/2025\/07\/1753172302_131_Festival-folklorique-de-HUMP-Happy-a-Eupen-galerie-de-photos.jpg\" width=\"159\" height=\"159\" alt=\"\"><\/figure>\n<figure class=\"column small-6 medium-3 end\"><img loading=\"lazy\" decoding=\"async\" src=\"https:\/\/vieassociative.be\/actualites\/wp-content\/uploads\/2025\/07\/1753172302_534_Festival-folklorique-de-HUMP-Happy-a-Eupen-galerie-de-photos.jpg\" width=\"159\" height=\"159\" alt=\"\"><\/figure>\n<\/div>\n","protected":false},"excerpt":{"rendered":"<p>Les visiteurs du festival pour la f\u00eate nationale \u00e0 Eupen dans le parking sur Bergstrasse \u00e9taient une bonne atmosph\u00e8re malgr\u00e9 la douche pluviale interne et<\/p>\n","protected":false},"author":1,"featured_media":8927,"comment_status":"","ping_status":"","sticky":false,"template":"","format":"standard","meta":{"footnotes":""},"categories":[298],"tags":[2329,557,7855,3257,7856,283],"class_list":["post-8926","post","type-post","status-publish","format-standard","has-post-thumbnail","hentry","category-belgique","tag-eupen","tag-festival","tag-folklorique","tag-galerie","tag-humphappy","tag-photos","generate-columns","tablet-grid-50","mobile-grid-100","grid-parent","grid-33"],"yoast_head":"<!-- This site is optimized with the Yoast SEO plugin v24.0 - https:\/\/yoast.com\/wordpress\/plugins\/seo\/ -->\n<title>Festival folklorique de HUMP-Happy \u00e0 Eupen (galerie de photos) | Vie Associative<\/title>\n<meta name=\"robots\" content=\"index, follow, max-snippet:-1, max-image-preview:large, max-video-preview:-1\" \/>\n<link rel=\"canonical\" href=\"https:\/\/vieassociative.be\/actualites\/festival-folklorique-de-hump-happy-a-eupen-galerie-de-photos\/\" \/>\n<meta property=\"og:locale\" content=\"fr_FR\" \/>\n<meta property=\"og:type\" content=\"article\" \/>\n<meta property=\"og:title\" content=\"Festival folklorique de HUMP-Happy \u00e0 Eupen (galerie de photos) | Vie Associative\" \/>\n<meta property=\"og:description\" content=\"Les visiteurs du festival pour la f\u00eate nationale \u00e0 Eupen dans le parking sur Bergstrasse \u00e9taient une bonne atmosph\u00e8re malgr\u00e9 la douche pluviale interne et\" \/>\n<meta property=\"og:url\" content=\"https:\/\/vieassociative.be\/actualites\/festival-folklorique-de-hump-happy-a-eupen-galerie-de-photos\/\" \/>\n<meta property=\"og:site_name\" content=\"Vie Associative\" \/>\n<meta property=\"article:published_time\" content=\"2025-07-22T08:18:22+00:00\" \/>\n<meta property=\"og:image\" content=\"https:\/\/vieassociative.be\/actualites\/wp-content\/uploads\/2024\/09\/header_backgroundk-01-e1726694325946.png\" \/>\n\t<meta property=\"og:image:width\" content=\"279\" \/>\n\t<meta property=\"og:image:height\" content=\"92\" \/>\n\t<meta property=\"og:image:type\" content=\"image\/png\" \/>\n<meta name=\"author\" content=\"Julien\" \/>\n<meta name=\"twitter:card\" content=\"summary_large_image\" \/>\n<meta name=\"twitter:label1\" content=\"\u00c9crit par\" \/>\n\t<meta name=\"twitter:data1\" content=\"Julien\" \/>\n\t<meta name=\"twitter:label2\" content=\"Dur\u00e9e de lecture est.\" \/>\n\t<meta name=\"twitter:data2\" content=\"2 minutes\" \/>\n<script type=\"application\/ld+json\" class=\"yoast-schema-graph\">{\"@context\":\"https:\/\/schema.org\",\"@graph\":[{\"@type\":\"Article\",\"@id\":\"https:\/\/vieassociative.be\/actualites\/festival-folklorique-de-hump-happy-a-eupen-galerie-de-photos\/#article\",\"isPartOf\":{\"@id\":\"https:\/\/vieassociative.be\/actualites\/festival-folklorique-de-hump-happy-a-eupen-galerie-de-photos\/\"},\"author\":{\"name\":\"Julien\",\"@id\":\"https:\/\/vieassociative.be\/actualites\/#\/schema\/person\/b87ac4f82f9d4e7b7cec7395b679edc4\"},\"headline\":\"Festival folklorique de HUMP-Happy \u00e0 Eupen (galerie de photos)\",\"datePublished\":\"2025-07-22T08:18:22+00:00\",\"dateModified\":\"2025-07-22T08:18:22+00:00\",\"mainEntityOfPage\":{\"@id\":\"https:\/\/vieassociative.be\/actualites\/festival-folklorique-de-hump-happy-a-eupen-galerie-de-photos\/\"},\"wordCount\":320,\"publisher\":{\"@id\":\"https:\/\/vieassociative.be\/actualites\/#organization\"},\"image\":{\"@id\":\"https:\/\/vieassociative.be\/actualites\/festival-folklorique-de-hump-happy-a-eupen-galerie-de-photos\/#primaryimage\"},\"thumbnailUrl\":\"https:\/\/vieassociative.be\/actualites\/wp-content\/uploads\/2025\/07\/1753172305_Festival-folklorique-de-HUMP-Happy-a-Eupen-galerie-de-photos.jpg\",\"keywords\":[\"Eupen\",\"festival\",\"folklorique\",\"galerie\",\"HUMPHappy\",\"Photos\"],\"articleSection\":[\"Belgique\"],\"inLanguage\":\"fr-BE\"},{\"@type\":\"WebPage\",\"@id\":\"https:\/\/vieassociative.be\/actualites\/festival-folklorique-de-hump-happy-a-eupen-galerie-de-photos\/\",\"url\":\"https:\/\/vieassociative.be\/actualites\/festival-folklorique-de-hump-happy-a-eupen-galerie-de-photos\/\",\"name\":\"Festival folklorique de HUMP-Happy \u00e0 Eupen (galerie de photos) | Vie Associative\",\"isPartOf\":{\"@id\":\"https:\/\/vieassociative.be\/actualites\/#website\"},\"primaryImageOfPage\":{\"@id\":\"https:\/\/vieassociative.be\/actualites\/festival-folklorique-de-hump-happy-a-eupen-galerie-de-photos\/#primaryimage\"},\"image\":{\"@id\":\"https:\/\/vieassociative.be\/actualites\/festival-folklorique-de-hump-happy-a-eupen-galerie-de-photos\/#primaryimage\"},\"thumbnailUrl\":\"https:\/\/vieassociative.be\/actualites\/wp-content\/uploads\/2025\/07\/1753172305_Festival-folklorique-de-HUMP-Happy-a-Eupen-galerie-de-photos.jpg\",\"datePublished\":\"2025-07-22T08:18:22+00:00\",\"dateModified\":\"2025-07-22T08:18:22+00:00\",\"breadcrumb\":{\"@id\":\"https:\/\/vieassociative.be\/actualites\/festival-folklorique-de-hump-happy-a-eupen-galerie-de-photos\/#breadcrumb\"},\"inLanguage\":\"fr-BE\",\"potentialAction\":[{\"@type\":\"ReadAction\",\"target\":[\"https:\/\/vieassociative.be\/actualites\/festival-folklorique-de-hump-happy-a-eupen-galerie-de-photos\/\"]}]},{\"@type\":\"ImageObject\",\"inLanguage\":\"fr-BE\",\"@id\":\"https:\/\/vieassociative.be\/actualites\/festival-folklorique-de-hump-happy-a-eupen-galerie-de-photos\/#primaryimage\",\"url\":\"https:\/\/vieassociative.be\/actualites\/wp-content\/uploads\/2025\/07\/1753172305_Festival-folklorique-de-HUMP-Happy-a-Eupen-galerie-de-photos.jpg\",\"contentUrl\":\"https:\/\/vieassociative.be\/actualites\/wp-content\/uploads\/2025\/07\/1753172305_Festival-folklorique-de-HUMP-Happy-a-Eupen-galerie-de-photos.jpg\",\"width\":1300,\"height\":869,\"caption\":\"Festival folklorique de HUMP-Happy \u00e0 Eupen (galerie de photos)\"},{\"@type\":\"BreadcrumbList\",\"@id\":\"https:\/\/vieassociative.be\/actualites\/festival-folklorique-de-hump-happy-a-eupen-galerie-de-photos\/#breadcrumb\",\"itemListElement\":[{\"@type\":\"ListItem\",\"position\":1,\"name\":\"Accueil\",\"item\":\"https:\/\/vieassociative.be\/actualites\/\"},{\"@type\":\"ListItem\",\"position\":2,\"name\":\"Festival folklorique de HUMP-Happy \u00e0 Eupen (galerie de photos)\"}]},{\"@type\":\"WebSite\",\"@id\":\"https:\/\/vieassociative.be\/actualites\/#website\",\"url\":\"https:\/\/vieassociative.be\/actualites\/\",\"name\":\"Vie Associative\",\"description\":\"\",\"publisher\":{\"@id\":\"https:\/\/vieassociative.be\/actualites\/#organization\"},\"potentialAction\":[{\"@type\":\"SearchAction\",\"target\":{\"@type\":\"EntryPoint\",\"urlTemplate\":\"https:\/\/vieassociative.be\/actualites\/?s={search_term_string}\"},\"query-input\":{\"@type\":\"PropertyValueSpecification\",\"valueRequired\":true,\"valueName\":\"search_term_string\"}}],\"inLanguage\":\"fr-BE\"},{\"@type\":\"Organization\",\"@id\":\"https:\/\/vieassociative.be\/actualites\/#organization\",\"name\":\"Vie Associative\",\"url\":\"https:\/\/vieassociative.be\/actualites\/\",\"logo\":{\"@type\":\"ImageObject\",\"inLanguage\":\"fr-BE\",\"@id\":\"https:\/\/vieassociative.be\/actualites\/#\/schema\/logo\/image\/\",\"url\":\"https:\/\/vieassociative.be\/actualites\/wp-content\/uploads\/2024\/09\/cropped-vieassociative_favicon.ico.png\",\"contentUrl\":\"https:\/\/vieassociative.be\/actualites\/wp-content\/uploads\/2024\/09\/cropped-vieassociative_favicon.ico.png\",\"width\":512,\"height\":512,\"caption\":\"Vie Associative\"},\"image\":{\"@id\":\"https:\/\/vieassociative.be\/actualites\/#\/schema\/logo\/image\/\"}},{\"@type\":\"Person\",\"@id\":\"https:\/\/vieassociative.be\/actualites\/#\/schema\/person\/b87ac4f82f9d4e7b7cec7395b679edc4\",\"name\":\"Julien\",\"image\":{\"@type\":\"ImageObject\",\"inLanguage\":\"fr-BE\",\"@id\":\"https:\/\/vieassociative.be\/actualites\/#\/schema\/person\/image\/\",\"url\":\"https:\/\/vieassociative.be\/actualites\/wp-content\/uploads\/2024\/09\/vie-associative-1-150x150.jpg\",\"contentUrl\":\"https:\/\/vieassociative.be\/actualites\/wp-content\/uploads\/2024\/09\/vie-associative-1-150x150.jpg\",\"caption\":\"Julien\"},\"description\":\"Je suis Julien, r\u00e9dacteur pour Vie Associative. Passionn\u00e9 par le monde associatif depuis plus de 10 ans, j'ai \u00e0 c\u0153ur de partager des histoires inspirantes et de mettre en lumi\u00e8re les initiatives locales. Mon objectif est de sensibiliser et d'encourager l'engagement communautaire \u00e0 travers mes articles.\",\"sameAs\":[\"https:\/\/vieassociative.be\/\"]}]}<\/script>\n<!-- \/ Yoast SEO plugin. -->","yoast_head_json":{"title":"Festival folklorique de HUMP-Happy \u00e0 Eupen (galerie de photos) | Vie Associative","robots":{"index":"index","follow":"follow","max-snippet":"max-snippet:-1","max-image-preview":"max-image-preview:large","max-video-preview":"max-video-preview:-1"},"canonical":"https:\/\/vieassociative.be\/actualites\/festival-folklorique-de-hump-happy-a-eupen-galerie-de-photos\/","og_locale":"fr_FR","og_type":"article","og_title":"Festival folklorique de HUMP-Happy \u00e0 Eupen (galerie de photos) | Vie Associative","og_description":"Les visiteurs du festival pour la f\u00eate nationale \u00e0 Eupen dans le parking sur Bergstrasse \u00e9taient une bonne atmosph\u00e8re malgr\u00e9 la douche pluviale interne et","og_url":"https:\/\/vieassociative.be\/actualites\/festival-folklorique-de-hump-happy-a-eupen-galerie-de-photos\/","og_site_name":"Vie Associative","article_published_time":"2025-07-22T08:18:22+00:00","og_image":[{"width":279,"height":92,"url":"https:\/\/vieassociative.be\/actualites\/wp-content\/uploads\/2024\/09\/header_backgroundk-01-e1726694325946.png","type":"image\/png"}],"author":"Julien","twitter_card":"summary_large_image","twitter_misc":{"\u00c9crit par":"Julien","Dur\u00e9e de lecture est.":"2 minutes"},"schema":{"@context":"https:\/\/schema.org","@graph":[{"@type":"Article","@id":"https:\/\/vieassociative.be\/actualites\/festival-folklorique-de-hump-happy-a-eupen-galerie-de-photos\/#article","isPartOf":{"@id":"https:\/\/vieassociative.be\/actualites\/festival-folklorique-de-hump-happy-a-eupen-galerie-de-photos\/"},"author":{"name":"Julien","@id":"https:\/\/vieassociative.be\/actualites\/#\/schema\/person\/b87ac4f82f9d4e7b7cec7395b679edc4"},"headline":"Festival folklorique de HUMP-Happy \u00e0 Eupen (galerie de photos)","datePublished":"2025-07-22T08:18:22+00:00","dateModified":"2025-07-22T08:18:22+00:00","mainEntityOfPage":{"@id":"https:\/\/vieassociative.be\/actualites\/festival-folklorique-de-hump-happy-a-eupen-galerie-de-photos\/"},"wordCount":320,"publisher":{"@id":"https:\/\/vieassociative.be\/actualites\/#organization"},"image":{"@id":"https:\/\/vieassociative.be\/actualites\/festival-folklorique-de-hump-happy-a-eupen-galerie-de-photos\/#primaryimage"},"thumbnailUrl":"https:\/\/vieassociative.be\/actualites\/wp-content\/uploads\/2025\/07\/1753172305_Festival-folklorique-de-HUMP-Happy-a-Eupen-galerie-de-photos.jpg","keywords":["Eupen","festival","folklorique","galerie","HUMPHappy","Photos"],"articleSection":["Belgique"],"inLanguage":"fr-BE"},{"@type":"WebPage","@id":"https:\/\/vieassociative.be\/actualites\/festival-folklorique-de-hump-happy-a-eupen-galerie-de-photos\/","url":"https:\/\/vieassociative.be\/actualites\/festival-folklorique-de-hump-happy-a-eupen-galerie-de-photos\/","name":"Festival folklorique de HUMP-Happy \u00e0 Eupen (galerie de photos) | Vie Associative","isPartOf":{"@id":"https:\/\/vieassociative.be\/actualites\/#website"},"primaryImageOfPage":{"@id":"https:\/\/vieassociative.be\/actualites\/festival-folklorique-de-hump-happy-a-eupen-galerie-de-photos\/#primaryimage"},"image":{"@id":"https:\/\/vieassociative.be\/actualites\/festival-folklorique-de-hump-happy-a-eupen-galerie-de-photos\/#primaryimage"},"thumbnailUrl":"https:\/\/vieassociative.be\/actualites\/wp-content\/uploads\/2025\/07\/1753172305_Festival-folklorique-de-HUMP-Happy-a-Eupen-galerie-de-photos.jpg","datePublished":"2025-07-22T08:18:22+00:00","dateModified":"2025-07-22T08:18:22+00:00","breadcrumb":{"@id":"https:\/\/vieassociative.be\/actualites\/festival-folklorique-de-hump-happy-a-eupen-galerie-de-photos\/#breadcrumb"},"inLanguage":"fr-BE","potentialAction":[{"@type":"ReadAction","target":["https:\/\/vieassociative.be\/actualites\/festival-folklorique-de-hump-happy-a-eupen-galerie-de-photos\/"]}]},{"@type":"ImageObject","inLanguage":"fr-BE","@id":"https:\/\/vieassociative.be\/actualites\/festival-folklorique-de-hump-happy-a-eupen-galerie-de-photos\/#primaryimage","url":"https:\/\/vieassociative.be\/actualites\/wp-content\/uploads\/2025\/07\/1753172305_Festival-folklorique-de-HUMP-Happy-a-Eupen-galerie-de-photos.jpg","contentUrl":"https:\/\/vieassociative.be\/actualites\/wp-content\/uploads\/2025\/07\/1753172305_Festival-folklorique-de-HUMP-Happy-a-Eupen-galerie-de-photos.jpg","width":1300,"height":869,"caption":"Festival folklorique de HUMP-Happy \u00e0 Eupen (galerie de photos)"},{"@type":"BreadcrumbList","@id":"https:\/\/vieassociative.be\/actualites\/festival-folklorique-de-hump-happy-a-eupen-galerie-de-photos\/#breadcrumb","itemListElement":[{"@type":"ListItem","position":1,"name":"Accueil","item":"https:\/\/vieassociative.be\/actualites\/"},{"@type":"ListItem","position":2,"name":"Festival folklorique de HUMP-Happy \u00e0 Eupen (galerie de photos)"}]},{"@type":"WebSite","@id":"https:\/\/vieassociative.be\/actualites\/#website","url":"https:\/\/vieassociative.be\/actualites\/","name":"Vie Associative","description":"","publisher":{"@id":"https:\/\/vieassociative.be\/actualites\/#organization"},"potentialAction":[{"@type":"SearchAction","target":{"@type":"EntryPoint","urlTemplate":"https:\/\/vieassociative.be\/actualites\/?s={search_term_string}"},"query-input":{"@type":"PropertyValueSpecification","valueRequired":true,"valueName":"search_term_string"}}],"inLanguage":"fr-BE"},{"@type":"Organization","@id":"https:\/\/vieassociative.be\/actualites\/#organization","name":"Vie Associative","url":"https:\/\/vieassociative.be\/actualites\/","logo":{"@type":"ImageObject","inLanguage":"fr-BE","@id":"https:\/\/vieassociative.be\/actualites\/#\/schema\/logo\/image\/","url":"https:\/\/vieassociative.be\/actualites\/wp-content\/uploads\/2024\/09\/cropped-vieassociative_favicon.ico.png","contentUrl":"https:\/\/vieassociative.be\/actualites\/wp-content\/uploads\/2024\/09\/cropped-vieassociative_favicon.ico.png","width":512,"height":512,"caption":"Vie Associative"},"image":{"@id":"https:\/\/vieassociative.be\/actualites\/#\/schema\/logo\/image\/"}},{"@type":"Person","@id":"https:\/\/vieassociative.be\/actualites\/#\/schema\/person\/b87ac4f82f9d4e7b7cec7395b679edc4","name":"Julien","image":{"@type":"ImageObject","inLanguage":"fr-BE","@id":"https:\/\/vieassociative.be\/actualites\/#\/schema\/person\/image\/","url":"https:\/\/vieassociative.be\/actualites\/wp-content\/uploads\/2024\/09\/vie-associative-1-150x150.jpg","contentUrl":"https:\/\/vieassociative.be\/actualites\/wp-content\/uploads\/2024\/09\/vie-associative-1-150x150.jpg","caption":"Julien"},"description":"Je suis Julien, r\u00e9dacteur pour Vie Associative. Passionn\u00e9 par le monde associatif depuis plus de 10 ans, j'ai \u00e0 c\u0153ur de partager des histoires inspirantes et de mettre en lumi\u00e8re les initiatives locales. Mon objectif est de sensibiliser et d'encourager l'engagement communautaire \u00e0 travers mes articles.","sameAs":["https:\/\/vieassociative.be\/"]}]}},"_links":{"self":[{"href":"https:\/\/vieassociative.be\/actualites\/wp-json\/wp\/v2\/posts\/8926"}],"collection":[{"href":"https:\/\/vieassociative.be\/actualites\/wp-json\/wp\/v2\/posts"}],"about":[{"href":"https:\/\/vieassociative.be\/actualites\/wp-json\/wp\/v2\/types\/post"}],"author":[{"embeddable":true,"href":"https:\/\/vieassociative.be\/actualites\/wp-json\/wp\/v2\/users\/1"}],"replies":[{"embeddable":true,"href":"https:\/\/vieassociative.be\/actualites\/wp-json\/wp\/v2\/comments?post=8926"}],"version-history":[{"count":0,"href":"https:\/\/vieassociative.be\/actualites\/wp-json\/wp\/v2\/posts\/8926\/revisions"}],"wp:featuredmedia":[{"embeddable":true,"href":"https:\/\/vieassociative.be\/actualites\/wp-json\/wp\/v2\/media\/8927"}],"wp:attachment":[{"href":"https:\/\/vieassociative.be\/actualites\/wp-json\/wp\/v2\/media?parent=8926"}],"wp:term":[{"taxonomy":"category","embeddable":true,"href":"https:\/\/vieassociative.be\/actualites\/wp-json\/wp\/v2\/categories?post=8926"},{"taxonomy":"post_tag","embeddable":true,"href":"https:\/\/vieassociative.be\/actualites\/wp-json\/wp\/v2\/tags?post=8926"}],"curies":[{"name":"wp","href":"https:\/\/api.w.org\/{rel}","templated":true}]}}