{"id":8924,"date":"2025-07-22T09:17:39","date_gmt":"2025-07-22T07:17:39","guid":{"rendered":"https:\/\/vieassociative.be\/actualites\/comment-sinscrire-a-un-acces-precoce-a-alexa-lassistant-ai-plus-avance-damazon\/"},"modified":"2025-07-22T09:17:39","modified_gmt":"2025-07-22T07:17:39","slug":"comment-sinscrire-a-un-acces-precoce-a-alexa-lassistant-ai-plus-avance-damazon","status":"publish","type":"post","link":"https:\/\/vieassociative.be\/actualites\/comment-sinscrire-a-un-acces-precoce-a-alexa-lassistant-ai-plus-avance-damazon\/","title":{"rendered":"Comment s&rsquo;inscrire \u00e0 un acc\u00e8s pr\u00e9coce \u00e0 Alexa +, l&rsquo;assistant AI plus avanc\u00e9 d&rsquo;Amazon"},"content":{"rendered":"<div class=\"mt-4 leading-6 md:mb-8\">Alexa est sur le point de devenir beaucoup plus capable &#8211; en th\u00e9orie, de toute fa\u00e7on.<\/div>\n<p><\/p>\n<p>Plus t\u00f4t cette ann\u00e9e, Amazon a annonc\u00e9 Alexa +. Ce n&rsquo;est pas un service de streaming &#8211; Amazon a d\u00e9j\u00e0 une vid\u00e9o principale pour cela &#8211; mais la tentative de l&rsquo;entreprise de permettre de nouvelles capacit\u00e9s d&rsquo;IA dans son assistant vocal Alexa existant.  <\/p>\n<p>Si vous avez utilis\u00e9 le mode vocal sur des chatbots populaires comme Chatgpt, Gemini ou m\u00eame Grok, Alexa + devrait sembler familier. L&rsquo;id\u00e9e est de rendre le chatbot plus intelligent et plus capable, ainsi que plus d\u00e9contract\u00e9 \u00e0 utiliser. Amazon veut que vous puissiez poser des questions plus complexes \u00e0 l&rsquo;assistant, par exemple pour les d\u00e9tails de votre horaire; Suivez ces questions avec de nouvelles requ\u00eates dans le contexte de la conversation; Faites des demandes que vous ne le feriez pas normalement avec Alexa, comme demander au bot de vous r\u00e9server des billets de concert; Et m\u00eame envoyez des photos ou des documents Alexa +, comme d&rsquo;autres robots AI qui prennent en charge les requ\u00eates multimodales.  <\/p>\n<p>Cela signifie-t-il que l&rsquo;assistant est r\u00e9ellement utile? C&rsquo;est difficile \u00e0 dire. En th\u00e9orie, cela devrait \u00eatre: si vous \u00eates enracin\u00e9 dans l&rsquo;\u00e9cosyst\u00e8me Amazon, avoir un assistant intelligent qui peut comprendre le langage naturel pourrait aider avec les t\u00e2ches, le travail et le divertissement. Alors que Lance Ulanoff de Techradar a ador\u00e9 lors de la r\u00e9vision le mois dernier, de nombreux autres utilisateurs ont eu des exp\u00e9riences mitig\u00e9es &#8211; comme vous pouvez le voir sur ce fil Reddit. Des commentaires comme \u00ab\u00a0J&rsquo;ai perdu tellement de fonctionnalit\u00e9s que j&rsquo;utilise quotidiennement, et je ne supporte pas chaque option vocale qu&rsquo;ils ont\u00a0\u00bb et \u00ab\u00a0Je l&rsquo;ai fait environ 48 heures avant de l&rsquo;\u00e9teindre\u00a0\u00bb Ne bonissez pas bien pour le nouvel outil d&rsquo;IA d&rsquo;Amazon.<\/p>\n<p>Amazon n&rsquo;a pas encore d\u00e9ploy\u00e9 Alexa + \u00e0 tous les utilisateurs. Cependant, cela ne signifie pas que vous devez attendre pour l&rsquo;essayer. Au cours des derniers mois, la soci\u00e9t\u00e9 offre \u00e0 certains utilisateurs un acc\u00e8s anticip\u00e9 au nouvel assistant d&rsquo;IA. Les utilisateurs s\u00e9lectionn\u00e9s peuvent essayer Alexa + dans son formulaire actuel et consulter de nouvelles fonctionnalit\u00e9s car Amazon les d\u00e9ploie. <\/p>\n<h2 id=\"how-to-get-early-access-to-alexa\">Comment obtenir un acc\u00e8s anticip\u00e9 \u00e0 Alexa +<\/h2>\n<p>Voici la bonne nouvelle: si vous achetez ou poss\u00e9dez un Echo Show 8, 10, 15 ou 21, vous \u00eates d&rsquo;abord en ligne pour essayer Alexa +. Amazon dit que tous vos appareils d&rsquo;\u00e9cho compatibles seront auto-compatibles pour Alexa +, donc, vraiment, c&rsquo;est un jeu d&rsquo;attente. Amazon vous offrira Alexa + chaque fois qu&rsquo;il d\u00e9cide de vous choisir. <\/p>\n<p>Si vous n&rsquo;avez pas un de ces appareils, ce n&rsquo;est pas grave. Amazon a un site officiel o\u00f9 vous pouvez vous inscrire pour recevoir des notifications sur l&rsquo;acc\u00e8s anticip\u00e9. Cliquez sur le lien, choisissez <strong>Connectez-vous pour continuer<\/strong>et suivez les instructions \u00e0 l&rsquo;\u00e9cran pour s&rsquo;inscrire. On ne sait pas quand ni si Amazon choisira votre nom de la pile des candidats, mais si c&rsquo;est le cas, vous obtiendrez une alerte \u00e0 ce sujet de la soci\u00e9t\u00e9.<\/p>\n<div class=\"pogoClear relative my-10 border-b-(1.5px) border-t-(1.5px) border-dashed border-black py-5 sm:my-14 sm:border-0 sm:py-0\" data-ga-click data-ga-template=\"Explainers\" data-ga-module=\"openweb_widget\" data-ga-element=\"openweb_scroll\" data-ga-item=\"openweb_scroll_midpage\" x-data=\"{\n         commentsCount: null,\n         hasComments: false,\n         async fetchCommentsCount() {\n             try {\n                 if (window.openweb &amp;&amp; typeof window.openweb.getMessagesCount === 'function') {\n                     this.commentsCount = await window.openweb.getMessagesCount('01K0Q4M3DER2QPA9G3Z1FVD4TP');\n                     this.hasComments = this.commentsCount !== null &amp;&amp; this.commentsCount &gt; 0;\n                 }\n             } catch (e) {\n                 console.warn('Failed to fetch comment count:', e);\n             }\n         }\n     }\" x-init=\"fetchCommentsCount()\" x-cloak><\/p>\n<div class=\"absolute top-1\/2 hidden w-full -translate-y-1\/2 border-t-(1.5px) border-dashed border-black sm:block\"><\/div>\n<div class=\"relative flex justify-center\">\n<div class=\"flex max-w-fit items-center gap-x-3 bg-white px-5\">\n<div class=\"relative\">\n                <span class=\"absolute left-1\/2 top-1\/2 -translate-x-1\/2 -translate-y-1\/2 font-akshar text-sm font-medium text-black\" aria-live=\"polite\" x-show=\"hasComments\" x-text=\"commentsCount\"><\/span><\/p>\n<p>                <svg class=\"h-8 w-8 text-black\" role=\"img\" aria-hidden=\"true\">\n                    <use href=\"http:\/\/lifehacker.com\/images\/icons\/spritemap.svg#sprite-chat-bubble\"><\/use>\n                <\/svg>\n            <\/div>\n<p>            <span class=\"text-sm font-medium text-black\"><\/p>\n<p>                Que pensez-vous jusqu&rsquo;\u00e0 pr\u00e9sent?<br \/>\n                <button class=\"ml-1 font-semibold text-brand-green underline hover:text-brand-green-700\" type=\"button\" aria-label=\"Comment section trigger\" onclick=\"window.openweb.scrollToComments('01K0Q4M3DER2QPA9G3Z1FVD4TP')\" x-text=\"hasComments ? 'Post a comment.' : 'Be the first to post a comment.'\"><\/button><br \/>\n            <\/span>\n        <\/div>\n<\/p><\/div>\n<\/div>\n<p>Alexa + devrait \u00eatre disponible sur la plupart des appareils Echo, Fire TV, Fire Tablets, ainsi que sur l&rsquo;application Alexa. (Amazon dit \u00e9galement qu&rsquo;il y a un site Web Alexa.com qui arrive bient\u00f4t.) Cependant, les appareils suivants ne prendront en charge que l&rsquo;Alexa: Echo Dot 1st Gen original, Echo 1\u00e8re g\u00e9n\u00e9ration, Echo Plus 1st Gen, Amazon Tap, Echo Show de 1er g\u00e9n\u00e9ration, Echo Show 2nd Gen, et Echo Spot 1st Gen. En outre, les appareils int\u00e9gr\u00e9s Alexa et Amazon Astro ne supportent pas Alexa +.<\/p>\n<h2 id=\"what-does-alexa-cost\">Que co\u00fbte Alexa +?<\/h2>\n<p>L&rsquo;inscription et l&rsquo;utilisation d&rsquo;Alexa + dans un acc\u00e8s pr\u00e9coce sont 100% gratuites. Chaque fois qu&rsquo;Amazon d\u00e9cide de <em>fin<\/em> Acc\u00e8s pr\u00e9coce et lib\u00e9ration publique Alexa +, il restera gratuit pour les membres Prime. Tous les autres utilisateurs seront avertis que leur utilisation Alexa + se poursuivra \u00e0 un co\u00fbt d&rsquo;abonnement de 19,99 $ par mois. Cela correspond \u00e0 d&rsquo;autres abonnements en IA, comme Chargpt Plus, mais, pour moi, cela semble tr\u00e8s raide &#8211; surtout quand Alexa + n&rsquo;a pas encore fait ses preuves. <\/p>\n<p>Si vous n&rsquo;avez plus envie d&rsquo;utiliser Alexa +, vous pouvez g\u00e9rer votre acc\u00e8s ici. Vous pouvez \u00e9galement dire \u00ab\u00a0Alexa, terminer l&rsquo;acc\u00e8s pr\u00e9coce\u00a0\u00bb et vous reviendrez \u00e0 l&rsquo;original Alexa. (Vous pouvez \u00e9galement demander \u00e0 Alexa de ramener un acc\u00e8s anticip\u00e9 \u00e0 tout moment.) <\/p>\n","protected":false},"excerpt":{"rendered":"<p>Alexa est sur le point de devenir beaucoup plus capable &#8211; en th\u00e9orie, de toute fa\u00e7on. Plus t\u00f4t cette ann\u00e9e, Amazon a annonc\u00e9 Alexa +.<\/p>\n","protected":false},"author":1,"featured_media":8925,"comment_status":"","ping_status":"","sticky":false,"template":"","format":"standard","meta":{"footnotes":""},"categories":[13],"tags":[6460,3492,7854,44,1154,7853,3259,7561],"class_list":["post-8924","post","type-post","status-publish","format-standard","has-post-thumbnail","hentry","category-technologie","tag-acces","tag-alexa","tag-avance","tag-comment","tag-damazon","tag-lassistant","tag-precoce","tag-sinscrire","generate-columns","tablet-grid-50","mobile-grid-100","grid-parent","grid-33"],"yoast_head":"<!-- This site is optimized with the Yoast SEO plugin v24.0 - https:\/\/yoast.com\/wordpress\/plugins\/seo\/ -->\n<title>Comment s&#039;inscrire \u00e0 un acc\u00e8s pr\u00e9coce \u00e0 Alexa +, l&#039;assistant AI plus avanc\u00e9 d&#039;Amazon | Vie Associative<\/title>\n<meta name=\"robots\" content=\"index, follow, max-snippet:-1, max-image-preview:large, max-video-preview:-1\" \/>\n<link rel=\"canonical\" href=\"https:\/\/vieassociative.be\/actualites\/comment-sinscrire-a-un-acces-precoce-a-alexa-lassistant-ai-plus-avance-damazon\/\" \/>\n<meta property=\"og:locale\" content=\"fr_FR\" \/>\n<meta property=\"og:type\" content=\"article\" \/>\n<meta property=\"og:title\" content=\"Comment s&#039;inscrire \u00e0 un acc\u00e8s pr\u00e9coce \u00e0 Alexa +, l&#039;assistant AI plus avanc\u00e9 d&#039;Amazon | Vie Associative\" \/>\n<meta property=\"og:description\" content=\"Alexa est sur le point de devenir beaucoup plus capable &#8211; en th\u00e9orie, de toute fa\u00e7on. Plus t\u00f4t cette ann\u00e9e, Amazon a annonc\u00e9 Alexa +.\" \/>\n<meta property=\"og:url\" content=\"https:\/\/vieassociative.be\/actualites\/comment-sinscrire-a-un-acces-precoce-a-alexa-lassistant-ai-plus-avance-damazon\/\" \/>\n<meta property=\"og:site_name\" content=\"Vie Associative\" \/>\n<meta property=\"article:published_time\" content=\"2025-07-22T07:17:39+00:00\" \/>\n<meta property=\"og:image\" content=\"https:\/\/vieassociative.be\/actualites\/wp-content\/uploads\/2024\/09\/header_backgroundk-01-e1726694325946.png\" \/>\n\t<meta property=\"og:image:width\" content=\"279\" \/>\n\t<meta property=\"og:image:height\" content=\"92\" \/>\n\t<meta property=\"og:image:type\" content=\"image\/png\" \/>\n<meta name=\"author\" content=\"Julien\" \/>\n<meta name=\"twitter:card\" content=\"summary_large_image\" \/>\n<meta name=\"twitter:label1\" content=\"\u00c9crit par\" \/>\n\t<meta name=\"twitter:data1\" content=\"Julien\" \/>\n\t<meta name=\"twitter:label2\" content=\"Dur\u00e9e de lecture est.\" \/>\n\t<meta name=\"twitter:data2\" content=\"4 minutes\" \/>\n<script type=\"application\/ld+json\" class=\"yoast-schema-graph\">{\"@context\":\"https:\/\/schema.org\",\"@graph\":[{\"@type\":\"Article\",\"@id\":\"https:\/\/vieassociative.be\/actualites\/comment-sinscrire-a-un-acces-precoce-a-alexa-lassistant-ai-plus-avance-damazon\/#article\",\"isPartOf\":{\"@id\":\"https:\/\/vieassociative.be\/actualites\/comment-sinscrire-a-un-acces-precoce-a-alexa-lassistant-ai-plus-avance-damazon\/\"},\"author\":{\"name\":\"Julien\",\"@id\":\"https:\/\/vieassociative.be\/actualites\/#\/schema\/person\/b87ac4f82f9d4e7b7cec7395b679edc4\"},\"headline\":\"Comment s&rsquo;inscrire \u00e0 un acc\u00e8s pr\u00e9coce \u00e0 Alexa +, l&rsquo;assistant AI plus avanc\u00e9 d&rsquo;Amazon\",\"datePublished\":\"2025-07-22T07:17:39+00:00\",\"dateModified\":\"2025-07-22T07:17:39+00:00\",\"mainEntityOfPage\":{\"@id\":\"https:\/\/vieassociative.be\/actualites\/comment-sinscrire-a-un-acces-precoce-a-alexa-lassistant-ai-plus-avance-damazon\/\"},\"wordCount\":790,\"publisher\":{\"@id\":\"https:\/\/vieassociative.be\/actualites\/#organization\"},\"image\":{\"@id\":\"https:\/\/vieassociative.be\/actualites\/comment-sinscrire-a-un-acces-precoce-a-alexa-lassistant-ai-plus-avance-damazon\/#primaryimage\"},\"thumbnailUrl\":\"https:\/\/vieassociative.be\/actualites\/wp-content\/uploads\/2025\/07\/Comment-sinscrire-a-un-acces-precoce-a-Alexa-lassistant.jpg\",\"keywords\":[\"acc\u00e8s\",\"Alexa\",\"avanc\u00e9\",\"Comment\",\"dAmazon\",\"lassistant\",\"pr\u00e9coce\",\"sinscrire\"],\"articleSection\":[\"Technologie\"],\"inLanguage\":\"fr-BE\"},{\"@type\":\"WebPage\",\"@id\":\"https:\/\/vieassociative.be\/actualites\/comment-sinscrire-a-un-acces-precoce-a-alexa-lassistant-ai-plus-avance-damazon\/\",\"url\":\"https:\/\/vieassociative.be\/actualites\/comment-sinscrire-a-un-acces-precoce-a-alexa-lassistant-ai-plus-avance-damazon\/\",\"name\":\"Comment s'inscrire \u00e0 un acc\u00e8s pr\u00e9coce \u00e0 Alexa +, l'assistant AI plus avanc\u00e9 d'Amazon | Vie Associative\",\"isPartOf\":{\"@id\":\"https:\/\/vieassociative.be\/actualites\/#website\"},\"primaryImageOfPage\":{\"@id\":\"https:\/\/vieassociative.be\/actualites\/comment-sinscrire-a-un-acces-precoce-a-alexa-lassistant-ai-plus-avance-damazon\/#primaryimage\"},\"image\":{\"@id\":\"https:\/\/vieassociative.be\/actualites\/comment-sinscrire-a-un-acces-precoce-a-alexa-lassistant-ai-plus-avance-damazon\/#primaryimage\"},\"thumbnailUrl\":\"https:\/\/vieassociative.be\/actualites\/wp-content\/uploads\/2025\/07\/Comment-sinscrire-a-un-acces-precoce-a-Alexa-lassistant.jpg\",\"datePublished\":\"2025-07-22T07:17:39+00:00\",\"dateModified\":\"2025-07-22T07:17:39+00:00\",\"breadcrumb\":{\"@id\":\"https:\/\/vieassociative.be\/actualites\/comment-sinscrire-a-un-acces-precoce-a-alexa-lassistant-ai-plus-avance-damazon\/#breadcrumb\"},\"inLanguage\":\"fr-BE\",\"potentialAction\":[{\"@type\":\"ReadAction\",\"target\":[\"https:\/\/vieassociative.be\/actualites\/comment-sinscrire-a-un-acces-precoce-a-alexa-lassistant-ai-plus-avance-damazon\/\"]}]},{\"@type\":\"ImageObject\",\"inLanguage\":\"fr-BE\",\"@id\":\"https:\/\/vieassociative.be\/actualites\/comment-sinscrire-a-un-acces-precoce-a-alexa-lassistant-ai-plus-avance-damazon\/#primaryimage\",\"url\":\"https:\/\/vieassociative.be\/actualites\/wp-content\/uploads\/2025\/07\/Comment-sinscrire-a-un-acces-precoce-a-Alexa-lassistant.jpg\",\"contentUrl\":\"https:\/\/vieassociative.be\/actualites\/wp-content\/uploads\/2025\/07\/Comment-sinscrire-a-un-acces-precoce-a-Alexa-lassistant.jpg\",\"width\":1200,\"height\":675,\"caption\":\"Comment s'inscrire \u00e0 un acc\u00e8s pr\u00e9coce \u00e0 Alexa +, l'assistant AI plus avanc\u00e9 d'Amazon\"},{\"@type\":\"BreadcrumbList\",\"@id\":\"https:\/\/vieassociative.be\/actualites\/comment-sinscrire-a-un-acces-precoce-a-alexa-lassistant-ai-plus-avance-damazon\/#breadcrumb\",\"itemListElement\":[{\"@type\":\"ListItem\",\"position\":1,\"name\":\"Accueil\",\"item\":\"https:\/\/vieassociative.be\/actualites\/\"},{\"@type\":\"ListItem\",\"position\":2,\"name\":\"Comment s&rsquo;inscrire \u00e0 un acc\u00e8s pr\u00e9coce \u00e0 Alexa +, l&rsquo;assistant AI plus avanc\u00e9 d&rsquo;Amazon\"}]},{\"@type\":\"WebSite\",\"@id\":\"https:\/\/vieassociative.be\/actualites\/#website\",\"url\":\"https:\/\/vieassociative.be\/actualites\/\",\"name\":\"Vie Associative\",\"description\":\"\",\"publisher\":{\"@id\":\"https:\/\/vieassociative.be\/actualites\/#organization\"},\"potentialAction\":[{\"@type\":\"SearchAction\",\"target\":{\"@type\":\"EntryPoint\",\"urlTemplate\":\"https:\/\/vieassociative.be\/actualites\/?s={search_term_string}\"},\"query-input\":{\"@type\":\"PropertyValueSpecification\",\"valueRequired\":true,\"valueName\":\"search_term_string\"}}],\"inLanguage\":\"fr-BE\"},{\"@type\":\"Organization\",\"@id\":\"https:\/\/vieassociative.be\/actualites\/#organization\",\"name\":\"Vie Associative\",\"url\":\"https:\/\/vieassociative.be\/actualites\/\",\"logo\":{\"@type\":\"ImageObject\",\"inLanguage\":\"fr-BE\",\"@id\":\"https:\/\/vieassociative.be\/actualites\/#\/schema\/logo\/image\/\",\"url\":\"https:\/\/vieassociative.be\/actualites\/wp-content\/uploads\/2024\/09\/cropped-vieassociative_favicon.ico.png\",\"contentUrl\":\"https:\/\/vieassociative.be\/actualites\/wp-content\/uploads\/2024\/09\/cropped-vieassociative_favicon.ico.png\",\"width\":512,\"height\":512,\"caption\":\"Vie Associative\"},\"image\":{\"@id\":\"https:\/\/vieassociative.be\/actualites\/#\/schema\/logo\/image\/\"}},{\"@type\":\"Person\",\"@id\":\"https:\/\/vieassociative.be\/actualites\/#\/schema\/person\/b87ac4f82f9d4e7b7cec7395b679edc4\",\"name\":\"Julien\",\"image\":{\"@type\":\"ImageObject\",\"inLanguage\":\"fr-BE\",\"@id\":\"https:\/\/vieassociative.be\/actualites\/#\/schema\/person\/image\/\",\"url\":\"https:\/\/vieassociative.be\/actualites\/wp-content\/uploads\/2024\/09\/vie-associative-1-150x150.jpg\",\"contentUrl\":\"https:\/\/vieassociative.be\/actualites\/wp-content\/uploads\/2024\/09\/vie-associative-1-150x150.jpg\",\"caption\":\"Julien\"},\"description\":\"Je suis Julien, r\u00e9dacteur pour Vie Associative. Passionn\u00e9 par le monde associatif depuis plus de 10 ans, j'ai \u00e0 c\u0153ur de partager des histoires inspirantes et de mettre en lumi\u00e8re les initiatives locales. Mon objectif est de sensibiliser et d'encourager l'engagement communautaire \u00e0 travers mes articles.\",\"sameAs\":[\"https:\/\/vieassociative.be\/\"]}]}<\/script>\n<!-- \/ Yoast SEO plugin. -->","yoast_head_json":{"title":"Comment s'inscrire \u00e0 un acc\u00e8s pr\u00e9coce \u00e0 Alexa +, l'assistant AI plus avanc\u00e9 d'Amazon | Vie Associative","robots":{"index":"index","follow":"follow","max-snippet":"max-snippet:-1","max-image-preview":"max-image-preview:large","max-video-preview":"max-video-preview:-1"},"canonical":"https:\/\/vieassociative.be\/actualites\/comment-sinscrire-a-un-acces-precoce-a-alexa-lassistant-ai-plus-avance-damazon\/","og_locale":"fr_FR","og_type":"article","og_title":"Comment s'inscrire \u00e0 un acc\u00e8s pr\u00e9coce \u00e0 Alexa +, l'assistant AI plus avanc\u00e9 d'Amazon | Vie Associative","og_description":"Alexa est sur le point de devenir beaucoup plus capable &#8211; en th\u00e9orie, de toute fa\u00e7on. Plus t\u00f4t cette ann\u00e9e, Amazon a annonc\u00e9 Alexa +.","og_url":"https:\/\/vieassociative.be\/actualites\/comment-sinscrire-a-un-acces-precoce-a-alexa-lassistant-ai-plus-avance-damazon\/","og_site_name":"Vie Associative","article_published_time":"2025-07-22T07:17:39+00:00","og_image":[{"width":279,"height":92,"url":"https:\/\/vieassociative.be\/actualites\/wp-content\/uploads\/2024\/09\/header_backgroundk-01-e1726694325946.png","type":"image\/png"}],"author":"Julien","twitter_card":"summary_large_image","twitter_misc":{"\u00c9crit par":"Julien","Dur\u00e9e de lecture est.":"4 minutes"},"schema":{"@context":"https:\/\/schema.org","@graph":[{"@type":"Article","@id":"https:\/\/vieassociative.be\/actualites\/comment-sinscrire-a-un-acces-precoce-a-alexa-lassistant-ai-plus-avance-damazon\/#article","isPartOf":{"@id":"https:\/\/vieassociative.be\/actualites\/comment-sinscrire-a-un-acces-precoce-a-alexa-lassistant-ai-plus-avance-damazon\/"},"author":{"name":"Julien","@id":"https:\/\/vieassociative.be\/actualites\/#\/schema\/person\/b87ac4f82f9d4e7b7cec7395b679edc4"},"headline":"Comment s&rsquo;inscrire \u00e0 un acc\u00e8s pr\u00e9coce \u00e0 Alexa +, l&rsquo;assistant AI plus avanc\u00e9 d&rsquo;Amazon","datePublished":"2025-07-22T07:17:39+00:00","dateModified":"2025-07-22T07:17:39+00:00","mainEntityOfPage":{"@id":"https:\/\/vieassociative.be\/actualites\/comment-sinscrire-a-un-acces-precoce-a-alexa-lassistant-ai-plus-avance-damazon\/"},"wordCount":790,"publisher":{"@id":"https:\/\/vieassociative.be\/actualites\/#organization"},"image":{"@id":"https:\/\/vieassociative.be\/actualites\/comment-sinscrire-a-un-acces-precoce-a-alexa-lassistant-ai-plus-avance-damazon\/#primaryimage"},"thumbnailUrl":"https:\/\/vieassociative.be\/actualites\/wp-content\/uploads\/2025\/07\/Comment-sinscrire-a-un-acces-precoce-a-Alexa-lassistant.jpg","keywords":["acc\u00e8s","Alexa","avanc\u00e9","Comment","dAmazon","lassistant","pr\u00e9coce","sinscrire"],"articleSection":["Technologie"],"inLanguage":"fr-BE"},{"@type":"WebPage","@id":"https:\/\/vieassociative.be\/actualites\/comment-sinscrire-a-un-acces-precoce-a-alexa-lassistant-ai-plus-avance-damazon\/","url":"https:\/\/vieassociative.be\/actualites\/comment-sinscrire-a-un-acces-precoce-a-alexa-lassistant-ai-plus-avance-damazon\/","name":"Comment s'inscrire \u00e0 un acc\u00e8s pr\u00e9coce \u00e0 Alexa +, l'assistant AI plus avanc\u00e9 d'Amazon | Vie Associative","isPartOf":{"@id":"https:\/\/vieassociative.be\/actualites\/#website"},"primaryImageOfPage":{"@id":"https:\/\/vieassociative.be\/actualites\/comment-sinscrire-a-un-acces-precoce-a-alexa-lassistant-ai-plus-avance-damazon\/#primaryimage"},"image":{"@id":"https:\/\/vieassociative.be\/actualites\/comment-sinscrire-a-un-acces-precoce-a-alexa-lassistant-ai-plus-avance-damazon\/#primaryimage"},"thumbnailUrl":"https:\/\/vieassociative.be\/actualites\/wp-content\/uploads\/2025\/07\/Comment-sinscrire-a-un-acces-precoce-a-Alexa-lassistant.jpg","datePublished":"2025-07-22T07:17:39+00:00","dateModified":"2025-07-22T07:17:39+00:00","breadcrumb":{"@id":"https:\/\/vieassociative.be\/actualites\/comment-sinscrire-a-un-acces-precoce-a-alexa-lassistant-ai-plus-avance-damazon\/#breadcrumb"},"inLanguage":"fr-BE","potentialAction":[{"@type":"ReadAction","target":["https:\/\/vieassociative.be\/actualites\/comment-sinscrire-a-un-acces-precoce-a-alexa-lassistant-ai-plus-avance-damazon\/"]}]},{"@type":"ImageObject","inLanguage":"fr-BE","@id":"https:\/\/vieassociative.be\/actualites\/comment-sinscrire-a-un-acces-precoce-a-alexa-lassistant-ai-plus-avance-damazon\/#primaryimage","url":"https:\/\/vieassociative.be\/actualites\/wp-content\/uploads\/2025\/07\/Comment-sinscrire-a-un-acces-precoce-a-Alexa-lassistant.jpg","contentUrl":"https:\/\/vieassociative.be\/actualites\/wp-content\/uploads\/2025\/07\/Comment-sinscrire-a-un-acces-precoce-a-Alexa-lassistant.jpg","width":1200,"height":675,"caption":"Comment s'inscrire \u00e0 un acc\u00e8s pr\u00e9coce \u00e0 Alexa +, l'assistant AI plus avanc\u00e9 d'Amazon"},{"@type":"BreadcrumbList","@id":"https:\/\/vieassociative.be\/actualites\/comment-sinscrire-a-un-acces-precoce-a-alexa-lassistant-ai-plus-avance-damazon\/#breadcrumb","itemListElement":[{"@type":"ListItem","position":1,"name":"Accueil","item":"https:\/\/vieassociative.be\/actualites\/"},{"@type":"ListItem","position":2,"name":"Comment s&rsquo;inscrire \u00e0 un acc\u00e8s pr\u00e9coce \u00e0 Alexa +, l&rsquo;assistant AI plus avanc\u00e9 d&rsquo;Amazon"}]},{"@type":"WebSite","@id":"https:\/\/vieassociative.be\/actualites\/#website","url":"https:\/\/vieassociative.be\/actualites\/","name":"Vie Associative","description":"","publisher":{"@id":"https:\/\/vieassociative.be\/actualites\/#organization"},"potentialAction":[{"@type":"SearchAction","target":{"@type":"EntryPoint","urlTemplate":"https:\/\/vieassociative.be\/actualites\/?s={search_term_string}"},"query-input":{"@type":"PropertyValueSpecification","valueRequired":true,"valueName":"search_term_string"}}],"inLanguage":"fr-BE"},{"@type":"Organization","@id":"https:\/\/vieassociative.be\/actualites\/#organization","name":"Vie Associative","url":"https:\/\/vieassociative.be\/actualites\/","logo":{"@type":"ImageObject","inLanguage":"fr-BE","@id":"https:\/\/vieassociative.be\/actualites\/#\/schema\/logo\/image\/","url":"https:\/\/vieassociative.be\/actualites\/wp-content\/uploads\/2024\/09\/cropped-vieassociative_favicon.ico.png","contentUrl":"https:\/\/vieassociative.be\/actualites\/wp-content\/uploads\/2024\/09\/cropped-vieassociative_favicon.ico.png","width":512,"height":512,"caption":"Vie Associative"},"image":{"@id":"https:\/\/vieassociative.be\/actualites\/#\/schema\/logo\/image\/"}},{"@type":"Person","@id":"https:\/\/vieassociative.be\/actualites\/#\/schema\/person\/b87ac4f82f9d4e7b7cec7395b679edc4","name":"Julien","image":{"@type":"ImageObject","inLanguage":"fr-BE","@id":"https:\/\/vieassociative.be\/actualites\/#\/schema\/person\/image\/","url":"https:\/\/vieassociative.be\/actualites\/wp-content\/uploads\/2024\/09\/vie-associative-1-150x150.jpg","contentUrl":"https:\/\/vieassociative.be\/actualites\/wp-content\/uploads\/2024\/09\/vie-associative-1-150x150.jpg","caption":"Julien"},"description":"Je suis Julien, r\u00e9dacteur pour Vie Associative. Passionn\u00e9 par le monde associatif depuis plus de 10 ans, j'ai \u00e0 c\u0153ur de partager des histoires inspirantes et de mettre en lumi\u00e8re les initiatives locales. Mon objectif est de sensibiliser et d'encourager l'engagement communautaire \u00e0 travers mes articles.","sameAs":["https:\/\/vieassociative.be\/"]}]}},"_links":{"self":[{"href":"https:\/\/vieassociative.be\/actualites\/wp-json\/wp\/v2\/posts\/8924"}],"collection":[{"href":"https:\/\/vieassociative.be\/actualites\/wp-json\/wp\/v2\/posts"}],"about":[{"href":"https:\/\/vieassociative.be\/actualites\/wp-json\/wp\/v2\/types\/post"}],"author":[{"embeddable":true,"href":"https:\/\/vieassociative.be\/actualites\/wp-json\/wp\/v2\/users\/1"}],"replies":[{"embeddable":true,"href":"https:\/\/vieassociative.be\/actualites\/wp-json\/wp\/v2\/comments?post=8924"}],"version-history":[{"count":0,"href":"https:\/\/vieassociative.be\/actualites\/wp-json\/wp\/v2\/posts\/8924\/revisions"}],"wp:featuredmedia":[{"embeddable":true,"href":"https:\/\/vieassociative.be\/actualites\/wp-json\/wp\/v2\/media\/8925"}],"wp:attachment":[{"href":"https:\/\/vieassociative.be\/actualites\/wp-json\/wp\/v2\/media?parent=8924"}],"wp:term":[{"taxonomy":"category","embeddable":true,"href":"https:\/\/vieassociative.be\/actualites\/wp-json\/wp\/v2\/categories?post=8924"},{"taxonomy":"post_tag","embeddable":true,"href":"https:\/\/vieassociative.be\/actualites\/wp-json\/wp\/v2\/tags?post=8924"}],"curies":[{"name":"wp","href":"https:\/\/api.w.org\/{rel}","templated":true}]}}