{"id":892,"date":"2024-10-05T22:17:48","date_gmt":"2024-10-05T20:17:48","guid":{"rendered":"https:\/\/vieassociative.be\/actualites\/mon-offre-amazon-preferee-du-jour-ce-combo-robot-aspirateur-balai-et-vadrouille\/"},"modified":"2024-10-05T22:17:48","modified_gmt":"2024-10-05T20:17:48","slug":"mon-offre-amazon-preferee-du-jour-ce-combo-robot-aspirateur-balai-et-vadrouille","status":"publish","type":"post","link":"https:\/\/vieassociative.be\/actualites\/mon-offre-amazon-preferee-du-jour-ce-combo-robot-aspirateur-balai-et-vadrouille\/","title":{"rendered":"Mon offre Amazon pr\u00e9f\u00e9r\u00e9e du jour\u00a0: ce combo robot, aspirateur-balai et vadrouille"},"content":{"rendered":"<div class=\"mt-4 leading-6 md:mb-8\">Le Yeedi C12 Combo est un nouveau robot aspirateur et un aspirateur balai \u2013 ET il nettoie.<\/div>\n<p><\/p>\n<p>J&rsquo;utilise des robots aspirateurs depuis des ann\u00e9es, et quel que soit le robot aspirateur que je teste en ce moment, je finis toujours par utiliser mon aspirateur balai lorsque j&rsquo;ai besoin de nettoyer plus en profondeur ma maison. Le C12 Combo de Yeedi r\u00e9pond \u00e0 la r\u00e9alit\u00e9 selon laquelle, peu importe \u00e0 quel point vous pensez que votre robot aspirateur est cool, vous aurez tr\u00e8s probablement toujours besoin d&rsquo;un aspirateur-balai pour obtenir un nettoyage plus profond \u00e0 l&rsquo;occasion. \u00c0 l&rsquo;heure actuelle, le Yeedi C12 Combo est <strong>649,99\u00a0$ <\/strong>(\u00e0 l&rsquo;origine 899 $), son prix le plus bas depuis sa r\u00e9cente sortie en septembre, selon les outils de v\u00e9rification des prix.<\/p>\n<p>Le Yeedi C12 Combo offre le trio de nettoyage : un robot aspirateur, un aspirateur-balai et une vadrouille tout-en-un avec une seule station d&rsquo;accueil. Le robot aspirateur est similaire au Yeedi C12 Pro Plus avec quelques am\u00e9liorations, principalement avec une puissance d&rsquo;aspiration de 10 000 Pa. Cela en fait le robot aspirateur le plus puissant de la s\u00e9rie \u00e9conomique C12 de Yeedi et, en g\u00e9n\u00e9ral, une forte puissance d&rsquo;aspiration par rapport aux autres mod\u00e8les haut de gamme. Vous pouvez vous attendre \u00e0 environ cinq heures d\u2019autonomie avant de devoir le recharger.<\/p>\n<p>L&rsquo;aspirateur-balai est dot\u00e9 d&rsquo;un phare qui vous aide \u00e0 rep\u00e9rer les d\u00e9bris sur votre sol, et il sert \u00e9galement de vadrouille avec un r\u00e9servoir d&rsquo;eau de 340 ml, vous offrant une zone de nettoyage allant jusqu&rsquo;\u00e0 200 pieds carr\u00e9s avec une seule recharge, ce qui n&rsquo;est pas beaucoup ( environ le m\u00eame volume qu&rsquo;une bouteille d&rsquo;eau). Pour nettoyer ma maison de trois chambres et deux salles de bains, j&rsquo;ai d\u00fb la remplir sept fois, mais la fonction de vadrouille est davantage con\u00e7ue comme une solution rapide pour nettoyer les d\u00e9versements que vous ne voudriez pas attendre que le robot aspirateur arrive. . Vous obtenez une crevasse, une rallonge et deux types d\u2019accessoires de t\u00eate de brosse \u00e0 \u00e9pousseter avec l\u2019aspirateur balai. <\/p>\n<p>Il existe une base de nettoyage unique pour les deux appareils qui charge et vide automatiquement les appareils d\u00e8s que vous les connectez. La base n&rsquo;utilise pas de sacs \u00e0 poussi\u00e8re ; il vous suffit de le vider une fois qu&rsquo;il est plein. Le C12 Combo est id\u00e9al pour quelqu\u2019un qui a besoin d\u2019une station de nettoyage compacte tout-en-un et d\u2019outils \u00e0 un prix r\u00e9duit. <\/p>\n","protected":false},"excerpt":{"rendered":"<p>Le Yeedi C12 Combo est un nouveau robot aspirateur et un aspirateur balai \u2013 ET il nettoie. J&rsquo;utilise des robots aspirateurs depuis des ann\u00e9es, et<\/p>\n","protected":false},"author":1,"featured_media":893,"comment_status":"","ping_status":"","sticky":false,"template":"","format":"standard","meta":{"footnotes":""},"categories":[40],"tags":[51,1386,1384,53,49,50,52,1385,1387],"class_list":["post-892","post","type-post","status-publish","format-standard","has-post-thumbnail","hentry","category-maison","tag-amazon","tag-aspirateurbalai","tag-combo","tag-jour","tag-mon","tag-offre","tag-preferee","tag-robot","tag-vadrouille","generate-columns","tablet-grid-50","mobile-grid-100","grid-parent","grid-33"],"yoast_head":"<!-- This site is optimized with the Yoast SEO plugin v24.0 - https:\/\/yoast.com\/wordpress\/plugins\/seo\/ -->\n<title>Mon offre Amazon pr\u00e9f\u00e9r\u00e9e du jour\u00a0: ce combo robot, aspirateur-balai et vadrouille | Vie Associative<\/title>\n<meta name=\"robots\" content=\"index, follow, max-snippet:-1, max-image-preview:large, max-video-preview:-1\" \/>\n<link rel=\"canonical\" href=\"https:\/\/vieassociative.be\/actualites\/mon-offre-amazon-preferee-du-jour-ce-combo-robot-aspirateur-balai-et-vadrouille\/\" \/>\n<meta property=\"og:locale\" content=\"fr_FR\" \/>\n<meta property=\"og:type\" content=\"article\" \/>\n<meta property=\"og:title\" content=\"Mon offre Amazon pr\u00e9f\u00e9r\u00e9e du jour\u00a0: ce combo robot, aspirateur-balai et vadrouille | Vie Associative\" \/>\n<meta property=\"og:description\" content=\"Le Yeedi C12 Combo est un nouveau robot aspirateur et un aspirateur balai \u2013 ET il nettoie. J&rsquo;utilise des robots aspirateurs depuis des ann\u00e9es, et\" \/>\n<meta property=\"og:url\" content=\"https:\/\/vieassociative.be\/actualites\/mon-offre-amazon-preferee-du-jour-ce-combo-robot-aspirateur-balai-et-vadrouille\/\" \/>\n<meta property=\"og:site_name\" content=\"Vie Associative\" \/>\n<meta property=\"article:published_time\" content=\"2024-10-05T20:17:48+00:00\" \/>\n<meta property=\"og:image\" content=\"https:\/\/vieassociative.be\/actualites\/wp-content\/uploads\/2024\/09\/header_backgroundk-01-e1726694325946.png\" \/>\n\t<meta property=\"og:image:width\" content=\"279\" \/>\n\t<meta property=\"og:image:height\" content=\"92\" \/>\n\t<meta property=\"og:image:type\" content=\"image\/png\" \/>\n<meta name=\"author\" content=\"Julien\" \/>\n<meta name=\"twitter:card\" content=\"summary_large_image\" \/>\n<meta name=\"twitter:label1\" content=\"\u00c9crit par\" \/>\n\t<meta name=\"twitter:data1\" content=\"Julien\" \/>\n\t<meta name=\"twitter:label2\" content=\"Dur\u00e9e de lecture est.\" \/>\n\t<meta name=\"twitter:data2\" content=\"2 minutes\" \/>\n<script type=\"application\/ld+json\" class=\"yoast-schema-graph\">{\"@context\":\"https:\/\/schema.org\",\"@graph\":[{\"@type\":\"Article\",\"@id\":\"https:\/\/vieassociative.be\/actualites\/mon-offre-amazon-preferee-du-jour-ce-combo-robot-aspirateur-balai-et-vadrouille\/#article\",\"isPartOf\":{\"@id\":\"https:\/\/vieassociative.be\/actualites\/mon-offre-amazon-preferee-du-jour-ce-combo-robot-aspirateur-balai-et-vadrouille\/\"},\"author\":{\"name\":\"Julien\",\"@id\":\"https:\/\/vieassociative.be\/actualites\/#\/schema\/person\/b87ac4f82f9d4e7b7cec7395b679edc4\"},\"headline\":\"Mon offre Amazon pr\u00e9f\u00e9r\u00e9e du jour\u00a0: ce combo robot, aspirateur-balai et vadrouille\",\"datePublished\":\"2024-10-05T20:17:48+00:00\",\"dateModified\":\"2024-10-05T20:17:48+00:00\",\"mainEntityOfPage\":{\"@id\":\"https:\/\/vieassociative.be\/actualites\/mon-offre-amazon-preferee-du-jour-ce-combo-robot-aspirateur-balai-et-vadrouille\/\"},\"wordCount\":443,\"publisher\":{\"@id\":\"https:\/\/vieassociative.be\/actualites\/#organization\"},\"image\":{\"@id\":\"https:\/\/vieassociative.be\/actualites\/mon-offre-amazon-preferee-du-jour-ce-combo-robot-aspirateur-balai-et-vadrouille\/#primaryimage\"},\"thumbnailUrl\":\"https:\/\/vieassociative.be\/actualites\/wp-content\/uploads\/2024\/10\/Mon-offre-Amazon-preferee-du-jour-ce-combo-robot-aspirateur-balai.png\",\"keywords\":[\"Amazon\",\"aspirateurbalai\",\"combo\",\"jour\",\"Mon\",\"offre\",\"pr\u00e9f\u00e9r\u00e9e\",\"robot\",\"vadrouille\"],\"articleSection\":[\"Maison\"],\"inLanguage\":\"fr-BE\"},{\"@type\":\"WebPage\",\"@id\":\"https:\/\/vieassociative.be\/actualites\/mon-offre-amazon-preferee-du-jour-ce-combo-robot-aspirateur-balai-et-vadrouille\/\",\"url\":\"https:\/\/vieassociative.be\/actualites\/mon-offre-amazon-preferee-du-jour-ce-combo-robot-aspirateur-balai-et-vadrouille\/\",\"name\":\"Mon offre Amazon pr\u00e9f\u00e9r\u00e9e du jour\u00a0: ce combo robot, aspirateur-balai et vadrouille | Vie Associative\",\"isPartOf\":{\"@id\":\"https:\/\/vieassociative.be\/actualites\/#website\"},\"primaryImageOfPage\":{\"@id\":\"https:\/\/vieassociative.be\/actualites\/mon-offre-amazon-preferee-du-jour-ce-combo-robot-aspirateur-balai-et-vadrouille\/#primaryimage\"},\"image\":{\"@id\":\"https:\/\/vieassociative.be\/actualites\/mon-offre-amazon-preferee-du-jour-ce-combo-robot-aspirateur-balai-et-vadrouille\/#primaryimage\"},\"thumbnailUrl\":\"https:\/\/vieassociative.be\/actualites\/wp-content\/uploads\/2024\/10\/Mon-offre-Amazon-preferee-du-jour-ce-combo-robot-aspirateur-balai.png\",\"datePublished\":\"2024-10-05T20:17:48+00:00\",\"dateModified\":\"2024-10-05T20:17:48+00:00\",\"breadcrumb\":{\"@id\":\"https:\/\/vieassociative.be\/actualites\/mon-offre-amazon-preferee-du-jour-ce-combo-robot-aspirateur-balai-et-vadrouille\/#breadcrumb\"},\"inLanguage\":\"fr-BE\",\"potentialAction\":[{\"@type\":\"ReadAction\",\"target\":[\"https:\/\/vieassociative.be\/actualites\/mon-offre-amazon-preferee-du-jour-ce-combo-robot-aspirateur-balai-et-vadrouille\/\"]}]},{\"@type\":\"ImageObject\",\"inLanguage\":\"fr-BE\",\"@id\":\"https:\/\/vieassociative.be\/actualites\/mon-offre-amazon-preferee-du-jour-ce-combo-robot-aspirateur-balai-et-vadrouille\/#primaryimage\",\"url\":\"https:\/\/vieassociative.be\/actualites\/wp-content\/uploads\/2024\/10\/Mon-offre-Amazon-preferee-du-jour-ce-combo-robot-aspirateur-balai.png\",\"contentUrl\":\"https:\/\/vieassociative.be\/actualites\/wp-content\/uploads\/2024\/10\/Mon-offre-Amazon-preferee-du-jour-ce-combo-robot-aspirateur-balai.png\",\"width\":1200,\"height\":675,\"caption\":\"Mon offre Amazon pr\u00e9f\u00e9r\u00e9e du jour\u00a0: ce combo robot, aspirateur-balai et vadrouille\"},{\"@type\":\"BreadcrumbList\",\"@id\":\"https:\/\/vieassociative.be\/actualites\/mon-offre-amazon-preferee-du-jour-ce-combo-robot-aspirateur-balai-et-vadrouille\/#breadcrumb\",\"itemListElement\":[{\"@type\":\"ListItem\",\"position\":1,\"name\":\"Accueil\",\"item\":\"https:\/\/vieassociative.be\/actualites\/\"},{\"@type\":\"ListItem\",\"position\":2,\"name\":\"Mon offre Amazon pr\u00e9f\u00e9r\u00e9e du jour\u00a0: ce combo robot, aspirateur-balai et vadrouille\"}]},{\"@type\":\"WebSite\",\"@id\":\"https:\/\/vieassociative.be\/actualites\/#website\",\"url\":\"https:\/\/vieassociative.be\/actualites\/\",\"name\":\"Vie Associative\",\"description\":\"\",\"publisher\":{\"@id\":\"https:\/\/vieassociative.be\/actualites\/#organization\"},\"potentialAction\":[{\"@type\":\"SearchAction\",\"target\":{\"@type\":\"EntryPoint\",\"urlTemplate\":\"https:\/\/vieassociative.be\/actualites\/?s={search_term_string}\"},\"query-input\":{\"@type\":\"PropertyValueSpecification\",\"valueRequired\":true,\"valueName\":\"search_term_string\"}}],\"inLanguage\":\"fr-BE\"},{\"@type\":\"Organization\",\"@id\":\"https:\/\/vieassociative.be\/actualites\/#organization\",\"name\":\"Vie Associative\",\"url\":\"https:\/\/vieassociative.be\/actualites\/\",\"logo\":{\"@type\":\"ImageObject\",\"inLanguage\":\"fr-BE\",\"@id\":\"https:\/\/vieassociative.be\/actualites\/#\/schema\/logo\/image\/\",\"url\":\"https:\/\/vieassociative.be\/actualites\/wp-content\/uploads\/2024\/09\/cropped-vieassociative_favicon.ico.png\",\"contentUrl\":\"https:\/\/vieassociative.be\/actualites\/wp-content\/uploads\/2024\/09\/cropped-vieassociative_favicon.ico.png\",\"width\":512,\"height\":512,\"caption\":\"Vie Associative\"},\"image\":{\"@id\":\"https:\/\/vieassociative.be\/actualites\/#\/schema\/logo\/image\/\"}},{\"@type\":\"Person\",\"@id\":\"https:\/\/vieassociative.be\/actualites\/#\/schema\/person\/b87ac4f82f9d4e7b7cec7395b679edc4\",\"name\":\"Julien\",\"image\":{\"@type\":\"ImageObject\",\"inLanguage\":\"fr-BE\",\"@id\":\"https:\/\/vieassociative.be\/actualites\/#\/schema\/person\/image\/\",\"url\":\"https:\/\/vieassociative.be\/actualites\/wp-content\/uploads\/2024\/09\/vie-associative-1-150x150.jpg\",\"contentUrl\":\"https:\/\/vieassociative.be\/actualites\/wp-content\/uploads\/2024\/09\/vie-associative-1-150x150.jpg\",\"caption\":\"Julien\"},\"description\":\"Je suis Julien, r\u00e9dacteur pour Vie Associative. Passionn\u00e9 par le monde associatif depuis plus de 10 ans, j'ai \u00e0 c\u0153ur de partager des histoires inspirantes et de mettre en lumi\u00e8re les initiatives locales. Mon objectif est de sensibiliser et d'encourager l'engagement communautaire \u00e0 travers mes articles.\",\"sameAs\":[\"https:\/\/vieassociative.be\/\"]}]}<\/script>\n<!-- \/ Yoast SEO plugin. -->","yoast_head_json":{"title":"Mon offre Amazon pr\u00e9f\u00e9r\u00e9e du jour\u00a0: ce combo robot, aspirateur-balai et vadrouille | Vie Associative","robots":{"index":"index","follow":"follow","max-snippet":"max-snippet:-1","max-image-preview":"max-image-preview:large","max-video-preview":"max-video-preview:-1"},"canonical":"https:\/\/vieassociative.be\/actualites\/mon-offre-amazon-preferee-du-jour-ce-combo-robot-aspirateur-balai-et-vadrouille\/","og_locale":"fr_FR","og_type":"article","og_title":"Mon offre Amazon pr\u00e9f\u00e9r\u00e9e du jour\u00a0: ce combo robot, aspirateur-balai et vadrouille | Vie Associative","og_description":"Le Yeedi C12 Combo est un nouveau robot aspirateur et un aspirateur balai \u2013 ET il nettoie. J&rsquo;utilise des robots aspirateurs depuis des ann\u00e9es, et","og_url":"https:\/\/vieassociative.be\/actualites\/mon-offre-amazon-preferee-du-jour-ce-combo-robot-aspirateur-balai-et-vadrouille\/","og_site_name":"Vie Associative","article_published_time":"2024-10-05T20:17:48+00:00","og_image":[{"width":279,"height":92,"url":"https:\/\/vieassociative.be\/actualites\/wp-content\/uploads\/2024\/09\/header_backgroundk-01-e1726694325946.png","type":"image\/png"}],"author":"Julien","twitter_card":"summary_large_image","twitter_misc":{"\u00c9crit par":"Julien","Dur\u00e9e de lecture est.":"2 minutes"},"schema":{"@context":"https:\/\/schema.org","@graph":[{"@type":"Article","@id":"https:\/\/vieassociative.be\/actualites\/mon-offre-amazon-preferee-du-jour-ce-combo-robot-aspirateur-balai-et-vadrouille\/#article","isPartOf":{"@id":"https:\/\/vieassociative.be\/actualites\/mon-offre-amazon-preferee-du-jour-ce-combo-robot-aspirateur-balai-et-vadrouille\/"},"author":{"name":"Julien","@id":"https:\/\/vieassociative.be\/actualites\/#\/schema\/person\/b87ac4f82f9d4e7b7cec7395b679edc4"},"headline":"Mon offre Amazon pr\u00e9f\u00e9r\u00e9e du jour\u00a0: ce combo robot, aspirateur-balai et vadrouille","datePublished":"2024-10-05T20:17:48+00:00","dateModified":"2024-10-05T20:17:48+00:00","mainEntityOfPage":{"@id":"https:\/\/vieassociative.be\/actualites\/mon-offre-amazon-preferee-du-jour-ce-combo-robot-aspirateur-balai-et-vadrouille\/"},"wordCount":443,"publisher":{"@id":"https:\/\/vieassociative.be\/actualites\/#organization"},"image":{"@id":"https:\/\/vieassociative.be\/actualites\/mon-offre-amazon-preferee-du-jour-ce-combo-robot-aspirateur-balai-et-vadrouille\/#primaryimage"},"thumbnailUrl":"https:\/\/vieassociative.be\/actualites\/wp-content\/uploads\/2024\/10\/Mon-offre-Amazon-preferee-du-jour-ce-combo-robot-aspirateur-balai.png","keywords":["Amazon","aspirateurbalai","combo","jour","Mon","offre","pr\u00e9f\u00e9r\u00e9e","robot","vadrouille"],"articleSection":["Maison"],"inLanguage":"fr-BE"},{"@type":"WebPage","@id":"https:\/\/vieassociative.be\/actualites\/mon-offre-amazon-preferee-du-jour-ce-combo-robot-aspirateur-balai-et-vadrouille\/","url":"https:\/\/vieassociative.be\/actualites\/mon-offre-amazon-preferee-du-jour-ce-combo-robot-aspirateur-balai-et-vadrouille\/","name":"Mon offre Amazon pr\u00e9f\u00e9r\u00e9e du jour\u00a0: ce combo robot, aspirateur-balai et vadrouille | Vie Associative","isPartOf":{"@id":"https:\/\/vieassociative.be\/actualites\/#website"},"primaryImageOfPage":{"@id":"https:\/\/vieassociative.be\/actualites\/mon-offre-amazon-preferee-du-jour-ce-combo-robot-aspirateur-balai-et-vadrouille\/#primaryimage"},"image":{"@id":"https:\/\/vieassociative.be\/actualites\/mon-offre-amazon-preferee-du-jour-ce-combo-robot-aspirateur-balai-et-vadrouille\/#primaryimage"},"thumbnailUrl":"https:\/\/vieassociative.be\/actualites\/wp-content\/uploads\/2024\/10\/Mon-offre-Amazon-preferee-du-jour-ce-combo-robot-aspirateur-balai.png","datePublished":"2024-10-05T20:17:48+00:00","dateModified":"2024-10-05T20:17:48+00:00","breadcrumb":{"@id":"https:\/\/vieassociative.be\/actualites\/mon-offre-amazon-preferee-du-jour-ce-combo-robot-aspirateur-balai-et-vadrouille\/#breadcrumb"},"inLanguage":"fr-BE","potentialAction":[{"@type":"ReadAction","target":["https:\/\/vieassociative.be\/actualites\/mon-offre-amazon-preferee-du-jour-ce-combo-robot-aspirateur-balai-et-vadrouille\/"]}]},{"@type":"ImageObject","inLanguage":"fr-BE","@id":"https:\/\/vieassociative.be\/actualites\/mon-offre-amazon-preferee-du-jour-ce-combo-robot-aspirateur-balai-et-vadrouille\/#primaryimage","url":"https:\/\/vieassociative.be\/actualites\/wp-content\/uploads\/2024\/10\/Mon-offre-Amazon-preferee-du-jour-ce-combo-robot-aspirateur-balai.png","contentUrl":"https:\/\/vieassociative.be\/actualites\/wp-content\/uploads\/2024\/10\/Mon-offre-Amazon-preferee-du-jour-ce-combo-robot-aspirateur-balai.png","width":1200,"height":675,"caption":"Mon offre Amazon pr\u00e9f\u00e9r\u00e9e du jour\u00a0: ce combo robot, aspirateur-balai et vadrouille"},{"@type":"BreadcrumbList","@id":"https:\/\/vieassociative.be\/actualites\/mon-offre-amazon-preferee-du-jour-ce-combo-robot-aspirateur-balai-et-vadrouille\/#breadcrumb","itemListElement":[{"@type":"ListItem","position":1,"name":"Accueil","item":"https:\/\/vieassociative.be\/actualites\/"},{"@type":"ListItem","position":2,"name":"Mon offre Amazon pr\u00e9f\u00e9r\u00e9e du jour\u00a0: ce combo robot, aspirateur-balai et vadrouille"}]},{"@type":"WebSite","@id":"https:\/\/vieassociative.be\/actualites\/#website","url":"https:\/\/vieassociative.be\/actualites\/","name":"Vie Associative","description":"","publisher":{"@id":"https:\/\/vieassociative.be\/actualites\/#organization"},"potentialAction":[{"@type":"SearchAction","target":{"@type":"EntryPoint","urlTemplate":"https:\/\/vieassociative.be\/actualites\/?s={search_term_string}"},"query-input":{"@type":"PropertyValueSpecification","valueRequired":true,"valueName":"search_term_string"}}],"inLanguage":"fr-BE"},{"@type":"Organization","@id":"https:\/\/vieassociative.be\/actualites\/#organization","name":"Vie Associative","url":"https:\/\/vieassociative.be\/actualites\/","logo":{"@type":"ImageObject","inLanguage":"fr-BE","@id":"https:\/\/vieassociative.be\/actualites\/#\/schema\/logo\/image\/","url":"https:\/\/vieassociative.be\/actualites\/wp-content\/uploads\/2024\/09\/cropped-vieassociative_favicon.ico.png","contentUrl":"https:\/\/vieassociative.be\/actualites\/wp-content\/uploads\/2024\/09\/cropped-vieassociative_favicon.ico.png","width":512,"height":512,"caption":"Vie Associative"},"image":{"@id":"https:\/\/vieassociative.be\/actualites\/#\/schema\/logo\/image\/"}},{"@type":"Person","@id":"https:\/\/vieassociative.be\/actualites\/#\/schema\/person\/b87ac4f82f9d4e7b7cec7395b679edc4","name":"Julien","image":{"@type":"ImageObject","inLanguage":"fr-BE","@id":"https:\/\/vieassociative.be\/actualites\/#\/schema\/person\/image\/","url":"https:\/\/vieassociative.be\/actualites\/wp-content\/uploads\/2024\/09\/vie-associative-1-150x150.jpg","contentUrl":"https:\/\/vieassociative.be\/actualites\/wp-content\/uploads\/2024\/09\/vie-associative-1-150x150.jpg","caption":"Julien"},"description":"Je suis Julien, r\u00e9dacteur pour Vie Associative. Passionn\u00e9 par le monde associatif depuis plus de 10 ans, j'ai \u00e0 c\u0153ur de partager des histoires inspirantes et de mettre en lumi\u00e8re les initiatives locales. Mon objectif est de sensibiliser et d'encourager l'engagement communautaire \u00e0 travers mes articles.","sameAs":["https:\/\/vieassociative.be\/"]}]}},"_links":{"self":[{"href":"https:\/\/vieassociative.be\/actualites\/wp-json\/wp\/v2\/posts\/892"}],"collection":[{"href":"https:\/\/vieassociative.be\/actualites\/wp-json\/wp\/v2\/posts"}],"about":[{"href":"https:\/\/vieassociative.be\/actualites\/wp-json\/wp\/v2\/types\/post"}],"author":[{"embeddable":true,"href":"https:\/\/vieassociative.be\/actualites\/wp-json\/wp\/v2\/users\/1"}],"replies":[{"embeddable":true,"href":"https:\/\/vieassociative.be\/actualites\/wp-json\/wp\/v2\/comments?post=892"}],"version-history":[{"count":0,"href":"https:\/\/vieassociative.be\/actualites\/wp-json\/wp\/v2\/posts\/892\/revisions"}],"wp:featuredmedia":[{"embeddable":true,"href":"https:\/\/vieassociative.be\/actualites\/wp-json\/wp\/v2\/media\/893"}],"wp:attachment":[{"href":"https:\/\/vieassociative.be\/actualites\/wp-json\/wp\/v2\/media?parent=892"}],"wp:term":[{"taxonomy":"category","embeddable":true,"href":"https:\/\/vieassociative.be\/actualites\/wp-json\/wp\/v2\/categories?post=892"},{"taxonomy":"post_tag","embeddable":true,"href":"https:\/\/vieassociative.be\/actualites\/wp-json\/wp\/v2\/tags?post=892"}],"curies":[{"name":"wp","href":"https:\/\/api.w.org\/{rel}","templated":true}]}}