{"id":8919,"date":"2025-07-22T04:18:44","date_gmt":"2025-07-22T02:18:44","guid":{"rendered":"https:\/\/vieassociative.be\/actualites\/beaucoup-de-brillance-royale-et-militaire-pour-la-fete-nationale\/"},"modified":"2025-07-22T04:18:44","modified_gmt":"2025-07-22T02:18:44","slug":"beaucoup-de-brillance-royale-et-militaire-pour-la-fete-nationale","status":"publish","type":"post","link":"https:\/\/vieassociative.be\/actualites\/beaucoup-de-brillance-royale-et-militaire-pour-la-fete-nationale\/","title":{"rendered":"Beaucoup de brillance royale et militaire pour la f\u00eate nationale"},"content":{"rendered":"<p><strong>Parade militaire, Te Deum, Concerts et feux d&rsquo;artifice: la Belgique a c\u00e9l\u00e9br\u00e9 sa f\u00eate nationale le lundi 21 juillet. \u00c0 Bruxelles et ailleurs dans le pays, un certain nombre d&rsquo;\u00e9v\u00e9nements ont eu lieu en cette journ\u00e9e symbolique dans laquelle la famille royale et de nombreuses personnalit\u00e9s ont particip\u00e9.<\/strong><\/p>\n<p><span id=\"more-420611\"><\/span>Un Bart de Wever quelque peu fatigu\u00e9 (N-VA) avait particip\u00e9 \u00e0 sa capacit\u00e9 de Premier ministre dans le TE Deum dans la cath\u00e9drale de Saint-Michael et St. Gudula \u00e0 Bruxelles pour la premi\u00e8re fois en raison des courtes nuits en raison des brusques conseils sur les accords d&rsquo;\u00e9t\u00e9 (voir des articles ailleurs). Comme la tradition le veut, la famille royale \u00e9tait \u00e9galement pr\u00e9sente.<\/p>\n<p>Le TE Deum est c\u00e9l\u00e9br\u00e9 deux fois par an dans le rite catholique en Belgique: au festival du roi le 15 novembre et le 21 juillet, la f\u00eate nationale.<\/p>\n<div id=\"attachment_420629\" class=\"wp-caption alignleft\" style=\"max-width: 300px\"><img fetchpriority=\"high\" decoding=\"async\" class=\"wp-image-420629 size-medium\" src=\"https:\/\/vieassociative.be\/actualites\/wp-content\/uploads\/2025\/07\/Beaucoup-de-brillance-royale-et-militaire-pour-la-fete-nationale.jpg\" alt=\"\" width=\"300\" height=\"169\"  ><\/p>\n<p class=\"wp-caption-text\">21\/07\/2025, Belgique, Bruxelles: la princesse Eleonore, le prince Gabriel, la reine Mathilde, le roi Philippe, la princesse de la Couronne Elisabeth et le prince Emmanuel de Belgique participent au TE Deum \u00e0 l&rsquo;occasion de la f\u00eate nationale belge dans la cath\u00e9drale de Saint-Michael et de Saint-Gudule \u00e0 Brussels. Photo: Benoit Doppagne \/ Belga \/ DPA<\/p>\n<\/div>\n<p>La f\u00eate nationale belge de cette ann\u00e9e a \u00e9t\u00e9 domin\u00e9e par le 80e anniversaire de la fin de la Seconde Guerre mondiale et la premi\u00e8re attitude des femmes dans les forces arm\u00e9es belges il y a 50 ans.<\/p>\n<p>Cependant, cela ne signifie pas que d&rsquo;autres \u00e9v\u00e9nements n&rsquo;ont pas jou\u00e9 de r\u00f4le, car \u00e0 la fois la trag\u00e9die de la bande de Gaza, que le roi Philippe a d\u00e9crit dans son discours la veille, comme \u00ab\u00a0une honte pour toute l&rsquo;humanit\u00e9\u00a0\u00bb (voir l&rsquo;article ailleurs), ainsi que la guerre en Ukraine, qui a \u00e9mu le d\u00e9fil\u00e9 militaire \u00e0 Brgenshels sous une lumi\u00e8re compl\u00e8tement diff\u00e9rente, la d\u00e9fense a \u00e9t\u00e9 un pr\u00e9occupation centrale pour tous. Est devenu des \u00c9tats.<\/p>\n<p>Parall\u00e8lement \u00e0 la c\u00e9r\u00e9monie \u00e0 Bruxelles, les c\u00e9l\u00e9brations ont eu lieu \u00e0 Anvers et Mons lundi. La princesse Astrid et le prince Lorenz ont particip\u00e9 \u00e0 la foire de la cath\u00e9drale de Notre-Dame \u00e0 Anvers, le prince Laurent et la princesse Claire \u00e9taient pr\u00e9sents dans Mons.<\/p>\n<p>En plus de la famille royale et du Premier ministre, le ministre de l&rsquo;Int\u00e9rieur Bernard Quintin (M.), le ministre de la D\u00e9fense Theo Francken (N-VA) et le ministre de la Justice Annelies (CD&#038;V) ont \u00e9galement particip\u00e9 \u00e0 la c\u00e9r\u00e9monie.<\/p>\n<div id=\"attachment_420631\" class=\"wp-caption alignleft\" style=\"max-width: 300px\"><img decoding=\"async\" class=\"wp-image-420631 size-medium\" src=\"https:\/\/vieassociative.be\/actualites\/wp-content\/uploads\/2025\/07\/1753150724_878_Beaucoup-de-brillance-royale-et-militaire-pour-la-fete-nationale.jpg\" alt=\"\" width=\"300\" height=\"225\"><\/p>\n<p class=\"wp-caption-text\">21\/07\/2025, Belgique, Bruxelles: la princesse Eleonore et la princesse de la Couronne Elisabeth rencontrent les citoyens apr\u00e8s le TE Deum \u00e0 l&rsquo;occasion de la f\u00eate nationale belge dans la cath\u00e9drale Saint-Michael et Saint-Gudula \u00e0 Bruxelles. Photo: Benoit Doppagne \/ Belga \/ DPA<\/p>\n<\/div>\n<p>De 11 h \u00e0 19 h, le Parlement f\u00e9d\u00e9ral a ouvert ses portes au public. Le d\u00e9fil\u00e9 militaire et civil a commenc\u00e9 \u00e0 16 heures. sur le Palais. Le public qui assiste \u00e0 ce d\u00e9fil\u00e9 a la possibilit\u00e9 de voir plusieurs g\u00e9n\u00e9rations de v\u00e9hicules de d\u00e9fense.<\/p>\n<p>Dans le cadre du 80e anniversaire de la lib\u00e9ration, des copies de la Seconde Guerre mondiale ont \u00e9t\u00e9 pr\u00e9sent\u00e9es. En plus de ces voitures classiques, il y avait \u00e9galement un ton de prise, un r\u00e9servoir de chars de 25 tonnes, ainsi que diverses unit\u00e9s de police.<\/p>\n<p>La partie festive de la journ\u00e9e organis\u00e9e par le cabinet d&rsquo;avocats du Premier ministre a eu lieu dans le Cinquantenaire. Le divertissement musical a commenc\u00e9 avec divers DJ. Un concert a commenc\u00e9 \u00e0 21 h. Avec une quinzaine d&rsquo;artistes de la sc\u00e8ne musicale belge, dont Helena, Axelle Red, Rom\u00e9o Elvis, K3 et Lost Frequency.<\/p>\n<p>Apr\u00e8s un spectacle multim\u00e9dia avec des lasers et des drones, les feux d&rsquo;artifice traditionnels sont enflamm\u00e9s \u00e0 23 heures. L&rsquo;ann\u00e9e derni\u00e8re, il y avait 100 000 personnes sur place en plus d&rsquo;un million de t\u00e9l\u00e9spectateurs qui ont suivi la soir\u00e9e devant l&rsquo;\u00e9cran. Les feux d&rsquo;artifice sont transf\u00e9r\u00e9s aux diffuseurs publics. (Cre)<\/p>\n<p><em><strong>Voici quelques photos des c\u00e9l\u00e9brations du 21 juillet \u00e0 Bruxelles (photos: Omar Havana \/ AP \/ DPA &#8211; <\/strong><strong>Nicolas Maeterlinck \/ Belga \/ DPA):<\/strong><\/em><\/p>\n<div class=\"wp-gallery row\">\n<figure class=\"column small-6 medium-3 end\"><img decoding=\"async\" src=\"https:\/\/vieassociative.be\/actualites\/wp-content\/uploads\/2025\/07\/1753150724_646_Beaucoup-de-brillance-royale-et-militaire-pour-la-fete-nationale.jpg\" width=\"159\" height=\"159\" alt=\"\"><\/figure>\n<figure class=\"column small-6 medium-3 end\"><img loading=\"lazy\" decoding=\"async\" src=\"https:\/\/vieassociative.be\/actualites\/wp-content\/uploads\/2025\/07\/1753150724_486_Beaucoup-de-brillance-royale-et-militaire-pour-la-fete-nationale.jpg\" width=\"159\" height=\"159\" alt=\"\"><\/figure>\n<figure class=\"column small-6 medium-3 end\"><img loading=\"lazy\" decoding=\"async\" src=\"https:\/\/vieassociative.be\/actualites\/wp-content\/uploads\/2025\/07\/1753150724_995_Beaucoup-de-brillance-royale-et-militaire-pour-la-fete-nationale.jpg\" width=\"159\" height=\"159\" alt=\"\"><\/figure>\n<figure class=\"column small-6 medium-3 end\"><img loading=\"lazy\" decoding=\"async\" src=\"https:\/\/vieassociative.be\/actualites\/wp-content\/uploads\/2025\/07\/1753150724_176_Beaucoup-de-brillance-royale-et-militaire-pour-la-fete-nationale.jpg\" width=\"159\" height=\"159\" alt=\"\"><\/figure>\n<\/div>\n<p><em><strong>Sur le sujet, voir \u00e9galement l&rsquo;article suivant sur OD:<\/strong><\/em><\/p>\n<div class=\"responsive-embed widescreen\">\n<blockquote class=\"wp-embedded-content\" data-secret=\"RLlSOuyANr\">\n<p>\u00ab\u00a0Gaza une honte pour toute l&rsquo;humanit\u00e9\u00a0\u00bb: discours du roi Philippe le 21 juillet<\/p>\n<\/blockquote>\n<p><iframe loading=\"lazy\" class=\"wp-embedded-content\" sandbox=\"allow-scripts\" security=\"restricted\" style=\"position: absolute; visibility: hidden;\" title=\"\u201e\u201eGaza eine Schande f\u00fcr die ganze Menschheit\u201c: Rede von K\u00f6nig Philippe zum 21. Juli\u201c \u2014 Ostbelgien Direkt\" src=\"https:\/\/ostbelgiendirekt.be\/about:blank\" data-secret=\"RLlSOuyANr\" width=\"500\" height=\"282\" frameborder=\"0\" marginwidth=\"0\" marginheight=\"0\" scrolling=\"no\" data-rocket-lazyload=\"fitvidscompatible\" data-lazy-src=\"https:\/\/ostbelgiendirekt.be\/philippe-zum-nationalfeiertag-2025-420513\/embed#?secret=Gc7RlI9JdA#?secret=RLlSOuyANr\"><\/iframe><noscript><iframe class=\"wp-embedded-content\" sandbox=\"allow-scripts\" security=\"restricted\" style=\"position: absolute; visibility: hidden;\" title=\"\u201e\u201eGaza eine Schande f\u00fcr die ganze Menschheit\u201c: Rede von K\u00f6nig Philippe zum 21. Juli\u201c \u2014 Ostbelgien Direkt\" src=\"https:\/\/ostbelgiendirekt.be\/philippe-zum-nationalfeiertag-2025-420513\/embed#?secret=Gc7RlI9JdA#?secret=RLlSOuyANr\" data-secret=\"RLlSOuyANr\" width=\"500\" height=\"282\" frameborder=\"0\" marginwidth=\"0\" marginheight=\"0\" scrolling=\"no\"><\/iframe><\/noscript><\/p>\n<\/div>\n","protected":false},"excerpt":{"rendered":"<p>Parade militaire, Te Deum, Concerts et feux d&rsquo;artifice: la Belgique a c\u00e9l\u00e9br\u00e9 sa f\u00eate nationale le lundi 21 juillet. \u00c0 Bruxelles et ailleurs dans le<\/p>\n","protected":false},"author":1,"featured_media":8920,"comment_status":"","ping_status":"","sticky":false,"template":"","format":"standard","meta":{"footnotes":""},"categories":[298],"tags":[1118,7851,1485,7852,538,81,4150],"class_list":["post-8919","post","type-post","status-publish","format-standard","has-post-thumbnail","hentry","category-belgique","tag-beaucoup","tag-brillance","tag-fete","tag-militaire","tag-nationale","tag-pour","tag-royale","generate-columns","tablet-grid-50","mobile-grid-100","grid-parent","grid-33"],"yoast_head":"<!-- This site is optimized with the Yoast SEO plugin v24.0 - https:\/\/yoast.com\/wordpress\/plugins\/seo\/ -->\n<title>Beaucoup de brillance royale et militaire pour la f\u00eate nationale | Vie Associative<\/title>\n<meta name=\"robots\" content=\"index, follow, max-snippet:-1, max-image-preview:large, max-video-preview:-1\" \/>\n<link rel=\"canonical\" href=\"https:\/\/vieassociative.be\/actualites\/beaucoup-de-brillance-royale-et-militaire-pour-la-fete-nationale\/\" \/>\n<meta property=\"og:locale\" content=\"fr_FR\" \/>\n<meta property=\"og:type\" content=\"article\" \/>\n<meta property=\"og:title\" content=\"Beaucoup de brillance royale et militaire pour la f\u00eate nationale | Vie Associative\" \/>\n<meta property=\"og:description\" content=\"Parade militaire, Te Deum, Concerts et feux d&rsquo;artifice: la Belgique a c\u00e9l\u00e9br\u00e9 sa f\u00eate nationale le lundi 21 juillet. \u00c0 Bruxelles et ailleurs dans le\" \/>\n<meta property=\"og:url\" content=\"https:\/\/vieassociative.be\/actualites\/beaucoup-de-brillance-royale-et-militaire-pour-la-fete-nationale\/\" \/>\n<meta property=\"og:site_name\" content=\"Vie Associative\" \/>\n<meta property=\"article:published_time\" content=\"2025-07-22T02:18:44+00:00\" \/>\n<meta property=\"og:image\" content=\"https:\/\/vieassociative.be\/actualites\/wp-content\/uploads\/2024\/09\/header_backgroundk-01-e1726694325946.png\" \/>\n\t<meta property=\"og:image:width\" content=\"279\" \/>\n\t<meta property=\"og:image:height\" content=\"92\" \/>\n\t<meta property=\"og:image:type\" content=\"image\/png\" \/>\n<meta name=\"author\" content=\"Julien\" \/>\n<meta name=\"twitter:card\" content=\"summary_large_image\" \/>\n<meta name=\"twitter:label1\" content=\"\u00c9crit par\" \/>\n\t<meta name=\"twitter:data1\" content=\"Julien\" \/>\n\t<meta name=\"twitter:label2\" content=\"Dur\u00e9e de lecture est.\" \/>\n\t<meta name=\"twitter:data2\" content=\"4 minutes\" \/>\n<script type=\"application\/ld+json\" class=\"yoast-schema-graph\">{\"@context\":\"https:\/\/schema.org\",\"@graph\":[{\"@type\":\"Article\",\"@id\":\"https:\/\/vieassociative.be\/actualites\/beaucoup-de-brillance-royale-et-militaire-pour-la-fete-nationale\/#article\",\"isPartOf\":{\"@id\":\"https:\/\/vieassociative.be\/actualites\/beaucoup-de-brillance-royale-et-militaire-pour-la-fete-nationale\/\"},\"author\":{\"name\":\"Julien\",\"@id\":\"https:\/\/vieassociative.be\/actualites\/#\/schema\/person\/b87ac4f82f9d4e7b7cec7395b679edc4\"},\"headline\":\"Beaucoup de brillance royale et militaire pour la f\u00eate nationale\",\"datePublished\":\"2025-07-22T02:18:44+00:00\",\"dateModified\":\"2025-07-22T02:18:44+00:00\",\"mainEntityOfPage\":{\"@id\":\"https:\/\/vieassociative.be\/actualites\/beaucoup-de-brillance-royale-et-militaire-pour-la-fete-nationale\/\"},\"wordCount\":737,\"publisher\":{\"@id\":\"https:\/\/vieassociative.be\/actualites\/#organization\"},\"image\":{\"@id\":\"https:\/\/vieassociative.be\/actualites\/beaucoup-de-brillance-royale-et-militaire-pour-la-fete-nationale\/#primaryimage\"},\"thumbnailUrl\":\"https:\/\/vieassociative.be\/actualites\/wp-content\/uploads\/2025\/07\/1753150724_Beaucoup-de-brillance-royale-et-militaire-pour-la-fete-nationale.jpg\",\"keywords\":[\"beaucoup\",\"brillance\",\"f\u00eate\",\"militaire\",\"nationale\",\"pour\",\"royale\"],\"articleSection\":[\"Belgique\"],\"inLanguage\":\"fr-BE\"},{\"@type\":\"WebPage\",\"@id\":\"https:\/\/vieassociative.be\/actualites\/beaucoup-de-brillance-royale-et-militaire-pour-la-fete-nationale\/\",\"url\":\"https:\/\/vieassociative.be\/actualites\/beaucoup-de-brillance-royale-et-militaire-pour-la-fete-nationale\/\",\"name\":\"Beaucoup de brillance royale et militaire pour la f\u00eate nationale | Vie Associative\",\"isPartOf\":{\"@id\":\"https:\/\/vieassociative.be\/actualites\/#website\"},\"primaryImageOfPage\":{\"@id\":\"https:\/\/vieassociative.be\/actualites\/beaucoup-de-brillance-royale-et-militaire-pour-la-fete-nationale\/#primaryimage\"},\"image\":{\"@id\":\"https:\/\/vieassociative.be\/actualites\/beaucoup-de-brillance-royale-et-militaire-pour-la-fete-nationale\/#primaryimage\"},\"thumbnailUrl\":\"https:\/\/vieassociative.be\/actualites\/wp-content\/uploads\/2025\/07\/1753150724_Beaucoup-de-brillance-royale-et-militaire-pour-la-fete-nationale.jpg\",\"datePublished\":\"2025-07-22T02:18:44+00:00\",\"dateModified\":\"2025-07-22T02:18:44+00:00\",\"breadcrumb\":{\"@id\":\"https:\/\/vieassociative.be\/actualites\/beaucoup-de-brillance-royale-et-militaire-pour-la-fete-nationale\/#breadcrumb\"},\"inLanguage\":\"fr-BE\",\"potentialAction\":[{\"@type\":\"ReadAction\",\"target\":[\"https:\/\/vieassociative.be\/actualites\/beaucoup-de-brillance-royale-et-militaire-pour-la-fete-nationale\/\"]}]},{\"@type\":\"ImageObject\",\"inLanguage\":\"fr-BE\",\"@id\":\"https:\/\/vieassociative.be\/actualites\/beaucoup-de-brillance-royale-et-militaire-pour-la-fete-nationale\/#primaryimage\",\"url\":\"https:\/\/vieassociative.be\/actualites\/wp-content\/uploads\/2025\/07\/1753150724_Beaucoup-de-brillance-royale-et-militaire-pour-la-fete-nationale.jpg\",\"contentUrl\":\"https:\/\/vieassociative.be\/actualites\/wp-content\/uploads\/2025\/07\/1753150724_Beaucoup-de-brillance-royale-et-militaire-pour-la-fete-nationale.jpg\",\"width\":1200,\"height\":800,\"caption\":\"Beaucoup de brillance royale et militaire pour la f\u00eate nationale\"},{\"@type\":\"BreadcrumbList\",\"@id\":\"https:\/\/vieassociative.be\/actualites\/beaucoup-de-brillance-royale-et-militaire-pour-la-fete-nationale\/#breadcrumb\",\"itemListElement\":[{\"@type\":\"ListItem\",\"position\":1,\"name\":\"Accueil\",\"item\":\"https:\/\/vieassociative.be\/actualites\/\"},{\"@type\":\"ListItem\",\"position\":2,\"name\":\"Beaucoup de brillance royale et militaire pour la f\u00eate nationale\"}]},{\"@type\":\"WebSite\",\"@id\":\"https:\/\/vieassociative.be\/actualites\/#website\",\"url\":\"https:\/\/vieassociative.be\/actualites\/\",\"name\":\"Vie Associative\",\"description\":\"\",\"publisher\":{\"@id\":\"https:\/\/vieassociative.be\/actualites\/#organization\"},\"potentialAction\":[{\"@type\":\"SearchAction\",\"target\":{\"@type\":\"EntryPoint\",\"urlTemplate\":\"https:\/\/vieassociative.be\/actualites\/?s={search_term_string}\"},\"query-input\":{\"@type\":\"PropertyValueSpecification\",\"valueRequired\":true,\"valueName\":\"search_term_string\"}}],\"inLanguage\":\"fr-BE\"},{\"@type\":\"Organization\",\"@id\":\"https:\/\/vieassociative.be\/actualites\/#organization\",\"name\":\"Vie Associative\",\"url\":\"https:\/\/vieassociative.be\/actualites\/\",\"logo\":{\"@type\":\"ImageObject\",\"inLanguage\":\"fr-BE\",\"@id\":\"https:\/\/vieassociative.be\/actualites\/#\/schema\/logo\/image\/\",\"url\":\"https:\/\/vieassociative.be\/actualites\/wp-content\/uploads\/2024\/09\/cropped-vieassociative_favicon.ico.png\",\"contentUrl\":\"https:\/\/vieassociative.be\/actualites\/wp-content\/uploads\/2024\/09\/cropped-vieassociative_favicon.ico.png\",\"width\":512,\"height\":512,\"caption\":\"Vie Associative\"},\"image\":{\"@id\":\"https:\/\/vieassociative.be\/actualites\/#\/schema\/logo\/image\/\"}},{\"@type\":\"Person\",\"@id\":\"https:\/\/vieassociative.be\/actualites\/#\/schema\/person\/b87ac4f82f9d4e7b7cec7395b679edc4\",\"name\":\"Julien\",\"image\":{\"@type\":\"ImageObject\",\"inLanguage\":\"fr-BE\",\"@id\":\"https:\/\/vieassociative.be\/actualites\/#\/schema\/person\/image\/\",\"url\":\"https:\/\/vieassociative.be\/actualites\/wp-content\/uploads\/2024\/09\/vie-associative-1-150x150.jpg\",\"contentUrl\":\"https:\/\/vieassociative.be\/actualites\/wp-content\/uploads\/2024\/09\/vie-associative-1-150x150.jpg\",\"caption\":\"Julien\"},\"description\":\"Je suis Julien, r\u00e9dacteur pour Vie Associative. Passionn\u00e9 par le monde associatif depuis plus de 10 ans, j'ai \u00e0 c\u0153ur de partager des histoires inspirantes et de mettre en lumi\u00e8re les initiatives locales. Mon objectif est de sensibiliser et d'encourager l'engagement communautaire \u00e0 travers mes articles.\",\"sameAs\":[\"https:\/\/vieassociative.be\/\"]}]}<\/script>\n<!-- \/ Yoast SEO plugin. -->","yoast_head_json":{"title":"Beaucoup de brillance royale et militaire pour la f\u00eate nationale | Vie Associative","robots":{"index":"index","follow":"follow","max-snippet":"max-snippet:-1","max-image-preview":"max-image-preview:large","max-video-preview":"max-video-preview:-1"},"canonical":"https:\/\/vieassociative.be\/actualites\/beaucoup-de-brillance-royale-et-militaire-pour-la-fete-nationale\/","og_locale":"fr_FR","og_type":"article","og_title":"Beaucoup de brillance royale et militaire pour la f\u00eate nationale | Vie Associative","og_description":"Parade militaire, Te Deum, Concerts et feux d&rsquo;artifice: la Belgique a c\u00e9l\u00e9br\u00e9 sa f\u00eate nationale le lundi 21 juillet. \u00c0 Bruxelles et ailleurs dans le","og_url":"https:\/\/vieassociative.be\/actualites\/beaucoup-de-brillance-royale-et-militaire-pour-la-fete-nationale\/","og_site_name":"Vie Associative","article_published_time":"2025-07-22T02:18:44+00:00","og_image":[{"width":279,"height":92,"url":"https:\/\/vieassociative.be\/actualites\/wp-content\/uploads\/2024\/09\/header_backgroundk-01-e1726694325946.png","type":"image\/png"}],"author":"Julien","twitter_card":"summary_large_image","twitter_misc":{"\u00c9crit par":"Julien","Dur\u00e9e de lecture est.":"4 minutes"},"schema":{"@context":"https:\/\/schema.org","@graph":[{"@type":"Article","@id":"https:\/\/vieassociative.be\/actualites\/beaucoup-de-brillance-royale-et-militaire-pour-la-fete-nationale\/#article","isPartOf":{"@id":"https:\/\/vieassociative.be\/actualites\/beaucoup-de-brillance-royale-et-militaire-pour-la-fete-nationale\/"},"author":{"name":"Julien","@id":"https:\/\/vieassociative.be\/actualites\/#\/schema\/person\/b87ac4f82f9d4e7b7cec7395b679edc4"},"headline":"Beaucoup de brillance royale et militaire pour la f\u00eate nationale","datePublished":"2025-07-22T02:18:44+00:00","dateModified":"2025-07-22T02:18:44+00:00","mainEntityOfPage":{"@id":"https:\/\/vieassociative.be\/actualites\/beaucoup-de-brillance-royale-et-militaire-pour-la-fete-nationale\/"},"wordCount":737,"publisher":{"@id":"https:\/\/vieassociative.be\/actualites\/#organization"},"image":{"@id":"https:\/\/vieassociative.be\/actualites\/beaucoup-de-brillance-royale-et-militaire-pour-la-fete-nationale\/#primaryimage"},"thumbnailUrl":"https:\/\/vieassociative.be\/actualites\/wp-content\/uploads\/2025\/07\/1753150724_Beaucoup-de-brillance-royale-et-militaire-pour-la-fete-nationale.jpg","keywords":["beaucoup","brillance","f\u00eate","militaire","nationale","pour","royale"],"articleSection":["Belgique"],"inLanguage":"fr-BE"},{"@type":"WebPage","@id":"https:\/\/vieassociative.be\/actualites\/beaucoup-de-brillance-royale-et-militaire-pour-la-fete-nationale\/","url":"https:\/\/vieassociative.be\/actualites\/beaucoup-de-brillance-royale-et-militaire-pour-la-fete-nationale\/","name":"Beaucoup de brillance royale et militaire pour la f\u00eate nationale | Vie Associative","isPartOf":{"@id":"https:\/\/vieassociative.be\/actualites\/#website"},"primaryImageOfPage":{"@id":"https:\/\/vieassociative.be\/actualites\/beaucoup-de-brillance-royale-et-militaire-pour-la-fete-nationale\/#primaryimage"},"image":{"@id":"https:\/\/vieassociative.be\/actualites\/beaucoup-de-brillance-royale-et-militaire-pour-la-fete-nationale\/#primaryimage"},"thumbnailUrl":"https:\/\/vieassociative.be\/actualites\/wp-content\/uploads\/2025\/07\/1753150724_Beaucoup-de-brillance-royale-et-militaire-pour-la-fete-nationale.jpg","datePublished":"2025-07-22T02:18:44+00:00","dateModified":"2025-07-22T02:18:44+00:00","breadcrumb":{"@id":"https:\/\/vieassociative.be\/actualites\/beaucoup-de-brillance-royale-et-militaire-pour-la-fete-nationale\/#breadcrumb"},"inLanguage":"fr-BE","potentialAction":[{"@type":"ReadAction","target":["https:\/\/vieassociative.be\/actualites\/beaucoup-de-brillance-royale-et-militaire-pour-la-fete-nationale\/"]}]},{"@type":"ImageObject","inLanguage":"fr-BE","@id":"https:\/\/vieassociative.be\/actualites\/beaucoup-de-brillance-royale-et-militaire-pour-la-fete-nationale\/#primaryimage","url":"https:\/\/vieassociative.be\/actualites\/wp-content\/uploads\/2025\/07\/1753150724_Beaucoup-de-brillance-royale-et-militaire-pour-la-fete-nationale.jpg","contentUrl":"https:\/\/vieassociative.be\/actualites\/wp-content\/uploads\/2025\/07\/1753150724_Beaucoup-de-brillance-royale-et-militaire-pour-la-fete-nationale.jpg","width":1200,"height":800,"caption":"Beaucoup de brillance royale et militaire pour la f\u00eate nationale"},{"@type":"BreadcrumbList","@id":"https:\/\/vieassociative.be\/actualites\/beaucoup-de-brillance-royale-et-militaire-pour-la-fete-nationale\/#breadcrumb","itemListElement":[{"@type":"ListItem","position":1,"name":"Accueil","item":"https:\/\/vieassociative.be\/actualites\/"},{"@type":"ListItem","position":2,"name":"Beaucoup de brillance royale et militaire pour la f\u00eate nationale"}]},{"@type":"WebSite","@id":"https:\/\/vieassociative.be\/actualites\/#website","url":"https:\/\/vieassociative.be\/actualites\/","name":"Vie Associative","description":"","publisher":{"@id":"https:\/\/vieassociative.be\/actualites\/#organization"},"potentialAction":[{"@type":"SearchAction","target":{"@type":"EntryPoint","urlTemplate":"https:\/\/vieassociative.be\/actualites\/?s={search_term_string}"},"query-input":{"@type":"PropertyValueSpecification","valueRequired":true,"valueName":"search_term_string"}}],"inLanguage":"fr-BE"},{"@type":"Organization","@id":"https:\/\/vieassociative.be\/actualites\/#organization","name":"Vie Associative","url":"https:\/\/vieassociative.be\/actualites\/","logo":{"@type":"ImageObject","inLanguage":"fr-BE","@id":"https:\/\/vieassociative.be\/actualites\/#\/schema\/logo\/image\/","url":"https:\/\/vieassociative.be\/actualites\/wp-content\/uploads\/2024\/09\/cropped-vieassociative_favicon.ico.png","contentUrl":"https:\/\/vieassociative.be\/actualites\/wp-content\/uploads\/2024\/09\/cropped-vieassociative_favicon.ico.png","width":512,"height":512,"caption":"Vie Associative"},"image":{"@id":"https:\/\/vieassociative.be\/actualites\/#\/schema\/logo\/image\/"}},{"@type":"Person","@id":"https:\/\/vieassociative.be\/actualites\/#\/schema\/person\/b87ac4f82f9d4e7b7cec7395b679edc4","name":"Julien","image":{"@type":"ImageObject","inLanguage":"fr-BE","@id":"https:\/\/vieassociative.be\/actualites\/#\/schema\/person\/image\/","url":"https:\/\/vieassociative.be\/actualites\/wp-content\/uploads\/2024\/09\/vie-associative-1-150x150.jpg","contentUrl":"https:\/\/vieassociative.be\/actualites\/wp-content\/uploads\/2024\/09\/vie-associative-1-150x150.jpg","caption":"Julien"},"description":"Je suis Julien, r\u00e9dacteur pour Vie Associative. Passionn\u00e9 par le monde associatif depuis plus de 10 ans, j'ai \u00e0 c\u0153ur de partager des histoires inspirantes et de mettre en lumi\u00e8re les initiatives locales. Mon objectif est de sensibiliser et d'encourager l'engagement communautaire \u00e0 travers mes articles.","sameAs":["https:\/\/vieassociative.be\/"]}]}},"_links":{"self":[{"href":"https:\/\/vieassociative.be\/actualites\/wp-json\/wp\/v2\/posts\/8919"}],"collection":[{"href":"https:\/\/vieassociative.be\/actualites\/wp-json\/wp\/v2\/posts"}],"about":[{"href":"https:\/\/vieassociative.be\/actualites\/wp-json\/wp\/v2\/types\/post"}],"author":[{"embeddable":true,"href":"https:\/\/vieassociative.be\/actualites\/wp-json\/wp\/v2\/users\/1"}],"replies":[{"embeddable":true,"href":"https:\/\/vieassociative.be\/actualites\/wp-json\/wp\/v2\/comments?post=8919"}],"version-history":[{"count":0,"href":"https:\/\/vieassociative.be\/actualites\/wp-json\/wp\/v2\/posts\/8919\/revisions"}],"wp:featuredmedia":[{"embeddable":true,"href":"https:\/\/vieassociative.be\/actualites\/wp-json\/wp\/v2\/media\/8920"}],"wp:attachment":[{"href":"https:\/\/vieassociative.be\/actualites\/wp-json\/wp\/v2\/media?parent=8919"}],"wp:term":[{"taxonomy":"category","embeddable":true,"href":"https:\/\/vieassociative.be\/actualites\/wp-json\/wp\/v2\/categories?post=8919"},{"taxonomy":"post_tag","embeddable":true,"href":"https:\/\/vieassociative.be\/actualites\/wp-json\/wp\/v2\/tags?post=8919"}],"curies":[{"name":"wp","href":"https:\/\/api.w.org\/{rel}","templated":true}]}}