{"id":8913,"date":"2025-07-21T22:17:49","date_gmt":"2025-07-21T20:17:49","guid":{"rendered":"https:\/\/vieassociative.be\/actualites\/critique-dans-la-perturbation-de-linterview-de-lard-avec-le-patron-de-lafd-weidel\/"},"modified":"2025-07-21T22:17:49","modified_gmt":"2025-07-21T20:17:49","slug":"critique-dans-la-perturbation-de-linterview-de-lard-avec-le-patron-de-lafd-weidel","status":"publish","type":"post","link":"https:\/\/vieassociative.be\/actualites\/critique-dans-la-perturbation-de-linterview-de-lard-avec-le-patron-de-lafd-weidel\/","title":{"rendered":"Critique dans la perturbation de l&rsquo;interview de l&rsquo;ARD avec le patron de l&rsquo;AFD Weidel"},"content":{"rendered":"<p><strong>Triller Pipes, Corns et Musique forte: Dans l&rsquo;interview d&rsquo;\u00e9t\u00e9 Ard avec la patron de l&rsquo;AFD Alice Weidel, il n&rsquo;y avait pratiquement rien \u00e0 comprendre. La forte perturbation rencontre des critiques violentes.<\/strong><\/p>\n<p><span id=\"more-420651\"><\/span>L&rsquo;AFD ne rend que cette protestation forte, a d\u00e9clar\u00e9 le secr\u00e9taire g\u00e9n\u00e9ral de la CDU d\u00e9mocratique chr\u00e9tienne, Carsten Linnemann, \u00e0 RTL \/ NTV. Le politicien de l&rsquo;AFD, Markus Frohnmaier, a appel\u00e9 \u00e0 une r\u00e9p\u00e9tition de l&rsquo;interview d&rsquo;\u00e9t\u00e9 ArD avec Weidel. Selon son porte-parole Daniel Tapp, elle n&rsquo;existe pas &#8211; d&rsquo;autant plus qu&rsquo;elle voulait continuer la discussion t\u00e9l\u00e9vis\u00e9e malgr\u00e9 le bruit.<\/p>\n<p>L&rsquo;ARD a annonc\u00e9 qu&rsquo;ils voulaient continuer \u00e0 \u00ab\u00a0avoir des entretiens avec les meilleurs politiciens au c\u0153ur de la capitale, \u00e9galement en plein air et directement devant le Bundestag\u00a0\u00bb. La police du Bundestag et de la police de Berlin parleront si et quelles pr\u00e9cautions suppl\u00e9mentaires pour les prochaines entretiens d&rsquo;\u00e9t\u00e9 pr\u00e9vues sont utiles, a d\u00e9clar\u00e9 une porte-parole. Les concepts de s\u00e9curit\u00e9 pour les \u00e9missions en direct seraient v\u00e9rifi\u00e9s et adapt\u00e9s.<\/p>\n<div id=\"attachment_420655\" class=\"wp-caption alignleft\" style=\"max-width: 300px\"><img fetchpriority=\"high\" decoding=\"async\" class=\"wp-image-420655 size-medium\" src=\"https:\/\/vieassociative.be\/actualites\/wp-content\/uploads\/2025\/07\/Critique-dans-la-perturbation-de-linterview-de-lARD-avec-le.jpg\" alt=\"\" width=\"300\" height=\"200\"><\/p>\n<p class=\"wp-caption-text\">20\/07\/2025, Berlin: Alice Weidel (AFD), chef du parti et mod\u00e9rateur Markus Prei\u00df Venez \u00e0 l&rsquo;interview d&rsquo;\u00e9t\u00e9 Ard \u00ab\u00a0Rapport de Berlin\u00a0\u00bb en face du b\u00e2timent Reichstag. Photo: Joerg Carstensen \/ DPA<\/p>\n<\/div>\n<p><strong>&#8211; Campagne Spont Tandemo et Art:<\/strong> L&rsquo;entrevue, qui a \u00e9t\u00e9 diffus\u00e9e en direct sur Internet dimanche apr\u00e8s-midi, a \u00e9t\u00e9 dirig\u00e9e dans le ciel ouvert dans le district du gouvernement de Berlin. Une d\u00e9monstration sur l&rsquo;autre rive de la rivi\u00e8re Spree avec des sifflets, des cornes et de la musique forte avec des slogans anti-AFD pouvait \u00eatre entendue bruyamment dans la transmission. \u00c0 l&rsquo;intervieweur, Markus Prei\u00df s&rsquo;est plaint que ses questions ne pouvaient pas \u00eatre comprises.<\/p>\n<p>Le groupe de beaut\u00e9 politique est \u00e0 l&rsquo;origine des chants anti-AFD transmis dans un bus. Selon la police de Berlin, une quarantaine de personnes, selon la police de Berlin, se sont \u00e9galement r\u00e9unies pour un \u00ab\u00a0rallye spontan\u00e9\u00a0\u00bb sous la direction d&rsquo;une femme de 64 ans. Certains d&rsquo;entre eux portaient des gilets avec l&rsquo;inscription \u00ab\u00a0grand-m\u00e8re contre droite\u00a0\u00bb. Sur demande, cependant, l&rsquo;association \u00ab\u00a0OMAS de grand-m\u00e8re contre la bonne Allemagne\u00a0\u00bb a d\u00e9clar\u00e9 que ce n&rsquo;\u00e9tait pas son action, vous ne connaissez pas les participants.<\/p>\n<p><strong>&#8211; \u00ab\u00a0Tr\u00e8s mauvais style\u00a0\u00bb:<\/strong> Weidel critique la campagne d&rsquo;interf\u00e9rence, comme son porte-parole TAPP a annonc\u00e9: \u00ab\u00a0Il t\u00e9moigne d&rsquo;un tr\u00e8s mauvais style de perturber une interview\u00a0\u00bb. La honte de la culture du d\u00e9bat. Une discussion juridique n&rsquo;est pas pr\u00e9vue, a d\u00e9clar\u00e9 Tapp.<\/p>\n<p>Sur demande, le porte-parole a confirm\u00e9 que Prei\u00df et Weidel avaient accept\u00e9 de poursuivre l&rsquo;interview lors d&rsquo;une courte pause pour un film record. \u00ab\u00a0En ce qui concerne le fait que l&rsquo;interview a \u00e9t\u00e9 diffus\u00e9e en direct, une d\u00e9molition aurait \u00e9galement fonctionn\u00e9 comme une reddition devant les interf\u00e9reurs\u00a0\u00bb, a d\u00e9clar\u00e9 Tapp.<\/p>\n<div id=\"attachment_420656\" class=\"wp-caption alignleft\" style=\"max-width: 300px\"><img decoding=\"async\" class=\"wp-image-420656 size-medium\" src=\"https:\/\/vieassociative.be\/actualites\/wp-content\/uploads\/2025\/07\/1753129069_400_Critique-dans-la-perturbation-de-linterview-de-lARD-avec-le.jpg\" alt=\"\" width=\"300\" height=\"201\"><\/p>\n<p class=\"wp-caption-text\">07.07.2025, Berlin: Carsten Linnemann, secr\u00e9taire g\u00e9n\u00e9ral de la CDU, s&rsquo;exprime lors de la conf\u00e9rence de presse apr\u00e8s la r\u00e9union du conseil f\u00e9d\u00e9ral de la CDU au Konrad-Adenauer Haus. Photo: Michael Kappeler \/ DPA<\/p>\n<\/div>\n<p><strong>&#8211; DJV contre la r\u00e9p\u00e9tition:<\/strong> Le vice-groupe parlementaire de l&rsquo;AFD, Frohnmaier, a n\u00e9anmoins d\u00e9clar\u00e9 dans une interview avec le portail \u00ab\u00a0Politico\u00a0\u00bb: \u00ab\u00a0Dans une telle situation, ARD aurait d\u00fb passer au studio pour une interview juste et non perturb\u00e9e\u00a0\u00bb. Et il a exig\u00e9: \u00ab\u00a0Je m&rsquo;attends \u00e0 ce que la conversation soit r\u00e9p\u00e9t\u00e9e dans des conditions \u00e9quitables.\u00a0\u00bb<\/p>\n<p>L&rsquo;Association allemande des journalistes a contredit cela. \u00ab\u00a0Une r\u00e9p\u00e9tition de l&rsquo;interview dans des conditions de studio serait une exag\u00e9ration des pr\u00e9sidents de l&rsquo;AFD, pour lesquels il n&rsquo;y a aucune raison\u00a0\u00bb, a d\u00e9clar\u00e9 le patron du DJV Mika Beuster sur demande. Cependant, le gain de connaissance du public n&rsquo;est probablement pas trop grand \u00e0 cause des troubles.<\/p>\n<p>Selon le Westdeutscher Rundfunk (WDR), 1,56 million de t\u00e9l\u00e9spectateurs ont vu le spectacle &#8211; un demi-million de plus que la semaine derni\u00e8re, l&rsquo;entretien d&rsquo;\u00e9t\u00e9 avec le chancelier allemand Friedrich Merz. Cette fois, la part de march\u00e9 a atteint 12,1%.<\/p>\n<p>-Linnemann contre les \u00ab\u00a0scouts brais\u00e9s\u00a0\u00bb: le secr\u00e9taire g\u00e9n\u00e9ral de la CDU, Linnemann, a pratiqu\u00e9 des critiques plus fondamentales. \u00ab\u00a0Si vous voulez rendre l&rsquo;AFD fort, vous devriez calmement d\u00e9ranger ces interviews\u00a0\u00bb, a-t-il d\u00e9clar\u00e9 dans l&rsquo;\u00e9mission RTL \/ NTV \u00ab\u00a0Start Early Start\u00a0\u00bb. On ne pouvait pas ignorer l&rsquo;\u00e9lecteur et les \u00ab\u00a0scouts brais\u00e9s\u00a0\u00bb, mais doit combattre l&rsquo;AFD en termes de contenu. (DPA)<\/p>\n","protected":false},"excerpt":{"rendered":"<p>Triller Pipes, Corns et Musique forte: Dans l&rsquo;interview d&rsquo;\u00e9t\u00e9 Ard avec la patron de l&rsquo;AFD Alice Weidel, il n&rsquo;y avait pratiquement rien \u00e0 comprendre. La<\/p>\n","protected":false},"author":1,"featured_media":8914,"comment_status":"","ping_status":"","sticky":false,"template":"","format":"standard","meta":{"footnotes":""},"categories":[298],"tags":[61,3364,166,3439,7847,7846,3953,7845,4114],"class_list":["post-8913","post","type-post","status-publish","format-standard","has-post-thumbnail","hentry","category-belgique","tag-avec","tag-critique","tag-dans","tag-lafd","tag-lard","tag-linterview","tag-patron","tag-perturbation","tag-weidel","generate-columns","tablet-grid-50","mobile-grid-100","grid-parent","grid-33"],"yoast_head":"<!-- This site is optimized with the Yoast SEO plugin v24.0 - https:\/\/yoast.com\/wordpress\/plugins\/seo\/ -->\n<title>Critique dans la perturbation de l&#039;interview de l&#039;ARD avec le patron de l&#039;AFD Weidel | Vie Associative<\/title>\n<meta name=\"robots\" content=\"index, follow, max-snippet:-1, max-image-preview:large, max-video-preview:-1\" \/>\n<link rel=\"canonical\" href=\"https:\/\/vieassociative.be\/actualites\/critique-dans-la-perturbation-de-linterview-de-lard-avec-le-patron-de-lafd-weidel\/\" \/>\n<meta property=\"og:locale\" content=\"fr_FR\" \/>\n<meta property=\"og:type\" content=\"article\" \/>\n<meta property=\"og:title\" content=\"Critique dans la perturbation de l&#039;interview de l&#039;ARD avec le patron de l&#039;AFD Weidel | Vie Associative\" \/>\n<meta property=\"og:description\" content=\"Triller Pipes, Corns et Musique forte: Dans l&rsquo;interview d&rsquo;\u00e9t\u00e9 Ard avec la patron de l&rsquo;AFD Alice Weidel, il n&rsquo;y avait pratiquement rien \u00e0 comprendre. La\" \/>\n<meta property=\"og:url\" content=\"https:\/\/vieassociative.be\/actualites\/critique-dans-la-perturbation-de-linterview-de-lard-avec-le-patron-de-lafd-weidel\/\" \/>\n<meta property=\"og:site_name\" content=\"Vie Associative\" \/>\n<meta property=\"article:published_time\" content=\"2025-07-21T20:17:49+00:00\" \/>\n<meta property=\"og:image\" content=\"https:\/\/vieassociative.be\/actualites\/wp-content\/uploads\/2024\/09\/header_backgroundk-01-e1726694325946.png\" \/>\n\t<meta property=\"og:image:width\" content=\"279\" \/>\n\t<meta property=\"og:image:height\" content=\"92\" \/>\n\t<meta property=\"og:image:type\" content=\"image\/png\" \/>\n<meta name=\"author\" content=\"Julien\" \/>\n<meta name=\"twitter:card\" content=\"summary_large_image\" \/>\n<meta name=\"twitter:label1\" content=\"\u00c9crit par\" \/>\n\t<meta name=\"twitter:data1\" content=\"Julien\" \/>\n\t<meta name=\"twitter:label2\" content=\"Dur\u00e9e de lecture est.\" \/>\n\t<meta name=\"twitter:data2\" content=\"4 minutes\" \/>\n<script type=\"application\/ld+json\" class=\"yoast-schema-graph\">{\"@context\":\"https:\/\/schema.org\",\"@graph\":[{\"@type\":\"Article\",\"@id\":\"https:\/\/vieassociative.be\/actualites\/critique-dans-la-perturbation-de-linterview-de-lard-avec-le-patron-de-lafd-weidel\/#article\",\"isPartOf\":{\"@id\":\"https:\/\/vieassociative.be\/actualites\/critique-dans-la-perturbation-de-linterview-de-lard-avec-le-patron-de-lafd-weidel\/\"},\"author\":{\"name\":\"Julien\",\"@id\":\"https:\/\/vieassociative.be\/actualites\/#\/schema\/person\/b87ac4f82f9d4e7b7cec7395b679edc4\"},\"headline\":\"Critique dans la perturbation de l&rsquo;interview de l&rsquo;ARD avec le patron de l&rsquo;AFD Weidel\",\"datePublished\":\"2025-07-21T20:17:49+00:00\",\"dateModified\":\"2025-07-21T20:17:49+00:00\",\"mainEntityOfPage\":{\"@id\":\"https:\/\/vieassociative.be\/actualites\/critique-dans-la-perturbation-de-linterview-de-lard-avec-le-patron-de-lafd-weidel\/\"},\"wordCount\":797,\"publisher\":{\"@id\":\"https:\/\/vieassociative.be\/actualites\/#organization\"},\"image\":{\"@id\":\"https:\/\/vieassociative.be\/actualites\/critique-dans-la-perturbation-de-linterview-de-lard-avec-le-patron-de-lafd-weidel\/#primaryimage\"},\"thumbnailUrl\":\"https:\/\/vieassociative.be\/actualites\/wp-content\/uploads\/2025\/07\/1753129070_Critique-dans-la-perturbation-de-linterview-de-lARD-avec-le.jpg\",\"keywords\":[\"avec\",\"critique\",\"dans\",\"lAfD\",\"lARD\",\"linterview\",\"patron\",\"perturbation\",\"Weidel\"],\"articleSection\":[\"Belgique\"],\"inLanguage\":\"fr-BE\"},{\"@type\":\"WebPage\",\"@id\":\"https:\/\/vieassociative.be\/actualites\/critique-dans-la-perturbation-de-linterview-de-lard-avec-le-patron-de-lafd-weidel\/\",\"url\":\"https:\/\/vieassociative.be\/actualites\/critique-dans-la-perturbation-de-linterview-de-lard-avec-le-patron-de-lafd-weidel\/\",\"name\":\"Critique dans la perturbation de l'interview de l'ARD avec le patron de l'AFD Weidel | Vie Associative\",\"isPartOf\":{\"@id\":\"https:\/\/vieassociative.be\/actualites\/#website\"},\"primaryImageOfPage\":{\"@id\":\"https:\/\/vieassociative.be\/actualites\/critique-dans-la-perturbation-de-linterview-de-lard-avec-le-patron-de-lafd-weidel\/#primaryimage\"},\"image\":{\"@id\":\"https:\/\/vieassociative.be\/actualites\/critique-dans-la-perturbation-de-linterview-de-lard-avec-le-patron-de-lafd-weidel\/#primaryimage\"},\"thumbnailUrl\":\"https:\/\/vieassociative.be\/actualites\/wp-content\/uploads\/2025\/07\/1753129070_Critique-dans-la-perturbation-de-linterview-de-lARD-avec-le.jpg\",\"datePublished\":\"2025-07-21T20:17:49+00:00\",\"dateModified\":\"2025-07-21T20:17:49+00:00\",\"breadcrumb\":{\"@id\":\"https:\/\/vieassociative.be\/actualites\/critique-dans-la-perturbation-de-linterview-de-lard-avec-le-patron-de-lafd-weidel\/#breadcrumb\"},\"inLanguage\":\"fr-BE\",\"potentialAction\":[{\"@type\":\"ReadAction\",\"target\":[\"https:\/\/vieassociative.be\/actualites\/critique-dans-la-perturbation-de-linterview-de-lard-avec-le-patron-de-lafd-weidel\/\"]}]},{\"@type\":\"ImageObject\",\"inLanguage\":\"fr-BE\",\"@id\":\"https:\/\/vieassociative.be\/actualites\/critique-dans-la-perturbation-de-linterview-de-lard-avec-le-patron-de-lafd-weidel\/#primaryimage\",\"url\":\"https:\/\/vieassociative.be\/actualites\/wp-content\/uploads\/2025\/07\/1753129070_Critique-dans-la-perturbation-de-linterview-de-lARD-avec-le.jpg\",\"contentUrl\":\"https:\/\/vieassociative.be\/actualites\/wp-content\/uploads\/2025\/07\/1753129070_Critique-dans-la-perturbation-de-linterview-de-lARD-avec-le.jpg\",\"width\":1200,\"height\":800,\"caption\":\"Critique dans la perturbation de l'interview de l'ARD avec le patron de l'AFD Weidel\"},{\"@type\":\"BreadcrumbList\",\"@id\":\"https:\/\/vieassociative.be\/actualites\/critique-dans-la-perturbation-de-linterview-de-lard-avec-le-patron-de-lafd-weidel\/#breadcrumb\",\"itemListElement\":[{\"@type\":\"ListItem\",\"position\":1,\"name\":\"Accueil\",\"item\":\"https:\/\/vieassociative.be\/actualites\/\"},{\"@type\":\"ListItem\",\"position\":2,\"name\":\"Critique dans la perturbation de l&rsquo;interview de l&rsquo;ARD avec le patron de l&rsquo;AFD Weidel\"}]},{\"@type\":\"WebSite\",\"@id\":\"https:\/\/vieassociative.be\/actualites\/#website\",\"url\":\"https:\/\/vieassociative.be\/actualites\/\",\"name\":\"Vie Associative\",\"description\":\"\",\"publisher\":{\"@id\":\"https:\/\/vieassociative.be\/actualites\/#organization\"},\"potentialAction\":[{\"@type\":\"SearchAction\",\"target\":{\"@type\":\"EntryPoint\",\"urlTemplate\":\"https:\/\/vieassociative.be\/actualites\/?s={search_term_string}\"},\"query-input\":{\"@type\":\"PropertyValueSpecification\",\"valueRequired\":true,\"valueName\":\"search_term_string\"}}],\"inLanguage\":\"fr-BE\"},{\"@type\":\"Organization\",\"@id\":\"https:\/\/vieassociative.be\/actualites\/#organization\",\"name\":\"Vie Associative\",\"url\":\"https:\/\/vieassociative.be\/actualites\/\",\"logo\":{\"@type\":\"ImageObject\",\"inLanguage\":\"fr-BE\",\"@id\":\"https:\/\/vieassociative.be\/actualites\/#\/schema\/logo\/image\/\",\"url\":\"https:\/\/vieassociative.be\/actualites\/wp-content\/uploads\/2024\/09\/cropped-vieassociative_favicon.ico.png\",\"contentUrl\":\"https:\/\/vieassociative.be\/actualites\/wp-content\/uploads\/2024\/09\/cropped-vieassociative_favicon.ico.png\",\"width\":512,\"height\":512,\"caption\":\"Vie Associative\"},\"image\":{\"@id\":\"https:\/\/vieassociative.be\/actualites\/#\/schema\/logo\/image\/\"}},{\"@type\":\"Person\",\"@id\":\"https:\/\/vieassociative.be\/actualites\/#\/schema\/person\/b87ac4f82f9d4e7b7cec7395b679edc4\",\"name\":\"Julien\",\"image\":{\"@type\":\"ImageObject\",\"inLanguage\":\"fr-BE\",\"@id\":\"https:\/\/vieassociative.be\/actualites\/#\/schema\/person\/image\/\",\"url\":\"https:\/\/vieassociative.be\/actualites\/wp-content\/uploads\/2024\/09\/vie-associative-1-150x150.jpg\",\"contentUrl\":\"https:\/\/vieassociative.be\/actualites\/wp-content\/uploads\/2024\/09\/vie-associative-1-150x150.jpg\",\"caption\":\"Julien\"},\"description\":\"Je suis Julien, r\u00e9dacteur pour Vie Associative. Passionn\u00e9 par le monde associatif depuis plus de 10 ans, j'ai \u00e0 c\u0153ur de partager des histoires inspirantes et de mettre en lumi\u00e8re les initiatives locales. Mon objectif est de sensibiliser et d'encourager l'engagement communautaire \u00e0 travers mes articles.\",\"sameAs\":[\"https:\/\/vieassociative.be\/\"]}]}<\/script>\n<!-- \/ Yoast SEO plugin. -->","yoast_head_json":{"title":"Critique dans la perturbation de l'interview de l'ARD avec le patron de l'AFD Weidel | Vie Associative","robots":{"index":"index","follow":"follow","max-snippet":"max-snippet:-1","max-image-preview":"max-image-preview:large","max-video-preview":"max-video-preview:-1"},"canonical":"https:\/\/vieassociative.be\/actualites\/critique-dans-la-perturbation-de-linterview-de-lard-avec-le-patron-de-lafd-weidel\/","og_locale":"fr_FR","og_type":"article","og_title":"Critique dans la perturbation de l'interview de l'ARD avec le patron de l'AFD Weidel | Vie Associative","og_description":"Triller Pipes, Corns et Musique forte: Dans l&rsquo;interview d&rsquo;\u00e9t\u00e9 Ard avec la patron de l&rsquo;AFD Alice Weidel, il n&rsquo;y avait pratiquement rien \u00e0 comprendre. La","og_url":"https:\/\/vieassociative.be\/actualites\/critique-dans-la-perturbation-de-linterview-de-lard-avec-le-patron-de-lafd-weidel\/","og_site_name":"Vie Associative","article_published_time":"2025-07-21T20:17:49+00:00","og_image":[{"width":279,"height":92,"url":"https:\/\/vieassociative.be\/actualites\/wp-content\/uploads\/2024\/09\/header_backgroundk-01-e1726694325946.png","type":"image\/png"}],"author":"Julien","twitter_card":"summary_large_image","twitter_misc":{"\u00c9crit par":"Julien","Dur\u00e9e de lecture est.":"4 minutes"},"schema":{"@context":"https:\/\/schema.org","@graph":[{"@type":"Article","@id":"https:\/\/vieassociative.be\/actualites\/critique-dans-la-perturbation-de-linterview-de-lard-avec-le-patron-de-lafd-weidel\/#article","isPartOf":{"@id":"https:\/\/vieassociative.be\/actualites\/critique-dans-la-perturbation-de-linterview-de-lard-avec-le-patron-de-lafd-weidel\/"},"author":{"name":"Julien","@id":"https:\/\/vieassociative.be\/actualites\/#\/schema\/person\/b87ac4f82f9d4e7b7cec7395b679edc4"},"headline":"Critique dans la perturbation de l&rsquo;interview de l&rsquo;ARD avec le patron de l&rsquo;AFD Weidel","datePublished":"2025-07-21T20:17:49+00:00","dateModified":"2025-07-21T20:17:49+00:00","mainEntityOfPage":{"@id":"https:\/\/vieassociative.be\/actualites\/critique-dans-la-perturbation-de-linterview-de-lard-avec-le-patron-de-lafd-weidel\/"},"wordCount":797,"publisher":{"@id":"https:\/\/vieassociative.be\/actualites\/#organization"},"image":{"@id":"https:\/\/vieassociative.be\/actualites\/critique-dans-la-perturbation-de-linterview-de-lard-avec-le-patron-de-lafd-weidel\/#primaryimage"},"thumbnailUrl":"https:\/\/vieassociative.be\/actualites\/wp-content\/uploads\/2025\/07\/1753129070_Critique-dans-la-perturbation-de-linterview-de-lARD-avec-le.jpg","keywords":["avec","critique","dans","lAfD","lARD","linterview","patron","perturbation","Weidel"],"articleSection":["Belgique"],"inLanguage":"fr-BE"},{"@type":"WebPage","@id":"https:\/\/vieassociative.be\/actualites\/critique-dans-la-perturbation-de-linterview-de-lard-avec-le-patron-de-lafd-weidel\/","url":"https:\/\/vieassociative.be\/actualites\/critique-dans-la-perturbation-de-linterview-de-lard-avec-le-patron-de-lafd-weidel\/","name":"Critique dans la perturbation de l'interview de l'ARD avec le patron de l'AFD Weidel | Vie Associative","isPartOf":{"@id":"https:\/\/vieassociative.be\/actualites\/#website"},"primaryImageOfPage":{"@id":"https:\/\/vieassociative.be\/actualites\/critique-dans-la-perturbation-de-linterview-de-lard-avec-le-patron-de-lafd-weidel\/#primaryimage"},"image":{"@id":"https:\/\/vieassociative.be\/actualites\/critique-dans-la-perturbation-de-linterview-de-lard-avec-le-patron-de-lafd-weidel\/#primaryimage"},"thumbnailUrl":"https:\/\/vieassociative.be\/actualites\/wp-content\/uploads\/2025\/07\/1753129070_Critique-dans-la-perturbation-de-linterview-de-lARD-avec-le.jpg","datePublished":"2025-07-21T20:17:49+00:00","dateModified":"2025-07-21T20:17:49+00:00","breadcrumb":{"@id":"https:\/\/vieassociative.be\/actualites\/critique-dans-la-perturbation-de-linterview-de-lard-avec-le-patron-de-lafd-weidel\/#breadcrumb"},"inLanguage":"fr-BE","potentialAction":[{"@type":"ReadAction","target":["https:\/\/vieassociative.be\/actualites\/critique-dans-la-perturbation-de-linterview-de-lard-avec-le-patron-de-lafd-weidel\/"]}]},{"@type":"ImageObject","inLanguage":"fr-BE","@id":"https:\/\/vieassociative.be\/actualites\/critique-dans-la-perturbation-de-linterview-de-lard-avec-le-patron-de-lafd-weidel\/#primaryimage","url":"https:\/\/vieassociative.be\/actualites\/wp-content\/uploads\/2025\/07\/1753129070_Critique-dans-la-perturbation-de-linterview-de-lARD-avec-le.jpg","contentUrl":"https:\/\/vieassociative.be\/actualites\/wp-content\/uploads\/2025\/07\/1753129070_Critique-dans-la-perturbation-de-linterview-de-lARD-avec-le.jpg","width":1200,"height":800,"caption":"Critique dans la perturbation de l'interview de l'ARD avec le patron de l'AFD Weidel"},{"@type":"BreadcrumbList","@id":"https:\/\/vieassociative.be\/actualites\/critique-dans-la-perturbation-de-linterview-de-lard-avec-le-patron-de-lafd-weidel\/#breadcrumb","itemListElement":[{"@type":"ListItem","position":1,"name":"Accueil","item":"https:\/\/vieassociative.be\/actualites\/"},{"@type":"ListItem","position":2,"name":"Critique dans la perturbation de l&rsquo;interview de l&rsquo;ARD avec le patron de l&rsquo;AFD Weidel"}]},{"@type":"WebSite","@id":"https:\/\/vieassociative.be\/actualites\/#website","url":"https:\/\/vieassociative.be\/actualites\/","name":"Vie Associative","description":"","publisher":{"@id":"https:\/\/vieassociative.be\/actualites\/#organization"},"potentialAction":[{"@type":"SearchAction","target":{"@type":"EntryPoint","urlTemplate":"https:\/\/vieassociative.be\/actualites\/?s={search_term_string}"},"query-input":{"@type":"PropertyValueSpecification","valueRequired":true,"valueName":"search_term_string"}}],"inLanguage":"fr-BE"},{"@type":"Organization","@id":"https:\/\/vieassociative.be\/actualites\/#organization","name":"Vie Associative","url":"https:\/\/vieassociative.be\/actualites\/","logo":{"@type":"ImageObject","inLanguage":"fr-BE","@id":"https:\/\/vieassociative.be\/actualites\/#\/schema\/logo\/image\/","url":"https:\/\/vieassociative.be\/actualites\/wp-content\/uploads\/2024\/09\/cropped-vieassociative_favicon.ico.png","contentUrl":"https:\/\/vieassociative.be\/actualites\/wp-content\/uploads\/2024\/09\/cropped-vieassociative_favicon.ico.png","width":512,"height":512,"caption":"Vie Associative"},"image":{"@id":"https:\/\/vieassociative.be\/actualites\/#\/schema\/logo\/image\/"}},{"@type":"Person","@id":"https:\/\/vieassociative.be\/actualites\/#\/schema\/person\/b87ac4f82f9d4e7b7cec7395b679edc4","name":"Julien","image":{"@type":"ImageObject","inLanguage":"fr-BE","@id":"https:\/\/vieassociative.be\/actualites\/#\/schema\/person\/image\/","url":"https:\/\/vieassociative.be\/actualites\/wp-content\/uploads\/2024\/09\/vie-associative-1-150x150.jpg","contentUrl":"https:\/\/vieassociative.be\/actualites\/wp-content\/uploads\/2024\/09\/vie-associative-1-150x150.jpg","caption":"Julien"},"description":"Je suis Julien, r\u00e9dacteur pour Vie Associative. Passionn\u00e9 par le monde associatif depuis plus de 10 ans, j'ai \u00e0 c\u0153ur de partager des histoires inspirantes et de mettre en lumi\u00e8re les initiatives locales. Mon objectif est de sensibiliser et d'encourager l'engagement communautaire \u00e0 travers mes articles.","sameAs":["https:\/\/vieassociative.be\/"]}]}},"_links":{"self":[{"href":"https:\/\/vieassociative.be\/actualites\/wp-json\/wp\/v2\/posts\/8913"}],"collection":[{"href":"https:\/\/vieassociative.be\/actualites\/wp-json\/wp\/v2\/posts"}],"about":[{"href":"https:\/\/vieassociative.be\/actualites\/wp-json\/wp\/v2\/types\/post"}],"author":[{"embeddable":true,"href":"https:\/\/vieassociative.be\/actualites\/wp-json\/wp\/v2\/users\/1"}],"replies":[{"embeddable":true,"href":"https:\/\/vieassociative.be\/actualites\/wp-json\/wp\/v2\/comments?post=8913"}],"version-history":[{"count":0,"href":"https:\/\/vieassociative.be\/actualites\/wp-json\/wp\/v2\/posts\/8913\/revisions"}],"wp:featuredmedia":[{"embeddable":true,"href":"https:\/\/vieassociative.be\/actualites\/wp-json\/wp\/v2\/media\/8914"}],"wp:attachment":[{"href":"https:\/\/vieassociative.be\/actualites\/wp-json\/wp\/v2\/media?parent=8913"}],"wp:term":[{"taxonomy":"category","embeddable":true,"href":"https:\/\/vieassociative.be\/actualites\/wp-json\/wp\/v2\/categories?post=8913"},{"taxonomy":"post_tag","embeddable":true,"href":"https:\/\/vieassociative.be\/actualites\/wp-json\/wp\/v2\/tags?post=8913"}],"curies":[{"name":"wp","href":"https:\/\/api.w.org\/{rel}","templated":true}]}}