{"id":8911,"date":"2025-07-21T21:21:00","date_gmt":"2025-07-21T19:21:00","guid":{"rendered":"https:\/\/vieassociative.be\/actualites\/mon-televiseur-qled-prefere-pour-le-budget-est-de-700\/"},"modified":"2025-07-21T21:21:00","modified_gmt":"2025-07-21T19:21:00","slug":"mon-televiseur-qled-prefere-pour-le-budget-est-de-700","status":"publish","type":"post","link":"https:\/\/vieassociative.be\/actualites\/mon-televiseur-qled-prefere-pour-le-budget-est-de-700\/","title":{"rendered":"Mon t\u00e9l\u00e9viseur QLED pr\u00e9f\u00e9r\u00e9 pour le budget est de 700 $"},"content":{"rendered":"<div class=\"mt-4 leading-6 md:mb-8\">Le TCL QM7 massif et 85 pouces offre le meilleur coup pour votre argent.<\/div>\n<p><\/p>\n<p>Les t\u00e9l\u00e9viseurs de milieu de gamme sont devenus si bons au cours des derni\u00e8res ann\u00e9es qu&rsquo;il est de plus en plus difficile de justifier de d\u00e9penser deux \u00e0 trois fois plus pour une t\u00e9l\u00e9vision OLED haut de gamme. Take TCL: L&rsquo;objectif de l&rsquo;entreprise semble ma\u00eetriser QLED Tech pour offrir des performances exceptionnelles \u00e0 un prix relativement bas. Son QM7 en est un excellent exemple: j&rsquo;ai personnellement pu le revoir et le mettre \u00e0 l&rsquo;\u00e9preuve, et je suis reparti impressionn\u00e9. <\/p>\n<p>Et en ce moment, le mod\u00e8le massif de 85 pouces est <strong>1 299,99 $<\/strong>700 $ sur le prix d&rsquo;origine. Bien que ce soit un peu moins cher pendant la premi\u00e8re journ\u00e9e, c&rsquo;est toujours un excellent pari au prix actuel. <\/p>\n<div class=\"pogoClear mb-12 mt-10 rounded-md border-2 border-gray-100 py-7 shadow-xl md:py-6\">\n<div class=\"flex flex-wrap justify-between px-7 text-black no-underline md:flex-nowrap md:px-8\">\n<div class=\"order-1 mx-auto flex flex-col justify-center md:order-2 md:ml-4 md:w-full md:grow\">\n<div class=\"block cursor-pointer text-center font-akshar text-2xl font-medium leading-7 text-brand-green duration-200 ease-in-out hover:text-brand-green-700 md:text-left md:text-xl md:leading-6\">TCL 85 pouces QM7 QLED TV\n                <\/div>\n<div class=\"mt-4 hidden md:flex md:justify-between\">\n<div class=\"self-end\">\n<div class=\"mb-0 h-11 md:flex md:flex-col md:justify-center\">\n<div class=\" font-sans leading-4 text-black\">\n<div class=\"flex flex-wrap items-center justify-center gap-x-1 md:justify-start\">\n        <span class=\"font-bold\"><\/p>\n<p>            1 239,99 $<br \/>\n                            <span class=\"font-medium\">\u00e0 Amazon<\/span><br \/>\n                    <\/span><br \/>\n                    <img decoding=\"async\" class=\"mt-0 h-(15px)\" src=\"https:\/\/vieassociative.be\/actualites\/wp-content\/uploads\/2025\/07\/Mon-televiseur-QLED-prefere-pour-le-budget-est-de-700.svg.svg+xml\" title=\"Amazon Prime\" alt=\"Amazon Prime\">\n            <\/div>\n<div class=\"flex items-center justify-center gap-x-1 font-bold md:justify-start\">\n            <span class=\"text-sm line-through\">1 999,99 $<\/span><br \/>\n            <span class=\"text-sm text-brand-green\">\u00c9conomisez 760,00 $<\/span>\n        <\/div>\n<\/p><\/div>\n<\/p><\/div>\n<\/p><\/div>\n<div class=\"w-44 self-end\">\n                            <button class=\"flex justify-center items-center w-full bg-brand-green text-white text-base font-sans font-medium rounded-md hover:bg-brand-green-700 hover:cursor-pointer md:text-sm h-11\"><\/p>\n<p>    Conclure un accord<br \/>\n<\/button>\n                        <\/div>\n<\/p><\/div>\n<\/p><\/div>\n<div class=\"order-2 mt-5 h-auto w-full md:order-1 md:mt-0 md:hidden\">\n<div class=\"flex aspect-video items-center justify-center\">\n                                            <img decoding=\"async\" class=\"m-0 max-h-full max-w-full rounded-md\" src=\"https:\/\/vieassociative.be\/actualites\/wp-content\/uploads\/2025\/07\/Mon-televiseur-QLED-prefere-pour-le-budget-est-de-700.jpg\" alt=\"TCL 85 pouces QM7 QLED 4K 4K QD-MINI LED TV avec Google TV (85QM751G, mod\u00e8le 2024) Dolby Vision IQ, Dolby Atmos, HDR, acc\u00e9l\u00e9rateur de jeu jusqu'\u00e0 240Hz, t\u00e9l\u00e9commande vocale, fonctionne avec Alexa, streaming t\u00e9l\u00e9vis\u00e9\" width=\"auto\" height=\"auto\" loading=\"lazy\">\n                                    <\/div>\n<\/p><\/div>\n<div class=\"order-2 ml-2 hidden w-32 shrink-0 items-center md:order-1 md:ml-0 md:flex\">\n<div class=\"flex aspect-video items-center justify-center\">\n                                            <img decoding=\"async\" class=\"m-0 max-h-full max-w-full rounded-md\" src=\"https:\/\/vieassociative.be\/actualites\/wp-content\/uploads\/2025\/07\/Mon-televiseur-QLED-prefere-pour-le-budget-est-de-700.jpg\" alt=\"TCL 85 pouces QM7 QLED 4K 4K QD-MINI LED TV avec Google TV (85QM751G, mod\u00e8le 2024) Dolby Vision IQ, Dolby Atmos, HDR, acc\u00e9l\u00e9rateur de jeu jusqu'\u00e0 240Hz, t\u00e9l\u00e9commande vocale, fonctionne avec Alexa, streaming t\u00e9l\u00e9vis\u00e9\" width=\"auto\" height=\"auto\" loading=\"lazy\">\n                                    <\/div>\n<\/p><\/div>\n<div class=\"order-3 flex grow flex-wrap md:hidden md:grow-0\">\n<div class=\"mt-4 w-full\">\n                        <button class=\"flex justify-center items-center w-full bg-brand-green text-white text-base font-sans font-medium rounded-md hover:bg-brand-green-700 hover:cursor-pointer md:text-sm h-11\"><\/p>\n<p>    Conclure un accord<br \/>\n<\/button>\n                    <\/div>\n<div class=\"mx-2 mt-4 w-full\">\n<div class=\" font-sans leading-4 text-black\">\n<div class=\"flex flex-wrap items-center justify-center gap-x-1 md:justify-start\">\n        <span class=\"font-bold\"><\/p>\n<p>            1 239,99 $<br \/>\n                            <span class=\"font-medium\">\u00e0 Amazon<\/span><br \/>\n                    <\/span><br \/>\n                    <img decoding=\"async\" class=\"mt-0 h-(15px)\" src=\"https:\/\/vieassociative.be\/actualites\/wp-content\/uploads\/2025\/07\/Mon-televiseur-QLED-prefere-pour-le-budget-est-de-700.svg.svg+xml\" title=\"Amazon Prime\" alt=\"Amazon Prime\">\n            <\/div>\n<div class=\"flex items-center justify-center gap-x-1 font-bold md:justify-start\">\n            <span class=\"text-sm line-through\">1 999,99 $<\/span><br \/>\n            <span class=\"text-sm text-brand-green\">\u00c9conomisez 760,00 $<\/span>\n        <\/div>\n<\/p><\/div>\n<\/p><\/div>\n<\/p><\/div>\n<\/p><\/div>\n<\/div>\n<p>En ce qui concerne les t\u00e9l\u00e9viseurs de milieu de gamme, la technologie QLED est le porte-norme actuel avant de passer du c\u00f4t\u00e9 OLED beaucoup plus cher. Les t\u00e9l\u00e9viseurs QLED pourraient ne jamais correspondre \u00e0 la qualit\u00e9 d&rsquo;image que les meilleurs ensembles OLED peuvent atteindre, mais pour la plupart des gens, il peut \u00eatre assez proche, tout en co\u00fbtant un co\u00fbt<em> parcelle <\/em>Iess. <\/p>\n<p>L&rsquo;expression cl\u00e9 QLED Les acheteurs devraient pr\u00eater attention sont les \u00abzones de gradation\u00bb &#8211; plus vous en avez, mieux les noirs profonds se pencheront \u00e0 c\u00f4t\u00e9 des reflets brillants. Le QM7 compte jusqu&rsquo;\u00e0 1 240 zones de gradin local, ce qui est surprenant pour son prix. Il peut \u00e9galement devenir tr\u00e8s brillant, avec jusqu&rsquo;\u00e0 2 400 nits \u00e0 la luminosit\u00e9 maximale. Bien s\u00fbr, vous obtenez une r\u00e9solution 4K et un support HDR (HDR Ultra avec Dolby Vision IQ, HDR10 +, HDR10 et HLG). En tant que joueur, j&rsquo;ai appr\u00e9ci\u00e9 le taux de rafra\u00eechissement de 120 Hz et le d\u00e9calage d&rsquo;entr\u00e9e de 6 millisecondes avec le mode Auto Low Lentence (ALLM) et AMD Freesync Premium Pro, faisant fonctionner mes matchs de halo. <\/p>\n<div class=\"pogoClear relative my-10 border-b-(1.5px) border-t-(1.5px) border-dashed border-black py-5 sm:my-14 sm:border-0 sm:py-0\" data-ga-click data-ga-template=\"Deals\" data-ga-module=\"openweb_widget\" data-ga-element=\"openweb_scroll\" data-ga-item=\"openweb_scroll_midpage\" x-data=\"{\n         commentsCount: null,\n         hasComments: false,\n         async fetchCommentsCount() {\n             try {\n                 if (window.openweb &amp;&amp; typeof window.openweb.getMessagesCount === 'function') {\n                     this.commentsCount = await window.openweb.getMessagesCount('122174');\n                     this.hasComments = this.commentsCount !== null &amp;&amp; this.commentsCount &gt; 0;\n                 }\n             } catch (e) {\n                 console.warn('Failed to fetch comment count:', e);\n             }\n         }\n     }\" x-init=\"fetchCommentsCount()\" x-cloak><\/p>\n<div class=\"absolute top-1\/2 hidden w-full -translate-y-1\/2 border-t-(1.5px) border-dashed border-black sm:block\"><\/div>\n<div class=\"relative flex justify-center\">\n<div class=\"flex max-w-fit items-center gap-x-3 bg-white px-5\">\n<div class=\"relative\">\n                <span class=\"absolute left-1\/2 top-1\/2 -translate-x-1\/2 -translate-y-1\/2 font-akshar text-sm font-medium text-black\" aria-live=\"polite\" x-show=\"hasComments\" x-text=\"commentsCount\"><\/span><\/p>\n<p>                <svg class=\"h-8 w-8 text-black\" role=\"img\" aria-hidden=\"true\">\n                    <use href=\"http:\/\/lifehacker.com\/images\/icons\/spritemap.svg#sprite-chat-bubble\"><\/use>\n                <\/svg>\n            <\/div>\n<p>            <span class=\"text-sm font-medium text-black\"><\/p>\n<p>                Que pensez-vous jusqu&rsquo;\u00e0 pr\u00e9sent?<br \/>\n                <button class=\"ml-1 font-semibold text-brand-green underline hover:text-brand-green-700\" type=\"button\" aria-label=\"Comment section trigger\" onclick=\"window.openweb.scrollToComments('122174')\" x-text=\"hasComments ? 'Post a comment.' : 'Be the first to post a comment.'\"><\/button><br \/>\n            <\/span>\n        <\/div>\n<\/p><\/div>\n<\/div>\n<p>Le Google TV OS est la cerise sur le g\u00e2teau; J&rsquo;adore lancer la t\u00e9l\u00e9vision de mani\u00e8re transparente depuis mon t\u00e9l\u00e9phone et le syst\u00e8me est net et r\u00e9actif. Le QM7 a \u00e9t\u00e9 mon t\u00e9l\u00e9viseur non ol\u00e9ique pr\u00e9f\u00e9r\u00e9 que j&rsquo;ai jamais essay\u00e9, et pour son prix actuel, c&rsquo;est le meilleur t\u00e9l\u00e9viseur non ol\u00e9ique que vous puissiez obtenir.<\/p>\n","protected":false},"excerpt":{"rendered":"<p>Le TCL QM7 massif et 85 pouces offre le meilleur coup pour votre argent. Les t\u00e9l\u00e9viseurs de milieu de gamme sont devenus si bons au<\/p>\n","protected":false},"author":1,"featured_media":8912,"comment_status":"","ping_status":"","sticky":false,"template":"","format":"standard","meta":{"footnotes":""},"categories":[13],"tags":[5216,76,49,81,1561,5215,1978],"class_list":["post-8911","post","type-post","status-publish","format-standard","has-post-thumbnail","hentry","category-technologie","tag-budget","tag-est","tag-mon","tag-pour","tag-prefere","tag-qled","tag-televiseur","generate-columns","tablet-grid-50","mobile-grid-100","grid-parent","grid-33"],"yoast_head":"<!-- This site is optimized with the Yoast SEO plugin v24.0 - https:\/\/yoast.com\/wordpress\/plugins\/seo\/ -->\n<title>Mon t\u00e9l\u00e9viseur QLED pr\u00e9f\u00e9r\u00e9 pour le budget est de 700 $ | Vie Associative<\/title>\n<meta name=\"robots\" content=\"index, follow, max-snippet:-1, max-image-preview:large, max-video-preview:-1\" \/>\n<link rel=\"canonical\" href=\"https:\/\/vieassociative.be\/actualites\/mon-televiseur-qled-prefere-pour-le-budget-est-de-700\/\" \/>\n<meta property=\"og:locale\" content=\"fr_FR\" \/>\n<meta property=\"og:type\" content=\"article\" \/>\n<meta property=\"og:title\" content=\"Mon t\u00e9l\u00e9viseur QLED pr\u00e9f\u00e9r\u00e9 pour le budget est de 700 $ | Vie Associative\" \/>\n<meta property=\"og:description\" content=\"Le TCL QM7 massif et 85 pouces offre le meilleur coup pour votre argent. Les t\u00e9l\u00e9viseurs de milieu de gamme sont devenus si bons au\" \/>\n<meta property=\"og:url\" content=\"https:\/\/vieassociative.be\/actualites\/mon-televiseur-qled-prefere-pour-le-budget-est-de-700\/\" \/>\n<meta property=\"og:site_name\" content=\"Vie Associative\" \/>\n<meta property=\"article:published_time\" content=\"2025-07-21T19:21:00+00:00\" \/>\n<meta property=\"og:image\" content=\"https:\/\/vieassociative.be\/actualites\/wp-content\/uploads\/2025\/07\/Mon-televiseur-QLED-prefere-pour-le-budget-est-de-700.svg.svg+xml\" \/>\n<meta name=\"author\" content=\"Julien\" \/>\n<meta name=\"twitter:card\" content=\"summary_large_image\" \/>\n<meta name=\"twitter:label1\" content=\"\u00c9crit par\" \/>\n\t<meta name=\"twitter:data1\" content=\"Julien\" \/>\n\t<meta name=\"twitter:label2\" content=\"Dur\u00e9e de lecture est.\" \/>\n\t<meta name=\"twitter:data2\" content=\"2 minutes\" \/>\n<script type=\"application\/ld+json\" class=\"yoast-schema-graph\">{\"@context\":\"https:\/\/schema.org\",\"@graph\":[{\"@type\":\"Article\",\"@id\":\"https:\/\/vieassociative.be\/actualites\/mon-televiseur-qled-prefere-pour-le-budget-est-de-700\/#article\",\"isPartOf\":{\"@id\":\"https:\/\/vieassociative.be\/actualites\/mon-televiseur-qled-prefere-pour-le-budget-est-de-700\/\"},\"author\":{\"name\":\"Julien\",\"@id\":\"https:\/\/vieassociative.be\/actualites\/#\/schema\/person\/b87ac4f82f9d4e7b7cec7395b679edc4\"},\"headline\":\"Mon t\u00e9l\u00e9viseur QLED pr\u00e9f\u00e9r\u00e9 pour le budget est de 700 $\",\"datePublished\":\"2025-07-21T19:21:00+00:00\",\"dateModified\":\"2025-07-21T19:21:00+00:00\",\"mainEntityOfPage\":{\"@id\":\"https:\/\/vieassociative.be\/actualites\/mon-televiseur-qled-prefere-pour-le-budget-est-de-700\/\"},\"wordCount\":441,\"publisher\":{\"@id\":\"https:\/\/vieassociative.be\/actualites\/#organization\"},\"image\":{\"@id\":\"https:\/\/vieassociative.be\/actualites\/mon-televiseur-qled-prefere-pour-le-budget-est-de-700\/#primaryimage\"},\"thumbnailUrl\":\"https:\/\/vieassociative.be\/actualites\/wp-content\/uploads\/2025\/07\/Mon-televiseur-QLED-prefere-pour-le-budget-est-de-700.png\",\"keywords\":[\"budget\",\"est\",\"Mon\",\"pour\",\"pr\u00e9f\u00e9r\u00e9\",\"QLED\",\"t\u00e9l\u00e9viseur\"],\"articleSection\":[\"Technologie\"],\"inLanguage\":\"fr-BE\"},{\"@type\":\"WebPage\",\"@id\":\"https:\/\/vieassociative.be\/actualites\/mon-televiseur-qled-prefere-pour-le-budget-est-de-700\/\",\"url\":\"https:\/\/vieassociative.be\/actualites\/mon-televiseur-qled-prefere-pour-le-budget-est-de-700\/\",\"name\":\"Mon t\u00e9l\u00e9viseur QLED pr\u00e9f\u00e9r\u00e9 pour le budget est de 700 $ | Vie Associative\",\"isPartOf\":{\"@id\":\"https:\/\/vieassociative.be\/actualites\/#website\"},\"primaryImageOfPage\":{\"@id\":\"https:\/\/vieassociative.be\/actualites\/mon-televiseur-qled-prefere-pour-le-budget-est-de-700\/#primaryimage\"},\"image\":{\"@id\":\"https:\/\/vieassociative.be\/actualites\/mon-televiseur-qled-prefere-pour-le-budget-est-de-700\/#primaryimage\"},\"thumbnailUrl\":\"https:\/\/vieassociative.be\/actualites\/wp-content\/uploads\/2025\/07\/Mon-televiseur-QLED-prefere-pour-le-budget-est-de-700.png\",\"datePublished\":\"2025-07-21T19:21:00+00:00\",\"dateModified\":\"2025-07-21T19:21:00+00:00\",\"breadcrumb\":{\"@id\":\"https:\/\/vieassociative.be\/actualites\/mon-televiseur-qled-prefere-pour-le-budget-est-de-700\/#breadcrumb\"},\"inLanguage\":\"fr-BE\",\"potentialAction\":[{\"@type\":\"ReadAction\",\"target\":[\"https:\/\/vieassociative.be\/actualites\/mon-televiseur-qled-prefere-pour-le-budget-est-de-700\/\"]}]},{\"@type\":\"ImageObject\",\"inLanguage\":\"fr-BE\",\"@id\":\"https:\/\/vieassociative.be\/actualites\/mon-televiseur-qled-prefere-pour-le-budget-est-de-700\/#primaryimage\",\"url\":\"https:\/\/vieassociative.be\/actualites\/wp-content\/uploads\/2025\/07\/Mon-televiseur-QLED-prefere-pour-le-budget-est-de-700.png\",\"contentUrl\":\"https:\/\/vieassociative.be\/actualites\/wp-content\/uploads\/2025\/07\/Mon-televiseur-QLED-prefere-pour-le-budget-est-de-700.png\",\"width\":1200,\"height\":675,\"caption\":\"Mon t\u00e9l\u00e9viseur QLED pr\u00e9f\u00e9r\u00e9 pour le budget est de 700 $\"},{\"@type\":\"BreadcrumbList\",\"@id\":\"https:\/\/vieassociative.be\/actualites\/mon-televiseur-qled-prefere-pour-le-budget-est-de-700\/#breadcrumb\",\"itemListElement\":[{\"@type\":\"ListItem\",\"position\":1,\"name\":\"Accueil\",\"item\":\"https:\/\/vieassociative.be\/actualites\/\"},{\"@type\":\"ListItem\",\"position\":2,\"name\":\"Mon t\u00e9l\u00e9viseur QLED pr\u00e9f\u00e9r\u00e9 pour le budget est de 700 $\"}]},{\"@type\":\"WebSite\",\"@id\":\"https:\/\/vieassociative.be\/actualites\/#website\",\"url\":\"https:\/\/vieassociative.be\/actualites\/\",\"name\":\"Vie Associative\",\"description\":\"\",\"publisher\":{\"@id\":\"https:\/\/vieassociative.be\/actualites\/#organization\"},\"potentialAction\":[{\"@type\":\"SearchAction\",\"target\":{\"@type\":\"EntryPoint\",\"urlTemplate\":\"https:\/\/vieassociative.be\/actualites\/?s={search_term_string}\"},\"query-input\":{\"@type\":\"PropertyValueSpecification\",\"valueRequired\":true,\"valueName\":\"search_term_string\"}}],\"inLanguage\":\"fr-BE\"},{\"@type\":\"Organization\",\"@id\":\"https:\/\/vieassociative.be\/actualites\/#organization\",\"name\":\"Vie Associative\",\"url\":\"https:\/\/vieassociative.be\/actualites\/\",\"logo\":{\"@type\":\"ImageObject\",\"inLanguage\":\"fr-BE\",\"@id\":\"https:\/\/vieassociative.be\/actualites\/#\/schema\/logo\/image\/\",\"url\":\"https:\/\/vieassociative.be\/actualites\/wp-content\/uploads\/2024\/09\/cropped-vieassociative_favicon.ico.png\",\"contentUrl\":\"https:\/\/vieassociative.be\/actualites\/wp-content\/uploads\/2024\/09\/cropped-vieassociative_favicon.ico.png\",\"width\":512,\"height\":512,\"caption\":\"Vie Associative\"},\"image\":{\"@id\":\"https:\/\/vieassociative.be\/actualites\/#\/schema\/logo\/image\/\"}},{\"@type\":\"Person\",\"@id\":\"https:\/\/vieassociative.be\/actualites\/#\/schema\/person\/b87ac4f82f9d4e7b7cec7395b679edc4\",\"name\":\"Julien\",\"image\":{\"@type\":\"ImageObject\",\"inLanguage\":\"fr-BE\",\"@id\":\"https:\/\/vieassociative.be\/actualites\/#\/schema\/person\/image\/\",\"url\":\"https:\/\/vieassociative.be\/actualites\/wp-content\/uploads\/2024\/09\/vie-associative-1-150x150.jpg\",\"contentUrl\":\"https:\/\/vieassociative.be\/actualites\/wp-content\/uploads\/2024\/09\/vie-associative-1-150x150.jpg\",\"caption\":\"Julien\"},\"description\":\"Je suis Julien, r\u00e9dacteur pour Vie Associative. Passionn\u00e9 par le monde associatif depuis plus de 10 ans, j'ai \u00e0 c\u0153ur de partager des histoires inspirantes et de mettre en lumi\u00e8re les initiatives locales. Mon objectif est de sensibiliser et d'encourager l'engagement communautaire \u00e0 travers mes articles.\",\"sameAs\":[\"https:\/\/vieassociative.be\/\"]}]}<\/script>\n<!-- \/ Yoast SEO plugin. -->","yoast_head_json":{"title":"Mon t\u00e9l\u00e9viseur QLED pr\u00e9f\u00e9r\u00e9 pour le budget est de 700 $ | Vie Associative","robots":{"index":"index","follow":"follow","max-snippet":"max-snippet:-1","max-image-preview":"max-image-preview:large","max-video-preview":"max-video-preview:-1"},"canonical":"https:\/\/vieassociative.be\/actualites\/mon-televiseur-qled-prefere-pour-le-budget-est-de-700\/","og_locale":"fr_FR","og_type":"article","og_title":"Mon t\u00e9l\u00e9viseur QLED pr\u00e9f\u00e9r\u00e9 pour le budget est de 700 $ | Vie Associative","og_description":"Le TCL QM7 massif et 85 pouces offre le meilleur coup pour votre argent. Les t\u00e9l\u00e9viseurs de milieu de gamme sont devenus si bons au","og_url":"https:\/\/vieassociative.be\/actualites\/mon-televiseur-qled-prefere-pour-le-budget-est-de-700\/","og_site_name":"Vie Associative","article_published_time":"2025-07-21T19:21:00+00:00","og_image":[{"url":"https:\/\/vieassociative.be\/actualites\/wp-content\/uploads\/2025\/07\/Mon-televiseur-QLED-prefere-pour-le-budget-est-de-700.svg.svg+xml","type":"","width":"","height":""}],"author":"Julien","twitter_card":"summary_large_image","twitter_misc":{"\u00c9crit par":"Julien","Dur\u00e9e de lecture est.":"2 minutes"},"schema":{"@context":"https:\/\/schema.org","@graph":[{"@type":"Article","@id":"https:\/\/vieassociative.be\/actualites\/mon-televiseur-qled-prefere-pour-le-budget-est-de-700\/#article","isPartOf":{"@id":"https:\/\/vieassociative.be\/actualites\/mon-televiseur-qled-prefere-pour-le-budget-est-de-700\/"},"author":{"name":"Julien","@id":"https:\/\/vieassociative.be\/actualites\/#\/schema\/person\/b87ac4f82f9d4e7b7cec7395b679edc4"},"headline":"Mon t\u00e9l\u00e9viseur QLED pr\u00e9f\u00e9r\u00e9 pour le budget est de 700 $","datePublished":"2025-07-21T19:21:00+00:00","dateModified":"2025-07-21T19:21:00+00:00","mainEntityOfPage":{"@id":"https:\/\/vieassociative.be\/actualites\/mon-televiseur-qled-prefere-pour-le-budget-est-de-700\/"},"wordCount":441,"publisher":{"@id":"https:\/\/vieassociative.be\/actualites\/#organization"},"image":{"@id":"https:\/\/vieassociative.be\/actualites\/mon-televiseur-qled-prefere-pour-le-budget-est-de-700\/#primaryimage"},"thumbnailUrl":"https:\/\/vieassociative.be\/actualites\/wp-content\/uploads\/2025\/07\/Mon-televiseur-QLED-prefere-pour-le-budget-est-de-700.png","keywords":["budget","est","Mon","pour","pr\u00e9f\u00e9r\u00e9","QLED","t\u00e9l\u00e9viseur"],"articleSection":["Technologie"],"inLanguage":"fr-BE"},{"@type":"WebPage","@id":"https:\/\/vieassociative.be\/actualites\/mon-televiseur-qled-prefere-pour-le-budget-est-de-700\/","url":"https:\/\/vieassociative.be\/actualites\/mon-televiseur-qled-prefere-pour-le-budget-est-de-700\/","name":"Mon t\u00e9l\u00e9viseur QLED pr\u00e9f\u00e9r\u00e9 pour le budget est de 700 $ | Vie Associative","isPartOf":{"@id":"https:\/\/vieassociative.be\/actualites\/#website"},"primaryImageOfPage":{"@id":"https:\/\/vieassociative.be\/actualites\/mon-televiseur-qled-prefere-pour-le-budget-est-de-700\/#primaryimage"},"image":{"@id":"https:\/\/vieassociative.be\/actualites\/mon-televiseur-qled-prefere-pour-le-budget-est-de-700\/#primaryimage"},"thumbnailUrl":"https:\/\/vieassociative.be\/actualites\/wp-content\/uploads\/2025\/07\/Mon-televiseur-QLED-prefere-pour-le-budget-est-de-700.png","datePublished":"2025-07-21T19:21:00+00:00","dateModified":"2025-07-21T19:21:00+00:00","breadcrumb":{"@id":"https:\/\/vieassociative.be\/actualites\/mon-televiseur-qled-prefere-pour-le-budget-est-de-700\/#breadcrumb"},"inLanguage":"fr-BE","potentialAction":[{"@type":"ReadAction","target":["https:\/\/vieassociative.be\/actualites\/mon-televiseur-qled-prefere-pour-le-budget-est-de-700\/"]}]},{"@type":"ImageObject","inLanguage":"fr-BE","@id":"https:\/\/vieassociative.be\/actualites\/mon-televiseur-qled-prefere-pour-le-budget-est-de-700\/#primaryimage","url":"https:\/\/vieassociative.be\/actualites\/wp-content\/uploads\/2025\/07\/Mon-televiseur-QLED-prefere-pour-le-budget-est-de-700.png","contentUrl":"https:\/\/vieassociative.be\/actualites\/wp-content\/uploads\/2025\/07\/Mon-televiseur-QLED-prefere-pour-le-budget-est-de-700.png","width":1200,"height":675,"caption":"Mon t\u00e9l\u00e9viseur QLED pr\u00e9f\u00e9r\u00e9 pour le budget est de 700 $"},{"@type":"BreadcrumbList","@id":"https:\/\/vieassociative.be\/actualites\/mon-televiseur-qled-prefere-pour-le-budget-est-de-700\/#breadcrumb","itemListElement":[{"@type":"ListItem","position":1,"name":"Accueil","item":"https:\/\/vieassociative.be\/actualites\/"},{"@type":"ListItem","position":2,"name":"Mon t\u00e9l\u00e9viseur QLED pr\u00e9f\u00e9r\u00e9 pour le budget est de 700 $"}]},{"@type":"WebSite","@id":"https:\/\/vieassociative.be\/actualites\/#website","url":"https:\/\/vieassociative.be\/actualites\/","name":"Vie Associative","description":"","publisher":{"@id":"https:\/\/vieassociative.be\/actualites\/#organization"},"potentialAction":[{"@type":"SearchAction","target":{"@type":"EntryPoint","urlTemplate":"https:\/\/vieassociative.be\/actualites\/?s={search_term_string}"},"query-input":{"@type":"PropertyValueSpecification","valueRequired":true,"valueName":"search_term_string"}}],"inLanguage":"fr-BE"},{"@type":"Organization","@id":"https:\/\/vieassociative.be\/actualites\/#organization","name":"Vie Associative","url":"https:\/\/vieassociative.be\/actualites\/","logo":{"@type":"ImageObject","inLanguage":"fr-BE","@id":"https:\/\/vieassociative.be\/actualites\/#\/schema\/logo\/image\/","url":"https:\/\/vieassociative.be\/actualites\/wp-content\/uploads\/2024\/09\/cropped-vieassociative_favicon.ico.png","contentUrl":"https:\/\/vieassociative.be\/actualites\/wp-content\/uploads\/2024\/09\/cropped-vieassociative_favicon.ico.png","width":512,"height":512,"caption":"Vie Associative"},"image":{"@id":"https:\/\/vieassociative.be\/actualites\/#\/schema\/logo\/image\/"}},{"@type":"Person","@id":"https:\/\/vieassociative.be\/actualites\/#\/schema\/person\/b87ac4f82f9d4e7b7cec7395b679edc4","name":"Julien","image":{"@type":"ImageObject","inLanguage":"fr-BE","@id":"https:\/\/vieassociative.be\/actualites\/#\/schema\/person\/image\/","url":"https:\/\/vieassociative.be\/actualites\/wp-content\/uploads\/2024\/09\/vie-associative-1-150x150.jpg","contentUrl":"https:\/\/vieassociative.be\/actualites\/wp-content\/uploads\/2024\/09\/vie-associative-1-150x150.jpg","caption":"Julien"},"description":"Je suis Julien, r\u00e9dacteur pour Vie Associative. Passionn\u00e9 par le monde associatif depuis plus de 10 ans, j'ai \u00e0 c\u0153ur de partager des histoires inspirantes et de mettre en lumi\u00e8re les initiatives locales. Mon objectif est de sensibiliser et d'encourager l'engagement communautaire \u00e0 travers mes articles.","sameAs":["https:\/\/vieassociative.be\/"]}]}},"_links":{"self":[{"href":"https:\/\/vieassociative.be\/actualites\/wp-json\/wp\/v2\/posts\/8911"}],"collection":[{"href":"https:\/\/vieassociative.be\/actualites\/wp-json\/wp\/v2\/posts"}],"about":[{"href":"https:\/\/vieassociative.be\/actualites\/wp-json\/wp\/v2\/types\/post"}],"author":[{"embeddable":true,"href":"https:\/\/vieassociative.be\/actualites\/wp-json\/wp\/v2\/users\/1"}],"replies":[{"embeddable":true,"href":"https:\/\/vieassociative.be\/actualites\/wp-json\/wp\/v2\/comments?post=8911"}],"version-history":[{"count":0,"href":"https:\/\/vieassociative.be\/actualites\/wp-json\/wp\/v2\/posts\/8911\/revisions"}],"wp:featuredmedia":[{"embeddable":true,"href":"https:\/\/vieassociative.be\/actualites\/wp-json\/wp\/v2\/media\/8912"}],"wp:attachment":[{"href":"https:\/\/vieassociative.be\/actualites\/wp-json\/wp\/v2\/media?parent=8911"}],"wp:term":[{"taxonomy":"category","embeddable":true,"href":"https:\/\/vieassociative.be\/actualites\/wp-json\/wp\/v2\/categories?post=8911"},{"taxonomy":"post_tag","embeddable":true,"href":"https:\/\/vieassociative.be\/actualites\/wp-json\/wp\/v2\/tags?post=8911"}],"curies":[{"name":"wp","href":"https:\/\/api.w.org\/{rel}","templated":true}]}}