{"id":8909,"date":"2025-07-21T16:17:47","date_gmt":"2025-07-21T14:17:47","guid":{"rendered":"https:\/\/vieassociative.be\/actualites\/wine-summer-sarrete-a-nouveau-a-aachen-en-aout\/"},"modified":"2025-07-21T16:17:47","modified_gmt":"2025-07-21T14:17:47","slug":"wine-summer-sarrete-a-nouveau-a-aachen-en-aout","status":"publish","type":"post","link":"https:\/\/vieassociative.be\/actualites\/wine-summer-sarrete-a-nouveau-a-aachen-en-aout\/","title":{"rendered":"Wine Summer s&rsquo;arr\u00eate \u00e0 nouveau \u00e0 Aachen en ao\u00fbt"},"content":{"rendered":"<p><strong>Du 21 au 24 ao\u00fbt, 2025, le Katschhof \u00e0 Aix-la-Chapelle se r\u00e9unira en une oasis de vin d&rsquo;\u00e9t\u00e9.<\/strong><\/p>\n<p><span id=\"more-420614\"><\/span>Le populaire festival du vin vous invite \u00e0 une heure d\u00e9tendue avec du bon vin, des conversations anim\u00e9es et des \u00e9changes directs avec des wine-pousseurs de cinq zones de croissance en Rh\u00e9nanie-Palatinate. Ils pr\u00e9sentent leurs mill\u00e9simes actuels et apportent un morceau de Weinheimat dans la ville.<\/p>\n<p>The Wine Summer fait partie d&rsquo;une s\u00e9rie d&rsquo;\u00e9v\u00e9nements nationaux organis\u00e9e par l&rsquo;\u00e9quipe, Agence pour le marketing. Il signifie atmosph\u00e8re atmosph\u00e9rique, rencontres personnelles et plaisir durable. Les visiteurs peuvent essayer les vins directement du producteur, d\u00e9couvrir le chemin du vignoble dans le verre et trouver leurs gouttes pr\u00e9f\u00e9r\u00e9es.<\/p>\n<p>Un programme de soutien d\u00e9tendu accompagne le festival:<\/p>\n<\/p>\n<div id=\"attachment_420618\" class=\"wp-caption alignleft\" style=\"max-width: 300px\"><img fetchpriority=\"high\" decoding=\"async\" class=\"wp-image-420618 size-medium\" src=\"https:\/\/vieassociative.be\/actualites\/wp-content\/uploads\/2025\/07\/Wine-Summer-sarrete-a-nouveau-a-Aachen-en-aout.jpg\" alt=\"\" width=\"300\" height=\"200\"  ><\/p>\n<p class=\"wp-caption-text\">Photo: Wine Summer<\/p>\n<\/div>\n<p><strong>Jeudi, 18 h:<\/strong><br \/>\n Ouverture de l&rsquo;\u00e9t\u00e9 du vin avec le maire Sibylle Keupen, Katrin Hissel (Aachen Tourist Service EV), Domprobst Rolf-Peter Cremer et la reine du vin \u00e0 proximit\u00e9 Zo\u00e9 Keller<\/p>\n<p><strong>Vendredi, 16 h:<\/strong> Ros\u00e9wein D\u00e9gustation avec la reine du vin voisine Zo\u00e9 Keller.<\/p>\n<p><strong>Tous les jours:<\/strong> Musique de fond de la pop moderne au jazz de vin et au piano silencieux.<\/p>\n<p>L&rsquo;ann\u00e9e du vin 2024 bri\u00e8vement: le mill\u00e9sime a \u00e9t\u00e9 caract\u00e9ris\u00e9 par des conditions m\u00e9t\u00e9orologiques modifiables. Malgr\u00e9 le gel tardif au printemps et un \u00e9t\u00e9 chaud et sec, une r\u00e9colte aromatique pourrait \u00eatre apport\u00e9e. Les vins blancs et ros\u00e9s se montrent vivants et frais, les vins rouges structur\u00e9s et profonds.<\/p>\n<p>Les Wine-Growers attendent avec impatience de nombreux visiteurs heureux d&rsquo;Aix-un et des environs!<\/p>\n<p><strong>Quand:<\/strong> 21.-24.08.2025<\/p>\n<p>Jeudi 16 h &#8211; minuit<br \/>\nVendredi 16 h \u00e0 minuit<br \/>\nSamedi 12 h &#8211; minuit<br \/>\nDimanche 12 h &#8211; 20 h<\/p>\n<p><strong>O\u00f9:<\/strong> Katschhof, Aachen<\/p>\n<p><strong>Plus d&rsquo;informations:<\/strong> www.weinsommer.de\/aachen<\/p>\n","protected":false},"excerpt":{"rendered":"<p>Du 21 au 24 ao\u00fbt, 2025, le Katschhof \u00e0 Aix-la-Chapelle se r\u00e9unira en une oasis de vin d&rsquo;\u00e9t\u00e9. Le populaire festival du vin vous invite<\/p>\n","protected":false},"author":1,"featured_media":8910,"comment_status":"","ping_status":"","sticky":false,"template":"","format":"standard","meta":{"footnotes":""},"categories":[298],"tags":[3446,1778,553,7325,744,7844],"class_list":["post-8909","post","type-post","status-publish","format-standard","has-post-thumbnail","hentry","category-belgique","tag-aachen","tag-aout","tag-nouveau","tag-sarrete","tag-summer","tag-wine","generate-columns","tablet-grid-50","mobile-grid-100","grid-parent","grid-33"],"yoast_head":"<!-- This site is optimized with the Yoast SEO plugin v24.0 - https:\/\/yoast.com\/wordpress\/plugins\/seo\/ -->\n<title>Wine Summer s&#039;arr\u00eate \u00e0 nouveau \u00e0 Aachen en ao\u00fbt | Vie Associative<\/title>\n<meta name=\"robots\" content=\"index, follow, max-snippet:-1, max-image-preview:large, max-video-preview:-1\" \/>\n<link rel=\"canonical\" href=\"https:\/\/vieassociative.be\/actualites\/wine-summer-sarrete-a-nouveau-a-aachen-en-aout\/\" \/>\n<meta property=\"og:locale\" content=\"fr_FR\" \/>\n<meta property=\"og:type\" content=\"article\" \/>\n<meta property=\"og:title\" content=\"Wine Summer s&#039;arr\u00eate \u00e0 nouveau \u00e0 Aachen en ao\u00fbt | Vie Associative\" \/>\n<meta property=\"og:description\" content=\"Du 21 au 24 ao\u00fbt, 2025, le Katschhof \u00e0 Aix-la-Chapelle se r\u00e9unira en une oasis de vin d&rsquo;\u00e9t\u00e9. Le populaire festival du vin vous invite\" \/>\n<meta property=\"og:url\" content=\"https:\/\/vieassociative.be\/actualites\/wine-summer-sarrete-a-nouveau-a-aachen-en-aout\/\" \/>\n<meta property=\"og:site_name\" content=\"Vie Associative\" \/>\n<meta property=\"article:published_time\" content=\"2025-07-21T14:17:47+00:00\" \/>\n<meta property=\"og:image\" content=\"https:\/\/vieassociative.be\/actualites\/wp-content\/uploads\/2024\/09\/header_backgroundk-01-e1726694325946.png\" \/>\n\t<meta property=\"og:image:width\" content=\"279\" \/>\n\t<meta property=\"og:image:height\" content=\"92\" \/>\n\t<meta property=\"og:image:type\" content=\"image\/png\" \/>\n<meta name=\"author\" content=\"Julien\" \/>\n<meta name=\"twitter:card\" content=\"summary_large_image\" \/>\n<meta name=\"twitter:label1\" content=\"\u00c9crit par\" \/>\n\t<meta name=\"twitter:data1\" content=\"Julien\" \/>\n\t<meta name=\"twitter:label2\" content=\"Dur\u00e9e de lecture est.\" \/>\n\t<meta name=\"twitter:data2\" content=\"1 minute\" \/>\n<script type=\"application\/ld+json\" class=\"yoast-schema-graph\">{\"@context\":\"https:\/\/schema.org\",\"@graph\":[{\"@type\":\"Article\",\"@id\":\"https:\/\/vieassociative.be\/actualites\/wine-summer-sarrete-a-nouveau-a-aachen-en-aout\/#article\",\"isPartOf\":{\"@id\":\"https:\/\/vieassociative.be\/actualites\/wine-summer-sarrete-a-nouveau-a-aachen-en-aout\/\"},\"author\":{\"name\":\"Julien\",\"@id\":\"https:\/\/vieassociative.be\/actualites\/#\/schema\/person\/b87ac4f82f9d4e7b7cec7395b679edc4\"},\"headline\":\"Wine Summer s&rsquo;arr\u00eate \u00e0 nouveau \u00e0 Aachen en ao\u00fbt\",\"datePublished\":\"2025-07-21T14:17:47+00:00\",\"dateModified\":\"2025-07-21T14:17:47+00:00\",\"mainEntityOfPage\":{\"@id\":\"https:\/\/vieassociative.be\/actualites\/wine-summer-sarrete-a-nouveau-a-aachen-en-aout\/\"},\"wordCount\":310,\"publisher\":{\"@id\":\"https:\/\/vieassociative.be\/actualites\/#organization\"},\"image\":{\"@id\":\"https:\/\/vieassociative.be\/actualites\/wine-summer-sarrete-a-nouveau-a-aachen-en-aout\/#primaryimage\"},\"thumbnailUrl\":\"https:\/\/vieassociative.be\/actualites\/wp-content\/uploads\/2025\/07\/1753107467_Wine-Summer-sarrete-a-nouveau-a-Aachen-en-aout.jpg\",\"keywords\":[\"Aachen\",\"ao\u00fbt\",\"nouveau\",\"sarr\u00eate\",\"Summer\",\"Wine\"],\"articleSection\":[\"Belgique\"],\"inLanguage\":\"fr-BE\"},{\"@type\":\"WebPage\",\"@id\":\"https:\/\/vieassociative.be\/actualites\/wine-summer-sarrete-a-nouveau-a-aachen-en-aout\/\",\"url\":\"https:\/\/vieassociative.be\/actualites\/wine-summer-sarrete-a-nouveau-a-aachen-en-aout\/\",\"name\":\"Wine Summer s'arr\u00eate \u00e0 nouveau \u00e0 Aachen en ao\u00fbt | Vie Associative\",\"isPartOf\":{\"@id\":\"https:\/\/vieassociative.be\/actualites\/#website\"},\"primaryImageOfPage\":{\"@id\":\"https:\/\/vieassociative.be\/actualites\/wine-summer-sarrete-a-nouveau-a-aachen-en-aout\/#primaryimage\"},\"image\":{\"@id\":\"https:\/\/vieassociative.be\/actualites\/wine-summer-sarrete-a-nouveau-a-aachen-en-aout\/#primaryimage\"},\"thumbnailUrl\":\"https:\/\/vieassociative.be\/actualites\/wp-content\/uploads\/2025\/07\/1753107467_Wine-Summer-sarrete-a-nouveau-a-Aachen-en-aout.jpg\",\"datePublished\":\"2025-07-21T14:17:47+00:00\",\"dateModified\":\"2025-07-21T14:17:47+00:00\",\"breadcrumb\":{\"@id\":\"https:\/\/vieassociative.be\/actualites\/wine-summer-sarrete-a-nouveau-a-aachen-en-aout\/#breadcrumb\"},\"inLanguage\":\"fr-BE\",\"potentialAction\":[{\"@type\":\"ReadAction\",\"target\":[\"https:\/\/vieassociative.be\/actualites\/wine-summer-sarrete-a-nouveau-a-aachen-en-aout\/\"]}]},{\"@type\":\"ImageObject\",\"inLanguage\":\"fr-BE\",\"@id\":\"https:\/\/vieassociative.be\/actualites\/wine-summer-sarrete-a-nouveau-a-aachen-en-aout\/#primaryimage\",\"url\":\"https:\/\/vieassociative.be\/actualites\/wp-content\/uploads\/2025\/07\/1753107467_Wine-Summer-sarrete-a-nouveau-a-Aachen-en-aout.jpg\",\"contentUrl\":\"https:\/\/vieassociative.be\/actualites\/wp-content\/uploads\/2025\/07\/1753107467_Wine-Summer-sarrete-a-nouveau-a-Aachen-en-aout.jpg\",\"width\":1512,\"height\":1008,\"caption\":\"Wine Summer s'arr\u00eate \u00e0 nouveau \u00e0 Aachen en ao\u00fbt\"},{\"@type\":\"BreadcrumbList\",\"@id\":\"https:\/\/vieassociative.be\/actualites\/wine-summer-sarrete-a-nouveau-a-aachen-en-aout\/#breadcrumb\",\"itemListElement\":[{\"@type\":\"ListItem\",\"position\":1,\"name\":\"Accueil\",\"item\":\"https:\/\/vieassociative.be\/actualites\/\"},{\"@type\":\"ListItem\",\"position\":2,\"name\":\"Wine Summer s&rsquo;arr\u00eate \u00e0 nouveau \u00e0 Aachen en ao\u00fbt\"}]},{\"@type\":\"WebSite\",\"@id\":\"https:\/\/vieassociative.be\/actualites\/#website\",\"url\":\"https:\/\/vieassociative.be\/actualites\/\",\"name\":\"Vie Associative\",\"description\":\"\",\"publisher\":{\"@id\":\"https:\/\/vieassociative.be\/actualites\/#organization\"},\"potentialAction\":[{\"@type\":\"SearchAction\",\"target\":{\"@type\":\"EntryPoint\",\"urlTemplate\":\"https:\/\/vieassociative.be\/actualites\/?s={search_term_string}\"},\"query-input\":{\"@type\":\"PropertyValueSpecification\",\"valueRequired\":true,\"valueName\":\"search_term_string\"}}],\"inLanguage\":\"fr-BE\"},{\"@type\":\"Organization\",\"@id\":\"https:\/\/vieassociative.be\/actualites\/#organization\",\"name\":\"Vie Associative\",\"url\":\"https:\/\/vieassociative.be\/actualites\/\",\"logo\":{\"@type\":\"ImageObject\",\"inLanguage\":\"fr-BE\",\"@id\":\"https:\/\/vieassociative.be\/actualites\/#\/schema\/logo\/image\/\",\"url\":\"https:\/\/vieassociative.be\/actualites\/wp-content\/uploads\/2024\/09\/cropped-vieassociative_favicon.ico.png\",\"contentUrl\":\"https:\/\/vieassociative.be\/actualites\/wp-content\/uploads\/2024\/09\/cropped-vieassociative_favicon.ico.png\",\"width\":512,\"height\":512,\"caption\":\"Vie Associative\"},\"image\":{\"@id\":\"https:\/\/vieassociative.be\/actualites\/#\/schema\/logo\/image\/\"}},{\"@type\":\"Person\",\"@id\":\"https:\/\/vieassociative.be\/actualites\/#\/schema\/person\/b87ac4f82f9d4e7b7cec7395b679edc4\",\"name\":\"Julien\",\"image\":{\"@type\":\"ImageObject\",\"inLanguage\":\"fr-BE\",\"@id\":\"https:\/\/vieassociative.be\/actualites\/#\/schema\/person\/image\/\",\"url\":\"https:\/\/vieassociative.be\/actualites\/wp-content\/uploads\/2024\/09\/vie-associative-1-150x150.jpg\",\"contentUrl\":\"https:\/\/vieassociative.be\/actualites\/wp-content\/uploads\/2024\/09\/vie-associative-1-150x150.jpg\",\"caption\":\"Julien\"},\"description\":\"Je suis Julien, r\u00e9dacteur pour Vie Associative. Passionn\u00e9 par le monde associatif depuis plus de 10 ans, j'ai \u00e0 c\u0153ur de partager des histoires inspirantes et de mettre en lumi\u00e8re les initiatives locales. Mon objectif est de sensibiliser et d'encourager l'engagement communautaire \u00e0 travers mes articles.\",\"sameAs\":[\"https:\/\/vieassociative.be\/\"]}]}<\/script>\n<!-- \/ Yoast SEO plugin. -->","yoast_head_json":{"title":"Wine Summer s'arr\u00eate \u00e0 nouveau \u00e0 Aachen en ao\u00fbt | Vie Associative","robots":{"index":"index","follow":"follow","max-snippet":"max-snippet:-1","max-image-preview":"max-image-preview:large","max-video-preview":"max-video-preview:-1"},"canonical":"https:\/\/vieassociative.be\/actualites\/wine-summer-sarrete-a-nouveau-a-aachen-en-aout\/","og_locale":"fr_FR","og_type":"article","og_title":"Wine Summer s'arr\u00eate \u00e0 nouveau \u00e0 Aachen en ao\u00fbt | Vie Associative","og_description":"Du 21 au 24 ao\u00fbt, 2025, le Katschhof \u00e0 Aix-la-Chapelle se r\u00e9unira en une oasis de vin d&rsquo;\u00e9t\u00e9. Le populaire festival du vin vous invite","og_url":"https:\/\/vieassociative.be\/actualites\/wine-summer-sarrete-a-nouveau-a-aachen-en-aout\/","og_site_name":"Vie Associative","article_published_time":"2025-07-21T14:17:47+00:00","og_image":[{"width":279,"height":92,"url":"https:\/\/vieassociative.be\/actualites\/wp-content\/uploads\/2024\/09\/header_backgroundk-01-e1726694325946.png","type":"image\/png"}],"author":"Julien","twitter_card":"summary_large_image","twitter_misc":{"\u00c9crit par":"Julien","Dur\u00e9e de lecture est.":"1 minute"},"schema":{"@context":"https:\/\/schema.org","@graph":[{"@type":"Article","@id":"https:\/\/vieassociative.be\/actualites\/wine-summer-sarrete-a-nouveau-a-aachen-en-aout\/#article","isPartOf":{"@id":"https:\/\/vieassociative.be\/actualites\/wine-summer-sarrete-a-nouveau-a-aachen-en-aout\/"},"author":{"name":"Julien","@id":"https:\/\/vieassociative.be\/actualites\/#\/schema\/person\/b87ac4f82f9d4e7b7cec7395b679edc4"},"headline":"Wine Summer s&rsquo;arr\u00eate \u00e0 nouveau \u00e0 Aachen en ao\u00fbt","datePublished":"2025-07-21T14:17:47+00:00","dateModified":"2025-07-21T14:17:47+00:00","mainEntityOfPage":{"@id":"https:\/\/vieassociative.be\/actualites\/wine-summer-sarrete-a-nouveau-a-aachen-en-aout\/"},"wordCount":310,"publisher":{"@id":"https:\/\/vieassociative.be\/actualites\/#organization"},"image":{"@id":"https:\/\/vieassociative.be\/actualites\/wine-summer-sarrete-a-nouveau-a-aachen-en-aout\/#primaryimage"},"thumbnailUrl":"https:\/\/vieassociative.be\/actualites\/wp-content\/uploads\/2025\/07\/1753107467_Wine-Summer-sarrete-a-nouveau-a-Aachen-en-aout.jpg","keywords":["Aachen","ao\u00fbt","nouveau","sarr\u00eate","Summer","Wine"],"articleSection":["Belgique"],"inLanguage":"fr-BE"},{"@type":"WebPage","@id":"https:\/\/vieassociative.be\/actualites\/wine-summer-sarrete-a-nouveau-a-aachen-en-aout\/","url":"https:\/\/vieassociative.be\/actualites\/wine-summer-sarrete-a-nouveau-a-aachen-en-aout\/","name":"Wine Summer s'arr\u00eate \u00e0 nouveau \u00e0 Aachen en ao\u00fbt | Vie Associative","isPartOf":{"@id":"https:\/\/vieassociative.be\/actualites\/#website"},"primaryImageOfPage":{"@id":"https:\/\/vieassociative.be\/actualites\/wine-summer-sarrete-a-nouveau-a-aachen-en-aout\/#primaryimage"},"image":{"@id":"https:\/\/vieassociative.be\/actualites\/wine-summer-sarrete-a-nouveau-a-aachen-en-aout\/#primaryimage"},"thumbnailUrl":"https:\/\/vieassociative.be\/actualites\/wp-content\/uploads\/2025\/07\/1753107467_Wine-Summer-sarrete-a-nouveau-a-Aachen-en-aout.jpg","datePublished":"2025-07-21T14:17:47+00:00","dateModified":"2025-07-21T14:17:47+00:00","breadcrumb":{"@id":"https:\/\/vieassociative.be\/actualites\/wine-summer-sarrete-a-nouveau-a-aachen-en-aout\/#breadcrumb"},"inLanguage":"fr-BE","potentialAction":[{"@type":"ReadAction","target":["https:\/\/vieassociative.be\/actualites\/wine-summer-sarrete-a-nouveau-a-aachen-en-aout\/"]}]},{"@type":"ImageObject","inLanguage":"fr-BE","@id":"https:\/\/vieassociative.be\/actualites\/wine-summer-sarrete-a-nouveau-a-aachen-en-aout\/#primaryimage","url":"https:\/\/vieassociative.be\/actualites\/wp-content\/uploads\/2025\/07\/1753107467_Wine-Summer-sarrete-a-nouveau-a-Aachen-en-aout.jpg","contentUrl":"https:\/\/vieassociative.be\/actualites\/wp-content\/uploads\/2025\/07\/1753107467_Wine-Summer-sarrete-a-nouveau-a-Aachen-en-aout.jpg","width":1512,"height":1008,"caption":"Wine Summer s'arr\u00eate \u00e0 nouveau \u00e0 Aachen en ao\u00fbt"},{"@type":"BreadcrumbList","@id":"https:\/\/vieassociative.be\/actualites\/wine-summer-sarrete-a-nouveau-a-aachen-en-aout\/#breadcrumb","itemListElement":[{"@type":"ListItem","position":1,"name":"Accueil","item":"https:\/\/vieassociative.be\/actualites\/"},{"@type":"ListItem","position":2,"name":"Wine Summer s&rsquo;arr\u00eate \u00e0 nouveau \u00e0 Aachen en ao\u00fbt"}]},{"@type":"WebSite","@id":"https:\/\/vieassociative.be\/actualites\/#website","url":"https:\/\/vieassociative.be\/actualites\/","name":"Vie Associative","description":"","publisher":{"@id":"https:\/\/vieassociative.be\/actualites\/#organization"},"potentialAction":[{"@type":"SearchAction","target":{"@type":"EntryPoint","urlTemplate":"https:\/\/vieassociative.be\/actualites\/?s={search_term_string}"},"query-input":{"@type":"PropertyValueSpecification","valueRequired":true,"valueName":"search_term_string"}}],"inLanguage":"fr-BE"},{"@type":"Organization","@id":"https:\/\/vieassociative.be\/actualites\/#organization","name":"Vie Associative","url":"https:\/\/vieassociative.be\/actualites\/","logo":{"@type":"ImageObject","inLanguage":"fr-BE","@id":"https:\/\/vieassociative.be\/actualites\/#\/schema\/logo\/image\/","url":"https:\/\/vieassociative.be\/actualites\/wp-content\/uploads\/2024\/09\/cropped-vieassociative_favicon.ico.png","contentUrl":"https:\/\/vieassociative.be\/actualites\/wp-content\/uploads\/2024\/09\/cropped-vieassociative_favicon.ico.png","width":512,"height":512,"caption":"Vie Associative"},"image":{"@id":"https:\/\/vieassociative.be\/actualites\/#\/schema\/logo\/image\/"}},{"@type":"Person","@id":"https:\/\/vieassociative.be\/actualites\/#\/schema\/person\/b87ac4f82f9d4e7b7cec7395b679edc4","name":"Julien","image":{"@type":"ImageObject","inLanguage":"fr-BE","@id":"https:\/\/vieassociative.be\/actualites\/#\/schema\/person\/image\/","url":"https:\/\/vieassociative.be\/actualites\/wp-content\/uploads\/2024\/09\/vie-associative-1-150x150.jpg","contentUrl":"https:\/\/vieassociative.be\/actualites\/wp-content\/uploads\/2024\/09\/vie-associative-1-150x150.jpg","caption":"Julien"},"description":"Je suis Julien, r\u00e9dacteur pour Vie Associative. Passionn\u00e9 par le monde associatif depuis plus de 10 ans, j'ai \u00e0 c\u0153ur de partager des histoires inspirantes et de mettre en lumi\u00e8re les initiatives locales. Mon objectif est de sensibiliser et d'encourager l'engagement communautaire \u00e0 travers mes articles.","sameAs":["https:\/\/vieassociative.be\/"]}]}},"_links":{"self":[{"href":"https:\/\/vieassociative.be\/actualites\/wp-json\/wp\/v2\/posts\/8909"}],"collection":[{"href":"https:\/\/vieassociative.be\/actualites\/wp-json\/wp\/v2\/posts"}],"about":[{"href":"https:\/\/vieassociative.be\/actualites\/wp-json\/wp\/v2\/types\/post"}],"author":[{"embeddable":true,"href":"https:\/\/vieassociative.be\/actualites\/wp-json\/wp\/v2\/users\/1"}],"replies":[{"embeddable":true,"href":"https:\/\/vieassociative.be\/actualites\/wp-json\/wp\/v2\/comments?post=8909"}],"version-history":[{"count":0,"href":"https:\/\/vieassociative.be\/actualites\/wp-json\/wp\/v2\/posts\/8909\/revisions"}],"wp:featuredmedia":[{"embeddable":true,"href":"https:\/\/vieassociative.be\/actualites\/wp-json\/wp\/v2\/media\/8910"}],"wp:attachment":[{"href":"https:\/\/vieassociative.be\/actualites\/wp-json\/wp\/v2\/media?parent=8909"}],"wp:term":[{"taxonomy":"category","embeddable":true,"href":"https:\/\/vieassociative.be\/actualites\/wp-json\/wp\/v2\/categories?post=8909"},{"taxonomy":"post_tag","embeddable":true,"href":"https:\/\/vieassociative.be\/actualites\/wp-json\/wp\/v2\/tags?post=8909"}],"curies":[{"name":"wp","href":"https:\/\/api.w.org\/{rel}","templated":true}]}}