{"id":8907,"date":"2025-07-21T15:18:11","date_gmt":"2025-07-21T13:18:11","guid":{"rendered":"https:\/\/vieassociative.be\/actualites\/cette-camera-de-securite-a-energie-solaire-est-de-40-en-ce-moment\/"},"modified":"2025-07-21T15:18:11","modified_gmt":"2025-07-21T13:18:11","slug":"cette-camera-de-securite-a-energie-solaire-est-de-40-en-ce-moment","status":"publish","type":"post","link":"https:\/\/vieassociative.be\/actualites\/cette-camera-de-securite-a-energie-solaire-est-de-40-en-ce-moment\/","title":{"rendered":"Cette cam\u00e9ra de s\u00e9curit\u00e9 \u00e0 \u00e9nergie solaire est de 40 $ en ce moment"},"content":{"rendered":"<div class=\"mt-4 leading-6 md:mb-8\">Celui-ci est pour tous ceux qui veulent une s\u00e9curit\u00e9 simple \u00e0 \u00e9nergie solaire sans courbe d&rsquo;apprentissage abrupte.<\/div>\n<p><\/p>\n<p>Si vous avez l&rsquo;intention de mettre en place une cam\u00e9ra de s\u00e9curit\u00e9 en plein air mais que vous ne pouvez pas \u00eatre d\u00e9rob\u00e9e ou grimper pour recharger les batteries toutes les quelques semaines, ce kit TP-Link Tapo Solarcam C402 pourrait valoir la peine. C&rsquo;est 39,99 $ sur Amazon en ce moment, contre 49,99 $, ce qui est le plus bas qu&rsquo;il ait jamais \u00e9t\u00e9 selon les trackers de prix. <\/p>\n<div class=\"pogoClear mb-12 mt-10 rounded-md border-2 border-gray-100 py-7 shadow-xl md:py-6\">\n<div class=\"flex flex-wrap justify-between px-7 text-black no-underline md:flex-nowrap md:px-8\">\n<div class=\"order-1 mx-auto flex flex-col justify-center md:order-2 md:ml-4 md:w-full md:grow\">\n<div class=\"block cursor-pointer text-center font-akshar text-2xl font-medium leading-7 text-brand-green duration-200 ease-in-out hover:text-brand-green-700 md:text-left md:text-xl md:leading-6\">Kit TP-Link Tapo Solarcam C402\n                <\/div>\n<div class=\"mt-4 hidden md:flex md:justify-between\">\n<div class=\"self-end\">\n<div class=\"mb-0 h-11 md:flex md:flex-col md:justify-center\">\n<div class=\" font-sans leading-4 text-black\">\n<div class=\"flex flex-wrap items-center justify-center gap-x-1 md:justify-start\">\n        <span class=\"font-bold\"><\/p>\n<p>            39,99 $<br \/>\n                            <span class=\"font-medium\">\u00e0 Amazon<\/span><br \/>\n                    <\/span><br \/>\n                    <img decoding=\"async\" class=\"mt-0 h-(15px)\" src=\"https:\/\/vieassociative.be\/actualites\/wp-content\/uploads\/2025\/07\/Cette-camera-de-securite-a-energie-solaire-est-de-40.svg.svg+xml\" title=\"Amazon Prime\" alt=\"Amazon Prime\">\n            <\/div>\n<div class=\"flex items-center justify-center gap-x-1 font-bold md:justify-start\">\n            <span class=\"text-sm line-through\">49,99 $<\/span><br \/>\n            <span class=\"text-sm text-brand-green\">\u00c9conomisez 10,00 $<\/span>\n        <\/div>\n<\/p><\/div>\n<\/p><\/div>\n<\/p><\/div>\n<div class=\"w-44 self-end\">\n                            <button class=\"flex justify-center items-center w-full bg-brand-green text-white text-base font-sans font-medium rounded-md hover:bg-brand-green-700 hover:cursor-pointer md:text-sm h-11\"><\/p>\n<p>    Conclure un accord<br \/>\n<\/button>\n                        <\/div>\n<\/p><\/div>\n<\/p><\/div>\n<div class=\"order-2 mt-5 h-auto w-full md:order-1 md:mt-0 md:hidden\">\n<div class=\"flex aspect-video items-center justify-center\">\n                                            <img decoding=\"async\" class=\"m-0 max-h-full max-w-full rounded-md\" src=\"https:\/\/vieassociative.be\/actualites\/wp-content\/uploads\/2025\/07\/Cette-camera-de-securite-a-energie-solaire-est-de-40.png\" alt=\"Kit TP-Link Tapo Solarcam C402\" width=\"auto\" height=\"auto\" loading=\"lazy\">\n                                    <\/div>\n<\/p><\/div>\n<div class=\"order-2 ml-2 hidden w-32 shrink-0 items-center md:order-1 md:ml-0 md:flex\">\n<div class=\"flex aspect-video items-center justify-center\">\n                                            <img decoding=\"async\" class=\"m-0 max-h-full max-w-full rounded-md\" src=\"https:\/\/vieassociative.be\/actualites\/wp-content\/uploads\/2025\/07\/Cette-camera-de-securite-a-energie-solaire-est-de-40.png\" alt=\"Kit TP-Link Tapo Solarcam C402\" width=\"auto\" height=\"auto\" loading=\"lazy\">\n                                    <\/div>\n<\/p><\/div>\n<div class=\"order-3 flex grow flex-wrap md:hidden md:grow-0\">\n<div class=\"mt-4 w-full\">\n                        <button class=\"flex justify-center items-center w-full bg-brand-green text-white text-base font-sans font-medium rounded-md hover:bg-brand-green-700 hover:cursor-pointer md:text-sm h-11\"><\/p>\n<p>    Conclure un accord<br \/>\n<\/button>\n                    <\/div>\n<div class=\"mx-2 mt-4 w-full\">\n<div class=\" font-sans leading-4 text-black\">\n<div class=\"flex flex-wrap items-center justify-center gap-x-1 md:justify-start\">\n        <span class=\"font-bold\"><\/p>\n<p>            39,99 $<br \/>\n                            <span class=\"font-medium\">\u00e0 Amazon<\/span><br \/>\n                    <\/span><br \/>\n                    <img decoding=\"async\" class=\"mt-0 h-(15px)\" src=\"https:\/\/vieassociative.be\/actualites\/wp-content\/uploads\/2025\/07\/Cette-camera-de-securite-a-energie-solaire-est-de-40.svg.svg+xml\" title=\"Amazon Prime\" alt=\"Amazon Prime\">\n            <\/div>\n<div class=\"flex items-center justify-center gap-x-1 font-bold md:justify-start\">\n            <span class=\"text-sm line-through\">49,99 $<\/span><br \/>\n            <span class=\"text-sm text-brand-green\">\u00c9conomisez 10,00 $<\/span>\n        <\/div>\n<\/p><\/div>\n<\/p><\/div>\n<\/p><\/div>\n<\/p><\/div>\n<\/div>\n<p>La cam\u00e9ra enregistre en 1080p, est livr\u00e9e avec un panneau solaire et ne demande pas grand-chose apr\u00e8s la configuration. Pas de c\u00e2blage. Aucune charge pr\u00e9vue. Seulement 45 minutes de soleil direct par jour suffit pour le faire fonctionner ind\u00e9finiment.<\/p>\n<p>La cam\u00e9ra elle-m\u00eame est con\u00e7ue pour survivre \u00e0 l&rsquo;ext\u00e9rieur, avec une note IP65, un champ de vision d\u00e9cent de 125 degr\u00e9s et un support \u00e0 la fois pour la couleur et la vision nocturne infrarouge. Il y a une fente pour une carte microSD (jusqu&rsquo;\u00e0 512 Go), mais vous devrez l&rsquo;acheter s\u00e9par\u00e9ment. Si vous ne voulez pas vous soucier de cela, il existe un plan cloud pour 3,49 $ par mois (qui donne un acc\u00e8s \u00e0 distance \u00e0 vos clips et des fonctionnalit\u00e9s suppl\u00e9mentaires comme le tri intelligent et l&rsquo;historique vid\u00e9o de 30 jours) apr\u00e8s un essai gratuit de 30 jours. Mais ce qui est vraiment bien, c&rsquo;est que certaines fonctionnalit\u00e9s intelligentes, comme la d\u00e9tection de mouvement pour les personnes, les animaux de compagnie et les v\u00e9hicules, fonctionnent m\u00eame sans abonnement. De plus, cela fonctionne avec Alexa, Google Assistant et IFTTT Routines (bien qu&rsquo;il saute le support Apple HomeKit).<\/p>\n<div class=\"pogoClear relative my-10 border-b-(1.5px) border-t-(1.5px) border-dashed border-black py-5 sm:my-14 sm:border-0 sm:py-0\" data-ga-click data-ga-template=\"Deals\" data-ga-module=\"openweb_widget\" data-ga-element=\"openweb_scroll\" data-ga-item=\"openweb_scroll_midpage\" x-data=\"{\n         commentsCount: null,\n         hasComments: false,\n         async fetchCommentsCount() {\n             try {\n                 if (window.openweb &amp;&amp; typeof window.openweb.getMessagesCount === 'function') {\n                     this.commentsCount = await window.openweb.getMessagesCount('01K0NT3FRJCMPYRQE6VNG68E2J');\n                     this.hasComments = this.commentsCount !== null &amp;&amp; this.commentsCount &gt; 0;\n                 }\n             } catch (e) {\n                 console.warn('Failed to fetch comment count:', e);\n             }\n         }\n     }\" x-init=\"fetchCommentsCount()\" x-cloak><\/p>\n<div class=\"absolute top-1\/2 hidden w-full -translate-y-1\/2 border-t-(1.5px) border-dashed border-black sm:block\"><\/div>\n<div class=\"relative flex justify-center\">\n<div class=\"flex max-w-fit items-center gap-x-3 bg-white px-5\">\n<div class=\"relative\">\n                <span class=\"absolute left-1\/2 top-1\/2 -translate-x-1\/2 -translate-y-1\/2 font-akshar text-sm font-medium text-black\" aria-live=\"polite\" x-show=\"hasComments\" x-text=\"commentsCount\"><\/span><\/p>\n<p>                <svg class=\"h-8 w-8 text-black\" role=\"img\" aria-hidden=\"true\">\n                    <use href=\"http:\/\/lifehacker.com\/images\/icons\/spritemap.svg#sprite-chat-bubble\"><\/use>\n                <\/svg>\n            <\/div>\n<p>            <span class=\"text-sm font-medium text-black\"><\/p>\n<p>                Que pensez-vous jusqu&rsquo;\u00e0 pr\u00e9sent?<br \/>\n                <button class=\"ml-1 font-semibold text-brand-green underline hover:text-brand-green-700\" type=\"button\" aria-label=\"Comment section trigger\" onclick=\"window.openweb.scrollToComments('01K0NT3FRJCMPYRQE6VNG68E2J')\" x-text=\"hasComments ? 'Post a comment.' : 'Be the first to post a comment.'\"><\/button><br \/>\n            <\/span>\n        <\/div>\n<\/p><\/div>\n<\/div>\n<p>L&rsquo;application TAPO est l&rsquo;endroit o\u00f9 vous ferez la plupart de vos ajustements &#8211; allumer les projecteurs, ajustant la luminosit\u00e9 des projecteurs, visualiser la dur\u00e9e de vie de la batterie, personnaliser les alertes, r\u00e9gler les zones d&rsquo;intimit\u00e9, etc. Il y a aussi une sir\u00e8ne int\u00e9gr\u00e9e et un audio bidirectionnel. S&rsquo;il y a un compromis, c&rsquo;est que la vid\u00e9o s&rsquo;\u00e9l\u00e8ve \u00e0 15 images par seconde, donc les choses peuvent ne pas avoir l&rsquo;air lisses au beurre. Et les s\u00e9quences de nuit de couleur peuvent \u00eatre un peu muettes \u00e0 moins qu&rsquo;il y ait suffisamment de lumi\u00e8re ambiante, note cette revue PCMAG. Mais pour 40 $, c&rsquo;est l&rsquo;une des rares cam\u00e9ras de s\u00e9curit\u00e9 \u00e0 domicile sans fil qui se tient charg\u00e9s, ne verrouille pas toutes ses fonctionnalit\u00e9s derri\u00e8re un mur de paiement et, une fois mont\u00e9, juste <em>travaux<\/em>.<\/p>\n","protected":false},"excerpt":{"rendered":"<p>Celui-ci est pour tous ceux qui veulent une s\u00e9curit\u00e9 simple \u00e0 \u00e9nergie solaire sans courbe d&rsquo;apprentissage abrupte. Si vous avez l&rsquo;intention de mettre en place<\/p>\n","protected":false},"author":1,"featured_media":8908,"comment_status":"","ping_status":"","sticky":false,"template":"","format":"standard","meta":{"footnotes":""},"categories":[13],"tags":[1487,206,7517,76,1429,151,1918],"class_list":["post-8907","post","type-post","status-publish","format-standard","has-post-thumbnail","hentry","category-technologie","tag-camera","tag-cette","tag-energie","tag-est","tag-moment","tag-securite","tag-solaire","generate-columns","tablet-grid-50","mobile-grid-100","grid-parent","grid-33"],"yoast_head":"<!-- This site is optimized with the Yoast SEO plugin v24.0 - https:\/\/yoast.com\/wordpress\/plugins\/seo\/ -->\n<title>Cette cam\u00e9ra de s\u00e9curit\u00e9 \u00e0 \u00e9nergie solaire est de 40 $ en ce moment | Vie Associative<\/title>\n<meta name=\"robots\" content=\"index, follow, max-snippet:-1, max-image-preview:large, max-video-preview:-1\" \/>\n<link rel=\"canonical\" href=\"https:\/\/vieassociative.be\/actualites\/cette-camera-de-securite-a-energie-solaire-est-de-40-en-ce-moment\/\" \/>\n<meta property=\"og:locale\" content=\"fr_FR\" \/>\n<meta property=\"og:type\" content=\"article\" \/>\n<meta property=\"og:title\" content=\"Cette cam\u00e9ra de s\u00e9curit\u00e9 \u00e0 \u00e9nergie solaire est de 40 $ en ce moment | Vie Associative\" \/>\n<meta property=\"og:description\" content=\"Celui-ci est pour tous ceux qui veulent une s\u00e9curit\u00e9 simple \u00e0 \u00e9nergie solaire sans courbe d&rsquo;apprentissage abrupte. Si vous avez l&rsquo;intention de mettre en place\" \/>\n<meta property=\"og:url\" content=\"https:\/\/vieassociative.be\/actualites\/cette-camera-de-securite-a-energie-solaire-est-de-40-en-ce-moment\/\" \/>\n<meta property=\"og:site_name\" content=\"Vie Associative\" \/>\n<meta property=\"article:published_time\" content=\"2025-07-21T13:18:11+00:00\" \/>\n<meta property=\"og:image\" content=\"https:\/\/vieassociative.be\/actualites\/wp-content\/uploads\/2025\/07\/Cette-camera-de-securite-a-energie-solaire-est-de-40.svg.svg+xml\" \/>\n<meta name=\"author\" content=\"Julien\" \/>\n<meta name=\"twitter:card\" content=\"summary_large_image\" \/>\n<meta name=\"twitter:label1\" content=\"\u00c9crit par\" \/>\n\t<meta name=\"twitter:data1\" content=\"Julien\" \/>\n\t<meta name=\"twitter:label2\" content=\"Dur\u00e9e de lecture est.\" \/>\n\t<meta name=\"twitter:data2\" content=\"2 minutes\" \/>\n<script type=\"application\/ld+json\" class=\"yoast-schema-graph\">{\"@context\":\"https:\/\/schema.org\",\"@graph\":[{\"@type\":\"Article\",\"@id\":\"https:\/\/vieassociative.be\/actualites\/cette-camera-de-securite-a-energie-solaire-est-de-40-en-ce-moment\/#article\",\"isPartOf\":{\"@id\":\"https:\/\/vieassociative.be\/actualites\/cette-camera-de-securite-a-energie-solaire-est-de-40-en-ce-moment\/\"},\"author\":{\"name\":\"Julien\",\"@id\":\"https:\/\/vieassociative.be\/actualites\/#\/schema\/person\/b87ac4f82f9d4e7b7cec7395b679edc4\"},\"headline\":\"Cette cam\u00e9ra de s\u00e9curit\u00e9 \u00e0 \u00e9nergie solaire est de 40 $ en ce moment\",\"datePublished\":\"2025-07-21T13:18:11+00:00\",\"dateModified\":\"2025-07-21T13:18:11+00:00\",\"mainEntityOfPage\":{\"@id\":\"https:\/\/vieassociative.be\/actualites\/cette-camera-de-securite-a-energie-solaire-est-de-40-en-ce-moment\/\"},\"wordCount\":481,\"publisher\":{\"@id\":\"https:\/\/vieassociative.be\/actualites\/#organization\"},\"image\":{\"@id\":\"https:\/\/vieassociative.be\/actualites\/cette-camera-de-securite-a-energie-solaire-est-de-40-en-ce-moment\/#primaryimage\"},\"thumbnailUrl\":\"https:\/\/vieassociative.be\/actualites\/wp-content\/uploads\/2025\/07\/1753103892_Cette-camera-de-securite-a-energie-solaire-est-de-40.png\",\"keywords\":[\"cam\u00e9ra\",\"cette\",\"\u00e9nergie\",\"est\",\"moment\",\"s\u00e9curit\u00e9\",\"solaire\"],\"articleSection\":[\"Technologie\"],\"inLanguage\":\"fr-BE\"},{\"@type\":\"WebPage\",\"@id\":\"https:\/\/vieassociative.be\/actualites\/cette-camera-de-securite-a-energie-solaire-est-de-40-en-ce-moment\/\",\"url\":\"https:\/\/vieassociative.be\/actualites\/cette-camera-de-securite-a-energie-solaire-est-de-40-en-ce-moment\/\",\"name\":\"Cette cam\u00e9ra de s\u00e9curit\u00e9 \u00e0 \u00e9nergie solaire est de 40 $ en ce moment | Vie Associative\",\"isPartOf\":{\"@id\":\"https:\/\/vieassociative.be\/actualites\/#website\"},\"primaryImageOfPage\":{\"@id\":\"https:\/\/vieassociative.be\/actualites\/cette-camera-de-securite-a-energie-solaire-est-de-40-en-ce-moment\/#primaryimage\"},\"image\":{\"@id\":\"https:\/\/vieassociative.be\/actualites\/cette-camera-de-securite-a-energie-solaire-est-de-40-en-ce-moment\/#primaryimage\"},\"thumbnailUrl\":\"https:\/\/vieassociative.be\/actualites\/wp-content\/uploads\/2025\/07\/1753103892_Cette-camera-de-securite-a-energie-solaire-est-de-40.png\",\"datePublished\":\"2025-07-21T13:18:11+00:00\",\"dateModified\":\"2025-07-21T13:18:11+00:00\",\"breadcrumb\":{\"@id\":\"https:\/\/vieassociative.be\/actualites\/cette-camera-de-securite-a-energie-solaire-est-de-40-en-ce-moment\/#breadcrumb\"},\"inLanguage\":\"fr-BE\",\"potentialAction\":[{\"@type\":\"ReadAction\",\"target\":[\"https:\/\/vieassociative.be\/actualites\/cette-camera-de-securite-a-energie-solaire-est-de-40-en-ce-moment\/\"]}]},{\"@type\":\"ImageObject\",\"inLanguage\":\"fr-BE\",\"@id\":\"https:\/\/vieassociative.be\/actualites\/cette-camera-de-securite-a-energie-solaire-est-de-40-en-ce-moment\/#primaryimage\",\"url\":\"https:\/\/vieassociative.be\/actualites\/wp-content\/uploads\/2025\/07\/1753103892_Cette-camera-de-securite-a-energie-solaire-est-de-40.png\",\"contentUrl\":\"https:\/\/vieassociative.be\/actualites\/wp-content\/uploads\/2025\/07\/1753103892_Cette-camera-de-securite-a-energie-solaire-est-de-40.png\",\"width\":1200,\"height\":675,\"caption\":\"Cette cam\u00e9ra de s\u00e9curit\u00e9 \u00e0 \u00e9nergie solaire est de 40 $ en ce moment\"},{\"@type\":\"BreadcrumbList\",\"@id\":\"https:\/\/vieassociative.be\/actualites\/cette-camera-de-securite-a-energie-solaire-est-de-40-en-ce-moment\/#breadcrumb\",\"itemListElement\":[{\"@type\":\"ListItem\",\"position\":1,\"name\":\"Accueil\",\"item\":\"https:\/\/vieassociative.be\/actualites\/\"},{\"@type\":\"ListItem\",\"position\":2,\"name\":\"Cette cam\u00e9ra de s\u00e9curit\u00e9 \u00e0 \u00e9nergie solaire est de 40 $ en ce moment\"}]},{\"@type\":\"WebSite\",\"@id\":\"https:\/\/vieassociative.be\/actualites\/#website\",\"url\":\"https:\/\/vieassociative.be\/actualites\/\",\"name\":\"Vie Associative\",\"description\":\"\",\"publisher\":{\"@id\":\"https:\/\/vieassociative.be\/actualites\/#organization\"},\"potentialAction\":[{\"@type\":\"SearchAction\",\"target\":{\"@type\":\"EntryPoint\",\"urlTemplate\":\"https:\/\/vieassociative.be\/actualites\/?s={search_term_string}\"},\"query-input\":{\"@type\":\"PropertyValueSpecification\",\"valueRequired\":true,\"valueName\":\"search_term_string\"}}],\"inLanguage\":\"fr-BE\"},{\"@type\":\"Organization\",\"@id\":\"https:\/\/vieassociative.be\/actualites\/#organization\",\"name\":\"Vie Associative\",\"url\":\"https:\/\/vieassociative.be\/actualites\/\",\"logo\":{\"@type\":\"ImageObject\",\"inLanguage\":\"fr-BE\",\"@id\":\"https:\/\/vieassociative.be\/actualites\/#\/schema\/logo\/image\/\",\"url\":\"https:\/\/vieassociative.be\/actualites\/wp-content\/uploads\/2024\/09\/cropped-vieassociative_favicon.ico.png\",\"contentUrl\":\"https:\/\/vieassociative.be\/actualites\/wp-content\/uploads\/2024\/09\/cropped-vieassociative_favicon.ico.png\",\"width\":512,\"height\":512,\"caption\":\"Vie Associative\"},\"image\":{\"@id\":\"https:\/\/vieassociative.be\/actualites\/#\/schema\/logo\/image\/\"}},{\"@type\":\"Person\",\"@id\":\"https:\/\/vieassociative.be\/actualites\/#\/schema\/person\/b87ac4f82f9d4e7b7cec7395b679edc4\",\"name\":\"Julien\",\"image\":{\"@type\":\"ImageObject\",\"inLanguage\":\"fr-BE\",\"@id\":\"https:\/\/vieassociative.be\/actualites\/#\/schema\/person\/image\/\",\"url\":\"https:\/\/vieassociative.be\/actualites\/wp-content\/uploads\/2024\/09\/vie-associative-1-150x150.jpg\",\"contentUrl\":\"https:\/\/vieassociative.be\/actualites\/wp-content\/uploads\/2024\/09\/vie-associative-1-150x150.jpg\",\"caption\":\"Julien\"},\"description\":\"Je suis Julien, r\u00e9dacteur pour Vie Associative. Passionn\u00e9 par le monde associatif depuis plus de 10 ans, j'ai \u00e0 c\u0153ur de partager des histoires inspirantes et de mettre en lumi\u00e8re les initiatives locales. Mon objectif est de sensibiliser et d'encourager l'engagement communautaire \u00e0 travers mes articles.\",\"sameAs\":[\"https:\/\/vieassociative.be\/\"]}]}<\/script>\n<!-- \/ Yoast SEO plugin. -->","yoast_head_json":{"title":"Cette cam\u00e9ra de s\u00e9curit\u00e9 \u00e0 \u00e9nergie solaire est de 40 $ en ce moment | Vie Associative","robots":{"index":"index","follow":"follow","max-snippet":"max-snippet:-1","max-image-preview":"max-image-preview:large","max-video-preview":"max-video-preview:-1"},"canonical":"https:\/\/vieassociative.be\/actualites\/cette-camera-de-securite-a-energie-solaire-est-de-40-en-ce-moment\/","og_locale":"fr_FR","og_type":"article","og_title":"Cette cam\u00e9ra de s\u00e9curit\u00e9 \u00e0 \u00e9nergie solaire est de 40 $ en ce moment | Vie Associative","og_description":"Celui-ci est pour tous ceux qui veulent une s\u00e9curit\u00e9 simple \u00e0 \u00e9nergie solaire sans courbe d&rsquo;apprentissage abrupte. Si vous avez l&rsquo;intention de mettre en place","og_url":"https:\/\/vieassociative.be\/actualites\/cette-camera-de-securite-a-energie-solaire-est-de-40-en-ce-moment\/","og_site_name":"Vie Associative","article_published_time":"2025-07-21T13:18:11+00:00","og_image":[{"url":"https:\/\/vieassociative.be\/actualites\/wp-content\/uploads\/2025\/07\/Cette-camera-de-securite-a-energie-solaire-est-de-40.svg.svg+xml","type":"","width":"","height":""}],"author":"Julien","twitter_card":"summary_large_image","twitter_misc":{"\u00c9crit par":"Julien","Dur\u00e9e de lecture est.":"2 minutes"},"schema":{"@context":"https:\/\/schema.org","@graph":[{"@type":"Article","@id":"https:\/\/vieassociative.be\/actualites\/cette-camera-de-securite-a-energie-solaire-est-de-40-en-ce-moment\/#article","isPartOf":{"@id":"https:\/\/vieassociative.be\/actualites\/cette-camera-de-securite-a-energie-solaire-est-de-40-en-ce-moment\/"},"author":{"name":"Julien","@id":"https:\/\/vieassociative.be\/actualites\/#\/schema\/person\/b87ac4f82f9d4e7b7cec7395b679edc4"},"headline":"Cette cam\u00e9ra de s\u00e9curit\u00e9 \u00e0 \u00e9nergie solaire est de 40 $ en ce moment","datePublished":"2025-07-21T13:18:11+00:00","dateModified":"2025-07-21T13:18:11+00:00","mainEntityOfPage":{"@id":"https:\/\/vieassociative.be\/actualites\/cette-camera-de-securite-a-energie-solaire-est-de-40-en-ce-moment\/"},"wordCount":481,"publisher":{"@id":"https:\/\/vieassociative.be\/actualites\/#organization"},"image":{"@id":"https:\/\/vieassociative.be\/actualites\/cette-camera-de-securite-a-energie-solaire-est-de-40-en-ce-moment\/#primaryimage"},"thumbnailUrl":"https:\/\/vieassociative.be\/actualites\/wp-content\/uploads\/2025\/07\/1753103892_Cette-camera-de-securite-a-energie-solaire-est-de-40.png","keywords":["cam\u00e9ra","cette","\u00e9nergie","est","moment","s\u00e9curit\u00e9","solaire"],"articleSection":["Technologie"],"inLanguage":"fr-BE"},{"@type":"WebPage","@id":"https:\/\/vieassociative.be\/actualites\/cette-camera-de-securite-a-energie-solaire-est-de-40-en-ce-moment\/","url":"https:\/\/vieassociative.be\/actualites\/cette-camera-de-securite-a-energie-solaire-est-de-40-en-ce-moment\/","name":"Cette cam\u00e9ra de s\u00e9curit\u00e9 \u00e0 \u00e9nergie solaire est de 40 $ en ce moment | Vie Associative","isPartOf":{"@id":"https:\/\/vieassociative.be\/actualites\/#website"},"primaryImageOfPage":{"@id":"https:\/\/vieassociative.be\/actualites\/cette-camera-de-securite-a-energie-solaire-est-de-40-en-ce-moment\/#primaryimage"},"image":{"@id":"https:\/\/vieassociative.be\/actualites\/cette-camera-de-securite-a-energie-solaire-est-de-40-en-ce-moment\/#primaryimage"},"thumbnailUrl":"https:\/\/vieassociative.be\/actualites\/wp-content\/uploads\/2025\/07\/1753103892_Cette-camera-de-securite-a-energie-solaire-est-de-40.png","datePublished":"2025-07-21T13:18:11+00:00","dateModified":"2025-07-21T13:18:11+00:00","breadcrumb":{"@id":"https:\/\/vieassociative.be\/actualites\/cette-camera-de-securite-a-energie-solaire-est-de-40-en-ce-moment\/#breadcrumb"},"inLanguage":"fr-BE","potentialAction":[{"@type":"ReadAction","target":["https:\/\/vieassociative.be\/actualites\/cette-camera-de-securite-a-energie-solaire-est-de-40-en-ce-moment\/"]}]},{"@type":"ImageObject","inLanguage":"fr-BE","@id":"https:\/\/vieassociative.be\/actualites\/cette-camera-de-securite-a-energie-solaire-est-de-40-en-ce-moment\/#primaryimage","url":"https:\/\/vieassociative.be\/actualites\/wp-content\/uploads\/2025\/07\/1753103892_Cette-camera-de-securite-a-energie-solaire-est-de-40.png","contentUrl":"https:\/\/vieassociative.be\/actualites\/wp-content\/uploads\/2025\/07\/1753103892_Cette-camera-de-securite-a-energie-solaire-est-de-40.png","width":1200,"height":675,"caption":"Cette cam\u00e9ra de s\u00e9curit\u00e9 \u00e0 \u00e9nergie solaire est de 40 $ en ce moment"},{"@type":"BreadcrumbList","@id":"https:\/\/vieassociative.be\/actualites\/cette-camera-de-securite-a-energie-solaire-est-de-40-en-ce-moment\/#breadcrumb","itemListElement":[{"@type":"ListItem","position":1,"name":"Accueil","item":"https:\/\/vieassociative.be\/actualites\/"},{"@type":"ListItem","position":2,"name":"Cette cam\u00e9ra de s\u00e9curit\u00e9 \u00e0 \u00e9nergie solaire est de 40 $ en ce moment"}]},{"@type":"WebSite","@id":"https:\/\/vieassociative.be\/actualites\/#website","url":"https:\/\/vieassociative.be\/actualites\/","name":"Vie Associative","description":"","publisher":{"@id":"https:\/\/vieassociative.be\/actualites\/#organization"},"potentialAction":[{"@type":"SearchAction","target":{"@type":"EntryPoint","urlTemplate":"https:\/\/vieassociative.be\/actualites\/?s={search_term_string}"},"query-input":{"@type":"PropertyValueSpecification","valueRequired":true,"valueName":"search_term_string"}}],"inLanguage":"fr-BE"},{"@type":"Organization","@id":"https:\/\/vieassociative.be\/actualites\/#organization","name":"Vie Associative","url":"https:\/\/vieassociative.be\/actualites\/","logo":{"@type":"ImageObject","inLanguage":"fr-BE","@id":"https:\/\/vieassociative.be\/actualites\/#\/schema\/logo\/image\/","url":"https:\/\/vieassociative.be\/actualites\/wp-content\/uploads\/2024\/09\/cropped-vieassociative_favicon.ico.png","contentUrl":"https:\/\/vieassociative.be\/actualites\/wp-content\/uploads\/2024\/09\/cropped-vieassociative_favicon.ico.png","width":512,"height":512,"caption":"Vie Associative"},"image":{"@id":"https:\/\/vieassociative.be\/actualites\/#\/schema\/logo\/image\/"}},{"@type":"Person","@id":"https:\/\/vieassociative.be\/actualites\/#\/schema\/person\/b87ac4f82f9d4e7b7cec7395b679edc4","name":"Julien","image":{"@type":"ImageObject","inLanguage":"fr-BE","@id":"https:\/\/vieassociative.be\/actualites\/#\/schema\/person\/image\/","url":"https:\/\/vieassociative.be\/actualites\/wp-content\/uploads\/2024\/09\/vie-associative-1-150x150.jpg","contentUrl":"https:\/\/vieassociative.be\/actualites\/wp-content\/uploads\/2024\/09\/vie-associative-1-150x150.jpg","caption":"Julien"},"description":"Je suis Julien, r\u00e9dacteur pour Vie Associative. Passionn\u00e9 par le monde associatif depuis plus de 10 ans, j'ai \u00e0 c\u0153ur de partager des histoires inspirantes et de mettre en lumi\u00e8re les initiatives locales. Mon objectif est de sensibiliser et d'encourager l'engagement communautaire \u00e0 travers mes articles.","sameAs":["https:\/\/vieassociative.be\/"]}]}},"_links":{"self":[{"href":"https:\/\/vieassociative.be\/actualites\/wp-json\/wp\/v2\/posts\/8907"}],"collection":[{"href":"https:\/\/vieassociative.be\/actualites\/wp-json\/wp\/v2\/posts"}],"about":[{"href":"https:\/\/vieassociative.be\/actualites\/wp-json\/wp\/v2\/types\/post"}],"author":[{"embeddable":true,"href":"https:\/\/vieassociative.be\/actualites\/wp-json\/wp\/v2\/users\/1"}],"replies":[{"embeddable":true,"href":"https:\/\/vieassociative.be\/actualites\/wp-json\/wp\/v2\/comments?post=8907"}],"version-history":[{"count":0,"href":"https:\/\/vieassociative.be\/actualites\/wp-json\/wp\/v2\/posts\/8907\/revisions"}],"wp:featuredmedia":[{"embeddable":true,"href":"https:\/\/vieassociative.be\/actualites\/wp-json\/wp\/v2\/media\/8908"}],"wp:attachment":[{"href":"https:\/\/vieassociative.be\/actualites\/wp-json\/wp\/v2\/media?parent=8907"}],"wp:term":[{"taxonomy":"category","embeddable":true,"href":"https:\/\/vieassociative.be\/actualites\/wp-json\/wp\/v2\/categories?post=8907"},{"taxonomy":"post_tag","embeddable":true,"href":"https:\/\/vieassociative.be\/actualites\/wp-json\/wp\/v2\/tags?post=8907"}],"curies":[{"name":"wp","href":"https:\/\/api.w.org\/{rel}","templated":true}]}}