{"id":8905,"date":"2025-07-21T14:17:44","date_gmt":"2025-07-21T12:17:44","guid":{"rendered":"https:\/\/vieassociative.be\/actualites\/jai-utilise-le-merach-mini-stepper-pendant-90-jours-et-voici-ce-que-jai-trouve\/"},"modified":"2025-07-21T14:17:44","modified_gmt":"2025-07-21T12:17:44","slug":"jai-utilise-le-merach-mini-stepper-pendant-90-jours-et-voici-ce-que-jai-trouve","status":"publish","type":"post","link":"https:\/\/vieassociative.be\/actualites\/jai-utilise-le-merach-mini-stepper-pendant-90-jours-et-voici-ce-que-jai-trouve\/","title":{"rendered":"J&rsquo;ai utilis\u00e9 le Merach Mini Stepper pendant 90 jours, et voici ce que j&rsquo;ai trouv\u00e9"},"content":{"rendered":"<div class=\"mt-4 leading-6 md:mb-8\">Le Merach Mini Stepper n&rsquo;est pas mauvais; C&rsquo;est juste agressivement m\u00e9diocre.<\/div>\n<p><\/p>\n<p>En tant que personne qui a termin\u00e9 six marathons et maintient un calendrier de course r\u00e9gulier, j&rsquo;ai approch\u00e9 le Mini STEPPER MERACH avec un scepticisme sain. L&rsquo;appareil a explos\u00e9 sur les plateformes de m\u00e9dias sociaux, en particulier Tiktok, o\u00f9 les cr\u00e9ateurs affirment que cela change la donne pour la force des jambes, la sant\u00e9 cardiovasculaire et la forme physique globale. Apr\u00e8s avoir vu d&rsquo;innombrables vid\u00e9os promettant des transformations dramatiques, j&rsquo;ai d\u00e9cid\u00e9 de lui donner un essai \u00e9quitable de 90 jours.<\/p>\n<p>Mon objectif n&rsquo;\u00e9tait pas de remplacer ma routine d&rsquo;entra\u00eenement principale, mais d&rsquo;\u00e9valuer l&rsquo;utilit\u00e9 du stepper en tant qu&rsquo;outil antis\u00e9dentaire &#8211; qui est ce que je l&rsquo;\u00e9tiquette dans mon examen initial &#8211; et de d\u00e9terminer si une utilisation coh\u00e9rente pourrait peut-\u00eatre offrir des avantages significatifs. Apr\u00e8s avoir pass\u00e9 des ann\u00e9es \u00e0 comprendre de premi\u00e8re main comment le corps s&rsquo;adapte \u00e0 l&rsquo;entra\u00eenement, je voulais voir si cet appareil compact pouvait r\u00e9ellement tenir ses promesses virales.<\/p>\n<div class=\"pogoClear mb-12 mt-10 rounded-md border-2 border-gray-100 py-7 shadow-xl md:py-6\">\n<div class=\"flex flex-wrap justify-between px-7 text-black no-underline md:flex-nowrap md:px-8\">\n<div class=\"order-1 mx-auto flex flex-col justify-center md:order-2 md:ml-4 md:w-full md:grow\">\n<div class=\"block cursor-pointer text-center font-akshar text-2xl font-medium leading-7 text-brand-green duration-200 ease-in-out hover:text-brand-green-700 md:text-left md:text-xl md:leading-6\">Mini Mini Stepper\n                <\/div>\n<div class=\"mt-4 hidden md:flex md:justify-between\">\n<div class=\"self-end\">\n<div class=\"mb-0 h-11 md:flex md:flex-col md:justify-center\">\n<div class=\" font-sans leading-4 text-black\">\n<div class=\"flex flex-wrap items-center justify-center gap-x-1 md:justify-start\">\n        <span class=\"font-bold\"><\/p>\n<p>            44,99 $<br \/>\n                            <span class=\"font-medium\">\u00e0 Amazon<\/span><br \/>\n                    <\/span>\n            <\/div>\n<\/p><\/div>\n<\/p><\/div>\n<\/p><\/div>\n<div class=\"w-44 self-end\">\n                            <button class=\"flex justify-center items-center w-full bg-brand-green text-white text-base font-sans font-medium rounded-md hover:bg-brand-green-700 hover:cursor-pointer md:text-sm h-11\"><\/p>\n<p>    Conclure un accord<br \/>\n<\/button>\n                        <\/div>\n<\/p><\/div>\n<\/p><\/div>\n<div class=\"order-2 mt-5 h-auto w-full md:order-1 md:mt-0 md:hidden\">\n<div class=\"flex aspect-video items-center justify-center\">\n                                            <img decoding=\"async\" class=\"m-0 max-h-full max-w-full rounded-md\" src=\"https:\/\/vieassociative.be\/actualites\/wp-content\/uploads\/2025\/07\/Jai-utilise-le-Merach-Mini-Stepper-pendant-90-jours-et.jpg\" alt=\"Mini Mini Stepper pour l'exercice, Twist Swear Stepper 330lbs Capacit\u00e9, \u00e9quipement d'exercice avec des bandes de r\u00e9sistance pour l'entra\u00eenement complet du corps \u00e0 la maison\" width=\"auto\" height=\"auto\" loading=\"lazy\">\n                                    <\/div>\n<\/p><\/div>\n<div class=\"order-2 ml-2 hidden w-32 shrink-0 items-center md:order-1 md:ml-0 md:flex\">\n<div class=\"flex aspect-video items-center justify-center\">\n                                            <img decoding=\"async\" class=\"m-0 max-h-full max-w-full rounded-md\" src=\"https:\/\/vieassociative.be\/actualites\/wp-content\/uploads\/2025\/07\/Jai-utilise-le-Merach-Mini-Stepper-pendant-90-jours-et.jpg\" alt=\"Mini Mini Stepper pour l'exercice, Twist Swear Stepper 330lbs Capacit\u00e9, \u00e9quipement d'exercice avec des bandes de r\u00e9sistance pour l'entra\u00eenement complet du corps \u00e0 la maison\" width=\"auto\" height=\"auto\" loading=\"lazy\">\n                                    <\/div>\n<\/p><\/div>\n<div class=\"order-3 flex grow flex-wrap md:hidden md:grow-0\">\n<div class=\"mt-4 w-full\">\n                        <button class=\"flex justify-center items-center w-full bg-brand-green text-white text-base font-sans font-medium rounded-md hover:bg-brand-green-700 hover:cursor-pointer md:text-sm h-11\"><\/p>\n<p>    Conclure un accord<br \/>\n<\/button>\n                    <\/div>\n<div class=\"mx-2 mt-4 w-full\">\n<div class=\" font-sans leading-4 text-black\">\n<div class=\"flex flex-wrap items-center justify-center gap-x-1 md:justify-start\">\n        <span class=\"font-bold\"><\/p>\n<p>            44,99 $<br \/>\n                            <span class=\"font-medium\">\u00e0 Amazon<\/span><br \/>\n                    <\/span>\n            <\/div>\n<\/p><\/div>\n<\/p><\/div>\n<\/p><\/div>\n<\/p><\/div>\n<\/div>\n<h2 id=\"days-of-stepping-to-nowhere\">90 jours de marche \u00e0 nulle part<\/h2>\n<p>Le Merach Mini Stepper est un \u00e9quipement simple: des p\u00e9dales de deux pieds reli\u00e9es par des cylindres de r\u00e9sistance hydraulique, avec une tension r\u00e9glable et un simple compteur d&rsquo;\u00e9tape. L&rsquo;assemblage prend moins de 15 minutes et l&rsquo;appareil se sent solide malgr\u00e9 sa construction l\u00e9g\u00e8re.<\/p>\n<p>Pour commencer, ce mini stepper a deux modes principaux: se diriger vers le haut ou la touche de c\u00f4t\u00e9. Lorsque le levier est en baisse, comme indiqu\u00e9 sur la photo ci-dessous, vous \u00eates pr\u00eat \u00e0 tord. Ce mouvement de torsion ressemble moins \u00e0 un grimpeur d&rsquo;escalier, et plus comme si vous essayiez de skier. Je sais que je le ressens plus dans mes fessiers pour me garder stable pendant ce mouvement.<\/p>\n<div class=\"eloquent-imagery-image\">\n<div class=\"flex justify-center\">\n                    <img decoding=\"async\" class=\"border border-gray-100\" src=\"https:\/\/vieassociative.be\/actualites\/wp-content\/uploads\/2025\/07\/1753100264_440_Jai-utilise-le-Merach-Mini-Stepper-pendant-90-jours-et.jpg\" alt=\"Les param\u00e8tres de Mini Mini Stepper.\" width=\"2000\" height=\"1125\" loading=\"lazy\"  >\n            <\/div>\n<\/p><\/div>\n<p>Lorsque le levier est en place comme indiqu\u00e9 ici, vous pouvez monter et descendre. Cela ressemble plus \u00e0 des escaliers, et c&rsquo;est certainement le choix d&rsquo;un mouvement plus familier.<\/p>\n<div class=\"eloquent-imagery-image\">\n<div class=\"flex justify-center\">\n                    <img decoding=\"async\" class=\"border border-gray-100\" src=\"https:\/\/vieassociative.be\/actualites\/wp-content\/uploads\/2025\/07\/1753100264_326_Jai-utilise-le-Merach-Mini-Stepper-pendant-90-jours-et.jpg\" alt=\"Les param\u00e8tres de Mini Mini Stepper.\" width=\"2000\" height=\"1125\" loading=\"lazy\"  >\n            <\/div>\n<\/p><\/div>\n<p>J&rsquo;ai \u00e9galement coup\u00e9 mes bandes de r\u00e9sistance pour engager mes bras. Mis \u00e0 part cette action du biceps, il n&rsquo;y a pas de m\u00e9canisme de r\u00e9sistance au-del\u00e0 de votre propre poids corporel pour le pas lui-m\u00eame. Cela signifie que la difficult\u00e9 &#8211; et le potentiel de gains &#8211; d\u00e9pendent enti\u00e8rement de la vitesse et de la force de vous d\u00e9placer. J&rsquo;ai vraiment donn\u00e9 \u00e0 cet Stepper un coup de feu avec mes tentatives d&rsquo;intensit\u00e9, mais il y a simplement un plafond inf\u00e9rieur sur les gains par rapport \u00e0 quelque chose comme le grimpeur d&rsquo;escalier de votre gymnase.<\/p>\n<p>J&rsquo;ai \u00e9tabli une routine coh\u00e9rente: 20-30 minutes de pas quotidiennement, g\u00e9n\u00e9ralement en travaillant \u00e0 mon bureau ou en regardant la t\u00e9l\u00e9vision. Le mouvement de pas active d\u00e9finitivement les muscles du corps inf\u00e9rieur en continu et augmente l\u00e9g\u00e8rement la fr\u00e9quence cardiaque. Selon ma montre Garmin, j&rsquo;ai m\u00eame atteint jusqu&rsquo;\u00e0 140 bpm parfois, indiquant un entra\u00eenement mod\u00e9r\u00e9ment intense. (Ma montre est la musique pr\u00e9curse 165, que je teste activement une critique \u00e0 venir bient\u00f4t.) <\/p>\n<p>En fin de compte, la promesse du Mini Stepper d&rsquo;un entra\u00eenement \u00ab\u00a0\u00e0 faible impact\u00a0\u00bb est exacte, mais peut-\u00eatre trop pr\u00e9cise. Mes jambes ne se sont jamais senties particuli\u00e8rement difficiles. Voici une photo avant \/ apr\u00e8s de mes mollets en particulier. <\/p>\n<div class=\"eloquent-imagery-image\">\n<div class=\"flex justify-center\">\n                    <img decoding=\"async\" class=\"border border-gray-100\" src=\"https:\/\/vieassociative.be\/actualites\/wp-content\/uploads\/2025\/07\/Jai-utilise-le-Merach-Mini-Stepper-pendant-90-jours-et.png\" alt=\"Avant \/ apr\u00e8s les veaux.\" width=\"2000\" height=\"1125\" loading=\"lazy\"  >\n            <\/div>\n<\/p><\/div>\n<p>Je sais \u00e0 quel point l&rsquo;\u00e9clairage peut influencer les images avant \/ apr\u00e8s, ainsi vis\u00e9e pour le m\u00eame endroit et le m\u00eame temps de la journ\u00e9e, m\u00eame en portant les m\u00eames chaussettes. La premi\u00e8re photo a \u00e9t\u00e9 prise le 16 mai et la seconde le 16 juillet 2025. Entre ces dates, j&rsquo;ai d\u00fb retirer mon Ol &lsquo;Brooks Ghost 16S le mois dernier, mais j&rsquo;aime la sauce \u00e0 l&rsquo;endorphine 5 vitesses \u00e0 droite. Comme vous pouvez le voir, mes muscles semblent assez identiques apr\u00e8s 90 jours de mini-stipage.<\/p>\n<h2 id=\"the-reality-check-at-least-i-got-my-steps-in\">La v\u00e9rification de la r\u00e9alit\u00e9: au moins j&rsquo;ai eu mes pas?<\/h2>\n<p>Le contenu des m\u00e9dias sociaux autour du mini Stepper comprend souvent des affirmations dramatiques avant et apr\u00e8s, des promesses de transformation rapide des jambes et des suggestions que 15-20 minutes par jour r\u00e9volutionneront votre forme physique. Apr\u00e8s trois mois d&rsquo;utilisation coh\u00e9rente, ces affirmations ne s&rsquo;alignent pas avec la r\u00e9alit\u00e9.<\/p>\n<div class=\"pogoClear relative my-10 border-b-(1.5px) border-t-(1.5px) border-dashed border-black py-5 sm:my-14 sm:border-0 sm:py-0\" data-ga-click data-ga-template=\"Explainers\" data-ga-module=\"openweb_widget\" data-ga-element=\"openweb_scroll\" data-ga-item=\"openweb_scroll_midpage\" x-data=\"{\n         commentsCount: null,\n         hasComments: false,\n         async fetchCommentsCount() {\n             try {\n                 if (window.openweb &amp;&amp; typeof window.openweb.getMessagesCount === 'function') {\n                     this.commentsCount = await window.openweb.getMessagesCount('01K0AKQT3BX52PWX45NTB8GE6Q');\n                     this.hasComments = this.commentsCount !== null &amp;&amp; this.commentsCount &gt; 0;\n                 }\n             } catch (e) {\n                 console.warn('Failed to fetch comment count:', e);\n             }\n         }\n     }\" x-init=\"fetchCommentsCount()\" x-cloak><\/p>\n<div class=\"absolute top-1\/2 hidden w-full -translate-y-1\/2 border-t-(1.5px) border-dashed border-black sm:block\"><\/div>\n<div class=\"relative flex justify-center\">\n<div class=\"flex max-w-fit items-center gap-x-3 bg-white px-5\">\n<div class=\"relative\">\n                <span class=\"absolute left-1\/2 top-1\/2 -translate-x-1\/2 -translate-y-1\/2 font-akshar text-sm font-medium text-black\" aria-live=\"polite\" x-show=\"hasComments\" x-text=\"commentsCount\"><\/span><\/p>\n<p>                <svg class=\"h-8 w-8 text-black\" role=\"img\" aria-hidden=\"true\">\n                    <use href=\"http:\/\/lifehacker.com\/images\/icons\/spritemap.svg#sprite-chat-bubble\"><\/use>\n                <\/svg>\n            <\/div>\n<p>            <span class=\"text-sm font-medium text-black\"><\/p>\n<p>                Que pensez-vous jusqu&rsquo;\u00e0 pr\u00e9sent?<br \/>\n                <button class=\"ml-1 font-semibold text-brand-green underline hover:text-brand-green-700\" type=\"button\" aria-label=\"Comment section trigger\" onclick=\"window.openweb.scrollToComments('01K0AKQT3BX52PWX45NTB8GE6Q')\" x-text=\"hasComments ? 'Post a comment.' : 'Be the first to post a comment.'\"><\/button><br \/>\n            <\/span>\n        <\/div>\n<\/p><\/div>\n<\/div>\n<p>Ma plainte num\u00e9ro un est le manque de r\u00e9sistance. Alors que le mouvement de trempage a activ\u00e9 les veaux, les quadriceps et les fessiers, ce type d&rsquo;appareil est assez insuffisant pour favoriser les vrais gains ou le d\u00e9veloppement musculaire. Le mod\u00e8le de mouvement est essentiellement une augmentation r\u00e9p\u00e9titive du mollet. Ce n&rsquo;est pas rien, mais apr\u00e8s 90 jours, je me suis ennuy\u00e9 hors de mon esprit. Contrairement \u00e0 la course \u00e0 pied, qui offre des paysages changeants et la possibilit\u00e9 de courir dans cette jolie marchette de chien, ou cyclisme, ce qui fournit l&rsquo;illusion d&rsquo;aller quelque part, le Mini Stepper n&rsquo;offre que le mouvement r\u00e9p\u00e9titif de monter et descendre. <\/p>\n<p>Personnellement, je pense que mon corps avait compris les demandes limit\u00e9es du Stepper et r\u00e9pondu par l&rsquo;\u00e9quivalent physiologique d&rsquo;un haussement d&rsquo;\u00e9paules. Pour les autres coureurs de marathon et les athl\u00e8tes exp\u00e9riment\u00e9s, le Stepper offre un avantage d&rsquo;entra\u00eenement minimal. Cependant, pour les personnes s\u00e9dentaires qui cherchent \u00e0 augmenter les mouvements quotidiens, il fournit sans aucun doute une solution pratique \u00e0 faible barri\u00e8re.<\/p>\n<h2 id=\"what-i-learned\">Ce que j&rsquo;ai appris<\/h2>\n<p>Voici ce que les critiques d&rsquo;Amazon ne vous disent pas: le Merach Mini Stepper fonctionne du mieux qu&rsquo;il peut, et c&rsquo;est le probl\u00e8me. Il fournit un entra\u00eenement cardio \u00e0 faible impact et \u00e0 intensit\u00e9 mod\u00e9r\u00e9e qui est s\u00fbr, accessible et compl\u00e8tement banal. Pour quelqu&rsquo;un qui se remet d&rsquo;une blessure ou de commencer son parcours de fitness, c&rsquo;est probablement parfait. Pour tous ceux qui esp\u00e8rent transformer leurs jambes en chefs-d&rsquo;\u0153uvre sculpt\u00e9s, vous feriez mieux d&rsquo;investir dans un ensemble d&rsquo;halt\u00e8res.<\/p>\n<p>Si je recommande le Mini Stepper, je me concentrerais sur le fait que mon voyage de 90 jours m&rsquo;a offert une alternative pratique \u00e0 une s\u00e9ance prolong\u00e9e. L&rsquo;op\u00e9ration silencieuse de l&rsquo;appareil le rend adapt\u00e9 \u00e0 une utilisation pendant le travail ou en regardant des films, ce qui, je pense, aborde l&rsquo;un des principaux obstacles \u00e0 un exercice coh\u00e9rent: trouver le putain de temps. De plus, la taille compacte et la portabilit\u00e9 du Stepper sont de v\u00e9ritables avantages. Il se stocke facilement, ne n\u00e9cessite aucune \u00e9lectricit\u00e9 et peut \u00eatre utilis\u00e9 dans de petits espaces.<\/p>\n<p>Le Stepper ne m&rsquo;a jamais assez mis au d\u00e9fi de cr\u00e9er un changement significatif. Cela ne m&rsquo;a jamais pouss\u00e9 dans cette zone inconfortable o\u00f9 l&rsquo;adaptation et l&rsquo;am\u00e9lioration se produisent. Apr\u00e8s 90 jours de marche fid\u00e8le, mes jambes sont identiques \u00e0 ce qu&rsquo;elles se sentaient le premier jour. Mais ce n&rsquo;est pas n\u00e9cessairement la faute de la machine. C&rsquo;est \u00e0 moi, pour s&rsquo;attendre \u00e0 un \u00e9quipement de 44,99 $ pour livrer ce qui n\u00e9cessite un d\u00e9vouement, une surcharge progressive et probablement un abonnement au gymnase.<\/p>\n<p>Le Merach Mini Stepper est un \u00e9quipement parfaitement ad\u00e9quat qui fait exactement ce qu&rsquo;il pr\u00e9tend faire. Ce n&rsquo;est tout simplement pas r\u00e9volutionnaire, transformateur ou particuli\u00e8rement excitant. Si vous cherchez un moyen bas sur le engagement pour ajouter un peu de mouvement \u00e0 votre journ\u00e9e tout en regardant Netflix, le Stepper offre. Si vous esp\u00e9rez transformer vos jambes, vous devrez chercher ailleurs.<\/p>\n<p><script async src=\"\/\/www.tiktok.com\/embed.js\"><\/script><\/p>\n","protected":false},"excerpt":{"rendered":"<p>Le Merach Mini Stepper n&rsquo;est pas mauvais; C&rsquo;est juste agressivement m\u00e9diocre. En tant que personne qui a termin\u00e9 six marathons et maintient un calendrier de<\/p>\n","protected":false},"author":1,"featured_media":8906,"comment_status":"","ping_status":"","sticky":false,"template":"","format":"standard","meta":{"footnotes":""},"categories":[38],"tags":[823,937,919,1529,198,7499,829,153,529],"class_list":["post-8905","post","type-post","status-publish","format-standard","has-post-thumbnail","hentry","category-sante","tag-jai","tag-jours","tag-merach","tag-mini","tag-pendant","tag-stepper","tag-trouve","tag-utilise","tag-voici","generate-columns","tablet-grid-50","mobile-grid-100","grid-parent","grid-33"],"yoast_head":"<!-- This site is optimized with the Yoast SEO plugin v24.0 - https:\/\/yoast.com\/wordpress\/plugins\/seo\/ -->\n<title>J&#039;ai utilis\u00e9 le Merach Mini Stepper pendant 90 jours, et voici ce que j&#039;ai trouv\u00e9 | Vie Associative<\/title>\n<meta name=\"robots\" content=\"index, follow, max-snippet:-1, max-image-preview:large, max-video-preview:-1\" \/>\n<link rel=\"canonical\" href=\"https:\/\/vieassociative.be\/actualites\/jai-utilise-le-merach-mini-stepper-pendant-90-jours-et-voici-ce-que-jai-trouve\/\" \/>\n<meta property=\"og:locale\" content=\"fr_FR\" \/>\n<meta property=\"og:type\" content=\"article\" \/>\n<meta property=\"og:title\" content=\"J&#039;ai utilis\u00e9 le Merach Mini Stepper pendant 90 jours, et voici ce que j&#039;ai trouv\u00e9 | Vie Associative\" \/>\n<meta property=\"og:description\" content=\"Le Merach Mini Stepper n&rsquo;est pas mauvais; C&rsquo;est juste agressivement m\u00e9diocre. En tant que personne qui a termin\u00e9 six marathons et maintient un calendrier de\" \/>\n<meta property=\"og:url\" content=\"https:\/\/vieassociative.be\/actualites\/jai-utilise-le-merach-mini-stepper-pendant-90-jours-et-voici-ce-que-jai-trouve\/\" \/>\n<meta property=\"og:site_name\" content=\"Vie Associative\" \/>\n<meta property=\"article:published_time\" content=\"2025-07-21T12:17:44+00:00\" \/>\n<meta property=\"og:image\" content=\"https:\/\/vieassociative.be\/actualites\/wp-content\/uploads\/2025\/07\/Jai-utilise-le-Merach-Mini-Stepper-pendant-90-jours-et.jpg\" \/>\n<meta name=\"author\" content=\"Julien\" \/>\n<meta name=\"twitter:card\" content=\"summary_large_image\" \/>\n<meta name=\"twitter:label1\" content=\"\u00c9crit par\" \/>\n\t<meta name=\"twitter:data1\" content=\"Julien\" \/>\n\t<meta name=\"twitter:label2\" content=\"Dur\u00e9e de lecture est.\" \/>\n\t<meta name=\"twitter:data2\" content=\"6 minutes\" \/>\n<script type=\"application\/ld+json\" class=\"yoast-schema-graph\">{\"@context\":\"https:\/\/schema.org\",\"@graph\":[{\"@type\":\"Article\",\"@id\":\"https:\/\/vieassociative.be\/actualites\/jai-utilise-le-merach-mini-stepper-pendant-90-jours-et-voici-ce-que-jai-trouve\/#article\",\"isPartOf\":{\"@id\":\"https:\/\/vieassociative.be\/actualites\/jai-utilise-le-merach-mini-stepper-pendant-90-jours-et-voici-ce-que-jai-trouve\/\"},\"author\":{\"name\":\"Julien\",\"@id\":\"https:\/\/vieassociative.be\/actualites\/#\/schema\/person\/b87ac4f82f9d4e7b7cec7395b679edc4\"},\"headline\":\"J&rsquo;ai utilis\u00e9 le Merach Mini Stepper pendant 90 jours, et voici ce que j&rsquo;ai trouv\u00e9\",\"datePublished\":\"2025-07-21T12:17:44+00:00\",\"dateModified\":\"2025-07-21T12:17:44+00:00\",\"mainEntityOfPage\":{\"@id\":\"https:\/\/vieassociative.be\/actualites\/jai-utilise-le-merach-mini-stepper-pendant-90-jours-et-voici-ce-que-jai-trouve\/\"},\"wordCount\":1333,\"publisher\":{\"@id\":\"https:\/\/vieassociative.be\/actualites\/#organization\"},\"image\":{\"@id\":\"https:\/\/vieassociative.be\/actualites\/jai-utilise-le-merach-mini-stepper-pendant-90-jours-et-voici-ce-que-jai-trouve\/#primaryimage\"},\"thumbnailUrl\":\"https:\/\/vieassociative.be\/actualites\/wp-content\/uploads\/2025\/07\/1753100265_Jai-utilise-le-Merach-Mini-Stepper-pendant-90-jours-et.png\",\"keywords\":[\"Jai\",\"jours\",\"Merach\",\"Mini\",\"pendant\",\"stepper\",\"trouv\u00e9\",\"utilise\",\"Voici\"],\"articleSection\":[\"Sant\u00e9\"],\"inLanguage\":\"fr-BE\"},{\"@type\":\"WebPage\",\"@id\":\"https:\/\/vieassociative.be\/actualites\/jai-utilise-le-merach-mini-stepper-pendant-90-jours-et-voici-ce-que-jai-trouve\/\",\"url\":\"https:\/\/vieassociative.be\/actualites\/jai-utilise-le-merach-mini-stepper-pendant-90-jours-et-voici-ce-que-jai-trouve\/\",\"name\":\"J'ai utilis\u00e9 le Merach Mini Stepper pendant 90 jours, et voici ce que j'ai trouv\u00e9 | Vie Associative\",\"isPartOf\":{\"@id\":\"https:\/\/vieassociative.be\/actualites\/#website\"},\"primaryImageOfPage\":{\"@id\":\"https:\/\/vieassociative.be\/actualites\/jai-utilise-le-merach-mini-stepper-pendant-90-jours-et-voici-ce-que-jai-trouve\/#primaryimage\"},\"image\":{\"@id\":\"https:\/\/vieassociative.be\/actualites\/jai-utilise-le-merach-mini-stepper-pendant-90-jours-et-voici-ce-que-jai-trouve\/#primaryimage\"},\"thumbnailUrl\":\"https:\/\/vieassociative.be\/actualites\/wp-content\/uploads\/2025\/07\/1753100265_Jai-utilise-le-Merach-Mini-Stepper-pendant-90-jours-et.png\",\"datePublished\":\"2025-07-21T12:17:44+00:00\",\"dateModified\":\"2025-07-21T12:17:44+00:00\",\"breadcrumb\":{\"@id\":\"https:\/\/vieassociative.be\/actualites\/jai-utilise-le-merach-mini-stepper-pendant-90-jours-et-voici-ce-que-jai-trouve\/#breadcrumb\"},\"inLanguage\":\"fr-BE\",\"potentialAction\":[{\"@type\":\"ReadAction\",\"target\":[\"https:\/\/vieassociative.be\/actualites\/jai-utilise-le-merach-mini-stepper-pendant-90-jours-et-voici-ce-que-jai-trouve\/\"]}]},{\"@type\":\"ImageObject\",\"inLanguage\":\"fr-BE\",\"@id\":\"https:\/\/vieassociative.be\/actualites\/jai-utilise-le-merach-mini-stepper-pendant-90-jours-et-voici-ce-que-jai-trouve\/#primaryimage\",\"url\":\"https:\/\/vieassociative.be\/actualites\/wp-content\/uploads\/2025\/07\/1753100265_Jai-utilise-le-Merach-Mini-Stepper-pendant-90-jours-et.png\",\"contentUrl\":\"https:\/\/vieassociative.be\/actualites\/wp-content\/uploads\/2025\/07\/1753100265_Jai-utilise-le-Merach-Mini-Stepper-pendant-90-jours-et.png\",\"width\":1200,\"height\":675,\"caption\":\"J'ai utilis\u00e9 le Merach Mini Stepper pendant 90 jours, et voici ce que j'ai trouv\u00e9\"},{\"@type\":\"BreadcrumbList\",\"@id\":\"https:\/\/vieassociative.be\/actualites\/jai-utilise-le-merach-mini-stepper-pendant-90-jours-et-voici-ce-que-jai-trouve\/#breadcrumb\",\"itemListElement\":[{\"@type\":\"ListItem\",\"position\":1,\"name\":\"Accueil\",\"item\":\"https:\/\/vieassociative.be\/actualites\/\"},{\"@type\":\"ListItem\",\"position\":2,\"name\":\"J&rsquo;ai utilis\u00e9 le Merach Mini Stepper pendant 90 jours, et voici ce que j&rsquo;ai trouv\u00e9\"}]},{\"@type\":\"WebSite\",\"@id\":\"https:\/\/vieassociative.be\/actualites\/#website\",\"url\":\"https:\/\/vieassociative.be\/actualites\/\",\"name\":\"Vie Associative\",\"description\":\"\",\"publisher\":{\"@id\":\"https:\/\/vieassociative.be\/actualites\/#organization\"},\"potentialAction\":[{\"@type\":\"SearchAction\",\"target\":{\"@type\":\"EntryPoint\",\"urlTemplate\":\"https:\/\/vieassociative.be\/actualites\/?s={search_term_string}\"},\"query-input\":{\"@type\":\"PropertyValueSpecification\",\"valueRequired\":true,\"valueName\":\"search_term_string\"}}],\"inLanguage\":\"fr-BE\"},{\"@type\":\"Organization\",\"@id\":\"https:\/\/vieassociative.be\/actualites\/#organization\",\"name\":\"Vie Associative\",\"url\":\"https:\/\/vieassociative.be\/actualites\/\",\"logo\":{\"@type\":\"ImageObject\",\"inLanguage\":\"fr-BE\",\"@id\":\"https:\/\/vieassociative.be\/actualites\/#\/schema\/logo\/image\/\",\"url\":\"https:\/\/vieassociative.be\/actualites\/wp-content\/uploads\/2024\/09\/cropped-vieassociative_favicon.ico.png\",\"contentUrl\":\"https:\/\/vieassociative.be\/actualites\/wp-content\/uploads\/2024\/09\/cropped-vieassociative_favicon.ico.png\",\"width\":512,\"height\":512,\"caption\":\"Vie Associative\"},\"image\":{\"@id\":\"https:\/\/vieassociative.be\/actualites\/#\/schema\/logo\/image\/\"}},{\"@type\":\"Person\",\"@id\":\"https:\/\/vieassociative.be\/actualites\/#\/schema\/person\/b87ac4f82f9d4e7b7cec7395b679edc4\",\"name\":\"Julien\",\"image\":{\"@type\":\"ImageObject\",\"inLanguage\":\"fr-BE\",\"@id\":\"https:\/\/vieassociative.be\/actualites\/#\/schema\/person\/image\/\",\"url\":\"https:\/\/vieassociative.be\/actualites\/wp-content\/uploads\/2024\/09\/vie-associative-1-150x150.jpg\",\"contentUrl\":\"https:\/\/vieassociative.be\/actualites\/wp-content\/uploads\/2024\/09\/vie-associative-1-150x150.jpg\",\"caption\":\"Julien\"},\"description\":\"Je suis Julien, r\u00e9dacteur pour Vie Associative. Passionn\u00e9 par le monde associatif depuis plus de 10 ans, j'ai \u00e0 c\u0153ur de partager des histoires inspirantes et de mettre en lumi\u00e8re les initiatives locales. Mon objectif est de sensibiliser et d'encourager l'engagement communautaire \u00e0 travers mes articles.\",\"sameAs\":[\"https:\/\/vieassociative.be\/\"]}]}<\/script>\n<!-- \/ Yoast SEO plugin. -->","yoast_head_json":{"title":"J'ai utilis\u00e9 le Merach Mini Stepper pendant 90 jours, et voici ce que j'ai trouv\u00e9 | Vie Associative","robots":{"index":"index","follow":"follow","max-snippet":"max-snippet:-1","max-image-preview":"max-image-preview:large","max-video-preview":"max-video-preview:-1"},"canonical":"https:\/\/vieassociative.be\/actualites\/jai-utilise-le-merach-mini-stepper-pendant-90-jours-et-voici-ce-que-jai-trouve\/","og_locale":"fr_FR","og_type":"article","og_title":"J'ai utilis\u00e9 le Merach Mini Stepper pendant 90 jours, et voici ce que j'ai trouv\u00e9 | Vie Associative","og_description":"Le Merach Mini Stepper n&rsquo;est pas mauvais; C&rsquo;est juste agressivement m\u00e9diocre. En tant que personne qui a termin\u00e9 six marathons et maintient un calendrier de","og_url":"https:\/\/vieassociative.be\/actualites\/jai-utilise-le-merach-mini-stepper-pendant-90-jours-et-voici-ce-que-jai-trouve\/","og_site_name":"Vie Associative","article_published_time":"2025-07-21T12:17:44+00:00","og_image":[{"url":"https:\/\/vieassociative.be\/actualites\/wp-content\/uploads\/2025\/07\/Jai-utilise-le-Merach-Mini-Stepper-pendant-90-jours-et.jpg","type":"","width":"","height":""}],"author":"Julien","twitter_card":"summary_large_image","twitter_misc":{"\u00c9crit par":"Julien","Dur\u00e9e de lecture est.":"6 minutes"},"schema":{"@context":"https:\/\/schema.org","@graph":[{"@type":"Article","@id":"https:\/\/vieassociative.be\/actualites\/jai-utilise-le-merach-mini-stepper-pendant-90-jours-et-voici-ce-que-jai-trouve\/#article","isPartOf":{"@id":"https:\/\/vieassociative.be\/actualites\/jai-utilise-le-merach-mini-stepper-pendant-90-jours-et-voici-ce-que-jai-trouve\/"},"author":{"name":"Julien","@id":"https:\/\/vieassociative.be\/actualites\/#\/schema\/person\/b87ac4f82f9d4e7b7cec7395b679edc4"},"headline":"J&rsquo;ai utilis\u00e9 le Merach Mini Stepper pendant 90 jours, et voici ce que j&rsquo;ai trouv\u00e9","datePublished":"2025-07-21T12:17:44+00:00","dateModified":"2025-07-21T12:17:44+00:00","mainEntityOfPage":{"@id":"https:\/\/vieassociative.be\/actualites\/jai-utilise-le-merach-mini-stepper-pendant-90-jours-et-voici-ce-que-jai-trouve\/"},"wordCount":1333,"publisher":{"@id":"https:\/\/vieassociative.be\/actualites\/#organization"},"image":{"@id":"https:\/\/vieassociative.be\/actualites\/jai-utilise-le-merach-mini-stepper-pendant-90-jours-et-voici-ce-que-jai-trouve\/#primaryimage"},"thumbnailUrl":"https:\/\/vieassociative.be\/actualites\/wp-content\/uploads\/2025\/07\/1753100265_Jai-utilise-le-Merach-Mini-Stepper-pendant-90-jours-et.png","keywords":["Jai","jours","Merach","Mini","pendant","stepper","trouv\u00e9","utilise","Voici"],"articleSection":["Sant\u00e9"],"inLanguage":"fr-BE"},{"@type":"WebPage","@id":"https:\/\/vieassociative.be\/actualites\/jai-utilise-le-merach-mini-stepper-pendant-90-jours-et-voici-ce-que-jai-trouve\/","url":"https:\/\/vieassociative.be\/actualites\/jai-utilise-le-merach-mini-stepper-pendant-90-jours-et-voici-ce-que-jai-trouve\/","name":"J'ai utilis\u00e9 le Merach Mini Stepper pendant 90 jours, et voici ce que j'ai trouv\u00e9 | Vie Associative","isPartOf":{"@id":"https:\/\/vieassociative.be\/actualites\/#website"},"primaryImageOfPage":{"@id":"https:\/\/vieassociative.be\/actualites\/jai-utilise-le-merach-mini-stepper-pendant-90-jours-et-voici-ce-que-jai-trouve\/#primaryimage"},"image":{"@id":"https:\/\/vieassociative.be\/actualites\/jai-utilise-le-merach-mini-stepper-pendant-90-jours-et-voici-ce-que-jai-trouve\/#primaryimage"},"thumbnailUrl":"https:\/\/vieassociative.be\/actualites\/wp-content\/uploads\/2025\/07\/1753100265_Jai-utilise-le-Merach-Mini-Stepper-pendant-90-jours-et.png","datePublished":"2025-07-21T12:17:44+00:00","dateModified":"2025-07-21T12:17:44+00:00","breadcrumb":{"@id":"https:\/\/vieassociative.be\/actualites\/jai-utilise-le-merach-mini-stepper-pendant-90-jours-et-voici-ce-que-jai-trouve\/#breadcrumb"},"inLanguage":"fr-BE","potentialAction":[{"@type":"ReadAction","target":["https:\/\/vieassociative.be\/actualites\/jai-utilise-le-merach-mini-stepper-pendant-90-jours-et-voici-ce-que-jai-trouve\/"]}]},{"@type":"ImageObject","inLanguage":"fr-BE","@id":"https:\/\/vieassociative.be\/actualites\/jai-utilise-le-merach-mini-stepper-pendant-90-jours-et-voici-ce-que-jai-trouve\/#primaryimage","url":"https:\/\/vieassociative.be\/actualites\/wp-content\/uploads\/2025\/07\/1753100265_Jai-utilise-le-Merach-Mini-Stepper-pendant-90-jours-et.png","contentUrl":"https:\/\/vieassociative.be\/actualites\/wp-content\/uploads\/2025\/07\/1753100265_Jai-utilise-le-Merach-Mini-Stepper-pendant-90-jours-et.png","width":1200,"height":675,"caption":"J'ai utilis\u00e9 le Merach Mini Stepper pendant 90 jours, et voici ce que j'ai trouv\u00e9"},{"@type":"BreadcrumbList","@id":"https:\/\/vieassociative.be\/actualites\/jai-utilise-le-merach-mini-stepper-pendant-90-jours-et-voici-ce-que-jai-trouve\/#breadcrumb","itemListElement":[{"@type":"ListItem","position":1,"name":"Accueil","item":"https:\/\/vieassociative.be\/actualites\/"},{"@type":"ListItem","position":2,"name":"J&rsquo;ai utilis\u00e9 le Merach Mini Stepper pendant 90 jours, et voici ce que j&rsquo;ai trouv\u00e9"}]},{"@type":"WebSite","@id":"https:\/\/vieassociative.be\/actualites\/#website","url":"https:\/\/vieassociative.be\/actualites\/","name":"Vie Associative","description":"","publisher":{"@id":"https:\/\/vieassociative.be\/actualites\/#organization"},"potentialAction":[{"@type":"SearchAction","target":{"@type":"EntryPoint","urlTemplate":"https:\/\/vieassociative.be\/actualites\/?s={search_term_string}"},"query-input":{"@type":"PropertyValueSpecification","valueRequired":true,"valueName":"search_term_string"}}],"inLanguage":"fr-BE"},{"@type":"Organization","@id":"https:\/\/vieassociative.be\/actualites\/#organization","name":"Vie Associative","url":"https:\/\/vieassociative.be\/actualites\/","logo":{"@type":"ImageObject","inLanguage":"fr-BE","@id":"https:\/\/vieassociative.be\/actualites\/#\/schema\/logo\/image\/","url":"https:\/\/vieassociative.be\/actualites\/wp-content\/uploads\/2024\/09\/cropped-vieassociative_favicon.ico.png","contentUrl":"https:\/\/vieassociative.be\/actualites\/wp-content\/uploads\/2024\/09\/cropped-vieassociative_favicon.ico.png","width":512,"height":512,"caption":"Vie Associative"},"image":{"@id":"https:\/\/vieassociative.be\/actualites\/#\/schema\/logo\/image\/"}},{"@type":"Person","@id":"https:\/\/vieassociative.be\/actualites\/#\/schema\/person\/b87ac4f82f9d4e7b7cec7395b679edc4","name":"Julien","image":{"@type":"ImageObject","inLanguage":"fr-BE","@id":"https:\/\/vieassociative.be\/actualites\/#\/schema\/person\/image\/","url":"https:\/\/vieassociative.be\/actualites\/wp-content\/uploads\/2024\/09\/vie-associative-1-150x150.jpg","contentUrl":"https:\/\/vieassociative.be\/actualites\/wp-content\/uploads\/2024\/09\/vie-associative-1-150x150.jpg","caption":"Julien"},"description":"Je suis Julien, r\u00e9dacteur pour Vie Associative. Passionn\u00e9 par le monde associatif depuis plus de 10 ans, j'ai \u00e0 c\u0153ur de partager des histoires inspirantes et de mettre en lumi\u00e8re les initiatives locales. Mon objectif est de sensibiliser et d'encourager l'engagement communautaire \u00e0 travers mes articles.","sameAs":["https:\/\/vieassociative.be\/"]}]}},"_links":{"self":[{"href":"https:\/\/vieassociative.be\/actualites\/wp-json\/wp\/v2\/posts\/8905"}],"collection":[{"href":"https:\/\/vieassociative.be\/actualites\/wp-json\/wp\/v2\/posts"}],"about":[{"href":"https:\/\/vieassociative.be\/actualites\/wp-json\/wp\/v2\/types\/post"}],"author":[{"embeddable":true,"href":"https:\/\/vieassociative.be\/actualites\/wp-json\/wp\/v2\/users\/1"}],"replies":[{"embeddable":true,"href":"https:\/\/vieassociative.be\/actualites\/wp-json\/wp\/v2\/comments?post=8905"}],"version-history":[{"count":0,"href":"https:\/\/vieassociative.be\/actualites\/wp-json\/wp\/v2\/posts\/8905\/revisions"}],"wp:featuredmedia":[{"embeddable":true,"href":"https:\/\/vieassociative.be\/actualites\/wp-json\/wp\/v2\/media\/8906"}],"wp:attachment":[{"href":"https:\/\/vieassociative.be\/actualites\/wp-json\/wp\/v2\/media?parent=8905"}],"wp:term":[{"taxonomy":"category","embeddable":true,"href":"https:\/\/vieassociative.be\/actualites\/wp-json\/wp\/v2\/categories?post=8905"},{"taxonomy":"post_tag","embeddable":true,"href":"https:\/\/vieassociative.be\/actualites\/wp-json\/wp\/v2\/tags?post=8905"}],"curies":[{"name":"wp","href":"https:\/\/api.w.org\/{rel}","templated":true}]}}