{"id":8901,"date":"2025-07-21T10:17:03","date_gmt":"2025-07-21T08:17:03","guid":{"rendered":"https:\/\/vieassociative.be\/actualites\/tim-wellens-gagne-dans-le-maillot-national-la-veille-de-la-fete-nationale-cinquieme-victoire-de-la-scene-belge\/"},"modified":"2025-07-21T10:17:03","modified_gmt":"2025-07-21T08:17:03","slug":"tim-wellens-gagne-dans-le-maillot-national-la-veille-de-la-fete-nationale-cinquieme-victoire-de-la-scene-belge","status":"publish","type":"post","link":"https:\/\/vieassociative.be\/actualites\/tim-wellens-gagne-dans-le-maillot-national-la-veille-de-la-fete-nationale-cinquieme-victoire-de-la-scene-belge\/","title":{"rendered":"Tim Wellens gagne dans le maillot national la veille de la f\u00eate nationale &#8211; cinqui\u00e8me victoire de la sc\u00e8ne belge"},"content":{"rendered":"<p><strong>Quiconque pensait qu&rsquo;apr\u00e8s la chute du Jasper tomb\u00e9 en panne Philipsen sur la 3e \u00e9tape et le Remco Evenepoel \u00e9puis\u00e9 sur la 14e \u00e9tape, le v\u00e9lo belge au Tour de France, \u00e0 l&rsquo;exception du vainqueur de deux temps Tim Merlier, n&rsquo;a pas beaucoup gagn\u00e9 dimanche. Le ma\u00eetre belge Tim Wellens a remport\u00e9 la 15e \u00e9tape la veille de la f\u00eate nationale.<\/strong><\/p>\n<p><span id=\"more-420526\"><\/span>Il s&rsquo;agit de la cinqui\u00e8me victoire de la sc\u00e8ne belge lors de ce tour de France avec quatre pilotes diff\u00e9rents: Philipsen, Merlier (deux fois), Minepoel et Wekens. Welens, \u00e2g\u00e9 de 34 ans, fait \u00e9galement partie du cercle des cyclistes qui ont r\u00e9ussi \u00e0 gagner au moins une \u00e9tape lors des trois tourn\u00e9es majeures (Giro, tourn\u00e9e et Vuelta).<\/p>\n<div id=\"attachment_420540\" class=\"wp-caption alignleft\" style=\"max-width: 300px\"><img fetchpriority=\"high\" decoding=\"async\" class=\"wp-image-420540 size-medium\" src=\"https:\/\/vieassociative.be\/actualites\/wp-content\/uploads\/2025\/07\/Tim-Wellens-gagne-dans-le-maillot-national-la-veille-de.jpg\" alt=\"\" width=\"300\" height=\"200\"><\/p>\n<p class=\"wp-caption-text\">20\/07\/2025, France, Carcassonne: Le pilote belge Tim Welens de l&rsquo;\u00e9quipe des EAU Emirates &#8211; l&rsquo;\u00e9quipe XRG applaudit apr\u00e8s l&rsquo;arriv\u00e9e. Photo: Mosa&rsquo;ab Elshamy \/ AP \/ DPA<\/p>\n<\/div>\n<p>Apr\u00e8s les Pyr\u00e9n\u00e9es, K\u00f6nigsepappe, qui a forc\u00e9 Remco Evenepoel \u00e0 la t\u00e2che (voir rapport ailleurs), le Peloton croyait se reposer \u00e0 nouveau sur la 15e \u00e9tape de Carcassonne. Loin de l\u00e0. Parce qu&rsquo;au d\u00e9but de la sc\u00e8ne, lorsque de nombreux conducteurs ont tent\u00e9 de se s\u00e9parer, une chute a divis\u00e9 le peloton en deux parties et a coup\u00e9 tous les rivaux de Tadej Pogacar, qui se sont rapidement retrouv\u00e9s pendant une minute derri\u00e8re le groupe sup\u00e9rieur.<\/p>\n<p>Pogacar, qui \u00e9tait devenu la victime d&rsquo;une chute il y a quelques jours, semblait avoir oubli\u00e9 que ses rivaux l&rsquo;attendaient ce jour-l\u00e0 et ne sont pas revenus. Il \u00e9tait n\u00e9cessaire d&rsquo;obtenir les diff\u00e9rentes \u00e9quipes formidables pour obtenir les Slovens, qui \u00e9tait le seul des 10 meilleurs non tomb\u00e9s.<\/p>\n<div id=\"attachment_420544\" class=\"wp-caption alignleft\" style=\"max-width: 300px\"><img decoding=\"async\" class=\"wp-image-420544 size-medium\" src=\"https:\/\/vieassociative.be\/actualites\/wp-content\/uploads\/2025\/07\/1753085823_648_Tim-Wellens-gagne-dans-le-maillot-national-la-veille-de.jpg\" alt=\"\" width=\"300\" height=\"200\"><\/p>\n<p class=\"wp-caption-text\">20\/07\/2025, France, Carcassonne: Le vainqueur de la sc\u00e8ne belge Tim Weelens applaudit sur le podium. Photo: Mosa&rsquo;ab Elshamy \/ AP \/ DPA<\/p>\n<\/div>\n<p>Dans le m\u00eame temps, un groupe de quinze conducteurs a r\u00e9ussi \u00e0 sortir une vraie avance. Cela comprenait les Belges Arnaud de Lie, Wout Van Aert, Victor Campenaerts et Tim Welens.<\/p>\n<p>Une quarantaine de kilom\u00e8tres avant la ligne d&rsquo;arriv\u00e9e, le virage d\u00e9cisif est venu lorsque Welens a quitt\u00e9 ses coll\u00e8gues avec une acc\u00e9l\u00e9ration rapide que personne ne pouvait suivre. Comme pour le championnat belge une semaine avant la tourn\u00e9e de la tourn\u00e9e, le professionnel du cyclisme de Sint-Truiden, qui avait port\u00e9 le maillot pointill\u00e9 comme le meilleur grimpeur pendant quelques jours, a augment\u00e9 progressivement plus d&rsquo;une minute, afin que les autres conducteurs au sommet ne puissent se battre que pour la place d&rsquo;honneur.<\/p>\n<p>Apr\u00e8s la journ\u00e9e de repos lundi, le Mont Ventoux est au programme le 16e \u00e9tape mardi avec le Mont Ventoux pour les pilotes et les fans. De Montpellier, il va \u00e0 plus de 171,5 kilom\u00e8tres jusqu&rsquo;\u00e0 l&rsquo;arriv\u00e9e de la montagne sur le l\u00e9gendaire Tour Classic \u00e0 1 910 m\u00e8tres. (Cre)<\/p>\n<p><em><strong>Sur le sujet, voir \u00e9galement l&rsquo;article suivant sur OD:<\/strong><\/em><\/p>\n<div class=\"responsive-embed widescreen\">\n<blockquote class=\"wp-embedded-content\" data-secret=\"E9pJR9ZfO3\">\n<p>Bang on the Tour: Remco Evenepoel abandonne &#8211; la Belgique perd \u00e9galement le blanc apr\u00e8s le maillot vert<\/p>\n<\/blockquote>\n<p><iframe loading=\"lazy\" class=\"wp-embedded-content\" sandbox=\"allow-scripts\" security=\"restricted\" style=\"position: absolute; visibility: hidden;\" title=\"\u201ePaukenschlag bei der Tour: Remco Evenepoel gibt auf \u2013 Nach Gr\u00fcnem Trikot verliert Belgien auch das Wei\u00dfe\u201c \u2014 Ostbelgien Direkt\" src=\"https:\/\/ostbelgiendirekt.be\/about:blank\" data-secret=\"E9pJR9ZfO3\" width=\"500\" height=\"282\" frameborder=\"0\" marginwidth=\"0\" marginheight=\"0\" scrolling=\"no\" data-rocket-lazyload=\"fitvidscompatible\" data-lazy-src=\"https:\/\/ostbelgiendirekt.be\/evenepoel-gibt-auf-420453\/embed#?secret=UDrLhTrErB#?secret=E9pJR9ZfO3\"><\/iframe><noscript><iframe class=\"wp-embedded-content\" sandbox=\"allow-scripts\" security=\"restricted\" style=\"position: absolute; visibility: hidden;\" title=\"\u201ePaukenschlag bei der Tour: Remco Evenepoel gibt auf \u2013 Nach Gr\u00fcnem Trikot verliert Belgien auch das Wei\u00dfe\u201c \u2014 Ostbelgien Direkt\" src=\"https:\/\/ostbelgiendirekt.be\/evenepoel-gibt-auf-420453\/embed#?secret=UDrLhTrErB#?secret=E9pJR9ZfO3\" data-secret=\"E9pJR9ZfO3\" width=\"500\" height=\"282\" frameborder=\"0\" marginwidth=\"0\" marginheight=\"0\" scrolling=\"no\"><\/iframe><\/noscript><\/p>\n<\/div>\n","protected":false},"excerpt":{"rendered":"<p>Quiconque pensait qu&rsquo;apr\u00e8s la chute du Jasper tomb\u00e9 en panne Philipsen sur la 3e \u00e9tape et le Remco Evenepoel \u00e9puis\u00e9 sur la 14e \u00e9tape, le<\/p>\n","protected":false},"author":1,"featured_media":8902,"comment_status":"","ping_status":"","sticky":false,"template":"","format":"standard","meta":{"footnotes":""},"categories":[298],"tags":[410,5514,166,1485,2299,2694,4580,538,4189,7587,4149,784,7843],"class_list":["post-8901","post","type-post","status-publish","format-standard","has-post-thumbnail","hentry","category-belgique","tag-belge","tag-cinquieme","tag-dans","tag-fete","tag-gagne","tag-maillot","tag-national","tag-nationale","tag-scene","tag-tim","tag-veille","tag-victoire","tag-wellens","generate-columns","tablet-grid-50","mobile-grid-100","grid-parent","grid-33"],"yoast_head":"<!-- This site is optimized with the Yoast SEO plugin v24.0 - https:\/\/yoast.com\/wordpress\/plugins\/seo\/ -->\n<title>Tim Wellens gagne dans le maillot national la veille de la f\u00eate nationale - cinqui\u00e8me victoire de la sc\u00e8ne belge | Vie Associative<\/title>\n<meta name=\"robots\" content=\"index, follow, max-snippet:-1, max-image-preview:large, max-video-preview:-1\" \/>\n<link rel=\"canonical\" href=\"https:\/\/vieassociative.be\/actualites\/tim-wellens-gagne-dans-le-maillot-national-la-veille-de-la-fete-nationale-cinquieme-victoire-de-la-scene-belge\/\" \/>\n<meta property=\"og:locale\" content=\"fr_FR\" \/>\n<meta property=\"og:type\" content=\"article\" \/>\n<meta property=\"og:title\" content=\"Tim Wellens gagne dans le maillot national la veille de la f\u00eate nationale - cinqui\u00e8me victoire de la sc\u00e8ne belge | Vie Associative\" \/>\n<meta property=\"og:description\" content=\"Quiconque pensait qu&rsquo;apr\u00e8s la chute du Jasper tomb\u00e9 en panne Philipsen sur la 3e \u00e9tape et le Remco Evenepoel \u00e9puis\u00e9 sur la 14e \u00e9tape, le\" \/>\n<meta property=\"og:url\" content=\"https:\/\/vieassociative.be\/actualites\/tim-wellens-gagne-dans-le-maillot-national-la-veille-de-la-fete-nationale-cinquieme-victoire-de-la-scene-belge\/\" \/>\n<meta property=\"og:site_name\" content=\"Vie Associative\" \/>\n<meta property=\"article:published_time\" content=\"2025-07-21T08:17:03+00:00\" \/>\n<meta property=\"og:image\" content=\"https:\/\/vieassociative.be\/actualites\/wp-content\/uploads\/2024\/09\/header_backgroundk-01-e1726694325946.png\" \/>\n\t<meta property=\"og:image:width\" content=\"279\" \/>\n\t<meta property=\"og:image:height\" content=\"92\" \/>\n\t<meta property=\"og:image:type\" content=\"image\/png\" \/>\n<meta name=\"author\" content=\"Julien\" \/>\n<meta name=\"twitter:card\" content=\"summary_large_image\" \/>\n<meta name=\"twitter:label1\" content=\"\u00c9crit par\" \/>\n\t<meta name=\"twitter:data1\" content=\"Julien\" \/>\n\t<meta name=\"twitter:label2\" content=\"Dur\u00e9e de lecture est.\" \/>\n\t<meta name=\"twitter:data2\" content=\"3 minutes\" \/>\n<script type=\"application\/ld+json\" class=\"yoast-schema-graph\">{\"@context\":\"https:\/\/schema.org\",\"@graph\":[{\"@type\":\"Article\",\"@id\":\"https:\/\/vieassociative.be\/actualites\/tim-wellens-gagne-dans-le-maillot-national-la-veille-de-la-fete-nationale-cinquieme-victoire-de-la-scene-belge\/#article\",\"isPartOf\":{\"@id\":\"https:\/\/vieassociative.be\/actualites\/tim-wellens-gagne-dans-le-maillot-national-la-veille-de-la-fete-nationale-cinquieme-victoire-de-la-scene-belge\/\"},\"author\":{\"name\":\"Julien\",\"@id\":\"https:\/\/vieassociative.be\/actualites\/#\/schema\/person\/b87ac4f82f9d4e7b7cec7395b679edc4\"},\"headline\":\"Tim Wellens gagne dans le maillot national la veille de la f\u00eate nationale &#8211; cinqui\u00e8me victoire de la sc\u00e8ne belge\",\"datePublished\":\"2025-07-21T08:17:03+00:00\",\"dateModified\":\"2025-07-21T08:17:03+00:00\",\"mainEntityOfPage\":{\"@id\":\"https:\/\/vieassociative.be\/actualites\/tim-wellens-gagne-dans-le-maillot-national-la-veille-de-la-fete-nationale-cinquieme-victoire-de-la-scene-belge\/\"},\"wordCount\":547,\"publisher\":{\"@id\":\"https:\/\/vieassociative.be\/actualites\/#organization\"},\"image\":{\"@id\":\"https:\/\/vieassociative.be\/actualites\/tim-wellens-gagne-dans-le-maillot-national-la-veille-de-la-fete-nationale-cinquieme-victoire-de-la-scene-belge\/#primaryimage\"},\"thumbnailUrl\":\"https:\/\/vieassociative.be\/actualites\/wp-content\/uploads\/2025\/07\/1753085823_Tim-Wellens-gagne-dans-le-maillot-national-la-veille-de.jpg\",\"keywords\":[\"belge\",\"cinqui\u00e8me\",\"dans\",\"f\u00eate\",\"gagn\u00e9\",\"maillot\",\"National\",\"nationale\",\"sc\u00e8ne\",\"Tim\",\"veille\",\"victoire\",\"Wellens\"],\"articleSection\":[\"Belgique\"],\"inLanguage\":\"fr-BE\"},{\"@type\":\"WebPage\",\"@id\":\"https:\/\/vieassociative.be\/actualites\/tim-wellens-gagne-dans-le-maillot-national-la-veille-de-la-fete-nationale-cinquieme-victoire-de-la-scene-belge\/\",\"url\":\"https:\/\/vieassociative.be\/actualites\/tim-wellens-gagne-dans-le-maillot-national-la-veille-de-la-fete-nationale-cinquieme-victoire-de-la-scene-belge\/\",\"name\":\"Tim Wellens gagne dans le maillot national la veille de la f\u00eate nationale - cinqui\u00e8me victoire de la sc\u00e8ne belge | Vie Associative\",\"isPartOf\":{\"@id\":\"https:\/\/vieassociative.be\/actualites\/#website\"},\"primaryImageOfPage\":{\"@id\":\"https:\/\/vieassociative.be\/actualites\/tim-wellens-gagne-dans-le-maillot-national-la-veille-de-la-fete-nationale-cinquieme-victoire-de-la-scene-belge\/#primaryimage\"},\"image\":{\"@id\":\"https:\/\/vieassociative.be\/actualites\/tim-wellens-gagne-dans-le-maillot-national-la-veille-de-la-fete-nationale-cinquieme-victoire-de-la-scene-belge\/#primaryimage\"},\"thumbnailUrl\":\"https:\/\/vieassociative.be\/actualites\/wp-content\/uploads\/2025\/07\/1753085823_Tim-Wellens-gagne-dans-le-maillot-national-la-veille-de.jpg\",\"datePublished\":\"2025-07-21T08:17:03+00:00\",\"dateModified\":\"2025-07-21T08:17:03+00:00\",\"breadcrumb\":{\"@id\":\"https:\/\/vieassociative.be\/actualites\/tim-wellens-gagne-dans-le-maillot-national-la-veille-de-la-fete-nationale-cinquieme-victoire-de-la-scene-belge\/#breadcrumb\"},\"inLanguage\":\"fr-BE\",\"potentialAction\":[{\"@type\":\"ReadAction\",\"target\":[\"https:\/\/vieassociative.be\/actualites\/tim-wellens-gagne-dans-le-maillot-national-la-veille-de-la-fete-nationale-cinquieme-victoire-de-la-scene-belge\/\"]}]},{\"@type\":\"ImageObject\",\"inLanguage\":\"fr-BE\",\"@id\":\"https:\/\/vieassociative.be\/actualites\/tim-wellens-gagne-dans-le-maillot-national-la-veille-de-la-fete-nationale-cinquieme-victoire-de-la-scene-belge\/#primaryimage\",\"url\":\"https:\/\/vieassociative.be\/actualites\/wp-content\/uploads\/2025\/07\/1753085823_Tim-Wellens-gagne-dans-le-maillot-national-la-veille-de.jpg\",\"contentUrl\":\"https:\/\/vieassociative.be\/actualites\/wp-content\/uploads\/2025\/07\/1753085823_Tim-Wellens-gagne-dans-le-maillot-national-la-veille-de.jpg\",\"width\":1200,\"height\":800,\"caption\":\"Tim Wellens gagne dans le maillot national la veille de la f\u00eate nationale - cinqui\u00e8me victoire de la sc\u00e8ne belge\"},{\"@type\":\"BreadcrumbList\",\"@id\":\"https:\/\/vieassociative.be\/actualites\/tim-wellens-gagne-dans-le-maillot-national-la-veille-de-la-fete-nationale-cinquieme-victoire-de-la-scene-belge\/#breadcrumb\",\"itemListElement\":[{\"@type\":\"ListItem\",\"position\":1,\"name\":\"Accueil\",\"item\":\"https:\/\/vieassociative.be\/actualites\/\"},{\"@type\":\"ListItem\",\"position\":2,\"name\":\"Tim Wellens gagne dans le maillot national la veille de la f\u00eate nationale &#8211; cinqui\u00e8me victoire de la sc\u00e8ne belge\"}]},{\"@type\":\"WebSite\",\"@id\":\"https:\/\/vieassociative.be\/actualites\/#website\",\"url\":\"https:\/\/vieassociative.be\/actualites\/\",\"name\":\"Vie Associative\",\"description\":\"\",\"publisher\":{\"@id\":\"https:\/\/vieassociative.be\/actualites\/#organization\"},\"potentialAction\":[{\"@type\":\"SearchAction\",\"target\":{\"@type\":\"EntryPoint\",\"urlTemplate\":\"https:\/\/vieassociative.be\/actualites\/?s={search_term_string}\"},\"query-input\":{\"@type\":\"PropertyValueSpecification\",\"valueRequired\":true,\"valueName\":\"search_term_string\"}}],\"inLanguage\":\"fr-BE\"},{\"@type\":\"Organization\",\"@id\":\"https:\/\/vieassociative.be\/actualites\/#organization\",\"name\":\"Vie Associative\",\"url\":\"https:\/\/vieassociative.be\/actualites\/\",\"logo\":{\"@type\":\"ImageObject\",\"inLanguage\":\"fr-BE\",\"@id\":\"https:\/\/vieassociative.be\/actualites\/#\/schema\/logo\/image\/\",\"url\":\"https:\/\/vieassociative.be\/actualites\/wp-content\/uploads\/2024\/09\/cropped-vieassociative_favicon.ico.png\",\"contentUrl\":\"https:\/\/vieassociative.be\/actualites\/wp-content\/uploads\/2024\/09\/cropped-vieassociative_favicon.ico.png\",\"width\":512,\"height\":512,\"caption\":\"Vie Associative\"},\"image\":{\"@id\":\"https:\/\/vieassociative.be\/actualites\/#\/schema\/logo\/image\/\"}},{\"@type\":\"Person\",\"@id\":\"https:\/\/vieassociative.be\/actualites\/#\/schema\/person\/b87ac4f82f9d4e7b7cec7395b679edc4\",\"name\":\"Julien\",\"image\":{\"@type\":\"ImageObject\",\"inLanguage\":\"fr-BE\",\"@id\":\"https:\/\/vieassociative.be\/actualites\/#\/schema\/person\/image\/\",\"url\":\"https:\/\/vieassociative.be\/actualites\/wp-content\/uploads\/2024\/09\/vie-associative-1-150x150.jpg\",\"contentUrl\":\"https:\/\/vieassociative.be\/actualites\/wp-content\/uploads\/2024\/09\/vie-associative-1-150x150.jpg\",\"caption\":\"Julien\"},\"description\":\"Je suis Julien, r\u00e9dacteur pour Vie Associative. Passionn\u00e9 par le monde associatif depuis plus de 10 ans, j'ai \u00e0 c\u0153ur de partager des histoires inspirantes et de mettre en lumi\u00e8re les initiatives locales. Mon objectif est de sensibiliser et d'encourager l'engagement communautaire \u00e0 travers mes articles.\",\"sameAs\":[\"https:\/\/vieassociative.be\/\"]}]}<\/script>\n<!-- \/ Yoast SEO plugin. -->","yoast_head_json":{"title":"Tim Wellens gagne dans le maillot national la veille de la f\u00eate nationale - cinqui\u00e8me victoire de la sc\u00e8ne belge | Vie Associative","robots":{"index":"index","follow":"follow","max-snippet":"max-snippet:-1","max-image-preview":"max-image-preview:large","max-video-preview":"max-video-preview:-1"},"canonical":"https:\/\/vieassociative.be\/actualites\/tim-wellens-gagne-dans-le-maillot-national-la-veille-de-la-fete-nationale-cinquieme-victoire-de-la-scene-belge\/","og_locale":"fr_FR","og_type":"article","og_title":"Tim Wellens gagne dans le maillot national la veille de la f\u00eate nationale - cinqui\u00e8me victoire de la sc\u00e8ne belge | Vie Associative","og_description":"Quiconque pensait qu&rsquo;apr\u00e8s la chute du Jasper tomb\u00e9 en panne Philipsen sur la 3e \u00e9tape et le Remco Evenepoel \u00e9puis\u00e9 sur la 14e \u00e9tape, le","og_url":"https:\/\/vieassociative.be\/actualites\/tim-wellens-gagne-dans-le-maillot-national-la-veille-de-la-fete-nationale-cinquieme-victoire-de-la-scene-belge\/","og_site_name":"Vie Associative","article_published_time":"2025-07-21T08:17:03+00:00","og_image":[{"width":279,"height":92,"url":"https:\/\/vieassociative.be\/actualites\/wp-content\/uploads\/2024\/09\/header_backgroundk-01-e1726694325946.png","type":"image\/png"}],"author":"Julien","twitter_card":"summary_large_image","twitter_misc":{"\u00c9crit par":"Julien","Dur\u00e9e de lecture est.":"3 minutes"},"schema":{"@context":"https:\/\/schema.org","@graph":[{"@type":"Article","@id":"https:\/\/vieassociative.be\/actualites\/tim-wellens-gagne-dans-le-maillot-national-la-veille-de-la-fete-nationale-cinquieme-victoire-de-la-scene-belge\/#article","isPartOf":{"@id":"https:\/\/vieassociative.be\/actualites\/tim-wellens-gagne-dans-le-maillot-national-la-veille-de-la-fete-nationale-cinquieme-victoire-de-la-scene-belge\/"},"author":{"name":"Julien","@id":"https:\/\/vieassociative.be\/actualites\/#\/schema\/person\/b87ac4f82f9d4e7b7cec7395b679edc4"},"headline":"Tim Wellens gagne dans le maillot national la veille de la f\u00eate nationale &#8211; cinqui\u00e8me victoire de la sc\u00e8ne belge","datePublished":"2025-07-21T08:17:03+00:00","dateModified":"2025-07-21T08:17:03+00:00","mainEntityOfPage":{"@id":"https:\/\/vieassociative.be\/actualites\/tim-wellens-gagne-dans-le-maillot-national-la-veille-de-la-fete-nationale-cinquieme-victoire-de-la-scene-belge\/"},"wordCount":547,"publisher":{"@id":"https:\/\/vieassociative.be\/actualites\/#organization"},"image":{"@id":"https:\/\/vieassociative.be\/actualites\/tim-wellens-gagne-dans-le-maillot-national-la-veille-de-la-fete-nationale-cinquieme-victoire-de-la-scene-belge\/#primaryimage"},"thumbnailUrl":"https:\/\/vieassociative.be\/actualites\/wp-content\/uploads\/2025\/07\/1753085823_Tim-Wellens-gagne-dans-le-maillot-national-la-veille-de.jpg","keywords":["belge","cinqui\u00e8me","dans","f\u00eate","gagn\u00e9","maillot","National","nationale","sc\u00e8ne","Tim","veille","victoire","Wellens"],"articleSection":["Belgique"],"inLanguage":"fr-BE"},{"@type":"WebPage","@id":"https:\/\/vieassociative.be\/actualites\/tim-wellens-gagne-dans-le-maillot-national-la-veille-de-la-fete-nationale-cinquieme-victoire-de-la-scene-belge\/","url":"https:\/\/vieassociative.be\/actualites\/tim-wellens-gagne-dans-le-maillot-national-la-veille-de-la-fete-nationale-cinquieme-victoire-de-la-scene-belge\/","name":"Tim Wellens gagne dans le maillot national la veille de la f\u00eate nationale - cinqui\u00e8me victoire de la sc\u00e8ne belge | Vie Associative","isPartOf":{"@id":"https:\/\/vieassociative.be\/actualites\/#website"},"primaryImageOfPage":{"@id":"https:\/\/vieassociative.be\/actualites\/tim-wellens-gagne-dans-le-maillot-national-la-veille-de-la-fete-nationale-cinquieme-victoire-de-la-scene-belge\/#primaryimage"},"image":{"@id":"https:\/\/vieassociative.be\/actualites\/tim-wellens-gagne-dans-le-maillot-national-la-veille-de-la-fete-nationale-cinquieme-victoire-de-la-scene-belge\/#primaryimage"},"thumbnailUrl":"https:\/\/vieassociative.be\/actualites\/wp-content\/uploads\/2025\/07\/1753085823_Tim-Wellens-gagne-dans-le-maillot-national-la-veille-de.jpg","datePublished":"2025-07-21T08:17:03+00:00","dateModified":"2025-07-21T08:17:03+00:00","breadcrumb":{"@id":"https:\/\/vieassociative.be\/actualites\/tim-wellens-gagne-dans-le-maillot-national-la-veille-de-la-fete-nationale-cinquieme-victoire-de-la-scene-belge\/#breadcrumb"},"inLanguage":"fr-BE","potentialAction":[{"@type":"ReadAction","target":["https:\/\/vieassociative.be\/actualites\/tim-wellens-gagne-dans-le-maillot-national-la-veille-de-la-fete-nationale-cinquieme-victoire-de-la-scene-belge\/"]}]},{"@type":"ImageObject","inLanguage":"fr-BE","@id":"https:\/\/vieassociative.be\/actualites\/tim-wellens-gagne-dans-le-maillot-national-la-veille-de-la-fete-nationale-cinquieme-victoire-de-la-scene-belge\/#primaryimage","url":"https:\/\/vieassociative.be\/actualites\/wp-content\/uploads\/2025\/07\/1753085823_Tim-Wellens-gagne-dans-le-maillot-national-la-veille-de.jpg","contentUrl":"https:\/\/vieassociative.be\/actualites\/wp-content\/uploads\/2025\/07\/1753085823_Tim-Wellens-gagne-dans-le-maillot-national-la-veille-de.jpg","width":1200,"height":800,"caption":"Tim Wellens gagne dans le maillot national la veille de la f\u00eate nationale - cinqui\u00e8me victoire de la sc\u00e8ne belge"},{"@type":"BreadcrumbList","@id":"https:\/\/vieassociative.be\/actualites\/tim-wellens-gagne-dans-le-maillot-national-la-veille-de-la-fete-nationale-cinquieme-victoire-de-la-scene-belge\/#breadcrumb","itemListElement":[{"@type":"ListItem","position":1,"name":"Accueil","item":"https:\/\/vieassociative.be\/actualites\/"},{"@type":"ListItem","position":2,"name":"Tim Wellens gagne dans le maillot national la veille de la f\u00eate nationale &#8211; cinqui\u00e8me victoire de la sc\u00e8ne belge"}]},{"@type":"WebSite","@id":"https:\/\/vieassociative.be\/actualites\/#website","url":"https:\/\/vieassociative.be\/actualites\/","name":"Vie Associative","description":"","publisher":{"@id":"https:\/\/vieassociative.be\/actualites\/#organization"},"potentialAction":[{"@type":"SearchAction","target":{"@type":"EntryPoint","urlTemplate":"https:\/\/vieassociative.be\/actualites\/?s={search_term_string}"},"query-input":{"@type":"PropertyValueSpecification","valueRequired":true,"valueName":"search_term_string"}}],"inLanguage":"fr-BE"},{"@type":"Organization","@id":"https:\/\/vieassociative.be\/actualites\/#organization","name":"Vie Associative","url":"https:\/\/vieassociative.be\/actualites\/","logo":{"@type":"ImageObject","inLanguage":"fr-BE","@id":"https:\/\/vieassociative.be\/actualites\/#\/schema\/logo\/image\/","url":"https:\/\/vieassociative.be\/actualites\/wp-content\/uploads\/2024\/09\/cropped-vieassociative_favicon.ico.png","contentUrl":"https:\/\/vieassociative.be\/actualites\/wp-content\/uploads\/2024\/09\/cropped-vieassociative_favicon.ico.png","width":512,"height":512,"caption":"Vie Associative"},"image":{"@id":"https:\/\/vieassociative.be\/actualites\/#\/schema\/logo\/image\/"}},{"@type":"Person","@id":"https:\/\/vieassociative.be\/actualites\/#\/schema\/person\/b87ac4f82f9d4e7b7cec7395b679edc4","name":"Julien","image":{"@type":"ImageObject","inLanguage":"fr-BE","@id":"https:\/\/vieassociative.be\/actualites\/#\/schema\/person\/image\/","url":"https:\/\/vieassociative.be\/actualites\/wp-content\/uploads\/2024\/09\/vie-associative-1-150x150.jpg","contentUrl":"https:\/\/vieassociative.be\/actualites\/wp-content\/uploads\/2024\/09\/vie-associative-1-150x150.jpg","caption":"Julien"},"description":"Je suis Julien, r\u00e9dacteur pour Vie Associative. Passionn\u00e9 par le monde associatif depuis plus de 10 ans, j'ai \u00e0 c\u0153ur de partager des histoires inspirantes et de mettre en lumi\u00e8re les initiatives locales. Mon objectif est de sensibiliser et d'encourager l'engagement communautaire \u00e0 travers mes articles.","sameAs":["https:\/\/vieassociative.be\/"]}]}},"_links":{"self":[{"href":"https:\/\/vieassociative.be\/actualites\/wp-json\/wp\/v2\/posts\/8901"}],"collection":[{"href":"https:\/\/vieassociative.be\/actualites\/wp-json\/wp\/v2\/posts"}],"about":[{"href":"https:\/\/vieassociative.be\/actualites\/wp-json\/wp\/v2\/types\/post"}],"author":[{"embeddable":true,"href":"https:\/\/vieassociative.be\/actualites\/wp-json\/wp\/v2\/users\/1"}],"replies":[{"embeddable":true,"href":"https:\/\/vieassociative.be\/actualites\/wp-json\/wp\/v2\/comments?post=8901"}],"version-history":[{"count":0,"href":"https:\/\/vieassociative.be\/actualites\/wp-json\/wp\/v2\/posts\/8901\/revisions"}],"wp:featuredmedia":[{"embeddable":true,"href":"https:\/\/vieassociative.be\/actualites\/wp-json\/wp\/v2\/media\/8902"}],"wp:attachment":[{"href":"https:\/\/vieassociative.be\/actualites\/wp-json\/wp\/v2\/media?parent=8901"}],"wp:term":[{"taxonomy":"category","embeddable":true,"href":"https:\/\/vieassociative.be\/actualites\/wp-json\/wp\/v2\/categories?post=8901"},{"taxonomy":"post_tag","embeddable":true,"href":"https:\/\/vieassociative.be\/actualites\/wp-json\/wp\/v2\/tags?post=8901"}],"curies":[{"name":"wp","href":"https:\/\/api.w.org\/{rel}","templated":true}]}}