{"id":8898,"date":"2025-07-21T08:17:36","date_gmt":"2025-07-21T06:17:36","guid":{"rendered":"https:\/\/vieassociative.be\/actualites\/les-connexions-du-nyt-daujourdhui-indiquent-et-repondent-pour-le-lundi-21-juillet-2025\/"},"modified":"2025-07-21T08:17:36","modified_gmt":"2025-07-21T06:17:36","slug":"les-connexions-du-nyt-daujourdhui-indiquent-et-repondent-pour-le-lundi-21-juillet-2025","status":"publish","type":"post","link":"https:\/\/vieassociative.be\/actualites\/les-connexions-du-nyt-daujourdhui-indiquent-et-repondent-pour-le-lundi-21-juillet-2025\/","title":{"rendered":"Les connexions du NYT d&rsquo;aujourd&rsquo;hui indiquent (et r\u00e9pondent) pour le lundi 21 juillet 2025"},"content":{"rendered":"<div class=\"mt-4 leading-6 md:mb-8\">Voici quelques conseils pour vous aider \u00e0 gagner les connexions NYT # 771.<\/div>\n<p><\/p>\n<p>Si vous recherchez la r\u00e9ponse des connexions pour le lundi 21 juillet 2025, lisez la suite &#8211; je partagerai quelques indices, conseils et strat\u00e9gies, et enfin les solutions aux quatre cat\u00e9gories. En cours de route, je vais expliquer la signification des mots les plus d\u00e9licats et nous apprendrons comment tout va ensemble. <strong>M\u00e9fiez-vous, il y a des spoilers ci-dessous pour le 21 juillet, NYT Connections # 771! <\/strong>Lisez la suite si vous voulez quelques indices (puis la r\u00e9ponse) au jeu des connexions d&rsquo;aujourd&rsquo;hui. <\/p>\n<p>Si vous voulez un moyen facile de revenir \u00e0 nos connexions, indique chaque jour, mettant en signet cette page. (Si vous jouez \u00e0 Bordle et aux brins, consultez \u00e9galement nos conseils pour ces jeux.) <\/p>\n<p>Ci-dessous, je vais vous donner quelques conseils obliques aux r\u00e9ponses des connexions d&rsquo;aujourd&rsquo;hui. Et plus loin sur la page, je vais r\u00e9v\u00e9ler les th\u00e8mes et les r\u00e9ponses. Faites d\u00e9filer lentement et prenez les indices dont vous avez besoin!<\/p>\n<div class=\"eloquent-imagery-image\">\n<div class=\"flex justify-center\">\n                    <img decoding=\"async\" class=\"border border-gray-100\" src=\"https:\/\/vieassociative.be\/actualites\/wp-content\/uploads\/2025\/07\/1753078656_219_Les-connexions-du-NYT-daujourdhui-indiquent-et-repondent-pour-le.png\" alt=\"NYT Connections Board pour le 21 juillet 2025: cong\u00e9lation, pied, extra, contraction, gla\u00e7age, retrait, condensation, fonte, possessive, yada yada, bonus, remise en \u00e9tat, festivus, citation, sauce, vaporisation.\" width=\"2000\" height=\"1133\" loading=\"lazy\"  >\n            <\/div>\n<\/p><\/div>\n<hr>\n<h2 id=\"the-category-types-in-todays-connections-puzzle\">Les cat\u00e9gories types dans le puzzle des connexions d&rsquo;aujourd&rsquo;hui<\/h2>\n<p>Voici des conseils sans spoiler qui d\u00e9crivent le type de chaque cat\u00e9gorie dans les connexions d&rsquo;aujourd&rsquo;hui:<\/p>\n<ul>\n<li>\n<p>Cat\u00e9gorie jaune &#8211; Noms similaires.<\/p>\n<\/li>\n<li>\n<p>Cat\u00e9gorie verte &#8211; Noms similaires.<\/p>\n<\/li>\n<li>\n<p>Cat\u00e9gorie bleue &#8211; Culture pop.<\/p>\n<\/li>\n<li>\n<p>Cat\u00e9gorie violette &#8211; m\u00eame symbole.<\/p>\n<\/li>\n<\/ul>\n<hr>\n<h2 id=\"hints-for-the-themes-in-todays-connections-puzzle\">Conseils pour les th\u00e8mes du puzzle des connexions d&rsquo;aujourd&rsquo;hui<\/h2>\n<p>Voici quelques conseils sans spoiler pour les groupements dans les connexions d&rsquo;aujourd&rsquo;hui:<\/p>\n<ul>\n<li>\n<p>Cat\u00e9gorie jaune &#8211; un avantage. <\/p>\n<\/li>\n<li>\n<p>Cat\u00e9gorie verte &#8211; caus\u00e9e par le changement de temp\u00e9rature.<\/p>\n<\/li>\n<li>\n<p>Cat\u00e9gorie bleue &#8211; choses embl\u00e9matiques de sitcom.<\/p>\n<\/li>\n<li>\n<p>Cat\u00e9gorie violette &#8211; ils se rapportent tous \u00e0 une cl\u00e9 de votre clavier.<\/p>\n<\/li>\n<\/ul>\n<hr>\n<h2 id=\"beware-spoilers-follow-for-todays-connections-puzzle\">Attention: les spoilers suivent le puzzle des connexions d&rsquo;aujourd&rsquo;hui!<\/h2>\n<p>Nous sommes sur le point de donner certaines des r\u00e9ponses. Faites d\u00e9filer lentement si vous ne voulez pas que le tout soit g\u00e2t\u00e9. (La solution compl\u00e8te est un peu plus bas.)<\/p>\n<h2 id=\"a-heads-up-about-the-tricky-parts\">Une t\u00eate sur les parties d\u00e9licates<\/h2>\n<p>Le gla\u00e7age ne va pas avec le gel.<\/p>\n<p>Le r\u00e9tr\u00e9cissement est un effet secondaire anatomique malheureux de l&rsquo;eau froide, comme l&rsquo;explique George Costanza. <\/p>\n<p>Le pied fait r\u00e9f\u00e9rence \u00e0 une unit\u00e9 de mesure.<\/p>\n<h2 id=\"what-are-the-categories-in-todays-connections\">Quelles sont les cat\u00e9gories des connexions d&rsquo;aujourd&rsquo;hui?<\/h2>\n<ul>\n<li>\n<p>Jaune: avantage suppl\u00e9mentaire<\/p>\n<\/li>\n<li>\n<p>Vert: transitions de phase pour les liquides<\/p>\n<\/li>\n<li>\n<p>Bleu: Concepts de \u00abSeinfeld\u00bb<\/p>\n<\/li>\n<li>\n<p>Violet: qu&rsquo;est-ce que \u00ab\u00a0peut indiquer<\/p>\n<\/li>\n<\/ul>\n<h2 id=\"double-beware-the-solution-is-below\">Double m\u00e9fiez-vous: la solution est ci-dessous<\/h2>\n<p>Pr\u00eat \u00e0 apprendre les r\u00e9ponses au puzzle des connexions d&rsquo;aujourd&rsquo;hui? Je les donne tous loin ci-dessous.<\/p>\n<h3>Quels sont les mots jaunes dans les connexions d&rsquo;aujourd&rsquo;hui?<\/h3>\n<p>Le regroupement jaune est consid\u00e9r\u00e9 comme le plus simple. Le th\u00e8me du groupe jaune d&rsquo;aujourd&rsquo;hui est un avantage suppl\u00e9mentaire et les mots sont: bonus, extra, sauce, gla\u00e7age.<\/p>\n<h3>Quels sont les mots verts dans les connexions d&rsquo;aujourd&rsquo;hui?<\/h3>\n<p>Le regroupement vert est cens\u00e9 \u00eatre le deuxi\u00e8me. Le th\u00e8me de la cat\u00e9gorie verte d&rsquo;aujourd&rsquo;hui est les transitions de phase pour les liquides et les mots sont: la condensation, le gel, la fusion, la vaporisation.<\/p>\n<h3>Quels sont les mots bleus dans les connexions d&rsquo;aujourd&rsquo;hui?<\/h3>\n<p>Le regroupement bleu est le deuxi\u00e8me plus dur. Le th\u00e8me de la cat\u00e9gorie bleue d&rsquo;aujourd&rsquo;hui est les concepts de \u00abSeinfeld\u00bb et les mots sont: Festivus, Regifting, retrait, yada yada.<\/p>\n<h3>Quels sont les mots violets dans les connexions d&rsquo;aujourd&rsquo;hui?<\/h3>\n<p>Le regroupement violet est consid\u00e9r\u00e9 comme le plus difficile. Le th\u00e8me de la cat\u00e9gorie violette d&rsquo;aujourd&rsquo;hui est ce que \u00abpeut indiquer et les mots sont: la contraction, le pied, la possessive, la citation.<\/p>\n<h2 id=\"how-i-solved-todays-connections\">Comment j&rsquo;ai r\u00e9solu les connexions d&rsquo;aujourd&rsquo;hui<\/h2>\n<p>Il semble qu&rsquo;il y ait une cat\u00e9gorie de moments embl\u00e9matiques de <em>Seinfeld<\/em>: R\u00e9tr\u00e9cissement, yada yada, festivus et regifting. \ud83d\udfe6<\/p>\n<p>Je pense qu&rsquo;il y a aussi une cat\u00e9gorie de grammaire, avec possessive et contraction. Je ne sais pas encore ce qui va avec. Citation et pied, peut-\u00eatre, pour une cat\u00e9gorie de mots de grammaire? Oh, ce sont des choses qu&rsquo;une apostrophe peut indiquer. \ud83d\udfea Une apostrophe peut faire quelque chose de possessif, comme \u00abTim&rsquo;s Coffee\u00bb; Une apostrophe peut indiquer une citation ou un dialogue; Cela peut indiquer une contraction, comme c&rsquo;est le cas; Et cela peut indiquer une mesure des pieds, comme 5 &lsquo;. <\/p>\n<div class=\"pogoClear relative my-10 border-b-(1.5px) border-t-(1.5px) border-dashed border-black py-5 sm:my-14 sm:border-0 sm:py-0\" data-ga-click data-ga-template=\"Explainers\" data-ga-module=\"openweb_widget\" data-ga-element=\"openweb_scroll\" data-ga-item=\"openweb_scroll_midpage\" x-data=\"{\n         commentsCount: null,\n         hasComments: false,\n         async fetchCommentsCount() {\n             try {\n                 if (window.openweb &amp;&amp; typeof window.openweb.getMessagesCount === 'function') {\n                     this.commentsCount = await window.openweb.getMessagesCount('124227');\n                     this.hasComments = this.commentsCount !== null &amp;&amp; this.commentsCount &gt; 0;\n                 }\n             } catch (e) {\n                 console.warn('Failed to fetch comment count:', e);\n             }\n         }\n     }\" x-init=\"fetchCommentsCount()\" x-cloak><\/p>\n<div class=\"absolute top-1\/2 hidden w-full -translate-y-1\/2 border-t-(1.5px) border-dashed border-black sm:block\"><\/div>\n<div class=\"relative flex justify-center\">\n<div class=\"flex max-w-fit items-center gap-x-3 bg-white px-5\">\n<div class=\"relative\">\n                <span class=\"absolute left-1\/2 top-1\/2 -translate-x-1\/2 -translate-y-1\/2 font-akshar text-sm font-medium text-black\" aria-live=\"polite\" x-show=\"hasComments\" x-text=\"commentsCount\"><\/span><\/p>\n<p>                <svg class=\"h-8 w-8 text-black\" role=\"img\" aria-hidden=\"true\">\n                    <use href=\"http:\/\/lifehacker.com\/images\/icons\/spritemap.svg#sprite-chat-bubble\"><\/use>\n                <\/svg>\n            <\/div>\n<p>            <span class=\"text-sm font-medium text-black\"><\/p>\n<p>                Que pensez-vous jusqu&rsquo;\u00e0 pr\u00e9sent?<br \/>\n                <button class=\"ml-1 font-semibold text-brand-green underline hover:text-brand-green-700\" type=\"button\" aria-label=\"Comment section trigger\" onclick=\"window.openweb.scrollToComments('124227')\" x-text=\"hasComments ? 'Post a comment.' : 'Be the first to post a comment.'\"><\/button><br \/>\n            <\/span>\n        <\/div>\n<\/p><\/div>\n<\/div>\n<p>Je pensais que le givrage et le gel pourraient aller ensemble, mais maintenant je vois que le gel va avec la condensation, la fusion et la vaporisation, qui d\u00e9crivent toutes les transformations des liquides. \ud83d\udfe9<\/p>\n<p>Cela laisse le gla\u00e7age, le bonus, la sauce et le plus, qui se r\u00e9f\u00e8rent tous \u00e0 quelque chose de bien inattendu, ajout\u00e9 \u00e0 une situation. \ud83d\udfe8<\/p>\n<pre class=\"border-2 border-gray-400 bg-gray-100 p-4 text-black shadow-md\">Connections\nPuzzle #771\n\ud83d\udfe6\ud83d\udfe6\ud83d\udfe6\ud83d\udfe6\n\ud83d\udfea\ud83d\udfea\ud83d\udfea\ud83d\udfea\n\ud83d\udfe9\ud83d\udfe9\ud83d\udfe9\ud83d\udfe9\n\ud83d\udfe8\ud83d\udfe8\ud83d\udfe8\ud83d\udfe8<\/pre>\n<h2 id=\"how-to-play-connections\">Comment jouer aux connexions<\/h2>\n<p>J&rsquo;ai un guide complet pour jouer des connexions, mais voici un rafra\u00eechissement sur les r\u00e8gles:<\/p>\n<p>Tout d&rsquo;abord, trouvez le jeu Connections sur le site Web du New York Times ou dans leur application de jeux (anciennement l&rsquo;application Crossword). Vous verrez un plateau de jeu avec 16 carreaux, chacun avec un mot ou une phrase. Votre travail consiste \u00e0 s\u00e9lectionner un groupe de quatre tuiles qui ont quelque chose en commun. Souvent, ils sont tous du m\u00eame type de chose (par exemple: la pluie, le gr\u00e9sil, la gr\u00eale et la neige sont tous des types de temps humide) mais parfois il y a un jeu de mots impliqu\u00e9 (par exemple, seau, invit\u00e9, dix premiers et souhaits sont tous des types de types de <em>listes<\/em>: liste de seaux, liste d&rsquo;invit\u00e9s, etc.).<\/p>\n<p>S\u00e9lectionnez quatre \u00e9l\u00e9ments et appuyez sur le bouton Soumettre. Si vous avez devin\u00e9 correctement, la cat\u00e9gorie et la couleur seront r\u00e9v\u00e9l\u00e9es. (Le jaune est plus facile, suivi du vert, puis bleu, puis violet.) Si votre supposition \u00e9tait incorrecte, vous aurez la chance de r\u00e9essayer.<\/p>\n<p>Vous gagnez lorsque vous avez correctement identifi\u00e9 les quatre groupes. Mais si vous faites quatre erreurs avant de terminer, le jeu se termine et les r\u00e9ponses sont r\u00e9v\u00e9l\u00e9es.<\/p>\n<h2 id=\"how-to-win-connections\">Comment gagner des connexions<\/h2>\n<p>La chose la plus importante \u00e0 savoir pour gagner des connexions est que les groupements sont con\u00e7us pour \u00eatre d\u00e9licats. Attendez-vous \u00e0 voir des groupes qui se chevauchent. Par exemple, un puzzle semblait inclure six aliments de petit-d\u00e9jeuner: bacon, \u0153uf, cr\u00eape, omelette, gaufre et c\u00e9r\u00e9ales. Mais Bacon s&rsquo;est av\u00e9r\u00e9 faire partie d&rsquo;un groupe de peintres avec Close, Munch et Whistler, et Egg \u00e9tait dans un groupe de choses qui viennent par la douzaine (avec le jur\u00e9, la rose et le mois). Alors ne frappez pas \u00absoumettre\u00bb jusqu&rsquo;\u00e0 ce que vous ayez confirm\u00e9 que votre groupe de quatre contient <em>seulement<\/em> ces quatre choses.<\/p>\n<p>Si vous \u00eates coinc\u00e9, une autre strat\u00e9gie consiste \u00e0 regarder les mots qui semblent avoir <em>Non<\/em> connexion aux autres. Si tout ce qui vous vient \u00e0 l&rsquo;esprit lorsque vous voyez Whistler est la peinture surnomm\u00e9e \u00abM\u00e8re de Whistler\u00bb, vous pourriez \u00eatre sur quelque chose. Quand j&rsquo;ai r\u00e9solu celui-l\u00e0, j&rsquo;ai fini par googler s&rsquo;il y avait un peintre nomm\u00e9 Close, car Close ne correspondait pas non plus aux th\u00e8mes \u00e9vidents.<\/p>\n<p>Une autre fa\u00e7on de gagner lorsque vous \u00eates coinc\u00e9 est, \u00e9videmment, de lire quelques conseils utiles &#8211; c&rsquo;est pourquoi nous partageons ces pointeurs chaque jour. Revenez demain pour le prochain puzzle!<\/p>\n<p>Pas le jour que vous recherchez? Voici la solution aux connexions d&rsquo;hier.<\/p>\n","protected":false},"excerpt":{"rendered":"<p>Voici quelques conseils pour vous aider \u00e0 gagner les connexions NYT # 771. Si vous recherchez la r\u00e9ponse des connexions pour le lundi 21 juillet<\/p>\n","protected":false},"author":1,"featured_media":8899,"comment_status":"","ping_status":"","sticky":false,"template":"","format":"standard","meta":{"footnotes":""},"categories":[36],"tags":[3063,134,4922,3153,14,550,1406,81,1340],"class_list":["post-8898","post","type-post","status-publish","format-standard","has-post-thumbnail","hentry","category-divertissement","tag-connexions","tag-daujourdhui","tag-indiquent","tag-juillet","tag-les","tag-lundi","tag-nyt","tag-pour","tag-repondent","generate-columns","tablet-grid-50","mobile-grid-100","grid-parent","grid-33"],"yoast_head":"<!-- This site is optimized with the Yoast SEO plugin v24.0 - https:\/\/yoast.com\/wordpress\/plugins\/seo\/ -->\n<title>Les connexions du NYT d&#039;aujourd&#039;hui indiquent (et r\u00e9pondent) pour le lundi 21 juillet 2025 | Vie Associative<\/title>\n<meta name=\"robots\" content=\"index, follow, max-snippet:-1, max-image-preview:large, max-video-preview:-1\" \/>\n<link rel=\"canonical\" href=\"https:\/\/vieassociative.be\/actualites\/les-connexions-du-nyt-daujourdhui-indiquent-et-repondent-pour-le-lundi-21-juillet-2025\/\" \/>\n<meta property=\"og:locale\" content=\"fr_FR\" \/>\n<meta property=\"og:type\" content=\"article\" \/>\n<meta property=\"og:title\" content=\"Les connexions du NYT d&#039;aujourd&#039;hui indiquent (et r\u00e9pondent) pour le lundi 21 juillet 2025 | Vie Associative\" \/>\n<meta property=\"og:description\" content=\"Voici quelques conseils pour vous aider \u00e0 gagner les connexions NYT # 771. Si vous recherchez la r\u00e9ponse des connexions pour le lundi 21 juillet\" \/>\n<meta property=\"og:url\" content=\"https:\/\/vieassociative.be\/actualites\/les-connexions-du-nyt-daujourdhui-indiquent-et-repondent-pour-le-lundi-21-juillet-2025\/\" \/>\n<meta property=\"og:site_name\" content=\"Vie Associative\" \/>\n<meta property=\"article:published_time\" content=\"2025-07-21T06:17:36+00:00\" \/>\n<meta property=\"og:image\" content=\"https:\/\/vieassociative.be\/actualites\/wp-content\/uploads\/2025\/07\/1753078656_219_Les-connexions-du-NYT-daujourdhui-indiquent-et-repondent-pour-le.png\" \/>\n<meta name=\"author\" content=\"Julien\" \/>\n<meta name=\"twitter:card\" content=\"summary_large_image\" \/>\n<meta name=\"twitter:label1\" content=\"\u00c9crit par\" \/>\n\t<meta name=\"twitter:data1\" content=\"Julien\" \/>\n\t<meta name=\"twitter:label2\" content=\"Dur\u00e9e de lecture est.\" \/>\n\t<meta name=\"twitter:data2\" content=\"6 minutes\" \/>\n<script type=\"application\/ld+json\" class=\"yoast-schema-graph\">{\"@context\":\"https:\/\/schema.org\",\"@graph\":[{\"@type\":\"Article\",\"@id\":\"https:\/\/vieassociative.be\/actualites\/les-connexions-du-nyt-daujourdhui-indiquent-et-repondent-pour-le-lundi-21-juillet-2025\/#article\",\"isPartOf\":{\"@id\":\"https:\/\/vieassociative.be\/actualites\/les-connexions-du-nyt-daujourdhui-indiquent-et-repondent-pour-le-lundi-21-juillet-2025\/\"},\"author\":{\"name\":\"Julien\",\"@id\":\"https:\/\/vieassociative.be\/actualites\/#\/schema\/person\/b87ac4f82f9d4e7b7cec7395b679edc4\"},\"headline\":\"Les connexions du NYT d&rsquo;aujourd&rsquo;hui indiquent (et r\u00e9pondent) pour le lundi 21 juillet 2025\",\"datePublished\":\"2025-07-21T06:17:36+00:00\",\"dateModified\":\"2025-07-21T06:17:36+00:00\",\"mainEntityOfPage\":{\"@id\":\"https:\/\/vieassociative.be\/actualites\/les-connexions-du-nyt-daujourdhui-indiquent-et-repondent-pour-le-lundi-21-juillet-2025\/\"},\"wordCount\":1297,\"publisher\":{\"@id\":\"https:\/\/vieassociative.be\/actualites\/#organization\"},\"image\":{\"@id\":\"https:\/\/vieassociative.be\/actualites\/les-connexions-du-nyt-daujourdhui-indiquent-et-repondent-pour-le-lundi-21-juillet-2025\/#primaryimage\"},\"thumbnailUrl\":\"https:\/\/vieassociative.be\/actualites\/wp-content\/uploads\/2025\/07\/1753078657_Les-connexions-du-NYT-daujourdhui-indiquent-et-repondent-pour-le.jpg\",\"keywords\":[\"connexions\",\"daujourdhui\",\"indiquent\",\"juillet\",\"Les\",\"lundi\",\"NYT\",\"pour\",\"r\u00e9pondent\"],\"articleSection\":[\"Divertissement\"],\"inLanguage\":\"fr-BE\"},{\"@type\":\"WebPage\",\"@id\":\"https:\/\/vieassociative.be\/actualites\/les-connexions-du-nyt-daujourdhui-indiquent-et-repondent-pour-le-lundi-21-juillet-2025\/\",\"url\":\"https:\/\/vieassociative.be\/actualites\/les-connexions-du-nyt-daujourdhui-indiquent-et-repondent-pour-le-lundi-21-juillet-2025\/\",\"name\":\"Les connexions du NYT d'aujourd'hui indiquent (et r\u00e9pondent) pour le lundi 21 juillet 2025 | Vie Associative\",\"isPartOf\":{\"@id\":\"https:\/\/vieassociative.be\/actualites\/#website\"},\"primaryImageOfPage\":{\"@id\":\"https:\/\/vieassociative.be\/actualites\/les-connexions-du-nyt-daujourdhui-indiquent-et-repondent-pour-le-lundi-21-juillet-2025\/#primaryimage\"},\"image\":{\"@id\":\"https:\/\/vieassociative.be\/actualites\/les-connexions-du-nyt-daujourdhui-indiquent-et-repondent-pour-le-lundi-21-juillet-2025\/#primaryimage\"},\"thumbnailUrl\":\"https:\/\/vieassociative.be\/actualites\/wp-content\/uploads\/2025\/07\/1753078657_Les-connexions-du-NYT-daujourdhui-indiquent-et-repondent-pour-le.jpg\",\"datePublished\":\"2025-07-21T06:17:36+00:00\",\"dateModified\":\"2025-07-21T06:17:36+00:00\",\"breadcrumb\":{\"@id\":\"https:\/\/vieassociative.be\/actualites\/les-connexions-du-nyt-daujourdhui-indiquent-et-repondent-pour-le-lundi-21-juillet-2025\/#breadcrumb\"},\"inLanguage\":\"fr-BE\",\"potentialAction\":[{\"@type\":\"ReadAction\",\"target\":[\"https:\/\/vieassociative.be\/actualites\/les-connexions-du-nyt-daujourdhui-indiquent-et-repondent-pour-le-lundi-21-juillet-2025\/\"]}]},{\"@type\":\"ImageObject\",\"inLanguage\":\"fr-BE\",\"@id\":\"https:\/\/vieassociative.be\/actualites\/les-connexions-du-nyt-daujourdhui-indiquent-et-repondent-pour-le-lundi-21-juillet-2025\/#primaryimage\",\"url\":\"https:\/\/vieassociative.be\/actualites\/wp-content\/uploads\/2025\/07\/1753078657_Les-connexions-du-NYT-daujourdhui-indiquent-et-repondent-pour-le.jpg\",\"contentUrl\":\"https:\/\/vieassociative.be\/actualites\/wp-content\/uploads\/2025\/07\/1753078657_Les-connexions-du-NYT-daujourdhui-indiquent-et-repondent-pour-le.jpg\",\"width\":1200,\"height\":675,\"caption\":\"Les connexions du NYT d'aujourd'hui indiquent (et r\u00e9pondent) pour le lundi 21 juillet 2025\"},{\"@type\":\"BreadcrumbList\",\"@id\":\"https:\/\/vieassociative.be\/actualites\/les-connexions-du-nyt-daujourdhui-indiquent-et-repondent-pour-le-lundi-21-juillet-2025\/#breadcrumb\",\"itemListElement\":[{\"@type\":\"ListItem\",\"position\":1,\"name\":\"Accueil\",\"item\":\"https:\/\/vieassociative.be\/actualites\/\"},{\"@type\":\"ListItem\",\"position\":2,\"name\":\"Les connexions du NYT d&rsquo;aujourd&rsquo;hui indiquent (et r\u00e9pondent) pour le lundi 21 juillet 2025\"}]},{\"@type\":\"WebSite\",\"@id\":\"https:\/\/vieassociative.be\/actualites\/#website\",\"url\":\"https:\/\/vieassociative.be\/actualites\/\",\"name\":\"Vie Associative\",\"description\":\"\",\"publisher\":{\"@id\":\"https:\/\/vieassociative.be\/actualites\/#organization\"},\"potentialAction\":[{\"@type\":\"SearchAction\",\"target\":{\"@type\":\"EntryPoint\",\"urlTemplate\":\"https:\/\/vieassociative.be\/actualites\/?s={search_term_string}\"},\"query-input\":{\"@type\":\"PropertyValueSpecification\",\"valueRequired\":true,\"valueName\":\"search_term_string\"}}],\"inLanguage\":\"fr-BE\"},{\"@type\":\"Organization\",\"@id\":\"https:\/\/vieassociative.be\/actualites\/#organization\",\"name\":\"Vie Associative\",\"url\":\"https:\/\/vieassociative.be\/actualites\/\",\"logo\":{\"@type\":\"ImageObject\",\"inLanguage\":\"fr-BE\",\"@id\":\"https:\/\/vieassociative.be\/actualites\/#\/schema\/logo\/image\/\",\"url\":\"https:\/\/vieassociative.be\/actualites\/wp-content\/uploads\/2024\/09\/cropped-vieassociative_favicon.ico.png\",\"contentUrl\":\"https:\/\/vieassociative.be\/actualites\/wp-content\/uploads\/2024\/09\/cropped-vieassociative_favicon.ico.png\",\"width\":512,\"height\":512,\"caption\":\"Vie Associative\"},\"image\":{\"@id\":\"https:\/\/vieassociative.be\/actualites\/#\/schema\/logo\/image\/\"}},{\"@type\":\"Person\",\"@id\":\"https:\/\/vieassociative.be\/actualites\/#\/schema\/person\/b87ac4f82f9d4e7b7cec7395b679edc4\",\"name\":\"Julien\",\"image\":{\"@type\":\"ImageObject\",\"inLanguage\":\"fr-BE\",\"@id\":\"https:\/\/vieassociative.be\/actualites\/#\/schema\/person\/image\/\",\"url\":\"https:\/\/vieassociative.be\/actualites\/wp-content\/uploads\/2024\/09\/vie-associative-1-150x150.jpg\",\"contentUrl\":\"https:\/\/vieassociative.be\/actualites\/wp-content\/uploads\/2024\/09\/vie-associative-1-150x150.jpg\",\"caption\":\"Julien\"},\"description\":\"Je suis Julien, r\u00e9dacteur pour Vie Associative. Passionn\u00e9 par le monde associatif depuis plus de 10 ans, j'ai \u00e0 c\u0153ur de partager des histoires inspirantes et de mettre en lumi\u00e8re les initiatives locales. Mon objectif est de sensibiliser et d'encourager l'engagement communautaire \u00e0 travers mes articles.\",\"sameAs\":[\"https:\/\/vieassociative.be\/\"]}]}<\/script>\n<!-- \/ Yoast SEO plugin. -->","yoast_head_json":{"title":"Les connexions du NYT d'aujourd'hui indiquent (et r\u00e9pondent) pour le lundi 21 juillet 2025 | Vie Associative","robots":{"index":"index","follow":"follow","max-snippet":"max-snippet:-1","max-image-preview":"max-image-preview:large","max-video-preview":"max-video-preview:-1"},"canonical":"https:\/\/vieassociative.be\/actualites\/les-connexions-du-nyt-daujourdhui-indiquent-et-repondent-pour-le-lundi-21-juillet-2025\/","og_locale":"fr_FR","og_type":"article","og_title":"Les connexions du NYT d'aujourd'hui indiquent (et r\u00e9pondent) pour le lundi 21 juillet 2025 | Vie Associative","og_description":"Voici quelques conseils pour vous aider \u00e0 gagner les connexions NYT # 771. Si vous recherchez la r\u00e9ponse des connexions pour le lundi 21 juillet","og_url":"https:\/\/vieassociative.be\/actualites\/les-connexions-du-nyt-daujourdhui-indiquent-et-repondent-pour-le-lundi-21-juillet-2025\/","og_site_name":"Vie Associative","article_published_time":"2025-07-21T06:17:36+00:00","og_image":[{"url":"https:\/\/vieassociative.be\/actualites\/wp-content\/uploads\/2025\/07\/1753078656_219_Les-connexions-du-NYT-daujourdhui-indiquent-et-repondent-pour-le.png","type":"","width":"","height":""}],"author":"Julien","twitter_card":"summary_large_image","twitter_misc":{"\u00c9crit par":"Julien","Dur\u00e9e de lecture est.":"6 minutes"},"schema":{"@context":"https:\/\/schema.org","@graph":[{"@type":"Article","@id":"https:\/\/vieassociative.be\/actualites\/les-connexions-du-nyt-daujourdhui-indiquent-et-repondent-pour-le-lundi-21-juillet-2025\/#article","isPartOf":{"@id":"https:\/\/vieassociative.be\/actualites\/les-connexions-du-nyt-daujourdhui-indiquent-et-repondent-pour-le-lundi-21-juillet-2025\/"},"author":{"name":"Julien","@id":"https:\/\/vieassociative.be\/actualites\/#\/schema\/person\/b87ac4f82f9d4e7b7cec7395b679edc4"},"headline":"Les connexions du NYT d&rsquo;aujourd&rsquo;hui indiquent (et r\u00e9pondent) pour le lundi 21 juillet 2025","datePublished":"2025-07-21T06:17:36+00:00","dateModified":"2025-07-21T06:17:36+00:00","mainEntityOfPage":{"@id":"https:\/\/vieassociative.be\/actualites\/les-connexions-du-nyt-daujourdhui-indiquent-et-repondent-pour-le-lundi-21-juillet-2025\/"},"wordCount":1297,"publisher":{"@id":"https:\/\/vieassociative.be\/actualites\/#organization"},"image":{"@id":"https:\/\/vieassociative.be\/actualites\/les-connexions-du-nyt-daujourdhui-indiquent-et-repondent-pour-le-lundi-21-juillet-2025\/#primaryimage"},"thumbnailUrl":"https:\/\/vieassociative.be\/actualites\/wp-content\/uploads\/2025\/07\/1753078657_Les-connexions-du-NYT-daujourdhui-indiquent-et-repondent-pour-le.jpg","keywords":["connexions","daujourdhui","indiquent","juillet","Les","lundi","NYT","pour","r\u00e9pondent"],"articleSection":["Divertissement"],"inLanguage":"fr-BE"},{"@type":"WebPage","@id":"https:\/\/vieassociative.be\/actualites\/les-connexions-du-nyt-daujourdhui-indiquent-et-repondent-pour-le-lundi-21-juillet-2025\/","url":"https:\/\/vieassociative.be\/actualites\/les-connexions-du-nyt-daujourdhui-indiquent-et-repondent-pour-le-lundi-21-juillet-2025\/","name":"Les connexions du NYT d'aujourd'hui indiquent (et r\u00e9pondent) pour le lundi 21 juillet 2025 | Vie Associative","isPartOf":{"@id":"https:\/\/vieassociative.be\/actualites\/#website"},"primaryImageOfPage":{"@id":"https:\/\/vieassociative.be\/actualites\/les-connexions-du-nyt-daujourdhui-indiquent-et-repondent-pour-le-lundi-21-juillet-2025\/#primaryimage"},"image":{"@id":"https:\/\/vieassociative.be\/actualites\/les-connexions-du-nyt-daujourdhui-indiquent-et-repondent-pour-le-lundi-21-juillet-2025\/#primaryimage"},"thumbnailUrl":"https:\/\/vieassociative.be\/actualites\/wp-content\/uploads\/2025\/07\/1753078657_Les-connexions-du-NYT-daujourdhui-indiquent-et-repondent-pour-le.jpg","datePublished":"2025-07-21T06:17:36+00:00","dateModified":"2025-07-21T06:17:36+00:00","breadcrumb":{"@id":"https:\/\/vieassociative.be\/actualites\/les-connexions-du-nyt-daujourdhui-indiquent-et-repondent-pour-le-lundi-21-juillet-2025\/#breadcrumb"},"inLanguage":"fr-BE","potentialAction":[{"@type":"ReadAction","target":["https:\/\/vieassociative.be\/actualites\/les-connexions-du-nyt-daujourdhui-indiquent-et-repondent-pour-le-lundi-21-juillet-2025\/"]}]},{"@type":"ImageObject","inLanguage":"fr-BE","@id":"https:\/\/vieassociative.be\/actualites\/les-connexions-du-nyt-daujourdhui-indiquent-et-repondent-pour-le-lundi-21-juillet-2025\/#primaryimage","url":"https:\/\/vieassociative.be\/actualites\/wp-content\/uploads\/2025\/07\/1753078657_Les-connexions-du-NYT-daujourdhui-indiquent-et-repondent-pour-le.jpg","contentUrl":"https:\/\/vieassociative.be\/actualites\/wp-content\/uploads\/2025\/07\/1753078657_Les-connexions-du-NYT-daujourdhui-indiquent-et-repondent-pour-le.jpg","width":1200,"height":675,"caption":"Les connexions du NYT d'aujourd'hui indiquent (et r\u00e9pondent) pour le lundi 21 juillet 2025"},{"@type":"BreadcrumbList","@id":"https:\/\/vieassociative.be\/actualites\/les-connexions-du-nyt-daujourdhui-indiquent-et-repondent-pour-le-lundi-21-juillet-2025\/#breadcrumb","itemListElement":[{"@type":"ListItem","position":1,"name":"Accueil","item":"https:\/\/vieassociative.be\/actualites\/"},{"@type":"ListItem","position":2,"name":"Les connexions du NYT d&rsquo;aujourd&rsquo;hui indiquent (et r\u00e9pondent) pour le lundi 21 juillet 2025"}]},{"@type":"WebSite","@id":"https:\/\/vieassociative.be\/actualites\/#website","url":"https:\/\/vieassociative.be\/actualites\/","name":"Vie Associative","description":"","publisher":{"@id":"https:\/\/vieassociative.be\/actualites\/#organization"},"potentialAction":[{"@type":"SearchAction","target":{"@type":"EntryPoint","urlTemplate":"https:\/\/vieassociative.be\/actualites\/?s={search_term_string}"},"query-input":{"@type":"PropertyValueSpecification","valueRequired":true,"valueName":"search_term_string"}}],"inLanguage":"fr-BE"},{"@type":"Organization","@id":"https:\/\/vieassociative.be\/actualites\/#organization","name":"Vie Associative","url":"https:\/\/vieassociative.be\/actualites\/","logo":{"@type":"ImageObject","inLanguage":"fr-BE","@id":"https:\/\/vieassociative.be\/actualites\/#\/schema\/logo\/image\/","url":"https:\/\/vieassociative.be\/actualites\/wp-content\/uploads\/2024\/09\/cropped-vieassociative_favicon.ico.png","contentUrl":"https:\/\/vieassociative.be\/actualites\/wp-content\/uploads\/2024\/09\/cropped-vieassociative_favicon.ico.png","width":512,"height":512,"caption":"Vie Associative"},"image":{"@id":"https:\/\/vieassociative.be\/actualites\/#\/schema\/logo\/image\/"}},{"@type":"Person","@id":"https:\/\/vieassociative.be\/actualites\/#\/schema\/person\/b87ac4f82f9d4e7b7cec7395b679edc4","name":"Julien","image":{"@type":"ImageObject","inLanguage":"fr-BE","@id":"https:\/\/vieassociative.be\/actualites\/#\/schema\/person\/image\/","url":"https:\/\/vieassociative.be\/actualites\/wp-content\/uploads\/2024\/09\/vie-associative-1-150x150.jpg","contentUrl":"https:\/\/vieassociative.be\/actualites\/wp-content\/uploads\/2024\/09\/vie-associative-1-150x150.jpg","caption":"Julien"},"description":"Je suis Julien, r\u00e9dacteur pour Vie Associative. Passionn\u00e9 par le monde associatif depuis plus de 10 ans, j'ai \u00e0 c\u0153ur de partager des histoires inspirantes et de mettre en lumi\u00e8re les initiatives locales. Mon objectif est de sensibiliser et d'encourager l'engagement communautaire \u00e0 travers mes articles.","sameAs":["https:\/\/vieassociative.be\/"]}]}},"_links":{"self":[{"href":"https:\/\/vieassociative.be\/actualites\/wp-json\/wp\/v2\/posts\/8898"}],"collection":[{"href":"https:\/\/vieassociative.be\/actualites\/wp-json\/wp\/v2\/posts"}],"about":[{"href":"https:\/\/vieassociative.be\/actualites\/wp-json\/wp\/v2\/types\/post"}],"author":[{"embeddable":true,"href":"https:\/\/vieassociative.be\/actualites\/wp-json\/wp\/v2\/users\/1"}],"replies":[{"embeddable":true,"href":"https:\/\/vieassociative.be\/actualites\/wp-json\/wp\/v2\/comments?post=8898"}],"version-history":[{"count":0,"href":"https:\/\/vieassociative.be\/actualites\/wp-json\/wp\/v2\/posts\/8898\/revisions"}],"wp:featuredmedia":[{"embeddable":true,"href":"https:\/\/vieassociative.be\/actualites\/wp-json\/wp\/v2\/media\/8899"}],"wp:attachment":[{"href":"https:\/\/vieassociative.be\/actualites\/wp-json\/wp\/v2\/media?parent=8898"}],"wp:term":[{"taxonomy":"category","embeddable":true,"href":"https:\/\/vieassociative.be\/actualites\/wp-json\/wp\/v2\/categories?post=8898"},{"taxonomy":"post_tag","embeddable":true,"href":"https:\/\/vieassociative.be\/actualites\/wp-json\/wp\/v2\/tags?post=8898"}],"curies":[{"name":"wp","href":"https:\/\/api.w.org\/{rel}","templated":true}]}}