{"id":8896,"date":"2025-07-21T04:21:00","date_gmt":"2025-07-21T02:21:00","guid":{"rendered":"https:\/\/vieassociative.be\/actualites\/gaza-une-honte-pour-toute-lhumanite-discours-du-roi-philippe-le-21-juillet\/"},"modified":"2025-07-21T04:21:00","modified_gmt":"2025-07-21T02:21:00","slug":"gaza-une-honte-pour-toute-lhumanite-discours-du-roi-philippe-le-21-juillet","status":"publish","type":"post","link":"https:\/\/vieassociative.be\/actualites\/gaza-une-honte-pour-toute-lhumanite-discours-du-roi-philippe-le-21-juillet\/","title":{"rendered":"\u00ab\u00a0Gaza une honte pour toute l&rsquo;humanit\u00e9\u00a0\u00bb: discours du roi Philippe le 21 juillet"},"content":{"rendered":"<p><strong>\u00c0 la veille de la f\u00eate nationale le 21 juillet, le roi Philippe a prononc\u00e9 son discours traditionnel au peuple belge. Comme pr\u00e9vu, l&rsquo;accent \u00e9tait mis sur les questions internationales et les conflits croissants du monde entier.<\/strong><\/p>\n<p><span id=\"more-420513\"><\/span>Dans son discours le 21 juillet, le roi Philippe a emm\u00e9nag\u00e9 dans le conflit au Moyen-Orient. Il a condamn\u00e9 \u00ab\u00a0le grave abus humanitaire \u00e0 Gaza\u00a0\u00bb et les a d\u00e9crits comme \u00ab\u00a0la honte pour toute l&rsquo;humanit\u00e9\u00a0\u00bb. \u00c0 son avis, les probl\u00e8mes nationaux attirent \u00e9galement toute notre attention. Le roi a demand\u00e9 \u00e0 la r\u00e9gion de la capitale de Bruxelles de former d&rsquo;urgence un nouveau gouvernement, qui n&rsquo;a toujours pas r\u00e9ussi depuis plus d&rsquo;un an apr\u00e8s les \u00e9lections de juin 2024.<\/p>\n<div id=\"attachment_420548\" class=\"wp-caption alignleft\" style=\"max-width: 300px\"><img fetchpriority=\"high\" decoding=\"async\" class=\"wp-image-420548 size-medium\" src=\"https:\/\/vieassociative.be\/actualites\/wp-content\/uploads\/2025\/07\/Gaza-une-honte-pour-toute-lhumanite-discours-du-roi-Philippe.jpg\" alt=\"\" width=\"300\" height=\"200\"><\/p>\n<p class=\"wp-caption-text\">20\/07\/2025, Palestiniens, Gaza City: Palestiniens pleurent apr\u00e8s avoir port\u00e9 les cadavres de ceux qui ont \u00e9t\u00e9 tu\u00e9s \u00e0 l&rsquo;h\u00f4pital Shifa pour r\u00e9aliser des transporteurs de produits de secours qui importent du zikim dans les bandes de Gaza du Nord via la franchise frontali\u00e8re isra\u00e9lienne. Photo: Jehad alshrafi \/ AP \/ DPA<\/p>\n<\/div>\n<p>Dans son discours plus court, le roi a soulign\u00e9 l&rsquo;importance du droit international, qui \u00e9tait \u00ab\u00a0la pierre angulaire des \u00c9tats pendant des d\u00e9cennies\u00a0\u00bb.<\/p>\n<p>\u00ab\u00a0Le monde conna\u00eet une augmentation des conflits qui \u00e9taient consid\u00e9r\u00e9s comme une \u00e9poque pass\u00e9e. Dans ce contexte, l&rsquo;Europe continue de choisir la coop\u00e9ration et non pour la confrontation\u00a0\u00bb, a-t-il d\u00e9clar\u00e9 et a soulign\u00e9 les d\u00e9veloppements dans le domaine num\u00e9rique, renfor\u00e7ant les forces arm\u00e9es et la lutte contre le changement climatique comme exemples de domaines dans lesquels l&rsquo;Union europ\u00e9enne cr\u00e9e une valeur suppl\u00e9mentaire.<\/p>\n<p>Pour le roi Philippe, cependant, l&rsquo;Europe devrait \u00abaffirmer davantage son r\u00f4le de leadership et s&rsquo;\u00e9tablir comme une alternative nul et fiable \u00e0 l&rsquo;\u00e9quilibre brutal des pouvoirs que nous vivons aujourd&rsquo;hui en restant fid\u00e8les \u00e0 ses valeurs de d\u00e9mocratie, de justice et d&rsquo;\u00c9tat de droit.<\/p>\n<p>Le roi s&rsquo;est montr\u00e9 \u00ab\u00a0secou\u00e9\u00a0\u00bb par le message de paix, qui lui a amen\u00e9 deux p\u00e8res, un d&rsquo;Isra\u00ebl et un de Palestine il y a deux semaines, qui avait abandonn\u00e9 toute vengeance. \u00ab\u00a0Ces p\u00e8res nous rappellent que la dimension politique concerne toujours la dignit\u00e9 humaine.\u00a0\u00bb<\/p>\n<div id=\"attachment_357286\" class=\"wp-caption alignleft\" style=\"max-width: 300px\"><img decoding=\"async\" class=\"wp-image-357286 size-medium\" src=\"https:\/\/vieassociative.be\/actualites\/wp-content\/uploads\/2025\/07\/1753064460_97_Gaza-une-honte-pour-toute-lhumanite-discours-du-roi-Philippe.jpg\" alt=\"\" width=\"300\" height=\"200\"  ><\/p>\n<p class=\"wp-caption-text\">21\/07\/2023, Belgique, Bruxelles: King Philippe Waves lors du d\u00e9fil\u00e9 militaire et civil lors de la f\u00eate nationale belge 2023. Photo: Nicolas Maeterlinck \/ Belga \/ DPA<\/p>\n<\/div>\n<p>Le chef de l&rsquo;\u00c9tat a d\u00e9crit la situation actuelle dans la bande de Gaza, qui \u00ab\u00a0a dur\u00e9 beaucoup trop longtemps\u00a0\u00bb, comme \u00ab\u00a0la honte pour l&rsquo;ensemble de l&rsquo;humanit\u00e9\u00a0\u00bb et a convenu \u00ab\u00a0\u00e0 tous ceux qui d\u00e9noncent les griefs humanitaires graves \u00e0 Gaza\u00a0\u00bb, o\u00f9 la faim innocente et les bombardements meurent, \u00e9touffent dans leur enclave. \u00ab\u00a0Nous soutenons l&rsquo;appel du Secr\u00e9taire g\u00e9n\u00e9ral des Nations Unies pour mettre fin imm\u00e9diatement \u00e0 cette crise non durable\u00a0\u00bb, a-t-il soulign\u00e9.<\/p>\n<p>Le souverain a \u00e9galement jug\u00e9 \u00ab\u00a0essentiel de continuer \u00e0 soutenir les Ukrainiens qui se battent pour leur souverainet\u00e9 et d\u00e9fendent ainsi la n\u00f4tre\u00a0\u00bb.<\/p>\n<p>\u00ab\u00a0Certes, nos pr\u00e9occupations internes peuvent sembler ridicules compte tenu de la violence et des troubles. Mais rien n&rsquo;est moins vrai. Ils gagnent toute notre attention et celle de nos \u00e9lus. Ils doivent \u00eatre soulign\u00e9s parce qu&rsquo;ils ont des effets directs sur les citoyens\u00a0\u00bb, a-t-il conclu et r\u00e9f\u00e9r\u00e9 \u00e0 l&rsquo;urgence qu&rsquo;un nouveau gouvernement \u00ab\u00a0prend enfin son travail\u00a0\u00bb dans la r\u00e9gion de Brussels. (Cre)<\/p>\n","protected":false},"excerpt":{"rendered":"<p>\u00c0 la veille de la f\u00eate nationale le 21 juillet, le roi Philippe a prononc\u00e9 son discours traditionnel au peuple belge. Comme pr\u00e9vu, l&rsquo;accent \u00e9tait<\/p>\n","protected":false},"author":1,"featured_media":8897,"comment_status":"","ping_status":"","sticky":false,"template":"","format":"standard","meta":{"footnotes":""},"categories":[298],"tags":[1551,4755,1975,3153,7842,4152,81,3096,150,110],"class_list":["post-8896","post","type-post","status-publish","format-standard","has-post-thumbnail","hentry","category-belgique","tag-discours","tag-gaza","tag-honte","tag-juillet","tag-lhumanite","tag-philippe","tag-pour","tag-roi","tag-toute","tag-une","generate-columns","tablet-grid-50","mobile-grid-100","grid-parent","grid-33"],"yoast_head":"<!-- This site is optimized with the Yoast SEO plugin v24.0 - https:\/\/yoast.com\/wordpress\/plugins\/seo\/ -->\n<title>&quot;Gaza une honte pour toute l&#039;humanit\u00e9&quot;: discours du roi Philippe le 21 juillet | Vie Associative<\/title>\n<meta name=\"robots\" content=\"index, follow, max-snippet:-1, max-image-preview:large, max-video-preview:-1\" \/>\n<link rel=\"canonical\" href=\"https:\/\/vieassociative.be\/actualites\/gaza-une-honte-pour-toute-lhumanite-discours-du-roi-philippe-le-21-juillet\/\" \/>\n<meta property=\"og:locale\" content=\"fr_FR\" \/>\n<meta property=\"og:type\" content=\"article\" \/>\n<meta property=\"og:title\" content=\"&quot;Gaza une honte pour toute l&#039;humanit\u00e9&quot;: discours du roi Philippe le 21 juillet | Vie Associative\" \/>\n<meta property=\"og:description\" content=\"\u00c0 la veille de la f\u00eate nationale le 21 juillet, le roi Philippe a prononc\u00e9 son discours traditionnel au peuple belge. Comme pr\u00e9vu, l&rsquo;accent \u00e9tait\" \/>\n<meta property=\"og:url\" content=\"https:\/\/vieassociative.be\/actualites\/gaza-une-honte-pour-toute-lhumanite-discours-du-roi-philippe-le-21-juillet\/\" \/>\n<meta property=\"og:site_name\" content=\"Vie Associative\" \/>\n<meta property=\"article:published_time\" content=\"2025-07-21T02:21:00+00:00\" \/>\n<meta property=\"og:image\" content=\"https:\/\/vieassociative.be\/actualites\/wp-content\/uploads\/2024\/09\/header_backgroundk-01-e1726694325946.png\" \/>\n\t<meta property=\"og:image:width\" content=\"279\" \/>\n\t<meta property=\"og:image:height\" content=\"92\" \/>\n\t<meta property=\"og:image:type\" content=\"image\/png\" \/>\n<meta name=\"author\" content=\"Julien\" \/>\n<meta name=\"twitter:card\" content=\"summary_large_image\" \/>\n<meta name=\"twitter:label1\" content=\"\u00c9crit par\" \/>\n\t<meta name=\"twitter:data1\" content=\"Julien\" \/>\n\t<meta name=\"twitter:label2\" content=\"Dur\u00e9e de lecture est.\" \/>\n\t<meta name=\"twitter:data2\" content=\"3 minutes\" \/>\n<script type=\"application\/ld+json\" class=\"yoast-schema-graph\">{\"@context\":\"https:\/\/schema.org\",\"@graph\":[{\"@type\":\"Article\",\"@id\":\"https:\/\/vieassociative.be\/actualites\/gaza-une-honte-pour-toute-lhumanite-discours-du-roi-philippe-le-21-juillet\/#article\",\"isPartOf\":{\"@id\":\"https:\/\/vieassociative.be\/actualites\/gaza-une-honte-pour-toute-lhumanite-discours-du-roi-philippe-le-21-juillet\/\"},\"author\":{\"name\":\"Julien\",\"@id\":\"https:\/\/vieassociative.be\/actualites\/#\/schema\/person\/b87ac4f82f9d4e7b7cec7395b679edc4\"},\"headline\":\"\u00ab\u00a0Gaza une honte pour toute l&rsquo;humanit\u00e9\u00a0\u00bb: discours du roi Philippe le 21 juillet\",\"datePublished\":\"2025-07-21T02:21:00+00:00\",\"dateModified\":\"2025-07-21T02:21:00+00:00\",\"mainEntityOfPage\":{\"@id\":\"https:\/\/vieassociative.be\/actualites\/gaza-une-honte-pour-toute-lhumanite-discours-du-roi-philippe-le-21-juillet\/\"},\"wordCount\":589,\"publisher\":{\"@id\":\"https:\/\/vieassociative.be\/actualites\/#organization\"},\"image\":{\"@id\":\"https:\/\/vieassociative.be\/actualites\/gaza-une-honte-pour-toute-lhumanite-discours-du-roi-philippe-le-21-juillet\/#primaryimage\"},\"thumbnailUrl\":\"https:\/\/vieassociative.be\/actualites\/wp-content\/uploads\/2025\/07\/1753064460_Gaza-une-honte-pour-toute-lhumanite-discours-du-roi-Philippe.jpg\",\"keywords\":[\"discours\",\"Gaza\",\"honte\",\"juillet\",\"lhumanit\u00e9\",\"Philippe\",\"pour\",\"roi\",\"toute\",\"une\"],\"articleSection\":[\"Belgique\"],\"inLanguage\":\"fr-BE\"},{\"@type\":\"WebPage\",\"@id\":\"https:\/\/vieassociative.be\/actualites\/gaza-une-honte-pour-toute-lhumanite-discours-du-roi-philippe-le-21-juillet\/\",\"url\":\"https:\/\/vieassociative.be\/actualites\/gaza-une-honte-pour-toute-lhumanite-discours-du-roi-philippe-le-21-juillet\/\",\"name\":\"\\\"Gaza une honte pour toute l'humanit\u00e9\\\": discours du roi Philippe le 21 juillet | Vie Associative\",\"isPartOf\":{\"@id\":\"https:\/\/vieassociative.be\/actualites\/#website\"},\"primaryImageOfPage\":{\"@id\":\"https:\/\/vieassociative.be\/actualites\/gaza-une-honte-pour-toute-lhumanite-discours-du-roi-philippe-le-21-juillet\/#primaryimage\"},\"image\":{\"@id\":\"https:\/\/vieassociative.be\/actualites\/gaza-une-honte-pour-toute-lhumanite-discours-du-roi-philippe-le-21-juillet\/#primaryimage\"},\"thumbnailUrl\":\"https:\/\/vieassociative.be\/actualites\/wp-content\/uploads\/2025\/07\/1753064460_Gaza-une-honte-pour-toute-lhumanite-discours-du-roi-Philippe.jpg\",\"datePublished\":\"2025-07-21T02:21:00+00:00\",\"dateModified\":\"2025-07-21T02:21:00+00:00\",\"breadcrumb\":{\"@id\":\"https:\/\/vieassociative.be\/actualites\/gaza-une-honte-pour-toute-lhumanite-discours-du-roi-philippe-le-21-juillet\/#breadcrumb\"},\"inLanguage\":\"fr-BE\",\"potentialAction\":[{\"@type\":\"ReadAction\",\"target\":[\"https:\/\/vieassociative.be\/actualites\/gaza-une-honte-pour-toute-lhumanite-discours-du-roi-philippe-le-21-juillet\/\"]}]},{\"@type\":\"ImageObject\",\"inLanguage\":\"fr-BE\",\"@id\":\"https:\/\/vieassociative.be\/actualites\/gaza-une-honte-pour-toute-lhumanite-discours-du-roi-philippe-le-21-juillet\/#primaryimage\",\"url\":\"https:\/\/vieassociative.be\/actualites\/wp-content\/uploads\/2025\/07\/1753064460_Gaza-une-honte-pour-toute-lhumanite-discours-du-roi-Philippe.jpg\",\"contentUrl\":\"https:\/\/vieassociative.be\/actualites\/wp-content\/uploads\/2025\/07\/1753064460_Gaza-une-honte-pour-toute-lhumanite-discours-du-roi-Philippe.jpg\",\"width\":1200,\"height\":800,\"caption\":\"\\\"Gaza une honte pour toute l'humanit\u00e9\\\": discours du roi Philippe le 21 juillet\"},{\"@type\":\"BreadcrumbList\",\"@id\":\"https:\/\/vieassociative.be\/actualites\/gaza-une-honte-pour-toute-lhumanite-discours-du-roi-philippe-le-21-juillet\/#breadcrumb\",\"itemListElement\":[{\"@type\":\"ListItem\",\"position\":1,\"name\":\"Accueil\",\"item\":\"https:\/\/vieassociative.be\/actualites\/\"},{\"@type\":\"ListItem\",\"position\":2,\"name\":\"\u00ab\u00a0Gaza une honte pour toute l&rsquo;humanit\u00e9\u00a0\u00bb: discours du roi Philippe le 21 juillet\"}]},{\"@type\":\"WebSite\",\"@id\":\"https:\/\/vieassociative.be\/actualites\/#website\",\"url\":\"https:\/\/vieassociative.be\/actualites\/\",\"name\":\"Vie Associative\",\"description\":\"\",\"publisher\":{\"@id\":\"https:\/\/vieassociative.be\/actualites\/#organization\"},\"potentialAction\":[{\"@type\":\"SearchAction\",\"target\":{\"@type\":\"EntryPoint\",\"urlTemplate\":\"https:\/\/vieassociative.be\/actualites\/?s={search_term_string}\"},\"query-input\":{\"@type\":\"PropertyValueSpecification\",\"valueRequired\":true,\"valueName\":\"search_term_string\"}}],\"inLanguage\":\"fr-BE\"},{\"@type\":\"Organization\",\"@id\":\"https:\/\/vieassociative.be\/actualites\/#organization\",\"name\":\"Vie Associative\",\"url\":\"https:\/\/vieassociative.be\/actualites\/\",\"logo\":{\"@type\":\"ImageObject\",\"inLanguage\":\"fr-BE\",\"@id\":\"https:\/\/vieassociative.be\/actualites\/#\/schema\/logo\/image\/\",\"url\":\"https:\/\/vieassociative.be\/actualites\/wp-content\/uploads\/2024\/09\/cropped-vieassociative_favicon.ico.png\",\"contentUrl\":\"https:\/\/vieassociative.be\/actualites\/wp-content\/uploads\/2024\/09\/cropped-vieassociative_favicon.ico.png\",\"width\":512,\"height\":512,\"caption\":\"Vie Associative\"},\"image\":{\"@id\":\"https:\/\/vieassociative.be\/actualites\/#\/schema\/logo\/image\/\"}},{\"@type\":\"Person\",\"@id\":\"https:\/\/vieassociative.be\/actualites\/#\/schema\/person\/b87ac4f82f9d4e7b7cec7395b679edc4\",\"name\":\"Julien\",\"image\":{\"@type\":\"ImageObject\",\"inLanguage\":\"fr-BE\",\"@id\":\"https:\/\/vieassociative.be\/actualites\/#\/schema\/person\/image\/\",\"url\":\"https:\/\/vieassociative.be\/actualites\/wp-content\/uploads\/2024\/09\/vie-associative-1-150x150.jpg\",\"contentUrl\":\"https:\/\/vieassociative.be\/actualites\/wp-content\/uploads\/2024\/09\/vie-associative-1-150x150.jpg\",\"caption\":\"Julien\"},\"description\":\"Je suis Julien, r\u00e9dacteur pour Vie Associative. Passionn\u00e9 par le monde associatif depuis plus de 10 ans, j'ai \u00e0 c\u0153ur de partager des histoires inspirantes et de mettre en lumi\u00e8re les initiatives locales. Mon objectif est de sensibiliser et d'encourager l'engagement communautaire \u00e0 travers mes articles.\",\"sameAs\":[\"https:\/\/vieassociative.be\/\"]}]}<\/script>\n<!-- \/ Yoast SEO plugin. -->","yoast_head_json":{"title":"\"Gaza une honte pour toute l'humanit\u00e9\": discours du roi Philippe le 21 juillet | Vie Associative","robots":{"index":"index","follow":"follow","max-snippet":"max-snippet:-1","max-image-preview":"max-image-preview:large","max-video-preview":"max-video-preview:-1"},"canonical":"https:\/\/vieassociative.be\/actualites\/gaza-une-honte-pour-toute-lhumanite-discours-du-roi-philippe-le-21-juillet\/","og_locale":"fr_FR","og_type":"article","og_title":"\"Gaza une honte pour toute l'humanit\u00e9\": discours du roi Philippe le 21 juillet | Vie Associative","og_description":"\u00c0 la veille de la f\u00eate nationale le 21 juillet, le roi Philippe a prononc\u00e9 son discours traditionnel au peuple belge. Comme pr\u00e9vu, l&rsquo;accent \u00e9tait","og_url":"https:\/\/vieassociative.be\/actualites\/gaza-une-honte-pour-toute-lhumanite-discours-du-roi-philippe-le-21-juillet\/","og_site_name":"Vie Associative","article_published_time":"2025-07-21T02:21:00+00:00","og_image":[{"width":279,"height":92,"url":"https:\/\/vieassociative.be\/actualites\/wp-content\/uploads\/2024\/09\/header_backgroundk-01-e1726694325946.png","type":"image\/png"}],"author":"Julien","twitter_card":"summary_large_image","twitter_misc":{"\u00c9crit par":"Julien","Dur\u00e9e de lecture est.":"3 minutes"},"schema":{"@context":"https:\/\/schema.org","@graph":[{"@type":"Article","@id":"https:\/\/vieassociative.be\/actualites\/gaza-une-honte-pour-toute-lhumanite-discours-du-roi-philippe-le-21-juillet\/#article","isPartOf":{"@id":"https:\/\/vieassociative.be\/actualites\/gaza-une-honte-pour-toute-lhumanite-discours-du-roi-philippe-le-21-juillet\/"},"author":{"name":"Julien","@id":"https:\/\/vieassociative.be\/actualites\/#\/schema\/person\/b87ac4f82f9d4e7b7cec7395b679edc4"},"headline":"\u00ab\u00a0Gaza une honte pour toute l&rsquo;humanit\u00e9\u00a0\u00bb: discours du roi Philippe le 21 juillet","datePublished":"2025-07-21T02:21:00+00:00","dateModified":"2025-07-21T02:21:00+00:00","mainEntityOfPage":{"@id":"https:\/\/vieassociative.be\/actualites\/gaza-une-honte-pour-toute-lhumanite-discours-du-roi-philippe-le-21-juillet\/"},"wordCount":589,"publisher":{"@id":"https:\/\/vieassociative.be\/actualites\/#organization"},"image":{"@id":"https:\/\/vieassociative.be\/actualites\/gaza-une-honte-pour-toute-lhumanite-discours-du-roi-philippe-le-21-juillet\/#primaryimage"},"thumbnailUrl":"https:\/\/vieassociative.be\/actualites\/wp-content\/uploads\/2025\/07\/1753064460_Gaza-une-honte-pour-toute-lhumanite-discours-du-roi-Philippe.jpg","keywords":["discours","Gaza","honte","juillet","lhumanit\u00e9","Philippe","pour","roi","toute","une"],"articleSection":["Belgique"],"inLanguage":"fr-BE"},{"@type":"WebPage","@id":"https:\/\/vieassociative.be\/actualites\/gaza-une-honte-pour-toute-lhumanite-discours-du-roi-philippe-le-21-juillet\/","url":"https:\/\/vieassociative.be\/actualites\/gaza-une-honte-pour-toute-lhumanite-discours-du-roi-philippe-le-21-juillet\/","name":"\"Gaza une honte pour toute l'humanit\u00e9\": discours du roi Philippe le 21 juillet | Vie Associative","isPartOf":{"@id":"https:\/\/vieassociative.be\/actualites\/#website"},"primaryImageOfPage":{"@id":"https:\/\/vieassociative.be\/actualites\/gaza-une-honte-pour-toute-lhumanite-discours-du-roi-philippe-le-21-juillet\/#primaryimage"},"image":{"@id":"https:\/\/vieassociative.be\/actualites\/gaza-une-honte-pour-toute-lhumanite-discours-du-roi-philippe-le-21-juillet\/#primaryimage"},"thumbnailUrl":"https:\/\/vieassociative.be\/actualites\/wp-content\/uploads\/2025\/07\/1753064460_Gaza-une-honte-pour-toute-lhumanite-discours-du-roi-Philippe.jpg","datePublished":"2025-07-21T02:21:00+00:00","dateModified":"2025-07-21T02:21:00+00:00","breadcrumb":{"@id":"https:\/\/vieassociative.be\/actualites\/gaza-une-honte-pour-toute-lhumanite-discours-du-roi-philippe-le-21-juillet\/#breadcrumb"},"inLanguage":"fr-BE","potentialAction":[{"@type":"ReadAction","target":["https:\/\/vieassociative.be\/actualites\/gaza-une-honte-pour-toute-lhumanite-discours-du-roi-philippe-le-21-juillet\/"]}]},{"@type":"ImageObject","inLanguage":"fr-BE","@id":"https:\/\/vieassociative.be\/actualites\/gaza-une-honte-pour-toute-lhumanite-discours-du-roi-philippe-le-21-juillet\/#primaryimage","url":"https:\/\/vieassociative.be\/actualites\/wp-content\/uploads\/2025\/07\/1753064460_Gaza-une-honte-pour-toute-lhumanite-discours-du-roi-Philippe.jpg","contentUrl":"https:\/\/vieassociative.be\/actualites\/wp-content\/uploads\/2025\/07\/1753064460_Gaza-une-honte-pour-toute-lhumanite-discours-du-roi-Philippe.jpg","width":1200,"height":800,"caption":"\"Gaza une honte pour toute l'humanit\u00e9\": discours du roi Philippe le 21 juillet"},{"@type":"BreadcrumbList","@id":"https:\/\/vieassociative.be\/actualites\/gaza-une-honte-pour-toute-lhumanite-discours-du-roi-philippe-le-21-juillet\/#breadcrumb","itemListElement":[{"@type":"ListItem","position":1,"name":"Accueil","item":"https:\/\/vieassociative.be\/actualites\/"},{"@type":"ListItem","position":2,"name":"\u00ab\u00a0Gaza une honte pour toute l&rsquo;humanit\u00e9\u00a0\u00bb: discours du roi Philippe le 21 juillet"}]},{"@type":"WebSite","@id":"https:\/\/vieassociative.be\/actualites\/#website","url":"https:\/\/vieassociative.be\/actualites\/","name":"Vie Associative","description":"","publisher":{"@id":"https:\/\/vieassociative.be\/actualites\/#organization"},"potentialAction":[{"@type":"SearchAction","target":{"@type":"EntryPoint","urlTemplate":"https:\/\/vieassociative.be\/actualites\/?s={search_term_string}"},"query-input":{"@type":"PropertyValueSpecification","valueRequired":true,"valueName":"search_term_string"}}],"inLanguage":"fr-BE"},{"@type":"Organization","@id":"https:\/\/vieassociative.be\/actualites\/#organization","name":"Vie Associative","url":"https:\/\/vieassociative.be\/actualites\/","logo":{"@type":"ImageObject","inLanguage":"fr-BE","@id":"https:\/\/vieassociative.be\/actualites\/#\/schema\/logo\/image\/","url":"https:\/\/vieassociative.be\/actualites\/wp-content\/uploads\/2024\/09\/cropped-vieassociative_favicon.ico.png","contentUrl":"https:\/\/vieassociative.be\/actualites\/wp-content\/uploads\/2024\/09\/cropped-vieassociative_favicon.ico.png","width":512,"height":512,"caption":"Vie Associative"},"image":{"@id":"https:\/\/vieassociative.be\/actualites\/#\/schema\/logo\/image\/"}},{"@type":"Person","@id":"https:\/\/vieassociative.be\/actualites\/#\/schema\/person\/b87ac4f82f9d4e7b7cec7395b679edc4","name":"Julien","image":{"@type":"ImageObject","inLanguage":"fr-BE","@id":"https:\/\/vieassociative.be\/actualites\/#\/schema\/person\/image\/","url":"https:\/\/vieassociative.be\/actualites\/wp-content\/uploads\/2024\/09\/vie-associative-1-150x150.jpg","contentUrl":"https:\/\/vieassociative.be\/actualites\/wp-content\/uploads\/2024\/09\/vie-associative-1-150x150.jpg","caption":"Julien"},"description":"Je suis Julien, r\u00e9dacteur pour Vie Associative. Passionn\u00e9 par le monde associatif depuis plus de 10 ans, j'ai \u00e0 c\u0153ur de partager des histoires inspirantes et de mettre en lumi\u00e8re les initiatives locales. Mon objectif est de sensibiliser et d'encourager l'engagement communautaire \u00e0 travers mes articles.","sameAs":["https:\/\/vieassociative.be\/"]}]}},"_links":{"self":[{"href":"https:\/\/vieassociative.be\/actualites\/wp-json\/wp\/v2\/posts\/8896"}],"collection":[{"href":"https:\/\/vieassociative.be\/actualites\/wp-json\/wp\/v2\/posts"}],"about":[{"href":"https:\/\/vieassociative.be\/actualites\/wp-json\/wp\/v2\/types\/post"}],"author":[{"embeddable":true,"href":"https:\/\/vieassociative.be\/actualites\/wp-json\/wp\/v2\/users\/1"}],"replies":[{"embeddable":true,"href":"https:\/\/vieassociative.be\/actualites\/wp-json\/wp\/v2\/comments?post=8896"}],"version-history":[{"count":0,"href":"https:\/\/vieassociative.be\/actualites\/wp-json\/wp\/v2\/posts\/8896\/revisions"}],"wp:featuredmedia":[{"embeddable":true,"href":"https:\/\/vieassociative.be\/actualites\/wp-json\/wp\/v2\/media\/8897"}],"wp:attachment":[{"href":"https:\/\/vieassociative.be\/actualites\/wp-json\/wp\/v2\/media?parent=8896"}],"wp:term":[{"taxonomy":"category","embeddable":true,"href":"https:\/\/vieassociative.be\/actualites\/wp-json\/wp\/v2\/categories?post=8896"},{"taxonomy":"post_tag","embeddable":true,"href":"https:\/\/vieassociative.be\/actualites\/wp-json\/wp\/v2\/tags?post=8896"}],"curies":[{"name":"wp","href":"https:\/\/api.w.org\/{rel}","templated":true}]}}