{"id":8894,"date":"2025-07-21T03:20:58","date_gmt":"2025-07-21T01:20:58","guid":{"rendered":"https:\/\/vieassociative.be\/actualites\/vous-pouvez-desormais-acheter-le-clavier-a-severance-mais-cela-vous-coutera\/"},"modified":"2025-07-21T03:20:58","modified_gmt":"2025-07-21T01:20:58","slug":"vous-pouvez-desormais-acheter-le-clavier-a-severance-mais-cela-vous-coutera","status":"publish","type":"post","link":"https:\/\/vieassociative.be\/actualites\/vous-pouvez-desormais-acheter-le-clavier-a-severance-mais-cela-vous-coutera\/","title":{"rendered":"Vous pouvez d\u00e9sormais acheter le clavier \u00e0 \u00abSeverance\u00bb, mais cela vous co\u00fbtera"},"content":{"rendered":"<div class=\"mt-4 leading-6 md:mb-8\">Pour votre travail myst\u00e9rieux et important.<\/div>\n<p><\/p>\n<p>Bonjour, raffineurs! Alors que vous vous asseyez \u00e0 votre bureau aujourd&rsquo;hui, j&rsquo;esp\u00e8re que vous \u00eates pr\u00eat \u00e0 ignorer les vibrations vaguement dystopiques tout autour de vous pour vous concentrer sur la fa\u00e7on dont vos ordinateurs sont g\u00e9niaux et r\u00e9tro.<\/p>\n<p>Non, mais s\u00e9rieusement, je suis un peu jaloux de Mark S. pour avoir pass\u00e9 ses journ\u00e9es \u00e0 taper sur une b\u00eate m\u00e9canique aussi magnifique. Les ardoises lourdes <em>Rupture<\/em> Peut-\u00eatre ne pas assez pour me donner envie de me couper moi-m\u00eame, mais j&rsquo;aime un bon trackball, et son clavier en a un <em>int\u00e9gr\u00e9<\/em>.<\/p>\n<p>Si vous avez le m\u00eame type de mal du cerveau que moi, alors bonne nouvelle, vous pouvez acheter le clavier pour <em>Rupture <\/em>tout de suite. Il faudra d&rsquo;abord un don lourd \u00e0 Kier, mais bon, au moins vous pouvez garder vos souvenirs.<\/p>\n<p>Lancement bient\u00f4t via Kickstarter, mais d\u00e9j\u00e0 disponible via le propre site Web de l&rsquo;entreprise, le clavier atomique vend une r\u00e9plique convaincante du clavier depuis <em>Rupture<\/em> pour le prix bas et bas de 899 $. Pr\u00e9-commande, cependant, et vous pourrez l&rsquo;attraper pour un <em>l\u00e9g\u00e8rement<\/em> Plus raisonnable de 599 $ (bien que le prix des pr\u00e9commandes augmentera au fil du temps). L&rsquo;exp\u00e9dition est estim\u00e9e pour novembre, mais comme pour tous les projets Kickstarter, il convient de se rappeler qu&rsquo;il y a un \u00e9l\u00e9ment de risque ici.<\/p>\n<div class=\"eloquent-imagery-image\">\n<div class=\"flex justify-center\">\n                    <img decoding=\"async\" class=\"border border-gray-100\" src=\"https:\/\/vieassociative.be\/actualites\/wp-content\/uploads\/2025\/07\/Vous-pouvez-desormais-acheter-le-clavier-a-Severance-mais-cela.webp.webp\" alt=\"R\u00e9plique du clavier de licenciement dans diff\u00e9rentes dispositions\" width=\"2000\" height=\"975\" loading=\"lazy\"  >\n            <\/div>\n<\/p><\/div>\n<p>Pourtant, cela pourrait \u00eatre un risque que je suis pr\u00eat \u00e0 prendre pour quelque chose d&rsquo;aussi beau. Bien qu&rsquo;il ne soit pas clair quel type de commutateurs m\u00e9caniques que ce clavier utilise, ils semblent \u00eatre swappables \u00e0 chaud et le clavier lui-m\u00eame a en fait un syst\u00e8me de plaque de face magn\u00e9tique qui lui permet d&rsquo;\u00e9changer entre trois modes diff\u00e9rents. Il y a la \u00ab\u00a0mise en page Innie\u00a0\u00bb, qui est exact pour le spectacle et exclut les cl\u00e9s comme Escape and Control, mais il y a aussi la \u00ab\u00a0mise en page d&rsquo;obligation\u00a0\u00bb, qui ram\u00e8ne ces boutons. Fait int\u00e9ressant, il y a aussi une disposition \u00ab\u00a0dasher\u00a0\u00bb, qui est une r\u00e9plique du clavier DG D2 de DG r\u00e9el que le <em>Rupture<\/em> Le clavier est bas\u00e9 sur. Notamment, cette mise en page \u00e9change le trackball pour un Numpad, mais organise toujours les cl\u00e9s comme la \u00ab\u00a0mise en page Innie\u00a0\u00bb. Son inclusion justifie \u00e9galement sans doute l&rsquo;\u00e9tiquette de prix plus \u00e9lev\u00e9e, car trouver un Dasher D2 r\u00e9el en \u00e9tat de marche ces jours-ci est assez difficile.<\/p>\n<p>Une partie de ce qui fait le <em>Rupture<\/em> Le clavier est si satisfaisant et tr\u00e8s gros, cependant, est le corps. Cela pourrait contribuer au co\u00fbt ici, car le clavier atomique indique que sa r\u00e9plique utilise une feuille sup\u00e9rieure en acier, avec une enceinte en aluminium de 15,4 livres. Le trackball est \u00e9galement assez grand, \u00e0 50 mm.<\/p>\n<div class=\"pogoClear relative my-10 border-b-(1.5px) border-t-(1.5px) border-dashed border-black py-5 sm:my-14 sm:border-0 sm:py-0\" data-ga-click data-ga-template=\"News\" data-ga-module=\"openweb_widget\" data-ga-element=\"openweb_scroll\" data-ga-item=\"openweb_scroll_midpage\" x-data=\"{\n         commentsCount: null,\n         hasComments: false,\n         async fetchCommentsCount() {\n             try {\n                 if (window.openweb &amp;&amp; typeof window.openweb.getMessagesCount === 'function') {\n                     this.commentsCount = await window.openweb.getMessagesCount('01K0F1JQ6BACMTV7635EASRG75');\n                     this.hasComments = this.commentsCount !== null &amp;&amp; this.commentsCount &gt; 0;\n                 }\n             } catch (e) {\n                 console.warn('Failed to fetch comment count:', e);\n             }\n         }\n     }\" x-init=\"fetchCommentsCount()\" x-cloak><\/p>\n<div class=\"absolute top-1\/2 hidden w-full -translate-y-1\/2 border-t-(1.5px) border-dashed border-black sm:block\"><\/div>\n<div class=\"relative flex justify-center\">\n<div class=\"flex max-w-fit items-center gap-x-3 bg-white px-5\">\n<div class=\"relative\">\n                <span class=\"absolute left-1\/2 top-1\/2 -translate-x-1\/2 -translate-y-1\/2 font-akshar text-sm font-medium text-black\" aria-live=\"polite\" x-show=\"hasComments\" x-text=\"commentsCount\"><\/span><\/p>\n<p>                <svg class=\"h-8 w-8 text-black\" role=\"img\" aria-hidden=\"true\">\n                    <use href=\"http:\/\/lifehacker.com\/images\/icons\/spritemap.svg#sprite-chat-bubble\"><\/use>\n                <\/svg>\n            <\/div>\n<p>            <span class=\"text-sm font-medium text-black\"><\/p>\n<p>                Que pensez-vous jusqu&rsquo;\u00e0 pr\u00e9sent?<br \/>\n                <button class=\"ml-1 font-semibold text-brand-green underline hover:text-brand-green-700\" type=\"button\" aria-label=\"Comment section trigger\" onclick=\"window.openweb.scrollToComments('01K0F1JQ6BACMTV7635EASRG75')\" x-text=\"hasComments ? 'Post a comment.' : 'Be the first to post a comment.'\"><\/button><br \/>\n            <\/span>\n        <\/div>\n<\/p><\/div>\n<\/div>\n<div class=\"eloquent-imagery-image\">\n<div class=\"flex justify-center\">\n                    <img decoding=\"async\" class=\"border border-gray-100\" src=\"https:\/\/vieassociative.be\/actualites\/wp-content\/uploads\/2025\/07\/1753060858_92_Vous-pouvez-desormais-acheter-le-clavier-a-Severance-mais-cela.webp.webp\" alt=\"REPLICATION DE COURANCE\" width=\"2000\" height=\"1125\" loading=\"lazy\"  >\n            <\/div>\n<\/p><\/div>\n<p>Pourtant, disons que vous n&rsquo;avez pas besoin de tout cela, mais que vous en voulez quand m\u00eame <em>Rupture<\/em> vibrations \u00e0 votre bureau. Dans ce cas, vous pouvez opter pour les touch\u00e9s SA Macrodata Raffinement (R2) de Signature Plastics, une alternative plus abordable que vous pouvez appliquer sur un clavier r\u00e9gulier pour le faire ressembler davantage \u00e0 ceux de l&rsquo;\u00e9mission. Associez-le \u00e0 un trackball comme la souris de trackball sans fil Kensington Expert, et vous aurez une exp\u00e9rience similaire pour beaucoup moins.<\/p>\n<p>Ou, si vous vous sentez astucieux, vous pouvez imprimer un clavier de style Lumon pour vous-m\u00eame.<\/p>\n<p>Notez, cependant, que si vous pr\u00e9commandez la r\u00e9plique des claviers atomiques et jetez un d\u00e9p\u00f4t de 10 $, vous obtenez un sp\u00e9cial, <em>Rupture<\/em> Mat de bureau de style. Avec ce genre de d\u00e9vouement, vous serez peut-\u00eatre r\u00e9compens\u00e9 par une f\u00eate de gaufre.<\/p>\n","protected":false},"excerpt":{"rendered":"<p>Pour votre travail myst\u00e9rieux et important. Bonjour, raffineurs! Alors que vous vous asseyez \u00e0 votre bureau aujourd&rsquo;hui, j&rsquo;esp\u00e8re que vous \u00eates pr\u00eat \u00e0 ignorer les<\/p>\n","protected":false},"author":1,"featured_media":8895,"comment_status":"","ping_status":"","sticky":false,"template":"","format":"standard","meta":{"footnotes":""},"categories":[13],"tags":[428,1610,2268,6140,6,156,5,5228,4],"class_list":["post-8894","post","type-post","status-publish","format-standard","has-post-thumbnail","hentry","category-technologie","tag-acheter","tag-cela","tag-clavier","tag-coutera","tag-desormais","tag-mais","tag-pouvez","tag-severance","tag-vous","generate-columns","tablet-grid-50","mobile-grid-100","grid-parent","grid-33"],"yoast_head":"<!-- This site is optimized with the Yoast SEO plugin v24.0 - https:\/\/yoast.com\/wordpress\/plugins\/seo\/ -->\n<title>Vous pouvez d\u00e9sormais acheter le clavier \u00e0 \u00abSeverance\u00bb, mais cela vous co\u00fbtera | Vie Associative<\/title>\n<meta name=\"robots\" content=\"index, follow, max-snippet:-1, max-image-preview:large, max-video-preview:-1\" \/>\n<link rel=\"canonical\" href=\"https:\/\/vieassociative.be\/actualites\/vous-pouvez-desormais-acheter-le-clavier-a-severance-mais-cela-vous-coutera\/\" \/>\n<meta property=\"og:locale\" content=\"fr_FR\" \/>\n<meta property=\"og:type\" content=\"article\" \/>\n<meta property=\"og:title\" content=\"Vous pouvez d\u00e9sormais acheter le clavier \u00e0 \u00abSeverance\u00bb, mais cela vous co\u00fbtera | Vie Associative\" \/>\n<meta property=\"og:description\" content=\"Pour votre travail myst\u00e9rieux et important. Bonjour, raffineurs! Alors que vous vous asseyez \u00e0 votre bureau aujourd&rsquo;hui, j&rsquo;esp\u00e8re que vous \u00eates pr\u00eat \u00e0 ignorer les\" \/>\n<meta property=\"og:url\" content=\"https:\/\/vieassociative.be\/actualites\/vous-pouvez-desormais-acheter-le-clavier-a-severance-mais-cela-vous-coutera\/\" \/>\n<meta property=\"og:site_name\" content=\"Vie Associative\" \/>\n<meta property=\"article:published_time\" content=\"2025-07-21T01:20:58+00:00\" \/>\n<meta property=\"og:image\" content=\"https:\/\/vieassociative.be\/actualites\/wp-content\/uploads\/2025\/07\/Vous-pouvez-desormais-acheter-le-clavier-a-Severance-mais-cela.webp.webp\" \/>\n<meta name=\"author\" content=\"Julien\" \/>\n<meta name=\"twitter:card\" content=\"summary_large_image\" \/>\n<meta name=\"twitter:label1\" content=\"\u00c9crit par\" \/>\n\t<meta name=\"twitter:data1\" content=\"Julien\" \/>\n\t<meta name=\"twitter:label2\" content=\"Dur\u00e9e de lecture est.\" \/>\n\t<meta name=\"twitter:data2\" content=\"3 minutes\" \/>\n<script type=\"application\/ld+json\" class=\"yoast-schema-graph\">{\"@context\":\"https:\/\/schema.org\",\"@graph\":[{\"@type\":\"Article\",\"@id\":\"https:\/\/vieassociative.be\/actualites\/vous-pouvez-desormais-acheter-le-clavier-a-severance-mais-cela-vous-coutera\/#article\",\"isPartOf\":{\"@id\":\"https:\/\/vieassociative.be\/actualites\/vous-pouvez-desormais-acheter-le-clavier-a-severance-mais-cela-vous-coutera\/\"},\"author\":{\"name\":\"Julien\",\"@id\":\"https:\/\/vieassociative.be\/actualites\/#\/schema\/person\/b87ac4f82f9d4e7b7cec7395b679edc4\"},\"headline\":\"Vous pouvez d\u00e9sormais acheter le clavier \u00e0 \u00abSeverance\u00bb, mais cela vous co\u00fbtera\",\"datePublished\":\"2025-07-21T01:20:58+00:00\",\"dateModified\":\"2025-07-21T01:20:58+00:00\",\"mainEntityOfPage\":{\"@id\":\"https:\/\/vieassociative.be\/actualites\/vous-pouvez-desormais-acheter-le-clavier-a-severance-mais-cela-vous-coutera\/\"},\"wordCount\":662,\"publisher\":{\"@id\":\"https:\/\/vieassociative.be\/actualites\/#organization\"},\"image\":{\"@id\":\"https:\/\/vieassociative.be\/actualites\/vous-pouvez-desormais-acheter-le-clavier-a-severance-mais-cela-vous-coutera\/#primaryimage\"},\"thumbnailUrl\":\"https:\/\/vieassociative.be\/actualites\/wp-content\/uploads\/2025\/07\/Vous-pouvez-desormais-acheter-le-clavier-a-Severance-mais-cela.jpg\",\"keywords\":[\"acheter\",\"cela\",\"clavier\",\"co\u00fbtera\",\"d\u00e9sormais\",\"mais\",\"pouvez\",\"Severance\",\"Vous\"],\"articleSection\":[\"Technologie\"],\"inLanguage\":\"fr-BE\"},{\"@type\":\"WebPage\",\"@id\":\"https:\/\/vieassociative.be\/actualites\/vous-pouvez-desormais-acheter-le-clavier-a-severance-mais-cela-vous-coutera\/\",\"url\":\"https:\/\/vieassociative.be\/actualites\/vous-pouvez-desormais-acheter-le-clavier-a-severance-mais-cela-vous-coutera\/\",\"name\":\"Vous pouvez d\u00e9sormais acheter le clavier \u00e0 \u00abSeverance\u00bb, mais cela vous co\u00fbtera | Vie Associative\",\"isPartOf\":{\"@id\":\"https:\/\/vieassociative.be\/actualites\/#website\"},\"primaryImageOfPage\":{\"@id\":\"https:\/\/vieassociative.be\/actualites\/vous-pouvez-desormais-acheter-le-clavier-a-severance-mais-cela-vous-coutera\/#primaryimage\"},\"image\":{\"@id\":\"https:\/\/vieassociative.be\/actualites\/vous-pouvez-desormais-acheter-le-clavier-a-severance-mais-cela-vous-coutera\/#primaryimage\"},\"thumbnailUrl\":\"https:\/\/vieassociative.be\/actualites\/wp-content\/uploads\/2025\/07\/Vous-pouvez-desormais-acheter-le-clavier-a-Severance-mais-cela.jpg\",\"datePublished\":\"2025-07-21T01:20:58+00:00\",\"dateModified\":\"2025-07-21T01:20:58+00:00\",\"breadcrumb\":{\"@id\":\"https:\/\/vieassociative.be\/actualites\/vous-pouvez-desormais-acheter-le-clavier-a-severance-mais-cela-vous-coutera\/#breadcrumb\"},\"inLanguage\":\"fr-BE\",\"potentialAction\":[{\"@type\":\"ReadAction\",\"target\":[\"https:\/\/vieassociative.be\/actualites\/vous-pouvez-desormais-acheter-le-clavier-a-severance-mais-cela-vous-coutera\/\"]}]},{\"@type\":\"ImageObject\",\"inLanguage\":\"fr-BE\",\"@id\":\"https:\/\/vieassociative.be\/actualites\/vous-pouvez-desormais-acheter-le-clavier-a-severance-mais-cela-vous-coutera\/#primaryimage\",\"url\":\"https:\/\/vieassociative.be\/actualites\/wp-content\/uploads\/2025\/07\/Vous-pouvez-desormais-acheter-le-clavier-a-Severance-mais-cela.jpg\",\"contentUrl\":\"https:\/\/vieassociative.be\/actualites\/wp-content\/uploads\/2025\/07\/Vous-pouvez-desormais-acheter-le-clavier-a-Severance-mais-cela.jpg\",\"width\":1200,\"height\":675,\"caption\":\"Vous pouvez d\u00e9sormais acheter le clavier \u00e0 \u00abSeverance\u00bb, mais cela vous co\u00fbtera\"},{\"@type\":\"BreadcrumbList\",\"@id\":\"https:\/\/vieassociative.be\/actualites\/vous-pouvez-desormais-acheter-le-clavier-a-severance-mais-cela-vous-coutera\/#breadcrumb\",\"itemListElement\":[{\"@type\":\"ListItem\",\"position\":1,\"name\":\"Accueil\",\"item\":\"https:\/\/vieassociative.be\/actualites\/\"},{\"@type\":\"ListItem\",\"position\":2,\"name\":\"Vous pouvez d\u00e9sormais acheter le clavier \u00e0 \u00abSeverance\u00bb, mais cela vous co\u00fbtera\"}]},{\"@type\":\"WebSite\",\"@id\":\"https:\/\/vieassociative.be\/actualites\/#website\",\"url\":\"https:\/\/vieassociative.be\/actualites\/\",\"name\":\"Vie Associative\",\"description\":\"\",\"publisher\":{\"@id\":\"https:\/\/vieassociative.be\/actualites\/#organization\"},\"potentialAction\":[{\"@type\":\"SearchAction\",\"target\":{\"@type\":\"EntryPoint\",\"urlTemplate\":\"https:\/\/vieassociative.be\/actualites\/?s={search_term_string}\"},\"query-input\":{\"@type\":\"PropertyValueSpecification\",\"valueRequired\":true,\"valueName\":\"search_term_string\"}}],\"inLanguage\":\"fr-BE\"},{\"@type\":\"Organization\",\"@id\":\"https:\/\/vieassociative.be\/actualites\/#organization\",\"name\":\"Vie Associative\",\"url\":\"https:\/\/vieassociative.be\/actualites\/\",\"logo\":{\"@type\":\"ImageObject\",\"inLanguage\":\"fr-BE\",\"@id\":\"https:\/\/vieassociative.be\/actualites\/#\/schema\/logo\/image\/\",\"url\":\"https:\/\/vieassociative.be\/actualites\/wp-content\/uploads\/2024\/09\/cropped-vieassociative_favicon.ico.png\",\"contentUrl\":\"https:\/\/vieassociative.be\/actualites\/wp-content\/uploads\/2024\/09\/cropped-vieassociative_favicon.ico.png\",\"width\":512,\"height\":512,\"caption\":\"Vie Associative\"},\"image\":{\"@id\":\"https:\/\/vieassociative.be\/actualites\/#\/schema\/logo\/image\/\"}},{\"@type\":\"Person\",\"@id\":\"https:\/\/vieassociative.be\/actualites\/#\/schema\/person\/b87ac4f82f9d4e7b7cec7395b679edc4\",\"name\":\"Julien\",\"image\":{\"@type\":\"ImageObject\",\"inLanguage\":\"fr-BE\",\"@id\":\"https:\/\/vieassociative.be\/actualites\/#\/schema\/person\/image\/\",\"url\":\"https:\/\/vieassociative.be\/actualites\/wp-content\/uploads\/2024\/09\/vie-associative-1-150x150.jpg\",\"contentUrl\":\"https:\/\/vieassociative.be\/actualites\/wp-content\/uploads\/2024\/09\/vie-associative-1-150x150.jpg\",\"caption\":\"Julien\"},\"description\":\"Je suis Julien, r\u00e9dacteur pour Vie Associative. Passionn\u00e9 par le monde associatif depuis plus de 10 ans, j'ai \u00e0 c\u0153ur de partager des histoires inspirantes et de mettre en lumi\u00e8re les initiatives locales. Mon objectif est de sensibiliser et d'encourager l'engagement communautaire \u00e0 travers mes articles.\",\"sameAs\":[\"https:\/\/vieassociative.be\/\"]}]}<\/script>\n<!-- \/ Yoast SEO plugin. -->","yoast_head_json":{"title":"Vous pouvez d\u00e9sormais acheter le clavier \u00e0 \u00abSeverance\u00bb, mais cela vous co\u00fbtera | Vie Associative","robots":{"index":"index","follow":"follow","max-snippet":"max-snippet:-1","max-image-preview":"max-image-preview:large","max-video-preview":"max-video-preview:-1"},"canonical":"https:\/\/vieassociative.be\/actualites\/vous-pouvez-desormais-acheter-le-clavier-a-severance-mais-cela-vous-coutera\/","og_locale":"fr_FR","og_type":"article","og_title":"Vous pouvez d\u00e9sormais acheter le clavier \u00e0 \u00abSeverance\u00bb, mais cela vous co\u00fbtera | Vie Associative","og_description":"Pour votre travail myst\u00e9rieux et important. Bonjour, raffineurs! Alors que vous vous asseyez \u00e0 votre bureau aujourd&rsquo;hui, j&rsquo;esp\u00e8re que vous \u00eates pr\u00eat \u00e0 ignorer les","og_url":"https:\/\/vieassociative.be\/actualites\/vous-pouvez-desormais-acheter-le-clavier-a-severance-mais-cela-vous-coutera\/","og_site_name":"Vie Associative","article_published_time":"2025-07-21T01:20:58+00:00","og_image":[{"url":"https:\/\/vieassociative.be\/actualites\/wp-content\/uploads\/2025\/07\/Vous-pouvez-desormais-acheter-le-clavier-a-Severance-mais-cela.webp.webp","type":"","width":"","height":""}],"author":"Julien","twitter_card":"summary_large_image","twitter_misc":{"\u00c9crit par":"Julien","Dur\u00e9e de lecture est.":"3 minutes"},"schema":{"@context":"https:\/\/schema.org","@graph":[{"@type":"Article","@id":"https:\/\/vieassociative.be\/actualites\/vous-pouvez-desormais-acheter-le-clavier-a-severance-mais-cela-vous-coutera\/#article","isPartOf":{"@id":"https:\/\/vieassociative.be\/actualites\/vous-pouvez-desormais-acheter-le-clavier-a-severance-mais-cela-vous-coutera\/"},"author":{"name":"Julien","@id":"https:\/\/vieassociative.be\/actualites\/#\/schema\/person\/b87ac4f82f9d4e7b7cec7395b679edc4"},"headline":"Vous pouvez d\u00e9sormais acheter le clavier \u00e0 \u00abSeverance\u00bb, mais cela vous co\u00fbtera","datePublished":"2025-07-21T01:20:58+00:00","dateModified":"2025-07-21T01:20:58+00:00","mainEntityOfPage":{"@id":"https:\/\/vieassociative.be\/actualites\/vous-pouvez-desormais-acheter-le-clavier-a-severance-mais-cela-vous-coutera\/"},"wordCount":662,"publisher":{"@id":"https:\/\/vieassociative.be\/actualites\/#organization"},"image":{"@id":"https:\/\/vieassociative.be\/actualites\/vous-pouvez-desormais-acheter-le-clavier-a-severance-mais-cela-vous-coutera\/#primaryimage"},"thumbnailUrl":"https:\/\/vieassociative.be\/actualites\/wp-content\/uploads\/2025\/07\/Vous-pouvez-desormais-acheter-le-clavier-a-Severance-mais-cela.jpg","keywords":["acheter","cela","clavier","co\u00fbtera","d\u00e9sormais","mais","pouvez","Severance","Vous"],"articleSection":["Technologie"],"inLanguage":"fr-BE"},{"@type":"WebPage","@id":"https:\/\/vieassociative.be\/actualites\/vous-pouvez-desormais-acheter-le-clavier-a-severance-mais-cela-vous-coutera\/","url":"https:\/\/vieassociative.be\/actualites\/vous-pouvez-desormais-acheter-le-clavier-a-severance-mais-cela-vous-coutera\/","name":"Vous pouvez d\u00e9sormais acheter le clavier \u00e0 \u00abSeverance\u00bb, mais cela vous co\u00fbtera | Vie Associative","isPartOf":{"@id":"https:\/\/vieassociative.be\/actualites\/#website"},"primaryImageOfPage":{"@id":"https:\/\/vieassociative.be\/actualites\/vous-pouvez-desormais-acheter-le-clavier-a-severance-mais-cela-vous-coutera\/#primaryimage"},"image":{"@id":"https:\/\/vieassociative.be\/actualites\/vous-pouvez-desormais-acheter-le-clavier-a-severance-mais-cela-vous-coutera\/#primaryimage"},"thumbnailUrl":"https:\/\/vieassociative.be\/actualites\/wp-content\/uploads\/2025\/07\/Vous-pouvez-desormais-acheter-le-clavier-a-Severance-mais-cela.jpg","datePublished":"2025-07-21T01:20:58+00:00","dateModified":"2025-07-21T01:20:58+00:00","breadcrumb":{"@id":"https:\/\/vieassociative.be\/actualites\/vous-pouvez-desormais-acheter-le-clavier-a-severance-mais-cela-vous-coutera\/#breadcrumb"},"inLanguage":"fr-BE","potentialAction":[{"@type":"ReadAction","target":["https:\/\/vieassociative.be\/actualites\/vous-pouvez-desormais-acheter-le-clavier-a-severance-mais-cela-vous-coutera\/"]}]},{"@type":"ImageObject","inLanguage":"fr-BE","@id":"https:\/\/vieassociative.be\/actualites\/vous-pouvez-desormais-acheter-le-clavier-a-severance-mais-cela-vous-coutera\/#primaryimage","url":"https:\/\/vieassociative.be\/actualites\/wp-content\/uploads\/2025\/07\/Vous-pouvez-desormais-acheter-le-clavier-a-Severance-mais-cela.jpg","contentUrl":"https:\/\/vieassociative.be\/actualites\/wp-content\/uploads\/2025\/07\/Vous-pouvez-desormais-acheter-le-clavier-a-Severance-mais-cela.jpg","width":1200,"height":675,"caption":"Vous pouvez d\u00e9sormais acheter le clavier \u00e0 \u00abSeverance\u00bb, mais cela vous co\u00fbtera"},{"@type":"BreadcrumbList","@id":"https:\/\/vieassociative.be\/actualites\/vous-pouvez-desormais-acheter-le-clavier-a-severance-mais-cela-vous-coutera\/#breadcrumb","itemListElement":[{"@type":"ListItem","position":1,"name":"Accueil","item":"https:\/\/vieassociative.be\/actualites\/"},{"@type":"ListItem","position":2,"name":"Vous pouvez d\u00e9sormais acheter le clavier \u00e0 \u00abSeverance\u00bb, mais cela vous co\u00fbtera"}]},{"@type":"WebSite","@id":"https:\/\/vieassociative.be\/actualites\/#website","url":"https:\/\/vieassociative.be\/actualites\/","name":"Vie Associative","description":"","publisher":{"@id":"https:\/\/vieassociative.be\/actualites\/#organization"},"potentialAction":[{"@type":"SearchAction","target":{"@type":"EntryPoint","urlTemplate":"https:\/\/vieassociative.be\/actualites\/?s={search_term_string}"},"query-input":{"@type":"PropertyValueSpecification","valueRequired":true,"valueName":"search_term_string"}}],"inLanguage":"fr-BE"},{"@type":"Organization","@id":"https:\/\/vieassociative.be\/actualites\/#organization","name":"Vie Associative","url":"https:\/\/vieassociative.be\/actualites\/","logo":{"@type":"ImageObject","inLanguage":"fr-BE","@id":"https:\/\/vieassociative.be\/actualites\/#\/schema\/logo\/image\/","url":"https:\/\/vieassociative.be\/actualites\/wp-content\/uploads\/2024\/09\/cropped-vieassociative_favicon.ico.png","contentUrl":"https:\/\/vieassociative.be\/actualites\/wp-content\/uploads\/2024\/09\/cropped-vieassociative_favicon.ico.png","width":512,"height":512,"caption":"Vie Associative"},"image":{"@id":"https:\/\/vieassociative.be\/actualites\/#\/schema\/logo\/image\/"}},{"@type":"Person","@id":"https:\/\/vieassociative.be\/actualites\/#\/schema\/person\/b87ac4f82f9d4e7b7cec7395b679edc4","name":"Julien","image":{"@type":"ImageObject","inLanguage":"fr-BE","@id":"https:\/\/vieassociative.be\/actualites\/#\/schema\/person\/image\/","url":"https:\/\/vieassociative.be\/actualites\/wp-content\/uploads\/2024\/09\/vie-associative-1-150x150.jpg","contentUrl":"https:\/\/vieassociative.be\/actualites\/wp-content\/uploads\/2024\/09\/vie-associative-1-150x150.jpg","caption":"Julien"},"description":"Je suis Julien, r\u00e9dacteur pour Vie Associative. Passionn\u00e9 par le monde associatif depuis plus de 10 ans, j'ai \u00e0 c\u0153ur de partager des histoires inspirantes et de mettre en lumi\u00e8re les initiatives locales. Mon objectif est de sensibiliser et d'encourager l'engagement communautaire \u00e0 travers mes articles.","sameAs":["https:\/\/vieassociative.be\/"]}]}},"_links":{"self":[{"href":"https:\/\/vieassociative.be\/actualites\/wp-json\/wp\/v2\/posts\/8894"}],"collection":[{"href":"https:\/\/vieassociative.be\/actualites\/wp-json\/wp\/v2\/posts"}],"about":[{"href":"https:\/\/vieassociative.be\/actualites\/wp-json\/wp\/v2\/types\/post"}],"author":[{"embeddable":true,"href":"https:\/\/vieassociative.be\/actualites\/wp-json\/wp\/v2\/users\/1"}],"replies":[{"embeddable":true,"href":"https:\/\/vieassociative.be\/actualites\/wp-json\/wp\/v2\/comments?post=8894"}],"version-history":[{"count":0,"href":"https:\/\/vieassociative.be\/actualites\/wp-json\/wp\/v2\/posts\/8894\/revisions"}],"wp:featuredmedia":[{"embeddable":true,"href":"https:\/\/vieassociative.be\/actualites\/wp-json\/wp\/v2\/media\/8895"}],"wp:attachment":[{"href":"https:\/\/vieassociative.be\/actualites\/wp-json\/wp\/v2\/media?parent=8894"}],"wp:term":[{"taxonomy":"category","embeddable":true,"href":"https:\/\/vieassociative.be\/actualites\/wp-json\/wp\/v2\/categories?post=8894"},{"taxonomy":"post_tag","embeddable":true,"href":"https:\/\/vieassociative.be\/actualites\/wp-json\/wp\/v2\/tags?post=8894"}],"curies":[{"name":"wp","href":"https:\/\/api.w.org\/{rel}","templated":true}]}}