{"id":8890,"date":"2025-07-20T22:17:32","date_gmt":"2025-07-20T20:17:32","guid":{"rendered":"https:\/\/vieassociative.be\/actualites\/supercup-fc-bruges-gagne-2-1-avec-meister-union\/"},"modified":"2025-07-20T22:17:32","modified_gmt":"2025-07-20T20:17:32","slug":"supercup-fc-bruges-gagne-2-1-avec-meister-union","status":"publish","type":"post","link":"https:\/\/vieassociative.be\/actualites\/supercup-fc-bruges-gagne-2-1-avec-meister-union\/","title":{"rendered":"Supercup: FC Bruges gagne 2-1 avec Meister Union"},"content":{"rendered":"<p><strong>Le FC Bruges a remport\u00e9 son 18e supercup belge dimanche. Le finaliste et le vainqueur de la Coupe belge en 2025 ont pr\u00e9valu 2-1 lors de ce premier match officiel de la saison 2025-2026 dans le stade Joseph-Marien, le site d&rsquo;origine du ma\u00eetre belge en titre.<\/strong><\/p>\n<p><span id=\"more-420553\"><\/span>Au d\u00e9but du jeu, qui pouvait \u00eatre vu gratuitement sur l&rsquo;application Dazn, Hans Vanaken a fait un coup qui a \u00e9t\u00e9 bri\u00e8vement d\u00e9vi\u00e9 par Vic Chambaere, qui a remplac\u00e9 l&rsquo;Anthony Moris, qui a \u00e9t\u00e9 migr\u00e9 en Arabie saoudite (6e). L&rsquo;attaquant de l&rsquo;Union, Kevin Rodriguez, a r\u00e9pondu avec une t\u00eate (9e), qui, cependant, a d\u00e9pass\u00e9 le but de Simon Mignolet.<\/p>\n<\/p>\n<div id=\"attachment_414788\" class=\"wp-caption alignleft\" style=\"max-width: 300px\"><img fetchpriority=\"high\" decoding=\"async\" class=\"wp-image-414788 size-medium\" src=\"https:\/\/vieassociative.be\/actualites\/wp-content\/uploads\/2025\/05\/1748204273_923_Royale-Union-Saint-Gilloie-apres-3-1-victoire-contre-Gand-enfin-lors.jpg\" alt=\"\" width=\"300\" height=\"208\"><\/p>\n<p class=\"wp-caption-text\">Christian Burgess de l&rsquo;Union Saint-Gilloise. Photo: Belga<\/p>\n<\/div>\n<p>Apr\u00e8s un quart d&rsquo;heure, les Bruxelles ont pris les devants apr\u00e8s une n\u00e9gligence dans la d\u00e9fense de Br\u00fcgger: Franjo Ivanovic a couru vers le but seul et a tir\u00e9 le ballon devant Mignolet dans le filet (15e).<\/p>\n<p>Christos Tzolis, qui s&rsquo;\u00e9tait d\u00e9j\u00e0 montr\u00e9 dangereusement sur l&rsquo;offensive, a pris un penalty apr\u00e8s une demi-heure apr\u00e8s avoir \u00e9t\u00e9 en faute par Christian Burgess dans la r\u00e9gion. Le grec a converti la p\u00e9nalit\u00e9 lui-m\u00eame et d\u00e9pass\u00e9 Chambaere (31e).<\/p>\n<p>Avant la pause, Vanaken a mis le Club Bruges en t\u00eate (45. + 1). Apr\u00e8s un coin de Tzolis, le capitaine de Br\u00fcgger a utilis\u00e9 la passivit\u00e9 de la d\u00e9fense de l&rsquo;Union, y compris le gardien Chambaere, et a dirig\u00e9 le ballon dans le filet.<\/p>\n<div id=\"attachment_385277\" class=\"wp-caption alignleft\" style=\"max-width: 300px\"><img decoding=\"async\" class=\"wp-image-385277 size-medium\" src=\"https:\/\/vieassociative.be\/actualites\/wp-content\/uploads\/2025\/01\/Aujourdhui-Journee-des-champions-les-plus-chaudes-de-tous-les.jpg\" alt=\"\" width=\"300\" height=\"206\"><\/p>\n<p class=\"wp-caption-text\">L&rsquo;entra\u00eeneur-chef Nicky Hayen (photo) du FC Bruges. Photo: Nikola Krstic \/ Belga \/ DPA<\/p>\n<\/div>\n<p>En seconde p\u00e9riode, il y a eu la sc\u00e8ne cl\u00e9 du match \u00e0 la 60e minute: Charles Vanhouttte a \u00e9t\u00e9 jou\u00e9 dans la zone de p\u00e9nalit\u00e9 de Br\u00fcgger et est apparu seul devant Mignolet, qui, cependant, a d\u00e9vi\u00e9 le ballon au coin avec le pied (60e).<\/p>\n<p>Les syndicalistes ont d\u00e9cern\u00e9 la pression, puis ont attribu\u00e9 certaines chances, mais ils ne voulaient pas r\u00e9ussir \u00e0 \u00e9galiser. Le Br\u00fcgger pourrait d\u00e9fendre la victoire serr\u00e9e et recherche donc un bon d\u00e9but de championnat.<\/p>\n<p>Malgr\u00e9 la d\u00e9faite, l&rsquo;entra\u00eeneur de l&rsquo;Union, S\u00e9bastien Pocognoli, a \u00e9galement pu saisir certains aspects positifs. Le syndicat commence la nouvelle saison de la Jupiler Pro League vendredi \u00e0 20 h 45. avec un jeu \u00e0 l&rsquo;ext\u00e9rieur au Royal Antwerp FC. Le FC Bruges jouera un premier match contre le Genk KRC le premier jour de la journ\u00e9e prochain \u00e0 18h30. (Cre)<\/p>\n","protected":false},"excerpt":{"rendered":"<p>Le FC Bruges a remport\u00e9 son 18e supercup belge dimanche. Le finaliste et le vainqueur de la Coupe belge en 2025 ont pr\u00e9valu 2-1 lors<\/p>\n","protected":false},"author":1,"featured_media":8891,"comment_status":"","ping_status":"","sticky":false,"template":"","format":"standard","meta":{"footnotes":""},"categories":[298],"tags":[61,2851,2299,692,7841,4627],"class_list":["post-8890","post","type-post","status-publish","format-standard","has-post-thumbnail","hentry","category-belgique","tag-avec","tag-bruges","tag-gagne","tag-meister","tag-supercup","tag-union","generate-columns","tablet-grid-50","mobile-grid-100","grid-parent","grid-33"],"yoast_head":"<!-- This site is optimized with the Yoast SEO plugin v24.0 - https:\/\/yoast.com\/wordpress\/plugins\/seo\/ -->\n<title>Supercup: FC Bruges gagne 2-1 avec Meister Union | Vie Associative<\/title>\n<meta name=\"robots\" content=\"index, follow, max-snippet:-1, max-image-preview:large, max-video-preview:-1\" \/>\n<link rel=\"canonical\" href=\"https:\/\/vieassociative.be\/actualites\/supercup-fc-bruges-gagne-2-1-avec-meister-union\/\" \/>\n<meta property=\"og:locale\" content=\"fr_FR\" \/>\n<meta property=\"og:type\" content=\"article\" \/>\n<meta property=\"og:title\" content=\"Supercup: FC Bruges gagne 2-1 avec Meister Union | Vie Associative\" \/>\n<meta property=\"og:description\" content=\"Le FC Bruges a remport\u00e9 son 18e supercup belge dimanche. Le finaliste et le vainqueur de la Coupe belge en 2025 ont pr\u00e9valu 2-1 lors\" \/>\n<meta property=\"og:url\" content=\"https:\/\/vieassociative.be\/actualites\/supercup-fc-bruges-gagne-2-1-avec-meister-union\/\" \/>\n<meta property=\"og:site_name\" content=\"Vie Associative\" \/>\n<meta property=\"article:published_time\" content=\"2025-07-20T20:17:32+00:00\" \/>\n<meta property=\"og:image\" content=\"https:\/\/vieassociative.be\/actualites\/wp-content\/uploads\/2024\/09\/header_backgroundk-01-e1726694325946.png\" \/>\n\t<meta property=\"og:image:width\" content=\"279\" \/>\n\t<meta property=\"og:image:height\" content=\"92\" \/>\n\t<meta property=\"og:image:type\" content=\"image\/png\" \/>\n<meta name=\"author\" content=\"Julien\" \/>\n<meta name=\"twitter:card\" content=\"summary_large_image\" \/>\n<meta name=\"twitter:label1\" content=\"\u00c9crit par\" \/>\n\t<meta name=\"twitter:data1\" content=\"Julien\" \/>\n\t<meta name=\"twitter:label2\" content=\"Dur\u00e9e de lecture est.\" \/>\n\t<meta name=\"twitter:data2\" content=\"2 minutes\" \/>\n<script type=\"application\/ld+json\" class=\"yoast-schema-graph\">{\"@context\":\"https:\/\/schema.org\",\"@graph\":[{\"@type\":\"Article\",\"@id\":\"https:\/\/vieassociative.be\/actualites\/supercup-fc-bruges-gagne-2-1-avec-meister-union\/#article\",\"isPartOf\":{\"@id\":\"https:\/\/vieassociative.be\/actualites\/supercup-fc-bruges-gagne-2-1-avec-meister-union\/\"},\"author\":{\"name\":\"Julien\",\"@id\":\"https:\/\/vieassociative.be\/actualites\/#\/schema\/person\/b87ac4f82f9d4e7b7cec7395b679edc4\"},\"headline\":\"Supercup: FC Bruges gagne 2-1 avec Meister Union\",\"datePublished\":\"2025-07-20T20:17:32+00:00\",\"dateModified\":\"2025-07-20T20:17:32+00:00\",\"mainEntityOfPage\":{\"@id\":\"https:\/\/vieassociative.be\/actualites\/supercup-fc-bruges-gagne-2-1-avec-meister-union\/\"},\"wordCount\":437,\"publisher\":{\"@id\":\"https:\/\/vieassociative.be\/actualites\/#organization\"},\"image\":{\"@id\":\"https:\/\/vieassociative.be\/actualites\/supercup-fc-bruges-gagne-2-1-avec-meister-union\/#primaryimage\"},\"thumbnailUrl\":\"https:\/\/vieassociative.be\/actualites\/wp-content\/uploads\/2025\/07\/Supercup-FC-Bruges-gagne-2-1-avec-Meister-Union.jpg\",\"keywords\":[\"avec\",\"Bruges\",\"gagn\u00e9\",\"Meister\",\"Supercup\",\"Union\"],\"articleSection\":[\"Belgique\"],\"inLanguage\":\"fr-BE\"},{\"@type\":\"WebPage\",\"@id\":\"https:\/\/vieassociative.be\/actualites\/supercup-fc-bruges-gagne-2-1-avec-meister-union\/\",\"url\":\"https:\/\/vieassociative.be\/actualites\/supercup-fc-bruges-gagne-2-1-avec-meister-union\/\",\"name\":\"Supercup: FC Bruges gagne 2-1 avec Meister Union | Vie Associative\",\"isPartOf\":{\"@id\":\"https:\/\/vieassociative.be\/actualites\/#website\"},\"primaryImageOfPage\":{\"@id\":\"https:\/\/vieassociative.be\/actualites\/supercup-fc-bruges-gagne-2-1-avec-meister-union\/#primaryimage\"},\"image\":{\"@id\":\"https:\/\/vieassociative.be\/actualites\/supercup-fc-bruges-gagne-2-1-avec-meister-union\/#primaryimage\"},\"thumbnailUrl\":\"https:\/\/vieassociative.be\/actualites\/wp-content\/uploads\/2025\/07\/Supercup-FC-Bruges-gagne-2-1-avec-Meister-Union.jpg\",\"datePublished\":\"2025-07-20T20:17:32+00:00\",\"dateModified\":\"2025-07-20T20:17:32+00:00\",\"breadcrumb\":{\"@id\":\"https:\/\/vieassociative.be\/actualites\/supercup-fc-bruges-gagne-2-1-avec-meister-union\/#breadcrumb\"},\"inLanguage\":\"fr-BE\",\"potentialAction\":[{\"@type\":\"ReadAction\",\"target\":[\"https:\/\/vieassociative.be\/actualites\/supercup-fc-bruges-gagne-2-1-avec-meister-union\/\"]}]},{\"@type\":\"ImageObject\",\"inLanguage\":\"fr-BE\",\"@id\":\"https:\/\/vieassociative.be\/actualites\/supercup-fc-bruges-gagne-2-1-avec-meister-union\/#primaryimage\",\"url\":\"https:\/\/vieassociative.be\/actualites\/wp-content\/uploads\/2025\/07\/Supercup-FC-Bruges-gagne-2-1-avec-Meister-Union.jpg\",\"contentUrl\":\"https:\/\/vieassociative.be\/actualites\/wp-content\/uploads\/2025\/07\/Supercup-FC-Bruges-gagne-2-1-avec-Meister-Union.jpg\",\"width\":1200,\"height\":765,\"caption\":\"Supercup: FC Bruges gagne 2-1 avec Meister Union\"},{\"@type\":\"BreadcrumbList\",\"@id\":\"https:\/\/vieassociative.be\/actualites\/supercup-fc-bruges-gagne-2-1-avec-meister-union\/#breadcrumb\",\"itemListElement\":[{\"@type\":\"ListItem\",\"position\":1,\"name\":\"Accueil\",\"item\":\"https:\/\/vieassociative.be\/actualites\/\"},{\"@type\":\"ListItem\",\"position\":2,\"name\":\"Supercup: FC Bruges gagne 2-1 avec Meister Union\"}]},{\"@type\":\"WebSite\",\"@id\":\"https:\/\/vieassociative.be\/actualites\/#website\",\"url\":\"https:\/\/vieassociative.be\/actualites\/\",\"name\":\"Vie Associative\",\"description\":\"\",\"publisher\":{\"@id\":\"https:\/\/vieassociative.be\/actualites\/#organization\"},\"potentialAction\":[{\"@type\":\"SearchAction\",\"target\":{\"@type\":\"EntryPoint\",\"urlTemplate\":\"https:\/\/vieassociative.be\/actualites\/?s={search_term_string}\"},\"query-input\":{\"@type\":\"PropertyValueSpecification\",\"valueRequired\":true,\"valueName\":\"search_term_string\"}}],\"inLanguage\":\"fr-BE\"},{\"@type\":\"Organization\",\"@id\":\"https:\/\/vieassociative.be\/actualites\/#organization\",\"name\":\"Vie Associative\",\"url\":\"https:\/\/vieassociative.be\/actualites\/\",\"logo\":{\"@type\":\"ImageObject\",\"inLanguage\":\"fr-BE\",\"@id\":\"https:\/\/vieassociative.be\/actualites\/#\/schema\/logo\/image\/\",\"url\":\"https:\/\/vieassociative.be\/actualites\/wp-content\/uploads\/2024\/09\/cropped-vieassociative_favicon.ico.png\",\"contentUrl\":\"https:\/\/vieassociative.be\/actualites\/wp-content\/uploads\/2024\/09\/cropped-vieassociative_favicon.ico.png\",\"width\":512,\"height\":512,\"caption\":\"Vie Associative\"},\"image\":{\"@id\":\"https:\/\/vieassociative.be\/actualites\/#\/schema\/logo\/image\/\"}},{\"@type\":\"Person\",\"@id\":\"https:\/\/vieassociative.be\/actualites\/#\/schema\/person\/b87ac4f82f9d4e7b7cec7395b679edc4\",\"name\":\"Julien\",\"image\":{\"@type\":\"ImageObject\",\"inLanguage\":\"fr-BE\",\"@id\":\"https:\/\/vieassociative.be\/actualites\/#\/schema\/person\/image\/\",\"url\":\"https:\/\/vieassociative.be\/actualites\/wp-content\/uploads\/2024\/09\/vie-associative-1-150x150.jpg\",\"contentUrl\":\"https:\/\/vieassociative.be\/actualites\/wp-content\/uploads\/2024\/09\/vie-associative-1-150x150.jpg\",\"caption\":\"Julien\"},\"description\":\"Je suis Julien, r\u00e9dacteur pour Vie Associative. Passionn\u00e9 par le monde associatif depuis plus de 10 ans, j'ai \u00e0 c\u0153ur de partager des histoires inspirantes et de mettre en lumi\u00e8re les initiatives locales. Mon objectif est de sensibiliser et d'encourager l'engagement communautaire \u00e0 travers mes articles.\",\"sameAs\":[\"https:\/\/vieassociative.be\/\"]}]}<\/script>\n<!-- \/ Yoast SEO plugin. -->","yoast_head_json":{"title":"Supercup: FC Bruges gagne 2-1 avec Meister Union | Vie Associative","robots":{"index":"index","follow":"follow","max-snippet":"max-snippet:-1","max-image-preview":"max-image-preview:large","max-video-preview":"max-video-preview:-1"},"canonical":"https:\/\/vieassociative.be\/actualites\/supercup-fc-bruges-gagne-2-1-avec-meister-union\/","og_locale":"fr_FR","og_type":"article","og_title":"Supercup: FC Bruges gagne 2-1 avec Meister Union | Vie Associative","og_description":"Le FC Bruges a remport\u00e9 son 18e supercup belge dimanche. Le finaliste et le vainqueur de la Coupe belge en 2025 ont pr\u00e9valu 2-1 lors","og_url":"https:\/\/vieassociative.be\/actualites\/supercup-fc-bruges-gagne-2-1-avec-meister-union\/","og_site_name":"Vie Associative","article_published_time":"2025-07-20T20:17:32+00:00","og_image":[{"width":279,"height":92,"url":"https:\/\/vieassociative.be\/actualites\/wp-content\/uploads\/2024\/09\/header_backgroundk-01-e1726694325946.png","type":"image\/png"}],"author":"Julien","twitter_card":"summary_large_image","twitter_misc":{"\u00c9crit par":"Julien","Dur\u00e9e de lecture est.":"2 minutes"},"schema":{"@context":"https:\/\/schema.org","@graph":[{"@type":"Article","@id":"https:\/\/vieassociative.be\/actualites\/supercup-fc-bruges-gagne-2-1-avec-meister-union\/#article","isPartOf":{"@id":"https:\/\/vieassociative.be\/actualites\/supercup-fc-bruges-gagne-2-1-avec-meister-union\/"},"author":{"name":"Julien","@id":"https:\/\/vieassociative.be\/actualites\/#\/schema\/person\/b87ac4f82f9d4e7b7cec7395b679edc4"},"headline":"Supercup: FC Bruges gagne 2-1 avec Meister Union","datePublished":"2025-07-20T20:17:32+00:00","dateModified":"2025-07-20T20:17:32+00:00","mainEntityOfPage":{"@id":"https:\/\/vieassociative.be\/actualites\/supercup-fc-bruges-gagne-2-1-avec-meister-union\/"},"wordCount":437,"publisher":{"@id":"https:\/\/vieassociative.be\/actualites\/#organization"},"image":{"@id":"https:\/\/vieassociative.be\/actualites\/supercup-fc-bruges-gagne-2-1-avec-meister-union\/#primaryimage"},"thumbnailUrl":"https:\/\/vieassociative.be\/actualites\/wp-content\/uploads\/2025\/07\/Supercup-FC-Bruges-gagne-2-1-avec-Meister-Union.jpg","keywords":["avec","Bruges","gagn\u00e9","Meister","Supercup","Union"],"articleSection":["Belgique"],"inLanguage":"fr-BE"},{"@type":"WebPage","@id":"https:\/\/vieassociative.be\/actualites\/supercup-fc-bruges-gagne-2-1-avec-meister-union\/","url":"https:\/\/vieassociative.be\/actualites\/supercup-fc-bruges-gagne-2-1-avec-meister-union\/","name":"Supercup: FC Bruges gagne 2-1 avec Meister Union | Vie Associative","isPartOf":{"@id":"https:\/\/vieassociative.be\/actualites\/#website"},"primaryImageOfPage":{"@id":"https:\/\/vieassociative.be\/actualites\/supercup-fc-bruges-gagne-2-1-avec-meister-union\/#primaryimage"},"image":{"@id":"https:\/\/vieassociative.be\/actualites\/supercup-fc-bruges-gagne-2-1-avec-meister-union\/#primaryimage"},"thumbnailUrl":"https:\/\/vieassociative.be\/actualites\/wp-content\/uploads\/2025\/07\/Supercup-FC-Bruges-gagne-2-1-avec-Meister-Union.jpg","datePublished":"2025-07-20T20:17:32+00:00","dateModified":"2025-07-20T20:17:32+00:00","breadcrumb":{"@id":"https:\/\/vieassociative.be\/actualites\/supercup-fc-bruges-gagne-2-1-avec-meister-union\/#breadcrumb"},"inLanguage":"fr-BE","potentialAction":[{"@type":"ReadAction","target":["https:\/\/vieassociative.be\/actualites\/supercup-fc-bruges-gagne-2-1-avec-meister-union\/"]}]},{"@type":"ImageObject","inLanguage":"fr-BE","@id":"https:\/\/vieassociative.be\/actualites\/supercup-fc-bruges-gagne-2-1-avec-meister-union\/#primaryimage","url":"https:\/\/vieassociative.be\/actualites\/wp-content\/uploads\/2025\/07\/Supercup-FC-Bruges-gagne-2-1-avec-Meister-Union.jpg","contentUrl":"https:\/\/vieassociative.be\/actualites\/wp-content\/uploads\/2025\/07\/Supercup-FC-Bruges-gagne-2-1-avec-Meister-Union.jpg","width":1200,"height":765,"caption":"Supercup: FC Bruges gagne 2-1 avec Meister Union"},{"@type":"BreadcrumbList","@id":"https:\/\/vieassociative.be\/actualites\/supercup-fc-bruges-gagne-2-1-avec-meister-union\/#breadcrumb","itemListElement":[{"@type":"ListItem","position":1,"name":"Accueil","item":"https:\/\/vieassociative.be\/actualites\/"},{"@type":"ListItem","position":2,"name":"Supercup: FC Bruges gagne 2-1 avec Meister Union"}]},{"@type":"WebSite","@id":"https:\/\/vieassociative.be\/actualites\/#website","url":"https:\/\/vieassociative.be\/actualites\/","name":"Vie Associative","description":"","publisher":{"@id":"https:\/\/vieassociative.be\/actualites\/#organization"},"potentialAction":[{"@type":"SearchAction","target":{"@type":"EntryPoint","urlTemplate":"https:\/\/vieassociative.be\/actualites\/?s={search_term_string}"},"query-input":{"@type":"PropertyValueSpecification","valueRequired":true,"valueName":"search_term_string"}}],"inLanguage":"fr-BE"},{"@type":"Organization","@id":"https:\/\/vieassociative.be\/actualites\/#organization","name":"Vie Associative","url":"https:\/\/vieassociative.be\/actualites\/","logo":{"@type":"ImageObject","inLanguage":"fr-BE","@id":"https:\/\/vieassociative.be\/actualites\/#\/schema\/logo\/image\/","url":"https:\/\/vieassociative.be\/actualites\/wp-content\/uploads\/2024\/09\/cropped-vieassociative_favicon.ico.png","contentUrl":"https:\/\/vieassociative.be\/actualites\/wp-content\/uploads\/2024\/09\/cropped-vieassociative_favicon.ico.png","width":512,"height":512,"caption":"Vie Associative"},"image":{"@id":"https:\/\/vieassociative.be\/actualites\/#\/schema\/logo\/image\/"}},{"@type":"Person","@id":"https:\/\/vieassociative.be\/actualites\/#\/schema\/person\/b87ac4f82f9d4e7b7cec7395b679edc4","name":"Julien","image":{"@type":"ImageObject","inLanguage":"fr-BE","@id":"https:\/\/vieassociative.be\/actualites\/#\/schema\/person\/image\/","url":"https:\/\/vieassociative.be\/actualites\/wp-content\/uploads\/2024\/09\/vie-associative-1-150x150.jpg","contentUrl":"https:\/\/vieassociative.be\/actualites\/wp-content\/uploads\/2024\/09\/vie-associative-1-150x150.jpg","caption":"Julien"},"description":"Je suis Julien, r\u00e9dacteur pour Vie Associative. Passionn\u00e9 par le monde associatif depuis plus de 10 ans, j'ai \u00e0 c\u0153ur de partager des histoires inspirantes et de mettre en lumi\u00e8re les initiatives locales. Mon objectif est de sensibiliser et d'encourager l'engagement communautaire \u00e0 travers mes articles.","sameAs":["https:\/\/vieassociative.be\/"]}]}},"_links":{"self":[{"href":"https:\/\/vieassociative.be\/actualites\/wp-json\/wp\/v2\/posts\/8890"}],"collection":[{"href":"https:\/\/vieassociative.be\/actualites\/wp-json\/wp\/v2\/posts"}],"about":[{"href":"https:\/\/vieassociative.be\/actualites\/wp-json\/wp\/v2\/types\/post"}],"author":[{"embeddable":true,"href":"https:\/\/vieassociative.be\/actualites\/wp-json\/wp\/v2\/users\/1"}],"replies":[{"embeddable":true,"href":"https:\/\/vieassociative.be\/actualites\/wp-json\/wp\/v2\/comments?post=8890"}],"version-history":[{"count":0,"href":"https:\/\/vieassociative.be\/actualites\/wp-json\/wp\/v2\/posts\/8890\/revisions"}],"wp:featuredmedia":[{"embeddable":true,"href":"https:\/\/vieassociative.be\/actualites\/wp-json\/wp\/v2\/media\/8891"}],"wp:attachment":[{"href":"https:\/\/vieassociative.be\/actualites\/wp-json\/wp\/v2\/media?parent=8890"}],"wp:term":[{"taxonomy":"category","embeddable":true,"href":"https:\/\/vieassociative.be\/actualites\/wp-json\/wp\/v2\/categories?post=8890"},{"taxonomy":"post_tag","embeddable":true,"href":"https:\/\/vieassociative.be\/actualites\/wp-json\/wp\/v2\/tags?post=8890"}],"curies":[{"name":"wp","href":"https:\/\/api.w.org\/{rel}","templated":true}]}}