{"id":8886,"date":"2025-07-20T15:17:57","date_gmt":"2025-07-20T13:17:57","guid":{"rendered":"https:\/\/vieassociative.be\/actualites\/mon-amazon-de-la-journee-preferee-cette-hissense-qled-canvastv\/"},"modified":"2025-07-20T15:17:57","modified_gmt":"2025-07-20T13:17:57","slug":"mon-amazon-de-la-journee-preferee-cette-hissense-qled-canvastv","status":"publish","type":"post","link":"https:\/\/vieassociative.be\/actualites\/mon-amazon-de-la-journee-preferee-cette-hissense-qled-canvastv\/","title":{"rendered":"Mon Amazon de la journ\u00e9e pr\u00e9f\u00e9r\u00e9e: cette Hissense Qled &lsquo;Canvastv&rsquo;"},"content":{"rendered":"<div class=\"mt-4 leading-6 md:mb-8\">Ce concurrent du cadre de Samsung est environ la moiti\u00e9 du prix.<\/div>\n<p><\/p>\n<p>Si vous \u00eates comme la plupart des gens, la pi\u00e8ce ma\u00eetresse de votre d\u00e9coration de salon est un t\u00e9l\u00e9viseur. Quand il est \u00e9teint, tous vos meubles sont juste point\u00e9s sur un rectangle noir. Si cela vous d\u00e9range, envisagez de sauter sur la tendance \u00ab\u00a0Art TV\u00a0\u00bb qui a commenc\u00e9 avec le cadre de Samsung. Ces ensembles sont faits pour ressembler \u00e0 une \u0153uvre d&rsquo;art et affichent une image de votre choix lorsqu&rsquo;il n&rsquo;est pas utilis\u00e9. Le cadre est une option co\u00fbteuse, mais d&rsquo;autres marques ont leurs propres offres, y compris Hisense et son Canvastv.<\/p>\n<p>D\u00e9j\u00e0 une option plus abordable, vous pouvez actuellement obtenir un Hisense Canvastv de 55 pouces pour <strong>688,99 $<\/strong> (en baisse de 999,99 $). Il s&rsquo;agit du prix le plus bas qu&rsquo;il a \u00e9t\u00e9 en fonction des outils de suivi des prix. (D&rsquo;autres tailles sont \u00e9galement disponibles.)<\/p>\n<div class=\"shadow-b-2 mb-12 mt-10 rounded-md border-2 border-(#F0F0F0) px-6 py-2 shadow-lg md:px-12\" role=\"region\" aria-label=\"Products List\" x-data=\"{ showMore: false }\">\n<div class=\"flex w-full gap-x-5\">\n<div class=\"flex w-full flex-col flex-nowrap justify-center gap-2 text-black no-underline md:order-2 md:gap-y-6\">\n<div class=\"flex flex-col justify-between gap-y-2 md:w-full md:gap-y-1\">\n<div class=\"block font-sans text-xs font-semibold capitalize leading-3 text-gray-900 md:leading-4\">144Hz, mode art, panneau anti-glare, affichage Hi-Matte, monture murale \u00e0 cadre et ultraslim incluse<\/div>\n<div class=\"block w-fit cursor-pointer font-akshar text-lg font-medium leading-5 text-brand-green duration-200 ease-in-out hover:text-brand-green-700 md:text-xl md:leading-6\">\n<p>                            Classe de 55 pouces de 55 pouces\n                        <\/p><\/div>\n<\/p><\/div>\n<div class=\"hidden md:flex md:justify-between md:gap-x-4\">\n<div class=\"w-full mb-0 md:flex md:flex-col md:justify-center font-sans leading-4 text-black\">\n<div class=\"flex flex-wrap items-center justify-center gap-x-1 md:justify-start\">\n        <span class=\"font-bold\"><\/p>\n<p>            688,99 $<br \/>\n                            <span class=\"font-medium\">\u00e0 Amazon<\/span><br \/>\n                    <\/span>\n            <\/div>\n<div class=\"flex items-center justify-center gap-x-1 font-bold md:justify-start\">\n            <span class=\"text-sm line-through\">999,99 $<\/span><br \/>\n            <span class=\"text-sm text-brand-green\">\u00c9conomisez 311,00 $<\/span>\n        <\/div>\n<\/p><\/div>\n<p>                            <button class=\"flex justify-center items-center w-full bg-brand-green text-white text-base font-sans font-medium rounded-md hover:bg-brand-green-700 hover:cursor-pointer md:text-sm hidden self-end h-12 max-w-(10rem) duration-200 ease-in-out hover:bg-brand-green-700 md:flex md:h-10\"><\/p>\n<p>    Conclure un accord<br \/>\n<\/button>\n                        <\/div>\n<\/p><\/div>\n<div class=\"flex aspect-video h-(90px) shrink-0 items-center justify-center self-center md:order-1\">\n                        <img decoding=\"async\" class=\"m-0 max-h-full max-w-full rounded-md\" src=\"https:\/\/vieassociative.be\/actualites\/wp-content\/uploads\/2025\/07\/Mon-Amazon-de-la-journee-preferee-cette-Hissense-Qled-Canvastv.jpg\" alt=\"HISENSE 55 pouces Classe QLED 4K S7N Canvastv Series Dolby Vision HDR Google Smart TV (55S7N, mod\u00e8le 2024) - Mode d'art, panneau anti-glare, affichage Hi-Matte, monture murale \u00e0 cadre et ultraslim incluse, 144Hz\" width=\"auto\" height=\"auto\" loading=\"lazy\">\n                    <\/div>\n<\/p><\/div>\n<p>                            <button class=\"flex justify-center items-center w-full bg-brand-green text-white text-base font-sans font-medium rounded-md hover:bg-brand-green-700 hover:cursor-pointer md:text-sm w-full h-12 duration-200 ease-in-out hover:bg-brand-green-700 md:hidden md:h-10\"><\/p>\n<p>    Conclure un accord<br \/>\n<\/button><\/p>\n<div class=\"flex flex-col items-center w-full md:hidden font-sans leading-4 text-black\">\n<div class=\"flex flex-wrap items-center justify-center gap-x-1 md:justify-start\">\n        <span class=\"font-bold\"><\/p>\n<p>            688,99 $<br \/>\n                            <span class=\"font-medium\">\u00e0 Amazon<\/span><br \/>\n                    <\/span>\n            <\/div>\n<div class=\"flex items-center justify-center gap-x-1 font-bold md:justify-start\">\n            <span class=\"text-sm line-through\">999,99 $<\/span><br \/>\n            <span class=\"text-sm text-brand-green\">\u00c9conomisez 311,00 $<\/span>\n        <\/div>\n<\/p><\/div>\n<div class=\"flex w-full gap-x-5\">\n<div class=\"flex w-full flex-col flex-nowrap justify-center gap-2 text-black no-underline md:order-2 md:gap-y-6\">\n<div class=\"flex flex-col justify-between gap-y-2 md:w-full md:gap-y-1\">\n<div class=\"block font-sans text-xs font-semibold capitalize leading-3 text-gray-900 md:leading-4\">144Hz, mode art, panneau anti-glare, affichage Hi-Matte, monture murale \u00e0 cadre et ultraslim incluse<\/div>\n<div class=\"block w-fit cursor-pointer font-akshar text-lg font-medium leading-5 text-brand-green duration-200 ease-in-out hover:text-brand-green-700 md:text-xl md:leading-6\">\n<p>                            Classe de 65 pouces de 65 pouces\n                        <\/p><\/div>\n<\/p><\/div>\n<div class=\"hidden md:flex md:justify-between md:gap-x-4\">\n<div class=\"w-full mb-0 md:flex md:flex-col md:justify-center font-sans leading-4 text-black\">\n<div class=\"flex flex-wrap items-center justify-center gap-x-1 md:justify-start\">\n        <span class=\"font-bold\"><\/p>\n<p>            897,99 $<br \/>\n                            <span class=\"font-medium\">\u00e0 Amazon<\/span><br \/>\n                    <\/span>\n            <\/div>\n<div class=\"flex items-center justify-center gap-x-1 font-bold md:justify-start\">\n            <span class=\"text-sm line-through\">1 299,99 $<\/span><br \/>\n            <span class=\"text-sm text-brand-green\">\u00c9conomisez 402,00 $<\/span>\n        <\/div>\n<\/p><\/div>\n<p>                            <button class=\"flex justify-center items-center w-full bg-brand-green text-white text-base font-sans font-medium rounded-md hover:bg-brand-green-700 hover:cursor-pointer md:text-sm hidden self-end h-12 max-w-(10rem) duration-200 ease-in-out hover:bg-brand-green-700 md:flex md:h-10\"><\/p>\n<p>    Conclure un accord<br \/>\n<\/button>\n                        <\/div>\n<\/p><\/div>\n<div class=\"flex aspect-video h-(90px) shrink-0 items-center justify-center self-center md:order-1\">\n                        <img decoding=\"async\" class=\"m-0 max-h-full max-w-full rounded-md\" src=\"https:\/\/vieassociative.be\/actualites\/wp-content\/uploads\/2025\/07\/1753017477_227_Mon-Amazon-de-la-journee-preferee-cette-Hissense-Qled-Canvastv.jpg\" alt=\"Hisense - 65\" s7 series canvastv qled tv with hi-matte display and ultraslim wall mount width=\"auto\" height=\"auto\" loading=\"lazy\">\n                    <\/div>\n<\/p><\/div>\n<p>                            <button class=\"flex justify-center items-center w-full bg-brand-green text-white text-base font-sans font-medium rounded-md hover:bg-brand-green-700 hover:cursor-pointer md:text-sm w-full h-12 duration-200 ease-in-out hover:bg-brand-green-700 md:hidden md:h-10\"><\/p>\n<p>    Conclure un accord<br \/>\n<\/button><\/p>\n<div class=\"flex flex-col items-center w-full md:hidden font-sans leading-4 text-black\">\n<div class=\"flex flex-wrap items-center justify-center gap-x-1 md:justify-start\">\n        <span class=\"font-bold\"><\/p>\n<p>            897,99 $<br \/>\n                            <span class=\"font-medium\">\u00e0 Amazon<\/span><br \/>\n                    <\/span>\n            <\/div>\n<div class=\"flex items-center justify-center gap-x-1 font-bold md:justify-start\">\n            <span class=\"text-sm line-through\">1 299,99 $<\/span><br \/>\n            <span class=\"text-sm text-brand-green\">\u00c9conomisez 402,00 $<\/span>\n        <\/div>\n<\/p><\/div>\n<div class=\"flex w-full gap-x-5\">\n<div class=\"flex w-full flex-col flex-nowrap justify-center gap-2 text-black no-underline md:order-2 md:gap-y-6\">\n<div class=\"flex flex-col justify-between gap-y-2 md:w-full md:gap-y-1\">\n<div class=\"block font-sans text-xs font-semibold capitalize leading-3 text-gray-900 md:leading-4\">144Hz, mode art, panneau anti-glare, affichage Hi-Matte, support mural ultraslim et cadre inclus<\/div>\n<div class=\"block w-fit cursor-pointer font-akshar text-lg font-medium leading-5 text-brand-green duration-200 ease-in-out hover:text-brand-green-700 md:text-xl md:leading-6\">\n<p>                            Classe de 75 pouces de 75 pouces\n                        <\/p><\/div>\n<\/p><\/div>\n<div class=\"hidden md:flex md:justify-between md:gap-x-4\">\n<div class=\"w-full mb-0 md:flex md:flex-col md:justify-center font-sans leading-4 text-black\">\n<div class=\"flex flex-wrap items-center justify-center gap-x-1 md:justify-start\">\n        <span class=\"font-bold\"><\/p>\n<p>            1 499,99 $<br \/>\n                            <span class=\"font-medium\">\u00e0 Amazon<\/span><br \/>\n                    <\/span>\n            <\/div>\n<div class=\"flex items-center justify-center gap-x-1 font-bold md:justify-start\">\n            <span class=\"text-sm line-through\">1 798,00 $<\/span><br \/>\n            <span class=\"text-sm text-brand-green\">\u00c9conomisez 298,01 $<\/span>\n        <\/div>\n<\/p><\/div>\n<p>                            <button class=\"flex justify-center items-center w-full bg-brand-green text-white text-base font-sans font-medium rounded-md hover:bg-brand-green-700 hover:cursor-pointer md:text-sm hidden self-end h-12 max-w-(10rem) duration-200 ease-in-out hover:bg-brand-green-700 md:flex md:h-10\"><\/p>\n<p>    Conclure un accord<br \/>\n<\/button>\n                        <\/div>\n<\/p><\/div>\n<div class=\"flex aspect-video h-(90px) shrink-0 items-center justify-center self-center md:order-1\">\n                        <img decoding=\"async\" class=\"m-0 max-h-full max-w-full rounded-md\" src=\"https:\/\/vieassociative.be\/actualites\/wp-content\/uploads\/2025\/07\/1753017477_836_Mon-Amazon-de-la-journee-preferee-cette-Hissense-Qled-Canvastv.jpg\" alt=\"Classe de 75 pouces de 75 pouces\" width=\"auto\" height=\"auto\" loading=\"lazy\">\n                    <\/div>\n<\/p><\/div>\n<p>                            <button class=\"flex justify-center items-center w-full bg-brand-green text-white text-base font-sans font-medium rounded-md hover:bg-brand-green-700 hover:cursor-pointer md:text-sm w-full h-12 duration-200 ease-in-out hover:bg-brand-green-700 md:hidden md:h-10\"><\/p>\n<p>    Conclure un accord<br \/>\n<\/button><\/p>\n<div class=\"flex flex-col items-center w-full md:hidden font-sans leading-4 text-black\">\n<div class=\"flex flex-wrap items-center justify-center gap-x-1 md:justify-start\">\n        <span class=\"font-bold\"><\/p>\n<p>            1 499,99 $<br \/>\n                            <span class=\"font-medium\">\u00e0 Amazon<\/span><br \/>\n                    <\/span>\n            <\/div>\n<div class=\"flex items-center justify-center gap-x-1 font-bold md:justify-start\">\n            <span class=\"text-sm line-through\">1 798,00 $<\/span><br \/>\n            <span class=\"text-sm text-brand-green\">\u00c9conomisez 298,01 $<\/span>\n        <\/div>\n<\/p><\/div>\n<\/div>\n<p>L&rsquo;attraction principale du Canvastv sur le cadre de Samsung est le prix: vous paieriez environ le double du prix pour la m\u00eame taille TV si vous choisissez ce dernier. Sans oublier que si vous choisissez le cadre, vous devez acheter les cadres r\u00e9els et payer la plupart des \u0153uvres d&rsquo;art s\u00e9par\u00e9ment, tandis que Hisense les inclut dans le prix de vente. Le Canvastv est \u00e9galement livr\u00e9 avec une monture TV Flush qui vous permettra de l&rsquo;accrocher afin qu&rsquo;elle ressemble \u00e0 une \u0153uvre d&rsquo;art r\u00e9elle.<\/p>\n<p>J&rsquo;aime que CanvastVS soit livr\u00e9 avec le Google OS, qui est mon syst\u00e8me d&rsquo;exploitation Smart TV pr\u00e9f\u00e9r\u00e9, car il vous permet de lancer de mani\u00e8re transparente \u00e0 partir de votre t\u00e9l\u00e9phone (Android ou iPhone). Le Canvastv est un t\u00e9l\u00e9viseur QLED avec une technologie de points quantiques et une r\u00e9solution 4K avec un taux de rafra\u00eechissement de 144 Hz dans Game Mode Pro. Ce qui lui donne le look d&rsquo;art, c&rsquo;est l&rsquo;affichage Hi-Matte \u00e0 faible r\u00e9flexion, qui combat les reflets. Vous pouvez \u00e9changer les cadres de teck avec diff\u00e9rentes couleurs, y compris les cadres blancs et noix.<\/p>\n<div class=\"pogoClear relative my-10 border-b-(1.5px) border-t-(1.5px) border-dashed border-black py-5 sm:my-14 sm:border-0 sm:py-0\" data-ga-click data-ga-template=\"Deals\" data-ga-module=\"openweb_widget\" data-ga-element=\"openweb_scroll\" data-ga-item=\"openweb_scroll_midpage\" x-data=\"{\n         commentsCount: null,\n         hasComments: false,\n         async fetchCommentsCount() {\n             try {\n                 if (window.openweb &amp;&amp; typeof window.openweb.getMessagesCount === 'function') {\n                     this.commentsCount = await window.openweb.getMessagesCount('01K0F61VZ1T5MB7JWGN3RQ79E9');\n                     this.hasComments = this.commentsCount !== null &amp;&amp; this.commentsCount &gt; 0;\n                 }\n             } catch (e) {\n                 console.warn('Failed to fetch comment count:', e);\n             }\n         }\n     }\" x-init=\"fetchCommentsCount()\" x-cloak><\/p>\n<div class=\"absolute top-1\/2 hidden w-full -translate-y-1\/2 border-t-(1.5px) border-dashed border-black sm:block\"><\/div>\n<div class=\"relative flex justify-center\">\n<div class=\"flex max-w-fit items-center gap-x-3 bg-white px-5\">\n<div class=\"relative\">\n                <span class=\"absolute left-1\/2 top-1\/2 -translate-x-1\/2 -translate-y-1\/2 font-akshar text-sm font-medium text-black\" aria-live=\"polite\" x-show=\"hasComments\" x-text=\"commentsCount\"><\/span><\/p>\n<p>                <svg class=\"h-8 w-8 text-black\" role=\"img\" aria-hidden=\"true\">\n                    <use href=\"http:\/\/lifehacker.com\/images\/icons\/spritemap.svg#sprite-chat-bubble\"><\/use>\n                <\/svg>\n            <\/div>\n<p>            <span class=\"text-sm font-medium text-black\"><\/p>\n<p>                Que pensez-vous jusqu&rsquo;\u00e0 pr\u00e9sent?<br \/>\n                <button class=\"ml-1 font-semibold text-brand-green underline hover:text-brand-green-700\" type=\"button\" aria-label=\"Comment section trigger\" onclick=\"window.openweb.scrollToComments('01K0F61VZ1T5MB7JWGN3RQ79E9')\" x-text=\"hasComments ? 'Post a comment.' : 'Be the first to post a comment.'\"><\/button><br \/>\n            <\/span>\n        <\/div>\n<\/p><\/div>\n<\/div>\n<p>\u00c9tant donn\u00e9 que la vision de Hisense sur le cadre est la moiti\u00e9 du prix et comprend moins de co\u00fbts initiaux, c&rsquo;est une excellente option pour quiconque cherche \u00e0 \u00e9conomiser de l&rsquo;argent sur un t\u00e9l\u00e9viseur qui ne dominera pas son d\u00e9cor, en particulier \u00e0 la remise actuelle.<\/p>\n","protected":false},"excerpt":{"rendered":"<p>Ce concurrent du cadre de Samsung est environ la moiti\u00e9 du prix. Si vous \u00eates comme la plupart des gens, la pi\u00e8ce ma\u00eetresse de votre<\/p>\n","protected":false},"author":1,"featured_media":8887,"comment_status":"","ping_status":"","sticky":false,"template":"","format":"standard","meta":{"footnotes":""},"categories":[13],"tags":[51,7840,206,7839,2877,49,52,5215],"class_list":["post-8886","post","type-post","status-publish","format-standard","has-post-thumbnail","hentry","category-technologie","tag-amazon","tag-canvastv","tag-cette","tag-hissense","tag-journee","tag-mon","tag-preferee","tag-qled","generate-columns","tablet-grid-50","mobile-grid-100","grid-parent","grid-33"],"yoast_head":"<!-- This site is optimized with the Yoast SEO plugin v24.0 - https:\/\/yoast.com\/wordpress\/plugins\/seo\/ -->\n<title>Mon Amazon de la journ\u00e9e pr\u00e9f\u00e9r\u00e9e: cette Hissense Qled &#039;Canvastv&#039; | Vie Associative<\/title>\n<meta name=\"robots\" content=\"index, follow, max-snippet:-1, max-image-preview:large, max-video-preview:-1\" \/>\n<link rel=\"canonical\" href=\"https:\/\/vieassociative.be\/actualites\/mon-amazon-de-la-journee-preferee-cette-hissense-qled-canvastv\/\" \/>\n<meta property=\"og:locale\" content=\"fr_FR\" \/>\n<meta property=\"og:type\" content=\"article\" \/>\n<meta property=\"og:title\" content=\"Mon Amazon de la journ\u00e9e pr\u00e9f\u00e9r\u00e9e: cette Hissense Qled &#039;Canvastv&#039; | Vie Associative\" \/>\n<meta property=\"og:description\" content=\"Ce concurrent du cadre de Samsung est environ la moiti\u00e9 du prix. Si vous \u00eates comme la plupart des gens, la pi\u00e8ce ma\u00eetresse de votre\" \/>\n<meta property=\"og:url\" content=\"https:\/\/vieassociative.be\/actualites\/mon-amazon-de-la-journee-preferee-cette-hissense-qled-canvastv\/\" \/>\n<meta property=\"og:site_name\" content=\"Vie Associative\" \/>\n<meta property=\"article:published_time\" content=\"2025-07-20T13:17:57+00:00\" \/>\n<meta property=\"og:image\" content=\"https:\/\/vieassociative.be\/actualites\/wp-content\/uploads\/2025\/07\/Mon-Amazon-de-la-journee-preferee-cette-Hissense-Qled-Canvastv.jpg\" \/>\n<meta name=\"author\" content=\"Julien\" \/>\n<meta name=\"twitter:card\" content=\"summary_large_image\" \/>\n<meta name=\"twitter:label1\" content=\"\u00c9crit par\" \/>\n\t<meta name=\"twitter:data1\" content=\"Julien\" \/>\n\t<meta name=\"twitter:label2\" content=\"Dur\u00e9e de lecture est.\" \/>\n\t<meta name=\"twitter:data2\" content=\"2 minutes\" \/>\n<script type=\"application\/ld+json\" class=\"yoast-schema-graph\">{\"@context\":\"https:\/\/schema.org\",\"@graph\":[{\"@type\":\"Article\",\"@id\":\"https:\/\/vieassociative.be\/actualites\/mon-amazon-de-la-journee-preferee-cette-hissense-qled-canvastv\/#article\",\"isPartOf\":{\"@id\":\"https:\/\/vieassociative.be\/actualites\/mon-amazon-de-la-journee-preferee-cette-hissense-qled-canvastv\/\"},\"author\":{\"name\":\"Julien\",\"@id\":\"https:\/\/vieassociative.be\/actualites\/#\/schema\/person\/b87ac4f82f9d4e7b7cec7395b679edc4\"},\"headline\":\"Mon Amazon de la journ\u00e9e pr\u00e9f\u00e9r\u00e9e: cette Hissense Qled &lsquo;Canvastv&rsquo;\",\"datePublished\":\"2025-07-20T13:17:57+00:00\",\"dateModified\":\"2025-07-20T13:17:57+00:00\",\"mainEntityOfPage\":{\"@id\":\"https:\/\/vieassociative.be\/actualites\/mon-amazon-de-la-journee-preferee-cette-hissense-qled-canvastv\/\"},\"wordCount\":518,\"publisher\":{\"@id\":\"https:\/\/vieassociative.be\/actualites\/#organization\"},\"image\":{\"@id\":\"https:\/\/vieassociative.be\/actualites\/mon-amazon-de-la-journee-preferee-cette-hissense-qled-canvastv\/#primaryimage\"},\"thumbnailUrl\":\"https:\/\/vieassociative.be\/actualites\/wp-content\/uploads\/2025\/07\/Mon-Amazon-de-la-journee-preferee-cette-Hissense-Qled-Canvastv.png\",\"keywords\":[\"Amazon\",\"Canvastv\",\"cette\",\"Hissense\",\"journ\u00e9e\",\"Mon\",\"pr\u00e9f\u00e9r\u00e9e\",\"QLED\"],\"articleSection\":[\"Technologie\"],\"inLanguage\":\"fr-BE\"},{\"@type\":\"WebPage\",\"@id\":\"https:\/\/vieassociative.be\/actualites\/mon-amazon-de-la-journee-preferee-cette-hissense-qled-canvastv\/\",\"url\":\"https:\/\/vieassociative.be\/actualites\/mon-amazon-de-la-journee-preferee-cette-hissense-qled-canvastv\/\",\"name\":\"Mon Amazon de la journ\u00e9e pr\u00e9f\u00e9r\u00e9e: cette Hissense Qled 'Canvastv' | Vie Associative\",\"isPartOf\":{\"@id\":\"https:\/\/vieassociative.be\/actualites\/#website\"},\"primaryImageOfPage\":{\"@id\":\"https:\/\/vieassociative.be\/actualites\/mon-amazon-de-la-journee-preferee-cette-hissense-qled-canvastv\/#primaryimage\"},\"image\":{\"@id\":\"https:\/\/vieassociative.be\/actualites\/mon-amazon-de-la-journee-preferee-cette-hissense-qled-canvastv\/#primaryimage\"},\"thumbnailUrl\":\"https:\/\/vieassociative.be\/actualites\/wp-content\/uploads\/2025\/07\/Mon-Amazon-de-la-journee-preferee-cette-Hissense-Qled-Canvastv.png\",\"datePublished\":\"2025-07-20T13:17:57+00:00\",\"dateModified\":\"2025-07-20T13:17:57+00:00\",\"breadcrumb\":{\"@id\":\"https:\/\/vieassociative.be\/actualites\/mon-amazon-de-la-journee-preferee-cette-hissense-qled-canvastv\/#breadcrumb\"},\"inLanguage\":\"fr-BE\",\"potentialAction\":[{\"@type\":\"ReadAction\",\"target\":[\"https:\/\/vieassociative.be\/actualites\/mon-amazon-de-la-journee-preferee-cette-hissense-qled-canvastv\/\"]}]},{\"@type\":\"ImageObject\",\"inLanguage\":\"fr-BE\",\"@id\":\"https:\/\/vieassociative.be\/actualites\/mon-amazon-de-la-journee-preferee-cette-hissense-qled-canvastv\/#primaryimage\",\"url\":\"https:\/\/vieassociative.be\/actualites\/wp-content\/uploads\/2025\/07\/Mon-Amazon-de-la-journee-preferee-cette-Hissense-Qled-Canvastv.png\",\"contentUrl\":\"https:\/\/vieassociative.be\/actualites\/wp-content\/uploads\/2025\/07\/Mon-Amazon-de-la-journee-preferee-cette-Hissense-Qled-Canvastv.png\",\"width\":1200,\"height\":675,\"caption\":\"Mon Amazon de la journ\u00e9e pr\u00e9f\u00e9r\u00e9e: cette Hissense Qled 'Canvastv'\"},{\"@type\":\"BreadcrumbList\",\"@id\":\"https:\/\/vieassociative.be\/actualites\/mon-amazon-de-la-journee-preferee-cette-hissense-qled-canvastv\/#breadcrumb\",\"itemListElement\":[{\"@type\":\"ListItem\",\"position\":1,\"name\":\"Accueil\",\"item\":\"https:\/\/vieassociative.be\/actualites\/\"},{\"@type\":\"ListItem\",\"position\":2,\"name\":\"Mon Amazon de la journ\u00e9e pr\u00e9f\u00e9r\u00e9e: cette Hissense Qled &lsquo;Canvastv&rsquo;\"}]},{\"@type\":\"WebSite\",\"@id\":\"https:\/\/vieassociative.be\/actualites\/#website\",\"url\":\"https:\/\/vieassociative.be\/actualites\/\",\"name\":\"Vie Associative\",\"description\":\"\",\"publisher\":{\"@id\":\"https:\/\/vieassociative.be\/actualites\/#organization\"},\"potentialAction\":[{\"@type\":\"SearchAction\",\"target\":{\"@type\":\"EntryPoint\",\"urlTemplate\":\"https:\/\/vieassociative.be\/actualites\/?s={search_term_string}\"},\"query-input\":{\"@type\":\"PropertyValueSpecification\",\"valueRequired\":true,\"valueName\":\"search_term_string\"}}],\"inLanguage\":\"fr-BE\"},{\"@type\":\"Organization\",\"@id\":\"https:\/\/vieassociative.be\/actualites\/#organization\",\"name\":\"Vie Associative\",\"url\":\"https:\/\/vieassociative.be\/actualites\/\",\"logo\":{\"@type\":\"ImageObject\",\"inLanguage\":\"fr-BE\",\"@id\":\"https:\/\/vieassociative.be\/actualites\/#\/schema\/logo\/image\/\",\"url\":\"https:\/\/vieassociative.be\/actualites\/wp-content\/uploads\/2024\/09\/cropped-vieassociative_favicon.ico.png\",\"contentUrl\":\"https:\/\/vieassociative.be\/actualites\/wp-content\/uploads\/2024\/09\/cropped-vieassociative_favicon.ico.png\",\"width\":512,\"height\":512,\"caption\":\"Vie Associative\"},\"image\":{\"@id\":\"https:\/\/vieassociative.be\/actualites\/#\/schema\/logo\/image\/\"}},{\"@type\":\"Person\",\"@id\":\"https:\/\/vieassociative.be\/actualites\/#\/schema\/person\/b87ac4f82f9d4e7b7cec7395b679edc4\",\"name\":\"Julien\",\"image\":{\"@type\":\"ImageObject\",\"inLanguage\":\"fr-BE\",\"@id\":\"https:\/\/vieassociative.be\/actualites\/#\/schema\/person\/image\/\",\"url\":\"https:\/\/vieassociative.be\/actualites\/wp-content\/uploads\/2024\/09\/vie-associative-1-150x150.jpg\",\"contentUrl\":\"https:\/\/vieassociative.be\/actualites\/wp-content\/uploads\/2024\/09\/vie-associative-1-150x150.jpg\",\"caption\":\"Julien\"},\"description\":\"Je suis Julien, r\u00e9dacteur pour Vie Associative. Passionn\u00e9 par le monde associatif depuis plus de 10 ans, j'ai \u00e0 c\u0153ur de partager des histoires inspirantes et de mettre en lumi\u00e8re les initiatives locales. Mon objectif est de sensibiliser et d'encourager l'engagement communautaire \u00e0 travers mes articles.\",\"sameAs\":[\"https:\/\/vieassociative.be\/\"]}]}<\/script>\n<!-- \/ Yoast SEO plugin. -->","yoast_head_json":{"title":"Mon Amazon de la journ\u00e9e pr\u00e9f\u00e9r\u00e9e: cette Hissense Qled 'Canvastv' | Vie Associative","robots":{"index":"index","follow":"follow","max-snippet":"max-snippet:-1","max-image-preview":"max-image-preview:large","max-video-preview":"max-video-preview:-1"},"canonical":"https:\/\/vieassociative.be\/actualites\/mon-amazon-de-la-journee-preferee-cette-hissense-qled-canvastv\/","og_locale":"fr_FR","og_type":"article","og_title":"Mon Amazon de la journ\u00e9e pr\u00e9f\u00e9r\u00e9e: cette Hissense Qled 'Canvastv' | Vie Associative","og_description":"Ce concurrent du cadre de Samsung est environ la moiti\u00e9 du prix. Si vous \u00eates comme la plupart des gens, la pi\u00e8ce ma\u00eetresse de votre","og_url":"https:\/\/vieassociative.be\/actualites\/mon-amazon-de-la-journee-preferee-cette-hissense-qled-canvastv\/","og_site_name":"Vie Associative","article_published_time":"2025-07-20T13:17:57+00:00","og_image":[{"url":"https:\/\/vieassociative.be\/actualites\/wp-content\/uploads\/2025\/07\/Mon-Amazon-de-la-journee-preferee-cette-Hissense-Qled-Canvastv.jpg","type":"","width":"","height":""}],"author":"Julien","twitter_card":"summary_large_image","twitter_misc":{"\u00c9crit par":"Julien","Dur\u00e9e de lecture est.":"2 minutes"},"schema":{"@context":"https:\/\/schema.org","@graph":[{"@type":"Article","@id":"https:\/\/vieassociative.be\/actualites\/mon-amazon-de-la-journee-preferee-cette-hissense-qled-canvastv\/#article","isPartOf":{"@id":"https:\/\/vieassociative.be\/actualites\/mon-amazon-de-la-journee-preferee-cette-hissense-qled-canvastv\/"},"author":{"name":"Julien","@id":"https:\/\/vieassociative.be\/actualites\/#\/schema\/person\/b87ac4f82f9d4e7b7cec7395b679edc4"},"headline":"Mon Amazon de la journ\u00e9e pr\u00e9f\u00e9r\u00e9e: cette Hissense Qled &lsquo;Canvastv&rsquo;","datePublished":"2025-07-20T13:17:57+00:00","dateModified":"2025-07-20T13:17:57+00:00","mainEntityOfPage":{"@id":"https:\/\/vieassociative.be\/actualites\/mon-amazon-de-la-journee-preferee-cette-hissense-qled-canvastv\/"},"wordCount":518,"publisher":{"@id":"https:\/\/vieassociative.be\/actualites\/#organization"},"image":{"@id":"https:\/\/vieassociative.be\/actualites\/mon-amazon-de-la-journee-preferee-cette-hissense-qled-canvastv\/#primaryimage"},"thumbnailUrl":"https:\/\/vieassociative.be\/actualites\/wp-content\/uploads\/2025\/07\/Mon-Amazon-de-la-journee-preferee-cette-Hissense-Qled-Canvastv.png","keywords":["Amazon","Canvastv","cette","Hissense","journ\u00e9e","Mon","pr\u00e9f\u00e9r\u00e9e","QLED"],"articleSection":["Technologie"],"inLanguage":"fr-BE"},{"@type":"WebPage","@id":"https:\/\/vieassociative.be\/actualites\/mon-amazon-de-la-journee-preferee-cette-hissense-qled-canvastv\/","url":"https:\/\/vieassociative.be\/actualites\/mon-amazon-de-la-journee-preferee-cette-hissense-qled-canvastv\/","name":"Mon Amazon de la journ\u00e9e pr\u00e9f\u00e9r\u00e9e: cette Hissense Qled 'Canvastv' | Vie Associative","isPartOf":{"@id":"https:\/\/vieassociative.be\/actualites\/#website"},"primaryImageOfPage":{"@id":"https:\/\/vieassociative.be\/actualites\/mon-amazon-de-la-journee-preferee-cette-hissense-qled-canvastv\/#primaryimage"},"image":{"@id":"https:\/\/vieassociative.be\/actualites\/mon-amazon-de-la-journee-preferee-cette-hissense-qled-canvastv\/#primaryimage"},"thumbnailUrl":"https:\/\/vieassociative.be\/actualites\/wp-content\/uploads\/2025\/07\/Mon-Amazon-de-la-journee-preferee-cette-Hissense-Qled-Canvastv.png","datePublished":"2025-07-20T13:17:57+00:00","dateModified":"2025-07-20T13:17:57+00:00","breadcrumb":{"@id":"https:\/\/vieassociative.be\/actualites\/mon-amazon-de-la-journee-preferee-cette-hissense-qled-canvastv\/#breadcrumb"},"inLanguage":"fr-BE","potentialAction":[{"@type":"ReadAction","target":["https:\/\/vieassociative.be\/actualites\/mon-amazon-de-la-journee-preferee-cette-hissense-qled-canvastv\/"]}]},{"@type":"ImageObject","inLanguage":"fr-BE","@id":"https:\/\/vieassociative.be\/actualites\/mon-amazon-de-la-journee-preferee-cette-hissense-qled-canvastv\/#primaryimage","url":"https:\/\/vieassociative.be\/actualites\/wp-content\/uploads\/2025\/07\/Mon-Amazon-de-la-journee-preferee-cette-Hissense-Qled-Canvastv.png","contentUrl":"https:\/\/vieassociative.be\/actualites\/wp-content\/uploads\/2025\/07\/Mon-Amazon-de-la-journee-preferee-cette-Hissense-Qled-Canvastv.png","width":1200,"height":675,"caption":"Mon Amazon de la journ\u00e9e pr\u00e9f\u00e9r\u00e9e: cette Hissense Qled 'Canvastv'"},{"@type":"BreadcrumbList","@id":"https:\/\/vieassociative.be\/actualites\/mon-amazon-de-la-journee-preferee-cette-hissense-qled-canvastv\/#breadcrumb","itemListElement":[{"@type":"ListItem","position":1,"name":"Accueil","item":"https:\/\/vieassociative.be\/actualites\/"},{"@type":"ListItem","position":2,"name":"Mon Amazon de la journ\u00e9e pr\u00e9f\u00e9r\u00e9e: cette Hissense Qled &lsquo;Canvastv&rsquo;"}]},{"@type":"WebSite","@id":"https:\/\/vieassociative.be\/actualites\/#website","url":"https:\/\/vieassociative.be\/actualites\/","name":"Vie Associative","description":"","publisher":{"@id":"https:\/\/vieassociative.be\/actualites\/#organization"},"potentialAction":[{"@type":"SearchAction","target":{"@type":"EntryPoint","urlTemplate":"https:\/\/vieassociative.be\/actualites\/?s={search_term_string}"},"query-input":{"@type":"PropertyValueSpecification","valueRequired":true,"valueName":"search_term_string"}}],"inLanguage":"fr-BE"},{"@type":"Organization","@id":"https:\/\/vieassociative.be\/actualites\/#organization","name":"Vie Associative","url":"https:\/\/vieassociative.be\/actualites\/","logo":{"@type":"ImageObject","inLanguage":"fr-BE","@id":"https:\/\/vieassociative.be\/actualites\/#\/schema\/logo\/image\/","url":"https:\/\/vieassociative.be\/actualites\/wp-content\/uploads\/2024\/09\/cropped-vieassociative_favicon.ico.png","contentUrl":"https:\/\/vieassociative.be\/actualites\/wp-content\/uploads\/2024\/09\/cropped-vieassociative_favicon.ico.png","width":512,"height":512,"caption":"Vie Associative"},"image":{"@id":"https:\/\/vieassociative.be\/actualites\/#\/schema\/logo\/image\/"}},{"@type":"Person","@id":"https:\/\/vieassociative.be\/actualites\/#\/schema\/person\/b87ac4f82f9d4e7b7cec7395b679edc4","name":"Julien","image":{"@type":"ImageObject","inLanguage":"fr-BE","@id":"https:\/\/vieassociative.be\/actualites\/#\/schema\/person\/image\/","url":"https:\/\/vieassociative.be\/actualites\/wp-content\/uploads\/2024\/09\/vie-associative-1-150x150.jpg","contentUrl":"https:\/\/vieassociative.be\/actualites\/wp-content\/uploads\/2024\/09\/vie-associative-1-150x150.jpg","caption":"Julien"},"description":"Je suis Julien, r\u00e9dacteur pour Vie Associative. Passionn\u00e9 par le monde associatif depuis plus de 10 ans, j'ai \u00e0 c\u0153ur de partager des histoires inspirantes et de mettre en lumi\u00e8re les initiatives locales. Mon objectif est de sensibiliser et d'encourager l'engagement communautaire \u00e0 travers mes articles.","sameAs":["https:\/\/vieassociative.be\/"]}]}},"_links":{"self":[{"href":"https:\/\/vieassociative.be\/actualites\/wp-json\/wp\/v2\/posts\/8886"}],"collection":[{"href":"https:\/\/vieassociative.be\/actualites\/wp-json\/wp\/v2\/posts"}],"about":[{"href":"https:\/\/vieassociative.be\/actualites\/wp-json\/wp\/v2\/types\/post"}],"author":[{"embeddable":true,"href":"https:\/\/vieassociative.be\/actualites\/wp-json\/wp\/v2\/users\/1"}],"replies":[{"embeddable":true,"href":"https:\/\/vieassociative.be\/actualites\/wp-json\/wp\/v2\/comments?post=8886"}],"version-history":[{"count":0,"href":"https:\/\/vieassociative.be\/actualites\/wp-json\/wp\/v2\/posts\/8886\/revisions"}],"wp:featuredmedia":[{"embeddable":true,"href":"https:\/\/vieassociative.be\/actualites\/wp-json\/wp\/v2\/media\/8887"}],"wp:attachment":[{"href":"https:\/\/vieassociative.be\/actualites\/wp-json\/wp\/v2\/media?parent=8886"}],"wp:term":[{"taxonomy":"category","embeddable":true,"href":"https:\/\/vieassociative.be\/actualites\/wp-json\/wp\/v2\/categories?post=8886"},{"taxonomy":"post_tag","embeddable":true,"href":"https:\/\/vieassociative.be\/actualites\/wp-json\/wp\/v2\/tags?post=8886"}],"curies":[{"name":"wp","href":"https:\/\/api.w.org\/{rel}","templated":true}]}}