{"id":8880,"date":"2025-07-20T10:17:32","date_gmt":"2025-07-20T08:17:32","guid":{"rendered":"https:\/\/vieassociative.be\/actualites\/la-belgique-de-lest-beneficie-t-elle-du-changement-climatique-de-plus-en-plus-de-touristes-etrangers-passent-des-vacances-dans-la-dg\/"},"modified":"2025-07-20T10:17:32","modified_gmt":"2025-07-20T08:17:32","slug":"la-belgique-de-lest-beneficie-t-elle-du-changement-climatique-de-plus-en-plus-de-touristes-etrangers-passent-des-vacances-dans-la-dg","status":"publish","type":"post","link":"https:\/\/vieassociative.be\/actualites\/la-belgique-de-lest-beneficie-t-elle-du-changement-climatique-de-plus-en-plus-de-touristes-etrangers-passent-des-vacances-dans-la-dg\/","title":{"rendered":"La Belgique de l&rsquo;Est b\u00e9n\u00e9ficie-t-elle du changement climatique? De plus en plus de touristes \u00e9trangers passent des vacances dans la DG"},"content":{"rendered":"<p><strong>Les vagues de chaleur en Espagne et en Italie, des incendies de for\u00eat en Gr\u00e8ce et au Portugal: les destinations de voyage populaires en M\u00e9diterran\u00e9e souffrent de temp\u00e9ratures \u00e9lev\u00e9es. Les vacanciers d\u00e9m\u00e9nageront-ils dans le nord des pays d&rsquo;Europe au lieu de la M\u00e9diterran\u00e9e \u00e0 l&rsquo;avenir? Peut-\u00eatre m\u00eame que le tourisme en Belgique orientale b\u00e9n\u00e9ficie du changement climatique?<\/strong><\/p>\n<p><span id=\"more-420443\"><\/span>Il est trop t\u00f4t pour un revirement clair. Le fait est cependant que les touristes de plus en plus \u00e9puis\u00e9s en Belgique de l&rsquo;Est passent leurs vacances, comme on peut le voir dans le rapport annuel publi\u00e9 par le rapport annuel annuel du tourisme du ministre DG Gregor Schweiz dans les neuf communaut\u00e9s DG en 2024.<\/p>\n<p>Apr\u00e8s l&rsquo;ann\u00e9e record de 2023, le nombre d&rsquo;arriv\u00e9es touristiques et de nuit dans le DG se sont stabilis\u00e9es \u00e0 un niveau \u00e9lev\u00e9 l&rsquo;ann\u00e9e derni\u00e8re. Malgr\u00e9 une l\u00e9g\u00e8re baisse, ils sont toujours avant les chiffres de 2022. Il est \u00e9galement certain que les touristes \u00e9trangers passent de plus en plus de vacances dans la r\u00e9gion.<\/p>\n<\/p>\n<div id=\"attachment_420502\" class=\"wp-caption alignleft\" style=\"max-width: 300px\"><img fetchpriority=\"high\" decoding=\"async\" class=\"wp-image-420502 size-medium\" src=\"https:\/\/vieassociative.be\/actualites\/wp-content\/uploads\/2025\/07\/La-Belgique-de-lEst-beneficie-t-elle-du-changement-climatique-De-plus.jpg\" alt=\"\" width=\"300\" height=\"201\"  ><\/p>\n<p class=\"wp-caption-text\">Le ministre du Tourisme Gregor Cheeky (PFF) au Parlement DG. Photo: Patrick von Staufenberg<\/p>\n<\/div>\n<p>Les fournisseurs ont enregistr\u00e9 plus de 230 000 arriv\u00e9es dans la DG l&rsquo;ann\u00e9e derni\u00e8re (2023: 239 000 arriv\u00e9es). Ceux-ci correspondent \u00e0 plus de 569 000 s\u00e9jours de nuit (2023: 577 000). Cela signifie que pr\u00e8s de trois touristes (2,7) viennent dans un habitant DG. Le revenu du tourisme de nuit \u00e9tait de pr\u00e8s de 59 millions d&rsquo;euros en 2024 (58 846 millions d&rsquo;euros).<\/p>\n<p>\u00ab\u00a0Les chiffres montrent clairement: l&rsquo;est de la Belgique s&rsquo;est impos\u00e9 comme une r\u00e9gion touristique \u00e0 travers les fronti\u00e8res. Notre objectif est maintenant de rester pour le tourisme et la strat\u00e9gie. Ceci est montr\u00e9 par notre strat\u00e9gie touristique, que nous avons r\u00e9unie avec toutes les op\u00e9rations touristiques et les acteurs de l&rsquo;Est de la Belgique\u00a0\u00bb, a d\u00e9clar\u00e9 le ministre du Tourisme Gregor Cheeky (PFF).<\/p>\n<p>Le d\u00e9veloppement prouve que l&rsquo;augmentation des invit\u00e9s d&rsquo;une nuit est plus qu&rsquo;une tendance: au cours des dix derni\u00e8res ann\u00e9es, les s\u00e9jours dans la DG ont augment\u00e9 de pr\u00e8s de 53,4%. La proportion d&rsquo;invit\u00e9s \u00e9trangers a augment\u00e9 en continu, en particulier ces derni\u00e8res ann\u00e9es, sur pr\u00e8s de la moiti\u00e9 de toute la nuit. <\/p>\n<p>\u00ab\u00a0L&rsquo;augmentation constante des invit\u00e9s internationaux montre que la Belgique orientale est per\u00e7ue non seulement dans les habitants, mais aussi \u00e0 travers les fronti\u00e8res du pays comme une r\u00e9gion de vacances attrayante\u00a0\u00bb, souligne le ministre Cheeky.<\/p>\n<\/p>\n<div id=\"attachment_420451\" class=\"wp-caption alignleft\" style=\"max-width: 300px\"><img decoding=\"async\" class=\"wp-image-420451 size-medium\" src=\"https:\/\/vieassociative.be\/actualites\/wp-content\/uploads\/2025\/07\/1752999452_29_La-Belgique-de-lEst-beneficie-t-elle-du-changement-climatique-De-plus.jpg\" alt=\"\" width=\"300\" height=\"131\"  ><\/p>\n<p class=\"wp-caption-text\">(Cliquez sur l&rsquo;image pour agrandir) Arriv\u00e9es et nuits en 2024 par rapport \u00e0 la<br \/>L&rsquo;ann\u00e9e derni\u00e8re: Iweps, DGG Worriken. Source: Cabinet effront\u00e9.<\/p>\n<\/div>\n<p>Les municipalit\u00e9s de B\u00fctgenbach (+8 400), Eupen (+2,538) et B\u00fcllingen (+2,140) ont pu augmenter pendant les nuits par rapport \u00e0 2023. Kelmis et Lontzen ont \u00e9galement une l\u00e9g\u00e8re augmentation, car certains appartements de nouveaux appartements augmentent l&rsquo;offre \u00e0 l&rsquo;invit\u00e9. Pendant ce temps, presque inchang\u00e9 pour l&rsquo;ann\u00e9e pr\u00e9c\u00e9dente est la dur\u00e9e moyenne du s\u00e9jour de 2,45 jours (2023: 2,4).<\/p>\n<p><strong>&#8211; Nombres pour l&rsquo;Est de la Belgique:<\/strong> Les municipalit\u00e9s de mal\u00e9die et de Weismes appartiennent \u00e9galement \u00e0 la destination de la Belgique orientale. Les deux communaut\u00e9s sont fortes pour le tourisme. Au niveau de la destination de l&rsquo;Est de la Belgique, ils contribuent \u00e0 pr\u00e8s de la moiti\u00e9 de toute la nuit.<\/p>\n<p>En 2024, la Belgique orientale (c&rsquo;est-\u00e0-dire avec Malmedy et Weismes) avait un total de plus de 973 000 s\u00e9jours de nuit et plus de 385 000 arriv\u00e9es. Le revenu du tourisme de nuit \u00e9tait de plus de 100 millions d&rsquo;euros (100 569 273 euros). En Belgique oriental, 3,7 touristes viennent chez un r\u00e9sident.<\/p>\n<p><strong>&#8211; Croissance dans presque toutes les cat\u00e9gories d&rsquo;h\u00e9bergement:<\/strong> Si vous divisez les figurines d&rsquo;h\u00e9bergement sur les diff\u00e9rentes cat\u00e9gories d&rsquo;h\u00e9bergement, il devient clair que les appartements de vacances jouent le plus grand r\u00f4le dans la zone de bassin versant de la \u00ab\u00a0House for Tourism High Venn-Eastbelgien\u00a0\u00bb (les neuf communaut\u00e9s germanophones ainsi que mal\u00e9die et Weismes). Dans cette cat\u00e9gorie, il y a eu \u00e0 nouveau une l\u00e9g\u00e8re augmentation. Les logements de groupe (+35 986) ont pu augmenter d&rsquo;un tiers. Les compagnies h\u00f4teli\u00e8res ont \u00e9galement connu plus de nuit en 2024 que l&rsquo;ann\u00e9e pr\u00e9c\u00e9dente. En revanche, il y a des pertes dans les campings et les chambres (Bed &#038; Breakfast \/ B&#038;B).<\/p>\n<\/p>\n<div id=\"attachment_420450\" class=\"wp-caption alignleft\" style=\"max-width: 300px\"><img decoding=\"async\" class=\"wp-image-420450 size-medium\" src=\"https:\/\/vieassociative.be\/actualites\/wp-content\/uploads\/2025\/07\/1752999452_669_La-Belgique-de-lEst-beneficie-t-elle-du-changement-climatique-De-plus.jpg\" alt=\"\" width=\"300\" height=\"168\"  ><\/p>\n<p class=\"wp-caption-text\">(Cliquez sur l&rsquo;image pour agrandir) Graphique: armoire effront\u00e9e<\/p>\n<\/div>\n<p>&#8211;<br \/>\n<strong>Capacit\u00e9:<\/strong><br \/>\n Le nombre total d&rsquo;h\u00e9bergement touristique dans la DG augmente depuis des ann\u00e9es: alors que 318 h\u00e9bergements touristiques \u00e9taient toujours enregistr\u00e9s au minist\u00e8re de la DG en 2019, il y avait d\u00e9j\u00e0 569 entreprises avec plus de 7 000 lits (7 159) en 2024. L&rsquo;augmentation est presque exclusivement due aux appartements de vacances.<\/p>\n<p>Le nombre d&rsquo;h\u00f4tels et de campings est l\u00e9g\u00e8rement en baisse. Il est d&rsquo;autant plus important que les compagnies h\u00f4teli\u00e8res g\u00e9n\u00e8rent encore plus de s\u00e9jours en nuit. \u00ab\u00a0Avec la croissance de l&rsquo;infrastructure touristique, nous nous assurons que l&rsquo;Est de la Belgique reste attrayante pour divers groupes cibles &#8211; des voyageurs individuels \u00e0 la famille \u00e9largie\u00a0\u00bb, explique le ministre effront\u00e9.<\/p>\n<p><strong>&#8211; juillet et ao\u00fbt avec le plus de nuit:<\/strong> Dans l&rsquo;est de la Belgique, bien s\u00fbr, les mois de vacances font \u00e9galement partie de la haute saison. Surtout pendant les nuits, la courbe en juillet et ao\u00fbt augmente consid\u00e9rablement. De nombreux invit\u00e9s passent leurs vacances annuelles dans l&rsquo;est de la Belgique, de sorte qu&rsquo;en juillet, la dur\u00e9e d&rsquo;ao\u00fbt, la dur\u00e9e du s\u00e9jour avec trois nuits par s\u00e9jour est sup\u00e9rieure \u00e0 la moyenne. (Cre)<\/p>\n","protected":false},"excerpt":{"rendered":"<p>Les vagues de chaleur en Espagne et en Italie, des incendies de for\u00eat en Gr\u00e8ce et au Portugal: les destinations de voyage populaires en M\u00e9diterran\u00e9e<\/p>\n","protected":false},"author":1,"featured_media":8881,"comment_status":"","ping_status":"","sticky":false,"template":"","format":"standard","meta":{"footnotes":""},"categories":[298],"tags":[383,7838,2590,5242,166,29,5812,7713,7185,561],"class_list":["post-8880","post","type-post","status-publish","format-standard","has-post-thumbnail","hentry","category-belgique","tag-belgique","tag-beneficietelle","tag-changement","tag-climatique","tag-dans","tag-des","tag-etrangers","tag-passent","tag-touristes","tag-vacances","generate-columns","tablet-grid-50","mobile-grid-100","grid-parent","grid-33"],"yoast_head":"<!-- This site is optimized with the Yoast SEO plugin v24.0 - https:\/\/yoast.com\/wordpress\/plugins\/seo\/ -->\n<title>La Belgique de l&#039;Est b\u00e9n\u00e9ficie-t-elle du changement climatique? De plus en plus de touristes \u00e9trangers passent des vacances dans la DG | Vie Associative<\/title>\n<meta name=\"robots\" content=\"index, follow, max-snippet:-1, max-image-preview:large, max-video-preview:-1\" \/>\n<link rel=\"canonical\" href=\"https:\/\/vieassociative.be\/actualites\/la-belgique-de-lest-beneficie-t-elle-du-changement-climatique-de-plus-en-plus-de-touristes-etrangers-passent-des-vacances-dans-la-dg\/\" \/>\n<meta property=\"og:locale\" content=\"fr_FR\" \/>\n<meta property=\"og:type\" content=\"article\" \/>\n<meta property=\"og:title\" content=\"La Belgique de l&#039;Est b\u00e9n\u00e9ficie-t-elle du changement climatique? De plus en plus de touristes \u00e9trangers passent des vacances dans la DG | Vie Associative\" \/>\n<meta property=\"og:description\" content=\"Les vagues de chaleur en Espagne et en Italie, des incendies de for\u00eat en Gr\u00e8ce et au Portugal: les destinations de voyage populaires en M\u00e9diterran\u00e9e\" \/>\n<meta property=\"og:url\" content=\"https:\/\/vieassociative.be\/actualites\/la-belgique-de-lest-beneficie-t-elle-du-changement-climatique-de-plus-en-plus-de-touristes-etrangers-passent-des-vacances-dans-la-dg\/\" \/>\n<meta property=\"og:site_name\" content=\"Vie Associative\" \/>\n<meta property=\"article:published_time\" content=\"2025-07-20T08:17:32+00:00\" \/>\n<meta property=\"og:image\" content=\"https:\/\/vieassociative.be\/actualites\/wp-content\/uploads\/2024\/09\/header_backgroundk-01-e1726694325946.png\" \/>\n\t<meta property=\"og:image:width\" content=\"279\" \/>\n\t<meta property=\"og:image:height\" content=\"92\" \/>\n\t<meta property=\"og:image:type\" content=\"image\/png\" \/>\n<meta name=\"author\" content=\"Julien\" \/>\n<meta name=\"twitter:card\" content=\"summary_large_image\" \/>\n<meta name=\"twitter:label1\" content=\"\u00c9crit par\" \/>\n\t<meta name=\"twitter:data1\" content=\"Julien\" \/>\n\t<meta name=\"twitter:label2\" content=\"Dur\u00e9e de lecture est.\" \/>\n\t<meta name=\"twitter:data2\" content=\"5 minutes\" \/>\n<script type=\"application\/ld+json\" class=\"yoast-schema-graph\">{\"@context\":\"https:\/\/schema.org\",\"@graph\":[{\"@type\":\"Article\",\"@id\":\"https:\/\/vieassociative.be\/actualites\/la-belgique-de-lest-beneficie-t-elle-du-changement-climatique-de-plus-en-plus-de-touristes-etrangers-passent-des-vacances-dans-la-dg\/#article\",\"isPartOf\":{\"@id\":\"https:\/\/vieassociative.be\/actualites\/la-belgique-de-lest-beneficie-t-elle-du-changement-climatique-de-plus-en-plus-de-touristes-etrangers-passent-des-vacances-dans-la-dg\/\"},\"author\":{\"name\":\"Julien\",\"@id\":\"https:\/\/vieassociative.be\/actualites\/#\/schema\/person\/b87ac4f82f9d4e7b7cec7395b679edc4\"},\"headline\":\"La Belgique de l&rsquo;Est b\u00e9n\u00e9ficie-t-elle du changement climatique? De plus en plus de touristes \u00e9trangers passent des vacances dans la DG\",\"datePublished\":\"2025-07-20T08:17:32+00:00\",\"dateModified\":\"2025-07-20T08:17:32+00:00\",\"mainEntityOfPage\":{\"@id\":\"https:\/\/vieassociative.be\/actualites\/la-belgique-de-lest-beneficie-t-elle-du-changement-climatique-de-plus-en-plus-de-touristes-etrangers-passent-des-vacances-dans-la-dg\/\"},\"wordCount\":1001,\"publisher\":{\"@id\":\"https:\/\/vieassociative.be\/actualites\/#organization\"},\"image\":{\"@id\":\"https:\/\/vieassociative.be\/actualites\/la-belgique-de-lest-beneficie-t-elle-du-changement-climatique-de-plus-en-plus-de-touristes-etrangers-passent-des-vacances-dans-la-dg\/#primaryimage\"},\"thumbnailUrl\":\"https:\/\/vieassociative.be\/actualites\/wp-content\/uploads\/2025\/07\/1752999453_La-Belgique-de-lEst-beneficie-t-elle-du-changement-climatique-De-plus.jpg\",\"keywords\":[\"Belgique\",\"b\u00e9n\u00e9ficietelle\",\"Changement\",\"climatique\",\"dans\",\"Des\",\"\u00e9trangers\",\"passent\",\"touristes\",\"vacances\"],\"articleSection\":[\"Belgique\"],\"inLanguage\":\"fr-BE\"},{\"@type\":\"WebPage\",\"@id\":\"https:\/\/vieassociative.be\/actualites\/la-belgique-de-lest-beneficie-t-elle-du-changement-climatique-de-plus-en-plus-de-touristes-etrangers-passent-des-vacances-dans-la-dg\/\",\"url\":\"https:\/\/vieassociative.be\/actualites\/la-belgique-de-lest-beneficie-t-elle-du-changement-climatique-de-plus-en-plus-de-touristes-etrangers-passent-des-vacances-dans-la-dg\/\",\"name\":\"La Belgique de l'Est b\u00e9n\u00e9ficie-t-elle du changement climatique? De plus en plus de touristes \u00e9trangers passent des vacances dans la DG | Vie Associative\",\"isPartOf\":{\"@id\":\"https:\/\/vieassociative.be\/actualites\/#website\"},\"primaryImageOfPage\":{\"@id\":\"https:\/\/vieassociative.be\/actualites\/la-belgique-de-lest-beneficie-t-elle-du-changement-climatique-de-plus-en-plus-de-touristes-etrangers-passent-des-vacances-dans-la-dg\/#primaryimage\"},\"image\":{\"@id\":\"https:\/\/vieassociative.be\/actualites\/la-belgique-de-lest-beneficie-t-elle-du-changement-climatique-de-plus-en-plus-de-touristes-etrangers-passent-des-vacances-dans-la-dg\/#primaryimage\"},\"thumbnailUrl\":\"https:\/\/vieassociative.be\/actualites\/wp-content\/uploads\/2025\/07\/1752999453_La-Belgique-de-lEst-beneficie-t-elle-du-changement-climatique-De-plus.jpg\",\"datePublished\":\"2025-07-20T08:17:32+00:00\",\"dateModified\":\"2025-07-20T08:17:32+00:00\",\"breadcrumb\":{\"@id\":\"https:\/\/vieassociative.be\/actualites\/la-belgique-de-lest-beneficie-t-elle-du-changement-climatique-de-plus-en-plus-de-touristes-etrangers-passent-des-vacances-dans-la-dg\/#breadcrumb\"},\"inLanguage\":\"fr-BE\",\"potentialAction\":[{\"@type\":\"ReadAction\",\"target\":[\"https:\/\/vieassociative.be\/actualites\/la-belgique-de-lest-beneficie-t-elle-du-changement-climatique-de-plus-en-plus-de-touristes-etrangers-passent-des-vacances-dans-la-dg\/\"]}]},{\"@type\":\"ImageObject\",\"inLanguage\":\"fr-BE\",\"@id\":\"https:\/\/vieassociative.be\/actualites\/la-belgique-de-lest-beneficie-t-elle-du-changement-climatique-de-plus-en-plus-de-touristes-etrangers-passent-des-vacances-dans-la-dg\/#primaryimage\",\"url\":\"https:\/\/vieassociative.be\/actualites\/wp-content\/uploads\/2025\/07\/1752999453_La-Belgique-de-lEst-beneficie-t-elle-du-changement-climatique-De-plus.jpg\",\"contentUrl\":\"https:\/\/vieassociative.be\/actualites\/wp-content\/uploads\/2025\/07\/1752999453_La-Belgique-de-lEst-beneficie-t-elle-du-changement-climatique-De-plus.jpg\",\"width\":1536,\"height\":1024,\"caption\":\"La Belgique de l'Est b\u00e9n\u00e9ficie-t-elle du changement climatique? De plus en plus de touristes \u00e9trangers passent des vacances dans la DG\"},{\"@type\":\"BreadcrumbList\",\"@id\":\"https:\/\/vieassociative.be\/actualites\/la-belgique-de-lest-beneficie-t-elle-du-changement-climatique-de-plus-en-plus-de-touristes-etrangers-passent-des-vacances-dans-la-dg\/#breadcrumb\",\"itemListElement\":[{\"@type\":\"ListItem\",\"position\":1,\"name\":\"Accueil\",\"item\":\"https:\/\/vieassociative.be\/actualites\/\"},{\"@type\":\"ListItem\",\"position\":2,\"name\":\"La Belgique de l&rsquo;Est b\u00e9n\u00e9ficie-t-elle du changement climatique? De plus en plus de touristes \u00e9trangers passent des vacances dans la DG\"}]},{\"@type\":\"WebSite\",\"@id\":\"https:\/\/vieassociative.be\/actualites\/#website\",\"url\":\"https:\/\/vieassociative.be\/actualites\/\",\"name\":\"Vie Associative\",\"description\":\"\",\"publisher\":{\"@id\":\"https:\/\/vieassociative.be\/actualites\/#organization\"},\"potentialAction\":[{\"@type\":\"SearchAction\",\"target\":{\"@type\":\"EntryPoint\",\"urlTemplate\":\"https:\/\/vieassociative.be\/actualites\/?s={search_term_string}\"},\"query-input\":{\"@type\":\"PropertyValueSpecification\",\"valueRequired\":true,\"valueName\":\"search_term_string\"}}],\"inLanguage\":\"fr-BE\"},{\"@type\":\"Organization\",\"@id\":\"https:\/\/vieassociative.be\/actualites\/#organization\",\"name\":\"Vie Associative\",\"url\":\"https:\/\/vieassociative.be\/actualites\/\",\"logo\":{\"@type\":\"ImageObject\",\"inLanguage\":\"fr-BE\",\"@id\":\"https:\/\/vieassociative.be\/actualites\/#\/schema\/logo\/image\/\",\"url\":\"https:\/\/vieassociative.be\/actualites\/wp-content\/uploads\/2024\/09\/cropped-vieassociative_favicon.ico.png\",\"contentUrl\":\"https:\/\/vieassociative.be\/actualites\/wp-content\/uploads\/2024\/09\/cropped-vieassociative_favicon.ico.png\",\"width\":512,\"height\":512,\"caption\":\"Vie Associative\"},\"image\":{\"@id\":\"https:\/\/vieassociative.be\/actualites\/#\/schema\/logo\/image\/\"}},{\"@type\":\"Person\",\"@id\":\"https:\/\/vieassociative.be\/actualites\/#\/schema\/person\/b87ac4f82f9d4e7b7cec7395b679edc4\",\"name\":\"Julien\",\"image\":{\"@type\":\"ImageObject\",\"inLanguage\":\"fr-BE\",\"@id\":\"https:\/\/vieassociative.be\/actualites\/#\/schema\/person\/image\/\",\"url\":\"https:\/\/vieassociative.be\/actualites\/wp-content\/uploads\/2024\/09\/vie-associative-1-150x150.jpg\",\"contentUrl\":\"https:\/\/vieassociative.be\/actualites\/wp-content\/uploads\/2024\/09\/vie-associative-1-150x150.jpg\",\"caption\":\"Julien\"},\"description\":\"Je suis Julien, r\u00e9dacteur pour Vie Associative. Passionn\u00e9 par le monde associatif depuis plus de 10 ans, j'ai \u00e0 c\u0153ur de partager des histoires inspirantes et de mettre en lumi\u00e8re les initiatives locales. Mon objectif est de sensibiliser et d'encourager l'engagement communautaire \u00e0 travers mes articles.\",\"sameAs\":[\"https:\/\/vieassociative.be\/\"]}]}<\/script>\n<!-- \/ Yoast SEO plugin. -->","yoast_head_json":{"title":"La Belgique de l'Est b\u00e9n\u00e9ficie-t-elle du changement climatique? De plus en plus de touristes \u00e9trangers passent des vacances dans la DG | Vie Associative","robots":{"index":"index","follow":"follow","max-snippet":"max-snippet:-1","max-image-preview":"max-image-preview:large","max-video-preview":"max-video-preview:-1"},"canonical":"https:\/\/vieassociative.be\/actualites\/la-belgique-de-lest-beneficie-t-elle-du-changement-climatique-de-plus-en-plus-de-touristes-etrangers-passent-des-vacances-dans-la-dg\/","og_locale":"fr_FR","og_type":"article","og_title":"La Belgique de l'Est b\u00e9n\u00e9ficie-t-elle du changement climatique? De plus en plus de touristes \u00e9trangers passent des vacances dans la DG | Vie Associative","og_description":"Les vagues de chaleur en Espagne et en Italie, des incendies de for\u00eat en Gr\u00e8ce et au Portugal: les destinations de voyage populaires en M\u00e9diterran\u00e9e","og_url":"https:\/\/vieassociative.be\/actualites\/la-belgique-de-lest-beneficie-t-elle-du-changement-climatique-de-plus-en-plus-de-touristes-etrangers-passent-des-vacances-dans-la-dg\/","og_site_name":"Vie Associative","article_published_time":"2025-07-20T08:17:32+00:00","og_image":[{"width":279,"height":92,"url":"https:\/\/vieassociative.be\/actualites\/wp-content\/uploads\/2024\/09\/header_backgroundk-01-e1726694325946.png","type":"image\/png"}],"author":"Julien","twitter_card":"summary_large_image","twitter_misc":{"\u00c9crit par":"Julien","Dur\u00e9e de lecture est.":"5 minutes"},"schema":{"@context":"https:\/\/schema.org","@graph":[{"@type":"Article","@id":"https:\/\/vieassociative.be\/actualites\/la-belgique-de-lest-beneficie-t-elle-du-changement-climatique-de-plus-en-plus-de-touristes-etrangers-passent-des-vacances-dans-la-dg\/#article","isPartOf":{"@id":"https:\/\/vieassociative.be\/actualites\/la-belgique-de-lest-beneficie-t-elle-du-changement-climatique-de-plus-en-plus-de-touristes-etrangers-passent-des-vacances-dans-la-dg\/"},"author":{"name":"Julien","@id":"https:\/\/vieassociative.be\/actualites\/#\/schema\/person\/b87ac4f82f9d4e7b7cec7395b679edc4"},"headline":"La Belgique de l&rsquo;Est b\u00e9n\u00e9ficie-t-elle du changement climatique? De plus en plus de touristes \u00e9trangers passent des vacances dans la DG","datePublished":"2025-07-20T08:17:32+00:00","dateModified":"2025-07-20T08:17:32+00:00","mainEntityOfPage":{"@id":"https:\/\/vieassociative.be\/actualites\/la-belgique-de-lest-beneficie-t-elle-du-changement-climatique-de-plus-en-plus-de-touristes-etrangers-passent-des-vacances-dans-la-dg\/"},"wordCount":1001,"publisher":{"@id":"https:\/\/vieassociative.be\/actualites\/#organization"},"image":{"@id":"https:\/\/vieassociative.be\/actualites\/la-belgique-de-lest-beneficie-t-elle-du-changement-climatique-de-plus-en-plus-de-touristes-etrangers-passent-des-vacances-dans-la-dg\/#primaryimage"},"thumbnailUrl":"https:\/\/vieassociative.be\/actualites\/wp-content\/uploads\/2025\/07\/1752999453_La-Belgique-de-lEst-beneficie-t-elle-du-changement-climatique-De-plus.jpg","keywords":["Belgique","b\u00e9n\u00e9ficietelle","Changement","climatique","dans","Des","\u00e9trangers","passent","touristes","vacances"],"articleSection":["Belgique"],"inLanguage":"fr-BE"},{"@type":"WebPage","@id":"https:\/\/vieassociative.be\/actualites\/la-belgique-de-lest-beneficie-t-elle-du-changement-climatique-de-plus-en-plus-de-touristes-etrangers-passent-des-vacances-dans-la-dg\/","url":"https:\/\/vieassociative.be\/actualites\/la-belgique-de-lest-beneficie-t-elle-du-changement-climatique-de-plus-en-plus-de-touristes-etrangers-passent-des-vacances-dans-la-dg\/","name":"La Belgique de l'Est b\u00e9n\u00e9ficie-t-elle du changement climatique? De plus en plus de touristes \u00e9trangers passent des vacances dans la DG | Vie Associative","isPartOf":{"@id":"https:\/\/vieassociative.be\/actualites\/#website"},"primaryImageOfPage":{"@id":"https:\/\/vieassociative.be\/actualites\/la-belgique-de-lest-beneficie-t-elle-du-changement-climatique-de-plus-en-plus-de-touristes-etrangers-passent-des-vacances-dans-la-dg\/#primaryimage"},"image":{"@id":"https:\/\/vieassociative.be\/actualites\/la-belgique-de-lest-beneficie-t-elle-du-changement-climatique-de-plus-en-plus-de-touristes-etrangers-passent-des-vacances-dans-la-dg\/#primaryimage"},"thumbnailUrl":"https:\/\/vieassociative.be\/actualites\/wp-content\/uploads\/2025\/07\/1752999453_La-Belgique-de-lEst-beneficie-t-elle-du-changement-climatique-De-plus.jpg","datePublished":"2025-07-20T08:17:32+00:00","dateModified":"2025-07-20T08:17:32+00:00","breadcrumb":{"@id":"https:\/\/vieassociative.be\/actualites\/la-belgique-de-lest-beneficie-t-elle-du-changement-climatique-de-plus-en-plus-de-touristes-etrangers-passent-des-vacances-dans-la-dg\/#breadcrumb"},"inLanguage":"fr-BE","potentialAction":[{"@type":"ReadAction","target":["https:\/\/vieassociative.be\/actualites\/la-belgique-de-lest-beneficie-t-elle-du-changement-climatique-de-plus-en-plus-de-touristes-etrangers-passent-des-vacances-dans-la-dg\/"]}]},{"@type":"ImageObject","inLanguage":"fr-BE","@id":"https:\/\/vieassociative.be\/actualites\/la-belgique-de-lest-beneficie-t-elle-du-changement-climatique-de-plus-en-plus-de-touristes-etrangers-passent-des-vacances-dans-la-dg\/#primaryimage","url":"https:\/\/vieassociative.be\/actualites\/wp-content\/uploads\/2025\/07\/1752999453_La-Belgique-de-lEst-beneficie-t-elle-du-changement-climatique-De-plus.jpg","contentUrl":"https:\/\/vieassociative.be\/actualites\/wp-content\/uploads\/2025\/07\/1752999453_La-Belgique-de-lEst-beneficie-t-elle-du-changement-climatique-De-plus.jpg","width":1536,"height":1024,"caption":"La Belgique de l'Est b\u00e9n\u00e9ficie-t-elle du changement climatique? De plus en plus de touristes \u00e9trangers passent des vacances dans la DG"},{"@type":"BreadcrumbList","@id":"https:\/\/vieassociative.be\/actualites\/la-belgique-de-lest-beneficie-t-elle-du-changement-climatique-de-plus-en-plus-de-touristes-etrangers-passent-des-vacances-dans-la-dg\/#breadcrumb","itemListElement":[{"@type":"ListItem","position":1,"name":"Accueil","item":"https:\/\/vieassociative.be\/actualites\/"},{"@type":"ListItem","position":2,"name":"La Belgique de l&rsquo;Est b\u00e9n\u00e9ficie-t-elle du changement climatique? De plus en plus de touristes \u00e9trangers passent des vacances dans la DG"}]},{"@type":"WebSite","@id":"https:\/\/vieassociative.be\/actualites\/#website","url":"https:\/\/vieassociative.be\/actualites\/","name":"Vie Associative","description":"","publisher":{"@id":"https:\/\/vieassociative.be\/actualites\/#organization"},"potentialAction":[{"@type":"SearchAction","target":{"@type":"EntryPoint","urlTemplate":"https:\/\/vieassociative.be\/actualites\/?s={search_term_string}"},"query-input":{"@type":"PropertyValueSpecification","valueRequired":true,"valueName":"search_term_string"}}],"inLanguage":"fr-BE"},{"@type":"Organization","@id":"https:\/\/vieassociative.be\/actualites\/#organization","name":"Vie Associative","url":"https:\/\/vieassociative.be\/actualites\/","logo":{"@type":"ImageObject","inLanguage":"fr-BE","@id":"https:\/\/vieassociative.be\/actualites\/#\/schema\/logo\/image\/","url":"https:\/\/vieassociative.be\/actualites\/wp-content\/uploads\/2024\/09\/cropped-vieassociative_favicon.ico.png","contentUrl":"https:\/\/vieassociative.be\/actualites\/wp-content\/uploads\/2024\/09\/cropped-vieassociative_favicon.ico.png","width":512,"height":512,"caption":"Vie Associative"},"image":{"@id":"https:\/\/vieassociative.be\/actualites\/#\/schema\/logo\/image\/"}},{"@type":"Person","@id":"https:\/\/vieassociative.be\/actualites\/#\/schema\/person\/b87ac4f82f9d4e7b7cec7395b679edc4","name":"Julien","image":{"@type":"ImageObject","inLanguage":"fr-BE","@id":"https:\/\/vieassociative.be\/actualites\/#\/schema\/person\/image\/","url":"https:\/\/vieassociative.be\/actualites\/wp-content\/uploads\/2024\/09\/vie-associative-1-150x150.jpg","contentUrl":"https:\/\/vieassociative.be\/actualites\/wp-content\/uploads\/2024\/09\/vie-associative-1-150x150.jpg","caption":"Julien"},"description":"Je suis Julien, r\u00e9dacteur pour Vie Associative. Passionn\u00e9 par le monde associatif depuis plus de 10 ans, j'ai \u00e0 c\u0153ur de partager des histoires inspirantes et de mettre en lumi\u00e8re les initiatives locales. Mon objectif est de sensibiliser et d'encourager l'engagement communautaire \u00e0 travers mes articles.","sameAs":["https:\/\/vieassociative.be\/"]}]}},"_links":{"self":[{"href":"https:\/\/vieassociative.be\/actualites\/wp-json\/wp\/v2\/posts\/8880"}],"collection":[{"href":"https:\/\/vieassociative.be\/actualites\/wp-json\/wp\/v2\/posts"}],"about":[{"href":"https:\/\/vieassociative.be\/actualites\/wp-json\/wp\/v2\/types\/post"}],"author":[{"embeddable":true,"href":"https:\/\/vieassociative.be\/actualites\/wp-json\/wp\/v2\/users\/1"}],"replies":[{"embeddable":true,"href":"https:\/\/vieassociative.be\/actualites\/wp-json\/wp\/v2\/comments?post=8880"}],"version-history":[{"count":0,"href":"https:\/\/vieassociative.be\/actualites\/wp-json\/wp\/v2\/posts\/8880\/revisions"}],"wp:featuredmedia":[{"embeddable":true,"href":"https:\/\/vieassociative.be\/actualites\/wp-json\/wp\/v2\/media\/8881"}],"wp:attachment":[{"href":"https:\/\/vieassociative.be\/actualites\/wp-json\/wp\/v2\/media?parent=8880"}],"wp:term":[{"taxonomy":"category","embeddable":true,"href":"https:\/\/vieassociative.be\/actualites\/wp-json\/wp\/v2\/categories?post=8880"},{"taxonomy":"post_tag","embeddable":true,"href":"https:\/\/vieassociative.be\/actualites\/wp-json\/wp\/v2\/tags?post=8880"}],"curies":[{"name":"wp","href":"https:\/\/api.w.org\/{rel}","templated":true}]}}