{"id":8876,"date":"2025-07-20T03:18:24","date_gmt":"2025-07-20T01:18:24","guid":{"rendered":"https:\/\/vieassociative.be\/actualites\/les-billets-imax-pour-the-odyssey-de-christopher-nolan-sont-vendus-un-an-a-lavance-et-vous-pouvez-probablement-deviner-pourquoi\/"},"modified":"2025-07-20T03:18:24","modified_gmt":"2025-07-20T01:18:24","slug":"les-billets-imax-pour-the-odyssey-de-christopher-nolan-sont-vendus-un-an-a-lavance-et-vous-pouvez-probablement-deviner-pourquoi","status":"publish","type":"post","link":"https:\/\/vieassociative.be\/actualites\/les-billets-imax-pour-the-odyssey-de-christopher-nolan-sont-vendus-un-an-a-lavance-et-vous-pouvez-probablement-deviner-pourquoi\/","title":{"rendered":"Les billets IMAX pour \u00ab\u00a0 The Odyssey \u00a0\u00bb de Christopher Nolan sont vendus un an \u00e0 l&rsquo;avance, et vous pouvez probablement deviner pourquoi"},"content":{"rendered":"<div class=\"mt-4 leading-6 md:mb-8\">Je n&rsquo;ai aucune id\u00e9e de ce que je vais faire \u00e0 l&rsquo;\u00e9t\u00e9 2026 de toute fa\u00e7on.<\/div>\n<p><\/p>\n<p>Le train de battage m\u00e9diatique pour le film de Christopher Nolan <em>L&rsquo;Odyss\u00e9e<\/em> crie d\u00e9j\u00e0 sur les pistes. Malgr\u00e9 une date de sortie du 17 juillet 2026, certains th\u00e9\u00e2tres de cin\u00e9ma vendent d\u00e9j\u00e0 des billets pour les premi\u00e8res projections IMAX du film. Les pr\u00e9ventes sont destin\u00e9es \u00e0 certaines projections de la version 70 mm IMAX du film dans une poign\u00e9e de villes aux \u00c9tats-Unis et au Canada. Bien que cela puisse sembler \u00eatre un simple gadget marketing (qui a besoin d&rsquo;acheter des billets par an?), De nombreuses projections se sont d\u00e9j\u00e0 vendues. \u00c0 ce jour, 13 des 16 th\u00e9\u00e2tres am\u00e9ricains proposant des billets de pr\u00e9vente sont enti\u00e8rement r\u00e9serv\u00e9s.<em> <\/em><\/p>\n<p>Vous pensez probablement que les seules personnes d\u00e9sireuses d&rsquo;acheter des billets de cin\u00e9ma un an plus t\u00f4t sont des gens qui pr\u00e9voient de les vendre plus tard, et vous avez probablement raison: de nombreux billets semblent avoir \u00e9t\u00e9 vendus \u00e0 Scampers. Une v\u00e9rification rapide d&rsquo;Ebay r\u00e9v\u00e8le de nombreuses ench\u00e8res de <em>L&rsquo;Odyss\u00e9e<\/em> Les passes sont d\u00e9j\u00e0 en direct, avec des offres d&rsquo;ouverture comprises entre 200 $ et 250 $. \u00c0 l&rsquo;approche de la date de sortie, recherchez les prix sur le march\u00e9 secondaire pour aller beaucoup plus haut.<\/p>\n<p>L&rsquo;adaptation par Nolan de l&rsquo;\u00e9pop\u00e9e hom\u00e9rique sera le premier long m\u00e9trage tourn\u00e9 enti\u00e8rement dans IMAX, le format pr\u00e9f\u00e9r\u00e9 du r\u00e9alisateur. Il met en vedette Matt Damon comme Ulysse et raconte l&rsquo;histoire du p\u00e9rilleux de 10 ans du roi grec \u00e0 Ithaca apr\u00e8s la guerre de Troie (en supposant que Nolan s&rsquo;en tient au mat\u00e9riel source).<\/p>\n<p>Le d\u00e9partement marketing d&rsquo;Universal exerce clairement une strat\u00e9gie \u00e0 long terme pour Hyping <em>L&rsquo;Odyss\u00e9e<\/em> En tant que film de prestige de haute qualit\u00e9 en se concentrant sur la sortie IMAX en tant qu&rsquo;\u00e9v\u00e9nement monumental dans l&rsquo;histoire du cin\u00e9ma. Parmi les nerds de films, IMAX est consid\u00e9r\u00e9 comme le seul moyen de <em>vraiment<\/em> Voir le dernier film de Nolan, <em>Oppenheimer;<\/em> Pr\u00e8s d&rsquo;un cinqui\u00e8me de ses 975 millions de dollars bruts provenait de projections IMAX. <\/p>\n<div class=\"pogoClear relative my-10 border-b-(1.5px) border-t-(1.5px) border-dashed border-black py-5 sm:my-14 sm:border-0 sm:py-0\" data-ga-click data-ga-template=\"News\" data-ga-module=\"openweb_widget\" data-ga-element=\"openweb_scroll\" data-ga-item=\"openweb_scroll_midpage\" x-data=\"{\n         commentsCount: null,\n         hasComments: false,\n         async fetchCommentsCount() {\n             try {\n                 if (window.openweb &amp;&amp; typeof window.openweb.getMessagesCount === 'function') {\n                     this.commentsCount = await window.openweb.getMessagesCount('01K0CNX0HGVWY8VS4GMX19E9AV');\n                     this.hasComments = this.commentsCount !== null &amp;&amp; this.commentsCount &gt; 0;\n                 }\n             } catch (e) {\n                 console.warn('Failed to fetch comment count:', e);\n             }\n         }\n     }\" x-init=\"fetchCommentsCount()\" x-cloak><\/p>\n<div class=\"absolute top-1\/2 hidden w-full -translate-y-1\/2 border-t-(1.5px) border-dashed border-black sm:block\"><\/div>\n<div class=\"relative flex justify-center\">\n<div class=\"flex max-w-fit items-center gap-x-3 bg-white px-5\">\n<div class=\"relative\">\n                <span class=\"absolute left-1\/2 top-1\/2 -translate-x-1\/2 -translate-y-1\/2 font-akshar text-sm font-medium text-black\" aria-live=\"polite\" x-show=\"hasComments\" x-text=\"commentsCount\"><\/span><\/p>\n<p>                <svg class=\"h-8 w-8 text-black\" role=\"img\" aria-hidden=\"true\">\n                    <use href=\"http:\/\/lifehacker.com\/images\/icons\/spritemap.svg#sprite-chat-bubble\"><\/use>\n                <\/svg>\n            <\/div>\n<p>            <span class=\"text-sm font-medium text-black\"><\/p>\n<p>                Que pensez-vous jusqu&rsquo;\u00e0 pr\u00e9sent?<br \/>\n                <button class=\"ml-1 font-semibold text-brand-green underline hover:text-brand-green-700\" type=\"button\" aria-label=\"Comment section trigger\" onclick=\"window.openweb.scrollToComments('01K0CNX0HGVWY8VS4GMX19E9AV')\" x-text=\"hasComments ? 'Post a comment.' : 'Be the first to post a comment.'\"><\/button><br \/>\n            <\/span>\n        <\/div>\n<\/p><\/div>\n<\/div>\n<p>Si vous \u00eates un fan de film plus d\u00e9contract\u00e9 (et que vous n&rsquo;avez pas envie de payer quelques centaines de dollars ou plus pour voir un film), des billets pour d&rsquo;autres projections de <em>L&rsquo;Odyss\u00e9e<\/em> Dans les formats de cin\u00e9ma moindres, seront sans aucun doute disponibles pour la pr\u00e9-commande (beaucoup) plus pr\u00e8s de la date de sortie du film. Ou vous pouvez juste attendre une semaine et voir si apr\u00e8s la foule s&rsquo;est \u00e9claircie.<\/p>\n","protected":false},"excerpt":{"rendered":"<p>Je n&rsquo;ai aucune id\u00e9e de ce que je vais faire \u00e0 l&rsquo;\u00e9t\u00e9 2026 de toute fa\u00e7on. Le train de battage m\u00e9diatique pour le film de<\/p>\n","protected":false},"author":1,"featured_media":8877,"comment_status":"","ping_status":"","sticky":false,"template":"","format":"standard","meta":{"footnotes":""},"categories":[36],"tags":[5843,7832,7836,7830,7835,14,7833,7831,81,734,5,419,18,7834,4],"class_list":["post-8876","post","type-post","status-publish","format-standard","has-post-thumbnail","hentry","category-divertissement","tag-billets","tag-christopher","tag-deviner","tag-imax","tag-lavance","tag-les","tag-nolan","tag-odyssey","tag-pour","tag-pourquoi","tag-pouvez","tag-probablement","tag-sont","tag-vendus","tag-vous","generate-columns","tablet-grid-50","mobile-grid-100","grid-parent","grid-33"],"yoast_head":"<!-- This site is optimized with the Yoast SEO plugin v24.0 - https:\/\/yoast.com\/wordpress\/plugins\/seo\/ -->\n<title>Les billets IMAX pour `` The Odyssey &#039;&#039; de Christopher Nolan sont vendus un an \u00e0 l&#039;avance, et vous pouvez probablement deviner pourquoi | Vie Associative<\/title>\n<meta name=\"robots\" content=\"index, follow, max-snippet:-1, max-image-preview:large, max-video-preview:-1\" \/>\n<link rel=\"canonical\" href=\"https:\/\/vieassociative.be\/actualites\/les-billets-imax-pour-the-odyssey-de-christopher-nolan-sont-vendus-un-an-a-lavance-et-vous-pouvez-probablement-deviner-pourquoi\/\" \/>\n<meta property=\"og:locale\" content=\"fr_FR\" \/>\n<meta property=\"og:type\" content=\"article\" \/>\n<meta property=\"og:title\" content=\"Les billets IMAX pour `` The Odyssey &#039;&#039; de Christopher Nolan sont vendus un an \u00e0 l&#039;avance, et vous pouvez probablement deviner pourquoi | Vie Associative\" \/>\n<meta property=\"og:description\" content=\"Je n&rsquo;ai aucune id\u00e9e de ce que je vais faire \u00e0 l&rsquo;\u00e9t\u00e9 2026 de toute fa\u00e7on. Le train de battage m\u00e9diatique pour le film de\" \/>\n<meta property=\"og:url\" content=\"https:\/\/vieassociative.be\/actualites\/les-billets-imax-pour-the-odyssey-de-christopher-nolan-sont-vendus-un-an-a-lavance-et-vous-pouvez-probablement-deviner-pourquoi\/\" \/>\n<meta property=\"og:site_name\" content=\"Vie Associative\" \/>\n<meta property=\"article:published_time\" content=\"2025-07-20T01:18:24+00:00\" \/>\n<meta property=\"og:image\" content=\"https:\/\/vieassociative.be\/actualites\/wp-content\/uploads\/2024\/09\/header_backgroundk-01-e1726694325946.png\" \/>\n\t<meta property=\"og:image:width\" content=\"279\" \/>\n\t<meta property=\"og:image:height\" content=\"92\" \/>\n\t<meta property=\"og:image:type\" content=\"image\/png\" \/>\n<meta name=\"author\" content=\"Julien\" \/>\n<meta name=\"twitter:card\" content=\"summary_large_image\" \/>\n<meta name=\"twitter:label1\" content=\"\u00c9crit par\" \/>\n\t<meta name=\"twitter:data1\" content=\"Julien\" \/>\n\t<meta name=\"twitter:label2\" content=\"Dur\u00e9e de lecture est.\" \/>\n\t<meta name=\"twitter:data2\" content=\"2 minutes\" \/>\n<script type=\"application\/ld+json\" class=\"yoast-schema-graph\">{\"@context\":\"https:\/\/schema.org\",\"@graph\":[{\"@type\":\"Article\",\"@id\":\"https:\/\/vieassociative.be\/actualites\/les-billets-imax-pour-the-odyssey-de-christopher-nolan-sont-vendus-un-an-a-lavance-et-vous-pouvez-probablement-deviner-pourquoi\/#article\",\"isPartOf\":{\"@id\":\"https:\/\/vieassociative.be\/actualites\/les-billets-imax-pour-the-odyssey-de-christopher-nolan-sont-vendus-un-an-a-lavance-et-vous-pouvez-probablement-deviner-pourquoi\/\"},\"author\":{\"name\":\"Julien\",\"@id\":\"https:\/\/vieassociative.be\/actualites\/#\/schema\/person\/b87ac4f82f9d4e7b7cec7395b679edc4\"},\"headline\":\"Les billets IMAX pour \u00ab\u00a0 The Odyssey \u00a0\u00bb de Christopher Nolan sont vendus un an \u00e0 l&rsquo;avance, et vous pouvez probablement deviner pourquoi\",\"datePublished\":\"2025-07-20T01:18:24+00:00\",\"dateModified\":\"2025-07-20T01:18:24+00:00\",\"mainEntityOfPage\":{\"@id\":\"https:\/\/vieassociative.be\/actualites\/les-billets-imax-pour-the-odyssey-de-christopher-nolan-sont-vendus-un-an-a-lavance-et-vous-pouvez-probablement-deviner-pourquoi\/\"},\"wordCount\":493,\"publisher\":{\"@id\":\"https:\/\/vieassociative.be\/actualites\/#organization\"},\"image\":{\"@id\":\"https:\/\/vieassociative.be\/actualites\/les-billets-imax-pour-the-odyssey-de-christopher-nolan-sont-vendus-un-an-a-lavance-et-vous-pouvez-probablement-deviner-pourquoi\/#primaryimage\"},\"thumbnailUrl\":\"https:\/\/vieassociative.be\/actualites\/wp-content\/uploads\/2025\/07\/Les-billets-IMAX-pour-The-Odyssey-de-Christopher-Nolan.jpg\",\"keywords\":[\"billets\",\"Christopher\",\"deviner\",\"IMAX\",\"lavance\",\"Les\",\"Nolan\",\"Odyssey\",\"pour\",\"Pourquoi\",\"pouvez\",\"probablement\",\"sont\",\"vendus\",\"Vous\"],\"articleSection\":[\"Divertissement\"],\"inLanguage\":\"fr-BE\"},{\"@type\":\"WebPage\",\"@id\":\"https:\/\/vieassociative.be\/actualites\/les-billets-imax-pour-the-odyssey-de-christopher-nolan-sont-vendus-un-an-a-lavance-et-vous-pouvez-probablement-deviner-pourquoi\/\",\"url\":\"https:\/\/vieassociative.be\/actualites\/les-billets-imax-pour-the-odyssey-de-christopher-nolan-sont-vendus-un-an-a-lavance-et-vous-pouvez-probablement-deviner-pourquoi\/\",\"name\":\"Les billets IMAX pour `` The Odyssey '' de Christopher Nolan sont vendus un an \u00e0 l'avance, et vous pouvez probablement deviner pourquoi | Vie Associative\",\"isPartOf\":{\"@id\":\"https:\/\/vieassociative.be\/actualites\/#website\"},\"primaryImageOfPage\":{\"@id\":\"https:\/\/vieassociative.be\/actualites\/les-billets-imax-pour-the-odyssey-de-christopher-nolan-sont-vendus-un-an-a-lavance-et-vous-pouvez-probablement-deviner-pourquoi\/#primaryimage\"},\"image\":{\"@id\":\"https:\/\/vieassociative.be\/actualites\/les-billets-imax-pour-the-odyssey-de-christopher-nolan-sont-vendus-un-an-a-lavance-et-vous-pouvez-probablement-deviner-pourquoi\/#primaryimage\"},\"thumbnailUrl\":\"https:\/\/vieassociative.be\/actualites\/wp-content\/uploads\/2025\/07\/Les-billets-IMAX-pour-The-Odyssey-de-Christopher-Nolan.jpg\",\"datePublished\":\"2025-07-20T01:18:24+00:00\",\"dateModified\":\"2025-07-20T01:18:24+00:00\",\"breadcrumb\":{\"@id\":\"https:\/\/vieassociative.be\/actualites\/les-billets-imax-pour-the-odyssey-de-christopher-nolan-sont-vendus-un-an-a-lavance-et-vous-pouvez-probablement-deviner-pourquoi\/#breadcrumb\"},\"inLanguage\":\"fr-BE\",\"potentialAction\":[{\"@type\":\"ReadAction\",\"target\":[\"https:\/\/vieassociative.be\/actualites\/les-billets-imax-pour-the-odyssey-de-christopher-nolan-sont-vendus-un-an-a-lavance-et-vous-pouvez-probablement-deviner-pourquoi\/\"]}]},{\"@type\":\"ImageObject\",\"inLanguage\":\"fr-BE\",\"@id\":\"https:\/\/vieassociative.be\/actualites\/les-billets-imax-pour-the-odyssey-de-christopher-nolan-sont-vendus-un-an-a-lavance-et-vous-pouvez-probablement-deviner-pourquoi\/#primaryimage\",\"url\":\"https:\/\/vieassociative.be\/actualites\/wp-content\/uploads\/2025\/07\/Les-billets-IMAX-pour-The-Odyssey-de-Christopher-Nolan.jpg\",\"contentUrl\":\"https:\/\/vieassociative.be\/actualites\/wp-content\/uploads\/2025\/07\/Les-billets-IMAX-pour-The-Odyssey-de-Christopher-Nolan.jpg\",\"width\":1200,\"height\":675,\"caption\":\"Les billets IMAX pour `` The Odyssey '' de Christopher Nolan sont vendus un an \u00e0 l'avance, et vous pouvez probablement deviner pourquoi\"},{\"@type\":\"BreadcrumbList\",\"@id\":\"https:\/\/vieassociative.be\/actualites\/les-billets-imax-pour-the-odyssey-de-christopher-nolan-sont-vendus-un-an-a-lavance-et-vous-pouvez-probablement-deviner-pourquoi\/#breadcrumb\",\"itemListElement\":[{\"@type\":\"ListItem\",\"position\":1,\"name\":\"Accueil\",\"item\":\"https:\/\/vieassociative.be\/actualites\/\"},{\"@type\":\"ListItem\",\"position\":2,\"name\":\"Les billets IMAX pour \u00ab\u00a0 The Odyssey \u00a0\u00bb de Christopher Nolan sont vendus un an \u00e0 l&rsquo;avance, et vous pouvez probablement deviner pourquoi\"}]},{\"@type\":\"WebSite\",\"@id\":\"https:\/\/vieassociative.be\/actualites\/#website\",\"url\":\"https:\/\/vieassociative.be\/actualites\/\",\"name\":\"Vie Associative\",\"description\":\"\",\"publisher\":{\"@id\":\"https:\/\/vieassociative.be\/actualites\/#organization\"},\"potentialAction\":[{\"@type\":\"SearchAction\",\"target\":{\"@type\":\"EntryPoint\",\"urlTemplate\":\"https:\/\/vieassociative.be\/actualites\/?s={search_term_string}\"},\"query-input\":{\"@type\":\"PropertyValueSpecification\",\"valueRequired\":true,\"valueName\":\"search_term_string\"}}],\"inLanguage\":\"fr-BE\"},{\"@type\":\"Organization\",\"@id\":\"https:\/\/vieassociative.be\/actualites\/#organization\",\"name\":\"Vie Associative\",\"url\":\"https:\/\/vieassociative.be\/actualites\/\",\"logo\":{\"@type\":\"ImageObject\",\"inLanguage\":\"fr-BE\",\"@id\":\"https:\/\/vieassociative.be\/actualites\/#\/schema\/logo\/image\/\",\"url\":\"https:\/\/vieassociative.be\/actualites\/wp-content\/uploads\/2024\/09\/cropped-vieassociative_favicon.ico.png\",\"contentUrl\":\"https:\/\/vieassociative.be\/actualites\/wp-content\/uploads\/2024\/09\/cropped-vieassociative_favicon.ico.png\",\"width\":512,\"height\":512,\"caption\":\"Vie Associative\"},\"image\":{\"@id\":\"https:\/\/vieassociative.be\/actualites\/#\/schema\/logo\/image\/\"}},{\"@type\":\"Person\",\"@id\":\"https:\/\/vieassociative.be\/actualites\/#\/schema\/person\/b87ac4f82f9d4e7b7cec7395b679edc4\",\"name\":\"Julien\",\"image\":{\"@type\":\"ImageObject\",\"inLanguage\":\"fr-BE\",\"@id\":\"https:\/\/vieassociative.be\/actualites\/#\/schema\/person\/image\/\",\"url\":\"https:\/\/vieassociative.be\/actualites\/wp-content\/uploads\/2024\/09\/vie-associative-1-150x150.jpg\",\"contentUrl\":\"https:\/\/vieassociative.be\/actualites\/wp-content\/uploads\/2024\/09\/vie-associative-1-150x150.jpg\",\"caption\":\"Julien\"},\"description\":\"Je suis Julien, r\u00e9dacteur pour Vie Associative. Passionn\u00e9 par le monde associatif depuis plus de 10 ans, j'ai \u00e0 c\u0153ur de partager des histoires inspirantes et de mettre en lumi\u00e8re les initiatives locales. Mon objectif est de sensibiliser et d'encourager l'engagement communautaire \u00e0 travers mes articles.\",\"sameAs\":[\"https:\/\/vieassociative.be\/\"]}]}<\/script>\n<!-- \/ Yoast SEO plugin. -->","yoast_head_json":{"title":"Les billets IMAX pour `` The Odyssey '' de Christopher Nolan sont vendus un an \u00e0 l'avance, et vous pouvez probablement deviner pourquoi | Vie Associative","robots":{"index":"index","follow":"follow","max-snippet":"max-snippet:-1","max-image-preview":"max-image-preview:large","max-video-preview":"max-video-preview:-1"},"canonical":"https:\/\/vieassociative.be\/actualites\/les-billets-imax-pour-the-odyssey-de-christopher-nolan-sont-vendus-un-an-a-lavance-et-vous-pouvez-probablement-deviner-pourquoi\/","og_locale":"fr_FR","og_type":"article","og_title":"Les billets IMAX pour `` The Odyssey '' de Christopher Nolan sont vendus un an \u00e0 l'avance, et vous pouvez probablement deviner pourquoi | Vie Associative","og_description":"Je n&rsquo;ai aucune id\u00e9e de ce que je vais faire \u00e0 l&rsquo;\u00e9t\u00e9 2026 de toute fa\u00e7on. Le train de battage m\u00e9diatique pour le film de","og_url":"https:\/\/vieassociative.be\/actualites\/les-billets-imax-pour-the-odyssey-de-christopher-nolan-sont-vendus-un-an-a-lavance-et-vous-pouvez-probablement-deviner-pourquoi\/","og_site_name":"Vie Associative","article_published_time":"2025-07-20T01:18:24+00:00","og_image":[{"width":279,"height":92,"url":"https:\/\/vieassociative.be\/actualites\/wp-content\/uploads\/2024\/09\/header_backgroundk-01-e1726694325946.png","type":"image\/png"}],"author":"Julien","twitter_card":"summary_large_image","twitter_misc":{"\u00c9crit par":"Julien","Dur\u00e9e de lecture est.":"2 minutes"},"schema":{"@context":"https:\/\/schema.org","@graph":[{"@type":"Article","@id":"https:\/\/vieassociative.be\/actualites\/les-billets-imax-pour-the-odyssey-de-christopher-nolan-sont-vendus-un-an-a-lavance-et-vous-pouvez-probablement-deviner-pourquoi\/#article","isPartOf":{"@id":"https:\/\/vieassociative.be\/actualites\/les-billets-imax-pour-the-odyssey-de-christopher-nolan-sont-vendus-un-an-a-lavance-et-vous-pouvez-probablement-deviner-pourquoi\/"},"author":{"name":"Julien","@id":"https:\/\/vieassociative.be\/actualites\/#\/schema\/person\/b87ac4f82f9d4e7b7cec7395b679edc4"},"headline":"Les billets IMAX pour \u00ab\u00a0 The Odyssey \u00a0\u00bb de Christopher Nolan sont vendus un an \u00e0 l&rsquo;avance, et vous pouvez probablement deviner pourquoi","datePublished":"2025-07-20T01:18:24+00:00","dateModified":"2025-07-20T01:18:24+00:00","mainEntityOfPage":{"@id":"https:\/\/vieassociative.be\/actualites\/les-billets-imax-pour-the-odyssey-de-christopher-nolan-sont-vendus-un-an-a-lavance-et-vous-pouvez-probablement-deviner-pourquoi\/"},"wordCount":493,"publisher":{"@id":"https:\/\/vieassociative.be\/actualites\/#organization"},"image":{"@id":"https:\/\/vieassociative.be\/actualites\/les-billets-imax-pour-the-odyssey-de-christopher-nolan-sont-vendus-un-an-a-lavance-et-vous-pouvez-probablement-deviner-pourquoi\/#primaryimage"},"thumbnailUrl":"https:\/\/vieassociative.be\/actualites\/wp-content\/uploads\/2025\/07\/Les-billets-IMAX-pour-The-Odyssey-de-Christopher-Nolan.jpg","keywords":["billets","Christopher","deviner","IMAX","lavance","Les","Nolan","Odyssey","pour","Pourquoi","pouvez","probablement","sont","vendus","Vous"],"articleSection":["Divertissement"],"inLanguage":"fr-BE"},{"@type":"WebPage","@id":"https:\/\/vieassociative.be\/actualites\/les-billets-imax-pour-the-odyssey-de-christopher-nolan-sont-vendus-un-an-a-lavance-et-vous-pouvez-probablement-deviner-pourquoi\/","url":"https:\/\/vieassociative.be\/actualites\/les-billets-imax-pour-the-odyssey-de-christopher-nolan-sont-vendus-un-an-a-lavance-et-vous-pouvez-probablement-deviner-pourquoi\/","name":"Les billets IMAX pour `` The Odyssey '' de Christopher Nolan sont vendus un an \u00e0 l'avance, et vous pouvez probablement deviner pourquoi | Vie Associative","isPartOf":{"@id":"https:\/\/vieassociative.be\/actualites\/#website"},"primaryImageOfPage":{"@id":"https:\/\/vieassociative.be\/actualites\/les-billets-imax-pour-the-odyssey-de-christopher-nolan-sont-vendus-un-an-a-lavance-et-vous-pouvez-probablement-deviner-pourquoi\/#primaryimage"},"image":{"@id":"https:\/\/vieassociative.be\/actualites\/les-billets-imax-pour-the-odyssey-de-christopher-nolan-sont-vendus-un-an-a-lavance-et-vous-pouvez-probablement-deviner-pourquoi\/#primaryimage"},"thumbnailUrl":"https:\/\/vieassociative.be\/actualites\/wp-content\/uploads\/2025\/07\/Les-billets-IMAX-pour-The-Odyssey-de-Christopher-Nolan.jpg","datePublished":"2025-07-20T01:18:24+00:00","dateModified":"2025-07-20T01:18:24+00:00","breadcrumb":{"@id":"https:\/\/vieassociative.be\/actualites\/les-billets-imax-pour-the-odyssey-de-christopher-nolan-sont-vendus-un-an-a-lavance-et-vous-pouvez-probablement-deviner-pourquoi\/#breadcrumb"},"inLanguage":"fr-BE","potentialAction":[{"@type":"ReadAction","target":["https:\/\/vieassociative.be\/actualites\/les-billets-imax-pour-the-odyssey-de-christopher-nolan-sont-vendus-un-an-a-lavance-et-vous-pouvez-probablement-deviner-pourquoi\/"]}]},{"@type":"ImageObject","inLanguage":"fr-BE","@id":"https:\/\/vieassociative.be\/actualites\/les-billets-imax-pour-the-odyssey-de-christopher-nolan-sont-vendus-un-an-a-lavance-et-vous-pouvez-probablement-deviner-pourquoi\/#primaryimage","url":"https:\/\/vieassociative.be\/actualites\/wp-content\/uploads\/2025\/07\/Les-billets-IMAX-pour-The-Odyssey-de-Christopher-Nolan.jpg","contentUrl":"https:\/\/vieassociative.be\/actualites\/wp-content\/uploads\/2025\/07\/Les-billets-IMAX-pour-The-Odyssey-de-Christopher-Nolan.jpg","width":1200,"height":675,"caption":"Les billets IMAX pour `` The Odyssey '' de Christopher Nolan sont vendus un an \u00e0 l'avance, et vous pouvez probablement deviner pourquoi"},{"@type":"BreadcrumbList","@id":"https:\/\/vieassociative.be\/actualites\/les-billets-imax-pour-the-odyssey-de-christopher-nolan-sont-vendus-un-an-a-lavance-et-vous-pouvez-probablement-deviner-pourquoi\/#breadcrumb","itemListElement":[{"@type":"ListItem","position":1,"name":"Accueil","item":"https:\/\/vieassociative.be\/actualites\/"},{"@type":"ListItem","position":2,"name":"Les billets IMAX pour \u00ab\u00a0 The Odyssey \u00a0\u00bb de Christopher Nolan sont vendus un an \u00e0 l&rsquo;avance, et vous pouvez probablement deviner pourquoi"}]},{"@type":"WebSite","@id":"https:\/\/vieassociative.be\/actualites\/#website","url":"https:\/\/vieassociative.be\/actualites\/","name":"Vie Associative","description":"","publisher":{"@id":"https:\/\/vieassociative.be\/actualites\/#organization"},"potentialAction":[{"@type":"SearchAction","target":{"@type":"EntryPoint","urlTemplate":"https:\/\/vieassociative.be\/actualites\/?s={search_term_string}"},"query-input":{"@type":"PropertyValueSpecification","valueRequired":true,"valueName":"search_term_string"}}],"inLanguage":"fr-BE"},{"@type":"Organization","@id":"https:\/\/vieassociative.be\/actualites\/#organization","name":"Vie Associative","url":"https:\/\/vieassociative.be\/actualites\/","logo":{"@type":"ImageObject","inLanguage":"fr-BE","@id":"https:\/\/vieassociative.be\/actualites\/#\/schema\/logo\/image\/","url":"https:\/\/vieassociative.be\/actualites\/wp-content\/uploads\/2024\/09\/cropped-vieassociative_favicon.ico.png","contentUrl":"https:\/\/vieassociative.be\/actualites\/wp-content\/uploads\/2024\/09\/cropped-vieassociative_favicon.ico.png","width":512,"height":512,"caption":"Vie Associative"},"image":{"@id":"https:\/\/vieassociative.be\/actualites\/#\/schema\/logo\/image\/"}},{"@type":"Person","@id":"https:\/\/vieassociative.be\/actualites\/#\/schema\/person\/b87ac4f82f9d4e7b7cec7395b679edc4","name":"Julien","image":{"@type":"ImageObject","inLanguage":"fr-BE","@id":"https:\/\/vieassociative.be\/actualites\/#\/schema\/person\/image\/","url":"https:\/\/vieassociative.be\/actualites\/wp-content\/uploads\/2024\/09\/vie-associative-1-150x150.jpg","contentUrl":"https:\/\/vieassociative.be\/actualites\/wp-content\/uploads\/2024\/09\/vie-associative-1-150x150.jpg","caption":"Julien"},"description":"Je suis Julien, r\u00e9dacteur pour Vie Associative. Passionn\u00e9 par le monde associatif depuis plus de 10 ans, j'ai \u00e0 c\u0153ur de partager des histoires inspirantes et de mettre en lumi\u00e8re les initiatives locales. Mon objectif est de sensibiliser et d'encourager l'engagement communautaire \u00e0 travers mes articles.","sameAs":["https:\/\/vieassociative.be\/"]}]}},"_links":{"self":[{"href":"https:\/\/vieassociative.be\/actualites\/wp-json\/wp\/v2\/posts\/8876"}],"collection":[{"href":"https:\/\/vieassociative.be\/actualites\/wp-json\/wp\/v2\/posts"}],"about":[{"href":"https:\/\/vieassociative.be\/actualites\/wp-json\/wp\/v2\/types\/post"}],"author":[{"embeddable":true,"href":"https:\/\/vieassociative.be\/actualites\/wp-json\/wp\/v2\/users\/1"}],"replies":[{"embeddable":true,"href":"https:\/\/vieassociative.be\/actualites\/wp-json\/wp\/v2\/comments?post=8876"}],"version-history":[{"count":0,"href":"https:\/\/vieassociative.be\/actualites\/wp-json\/wp\/v2\/posts\/8876\/revisions"}],"wp:featuredmedia":[{"embeddable":true,"href":"https:\/\/vieassociative.be\/actualites\/wp-json\/wp\/v2\/media\/8877"}],"wp:attachment":[{"href":"https:\/\/vieassociative.be\/actualites\/wp-json\/wp\/v2\/media?parent=8876"}],"wp:term":[{"taxonomy":"category","embeddable":true,"href":"https:\/\/vieassociative.be\/actualites\/wp-json\/wp\/v2\/categories?post=8876"},{"taxonomy":"post_tag","embeddable":true,"href":"https:\/\/vieassociative.be\/actualites\/wp-json\/wp\/v2\/tags?post=8876"}],"curies":[{"name":"wp","href":"https:\/\/api.w.org\/{rel}","templated":true}]}}