{"id":8874,"date":"2025-07-20T02:18:05","date_gmt":"2025-07-20T00:18:05","guid":{"rendered":"https:\/\/vieassociative.be\/actualites\/comment-je-deploie-une-pate-a-tarte-parfaite-a-chaque-fois\/"},"modified":"2025-07-20T02:18:05","modified_gmt":"2025-07-20T00:18:05","slug":"comment-je-deploie-une-pate-a-tarte-parfaite-a-chaque-fois","status":"publish","type":"post","link":"https:\/\/vieassociative.be\/actualites\/comment-je-deploie-une-pate-a-tarte-parfaite-a-chaque-fois\/","title":{"rendered":"Comment je d\u00e9ploie une p\u00e2te \u00e0 tarte parfaite \u00e0 chaque fois"},"content":{"rendered":"<div class=\"mt-4 leading-6 md:mb-8\">Obtenez le d\u00e9ploiement parfait la premi\u00e8re fois &#8211; sans tout le collage, la fissuration, la d\u00e9chirure et les jurons.<\/div>\n<p><\/p>\n<p>Chaque fois que je ressens une nouvelle saison, je me pense: \u00ab\u00a0C&rsquo;est la saison des tartes!\u00a0\u00bb \u00c9t\u00e9? Oui. Hiver? Oui. Printemps? Ayons une tarte! Maintenant que l&rsquo;\u00e9t\u00e9 va fort, nous commencerons \u00e0 voir de nombreuses fraises, bleuets, abricots et cerises orner nos \u00e9tag\u00e8res d&rsquo;\u00e9picerie et nos march\u00e9s fermiers. Toutes ces superbes offres peuvent b\u00e9n\u00e9ficier d&rsquo;une cro\u00fbte feuillet\u00e9e et beurr\u00e9e &#8211; ce qui est souvent la seule chose qui nous emp\u00eache de nos objectifs.<\/p>\n<p>Peut-\u00eatre que vous avez d\u00e9j\u00e0 votre recette pr\u00e9f\u00e9r\u00e9e de p\u00e2te \u00e0 tarte m\u00e9moris\u00e9e, mais c&rsquo;est quand nous arrivons \u00e0 d\u00e9ployer la cro\u00fbte que nous rencontrons une multitude de probl\u00e8mes &#8211; il continue de repousser, la p\u00e2te se brise, le milieu est compl\u00e8tement coll\u00e9 au comptoir, il est \u00e0 nouveau mince d&rsquo;un c\u00f4t\u00e9 de la tarte de la tarte de la salle de la tarte). Mais si vous ex\u00e9cutez quelques-unes de ces strat\u00e9gies, vous \u00e9tablirez un d\u00e9ploiement de la cro\u00fbte r\u00e9ussie.<\/p>\n<h2 id=\"let-it-rest-but-not-too-long\">Laissez-le reposer &#8211; mais pas trop longtemps<\/h2>\n<div class=\"eloquent-imagery-image\">\n<div class=\"flex justify-center\">\n                    <img decoding=\"async\" class=\"border border-gray-100\" src=\"https:\/\/vieassociative.be\/actualites\/wp-content\/uploads\/2025\/07\/Comment-je-deploie-une-pate-a-tarte-parfaite-a-chaque.jpg\" alt=\"Un cercle de p\u00e2te \u00e0 tarte reposant sur le comptoir.\" width=\"2000\" height=\"1124\" loading=\"lazy\"  >\n            <\/div>\n<\/p><\/div>\n<p>De nombreuses recettes de cro\u00fbte vous demandent de conclure votre p\u00e2te \u00e0 tarte fra\u00eechement m\u00e9lang\u00e9e et de la mettre au r\u00e9frig\u00e9rateur pendant 45 minutes \u00e0 des heures. C&rsquo;est une excellente id\u00e9e si vous faites votre p\u00e2te \u00e0 tarte \u00e0 l&rsquo;avance et que vous avez besoin d&rsquo;un endroit pour le garder pendant quelques jours, mais si vous faites une tarte le m\u00eame jour, abandonnez le froid pendant de longues p\u00e9riodes. La temp\u00e9rature du r\u00e9frig\u00e9rateur solidifie la graisse et rend le m\u00e9lange de cro\u00fbte plus susceptible de se fissurer et de se casser s&rsquo;il devient trop froid. Cela pourrait \u00eatre important pour la p\u00e2te l\u00e2che en \u00e9t\u00e9 ou vous avez une cuisine chaude, mais 20 \u00e0 30 minutes seront probablement suffisamment de temps pour raffermir la p\u00e2te. Gardez \u00e0 l&rsquo;esprit que l&rsquo;autre important \u00e0 retenir de tout ce battage <em>repos<\/em> temps. <\/p>\n<p>Votre objectif est de prendre ce disque de beurre et de farine de deux par quatre pouces et de convaincre le gluten de s&rsquo;\u00e9tendre volontairement \u00e0 trois fois sa zone d&rsquo;origine. Le gluten a besoin de repos. Sans cela, il devient grincheux et continuera de reculer malgr\u00e9 vos meilleurs mouvements. Une fois que vous avez m\u00e9lang\u00e9 votre p\u00e2te, enveloppez-la et laissez-la reposer sur le comptoir ou le r\u00e9frig\u00e9rateur pendant 20-30 minutes. Ensuite, roulez. La p\u00e2te sera moins susceptible de se fissurer ou de s&rsquo;effondrer, et le gluten devrait \u00eatre suffisamment d\u00e9tendu.<\/p>\n<h2 id=\"flour-the-dough-and-the-counter-and-the-pin\">Fariner la p\u00e2te, et le comptoir, et la broche<\/h2>\n<div class=\"eloquent-imagery-image\">\n<div class=\"flex justify-center\">\n                    <img decoding=\"async\" class=\"border border-gray-100\" src=\"https:\/\/vieassociative.be\/actualites\/wp-content\/uploads\/2025\/07\/1752970685_453_Comment-je-deploie-une-pate-a-tarte-parfaite-a-chaque.jpg\" alt=\"Les mains farine le haut d'un cercle de p\u00e2te \u00e0 tarte.\" width=\"2000\" height=\"1124\" loading=\"lazy\"  >\n            <\/div>\n<\/p><\/div>\n<p>Et tes mains. Vous savez quoi? Recuez-le \u00e0 nouveau pour la bonne chance. D\u00e9poussi\u00e9rer une quantit\u00e9 ad\u00e9quate de farine est le seul mouvement qui facilitera chaque \u00e9tape. Il est certainement pr\u00e9f\u00e9rable d&rsquo;utiliser trop de farine que trop peu. Beaucoup d&rsquo;entre nous ont connu un d\u00e9placement d&rsquo;un cercle de p\u00e2te parfait, seulement pour soulever le bord et trouver que tout le centre a fusionn\u00e9 les cellules avec le comptoir. Un d\u00e9poussi\u00e9rage substantiel de farine sous votre p\u00e2tisserie garantira qu&rsquo;il n&rsquo;y a aucune chance de coller. <\/p>\n<p>Il en va de m\u00eame pour le haut: fariner la surface de la cro\u00fbte et votre broche pour cr\u00e9er une barri\u00e8re pendant que vous roulez. \u00c0 chaque tour de la broche, la surface ext\u00e9rieure est repouss\u00e9e et un peu plus de l&rsquo;int\u00e9rieur de beurre est expos\u00e9. Ces pi\u00e8ces rencontreront plus de farine ou trouveront une surface \u00e0 laquelle s&rsquo;en tenir. Il est probable que vous devrez appliquer de la farine suppl\u00e9mentaire deux ou trois fois sur le haut <em>et<\/em> En bas de la cro\u00fbte \u00e0 tarte avant d&rsquo;atteindre le diam\u00e8tre et l&rsquo;\u00e9paisseur souhait\u00e9s. Ne soyez pas timide; Il est presque impossible de trop fariner. Gardez simplement une brosse \u00e0 p\u00e2te \u00e0 port\u00e9e de main afin de pouvoir d\u00e9poussi\u00e9rer l&rsquo;exc\u00e9dent avant de transf\u00e9rer la p\u00e2te \u00e0 l&rsquo;assiette \u00e0 tarte.<\/p>\n<h2 id=\"roll-out-from-the-thick-parts\">Se d\u00e9rouler des pi\u00e8ces \u00e9paisses<\/h2>\n<div class=\"eloquent-imagery-image\">\n<div class=\"flex justify-center\">\n                    <img decoding=\"async\" class=\"border border-gray-100\" src=\"https:\/\/vieassociative.be\/actualites\/wp-content\/uploads\/2025\/07\/1752970685_701_Comment-je-deploie-une-pate-a-tarte-parfaite-a-chaque.jpg\" alt=\"P\u00e2te \u00e0 tarte roulant avec un rouleau \u00e0 p\u00e2tisserie.\" width=\"2000\" height=\"1124\" loading=\"lazy\"  >\n            <\/div>\n<\/p><\/div>\n<p>Si vous \u00eates confront\u00e9 \u00e0 un monticule de p\u00e2te \u00e0 tarte pour la premi\u00e8re fois, c&rsquo;est une r\u00e9ponse naturelle pour commencer \u00e0 aplatir les bords. Apr\u00e8s tout, ils sont les plus mall\u00e9ables et expos\u00e9s. R\u00e9sister! Le d\u00e9ploiement des pi\u00e8ces les plus minces (bords) entra\u00eenera presque s\u00fbrement des zones ultra-minces ou des bords de beurre fondus et collants. Au lieu de cela, roulez des parties les plus \u00e9paisses vers l&rsquo;ext\u00e9rieur. Au d\u00e9but, ce sera toujours le centre. Consid\u00e9rez-le comme un d\u00e9licieux r\u00e9servoir de p\u00e2te \u00e0 tarte pour tirer. Lorsque vous vous d\u00e9placez du centre, essayez de ne pas rouler sur le bord de la p\u00e2te. Arr\u00eatez-vous juste de la fin et retournez au centre pour vous d\u00e9placer dans une direction diff\u00e9rente. Si vous \u00e9crasez les bords, vous remarquerez que votre p\u00e2te devient extr\u00eamement mince dans ces zones et commencez \u00e0 rester. <\/p>\n<div class=\"pogoClear relative my-10 border-b-(1.5px) border-t-(1.5px) border-dashed border-black py-5 sm:my-14 sm:border-0 sm:py-0\" data-ga-click data-ga-template=\"Explainers\" data-ga-module=\"openweb_widget\" data-ga-element=\"openweb_scroll\" data-ga-item=\"openweb_scroll_midpage\" x-data=\"{\n         commentsCount: null,\n         hasComments: false,\n         async fetchCommentsCount() {\n             try {\n                 if (window.openweb &amp;&amp; typeof window.openweb.getMessagesCount === 'function') {\n                     this.commentsCount = await window.openweb.getMessagesCount('1848826680');\n                     this.hasComments = this.commentsCount !== null &amp;&amp; this.commentsCount &gt; 0;\n                 }\n             } catch (e) {\n                 console.warn('Failed to fetch comment count:', e);\n             }\n         }\n     }\" x-init=\"fetchCommentsCount()\" x-cloak><\/p>\n<div class=\"absolute top-1\/2 hidden w-full -translate-y-1\/2 border-t-(1.5px) border-dashed border-black sm:block\"><\/div>\n<div class=\"relative flex justify-center\">\n<div class=\"flex max-w-fit items-center gap-x-3 bg-white px-5\">\n<div class=\"relative\">\n                <span class=\"absolute left-1\/2 top-1\/2 -translate-x-1\/2 -translate-y-1\/2 font-akshar text-sm font-medium text-black\" aria-live=\"polite\" x-show=\"hasComments\" x-text=\"commentsCount\"><\/span><\/p>\n<p>                <svg class=\"h-8 w-8 text-black\" role=\"img\" aria-hidden=\"true\">\n                    <use href=\"http:\/\/lifehacker.com\/images\/icons\/spritemap.svg#sprite-chat-bubble\"><\/use>\n                <\/svg>\n            <\/div>\n<p>            <span class=\"text-sm font-medium text-black\"><\/p>\n<p>                Que pensez-vous jusqu&rsquo;\u00e0 pr\u00e9sent?<br \/>\n                <button class=\"ml-1 font-semibold text-brand-green underline hover:text-brand-green-700\" type=\"button\" aria-label=\"Comment section trigger\" onclick=\"window.openweb.scrollToComments('1848826680')\" x-text=\"hasComments ? 'Post a comment.' : 'Be the first to post a comment.'\"><\/button><br \/>\n            <\/span>\n        <\/div>\n<\/p><\/div>\n<\/div>\n<p>Une fois que votre p\u00e2te est \u00e0 environ 90% et que le centre n&rsquo;est plus le point le plus \u00e9pais, vous pouvez chercher des taches \u00e9pais et faire un peu de pr\u00e9cision pour tout.<\/p>\n<h2 id=\"rotate-your-dough\">Faites tourner votre p\u00e2te<\/h2>\n<p>Parfois, vous ne savez pas que vous faites du travail suppl\u00e9mentaire jusqu&rsquo;\u00e0 ce que quelqu&rsquo;un vous demande pourquoi vous le faites. Je serai elle. Pourquoi tournez-vous autour de votre corps lorsque vous d\u00e9roulez la p\u00e2te \u00e0 tarte au lieu de tordre la p\u00e2te? Ma th\u00e9orie est que, jusqu&rsquo;\u00e0 ce que la confiance de la cro\u00fbte de tarte soit gagn\u00e9e, nous avons tous un peu peur de la p\u00e2tisserie &#8211; \u00e9gin\u00e9e de le d\u00e9chirer, de le rincer, de le ruiner. Au lieu de manipuler la cro\u00fbte avec conviction et de risquer une larme, nous pr\u00e9f\u00e9rons simplement le contourner. La dure v\u00e9rit\u00e9 est que moins vous commandez la p\u00e2te, la <em>plus<\/em> Vous devez probablement le d\u00e9chirer. Alors faisons la confiance de votre cro\u00fbte de tarte. <\/p>\n<p>Roulez la p\u00e2te en pla\u00e7ant le rouleau \u00e0 p\u00e2tisserie au centre et en poussant vers l&rsquo;avant, loin de votre corps. Posez votre \u00e9pingle, prenez le disque de p\u00e2te avec les deux mains et donnez-lui un quart de virage. Maintenant, une partie \u00e9paisse se trouve devant vous et vous vous propagez de mani\u00e8re transparente un peu plus de farine en dessous. Ramassez votre \u00e9pingle, roulez du centre et tournez \u00e0 nouveau la p\u00e2te par quart. R\u00e9p\u00e9tez, en ajustant les virages pour accueillir des taches de p\u00e2te \u00e9paisses. En plus de faciliter l&rsquo;action roulante sur votre colonne vert\u00e9brale, le soul\u00e8vement et la transformation de la p\u00e2te vous permet de v\u00e9rifier r\u00e9guli\u00e8rement toutes les zones collantes, vous donne la possibilit\u00e9 d&rsquo;ajouter de la farine suppl\u00e9mentaire en dessous et vous permet de ressentir la p\u00e2te pour une \u00e9paisseur in\u00e9gale.<\/p>\n<p>La prochaine fois que vous vous promenez dans la section des produits de votre \u00e9picerie, permettez-vous d&rsquo;\u00eatre inspir\u00e9 par les baies et les fruits juteux &#8211; n&rsquo;h\u00e9sitez pas \u00e0 acheter quelques pintes et \u00e0 montrer votre grande \u00e9nergie de p\u00e2te \u00e0 tarte. <\/p>\n","protected":false},"excerpt":{"rendered":"<p>Obtenez le d\u00e9ploiement parfait la premi\u00e8re fois &#8211; sans tout le collage, la fissuration, la d\u00e9chirure et les jurons. Chaque fois que je ressens une<\/p>\n","protected":false},"author":1,"featured_media":8875,"comment_status":"","ping_status":"","sticky":false,"template":"","format":"standard","meta":{"footnotes":""},"categories":[1],"tags":[90,44,1860,774,245,6123,4279,110],"class_list":["post-8874","post","type-post","status-publish","format-standard","has-post-thumbnail","hentry","category-non-classe","tag-chaque","tag-comment","tag-deploie","tag-fois","tag-parfaite","tag-pate","tag-tarte","tag-une","generate-columns","tablet-grid-50","mobile-grid-100","grid-parent","grid-33"],"yoast_head":"<!-- This site is optimized with the Yoast SEO plugin v24.0 - https:\/\/yoast.com\/wordpress\/plugins\/seo\/ -->\n<title>Comment je d\u00e9ploie une p\u00e2te \u00e0 tarte parfaite \u00e0 chaque fois | Vie Associative<\/title>\n<meta name=\"robots\" content=\"index, follow, max-snippet:-1, max-image-preview:large, max-video-preview:-1\" \/>\n<link rel=\"canonical\" href=\"https:\/\/vieassociative.be\/actualites\/comment-je-deploie-une-pate-a-tarte-parfaite-a-chaque-fois\/\" \/>\n<meta property=\"og:locale\" content=\"fr_FR\" \/>\n<meta property=\"og:type\" content=\"article\" \/>\n<meta property=\"og:title\" content=\"Comment je d\u00e9ploie une p\u00e2te \u00e0 tarte parfaite \u00e0 chaque fois | Vie Associative\" \/>\n<meta property=\"og:description\" content=\"Obtenez le d\u00e9ploiement parfait la premi\u00e8re fois &#8211; sans tout le collage, la fissuration, la d\u00e9chirure et les jurons. Chaque fois que je ressens une\" \/>\n<meta property=\"og:url\" content=\"https:\/\/vieassociative.be\/actualites\/comment-je-deploie-une-pate-a-tarte-parfaite-a-chaque-fois\/\" \/>\n<meta property=\"og:site_name\" content=\"Vie Associative\" \/>\n<meta property=\"article:published_time\" content=\"2025-07-20T00:18:05+00:00\" \/>\n<meta property=\"og:image\" content=\"https:\/\/vieassociative.be\/actualites\/wp-content\/uploads\/2025\/07\/Comment-je-deploie-une-pate-a-tarte-parfaite-a-chaque.jpg\" \/>\n<meta name=\"author\" content=\"Julien\" \/>\n<meta name=\"twitter:card\" content=\"summary_large_image\" \/>\n<meta name=\"twitter:label1\" content=\"\u00c9crit par\" \/>\n\t<meta name=\"twitter:data1\" content=\"Julien\" \/>\n\t<meta name=\"twitter:label2\" content=\"Dur\u00e9e de lecture est.\" \/>\n\t<meta name=\"twitter:data2\" content=\"6 minutes\" \/>\n<script type=\"application\/ld+json\" class=\"yoast-schema-graph\">{\"@context\":\"https:\/\/schema.org\",\"@graph\":[{\"@type\":\"Article\",\"@id\":\"https:\/\/vieassociative.be\/actualites\/comment-je-deploie-une-pate-a-tarte-parfaite-a-chaque-fois\/#article\",\"isPartOf\":{\"@id\":\"https:\/\/vieassociative.be\/actualites\/comment-je-deploie-une-pate-a-tarte-parfaite-a-chaque-fois\/\"},\"author\":{\"name\":\"Julien\",\"@id\":\"https:\/\/vieassociative.be\/actualites\/#\/schema\/person\/b87ac4f82f9d4e7b7cec7395b679edc4\"},\"headline\":\"Comment je d\u00e9ploie une p\u00e2te \u00e0 tarte parfaite \u00e0 chaque fois\",\"datePublished\":\"2025-07-20T00:18:05+00:00\",\"dateModified\":\"2025-07-20T00:18:05+00:00\",\"mainEntityOfPage\":{\"@id\":\"https:\/\/vieassociative.be\/actualites\/comment-je-deploie-une-pate-a-tarte-parfaite-a-chaque-fois\/\"},\"wordCount\":1279,\"publisher\":{\"@id\":\"https:\/\/vieassociative.be\/actualites\/#organization\"},\"image\":{\"@id\":\"https:\/\/vieassociative.be\/actualites\/comment-je-deploie-une-pate-a-tarte-parfaite-a-chaque-fois\/#primaryimage\"},\"thumbnailUrl\":\"https:\/\/vieassociative.be\/actualites\/wp-content\/uploads\/2025\/07\/1752970686_Comment-je-deploie-une-pate-a-tarte-parfaite-a-chaque.jpg\",\"keywords\":[\"chaque\",\"Comment\",\"d\u00e9ploie\",\"fois\",\"parfaite\",\"p\u00e2te\",\"tarte\",\"une\"],\"inLanguage\":\"fr-BE\"},{\"@type\":\"WebPage\",\"@id\":\"https:\/\/vieassociative.be\/actualites\/comment-je-deploie-une-pate-a-tarte-parfaite-a-chaque-fois\/\",\"url\":\"https:\/\/vieassociative.be\/actualites\/comment-je-deploie-une-pate-a-tarte-parfaite-a-chaque-fois\/\",\"name\":\"Comment je d\u00e9ploie une p\u00e2te \u00e0 tarte parfaite \u00e0 chaque fois | Vie Associative\",\"isPartOf\":{\"@id\":\"https:\/\/vieassociative.be\/actualites\/#website\"},\"primaryImageOfPage\":{\"@id\":\"https:\/\/vieassociative.be\/actualites\/comment-je-deploie-une-pate-a-tarte-parfaite-a-chaque-fois\/#primaryimage\"},\"image\":{\"@id\":\"https:\/\/vieassociative.be\/actualites\/comment-je-deploie-une-pate-a-tarte-parfaite-a-chaque-fois\/#primaryimage\"},\"thumbnailUrl\":\"https:\/\/vieassociative.be\/actualites\/wp-content\/uploads\/2025\/07\/1752970686_Comment-je-deploie-une-pate-a-tarte-parfaite-a-chaque.jpg\",\"datePublished\":\"2025-07-20T00:18:05+00:00\",\"dateModified\":\"2025-07-20T00:18:05+00:00\",\"breadcrumb\":{\"@id\":\"https:\/\/vieassociative.be\/actualites\/comment-je-deploie-une-pate-a-tarte-parfaite-a-chaque-fois\/#breadcrumb\"},\"inLanguage\":\"fr-BE\",\"potentialAction\":[{\"@type\":\"ReadAction\",\"target\":[\"https:\/\/vieassociative.be\/actualites\/comment-je-deploie-une-pate-a-tarte-parfaite-a-chaque-fois\/\"]}]},{\"@type\":\"ImageObject\",\"inLanguage\":\"fr-BE\",\"@id\":\"https:\/\/vieassociative.be\/actualites\/comment-je-deploie-une-pate-a-tarte-parfaite-a-chaque-fois\/#primaryimage\",\"url\":\"https:\/\/vieassociative.be\/actualites\/wp-content\/uploads\/2025\/07\/1752970686_Comment-je-deploie-une-pate-a-tarte-parfaite-a-chaque.jpg\",\"contentUrl\":\"https:\/\/vieassociative.be\/actualites\/wp-content\/uploads\/2025\/07\/1752970686_Comment-je-deploie-une-pate-a-tarte-parfaite-a-chaque.jpg\",\"width\":1200,\"height\":675,\"caption\":\"Comment je d\u00e9ploie une p\u00e2te \u00e0 tarte parfaite \u00e0 chaque fois\"},{\"@type\":\"BreadcrumbList\",\"@id\":\"https:\/\/vieassociative.be\/actualites\/comment-je-deploie-une-pate-a-tarte-parfaite-a-chaque-fois\/#breadcrumb\",\"itemListElement\":[{\"@type\":\"ListItem\",\"position\":1,\"name\":\"Accueil\",\"item\":\"https:\/\/vieassociative.be\/actualites\/\"},{\"@type\":\"ListItem\",\"position\":2,\"name\":\"Comment je d\u00e9ploie une p\u00e2te \u00e0 tarte parfaite \u00e0 chaque fois\"}]},{\"@type\":\"WebSite\",\"@id\":\"https:\/\/vieassociative.be\/actualites\/#website\",\"url\":\"https:\/\/vieassociative.be\/actualites\/\",\"name\":\"Vie Associative\",\"description\":\"\",\"publisher\":{\"@id\":\"https:\/\/vieassociative.be\/actualites\/#organization\"},\"potentialAction\":[{\"@type\":\"SearchAction\",\"target\":{\"@type\":\"EntryPoint\",\"urlTemplate\":\"https:\/\/vieassociative.be\/actualites\/?s={search_term_string}\"},\"query-input\":{\"@type\":\"PropertyValueSpecification\",\"valueRequired\":true,\"valueName\":\"search_term_string\"}}],\"inLanguage\":\"fr-BE\"},{\"@type\":\"Organization\",\"@id\":\"https:\/\/vieassociative.be\/actualites\/#organization\",\"name\":\"Vie Associative\",\"url\":\"https:\/\/vieassociative.be\/actualites\/\",\"logo\":{\"@type\":\"ImageObject\",\"inLanguage\":\"fr-BE\",\"@id\":\"https:\/\/vieassociative.be\/actualites\/#\/schema\/logo\/image\/\",\"url\":\"https:\/\/vieassociative.be\/actualites\/wp-content\/uploads\/2024\/09\/cropped-vieassociative_favicon.ico.png\",\"contentUrl\":\"https:\/\/vieassociative.be\/actualites\/wp-content\/uploads\/2024\/09\/cropped-vieassociative_favicon.ico.png\",\"width\":512,\"height\":512,\"caption\":\"Vie Associative\"},\"image\":{\"@id\":\"https:\/\/vieassociative.be\/actualites\/#\/schema\/logo\/image\/\"}},{\"@type\":\"Person\",\"@id\":\"https:\/\/vieassociative.be\/actualites\/#\/schema\/person\/b87ac4f82f9d4e7b7cec7395b679edc4\",\"name\":\"Julien\",\"image\":{\"@type\":\"ImageObject\",\"inLanguage\":\"fr-BE\",\"@id\":\"https:\/\/vieassociative.be\/actualites\/#\/schema\/person\/image\/\",\"url\":\"https:\/\/vieassociative.be\/actualites\/wp-content\/uploads\/2024\/09\/vie-associative-1-150x150.jpg\",\"contentUrl\":\"https:\/\/vieassociative.be\/actualites\/wp-content\/uploads\/2024\/09\/vie-associative-1-150x150.jpg\",\"caption\":\"Julien\"},\"description\":\"Je suis Julien, r\u00e9dacteur pour Vie Associative. Passionn\u00e9 par le monde associatif depuis plus de 10 ans, j'ai \u00e0 c\u0153ur de partager des histoires inspirantes et de mettre en lumi\u00e8re les initiatives locales. Mon objectif est de sensibiliser et d'encourager l'engagement communautaire \u00e0 travers mes articles.\",\"sameAs\":[\"https:\/\/vieassociative.be\/\"]}]}<\/script>\n<!-- \/ Yoast SEO plugin. -->","yoast_head_json":{"title":"Comment je d\u00e9ploie une p\u00e2te \u00e0 tarte parfaite \u00e0 chaque fois | Vie Associative","robots":{"index":"index","follow":"follow","max-snippet":"max-snippet:-1","max-image-preview":"max-image-preview:large","max-video-preview":"max-video-preview:-1"},"canonical":"https:\/\/vieassociative.be\/actualites\/comment-je-deploie-une-pate-a-tarte-parfaite-a-chaque-fois\/","og_locale":"fr_FR","og_type":"article","og_title":"Comment je d\u00e9ploie une p\u00e2te \u00e0 tarte parfaite \u00e0 chaque fois | Vie Associative","og_description":"Obtenez le d\u00e9ploiement parfait la premi\u00e8re fois &#8211; sans tout le collage, la fissuration, la d\u00e9chirure et les jurons. Chaque fois que je ressens une","og_url":"https:\/\/vieassociative.be\/actualites\/comment-je-deploie-une-pate-a-tarte-parfaite-a-chaque-fois\/","og_site_name":"Vie Associative","article_published_time":"2025-07-20T00:18:05+00:00","og_image":[{"url":"https:\/\/vieassociative.be\/actualites\/wp-content\/uploads\/2025\/07\/Comment-je-deploie-une-pate-a-tarte-parfaite-a-chaque.jpg","type":"","width":"","height":""}],"author":"Julien","twitter_card":"summary_large_image","twitter_misc":{"\u00c9crit par":"Julien","Dur\u00e9e de lecture est.":"6 minutes"},"schema":{"@context":"https:\/\/schema.org","@graph":[{"@type":"Article","@id":"https:\/\/vieassociative.be\/actualites\/comment-je-deploie-une-pate-a-tarte-parfaite-a-chaque-fois\/#article","isPartOf":{"@id":"https:\/\/vieassociative.be\/actualites\/comment-je-deploie-une-pate-a-tarte-parfaite-a-chaque-fois\/"},"author":{"name":"Julien","@id":"https:\/\/vieassociative.be\/actualites\/#\/schema\/person\/b87ac4f82f9d4e7b7cec7395b679edc4"},"headline":"Comment je d\u00e9ploie une p\u00e2te \u00e0 tarte parfaite \u00e0 chaque fois","datePublished":"2025-07-20T00:18:05+00:00","dateModified":"2025-07-20T00:18:05+00:00","mainEntityOfPage":{"@id":"https:\/\/vieassociative.be\/actualites\/comment-je-deploie-une-pate-a-tarte-parfaite-a-chaque-fois\/"},"wordCount":1279,"publisher":{"@id":"https:\/\/vieassociative.be\/actualites\/#organization"},"image":{"@id":"https:\/\/vieassociative.be\/actualites\/comment-je-deploie-une-pate-a-tarte-parfaite-a-chaque-fois\/#primaryimage"},"thumbnailUrl":"https:\/\/vieassociative.be\/actualites\/wp-content\/uploads\/2025\/07\/1752970686_Comment-je-deploie-une-pate-a-tarte-parfaite-a-chaque.jpg","keywords":["chaque","Comment","d\u00e9ploie","fois","parfaite","p\u00e2te","tarte","une"],"inLanguage":"fr-BE"},{"@type":"WebPage","@id":"https:\/\/vieassociative.be\/actualites\/comment-je-deploie-une-pate-a-tarte-parfaite-a-chaque-fois\/","url":"https:\/\/vieassociative.be\/actualites\/comment-je-deploie-une-pate-a-tarte-parfaite-a-chaque-fois\/","name":"Comment je d\u00e9ploie une p\u00e2te \u00e0 tarte parfaite \u00e0 chaque fois | Vie Associative","isPartOf":{"@id":"https:\/\/vieassociative.be\/actualites\/#website"},"primaryImageOfPage":{"@id":"https:\/\/vieassociative.be\/actualites\/comment-je-deploie-une-pate-a-tarte-parfaite-a-chaque-fois\/#primaryimage"},"image":{"@id":"https:\/\/vieassociative.be\/actualites\/comment-je-deploie-une-pate-a-tarte-parfaite-a-chaque-fois\/#primaryimage"},"thumbnailUrl":"https:\/\/vieassociative.be\/actualites\/wp-content\/uploads\/2025\/07\/1752970686_Comment-je-deploie-une-pate-a-tarte-parfaite-a-chaque.jpg","datePublished":"2025-07-20T00:18:05+00:00","dateModified":"2025-07-20T00:18:05+00:00","breadcrumb":{"@id":"https:\/\/vieassociative.be\/actualites\/comment-je-deploie-une-pate-a-tarte-parfaite-a-chaque-fois\/#breadcrumb"},"inLanguage":"fr-BE","potentialAction":[{"@type":"ReadAction","target":["https:\/\/vieassociative.be\/actualites\/comment-je-deploie-une-pate-a-tarte-parfaite-a-chaque-fois\/"]}]},{"@type":"ImageObject","inLanguage":"fr-BE","@id":"https:\/\/vieassociative.be\/actualites\/comment-je-deploie-une-pate-a-tarte-parfaite-a-chaque-fois\/#primaryimage","url":"https:\/\/vieassociative.be\/actualites\/wp-content\/uploads\/2025\/07\/1752970686_Comment-je-deploie-une-pate-a-tarte-parfaite-a-chaque.jpg","contentUrl":"https:\/\/vieassociative.be\/actualites\/wp-content\/uploads\/2025\/07\/1752970686_Comment-je-deploie-une-pate-a-tarte-parfaite-a-chaque.jpg","width":1200,"height":675,"caption":"Comment je d\u00e9ploie une p\u00e2te \u00e0 tarte parfaite \u00e0 chaque fois"},{"@type":"BreadcrumbList","@id":"https:\/\/vieassociative.be\/actualites\/comment-je-deploie-une-pate-a-tarte-parfaite-a-chaque-fois\/#breadcrumb","itemListElement":[{"@type":"ListItem","position":1,"name":"Accueil","item":"https:\/\/vieassociative.be\/actualites\/"},{"@type":"ListItem","position":2,"name":"Comment je d\u00e9ploie une p\u00e2te \u00e0 tarte parfaite \u00e0 chaque fois"}]},{"@type":"WebSite","@id":"https:\/\/vieassociative.be\/actualites\/#website","url":"https:\/\/vieassociative.be\/actualites\/","name":"Vie Associative","description":"","publisher":{"@id":"https:\/\/vieassociative.be\/actualites\/#organization"},"potentialAction":[{"@type":"SearchAction","target":{"@type":"EntryPoint","urlTemplate":"https:\/\/vieassociative.be\/actualites\/?s={search_term_string}"},"query-input":{"@type":"PropertyValueSpecification","valueRequired":true,"valueName":"search_term_string"}}],"inLanguage":"fr-BE"},{"@type":"Organization","@id":"https:\/\/vieassociative.be\/actualites\/#organization","name":"Vie Associative","url":"https:\/\/vieassociative.be\/actualites\/","logo":{"@type":"ImageObject","inLanguage":"fr-BE","@id":"https:\/\/vieassociative.be\/actualites\/#\/schema\/logo\/image\/","url":"https:\/\/vieassociative.be\/actualites\/wp-content\/uploads\/2024\/09\/cropped-vieassociative_favicon.ico.png","contentUrl":"https:\/\/vieassociative.be\/actualites\/wp-content\/uploads\/2024\/09\/cropped-vieassociative_favicon.ico.png","width":512,"height":512,"caption":"Vie Associative"},"image":{"@id":"https:\/\/vieassociative.be\/actualites\/#\/schema\/logo\/image\/"}},{"@type":"Person","@id":"https:\/\/vieassociative.be\/actualites\/#\/schema\/person\/b87ac4f82f9d4e7b7cec7395b679edc4","name":"Julien","image":{"@type":"ImageObject","inLanguage":"fr-BE","@id":"https:\/\/vieassociative.be\/actualites\/#\/schema\/person\/image\/","url":"https:\/\/vieassociative.be\/actualites\/wp-content\/uploads\/2024\/09\/vie-associative-1-150x150.jpg","contentUrl":"https:\/\/vieassociative.be\/actualites\/wp-content\/uploads\/2024\/09\/vie-associative-1-150x150.jpg","caption":"Julien"},"description":"Je suis Julien, r\u00e9dacteur pour Vie Associative. Passionn\u00e9 par le monde associatif depuis plus de 10 ans, j'ai \u00e0 c\u0153ur de partager des histoires inspirantes et de mettre en lumi\u00e8re les initiatives locales. Mon objectif est de sensibiliser et d'encourager l'engagement communautaire \u00e0 travers mes articles.","sameAs":["https:\/\/vieassociative.be\/"]}]}},"_links":{"self":[{"href":"https:\/\/vieassociative.be\/actualites\/wp-json\/wp\/v2\/posts\/8874"}],"collection":[{"href":"https:\/\/vieassociative.be\/actualites\/wp-json\/wp\/v2\/posts"}],"about":[{"href":"https:\/\/vieassociative.be\/actualites\/wp-json\/wp\/v2\/types\/post"}],"author":[{"embeddable":true,"href":"https:\/\/vieassociative.be\/actualites\/wp-json\/wp\/v2\/users\/1"}],"replies":[{"embeddable":true,"href":"https:\/\/vieassociative.be\/actualites\/wp-json\/wp\/v2\/comments?post=8874"}],"version-history":[{"count":0,"href":"https:\/\/vieassociative.be\/actualites\/wp-json\/wp\/v2\/posts\/8874\/revisions"}],"wp:featuredmedia":[{"embeddable":true,"href":"https:\/\/vieassociative.be\/actualites\/wp-json\/wp\/v2\/media\/8875"}],"wp:attachment":[{"href":"https:\/\/vieassociative.be\/actualites\/wp-json\/wp\/v2\/media?parent=8874"}],"wp:term":[{"taxonomy":"category","embeddable":true,"href":"https:\/\/vieassociative.be\/actualites\/wp-json\/wp\/v2\/categories?post=8874"},{"taxonomy":"post_tag","embeddable":true,"href":"https:\/\/vieassociative.be\/actualites\/wp-json\/wp\/v2\/tags?post=8874"}],"curies":[{"name":"wp","href":"https:\/\/api.w.org\/{rel}","templated":true}]}}