{"id":8872,"date":"2025-07-20T01:17:55","date_gmt":"2025-07-19T23:17:55","guid":{"rendered":"https:\/\/vieassociative.be\/actualites\/jai-deja-detruit-mon-objectif-de-lecture-dete-grace-a-la-lecture-e-re-lecture-de-la-taille-dun-telephone-palma\/"},"modified":"2025-07-20T01:17:55","modified_gmt":"2025-07-19T23:17:55","slug":"jai-deja-detruit-mon-objectif-de-lecture-dete-grace-a-la-lecture-e-re-lecture-de-la-taille-dun-telephone-palma","status":"publish","type":"post","link":"https:\/\/vieassociative.be\/actualites\/jai-deja-detruit-mon-objectif-de-lecture-dete-grace-a-la-lecture-e-re-lecture-de-la-taille-dun-telephone-palma\/","title":{"rendered":"J&rsquo;ai d\u00e9j\u00e0 d\u00e9truit mon objectif de lecture d&rsquo;\u00e9t\u00e9 gr\u00e2ce \u00e0 la lecture E-Re-lecture de la taille d&rsquo;un t\u00e9l\u00e9phone Palma"},"content":{"rendered":"<div class=\"mt-4 leading-6 md:mb-8\">Regarder un \u00e9cran sur la plage, mais d&rsquo;une mani\u00e8re productive.<\/div>\n<p><\/p>\n<p>J&rsquo;avais l&rsquo;habitude de lire r\u00e9guli\u00e8rement plus de 125 livres par an, chacun m\u00e9ticuleusement connect\u00e9 \u00e0 mon profil Goodreads. J&rsquo;ai lu pendant mon trajet et pour me d\u00e9tendre la nuit. J&rsquo;ai toujours eu un livre de poche dans mon sac ou un livre audio dans mes oreilles. Ensuite, j&rsquo;ai un smartphone. Ensuite, je suis arriv\u00e9 sur Twitter. Ensuite, l&rsquo;\u00e9lection pr\u00e9sidentielle de 2016 s&rsquo;est produite. Puis il y a eu une pand\u00e9mie, et pendant un certain temps, j&rsquo;ai arr\u00eat\u00e9 de faire la navette.<\/p>\n<p>Avec chaque ann\u00e9e, il semblait qu&rsquo;il y avait plus de choses \u00e0 spirale en ligne, et moins d&rsquo;heures dans la journ\u00e9e pour se d\u00e9tendre avec un roman ou lire une non-fiction stimulante. Soudain, j&rsquo;ai eu du mal \u00e0 atteindre mes objectifs de lecture beaucoup plus modestes, qui sont tomb\u00e9s \u00e0 75, puis 50, puis 30 livres par an. En 2023 et 2024, je me suis fix\u00e9 sur la fin de 20 livres (y compris des romans graphiques et des trucs que j&rsquo;ai lus \u00e0 haute voix \u00e0 mes enfants). J&rsquo;ai encore d\u00fb s&rsquo;effondrer dans quelques courts livres en d\u00e9cembre pour g\u00e9rer m\u00eame ce rythme relativement lent.<\/p>\n<p>Mais les choses sont diff\u00e9rentes en 2025. C&rsquo;est la mi-juillet, et j&rsquo;ai d\u00e9j\u00e0 atteint mon objectif de lire cinq livres au cours des mois d&rsquo;\u00e9t\u00e9. \u00c0 vrai dire, je dois tout \u00e0 mon Boox Palma 2, un lecteur \u00e9lectronique en forme de t\u00e9l\u00e9phone que je peux facilement emporter avec moi partout o\u00f9 je vais &#8211; y compris la plage, o\u00f9 je peux facilement lire son affichage en E-Ink au lieu de plisser les yeux sur mon \u00e9cran iPhone au soleil.<\/p>\n<div class=\"pogoClear mb-12 mt-10 rounded-md border-2 border-gray-100 py-7 shadow-xl md:py-6\">\n<div class=\"flex flex-wrap justify-between px-7 text-black no-underline md:flex-nowrap md:px-8\">\n<div class=\"order-1 mx-auto flex flex-col justify-center md:order-2 md:ml-4 md:w-full md:grow\">\n<div class=\"block cursor-pointer text-center font-akshar text-2xl font-medium leading-7 text-brand-green duration-200 ease-in-out hover:text-brand-green-700 md:text-left md:text-xl md:leading-6\">Boox Palma 2 E-liseur\n                <\/div>\n<div class=\"mt-4 hidden md:flex md:justify-between\">\n<div class=\"self-end\">\n<div class=\"mb-0 h-11 md:flex md:flex-col md:justify-center\">\n<div class=\" font-sans leading-4 text-black\">\n<div class=\"flex flex-wrap items-center justify-center gap-x-1 md:justify-start\">\n        <span class=\"font-bold\"><\/p>\n<p>            269,99 $<br \/>\n                            <span class=\"font-medium\">\u00e0 Amazon<\/span><br \/>\n                    <\/span>\n            <\/div>\n<div class=\"flex items-center justify-center gap-x-1 font-bold md:justify-start\">\n            <span class=\"text-sm line-through\">299,99 $<\/span><br \/>\n            <span class=\"text-sm text-brand-green\">\u00c9conomisez 30,00 $<\/span>\n        <\/div>\n<\/p><\/div>\n<\/p><\/div>\n<\/p><\/div>\n<div class=\"w-44 self-end\">\n                            <button class=\"flex justify-center items-center w-full bg-brand-green text-white text-base font-sans font-medium rounded-md hover:bg-brand-green-700 hover:cursor-pointer md:text-sm h-11\"><\/p>\n<p>    Faire un magasin maintenant<br \/>\n<\/button>\n                        <\/div>\n<\/p><\/div>\n<\/p><\/div>\n<div class=\"order-2 mt-5 h-auto w-full md:order-1 md:mt-0 md:hidden\">\n<div class=\"flex aspect-video items-center justify-center\">\n                                            <img decoding=\"async\" class=\"m-0 max-h-full max-w-full rounded-md\" src=\"https:\/\/vieassociative.be\/actualites\/wp-content\/uploads\/2025\/05\/Cette-lecture-electronique-de-la-taille-dun-telephone-ma-aide.jpg\" alt=\"BOOX PALMA2 MOBILE EPAPER EBAT LECTEUR RETOUR RETROCTION DIGNAGE RECONNAIS\" width=\"auto\" height=\"auto\" loading=\"lazy\">\n                                    <\/div>\n<\/p><\/div>\n<div class=\"order-2 ml-2 hidden w-32 shrink-0 items-center md:order-1 md:ml-0 md:flex\">\n<div class=\"flex aspect-video items-center justify-center\">\n                                            <img decoding=\"async\" class=\"m-0 max-h-full max-w-full rounded-md\" src=\"https:\/\/vieassociative.be\/actualites\/wp-content\/uploads\/2025\/05\/Cette-lecture-electronique-de-la-taille-dun-telephone-ma-aide.jpg\" alt=\"BOOX PALMA2 MOBILE EPAPER EBAT LECTEUR RETOUR RETROCTION DIGNAGE RECONNAIS\" width=\"auto\" height=\"auto\" loading=\"lazy\">\n                                    <\/div>\n<\/p><\/div>\n<div class=\"order-3 flex grow flex-wrap md:hidden md:grow-0\">\n<div class=\"mt-4 w-full\">\n                        <button class=\"flex justify-center items-center w-full bg-brand-green text-white text-base font-sans font-medium rounded-md hover:bg-brand-green-700 hover:cursor-pointer md:text-sm h-11\"><\/p>\n<p>    Faire un magasin maintenant<br \/>\n<\/button>\n                    <\/div>\n<div class=\"mx-2 mt-4 w-full\">\n<div class=\" font-sans leading-4 text-black\">\n<div class=\"flex flex-wrap items-center justify-center gap-x-1 md:justify-start\">\n        <span class=\"font-bold\"><\/p>\n<p>            269,99 $<br \/>\n                            <span class=\"font-medium\">\u00e0 Amazon<\/span><br \/>\n                    <\/span>\n            <\/div>\n<div class=\"flex items-center justify-center gap-x-1 font-bold md:justify-start\">\n            <span class=\"text-sm line-through\">299,99 $<\/span><br \/>\n            <span class=\"text-sm text-brand-green\">\u00c9conomisez 30,00 $<\/span>\n        <\/div>\n<\/p><\/div>\n<\/p><\/div>\n<\/p><\/div>\n<\/p><\/div>\n<\/div>\n<h2 id=\"a-device-so-good-it-has-a-cult-following-if-you-can-stomach-the-price\">Un appareil si bon qu&rsquo;il a un culte (si vous pouvez \u00e9tancher le prix)<\/h2>\n<p>Comme je l&rsquo;ai not\u00e9 dans ma revue du Boox Palma d&rsquo;origine &#8211; le pr\u00e9d\u00e9cesseur presque identique au Palma 2 &#8211; c&rsquo;est l&rsquo;un des appareils \u00e9lectroniques les plus adorables que j&rsquo;ai jamais poss\u00e9d\u00e9s, un Kindle presque parfait (l&rsquo;\u00e9cran E-E-E-E-Eyes Easy-the-Eyes popularis\u00e9 par Amazon&rsquo;s Kindle dans une taille compacte qui correspond \u00e0 un iPhone 16) et \u00e0 la lecture des applications et \u00e0 une lecture ouverte et \u00e0 un syst\u00e8me d&rsquo;acc\u00e8s \u00e0 la lecture et \u00e0 l&rsquo;acc\u00e8s \u00e0 la lecture de Google, de la lecture des applications et de la lecture et d&rsquo;un syst\u00e8me de fonctionnement et d&rsquo;acc\u00e8s \u00e0 la pi\u00e8ce de jeu de Google, de la lecture de la lecture et de la lecture de la lecture Android Android Une vari\u00e9t\u00e9 de d\u00e9taillants, \u00e9coutez des livres audio avec des \u00e9couteurs Bluetooth ou faites un peu de travail sur des applications de productivit\u00e9 comme Gmail et Google Docs. <\/p>\n<p>\u00c0 un moment o\u00f9 un nombre croissant de personnes choisissent de passer \u00e0 un \u00ab\u00a0t\u00e9l\u00e9phone muet\u00a0\u00bb pour \u00e9chapper \u00e0 l&rsquo;attraction de leurs d\u00e9pendances \u00e0 l&rsquo;\u00e9cran, le Palma 2 occupe un endroit unique sur le march\u00e9: bien qu&rsquo;il puisse faire beaucoup plus que votre Kindle standard, il semble toujours ensoleill\u00e9 et lent par rapport \u00e0 votre smartphone, mais au mieux. Il n&rsquo;a pas de connexion cellulaire, donc si vous n&rsquo;\u00eates pas sous WiFi, vous ne pourrez pas utiliser Internet ou mettre \u00e0 jour vos flux sociaux. L&rsquo;affichage en noir et blanc signifie que l&rsquo;utiliser est apaisant au lieu de stimuler, tout en grattant cette d\u00e9mangeaison \u00ab\u00a0Je dois retirer mon appareil\u00a0\u00bb. Ses qualit\u00e9s excentriques l&rsquo;ont suscit\u00e9 en quelque sorte un culte (ironiquement, les adh\u00e9rents se r\u00e9unissent pour discuter de l&rsquo;appareil sur Reddit et Tiktok, deux endroits \u00e0 \u00e9viter si vous voulez faire une lecture).<\/p>\n<p>Avec cet appel de niche vient cependant un prix \u00e9lev\u00e9. Lorsqu&rsquo;il est introduit, le Palma 2 co\u00fbte 280 $ et les tarifs ont depuis augment\u00e9 cela \u00e0 300 $. Pendant un certain temps, vous pourriez r\u00e9cup\u00e9rer le premier Palma \u00e0 prix r\u00e9duit (aussi bas que 200 $ si vous commandiez directement aupr\u00e8s de la vitrine BOOX), mais cet appareil semble \u00eatre d\u00e9finitivement en rupture de stock, du moins pour les clients am\u00e9ricains. Au moment d&rsquo;\u00e9crire ces lignes, le Palma 2 est en vente sur Amazon pour 269,99 $, mais cette remise devrait dispara\u00eetre bient\u00f4t.<\/p>\n<p>Cela en vaut-il la peine, payant jusqu&rsquo;\u00e0 100 $ de plus que pour une \u00e9dition Kindle Paperwhite Signature? Personnellement, je paierais 100 $ pour ne pas \u00eatre enferm\u00e9 dans l&rsquo;\u00e9cosyst\u00e8me Amazon, mais tout le monde ne se sentira pas la m\u00eame chose. S&rsquo;ils ont fait un palma moins cher sans certaines des fonctionnalit\u00e9s superflues qui le font ressembler plus \u00e0 un smartphone entrav\u00e9 qu&rsquo;\u00e0 un lecteur \u00e9lectronique gonfl\u00e9 (par exemple, la cam\u00e9ra, l&rsquo;exc\u00e8s pour les utilisateurs les plus importants de 128 Go de stockage), est-ce que je choisirais cela \u00e0 la place? Oui. Est-ce que je choisirais toujours un Palma de 300 $ sur un papier Paperwhite de 200 $? Aussi oui. <\/p>\n<div class=\"pogoClear relative my-10 border-b-(1.5px) border-t-(1.5px) border-dashed border-black py-5 sm:my-14 sm:border-0 sm:py-0\" data-ga-click data-ga-template=\"Opinions\" data-ga-module=\"openweb_widget\" data-ga-element=\"openweb_scroll\" data-ga-item=\"openweb_scroll_midpage\" x-data=\"{\n         commentsCount: null,\n         hasComments: false,\n         async fetchCommentsCount() {\n             try {\n                 if (window.openweb &amp;&amp; typeof window.openweb.getMessagesCount === 'function') {\n                     this.commentsCount = await window.openweb.getMessagesCount('01JVFNHAABS07G4HRJACK9XZTV');\n                     this.hasComments = this.commentsCount !== null &amp;&amp; this.commentsCount &gt; 0;\n                 }\n             } catch (e) {\n                 console.warn('Failed to fetch comment count:', e);\n             }\n         }\n     }\" x-init=\"fetchCommentsCount()\" x-cloak><\/p>\n<div class=\"absolute top-1\/2 hidden w-full -translate-y-1\/2 border-t-(1.5px) border-dashed border-black sm:block\"><\/div>\n<div class=\"relative flex justify-center\">\n<div class=\"flex max-w-fit items-center gap-x-3 bg-white px-5\">\n<div class=\"relative\">\n                <span class=\"absolute left-1\/2 top-1\/2 -translate-x-1\/2 -translate-y-1\/2 font-akshar text-sm font-medium text-black\" aria-live=\"polite\" x-show=\"hasComments\" x-text=\"commentsCount\"><\/span><\/p>\n<p>                <svg class=\"h-8 w-8 text-black\" role=\"img\" aria-hidden=\"true\">\n                    <use href=\"http:\/\/lifehacker.com\/images\/icons\/spritemap.svg#sprite-chat-bubble\"><\/use>\n                <\/svg>\n            <\/div>\n<p>            <span class=\"text-sm font-medium text-black\"><\/p>\n<p>                Que pensez-vous jusqu&rsquo;\u00e0 pr\u00e9sent?<br \/>\n                <button class=\"ml-1 font-semibold text-brand-green underline hover:text-brand-green-700\" type=\"button\" aria-label=\"Comment section trigger\" onclick=\"window.openweb.scrollToComments('01JVFNHAABS07G4HRJACK9XZTV')\" x-text=\"hasComments ? 'Post a comment.' : 'Be the first to post a comment.'\"><\/button><br \/>\n            <\/span>\n        <\/div>\n<\/p><\/div>\n<\/div>\n<h2 id=\"the-perfect-form-factor\">Le facteur de forme parfait<\/h2>\n<p>Laissant de c\u00f4t\u00e9 toutes les choses que les m\u00e9dias sociaux et les d\u00e9veloppeurs d&rsquo;applications font pour rendre leurs produits addictifs, j&rsquo;ai du mal \u00e0 r\u00e9glementer l&rsquo;utilisation de mon t\u00e9l\u00e9phone pour la seule raison que mon t\u00e9l\u00e9phone est toujours avec moi. C&rsquo;est comme \u00e7a que je reste en contact avec mon conjoint et mes enfants et il a effectivement remplac\u00e9 mon portefeuille, donc il doit \u00eatre dans ma poche \u00e0 tout moment et bon, je pourrais aussi bien le retirer \u00e0 chaque instant inactif pour v\u00e9rifier mes notifications. Oui, je pourrais transporter un livre ou une lecture \u00e9lectronique de taille standard \u00e0 regarder \u00e0 la place, mais cela n\u00e9cessite de porter un sac d&rsquo;une sorte (ou de grandes poches), et il est difficile de battre la commodit\u00e9 de quelque chose que vous pouvez enfoncer dans n&rsquo;importe quelle paire de jeans.<\/p>\n<p>Eh bien, le Palma 2 peut \u00eatre pouss\u00e9 dans n&rsquo;importe quelle paire de jeans. Il a essentiellement le facteur de forme identique \u00e0 la plupart des smartphones, et peut m\u00eame occuper la m\u00eame poche que mon iPhone 14. Cela signifie que lorsque je fais la queue au bureau de poste, ou en attendant le train, ou essayant de maintenir mon \u00e9quilibre dans le train et avec une seule main libre, ou de lire \u00e0 la plage plut\u00f4t que d&rsquo;essayer de rafra\u00eechir ma lecture en ligne au lieu de mes achats de bluesky.<\/p>\n<h2 id=\"slow-and-kinda-clunky-in-a-good-way\">Lent et un peu maladroit (dans le bon sens)<\/h2>\n<p>Si le Palma 2 peut acc\u00e9der au Google Play Store, qu&rsquo;est-ce qui vous emp\u00eache de le charger avec toutes les applications qui rendent d\u00e9j\u00e0 votre smartphone si addictif? Rien! Allez-y &#8211; cordons bluesky l\u00e0-bas. Ajoutez Facebook et Instagram si vous n&rsquo;avez pas encore fui l&rsquo;\u00e9cosyst\u00e8me de Meta. Vous pouvez m\u00eame charger des applications vid\u00e9o comme YouTube et Netflix et des jeux de lancement dans le temps comme Subway Surfers.<\/p>\n<p>Si vous le faites, cependant, vous constaterez rapidement qu&rsquo;aucun d&rsquo;eux n&rsquo;est aussi agr\u00e9able \u00e0 utiliser. Bien que les affichages en encein \u00e9lectronique des lecteurs de BOOX utilisent une technologie de taux de rafra\u00eechissement variable qui les rend infiniment plus rapides que les Kindles de d\u00e9but de g\u00e9n\u00e9ration (o\u00f9 vous pourriez faire une pause pour un rythme cardiaque entre appuyer sur une touche sur le clavier virtuel et voir r\u00e9ellement le texte appara\u00eetre sur l&rsquo;\u00e9cran), m\u00eame dans les modes les plus rapides, ils ne sont qu&rsquo;une fraction aussi r\u00e9active comme un t\u00e9l\u00e9phone ou un \u00e9cran LED du t\u00e9l\u00e9phone ou du comprim\u00e9. <\/p>\n<p>Ainsi, m\u00eame si vous pouvez certainement utiliser votre Palma 2 pour faire d\u00e9filer les m\u00e9dias sociaux ou regarder quelques tiktoks, vous ne voudrez pas particuli\u00e8rement, car c&rsquo;est un peu mauvais pour eux, mais d&rsquo;une mani\u00e8re que j&rsquo;aime: l&rsquo;appareil est optimis\u00e9 pour lire du texte ou des bandes dessin\u00e9es (en particulier des mangas noirs et blancs), et cela pr\u00e9sente ce mat\u00e9riel si bien, et si pratique, que je veux le transporter avec moi, alors je peux si bien lu tout le temps.<\/p>\n<p>Jusqu&rsquo;\u00e0 pr\u00e9sent, \u00e7a se passe bien: comme je l&rsquo;ai dit, j&rsquo;ai d\u00e9j\u00e0 atteint mon objectif de lecture d&rsquo;\u00e9t\u00e9. En attendant, si vous cherchez des livres, vous pouvez vous exprimer <em>Dungeon Crawler Carl <\/em>S\u00e9rie de Matt Dinniman. Apr\u00e8s avoir ramass\u00e9 le premier en f\u00e9vrier, j&rsquo;ai fait exploser les sept livres ainsi publi\u00e9s (allant de 400 \u00e0 800 pages) en environ six semaines. Et oui, j&rsquo;ai lu chaque mot d&rsquo;entre eux sur mon Palma 2.<\/p>\n<p><script async src=\"\/\/www.tiktok.com\/embed.js\"><\/script><\/p>\n","protected":false},"excerpt":{"rendered":"<p>Regarder un \u00e9cran sur la plage, mais d&rsquo;une mani\u00e8re productive. J&rsquo;avais l&rsquo;habitude de lire r\u00e9guli\u00e8rement plus de 125 livres par an, chacun m\u00e9ticuleusement connect\u00e9 \u00e0<\/p>\n","protected":false},"author":1,"featured_media":8873,"comment_status":"","ping_status":"","sticky":false,"template":"","format":"standard","meta":{"footnotes":""},"categories":[13],"tags":[1936,122,4931,354,7828,527,823,844,49,7087,7829,4343,542],"class_list":["post-8872","post","type-post","status-publish","format-standard","has-post-thumbnail","hentry","category-technologie","tag-deja","tag-dete","tag-detruit","tag-dun","tag-erelecture","tag-grace","tag-jai","tag-lecture","tag-mon","tag-objectif","tag-palma","tag-taille","tag-telephone","generate-columns","tablet-grid-50","mobile-grid-100","grid-parent","grid-33"],"yoast_head":"<!-- This site is optimized with the Yoast SEO plugin v24.0 - https:\/\/yoast.com\/wordpress\/plugins\/seo\/ -->\n<title>J&#039;ai d\u00e9j\u00e0 d\u00e9truit mon objectif de lecture d&#039;\u00e9t\u00e9 gr\u00e2ce \u00e0 la lecture E-Re-lecture de la taille d&#039;un t\u00e9l\u00e9phone Palma | Vie Associative<\/title>\n<meta name=\"robots\" content=\"index, follow, max-snippet:-1, max-image-preview:large, max-video-preview:-1\" \/>\n<link rel=\"canonical\" href=\"https:\/\/vieassociative.be\/actualites\/jai-deja-detruit-mon-objectif-de-lecture-dete-grace-a-la-lecture-e-re-lecture-de-la-taille-dun-telephone-palma\/\" \/>\n<meta property=\"og:locale\" content=\"fr_FR\" \/>\n<meta property=\"og:type\" content=\"article\" \/>\n<meta property=\"og:title\" content=\"J&#039;ai d\u00e9j\u00e0 d\u00e9truit mon objectif de lecture d&#039;\u00e9t\u00e9 gr\u00e2ce \u00e0 la lecture E-Re-lecture de la taille d&#039;un t\u00e9l\u00e9phone Palma | Vie Associative\" \/>\n<meta property=\"og:description\" content=\"Regarder un \u00e9cran sur la plage, mais d&rsquo;une mani\u00e8re productive. J&rsquo;avais l&rsquo;habitude de lire r\u00e9guli\u00e8rement plus de 125 livres par an, chacun m\u00e9ticuleusement connect\u00e9 \u00e0\" \/>\n<meta property=\"og:url\" content=\"https:\/\/vieassociative.be\/actualites\/jai-deja-detruit-mon-objectif-de-lecture-dete-grace-a-la-lecture-e-re-lecture-de-la-taille-dun-telephone-palma\/\" \/>\n<meta property=\"og:site_name\" content=\"Vie Associative\" \/>\n<meta property=\"article:published_time\" content=\"2025-07-19T23:17:55+00:00\" \/>\n<meta property=\"og:image\" content=\"https:\/\/vieassociative.be\/actualites\/wp-content\/uploads\/2025\/05\/Cette-lecture-electronique-de-la-taille-dun-telephone-ma-aide.jpg\" \/>\n<meta name=\"author\" content=\"Julien\" \/>\n<meta name=\"twitter:card\" content=\"summary_large_image\" \/>\n<meta name=\"twitter:label1\" content=\"\u00c9crit par\" \/>\n\t<meta name=\"twitter:data1\" content=\"Julien\" \/>\n\t<meta name=\"twitter:label2\" content=\"Dur\u00e9e de lecture est.\" \/>\n\t<meta name=\"twitter:data2\" content=\"7 minutes\" \/>\n<script type=\"application\/ld+json\" class=\"yoast-schema-graph\">{\"@context\":\"https:\/\/schema.org\",\"@graph\":[{\"@type\":\"Article\",\"@id\":\"https:\/\/vieassociative.be\/actualites\/jai-deja-detruit-mon-objectif-de-lecture-dete-grace-a-la-lecture-e-re-lecture-de-la-taille-dun-telephone-palma\/#article\",\"isPartOf\":{\"@id\":\"https:\/\/vieassociative.be\/actualites\/jai-deja-detruit-mon-objectif-de-lecture-dete-grace-a-la-lecture-e-re-lecture-de-la-taille-dun-telephone-palma\/\"},\"author\":{\"name\":\"Julien\",\"@id\":\"https:\/\/vieassociative.be\/actualites\/#\/schema\/person\/b87ac4f82f9d4e7b7cec7395b679edc4\"},\"headline\":\"J&rsquo;ai d\u00e9j\u00e0 d\u00e9truit mon objectif de lecture d&rsquo;\u00e9t\u00e9 gr\u00e2ce \u00e0 la lecture E-Re-lecture de la taille d&rsquo;un t\u00e9l\u00e9phone Palma\",\"datePublished\":\"2025-07-19T23:17:55+00:00\",\"dateModified\":\"2025-07-19T23:17:55+00:00\",\"mainEntityOfPage\":{\"@id\":\"https:\/\/vieassociative.be\/actualites\/jai-deja-detruit-mon-objectif-de-lecture-dete-grace-a-la-lecture-e-re-lecture-de-la-taille-dun-telephone-palma\/\"},\"wordCount\":1494,\"publisher\":{\"@id\":\"https:\/\/vieassociative.be\/actualites\/#organization\"},\"image\":{\"@id\":\"https:\/\/vieassociative.be\/actualites\/jai-deja-detruit-mon-objectif-de-lecture-dete-grace-a-la-lecture-e-re-lecture-de-la-taille-dun-telephone-palma\/#primaryimage\"},\"thumbnailUrl\":\"https:\/\/vieassociative.be\/actualites\/wp-content\/uploads\/2025\/07\/Jai-deja-detruit-mon-objectif-de-lecture-dete-grace-a.jpg\",\"keywords\":[\"d\u00e9j\u00e0\",\"d\u00e9t\u00e9\",\"d\u00e9truit\",\"dun\",\"ERelecture\",\"gr\u00e2ce\",\"Jai\",\"lecture\",\"Mon\",\"objectif\",\"Palma\",\"taille\",\"t\u00e9l\u00e9phone\"],\"articleSection\":[\"Technologie\"],\"inLanguage\":\"fr-BE\"},{\"@type\":\"WebPage\",\"@id\":\"https:\/\/vieassociative.be\/actualites\/jai-deja-detruit-mon-objectif-de-lecture-dete-grace-a-la-lecture-e-re-lecture-de-la-taille-dun-telephone-palma\/\",\"url\":\"https:\/\/vieassociative.be\/actualites\/jai-deja-detruit-mon-objectif-de-lecture-dete-grace-a-la-lecture-e-re-lecture-de-la-taille-dun-telephone-palma\/\",\"name\":\"J'ai d\u00e9j\u00e0 d\u00e9truit mon objectif de lecture d'\u00e9t\u00e9 gr\u00e2ce \u00e0 la lecture E-Re-lecture de la taille d'un t\u00e9l\u00e9phone Palma | Vie Associative\",\"isPartOf\":{\"@id\":\"https:\/\/vieassociative.be\/actualites\/#website\"},\"primaryImageOfPage\":{\"@id\":\"https:\/\/vieassociative.be\/actualites\/jai-deja-detruit-mon-objectif-de-lecture-dete-grace-a-la-lecture-e-re-lecture-de-la-taille-dun-telephone-palma\/#primaryimage\"},\"image\":{\"@id\":\"https:\/\/vieassociative.be\/actualites\/jai-deja-detruit-mon-objectif-de-lecture-dete-grace-a-la-lecture-e-re-lecture-de-la-taille-dun-telephone-palma\/#primaryimage\"},\"thumbnailUrl\":\"https:\/\/vieassociative.be\/actualites\/wp-content\/uploads\/2025\/07\/Jai-deja-detruit-mon-objectif-de-lecture-dete-grace-a.jpg\",\"datePublished\":\"2025-07-19T23:17:55+00:00\",\"dateModified\":\"2025-07-19T23:17:55+00:00\",\"breadcrumb\":{\"@id\":\"https:\/\/vieassociative.be\/actualites\/jai-deja-detruit-mon-objectif-de-lecture-dete-grace-a-la-lecture-e-re-lecture-de-la-taille-dun-telephone-palma\/#breadcrumb\"},\"inLanguage\":\"fr-BE\",\"potentialAction\":[{\"@type\":\"ReadAction\",\"target\":[\"https:\/\/vieassociative.be\/actualites\/jai-deja-detruit-mon-objectif-de-lecture-dete-grace-a-la-lecture-e-re-lecture-de-la-taille-dun-telephone-palma\/\"]}]},{\"@type\":\"ImageObject\",\"inLanguage\":\"fr-BE\",\"@id\":\"https:\/\/vieassociative.be\/actualites\/jai-deja-detruit-mon-objectif-de-lecture-dete-grace-a-la-lecture-e-re-lecture-de-la-taille-dun-telephone-palma\/#primaryimage\",\"url\":\"https:\/\/vieassociative.be\/actualites\/wp-content\/uploads\/2025\/07\/Jai-deja-detruit-mon-objectif-de-lecture-dete-grace-a.jpg\",\"contentUrl\":\"https:\/\/vieassociative.be\/actualites\/wp-content\/uploads\/2025\/07\/Jai-deja-detruit-mon-objectif-de-lecture-dete-grace-a.jpg\",\"width\":1200,\"height\":675,\"caption\":\"J'ai d\u00e9j\u00e0 d\u00e9truit mon objectif de lecture d'\u00e9t\u00e9 gr\u00e2ce \u00e0 la lecture E-Re-lecture de la taille d'un t\u00e9l\u00e9phone Palma\"},{\"@type\":\"BreadcrumbList\",\"@id\":\"https:\/\/vieassociative.be\/actualites\/jai-deja-detruit-mon-objectif-de-lecture-dete-grace-a-la-lecture-e-re-lecture-de-la-taille-dun-telephone-palma\/#breadcrumb\",\"itemListElement\":[{\"@type\":\"ListItem\",\"position\":1,\"name\":\"Accueil\",\"item\":\"https:\/\/vieassociative.be\/actualites\/\"},{\"@type\":\"ListItem\",\"position\":2,\"name\":\"J&rsquo;ai d\u00e9j\u00e0 d\u00e9truit mon objectif de lecture d&rsquo;\u00e9t\u00e9 gr\u00e2ce \u00e0 la lecture E-Re-lecture de la taille d&rsquo;un t\u00e9l\u00e9phone Palma\"}]},{\"@type\":\"WebSite\",\"@id\":\"https:\/\/vieassociative.be\/actualites\/#website\",\"url\":\"https:\/\/vieassociative.be\/actualites\/\",\"name\":\"Vie Associative\",\"description\":\"\",\"publisher\":{\"@id\":\"https:\/\/vieassociative.be\/actualites\/#organization\"},\"potentialAction\":[{\"@type\":\"SearchAction\",\"target\":{\"@type\":\"EntryPoint\",\"urlTemplate\":\"https:\/\/vieassociative.be\/actualites\/?s={search_term_string}\"},\"query-input\":{\"@type\":\"PropertyValueSpecification\",\"valueRequired\":true,\"valueName\":\"search_term_string\"}}],\"inLanguage\":\"fr-BE\"},{\"@type\":\"Organization\",\"@id\":\"https:\/\/vieassociative.be\/actualites\/#organization\",\"name\":\"Vie Associative\",\"url\":\"https:\/\/vieassociative.be\/actualites\/\",\"logo\":{\"@type\":\"ImageObject\",\"inLanguage\":\"fr-BE\",\"@id\":\"https:\/\/vieassociative.be\/actualites\/#\/schema\/logo\/image\/\",\"url\":\"https:\/\/vieassociative.be\/actualites\/wp-content\/uploads\/2024\/09\/cropped-vieassociative_favicon.ico.png\",\"contentUrl\":\"https:\/\/vieassociative.be\/actualites\/wp-content\/uploads\/2024\/09\/cropped-vieassociative_favicon.ico.png\",\"width\":512,\"height\":512,\"caption\":\"Vie Associative\"},\"image\":{\"@id\":\"https:\/\/vieassociative.be\/actualites\/#\/schema\/logo\/image\/\"}},{\"@type\":\"Person\",\"@id\":\"https:\/\/vieassociative.be\/actualites\/#\/schema\/person\/b87ac4f82f9d4e7b7cec7395b679edc4\",\"name\":\"Julien\",\"image\":{\"@type\":\"ImageObject\",\"inLanguage\":\"fr-BE\",\"@id\":\"https:\/\/vieassociative.be\/actualites\/#\/schema\/person\/image\/\",\"url\":\"https:\/\/vieassociative.be\/actualites\/wp-content\/uploads\/2024\/09\/vie-associative-1-150x150.jpg\",\"contentUrl\":\"https:\/\/vieassociative.be\/actualites\/wp-content\/uploads\/2024\/09\/vie-associative-1-150x150.jpg\",\"caption\":\"Julien\"},\"description\":\"Je suis Julien, r\u00e9dacteur pour Vie Associative. Passionn\u00e9 par le monde associatif depuis plus de 10 ans, j'ai \u00e0 c\u0153ur de partager des histoires inspirantes et de mettre en lumi\u00e8re les initiatives locales. Mon objectif est de sensibiliser et d'encourager l'engagement communautaire \u00e0 travers mes articles.\",\"sameAs\":[\"https:\/\/vieassociative.be\/\"]}]}<\/script>\n<!-- \/ Yoast SEO plugin. -->","yoast_head_json":{"title":"J'ai d\u00e9j\u00e0 d\u00e9truit mon objectif de lecture d'\u00e9t\u00e9 gr\u00e2ce \u00e0 la lecture E-Re-lecture de la taille d'un t\u00e9l\u00e9phone Palma | Vie Associative","robots":{"index":"index","follow":"follow","max-snippet":"max-snippet:-1","max-image-preview":"max-image-preview:large","max-video-preview":"max-video-preview:-1"},"canonical":"https:\/\/vieassociative.be\/actualites\/jai-deja-detruit-mon-objectif-de-lecture-dete-grace-a-la-lecture-e-re-lecture-de-la-taille-dun-telephone-palma\/","og_locale":"fr_FR","og_type":"article","og_title":"J'ai d\u00e9j\u00e0 d\u00e9truit mon objectif de lecture d'\u00e9t\u00e9 gr\u00e2ce \u00e0 la lecture E-Re-lecture de la taille d'un t\u00e9l\u00e9phone Palma | Vie Associative","og_description":"Regarder un \u00e9cran sur la plage, mais d&rsquo;une mani\u00e8re productive. J&rsquo;avais l&rsquo;habitude de lire r\u00e9guli\u00e8rement plus de 125 livres par an, chacun m\u00e9ticuleusement connect\u00e9 \u00e0","og_url":"https:\/\/vieassociative.be\/actualites\/jai-deja-detruit-mon-objectif-de-lecture-dete-grace-a-la-lecture-e-re-lecture-de-la-taille-dun-telephone-palma\/","og_site_name":"Vie Associative","article_published_time":"2025-07-19T23:17:55+00:00","og_image":[{"url":"https:\/\/vieassociative.be\/actualites\/wp-content\/uploads\/2025\/05\/Cette-lecture-electronique-de-la-taille-dun-telephone-ma-aide.jpg","type":"","width":"","height":""}],"author":"Julien","twitter_card":"summary_large_image","twitter_misc":{"\u00c9crit par":"Julien","Dur\u00e9e de lecture est.":"7 minutes"},"schema":{"@context":"https:\/\/schema.org","@graph":[{"@type":"Article","@id":"https:\/\/vieassociative.be\/actualites\/jai-deja-detruit-mon-objectif-de-lecture-dete-grace-a-la-lecture-e-re-lecture-de-la-taille-dun-telephone-palma\/#article","isPartOf":{"@id":"https:\/\/vieassociative.be\/actualites\/jai-deja-detruit-mon-objectif-de-lecture-dete-grace-a-la-lecture-e-re-lecture-de-la-taille-dun-telephone-palma\/"},"author":{"name":"Julien","@id":"https:\/\/vieassociative.be\/actualites\/#\/schema\/person\/b87ac4f82f9d4e7b7cec7395b679edc4"},"headline":"J&rsquo;ai d\u00e9j\u00e0 d\u00e9truit mon objectif de lecture d&rsquo;\u00e9t\u00e9 gr\u00e2ce \u00e0 la lecture E-Re-lecture de la taille d&rsquo;un t\u00e9l\u00e9phone Palma","datePublished":"2025-07-19T23:17:55+00:00","dateModified":"2025-07-19T23:17:55+00:00","mainEntityOfPage":{"@id":"https:\/\/vieassociative.be\/actualites\/jai-deja-detruit-mon-objectif-de-lecture-dete-grace-a-la-lecture-e-re-lecture-de-la-taille-dun-telephone-palma\/"},"wordCount":1494,"publisher":{"@id":"https:\/\/vieassociative.be\/actualites\/#organization"},"image":{"@id":"https:\/\/vieassociative.be\/actualites\/jai-deja-detruit-mon-objectif-de-lecture-dete-grace-a-la-lecture-e-re-lecture-de-la-taille-dun-telephone-palma\/#primaryimage"},"thumbnailUrl":"https:\/\/vieassociative.be\/actualites\/wp-content\/uploads\/2025\/07\/Jai-deja-detruit-mon-objectif-de-lecture-dete-grace-a.jpg","keywords":["d\u00e9j\u00e0","d\u00e9t\u00e9","d\u00e9truit","dun","ERelecture","gr\u00e2ce","Jai","lecture","Mon","objectif","Palma","taille","t\u00e9l\u00e9phone"],"articleSection":["Technologie"],"inLanguage":"fr-BE"},{"@type":"WebPage","@id":"https:\/\/vieassociative.be\/actualites\/jai-deja-detruit-mon-objectif-de-lecture-dete-grace-a-la-lecture-e-re-lecture-de-la-taille-dun-telephone-palma\/","url":"https:\/\/vieassociative.be\/actualites\/jai-deja-detruit-mon-objectif-de-lecture-dete-grace-a-la-lecture-e-re-lecture-de-la-taille-dun-telephone-palma\/","name":"J'ai d\u00e9j\u00e0 d\u00e9truit mon objectif de lecture d'\u00e9t\u00e9 gr\u00e2ce \u00e0 la lecture E-Re-lecture de la taille d'un t\u00e9l\u00e9phone Palma | Vie Associative","isPartOf":{"@id":"https:\/\/vieassociative.be\/actualites\/#website"},"primaryImageOfPage":{"@id":"https:\/\/vieassociative.be\/actualites\/jai-deja-detruit-mon-objectif-de-lecture-dete-grace-a-la-lecture-e-re-lecture-de-la-taille-dun-telephone-palma\/#primaryimage"},"image":{"@id":"https:\/\/vieassociative.be\/actualites\/jai-deja-detruit-mon-objectif-de-lecture-dete-grace-a-la-lecture-e-re-lecture-de-la-taille-dun-telephone-palma\/#primaryimage"},"thumbnailUrl":"https:\/\/vieassociative.be\/actualites\/wp-content\/uploads\/2025\/07\/Jai-deja-detruit-mon-objectif-de-lecture-dete-grace-a.jpg","datePublished":"2025-07-19T23:17:55+00:00","dateModified":"2025-07-19T23:17:55+00:00","breadcrumb":{"@id":"https:\/\/vieassociative.be\/actualites\/jai-deja-detruit-mon-objectif-de-lecture-dete-grace-a-la-lecture-e-re-lecture-de-la-taille-dun-telephone-palma\/#breadcrumb"},"inLanguage":"fr-BE","potentialAction":[{"@type":"ReadAction","target":["https:\/\/vieassociative.be\/actualites\/jai-deja-detruit-mon-objectif-de-lecture-dete-grace-a-la-lecture-e-re-lecture-de-la-taille-dun-telephone-palma\/"]}]},{"@type":"ImageObject","inLanguage":"fr-BE","@id":"https:\/\/vieassociative.be\/actualites\/jai-deja-detruit-mon-objectif-de-lecture-dete-grace-a-la-lecture-e-re-lecture-de-la-taille-dun-telephone-palma\/#primaryimage","url":"https:\/\/vieassociative.be\/actualites\/wp-content\/uploads\/2025\/07\/Jai-deja-detruit-mon-objectif-de-lecture-dete-grace-a.jpg","contentUrl":"https:\/\/vieassociative.be\/actualites\/wp-content\/uploads\/2025\/07\/Jai-deja-detruit-mon-objectif-de-lecture-dete-grace-a.jpg","width":1200,"height":675,"caption":"J'ai d\u00e9j\u00e0 d\u00e9truit mon objectif de lecture d'\u00e9t\u00e9 gr\u00e2ce \u00e0 la lecture E-Re-lecture de la taille d'un t\u00e9l\u00e9phone Palma"},{"@type":"BreadcrumbList","@id":"https:\/\/vieassociative.be\/actualites\/jai-deja-detruit-mon-objectif-de-lecture-dete-grace-a-la-lecture-e-re-lecture-de-la-taille-dun-telephone-palma\/#breadcrumb","itemListElement":[{"@type":"ListItem","position":1,"name":"Accueil","item":"https:\/\/vieassociative.be\/actualites\/"},{"@type":"ListItem","position":2,"name":"J&rsquo;ai d\u00e9j\u00e0 d\u00e9truit mon objectif de lecture d&rsquo;\u00e9t\u00e9 gr\u00e2ce \u00e0 la lecture E-Re-lecture de la taille d&rsquo;un t\u00e9l\u00e9phone Palma"}]},{"@type":"WebSite","@id":"https:\/\/vieassociative.be\/actualites\/#website","url":"https:\/\/vieassociative.be\/actualites\/","name":"Vie Associative","description":"","publisher":{"@id":"https:\/\/vieassociative.be\/actualites\/#organization"},"potentialAction":[{"@type":"SearchAction","target":{"@type":"EntryPoint","urlTemplate":"https:\/\/vieassociative.be\/actualites\/?s={search_term_string}"},"query-input":{"@type":"PropertyValueSpecification","valueRequired":true,"valueName":"search_term_string"}}],"inLanguage":"fr-BE"},{"@type":"Organization","@id":"https:\/\/vieassociative.be\/actualites\/#organization","name":"Vie Associative","url":"https:\/\/vieassociative.be\/actualites\/","logo":{"@type":"ImageObject","inLanguage":"fr-BE","@id":"https:\/\/vieassociative.be\/actualites\/#\/schema\/logo\/image\/","url":"https:\/\/vieassociative.be\/actualites\/wp-content\/uploads\/2024\/09\/cropped-vieassociative_favicon.ico.png","contentUrl":"https:\/\/vieassociative.be\/actualites\/wp-content\/uploads\/2024\/09\/cropped-vieassociative_favicon.ico.png","width":512,"height":512,"caption":"Vie Associative"},"image":{"@id":"https:\/\/vieassociative.be\/actualites\/#\/schema\/logo\/image\/"}},{"@type":"Person","@id":"https:\/\/vieassociative.be\/actualites\/#\/schema\/person\/b87ac4f82f9d4e7b7cec7395b679edc4","name":"Julien","image":{"@type":"ImageObject","inLanguage":"fr-BE","@id":"https:\/\/vieassociative.be\/actualites\/#\/schema\/person\/image\/","url":"https:\/\/vieassociative.be\/actualites\/wp-content\/uploads\/2024\/09\/vie-associative-1-150x150.jpg","contentUrl":"https:\/\/vieassociative.be\/actualites\/wp-content\/uploads\/2024\/09\/vie-associative-1-150x150.jpg","caption":"Julien"},"description":"Je suis Julien, r\u00e9dacteur pour Vie Associative. Passionn\u00e9 par le monde associatif depuis plus de 10 ans, j'ai \u00e0 c\u0153ur de partager des histoires inspirantes et de mettre en lumi\u00e8re les initiatives locales. Mon objectif est de sensibiliser et d'encourager l'engagement communautaire \u00e0 travers mes articles.","sameAs":["https:\/\/vieassociative.be\/"]}]}},"_links":{"self":[{"href":"https:\/\/vieassociative.be\/actualites\/wp-json\/wp\/v2\/posts\/8872"}],"collection":[{"href":"https:\/\/vieassociative.be\/actualites\/wp-json\/wp\/v2\/posts"}],"about":[{"href":"https:\/\/vieassociative.be\/actualites\/wp-json\/wp\/v2\/types\/post"}],"author":[{"embeddable":true,"href":"https:\/\/vieassociative.be\/actualites\/wp-json\/wp\/v2\/users\/1"}],"replies":[{"embeddable":true,"href":"https:\/\/vieassociative.be\/actualites\/wp-json\/wp\/v2\/comments?post=8872"}],"version-history":[{"count":0,"href":"https:\/\/vieassociative.be\/actualites\/wp-json\/wp\/v2\/posts\/8872\/revisions"}],"wp:featuredmedia":[{"embeddable":true,"href":"https:\/\/vieassociative.be\/actualites\/wp-json\/wp\/v2\/media\/8873"}],"wp:attachment":[{"href":"https:\/\/vieassociative.be\/actualites\/wp-json\/wp\/v2\/media?parent=8872"}],"wp:term":[{"taxonomy":"category","embeddable":true,"href":"https:\/\/vieassociative.be\/actualites\/wp-json\/wp\/v2\/categories?post=8872"},{"taxonomy":"post_tag","embeddable":true,"href":"https:\/\/vieassociative.be\/actualites\/wp-json\/wp\/v2\/tags?post=8872"}],"curies":[{"name":"wp","href":"https:\/\/api.w.org\/{rel}","templated":true}]}}