{"id":8870,"date":"2025-07-19T22:18:16","date_gmt":"2025-07-19T20:18:16","guid":{"rendered":"https:\/\/vieassociative.be\/actualites\/wolfgang-grupp-admet-une-tentative-de-se-suicider-et-de-faire-une-depression-de-lage-sur-le-sujet\/"},"modified":"2025-07-19T22:18:16","modified_gmt":"2025-07-19T20:18:16","slug":"wolfgang-grupp-admet-une-tentative-de-se-suicider-et-de-faire-une-depression-de-lage-sur-le-sujet","status":"publish","type":"post","link":"https:\/\/vieassociative.be\/actualites\/wolfgang-grupp-admet-une-tentative-de-se-suicider-et-de-faire-une-depression-de-lage-sur-le-sujet\/","title":{"rendered":"Wolfgang Grupp admet une tentative de se suicider et de faire une d\u00e9pression de l&rsquo;\u00e2ge sur le sujet"},"content":{"rendered":"<p><strong>L&rsquo;ancien patron de Trigema, Wolfgang Grupp, qui est \u00e9galement connu \u00e0 la t\u00e9l\u00e9vision allemande en raison de ses spots t\u00e9l\u00e9vis\u00e9s embl\u00e9matiques en Belgique orientale, a tent\u00e9 de se suicider. Son sort attire l&rsquo;attention sur le sujet de la d\u00e9pression de l&rsquo;\u00e2ge.<\/strong><\/p>\n<p><span id=\"more-420371\"><\/span>\u00ab\u00a0J&rsquo;ai 84 ans et j&rsquo;ai souffert de la d\u00e9pression dite de l&rsquo;\u00e2ge. (&#8230;) J&rsquo;ai \u00e9galement essay\u00e9 de mettre fin \u00e0 ma vie\u00a0\u00bb, a \u00e9crit l&rsquo;homme de 83 ans dans une lettre \u00e0 son ancien employ\u00e9, qui est pr\u00e9sent \u00e0 l&rsquo;agence de presse allemande. Il avait pens\u00e9 s&rsquo;il \u00e9tait encore n\u00e9cessaire. Il regrette beaucoup ce qui s&rsquo;est pass\u00e9 et aimerait le d\u00e9faire, \u00e9crit l&rsquo;entrepreneur de Burladingen, Swabian.<\/p>\n<\/p>\n<div id=\"attachment_420433\" class=\"wp-caption alignleft\" style=\"max-width: 300px\"><img fetchpriority=\"high\" decoding=\"async\" class=\"wp-image-420433 size-medium\" src=\"https:\/\/vieassociative.be\/actualites\/wp-content\/uploads\/2025\/07\/Wolfgang-Grupp-admet-une-tentative-de-se-suicider-et-de.jpg\" alt=\"\" width=\"300\" height=\"191\"><\/p>\n<p class=\"wp-caption-text\">05.11.2020, Bade-W\u00fcrtemberg, Burladingen: Wolfgang Grupp, directeur g\u00e9n\u00e9ral de la soci\u00e9t\u00e9 textile Trigema, se trouve sous une s\u00e9rie de portraits que montre sa femme, lui et ses parents. Photo: Sebastian Gollnow \/ DPA<\/p>\n<\/div>\n<p>Selon les circonstances, il se porte bien, ses remerciements vont \u00e0 tous les m\u00e9decins, le personnel de sauvetage et les soins infirmiers, \u00e9crit Grupp dans la lettre. \u00ab\u00a0Cela peut prendre un peu plus de temps avant que je ne sois \u00e0 nouveau enti\u00e8rement en bonne sant\u00e9.\u00a0\u00bb Grupp a fait appel \u00e0 d&rsquo;autres personnes souffrant de d\u00e9pression: \u00ab\u00a0Rechercher une aide professionnelle et aller au traitement.\u00a0\u00bb<\/p>\n<p><strong>&#8211; Qu&rsquo;est-ce que la d\u00e9pression d&rsquo;\u00e2ge?<\/strong> La d\u00e9pression de l&rsquo;\u00e2ge plus avanc\u00e9 est mentionn\u00e9e que la d\u00e9pression d&rsquo;\u00e2ge &#8211; celles-ci diff\u00e8rent d&rsquo;une autre d\u00e9pression. Les jeunes touch\u00e9s sont principalement d\u00e9prim\u00e9s et sans conduite. Dans le cas des personnes \u00e2g\u00e9es, en revanche, la maladie se manifeste souvent par des plaintes physiques.<\/p>\n<p>En cons\u00e9quence, 20% des personnes souffrent de d\u00e9pression dans la vieillesse. Chez les personnes qui vivent dans des maisons de soins infirmiers et des soins infirmiers, le nombre est m\u00eame de 30 \u00e0 40%. En plus de la d\u00e9mence, la d\u00e9pression est la maladie mentale la plus courante dans la vieillesse. Les d\u00e9clencheurs sont, par exemple, la pension, la perte de personnes importantes ou de maladies graves.<\/p>\n<\/p>\n<div id=\"attachment_420434\" class=\"wp-caption alignleft\" style=\"max-width: 300px\"><img decoding=\"async\" class=\"wp-image-420434 size-medium\" src=\"https:\/\/vieassociative.be\/actualites\/wp-content\/uploads\/2025\/07\/1752956296_185_Wolfgang-Grupp-admet-une-tentative-de-se-suicider-et-de.jpg\" alt=\"\" width=\"300\" height=\"193\"><\/p>\n<p class=\"wp-caption-text\">22.10.2024, Bade-W\u00fcrttemberg, Burladingen: Le groupe familial du fabricant textile Trigema (VL) Wolfgang Grupp Junior (fils), Elisabeth (M\u00e8re) et Wolfgang (p\u00e8re) et Bonita (fille) sont dans l&rsquo;entrep\u00f4t pour les balles en tissu en 2024. Photo: Bernd Wei\u00dfbrod \/ Dpa<\/p>\n<\/div>\n<p><strong>&#8211; S\u00e9jour de la clinique pour les jours:<\/strong><br \/>\n Au d\u00e9but de la semaine derni\u00e8re, il est devenu connu que Grupp \u00e9tait dans un h\u00f4pital. Trigema n&rsquo;avait comment\u00e9 la sant\u00e9 de Grupp Senior une seule fois apr\u00e8s que le s\u00e9jour \u00e0 l&rsquo;h\u00f4pital \u00e9tait connu. C&rsquo;\u00e9tait bon pour son \u00e2ge, a-t-il dit \u00e0 l&rsquo;\u00e9poque. Depuis lors, une porte-parole n&rsquo;avait pas donn\u00e9 plus d&rsquo;informations et a soulign\u00e9 que l&rsquo;on communiquerait \u00e0 nouveau en temps voulu.<\/p>\n<p>Quelle que soit l&rsquo;entreprise, la police avait confirm\u00e9 une affectation \u00e0 Burladingen \u00e0 l&rsquo;\u00e9poque &#8211; le lieu de r\u00e9sidence de Grupp. En cons\u00e9quence, une personne bless\u00e9e d&rsquo;un appartement priv\u00e9 a \u00e9t\u00e9 emmen\u00e9e \u00e0 l&rsquo;h\u00f4pital avec l&rsquo;h\u00e9licopt\u00e8re de sauvetage. La police ne voulait pas donner de d\u00e9tails. Les fonctionnaires \u00e9taient sur place et n&rsquo;avaient trouv\u00e9 aucune participation externe et aucune infraction p\u00e9nale. Il n&rsquo;y a donc aucune raison d&rsquo;une enqu\u00eate.<\/p>\n<p><strong>&#8211; Grupp a men\u00e9 Trigema plus de 50 ans:<\/strong> L&rsquo;entrepreneur textile Wolfgang Grupp est n\u00e9 \u00e0 Burladingen en 1942. La ville est situ\u00e9e sur l&rsquo;ALB Swaban (Zollernalbkreis) et compte un peu plus de 12 000 habitants. En 1969, Grupp a repris la soci\u00e9t\u00e9 fond\u00e9e par son grand-p\u00e8re. Il a conduit Trigema hors des nombres rouges avec une main de fer. Trigema est un fabricant de v\u00eatements de blanchisserie, de loisirs et de sport et annonce 100% \u00ab\u00a0Made in Allemagne\u00a0\u00bb. En 2023, le chiffre d&rsquo;affaires de la production \u00e9tait de 129,3 millions d&rsquo;euros, le nombre d&#8217;employ\u00e9s \u00e0 un bon 1140.<\/p>\n<p>Dans sa lettre, Grupp \u00e9crit: \u00ab\u00a0J&rsquo;ai essay\u00e9 de mettre toute ma vie au service de Trigema et la lutte pour les int\u00e9r\u00eats de l&rsquo;\u00e9conomie et de la classe moyenne en Allemagne. Je sais que j&rsquo;\u00e9tais souvent inconfortable, mais je suis reconnaissant pour ce que j&rsquo;ai \u00e9t\u00e9 autoris\u00e9 \u00e0 r\u00e9aliser et \u00e0 exp\u00e9rimenter.\u00a0\u00bb<\/p>\n<\/p>\n<div id=\"attachment_420435\" class=\"wp-caption alignleft\" style=\"max-width: 300px\"><img decoding=\"async\" class=\"wp-image-420435 size-medium\" src=\"https:\/\/vieassociative.be\/actualites\/wp-content\/uploads\/2025\/07\/1752956296_896_Wolfgang-Grupp-admet-une-tentative-de-se-suicider-et-de.jpg\" alt=\"\" width=\"300\" height=\"200\"><\/p>\n<p class=\"wp-caption-text\">16\/04\/2019, Bade-W\u00fcrttemberg, Burladingen: Un singe en plastique gonflable se trouve sur un toit de la soci\u00e9t\u00e9 textile Trigema. Photo: Sebastian Gollnow \/ DPA<\/p>\n<\/div>\n<p>Au d\u00e9but de 2024, Grupp a nettoy\u00e9 la position principale et a lib\u00e9r\u00e9 la direction de son fils Wolfgang Grupp Junior et de sa fille Bonita. Les deux enfants avaient d\u00e9j\u00e0 travaill\u00e9 dans l&rsquo;entreprise. Grupp Junior a expliqu\u00e9 la division des t\u00e2ches \u00e0 la fin de 2024: \u00ab\u00a0Ma s\u0153ur s&rsquo;occupe du personnel, du commerce \u00e9lectronique et du marketing. Ma m\u00e8re est responsable des transactions de test. Je suis responsable de la zone B2B, de la vente, de la logistique et de l&rsquo;informatique.\u00a0\u00bb<\/p>\n<p>Grupp Senior est consid\u00e9r\u00e9 comme l&rsquo;un des marchands les plus distingu\u00e9s et les plus \u00e9blouissants en Allemagne. Il est devenu connu \u00e0 travers des spots t\u00e9l\u00e9vis\u00e9s embl\u00e9matiques. Dans ces derniers, un chimpanz\u00e9 dans la chemise blanche et avec un lien noir d\u00e9guis\u00e9 en un orateur de nouvelles a fait campagne pour l&rsquo;entreprise de taille moyenne. L&rsquo;animal vivant a maintenant \u00e9t\u00e9 remplac\u00e9 par une animation informatique.<\/p>\n<p>Grupp Senior est connu non seulement \u00e0 cause des spots t\u00e9l\u00e9vis\u00e9s embl\u00e9matiques avec les chimpanz\u00e9s. L&rsquo;ancien propri\u00e9taire unique de Trigema \u00e9tait \u00e9galement souvent invit\u00e9 dans des talk-shows. L\u00e0, il a critiqu\u00e9 une m\u00e9galomanie de certains entrepreneurs et a exig\u00e9 une responsabilit\u00e9 personnelle pour tous les patrons: \u00ab\u00a0Nous avons \u00e0 nouveau besoin des entrepreneurs en responsabilit\u00e9, de la discipline et de la fonction du mod\u00e8le.\u00a0\u00bb (DPA \/ CRE)<\/p>\n","protected":false},"excerpt":{"rendered":"<p>L&rsquo;ancien patron de Trigema, Wolfgang Grupp, qui est \u00e9galement connu \u00e0 la t\u00e9l\u00e9vision allemande en raison de ses spots t\u00e9l\u00e9vis\u00e9s embl\u00e9matiques en Belgique orientale, a<\/p>\n","protected":false},"author":1,"featured_media":8871,"comment_status":"","ping_status":"","sticky":false,"template":"","format":"standard","meta":{"footnotes":""},"categories":[298],"tags":[7453,3806,127,7826,501,7827,526,33,7155,110,7825],"class_list":["post-8870","post","type-post","status-publish","format-standard","has-post-thumbnail","hentry","category-belgique","tag-admet","tag-depression","tag-faire","tag-grupp","tag-lage","tag-suicider","tag-sujet","tag-sur","tag-tentative","tag-une","tag-wolfgang","generate-columns","tablet-grid-50","mobile-grid-100","grid-parent","grid-33"],"yoast_head":"<!-- This site is optimized with the Yoast SEO plugin v24.0 - https:\/\/yoast.com\/wordpress\/plugins\/seo\/ -->\n<title>Wolfgang Grupp admet une tentative de se suicider et de faire une d\u00e9pression de l&#039;\u00e2ge sur le sujet | Vie Associative<\/title>\n<meta name=\"robots\" content=\"index, follow, max-snippet:-1, max-image-preview:large, max-video-preview:-1\" \/>\n<link rel=\"canonical\" href=\"https:\/\/vieassociative.be\/actualites\/wolfgang-grupp-admet-une-tentative-de-se-suicider-et-de-faire-une-depression-de-lage-sur-le-sujet\/\" \/>\n<meta property=\"og:locale\" content=\"fr_FR\" \/>\n<meta property=\"og:type\" content=\"article\" \/>\n<meta property=\"og:title\" content=\"Wolfgang Grupp admet une tentative de se suicider et de faire une d\u00e9pression de l&#039;\u00e2ge sur le sujet | Vie Associative\" \/>\n<meta property=\"og:description\" content=\"L&rsquo;ancien patron de Trigema, Wolfgang Grupp, qui est \u00e9galement connu \u00e0 la t\u00e9l\u00e9vision allemande en raison de ses spots t\u00e9l\u00e9vis\u00e9s embl\u00e9matiques en Belgique orientale, a\" \/>\n<meta property=\"og:url\" content=\"https:\/\/vieassociative.be\/actualites\/wolfgang-grupp-admet-une-tentative-de-se-suicider-et-de-faire-une-depression-de-lage-sur-le-sujet\/\" \/>\n<meta property=\"og:site_name\" content=\"Vie Associative\" \/>\n<meta property=\"article:published_time\" content=\"2025-07-19T20:18:16+00:00\" \/>\n<meta property=\"og:image\" content=\"https:\/\/vieassociative.be\/actualites\/wp-content\/uploads\/2024\/09\/header_backgroundk-01-e1726694325946.png\" \/>\n\t<meta property=\"og:image:width\" content=\"279\" \/>\n\t<meta property=\"og:image:height\" content=\"92\" \/>\n\t<meta property=\"og:image:type\" content=\"image\/png\" \/>\n<meta name=\"author\" content=\"Julien\" \/>\n<meta name=\"twitter:card\" content=\"summary_large_image\" \/>\n<meta name=\"twitter:label1\" content=\"\u00c9crit par\" \/>\n\t<meta name=\"twitter:data1\" content=\"Julien\" \/>\n\t<meta name=\"twitter:label2\" content=\"Dur\u00e9e de lecture est.\" \/>\n\t<meta name=\"twitter:data2\" content=\"5 minutes\" \/>\n<script type=\"application\/ld+json\" class=\"yoast-schema-graph\">{\"@context\":\"https:\/\/schema.org\",\"@graph\":[{\"@type\":\"Article\",\"@id\":\"https:\/\/vieassociative.be\/actualites\/wolfgang-grupp-admet-une-tentative-de-se-suicider-et-de-faire-une-depression-de-lage-sur-le-sujet\/#article\",\"isPartOf\":{\"@id\":\"https:\/\/vieassociative.be\/actualites\/wolfgang-grupp-admet-une-tentative-de-se-suicider-et-de-faire-une-depression-de-lage-sur-le-sujet\/\"},\"author\":{\"name\":\"Julien\",\"@id\":\"https:\/\/vieassociative.be\/actualites\/#\/schema\/person\/b87ac4f82f9d4e7b7cec7395b679edc4\"},\"headline\":\"Wolfgang Grupp admet une tentative de se suicider et de faire une d\u00e9pression de l&rsquo;\u00e2ge sur le sujet\",\"datePublished\":\"2025-07-19T20:18:16+00:00\",\"dateModified\":\"2025-07-19T20:18:16+00:00\",\"mainEntityOfPage\":{\"@id\":\"https:\/\/vieassociative.be\/actualites\/wolfgang-grupp-admet-une-tentative-de-se-suicider-et-de-faire-une-depression-de-lage-sur-le-sujet\/\"},\"wordCount\":1001,\"publisher\":{\"@id\":\"https:\/\/vieassociative.be\/actualites\/#organization\"},\"image\":{\"@id\":\"https:\/\/vieassociative.be\/actualites\/wolfgang-grupp-admet-une-tentative-de-se-suicider-et-de-faire-une-depression-de-lage-sur-le-sujet\/#primaryimage\"},\"thumbnailUrl\":\"https:\/\/vieassociative.be\/actualites\/wp-content\/uploads\/2025\/07\/1752956296_Wolfgang-Grupp-admet-une-tentative-de-se-suicider-et-de.jpg\",\"keywords\":[\"admet\",\"d\u00e9pression\",\"faire\",\"Grupp\",\"l\u00e2ge\",\"suicider\",\"sujet\",\"sur\",\"tentative\",\"une\",\"Wolfgang\"],\"articleSection\":[\"Belgique\"],\"inLanguage\":\"fr-BE\"},{\"@type\":\"WebPage\",\"@id\":\"https:\/\/vieassociative.be\/actualites\/wolfgang-grupp-admet-une-tentative-de-se-suicider-et-de-faire-une-depression-de-lage-sur-le-sujet\/\",\"url\":\"https:\/\/vieassociative.be\/actualites\/wolfgang-grupp-admet-une-tentative-de-se-suicider-et-de-faire-une-depression-de-lage-sur-le-sujet\/\",\"name\":\"Wolfgang Grupp admet une tentative de se suicider et de faire une d\u00e9pression de l'\u00e2ge sur le sujet | Vie Associative\",\"isPartOf\":{\"@id\":\"https:\/\/vieassociative.be\/actualites\/#website\"},\"primaryImageOfPage\":{\"@id\":\"https:\/\/vieassociative.be\/actualites\/wolfgang-grupp-admet-une-tentative-de-se-suicider-et-de-faire-une-depression-de-lage-sur-le-sujet\/#primaryimage\"},\"image\":{\"@id\":\"https:\/\/vieassociative.be\/actualites\/wolfgang-grupp-admet-une-tentative-de-se-suicider-et-de-faire-une-depression-de-lage-sur-le-sujet\/#primaryimage\"},\"thumbnailUrl\":\"https:\/\/vieassociative.be\/actualites\/wp-content\/uploads\/2025\/07\/1752956296_Wolfgang-Grupp-admet-une-tentative-de-se-suicider-et-de.jpg\",\"datePublished\":\"2025-07-19T20:18:16+00:00\",\"dateModified\":\"2025-07-19T20:18:16+00:00\",\"breadcrumb\":{\"@id\":\"https:\/\/vieassociative.be\/actualites\/wolfgang-grupp-admet-une-tentative-de-se-suicider-et-de-faire-une-depression-de-lage-sur-le-sujet\/#breadcrumb\"},\"inLanguage\":\"fr-BE\",\"potentialAction\":[{\"@type\":\"ReadAction\",\"target\":[\"https:\/\/vieassociative.be\/actualites\/wolfgang-grupp-admet-une-tentative-de-se-suicider-et-de-faire-une-depression-de-lage-sur-le-sujet\/\"]}]},{\"@type\":\"ImageObject\",\"inLanguage\":\"fr-BE\",\"@id\":\"https:\/\/vieassociative.be\/actualites\/wolfgang-grupp-admet-une-tentative-de-se-suicider-et-de-faire-une-depression-de-lage-sur-le-sujet\/#primaryimage\",\"url\":\"https:\/\/vieassociative.be\/actualites\/wp-content\/uploads\/2025\/07\/1752956296_Wolfgang-Grupp-admet-une-tentative-de-se-suicider-et-de.jpg\",\"contentUrl\":\"https:\/\/vieassociative.be\/actualites\/wp-content\/uploads\/2025\/07\/1752956296_Wolfgang-Grupp-admet-une-tentative-de-se-suicider-et-de.jpg\",\"width\":1200,\"height\":775,\"caption\":\"Wolfgang Grupp admet une tentative de se suicider et de faire une d\u00e9pression de l'\u00e2ge sur le sujet\"},{\"@type\":\"BreadcrumbList\",\"@id\":\"https:\/\/vieassociative.be\/actualites\/wolfgang-grupp-admet-une-tentative-de-se-suicider-et-de-faire-une-depression-de-lage-sur-le-sujet\/#breadcrumb\",\"itemListElement\":[{\"@type\":\"ListItem\",\"position\":1,\"name\":\"Accueil\",\"item\":\"https:\/\/vieassociative.be\/actualites\/\"},{\"@type\":\"ListItem\",\"position\":2,\"name\":\"Wolfgang Grupp admet une tentative de se suicider et de faire une d\u00e9pression de l&rsquo;\u00e2ge sur le sujet\"}]},{\"@type\":\"WebSite\",\"@id\":\"https:\/\/vieassociative.be\/actualites\/#website\",\"url\":\"https:\/\/vieassociative.be\/actualites\/\",\"name\":\"Vie Associative\",\"description\":\"\",\"publisher\":{\"@id\":\"https:\/\/vieassociative.be\/actualites\/#organization\"},\"potentialAction\":[{\"@type\":\"SearchAction\",\"target\":{\"@type\":\"EntryPoint\",\"urlTemplate\":\"https:\/\/vieassociative.be\/actualites\/?s={search_term_string}\"},\"query-input\":{\"@type\":\"PropertyValueSpecification\",\"valueRequired\":true,\"valueName\":\"search_term_string\"}}],\"inLanguage\":\"fr-BE\"},{\"@type\":\"Organization\",\"@id\":\"https:\/\/vieassociative.be\/actualites\/#organization\",\"name\":\"Vie Associative\",\"url\":\"https:\/\/vieassociative.be\/actualites\/\",\"logo\":{\"@type\":\"ImageObject\",\"inLanguage\":\"fr-BE\",\"@id\":\"https:\/\/vieassociative.be\/actualites\/#\/schema\/logo\/image\/\",\"url\":\"https:\/\/vieassociative.be\/actualites\/wp-content\/uploads\/2024\/09\/cropped-vieassociative_favicon.ico.png\",\"contentUrl\":\"https:\/\/vieassociative.be\/actualites\/wp-content\/uploads\/2024\/09\/cropped-vieassociative_favicon.ico.png\",\"width\":512,\"height\":512,\"caption\":\"Vie Associative\"},\"image\":{\"@id\":\"https:\/\/vieassociative.be\/actualites\/#\/schema\/logo\/image\/\"}},{\"@type\":\"Person\",\"@id\":\"https:\/\/vieassociative.be\/actualites\/#\/schema\/person\/b87ac4f82f9d4e7b7cec7395b679edc4\",\"name\":\"Julien\",\"image\":{\"@type\":\"ImageObject\",\"inLanguage\":\"fr-BE\",\"@id\":\"https:\/\/vieassociative.be\/actualites\/#\/schema\/person\/image\/\",\"url\":\"https:\/\/vieassociative.be\/actualites\/wp-content\/uploads\/2024\/09\/vie-associative-1-150x150.jpg\",\"contentUrl\":\"https:\/\/vieassociative.be\/actualites\/wp-content\/uploads\/2024\/09\/vie-associative-1-150x150.jpg\",\"caption\":\"Julien\"},\"description\":\"Je suis Julien, r\u00e9dacteur pour Vie Associative. Passionn\u00e9 par le monde associatif depuis plus de 10 ans, j'ai \u00e0 c\u0153ur de partager des histoires inspirantes et de mettre en lumi\u00e8re les initiatives locales. Mon objectif est de sensibiliser et d'encourager l'engagement communautaire \u00e0 travers mes articles.\",\"sameAs\":[\"https:\/\/vieassociative.be\/\"]}]}<\/script>\n<!-- \/ Yoast SEO plugin. -->","yoast_head_json":{"title":"Wolfgang Grupp admet une tentative de se suicider et de faire une d\u00e9pression de l'\u00e2ge sur le sujet | Vie Associative","robots":{"index":"index","follow":"follow","max-snippet":"max-snippet:-1","max-image-preview":"max-image-preview:large","max-video-preview":"max-video-preview:-1"},"canonical":"https:\/\/vieassociative.be\/actualites\/wolfgang-grupp-admet-une-tentative-de-se-suicider-et-de-faire-une-depression-de-lage-sur-le-sujet\/","og_locale":"fr_FR","og_type":"article","og_title":"Wolfgang Grupp admet une tentative de se suicider et de faire une d\u00e9pression de l'\u00e2ge sur le sujet | Vie Associative","og_description":"L&rsquo;ancien patron de Trigema, Wolfgang Grupp, qui est \u00e9galement connu \u00e0 la t\u00e9l\u00e9vision allemande en raison de ses spots t\u00e9l\u00e9vis\u00e9s embl\u00e9matiques en Belgique orientale, a","og_url":"https:\/\/vieassociative.be\/actualites\/wolfgang-grupp-admet-une-tentative-de-se-suicider-et-de-faire-une-depression-de-lage-sur-le-sujet\/","og_site_name":"Vie Associative","article_published_time":"2025-07-19T20:18:16+00:00","og_image":[{"width":279,"height":92,"url":"https:\/\/vieassociative.be\/actualites\/wp-content\/uploads\/2024\/09\/header_backgroundk-01-e1726694325946.png","type":"image\/png"}],"author":"Julien","twitter_card":"summary_large_image","twitter_misc":{"\u00c9crit par":"Julien","Dur\u00e9e de lecture est.":"5 minutes"},"schema":{"@context":"https:\/\/schema.org","@graph":[{"@type":"Article","@id":"https:\/\/vieassociative.be\/actualites\/wolfgang-grupp-admet-une-tentative-de-se-suicider-et-de-faire-une-depression-de-lage-sur-le-sujet\/#article","isPartOf":{"@id":"https:\/\/vieassociative.be\/actualites\/wolfgang-grupp-admet-une-tentative-de-se-suicider-et-de-faire-une-depression-de-lage-sur-le-sujet\/"},"author":{"name":"Julien","@id":"https:\/\/vieassociative.be\/actualites\/#\/schema\/person\/b87ac4f82f9d4e7b7cec7395b679edc4"},"headline":"Wolfgang Grupp admet une tentative de se suicider et de faire une d\u00e9pression de l&rsquo;\u00e2ge sur le sujet","datePublished":"2025-07-19T20:18:16+00:00","dateModified":"2025-07-19T20:18:16+00:00","mainEntityOfPage":{"@id":"https:\/\/vieassociative.be\/actualites\/wolfgang-grupp-admet-une-tentative-de-se-suicider-et-de-faire-une-depression-de-lage-sur-le-sujet\/"},"wordCount":1001,"publisher":{"@id":"https:\/\/vieassociative.be\/actualites\/#organization"},"image":{"@id":"https:\/\/vieassociative.be\/actualites\/wolfgang-grupp-admet-une-tentative-de-se-suicider-et-de-faire-une-depression-de-lage-sur-le-sujet\/#primaryimage"},"thumbnailUrl":"https:\/\/vieassociative.be\/actualites\/wp-content\/uploads\/2025\/07\/1752956296_Wolfgang-Grupp-admet-une-tentative-de-se-suicider-et-de.jpg","keywords":["admet","d\u00e9pression","faire","Grupp","l\u00e2ge","suicider","sujet","sur","tentative","une","Wolfgang"],"articleSection":["Belgique"],"inLanguage":"fr-BE"},{"@type":"WebPage","@id":"https:\/\/vieassociative.be\/actualites\/wolfgang-grupp-admet-une-tentative-de-se-suicider-et-de-faire-une-depression-de-lage-sur-le-sujet\/","url":"https:\/\/vieassociative.be\/actualites\/wolfgang-grupp-admet-une-tentative-de-se-suicider-et-de-faire-une-depression-de-lage-sur-le-sujet\/","name":"Wolfgang Grupp admet une tentative de se suicider et de faire une d\u00e9pression de l'\u00e2ge sur le sujet | Vie Associative","isPartOf":{"@id":"https:\/\/vieassociative.be\/actualites\/#website"},"primaryImageOfPage":{"@id":"https:\/\/vieassociative.be\/actualites\/wolfgang-grupp-admet-une-tentative-de-se-suicider-et-de-faire-une-depression-de-lage-sur-le-sujet\/#primaryimage"},"image":{"@id":"https:\/\/vieassociative.be\/actualites\/wolfgang-grupp-admet-une-tentative-de-se-suicider-et-de-faire-une-depression-de-lage-sur-le-sujet\/#primaryimage"},"thumbnailUrl":"https:\/\/vieassociative.be\/actualites\/wp-content\/uploads\/2025\/07\/1752956296_Wolfgang-Grupp-admet-une-tentative-de-se-suicider-et-de.jpg","datePublished":"2025-07-19T20:18:16+00:00","dateModified":"2025-07-19T20:18:16+00:00","breadcrumb":{"@id":"https:\/\/vieassociative.be\/actualites\/wolfgang-grupp-admet-une-tentative-de-se-suicider-et-de-faire-une-depression-de-lage-sur-le-sujet\/#breadcrumb"},"inLanguage":"fr-BE","potentialAction":[{"@type":"ReadAction","target":["https:\/\/vieassociative.be\/actualites\/wolfgang-grupp-admet-une-tentative-de-se-suicider-et-de-faire-une-depression-de-lage-sur-le-sujet\/"]}]},{"@type":"ImageObject","inLanguage":"fr-BE","@id":"https:\/\/vieassociative.be\/actualites\/wolfgang-grupp-admet-une-tentative-de-se-suicider-et-de-faire-une-depression-de-lage-sur-le-sujet\/#primaryimage","url":"https:\/\/vieassociative.be\/actualites\/wp-content\/uploads\/2025\/07\/1752956296_Wolfgang-Grupp-admet-une-tentative-de-se-suicider-et-de.jpg","contentUrl":"https:\/\/vieassociative.be\/actualites\/wp-content\/uploads\/2025\/07\/1752956296_Wolfgang-Grupp-admet-une-tentative-de-se-suicider-et-de.jpg","width":1200,"height":775,"caption":"Wolfgang Grupp admet une tentative de se suicider et de faire une d\u00e9pression de l'\u00e2ge sur le sujet"},{"@type":"BreadcrumbList","@id":"https:\/\/vieassociative.be\/actualites\/wolfgang-grupp-admet-une-tentative-de-se-suicider-et-de-faire-une-depression-de-lage-sur-le-sujet\/#breadcrumb","itemListElement":[{"@type":"ListItem","position":1,"name":"Accueil","item":"https:\/\/vieassociative.be\/actualites\/"},{"@type":"ListItem","position":2,"name":"Wolfgang Grupp admet une tentative de se suicider et de faire une d\u00e9pression de l&rsquo;\u00e2ge sur le sujet"}]},{"@type":"WebSite","@id":"https:\/\/vieassociative.be\/actualites\/#website","url":"https:\/\/vieassociative.be\/actualites\/","name":"Vie Associative","description":"","publisher":{"@id":"https:\/\/vieassociative.be\/actualites\/#organization"},"potentialAction":[{"@type":"SearchAction","target":{"@type":"EntryPoint","urlTemplate":"https:\/\/vieassociative.be\/actualites\/?s={search_term_string}"},"query-input":{"@type":"PropertyValueSpecification","valueRequired":true,"valueName":"search_term_string"}}],"inLanguage":"fr-BE"},{"@type":"Organization","@id":"https:\/\/vieassociative.be\/actualites\/#organization","name":"Vie Associative","url":"https:\/\/vieassociative.be\/actualites\/","logo":{"@type":"ImageObject","inLanguage":"fr-BE","@id":"https:\/\/vieassociative.be\/actualites\/#\/schema\/logo\/image\/","url":"https:\/\/vieassociative.be\/actualites\/wp-content\/uploads\/2024\/09\/cropped-vieassociative_favicon.ico.png","contentUrl":"https:\/\/vieassociative.be\/actualites\/wp-content\/uploads\/2024\/09\/cropped-vieassociative_favicon.ico.png","width":512,"height":512,"caption":"Vie Associative"},"image":{"@id":"https:\/\/vieassociative.be\/actualites\/#\/schema\/logo\/image\/"}},{"@type":"Person","@id":"https:\/\/vieassociative.be\/actualites\/#\/schema\/person\/b87ac4f82f9d4e7b7cec7395b679edc4","name":"Julien","image":{"@type":"ImageObject","inLanguage":"fr-BE","@id":"https:\/\/vieassociative.be\/actualites\/#\/schema\/person\/image\/","url":"https:\/\/vieassociative.be\/actualites\/wp-content\/uploads\/2024\/09\/vie-associative-1-150x150.jpg","contentUrl":"https:\/\/vieassociative.be\/actualites\/wp-content\/uploads\/2024\/09\/vie-associative-1-150x150.jpg","caption":"Julien"},"description":"Je suis Julien, r\u00e9dacteur pour Vie Associative. Passionn\u00e9 par le monde associatif depuis plus de 10 ans, j'ai \u00e0 c\u0153ur de partager des histoires inspirantes et de mettre en lumi\u00e8re les initiatives locales. Mon objectif est de sensibiliser et d'encourager l'engagement communautaire \u00e0 travers mes articles.","sameAs":["https:\/\/vieassociative.be\/"]}]}},"_links":{"self":[{"href":"https:\/\/vieassociative.be\/actualites\/wp-json\/wp\/v2\/posts\/8870"}],"collection":[{"href":"https:\/\/vieassociative.be\/actualites\/wp-json\/wp\/v2\/posts"}],"about":[{"href":"https:\/\/vieassociative.be\/actualites\/wp-json\/wp\/v2\/types\/post"}],"author":[{"embeddable":true,"href":"https:\/\/vieassociative.be\/actualites\/wp-json\/wp\/v2\/users\/1"}],"replies":[{"embeddable":true,"href":"https:\/\/vieassociative.be\/actualites\/wp-json\/wp\/v2\/comments?post=8870"}],"version-history":[{"count":0,"href":"https:\/\/vieassociative.be\/actualites\/wp-json\/wp\/v2\/posts\/8870\/revisions"}],"wp:featuredmedia":[{"embeddable":true,"href":"https:\/\/vieassociative.be\/actualites\/wp-json\/wp\/v2\/media\/8871"}],"wp:attachment":[{"href":"https:\/\/vieassociative.be\/actualites\/wp-json\/wp\/v2\/media?parent=8870"}],"wp:term":[{"taxonomy":"category","embeddable":true,"href":"https:\/\/vieassociative.be\/actualites\/wp-json\/wp\/v2\/categories?post=8870"},{"taxonomy":"post_tag","embeddable":true,"href":"https:\/\/vieassociative.be\/actualites\/wp-json\/wp\/v2\/tags?post=8870"}],"curies":[{"name":"wp","href":"https:\/\/api.w.org\/{rel}","templated":true}]}}