{"id":8868,"date":"2025-07-19T21:17:02","date_gmt":"2025-07-19T19:17:02","guid":{"rendered":"https:\/\/vieassociative.be\/actualites\/je-ne-suis-plus-multitache-pendant-les-entrainements-a-domicile-et-vous-ne-devriez-pas-non-plus\/"},"modified":"2025-07-19T21:17:02","modified_gmt":"2025-07-19T19:17:02","slug":"je-ne-suis-plus-multitache-pendant-les-entrainements-a-domicile-et-vous-ne-devriez-pas-non-plus","status":"publish","type":"post","link":"https:\/\/vieassociative.be\/actualites\/je-ne-suis-plus-multitache-pendant-les-entrainements-a-domicile-et-vous-ne-devriez-pas-non-plus\/","title":{"rendered":"Je ne suis plus multit\u00e2che pendant les entra\u00eenements \u00e0 domicile (et vous ne devriez pas non plus)"},"content":{"rendered":"<div class=\"mt-4 leading-6 md:mb-8\">M\u00e9fiez-vous de laisser votre esprit errer, m\u00eame pendant ces longues s\u00e9ances d&rsquo;entra\u00eenement fastidieuses.<\/div>\n<p><\/p>\n<p>J&rsquo;\u00e9tais un grand partisan de me distraire pendant que je m&rsquo;entra\u00eenais, surtout lorsque je fais du cardio, ce qui peut durer longtemps et me sentir fastidieux. M\u00eame si j&rsquo;ai recommand\u00e9 une telle approche plusieurs fois, j&rsquo;ai chang\u00e9 mon point de vue apr\u00e8s avoir regard\u00e9 un peu ma sortie et affiner mes objectifs. Je ne suis pas au-dessus d&rsquo;admettre l&rsquo;ancienne ne fonctionnait pas ou que j&rsquo;avais tort. Voici pourquoi je n&rsquo;essaie plus de me distraire pendant le cardio &#8211; et pourquoi vous devriez \u00e9galement envisager de vous arr\u00eater. <\/p>\n<h2 id=\"why-im-done-with-exercise-distractions\">Pourquoi j&rsquo;en ai fini avec les distractions de l&rsquo;exercice<\/h2>\n<p>Le multit\u00e2che ne fonctionne pas. Ce n&rsquo;est vraiment pas le cas: chaque fois que vous essayez de faire deux choses \u00e0 la fois, vous partagez l&rsquo;\u00e9nergie et le cerveau que vous pouvez consacrer aux deux, essentiellement \u00e0 moiti\u00e9 en les-assaisant en m\u00eame temps plut\u00f4t que, pardonnez-moi, en les assocant entiant un \u00e0 la fois. Il est tentant, bien s\u00fbr, de rechercher une distraction pendant que vous vous entra\u00eenez, surtout si vous courez ou faites un autre cardio fastidieux et \/ ou difficile. J&rsquo;\u00e9tais tout ce qui \u00e9tait \u00e0 ce sujet et j&rsquo;ai m\u00eame pass\u00e9 des ann\u00e9es \u00e0 suivre un syst\u00e8me o\u00f9 je ne me permettais de regarder mon programme t\u00e9l\u00e9vis\u00e9 pr\u00e9f\u00e9r\u00e9 que si j&rsquo;\u00e9tais \u00e9galement sur une machine elliptique ou un tapis roulant quand je l&rsquo;ai fait. J&rsquo;ai estim\u00e9 que l&rsquo;exercice distrait \u00e9tait meilleur que pas d&rsquo;exercice, ce qui est vrai, mais j&rsquo;ai commod\u00e9ment oubli\u00e9 de consid\u00e9rer que l&rsquo;exercice cibl\u00e9 est le meilleur dans l&rsquo;ensemble. <\/p>\n<p>Lorsque Peloton a annonc\u00e9 que les utilisateurs pouvaient regarder des vid\u00e9os YouTube tout en utilisant les v\u00e9los propri\u00e9taires de l&rsquo;entreprise, les tapis roulants et les machines \u00e0 rangs, j&rsquo;\u00e9tais initialement excit\u00e9 et j&rsquo;ai commenc\u00e9 \u00e0 le faire imm\u00e9diatement pour secouer la monotonie de simplement utiliser mon v\u00e9lo de peloton pour suivre des cours virtuels ou jouer \u00e0 la <em>Lanebreak<\/em> jeu cardio. Mais j&rsquo;ai remarqu\u00e9 assez rapidement que le temps que j&rsquo;ai pass\u00e9 \u00e0 p\u00e9daler tout en regardant des clips sur le grand \u00e9cran de mon appareil ne se sentait pas aussi \u00e9prouvants ou efficaces que le temps que j&rsquo;ai pass\u00e9 \u00e0 faire autre chose sur le v\u00e9lo. <\/p>\n<p>Plus t\u00f4t cette semaine, j&rsquo;ai t\u00e9l\u00e9charg\u00e9 une feuille de calcul de tous mes entra\u00eenements Peloton et examin\u00e9 les donn\u00e9es. Cela l&rsquo;a confirm\u00e9: les entra\u00eenements lorsque je regardais YouTube n&rsquo;\u00e9taient pas aussi efficaces que les autres cours et jeux. Dans un cas notable, j&rsquo;ai br\u00fbl\u00e9 seulement 57 calories dans une balade de 17 minutes sur YouTube. Que faisais-je m\u00eame? Ce n&rsquo;est pas clair; Je ne me souviens pas parce que j&rsquo;\u00e9tais absorb\u00e9 par des clips musicaux, mais selon mes donn\u00e9es, j&rsquo;avais mon bouton de r\u00e9sistance r\u00e9gl\u00e9 \u00e0 32%. Ma vitesse moyenne n&rsquo;\u00e9tait que de 10,8 miles par heure. D&rsquo;autres entra\u00eenements plus courts dans l&rsquo;ensemble de donn\u00e9es montrent beaucoup plus de br\u00fblure, de sortie, de r\u00e9sistance, de cadence, de vitesse et de distance. Fondamentalement, quand je me laisse distraire, mon cerveau a d\u00e9cid\u00e9 qu&rsquo;un peu d&rsquo;effort \u00e9tait assez bon. J&rsquo;ai automatiquement pris le chemin de la moindre r\u00e9sistance, litt\u00e9ralement. <\/p>\n<p>Mes objectifs pour s&rsquo;entra\u00eener \u00e9taient simplement en train de bouger et d&rsquo;\u00eatre un peu plus sain. Ce sont des objectifs totalement bons et super, mais les miens se sont d\u00e9plac\u00e9s au cours de la derni\u00e8re ann\u00e9e. Je mets maintenant des objectifs concr\u00e8tes pour une perte de poids sp\u00e9cifique, un gain musculaire et un d\u00e9veloppement des comp\u00e9tences, le tout avec des d\u00e9lais assez stricts. Rouler ou courir distrait ne m&rsquo;aide pas du tout \u00e0 atteindre ces objectifs et, si je le faisais assez souvent, je me retiendrais beaucoup. Les \u00e9tudes soutiennent que les distractions ont des effets n\u00e9gatifs sur votre sortie lorsque vous vous entra\u00eenez \u00e9galement, mais il y a une exception: l&rsquo;\u00e9coute de la musique peut vous faire travailler plus dur et mieux. Cela s&rsquo;aligne sur mes propres exp\u00e9riences, car lorsque j&rsquo;ai juste la bonne liste de lecture, je la tue &#8211; et cela se refl\u00e8te \u00e9galement dans mes donn\u00e9es Apple Watch.<\/p>\n<div class=\"pogoClear relative my-10 border-b-(1.5px) border-t-(1.5px) border-dashed border-black py-5 sm:my-14 sm:border-0 sm:py-0\" data-ga-click data-ga-template=\"Opinions\" data-ga-module=\"openweb_widget\" data-ga-element=\"openweb_scroll\" data-ga-item=\"openweb_scroll_midpage\" x-data=\"{\n         commentsCount: null,\n         hasComments: false,\n         async fetchCommentsCount() {\n             try {\n                 if (window.openweb &amp;&amp; typeof window.openweb.getMessagesCount === 'function') {\n                     this.commentsCount = await window.openweb.getMessagesCount('01K0FCH6Q1PZXQB357DZ38FTZB');\n                     this.hasComments = this.commentsCount !== null &amp;&amp; this.commentsCount &gt; 0;\n                 }\n             } catch (e) {\n                 console.warn('Failed to fetch comment count:', e);\n             }\n         }\n     }\" x-init=\"fetchCommentsCount()\" x-cloak><\/p>\n<div class=\"absolute top-1\/2 hidden w-full -translate-y-1\/2 border-t-(1.5px) border-dashed border-black sm:block\"><\/div>\n<div class=\"relative flex justify-center\">\n<div class=\"flex max-w-fit items-center gap-x-3 bg-white px-5\">\n<div class=\"relative\">\n                <span class=\"absolute left-1\/2 top-1\/2 -translate-x-1\/2 -translate-y-1\/2 font-akshar text-sm font-medium text-black\" aria-live=\"polite\" x-show=\"hasComments\" x-text=\"commentsCount\"><\/span><\/p>\n<p>                <svg class=\"h-8 w-8 text-black\" role=\"img\" aria-hidden=\"true\">\n                    <use href=\"http:\/\/lifehacker.com\/images\/icons\/spritemap.svg#sprite-chat-bubble\"><\/use>\n                <\/svg>\n            <\/div>\n<p>            <span class=\"text-sm font-medium text-black\"><\/p>\n<p>                Que pensez-vous jusqu&rsquo;\u00e0 pr\u00e9sent?<br \/>\n                <button class=\"ml-1 font-semibold text-brand-green underline hover:text-brand-green-700\" type=\"button\" aria-label=\"Comment section trigger\" onclick=\"window.openweb.scrollToComments('01K0FCH6Q1PZXQB357DZ38FTZB')\" x-text=\"hasComments ? 'Post a comment.' : 'Be the first to post a comment.'\"><\/button><br \/>\n            <\/span>\n        <\/div>\n<\/p><\/div>\n<\/div>\n<h2 id=\"when-distracted-workouts-can-work\">Lorsque les entra\u00eenements distraits peuvent fonctionner<\/h2>\n<p>Si votre objectif est simplement de vous motiver \u00e0 sauter sur le tapis roulant ou \u00e0 se promener plus souvent, les entra\u00eenements distraits pourraient \u00eatre utiles, du moins pour vous soulager dans la routine. La recherche montre qu&rsquo;une distraction agr\u00e9able peut augmenter les effets positifs de l&rsquo;exercice sur votre humeur, par exemple, donc si vous frappez le gymnase parce que cela vous fait vous sentir bien \u00e0 l&rsquo;int\u00e9rieur, \u00e0 regarder un peu <em>Droit et ordonnance<\/em> Ou \u00e9couter un podcast pendant que vous faites du jogging n&rsquo;est peut-\u00eatre pas la pire id\u00e9e. <\/p>\n<p>Mais si vous \u00eates motiv\u00e9 par le sentiment d&rsquo;avoir r\u00e9ellement mis le travail et de vous s\u00e9parer, pas seulement par le fait que vous avez fait quoi que ce soit, m\u00e9fiez-vous. En plus de r\u00e9duire la fr\u00e9quence cardiaque pendant le cardio, des distractions comme la t\u00e9l\u00e9vision peuvent \u00e9galement avoir un impact n\u00e9gatif sur votre effort per\u00e7u &#8211; ce qui m&rsquo;est arriv\u00e9 quand j&rsquo;ai remarqu\u00e9 que je me sentais un peu bla apr\u00e8s le v\u00e9lo avec YouTube. Si vous ne faites pas de l&rsquo;exercice \u00e0 une intensit\u00e9 plus \u00e9lev\u00e9e, vous pourriez perdre la motivation pour continuer sans r\u00e9aliser que tout ce que vous aviez \u00e0 faire \u00e9tait d&rsquo;\u00e9teindre le Netflix et de simplement z\u00e9ro dans votre course. <\/p>\n","protected":false},"excerpt":{"rendered":"<p>M\u00e9fiez-vous de laisser votre esprit errer, m\u00eame pendant ces longues s\u00e9ances d&rsquo;entra\u00eenement fastidieuses. J&rsquo;\u00e9tais un grand partisan de me distraire pendant que je m&rsquo;entra\u00eenais, surtout<\/p>\n","protected":false},"author":1,"featured_media":8869,"comment_status":"","ping_status":"","sticky":false,"template":"","format":"standard","meta":{"footnotes":""},"categories":[38],"tags":[636,2351,2095,14,7824,126,198,2985,4],"class_list":["post-8868","post","type-post","status-publish","format-standard","has-post-thumbnail","hentry","category-sante","tag-devriez","tag-domicile","tag-entrainements","tag-les","tag-multitache","tag-pas","tag-pendant","tag-suis","tag-vous","generate-columns","tablet-grid-50","mobile-grid-100","grid-parent","grid-33"],"yoast_head":"<!-- This site is optimized with the Yoast SEO plugin v24.0 - https:\/\/yoast.com\/wordpress\/plugins\/seo\/ -->\n<title>Je ne suis plus multit\u00e2che pendant les entra\u00eenements \u00e0 domicile (et vous ne devriez pas non plus) | Vie Associative<\/title>\n<meta name=\"robots\" content=\"index, follow, max-snippet:-1, max-image-preview:large, max-video-preview:-1\" \/>\n<link rel=\"canonical\" href=\"https:\/\/vieassociative.be\/actualites\/je-ne-suis-plus-multitache-pendant-les-entrainements-a-domicile-et-vous-ne-devriez-pas-non-plus\/\" \/>\n<meta property=\"og:locale\" content=\"fr_FR\" \/>\n<meta property=\"og:type\" content=\"article\" \/>\n<meta property=\"og:title\" content=\"Je ne suis plus multit\u00e2che pendant les entra\u00eenements \u00e0 domicile (et vous ne devriez pas non plus) | Vie Associative\" \/>\n<meta property=\"og:description\" content=\"M\u00e9fiez-vous de laisser votre esprit errer, m\u00eame pendant ces longues s\u00e9ances d&rsquo;entra\u00eenement fastidieuses. J&rsquo;\u00e9tais un grand partisan de me distraire pendant que je m&rsquo;entra\u00eenais, surtout\" \/>\n<meta property=\"og:url\" content=\"https:\/\/vieassociative.be\/actualites\/je-ne-suis-plus-multitache-pendant-les-entrainements-a-domicile-et-vous-ne-devriez-pas-non-plus\/\" \/>\n<meta property=\"og:site_name\" content=\"Vie Associative\" \/>\n<meta property=\"article:published_time\" content=\"2025-07-19T19:17:02+00:00\" \/>\n<meta property=\"og:image\" content=\"https:\/\/vieassociative.be\/actualites\/wp-content\/uploads\/2024\/09\/header_backgroundk-01-e1726694325946.png\" \/>\n\t<meta property=\"og:image:width\" content=\"279\" \/>\n\t<meta property=\"og:image:height\" content=\"92\" \/>\n\t<meta property=\"og:image:type\" content=\"image\/png\" \/>\n<meta name=\"author\" content=\"Julien\" \/>\n<meta name=\"twitter:card\" content=\"summary_large_image\" \/>\n<meta name=\"twitter:label1\" content=\"\u00c9crit par\" \/>\n\t<meta name=\"twitter:data1\" content=\"Julien\" \/>\n\t<meta name=\"twitter:label2\" content=\"Dur\u00e9e de lecture est.\" \/>\n\t<meta name=\"twitter:data2\" content=\"5 minutes\" \/>\n<script type=\"application\/ld+json\" class=\"yoast-schema-graph\">{\"@context\":\"https:\/\/schema.org\",\"@graph\":[{\"@type\":\"Article\",\"@id\":\"https:\/\/vieassociative.be\/actualites\/je-ne-suis-plus-multitache-pendant-les-entrainements-a-domicile-et-vous-ne-devriez-pas-non-plus\/#article\",\"isPartOf\":{\"@id\":\"https:\/\/vieassociative.be\/actualites\/je-ne-suis-plus-multitache-pendant-les-entrainements-a-domicile-et-vous-ne-devriez-pas-non-plus\/\"},\"author\":{\"name\":\"Julien\",\"@id\":\"https:\/\/vieassociative.be\/actualites\/#\/schema\/person\/b87ac4f82f9d4e7b7cec7395b679edc4\"},\"headline\":\"Je ne suis plus multit\u00e2che pendant les entra\u00eenements \u00e0 domicile (et vous ne devriez pas non plus)\",\"datePublished\":\"2025-07-19T19:17:02+00:00\",\"dateModified\":\"2025-07-19T19:17:02+00:00\",\"mainEntityOfPage\":{\"@id\":\"https:\/\/vieassociative.be\/actualites\/je-ne-suis-plus-multitache-pendant-les-entrainements-a-domicile-et-vous-ne-devriez-pas-non-plus\/\"},\"wordCount\":1022,\"publisher\":{\"@id\":\"https:\/\/vieassociative.be\/actualites\/#organization\"},\"image\":{\"@id\":\"https:\/\/vieassociative.be\/actualites\/je-ne-suis-plus-multitache-pendant-les-entrainements-a-domicile-et-vous-ne-devriez-pas-non-plus\/#primaryimage\"},\"thumbnailUrl\":\"https:\/\/vieassociative.be\/actualites\/wp-content\/uploads\/2025\/07\/Je-ne-suis-plus-multitache-pendant-les-entrainements-a-domicile.png\",\"keywords\":[\"devriez\",\"domicile\",\"entra\u00eenements\",\"Les\",\"multit\u00e2che\",\"pas\",\"pendant\",\"suis\",\"Vous\"],\"articleSection\":[\"Sant\u00e9\"],\"inLanguage\":\"fr-BE\"},{\"@type\":\"WebPage\",\"@id\":\"https:\/\/vieassociative.be\/actualites\/je-ne-suis-plus-multitache-pendant-les-entrainements-a-domicile-et-vous-ne-devriez-pas-non-plus\/\",\"url\":\"https:\/\/vieassociative.be\/actualites\/je-ne-suis-plus-multitache-pendant-les-entrainements-a-domicile-et-vous-ne-devriez-pas-non-plus\/\",\"name\":\"Je ne suis plus multit\u00e2che pendant les entra\u00eenements \u00e0 domicile (et vous ne devriez pas non plus) | Vie Associative\",\"isPartOf\":{\"@id\":\"https:\/\/vieassociative.be\/actualites\/#website\"},\"primaryImageOfPage\":{\"@id\":\"https:\/\/vieassociative.be\/actualites\/je-ne-suis-plus-multitache-pendant-les-entrainements-a-domicile-et-vous-ne-devriez-pas-non-plus\/#primaryimage\"},\"image\":{\"@id\":\"https:\/\/vieassociative.be\/actualites\/je-ne-suis-plus-multitache-pendant-les-entrainements-a-domicile-et-vous-ne-devriez-pas-non-plus\/#primaryimage\"},\"thumbnailUrl\":\"https:\/\/vieassociative.be\/actualites\/wp-content\/uploads\/2025\/07\/Je-ne-suis-plus-multitache-pendant-les-entrainements-a-domicile.png\",\"datePublished\":\"2025-07-19T19:17:02+00:00\",\"dateModified\":\"2025-07-19T19:17:02+00:00\",\"breadcrumb\":{\"@id\":\"https:\/\/vieassociative.be\/actualites\/je-ne-suis-plus-multitache-pendant-les-entrainements-a-domicile-et-vous-ne-devriez-pas-non-plus\/#breadcrumb\"},\"inLanguage\":\"fr-BE\",\"potentialAction\":[{\"@type\":\"ReadAction\",\"target\":[\"https:\/\/vieassociative.be\/actualites\/je-ne-suis-plus-multitache-pendant-les-entrainements-a-domicile-et-vous-ne-devriez-pas-non-plus\/\"]}]},{\"@type\":\"ImageObject\",\"inLanguage\":\"fr-BE\",\"@id\":\"https:\/\/vieassociative.be\/actualites\/je-ne-suis-plus-multitache-pendant-les-entrainements-a-domicile-et-vous-ne-devriez-pas-non-plus\/#primaryimage\",\"url\":\"https:\/\/vieassociative.be\/actualites\/wp-content\/uploads\/2025\/07\/Je-ne-suis-plus-multitache-pendant-les-entrainements-a-domicile.png\",\"contentUrl\":\"https:\/\/vieassociative.be\/actualites\/wp-content\/uploads\/2025\/07\/Je-ne-suis-plus-multitache-pendant-les-entrainements-a-domicile.png\",\"width\":1200,\"height\":675,\"caption\":\"Je ne suis plus multit\u00e2che pendant les entra\u00eenements \u00e0 domicile (et vous ne devriez pas non plus)\"},{\"@type\":\"BreadcrumbList\",\"@id\":\"https:\/\/vieassociative.be\/actualites\/je-ne-suis-plus-multitache-pendant-les-entrainements-a-domicile-et-vous-ne-devriez-pas-non-plus\/#breadcrumb\",\"itemListElement\":[{\"@type\":\"ListItem\",\"position\":1,\"name\":\"Accueil\",\"item\":\"https:\/\/vieassociative.be\/actualites\/\"},{\"@type\":\"ListItem\",\"position\":2,\"name\":\"Je ne suis plus multit\u00e2che pendant les entra\u00eenements \u00e0 domicile (et vous ne devriez pas non plus)\"}]},{\"@type\":\"WebSite\",\"@id\":\"https:\/\/vieassociative.be\/actualites\/#website\",\"url\":\"https:\/\/vieassociative.be\/actualites\/\",\"name\":\"Vie Associative\",\"description\":\"\",\"publisher\":{\"@id\":\"https:\/\/vieassociative.be\/actualites\/#organization\"},\"potentialAction\":[{\"@type\":\"SearchAction\",\"target\":{\"@type\":\"EntryPoint\",\"urlTemplate\":\"https:\/\/vieassociative.be\/actualites\/?s={search_term_string}\"},\"query-input\":{\"@type\":\"PropertyValueSpecification\",\"valueRequired\":true,\"valueName\":\"search_term_string\"}}],\"inLanguage\":\"fr-BE\"},{\"@type\":\"Organization\",\"@id\":\"https:\/\/vieassociative.be\/actualites\/#organization\",\"name\":\"Vie Associative\",\"url\":\"https:\/\/vieassociative.be\/actualites\/\",\"logo\":{\"@type\":\"ImageObject\",\"inLanguage\":\"fr-BE\",\"@id\":\"https:\/\/vieassociative.be\/actualites\/#\/schema\/logo\/image\/\",\"url\":\"https:\/\/vieassociative.be\/actualites\/wp-content\/uploads\/2024\/09\/cropped-vieassociative_favicon.ico.png\",\"contentUrl\":\"https:\/\/vieassociative.be\/actualites\/wp-content\/uploads\/2024\/09\/cropped-vieassociative_favicon.ico.png\",\"width\":512,\"height\":512,\"caption\":\"Vie Associative\"},\"image\":{\"@id\":\"https:\/\/vieassociative.be\/actualites\/#\/schema\/logo\/image\/\"}},{\"@type\":\"Person\",\"@id\":\"https:\/\/vieassociative.be\/actualites\/#\/schema\/person\/b87ac4f82f9d4e7b7cec7395b679edc4\",\"name\":\"Julien\",\"image\":{\"@type\":\"ImageObject\",\"inLanguage\":\"fr-BE\",\"@id\":\"https:\/\/vieassociative.be\/actualites\/#\/schema\/person\/image\/\",\"url\":\"https:\/\/vieassociative.be\/actualites\/wp-content\/uploads\/2024\/09\/vie-associative-1-150x150.jpg\",\"contentUrl\":\"https:\/\/vieassociative.be\/actualites\/wp-content\/uploads\/2024\/09\/vie-associative-1-150x150.jpg\",\"caption\":\"Julien\"},\"description\":\"Je suis Julien, r\u00e9dacteur pour Vie Associative. Passionn\u00e9 par le monde associatif depuis plus de 10 ans, j'ai \u00e0 c\u0153ur de partager des histoires inspirantes et de mettre en lumi\u00e8re les initiatives locales. Mon objectif est de sensibiliser et d'encourager l'engagement communautaire \u00e0 travers mes articles.\",\"sameAs\":[\"https:\/\/vieassociative.be\/\"]}]}<\/script>\n<!-- \/ Yoast SEO plugin. -->","yoast_head_json":{"title":"Je ne suis plus multit\u00e2che pendant les entra\u00eenements \u00e0 domicile (et vous ne devriez pas non plus) | Vie Associative","robots":{"index":"index","follow":"follow","max-snippet":"max-snippet:-1","max-image-preview":"max-image-preview:large","max-video-preview":"max-video-preview:-1"},"canonical":"https:\/\/vieassociative.be\/actualites\/je-ne-suis-plus-multitache-pendant-les-entrainements-a-domicile-et-vous-ne-devriez-pas-non-plus\/","og_locale":"fr_FR","og_type":"article","og_title":"Je ne suis plus multit\u00e2che pendant les entra\u00eenements \u00e0 domicile (et vous ne devriez pas non plus) | Vie Associative","og_description":"M\u00e9fiez-vous de laisser votre esprit errer, m\u00eame pendant ces longues s\u00e9ances d&rsquo;entra\u00eenement fastidieuses. J&rsquo;\u00e9tais un grand partisan de me distraire pendant que je m&rsquo;entra\u00eenais, surtout","og_url":"https:\/\/vieassociative.be\/actualites\/je-ne-suis-plus-multitache-pendant-les-entrainements-a-domicile-et-vous-ne-devriez-pas-non-plus\/","og_site_name":"Vie Associative","article_published_time":"2025-07-19T19:17:02+00:00","og_image":[{"width":279,"height":92,"url":"https:\/\/vieassociative.be\/actualites\/wp-content\/uploads\/2024\/09\/header_backgroundk-01-e1726694325946.png","type":"image\/png"}],"author":"Julien","twitter_card":"summary_large_image","twitter_misc":{"\u00c9crit par":"Julien","Dur\u00e9e de lecture est.":"5 minutes"},"schema":{"@context":"https:\/\/schema.org","@graph":[{"@type":"Article","@id":"https:\/\/vieassociative.be\/actualites\/je-ne-suis-plus-multitache-pendant-les-entrainements-a-domicile-et-vous-ne-devriez-pas-non-plus\/#article","isPartOf":{"@id":"https:\/\/vieassociative.be\/actualites\/je-ne-suis-plus-multitache-pendant-les-entrainements-a-domicile-et-vous-ne-devriez-pas-non-plus\/"},"author":{"name":"Julien","@id":"https:\/\/vieassociative.be\/actualites\/#\/schema\/person\/b87ac4f82f9d4e7b7cec7395b679edc4"},"headline":"Je ne suis plus multit\u00e2che pendant les entra\u00eenements \u00e0 domicile (et vous ne devriez pas non plus)","datePublished":"2025-07-19T19:17:02+00:00","dateModified":"2025-07-19T19:17:02+00:00","mainEntityOfPage":{"@id":"https:\/\/vieassociative.be\/actualites\/je-ne-suis-plus-multitache-pendant-les-entrainements-a-domicile-et-vous-ne-devriez-pas-non-plus\/"},"wordCount":1022,"publisher":{"@id":"https:\/\/vieassociative.be\/actualites\/#organization"},"image":{"@id":"https:\/\/vieassociative.be\/actualites\/je-ne-suis-plus-multitache-pendant-les-entrainements-a-domicile-et-vous-ne-devriez-pas-non-plus\/#primaryimage"},"thumbnailUrl":"https:\/\/vieassociative.be\/actualites\/wp-content\/uploads\/2025\/07\/Je-ne-suis-plus-multitache-pendant-les-entrainements-a-domicile.png","keywords":["devriez","domicile","entra\u00eenements","Les","multit\u00e2che","pas","pendant","suis","Vous"],"articleSection":["Sant\u00e9"],"inLanguage":"fr-BE"},{"@type":"WebPage","@id":"https:\/\/vieassociative.be\/actualites\/je-ne-suis-plus-multitache-pendant-les-entrainements-a-domicile-et-vous-ne-devriez-pas-non-plus\/","url":"https:\/\/vieassociative.be\/actualites\/je-ne-suis-plus-multitache-pendant-les-entrainements-a-domicile-et-vous-ne-devriez-pas-non-plus\/","name":"Je ne suis plus multit\u00e2che pendant les entra\u00eenements \u00e0 domicile (et vous ne devriez pas non plus) | Vie Associative","isPartOf":{"@id":"https:\/\/vieassociative.be\/actualites\/#website"},"primaryImageOfPage":{"@id":"https:\/\/vieassociative.be\/actualites\/je-ne-suis-plus-multitache-pendant-les-entrainements-a-domicile-et-vous-ne-devriez-pas-non-plus\/#primaryimage"},"image":{"@id":"https:\/\/vieassociative.be\/actualites\/je-ne-suis-plus-multitache-pendant-les-entrainements-a-domicile-et-vous-ne-devriez-pas-non-plus\/#primaryimage"},"thumbnailUrl":"https:\/\/vieassociative.be\/actualites\/wp-content\/uploads\/2025\/07\/Je-ne-suis-plus-multitache-pendant-les-entrainements-a-domicile.png","datePublished":"2025-07-19T19:17:02+00:00","dateModified":"2025-07-19T19:17:02+00:00","breadcrumb":{"@id":"https:\/\/vieassociative.be\/actualites\/je-ne-suis-plus-multitache-pendant-les-entrainements-a-domicile-et-vous-ne-devriez-pas-non-plus\/#breadcrumb"},"inLanguage":"fr-BE","potentialAction":[{"@type":"ReadAction","target":["https:\/\/vieassociative.be\/actualites\/je-ne-suis-plus-multitache-pendant-les-entrainements-a-domicile-et-vous-ne-devriez-pas-non-plus\/"]}]},{"@type":"ImageObject","inLanguage":"fr-BE","@id":"https:\/\/vieassociative.be\/actualites\/je-ne-suis-plus-multitache-pendant-les-entrainements-a-domicile-et-vous-ne-devriez-pas-non-plus\/#primaryimage","url":"https:\/\/vieassociative.be\/actualites\/wp-content\/uploads\/2025\/07\/Je-ne-suis-plus-multitache-pendant-les-entrainements-a-domicile.png","contentUrl":"https:\/\/vieassociative.be\/actualites\/wp-content\/uploads\/2025\/07\/Je-ne-suis-plus-multitache-pendant-les-entrainements-a-domicile.png","width":1200,"height":675,"caption":"Je ne suis plus multit\u00e2che pendant les entra\u00eenements \u00e0 domicile (et vous ne devriez pas non plus)"},{"@type":"BreadcrumbList","@id":"https:\/\/vieassociative.be\/actualites\/je-ne-suis-plus-multitache-pendant-les-entrainements-a-domicile-et-vous-ne-devriez-pas-non-plus\/#breadcrumb","itemListElement":[{"@type":"ListItem","position":1,"name":"Accueil","item":"https:\/\/vieassociative.be\/actualites\/"},{"@type":"ListItem","position":2,"name":"Je ne suis plus multit\u00e2che pendant les entra\u00eenements \u00e0 domicile (et vous ne devriez pas non plus)"}]},{"@type":"WebSite","@id":"https:\/\/vieassociative.be\/actualites\/#website","url":"https:\/\/vieassociative.be\/actualites\/","name":"Vie Associative","description":"","publisher":{"@id":"https:\/\/vieassociative.be\/actualites\/#organization"},"potentialAction":[{"@type":"SearchAction","target":{"@type":"EntryPoint","urlTemplate":"https:\/\/vieassociative.be\/actualites\/?s={search_term_string}"},"query-input":{"@type":"PropertyValueSpecification","valueRequired":true,"valueName":"search_term_string"}}],"inLanguage":"fr-BE"},{"@type":"Organization","@id":"https:\/\/vieassociative.be\/actualites\/#organization","name":"Vie Associative","url":"https:\/\/vieassociative.be\/actualites\/","logo":{"@type":"ImageObject","inLanguage":"fr-BE","@id":"https:\/\/vieassociative.be\/actualites\/#\/schema\/logo\/image\/","url":"https:\/\/vieassociative.be\/actualites\/wp-content\/uploads\/2024\/09\/cropped-vieassociative_favicon.ico.png","contentUrl":"https:\/\/vieassociative.be\/actualites\/wp-content\/uploads\/2024\/09\/cropped-vieassociative_favicon.ico.png","width":512,"height":512,"caption":"Vie Associative"},"image":{"@id":"https:\/\/vieassociative.be\/actualites\/#\/schema\/logo\/image\/"}},{"@type":"Person","@id":"https:\/\/vieassociative.be\/actualites\/#\/schema\/person\/b87ac4f82f9d4e7b7cec7395b679edc4","name":"Julien","image":{"@type":"ImageObject","inLanguage":"fr-BE","@id":"https:\/\/vieassociative.be\/actualites\/#\/schema\/person\/image\/","url":"https:\/\/vieassociative.be\/actualites\/wp-content\/uploads\/2024\/09\/vie-associative-1-150x150.jpg","contentUrl":"https:\/\/vieassociative.be\/actualites\/wp-content\/uploads\/2024\/09\/vie-associative-1-150x150.jpg","caption":"Julien"},"description":"Je suis Julien, r\u00e9dacteur pour Vie Associative. Passionn\u00e9 par le monde associatif depuis plus de 10 ans, j'ai \u00e0 c\u0153ur de partager des histoires inspirantes et de mettre en lumi\u00e8re les initiatives locales. Mon objectif est de sensibiliser et d'encourager l'engagement communautaire \u00e0 travers mes articles.","sameAs":["https:\/\/vieassociative.be\/"]}]}},"_links":{"self":[{"href":"https:\/\/vieassociative.be\/actualites\/wp-json\/wp\/v2\/posts\/8868"}],"collection":[{"href":"https:\/\/vieassociative.be\/actualites\/wp-json\/wp\/v2\/posts"}],"about":[{"href":"https:\/\/vieassociative.be\/actualites\/wp-json\/wp\/v2\/types\/post"}],"author":[{"embeddable":true,"href":"https:\/\/vieassociative.be\/actualites\/wp-json\/wp\/v2\/users\/1"}],"replies":[{"embeddable":true,"href":"https:\/\/vieassociative.be\/actualites\/wp-json\/wp\/v2\/comments?post=8868"}],"version-history":[{"count":0,"href":"https:\/\/vieassociative.be\/actualites\/wp-json\/wp\/v2\/posts\/8868\/revisions"}],"wp:featuredmedia":[{"embeddable":true,"href":"https:\/\/vieassociative.be\/actualites\/wp-json\/wp\/v2\/media\/8869"}],"wp:attachment":[{"href":"https:\/\/vieassociative.be\/actualites\/wp-json\/wp\/v2\/media?parent=8868"}],"wp:term":[{"taxonomy":"category","embeddable":true,"href":"https:\/\/vieassociative.be\/actualites\/wp-json\/wp\/v2\/categories?post=8868"},{"taxonomy":"post_tag","embeddable":true,"href":"https:\/\/vieassociative.be\/actualites\/wp-json\/wp\/v2\/tags?post=8868"}],"curies":[{"name":"wp","href":"https:\/\/api.w.org\/{rel}","templated":true}]}}