{"id":8865,"date":"2025-07-19T16:17:23","date_gmt":"2025-07-19T14:17:23","guid":{"rendered":"https:\/\/vieassociative.be\/actualites\/bang-sur-la-tour\/"},"modified":"2025-07-19T16:17:23","modified_gmt":"2025-07-19T14:17:23","slug":"bang-sur-la-tour","status":"publish","type":"post","link":"https:\/\/vieassociative.be\/actualites\/bang-sur-la-tour\/","title":{"rendered":"Bang sur la tour"},"content":{"rendered":"<p><strong>La derni\u00e8re \u00e9tape de la tourn\u00e9e dans les Pyr\u00e9n\u00e9es est trop lourde pour Remco Evenepoel. Le double champion olympique de Belgique abandonne. Le Florian Lipowitz allemand devrait en b\u00e9n\u00e9ficier.<\/strong><\/p>\n<p><span id=\"more-420453\"><\/span>Le double champion olympique, Remco Evenepoel, est sorti de la course au Tour de France. La Belge de 25 ans est pass\u00e9e de Pau \u00e0 Luchon-Superbagnons \u00e0 pr\u00e8s de 100 kilom\u00e8tres du v\u00e9lo sur la sc\u00e8ne lourde des Pyr\u00e9n\u00e9es \u00e0 Luchon Superbagn\u00e8res et a abandonn\u00e9. \u00c0 cette \u00e9poque, m\u00eame \u00e0 ce stade de la classification globale, Onepoel \u00e9tait un endroit devant la jeune star allemande Florian Lipowitz.<\/p>\n<p>Le Belge portait le maillot blanc du meilleur jeune professionnel de la tourn\u00e9e. Maintenant, Lipowitz, qui \u00e9tait en quatri\u00e8me place dans le classement g\u00e9n\u00e9ral avant la sc\u00e8ne derri\u00e8re m\u00eame Evenepoel, a les meilleures chances de glisser dans la robe blanche.<\/p>\n<div id=\"attachment_420471\" class=\"wp-caption alignleft\" style=\"max-width: 300px\"><img fetchpriority=\"high\" decoding=\"async\" class=\"wp-image-420471 size-medium\" src=\"https:\/\/vieassociative.be\/actualites\/wp-content\/uploads\/2025\/07\/Bang-sur-la-tour.jpg\" alt=\"\" width=\"300\" height=\"200\"><\/p>\n<p class=\"wp-caption-text\">13\/07\/2024, France, Saint-Lary-Soulan Pla d&rsquo;Adet: Le champ conducteur grimpe au Col du Tourmalet. Photo: Daniel Cole \/ AP \/ DPA<\/p>\n<\/div>\n<p>Onepoel a eu des probl\u00e8mes sur la mont\u00e9e sur le l\u00e9gendaire Col du Tourmalet et n&rsquo;a plus pu aller au rythme de Tadej Pogacar, Jonas Vingegaard et Lipowitz. Il a toujours donn\u00e9 \u00e0 un jeune fan sa bouteille de boisson, puis a quitt\u00e9 le v\u00e9lo compl\u00e8tement invalide et s&rsquo;est assis dans la voiture de l&rsquo;\u00e9quipe.<\/p>\n<p>Comme pour le Vuelta 2023, le Tourmalet, le g\u00e9ant des Pyr\u00e9n\u00e9es, a \u00e9t\u00e9 condamn\u00e9 le double champion olympique Remco Evenepoel. Lors de la visite de l&rsquo;Espagne, il a termin\u00e9 la ligne d&rsquo;arriv\u00e9e avec plus de 27 minutes derri\u00e8re le vainqueur Sepp Kuss. Cette fois, la star du v\u00e9lo de 25 ans doit m\u00eame abandonner le Tour de France.<\/p>\n<p>L&rsquo;objectif de Oelepoel \u00e9tait au d\u00e9but du Tour de France 2025, du moins ainsi que l&rsquo;ann\u00e9e pr\u00e9c\u00e9dente lorsqu&rsquo;il a termin\u00e9 la tourn\u00e9e de France en tant que troisi\u00e8me de la classification globale et dans le maillot blanc du meilleur jeune pilote. De plus, le Belge voulait gagner au moins une \u00e9tape, ce qu&rsquo;il a r\u00e9ussi lors du voyage \u00e0 un temps \u00e0 Caen.<\/p>\n<p>Avec son compagnon d&rsquo;\u00e9quipe Tim Merlier, Onepoel a \u00e9t\u00e9 le grand espoir du v\u00e9lo belge lors du Tour de France de cette ann\u00e9e, qui a fait un d\u00e9but de r\u00eave pour notre pays lorsque le roi sprint Jasper Philipsen a remport\u00e9 la premi\u00e8re \u00e9tape et a donc obtenu le premier maillot jaune. Malheureusement, il y a eu le premier revers sur la premi\u00e8re \u00e9tape: Philipsen est tomb\u00e9 violemment \u00e0 environ 60 kilom\u00e8tres avant l&rsquo;arriv\u00e9e et a d\u00fb abandonner la course. Le Belge, qui portait le maillot vert du point le mieux apr\u00e8s le maillot jaune, est descendu peu de temps avant l&rsquo;interm\u00e9diaire de sprinter apr\u00e8s une bosse. (DPA \/ CRE)<\/p>\n","protected":false},"excerpt":{"rendered":"<p>La derni\u00e8re \u00e9tape de la tourn\u00e9e dans les Pyr\u00e9n\u00e9es est trop lourde pour Remco Evenepoel. Le double champion olympique de Belgique abandonne. Le Florian Lipowitz<\/p>\n","protected":false},"author":1,"featured_media":8866,"comment_status":"","ping_status":"","sticky":false,"template":"","format":"standard","meta":{"footnotes":""},"categories":[298],"tags":[7823,33,2443],"class_list":["post-8865","post","type-post","status-publish","format-standard","has-post-thumbnail","hentry","category-belgique","tag-bang","tag-sur","tag-tour","generate-columns","tablet-grid-50","mobile-grid-100","grid-parent","grid-33"],"yoast_head":"<!-- This site is optimized with the Yoast SEO plugin v24.0 - https:\/\/yoast.com\/wordpress\/plugins\/seo\/ -->\n<title>Bang sur la tour | Vie Associative<\/title>\n<meta name=\"robots\" content=\"index, follow, max-snippet:-1, max-image-preview:large, max-video-preview:-1\" \/>\n<link rel=\"canonical\" href=\"https:\/\/vieassociative.be\/actualites\/bang-sur-la-tour\/\" \/>\n<meta property=\"og:locale\" content=\"fr_FR\" \/>\n<meta property=\"og:type\" content=\"article\" \/>\n<meta property=\"og:title\" content=\"Bang sur la tour | Vie Associative\" \/>\n<meta property=\"og:description\" content=\"La derni\u00e8re \u00e9tape de la tourn\u00e9e dans les Pyr\u00e9n\u00e9es est trop lourde pour Remco Evenepoel. Le double champion olympique de Belgique abandonne. Le Florian Lipowitz\" \/>\n<meta property=\"og:url\" content=\"https:\/\/vieassociative.be\/actualites\/bang-sur-la-tour\/\" \/>\n<meta property=\"og:site_name\" content=\"Vie Associative\" \/>\n<meta property=\"article:published_time\" content=\"2025-07-19T14:17:23+00:00\" \/>\n<meta property=\"og:image\" content=\"https:\/\/vieassociative.be\/actualites\/wp-content\/uploads\/2024\/09\/header_backgroundk-01-e1726694325946.png\" \/>\n\t<meta property=\"og:image:width\" content=\"279\" \/>\n\t<meta property=\"og:image:height\" content=\"92\" \/>\n\t<meta property=\"og:image:type\" content=\"image\/png\" \/>\n<meta name=\"author\" content=\"Julien\" \/>\n<meta name=\"twitter:card\" content=\"summary_large_image\" \/>\n<meta name=\"twitter:label1\" content=\"\u00c9crit par\" \/>\n\t<meta name=\"twitter:data1\" content=\"Julien\" \/>\n\t<meta name=\"twitter:label2\" content=\"Dur\u00e9e de lecture est.\" \/>\n\t<meta name=\"twitter:data2\" content=\"2 minutes\" \/>\n<script type=\"application\/ld+json\" class=\"yoast-schema-graph\">{\"@context\":\"https:\/\/schema.org\",\"@graph\":[{\"@type\":\"Article\",\"@id\":\"https:\/\/vieassociative.be\/actualites\/bang-sur-la-tour\/#article\",\"isPartOf\":{\"@id\":\"https:\/\/vieassociative.be\/actualites\/bang-sur-la-tour\/\"},\"author\":{\"name\":\"Julien\",\"@id\":\"https:\/\/vieassociative.be\/actualites\/#\/schema\/person\/b87ac4f82f9d4e7b7cec7395b679edc4\"},\"headline\":\"Bang sur la tour\",\"datePublished\":\"2025-07-19T14:17:23+00:00\",\"dateModified\":\"2025-07-19T14:17:23+00:00\",\"mainEntityOfPage\":{\"@id\":\"https:\/\/vieassociative.be\/actualites\/bang-sur-la-tour\/\"},\"wordCount\":491,\"publisher\":{\"@id\":\"https:\/\/vieassociative.be\/actualites\/#organization\"},\"image\":{\"@id\":\"https:\/\/vieassociative.be\/actualites\/bang-sur-la-tour\/#primaryimage\"},\"thumbnailUrl\":\"https:\/\/vieassociative.be\/actualites\/wp-content\/uploads\/2025\/07\/1752934643_Bang-sur-la-tour.jpg\",\"keywords\":[\"Bang\",\"sur\",\"Tour\"],\"articleSection\":[\"Belgique\"],\"inLanguage\":\"fr-BE\"},{\"@type\":\"WebPage\",\"@id\":\"https:\/\/vieassociative.be\/actualites\/bang-sur-la-tour\/\",\"url\":\"https:\/\/vieassociative.be\/actualites\/bang-sur-la-tour\/\",\"name\":\"Bang sur la tour | Vie Associative\",\"isPartOf\":{\"@id\":\"https:\/\/vieassociative.be\/actualites\/#website\"},\"primaryImageOfPage\":{\"@id\":\"https:\/\/vieassociative.be\/actualites\/bang-sur-la-tour\/#primaryimage\"},\"image\":{\"@id\":\"https:\/\/vieassociative.be\/actualites\/bang-sur-la-tour\/#primaryimage\"},\"thumbnailUrl\":\"https:\/\/vieassociative.be\/actualites\/wp-content\/uploads\/2025\/07\/1752934643_Bang-sur-la-tour.jpg\",\"datePublished\":\"2025-07-19T14:17:23+00:00\",\"dateModified\":\"2025-07-19T14:17:23+00:00\",\"breadcrumb\":{\"@id\":\"https:\/\/vieassociative.be\/actualites\/bang-sur-la-tour\/#breadcrumb\"},\"inLanguage\":\"fr-BE\",\"potentialAction\":[{\"@type\":\"ReadAction\",\"target\":[\"https:\/\/vieassociative.be\/actualites\/bang-sur-la-tour\/\"]}]},{\"@type\":\"ImageObject\",\"inLanguage\":\"fr-BE\",\"@id\":\"https:\/\/vieassociative.be\/actualites\/bang-sur-la-tour\/#primaryimage\",\"url\":\"https:\/\/vieassociative.be\/actualites\/wp-content\/uploads\/2025\/07\/1752934643_Bang-sur-la-tour.jpg\",\"contentUrl\":\"https:\/\/vieassociative.be\/actualites\/wp-content\/uploads\/2025\/07\/1752934643_Bang-sur-la-tour.jpg\",\"width\":1200,\"height\":800,\"caption\":\"Bang sur la tour\"},{\"@type\":\"BreadcrumbList\",\"@id\":\"https:\/\/vieassociative.be\/actualites\/bang-sur-la-tour\/#breadcrumb\",\"itemListElement\":[{\"@type\":\"ListItem\",\"position\":1,\"name\":\"Accueil\",\"item\":\"https:\/\/vieassociative.be\/actualites\/\"},{\"@type\":\"ListItem\",\"position\":2,\"name\":\"Bang sur la tour\"}]},{\"@type\":\"WebSite\",\"@id\":\"https:\/\/vieassociative.be\/actualites\/#website\",\"url\":\"https:\/\/vieassociative.be\/actualites\/\",\"name\":\"Vie Associative\",\"description\":\"\",\"publisher\":{\"@id\":\"https:\/\/vieassociative.be\/actualites\/#organization\"},\"potentialAction\":[{\"@type\":\"SearchAction\",\"target\":{\"@type\":\"EntryPoint\",\"urlTemplate\":\"https:\/\/vieassociative.be\/actualites\/?s={search_term_string}\"},\"query-input\":{\"@type\":\"PropertyValueSpecification\",\"valueRequired\":true,\"valueName\":\"search_term_string\"}}],\"inLanguage\":\"fr-BE\"},{\"@type\":\"Organization\",\"@id\":\"https:\/\/vieassociative.be\/actualites\/#organization\",\"name\":\"Vie Associative\",\"url\":\"https:\/\/vieassociative.be\/actualites\/\",\"logo\":{\"@type\":\"ImageObject\",\"inLanguage\":\"fr-BE\",\"@id\":\"https:\/\/vieassociative.be\/actualites\/#\/schema\/logo\/image\/\",\"url\":\"https:\/\/vieassociative.be\/actualites\/wp-content\/uploads\/2024\/09\/cropped-vieassociative_favicon.ico.png\",\"contentUrl\":\"https:\/\/vieassociative.be\/actualites\/wp-content\/uploads\/2024\/09\/cropped-vieassociative_favicon.ico.png\",\"width\":512,\"height\":512,\"caption\":\"Vie Associative\"},\"image\":{\"@id\":\"https:\/\/vieassociative.be\/actualites\/#\/schema\/logo\/image\/\"}},{\"@type\":\"Person\",\"@id\":\"https:\/\/vieassociative.be\/actualites\/#\/schema\/person\/b87ac4f82f9d4e7b7cec7395b679edc4\",\"name\":\"Julien\",\"image\":{\"@type\":\"ImageObject\",\"inLanguage\":\"fr-BE\",\"@id\":\"https:\/\/vieassociative.be\/actualites\/#\/schema\/person\/image\/\",\"url\":\"https:\/\/vieassociative.be\/actualites\/wp-content\/uploads\/2024\/09\/vie-associative-1-150x150.jpg\",\"contentUrl\":\"https:\/\/vieassociative.be\/actualites\/wp-content\/uploads\/2024\/09\/vie-associative-1-150x150.jpg\",\"caption\":\"Julien\"},\"description\":\"Je suis Julien, r\u00e9dacteur pour Vie Associative. Passionn\u00e9 par le monde associatif depuis plus de 10 ans, j'ai \u00e0 c\u0153ur de partager des histoires inspirantes et de mettre en lumi\u00e8re les initiatives locales. Mon objectif est de sensibiliser et d'encourager l'engagement communautaire \u00e0 travers mes articles.\",\"sameAs\":[\"https:\/\/vieassociative.be\/\"]}]}<\/script>\n<!-- \/ Yoast SEO plugin. -->","yoast_head_json":{"title":"Bang sur la tour | Vie Associative","robots":{"index":"index","follow":"follow","max-snippet":"max-snippet:-1","max-image-preview":"max-image-preview:large","max-video-preview":"max-video-preview:-1"},"canonical":"https:\/\/vieassociative.be\/actualites\/bang-sur-la-tour\/","og_locale":"fr_FR","og_type":"article","og_title":"Bang sur la tour | Vie Associative","og_description":"La derni\u00e8re \u00e9tape de la tourn\u00e9e dans les Pyr\u00e9n\u00e9es est trop lourde pour Remco Evenepoel. Le double champion olympique de Belgique abandonne. Le Florian Lipowitz","og_url":"https:\/\/vieassociative.be\/actualites\/bang-sur-la-tour\/","og_site_name":"Vie Associative","article_published_time":"2025-07-19T14:17:23+00:00","og_image":[{"width":279,"height":92,"url":"https:\/\/vieassociative.be\/actualites\/wp-content\/uploads\/2024\/09\/header_backgroundk-01-e1726694325946.png","type":"image\/png"}],"author":"Julien","twitter_card":"summary_large_image","twitter_misc":{"\u00c9crit par":"Julien","Dur\u00e9e de lecture est.":"2 minutes"},"schema":{"@context":"https:\/\/schema.org","@graph":[{"@type":"Article","@id":"https:\/\/vieassociative.be\/actualites\/bang-sur-la-tour\/#article","isPartOf":{"@id":"https:\/\/vieassociative.be\/actualites\/bang-sur-la-tour\/"},"author":{"name":"Julien","@id":"https:\/\/vieassociative.be\/actualites\/#\/schema\/person\/b87ac4f82f9d4e7b7cec7395b679edc4"},"headline":"Bang sur la tour","datePublished":"2025-07-19T14:17:23+00:00","dateModified":"2025-07-19T14:17:23+00:00","mainEntityOfPage":{"@id":"https:\/\/vieassociative.be\/actualites\/bang-sur-la-tour\/"},"wordCount":491,"publisher":{"@id":"https:\/\/vieassociative.be\/actualites\/#organization"},"image":{"@id":"https:\/\/vieassociative.be\/actualites\/bang-sur-la-tour\/#primaryimage"},"thumbnailUrl":"https:\/\/vieassociative.be\/actualites\/wp-content\/uploads\/2025\/07\/1752934643_Bang-sur-la-tour.jpg","keywords":["Bang","sur","Tour"],"articleSection":["Belgique"],"inLanguage":"fr-BE"},{"@type":"WebPage","@id":"https:\/\/vieassociative.be\/actualites\/bang-sur-la-tour\/","url":"https:\/\/vieassociative.be\/actualites\/bang-sur-la-tour\/","name":"Bang sur la tour | Vie Associative","isPartOf":{"@id":"https:\/\/vieassociative.be\/actualites\/#website"},"primaryImageOfPage":{"@id":"https:\/\/vieassociative.be\/actualites\/bang-sur-la-tour\/#primaryimage"},"image":{"@id":"https:\/\/vieassociative.be\/actualites\/bang-sur-la-tour\/#primaryimage"},"thumbnailUrl":"https:\/\/vieassociative.be\/actualites\/wp-content\/uploads\/2025\/07\/1752934643_Bang-sur-la-tour.jpg","datePublished":"2025-07-19T14:17:23+00:00","dateModified":"2025-07-19T14:17:23+00:00","breadcrumb":{"@id":"https:\/\/vieassociative.be\/actualites\/bang-sur-la-tour\/#breadcrumb"},"inLanguage":"fr-BE","potentialAction":[{"@type":"ReadAction","target":["https:\/\/vieassociative.be\/actualites\/bang-sur-la-tour\/"]}]},{"@type":"ImageObject","inLanguage":"fr-BE","@id":"https:\/\/vieassociative.be\/actualites\/bang-sur-la-tour\/#primaryimage","url":"https:\/\/vieassociative.be\/actualites\/wp-content\/uploads\/2025\/07\/1752934643_Bang-sur-la-tour.jpg","contentUrl":"https:\/\/vieassociative.be\/actualites\/wp-content\/uploads\/2025\/07\/1752934643_Bang-sur-la-tour.jpg","width":1200,"height":800,"caption":"Bang sur la tour"},{"@type":"BreadcrumbList","@id":"https:\/\/vieassociative.be\/actualites\/bang-sur-la-tour\/#breadcrumb","itemListElement":[{"@type":"ListItem","position":1,"name":"Accueil","item":"https:\/\/vieassociative.be\/actualites\/"},{"@type":"ListItem","position":2,"name":"Bang sur la tour"}]},{"@type":"WebSite","@id":"https:\/\/vieassociative.be\/actualites\/#website","url":"https:\/\/vieassociative.be\/actualites\/","name":"Vie Associative","description":"","publisher":{"@id":"https:\/\/vieassociative.be\/actualites\/#organization"},"potentialAction":[{"@type":"SearchAction","target":{"@type":"EntryPoint","urlTemplate":"https:\/\/vieassociative.be\/actualites\/?s={search_term_string}"},"query-input":{"@type":"PropertyValueSpecification","valueRequired":true,"valueName":"search_term_string"}}],"inLanguage":"fr-BE"},{"@type":"Organization","@id":"https:\/\/vieassociative.be\/actualites\/#organization","name":"Vie Associative","url":"https:\/\/vieassociative.be\/actualites\/","logo":{"@type":"ImageObject","inLanguage":"fr-BE","@id":"https:\/\/vieassociative.be\/actualites\/#\/schema\/logo\/image\/","url":"https:\/\/vieassociative.be\/actualites\/wp-content\/uploads\/2024\/09\/cropped-vieassociative_favicon.ico.png","contentUrl":"https:\/\/vieassociative.be\/actualites\/wp-content\/uploads\/2024\/09\/cropped-vieassociative_favicon.ico.png","width":512,"height":512,"caption":"Vie Associative"},"image":{"@id":"https:\/\/vieassociative.be\/actualites\/#\/schema\/logo\/image\/"}},{"@type":"Person","@id":"https:\/\/vieassociative.be\/actualites\/#\/schema\/person\/b87ac4f82f9d4e7b7cec7395b679edc4","name":"Julien","image":{"@type":"ImageObject","inLanguage":"fr-BE","@id":"https:\/\/vieassociative.be\/actualites\/#\/schema\/person\/image\/","url":"https:\/\/vieassociative.be\/actualites\/wp-content\/uploads\/2024\/09\/vie-associative-1-150x150.jpg","contentUrl":"https:\/\/vieassociative.be\/actualites\/wp-content\/uploads\/2024\/09\/vie-associative-1-150x150.jpg","caption":"Julien"},"description":"Je suis Julien, r\u00e9dacteur pour Vie Associative. Passionn\u00e9 par le monde associatif depuis plus de 10 ans, j'ai \u00e0 c\u0153ur de partager des histoires inspirantes et de mettre en lumi\u00e8re les initiatives locales. Mon objectif est de sensibiliser et d'encourager l'engagement communautaire \u00e0 travers mes articles.","sameAs":["https:\/\/vieassociative.be\/"]}]}},"_links":{"self":[{"href":"https:\/\/vieassociative.be\/actualites\/wp-json\/wp\/v2\/posts\/8865"}],"collection":[{"href":"https:\/\/vieassociative.be\/actualites\/wp-json\/wp\/v2\/posts"}],"about":[{"href":"https:\/\/vieassociative.be\/actualites\/wp-json\/wp\/v2\/types\/post"}],"author":[{"embeddable":true,"href":"https:\/\/vieassociative.be\/actualites\/wp-json\/wp\/v2\/users\/1"}],"replies":[{"embeddable":true,"href":"https:\/\/vieassociative.be\/actualites\/wp-json\/wp\/v2\/comments?post=8865"}],"version-history":[{"count":0,"href":"https:\/\/vieassociative.be\/actualites\/wp-json\/wp\/v2\/posts\/8865\/revisions"}],"wp:featuredmedia":[{"embeddable":true,"href":"https:\/\/vieassociative.be\/actualites\/wp-json\/wp\/v2\/media\/8866"}],"wp:attachment":[{"href":"https:\/\/vieassociative.be\/actualites\/wp-json\/wp\/v2\/media?parent=8865"}],"wp:term":[{"taxonomy":"category","embeddable":true,"href":"https:\/\/vieassociative.be\/actualites\/wp-json\/wp\/v2\/categories?post=8865"},{"taxonomy":"post_tag","embeddable":true,"href":"https:\/\/vieassociative.be\/actualites\/wp-json\/wp\/v2\/tags?post=8865"}],"curies":[{"name":"wp","href":"https:\/\/api.w.org\/{rel}","templated":true}]}}