{"id":8863,"date":"2025-07-19T15:18:10","date_gmt":"2025-07-19T13:18:10","guid":{"rendered":"https:\/\/vieassociative.be\/actualites\/netflix-a-admis-avoir-utilise-une-ia-generative-dans-une-serie-originale-et-je-pense-que-je-lai-trouve\/"},"modified":"2025-07-19T15:18:10","modified_gmt":"2025-07-19T13:18:10","slug":"netflix-a-admis-avoir-utilise-une-ia-generative-dans-une-serie-originale-et-je-pense-que-je-lai-trouve","status":"publish","type":"post","link":"https:\/\/vieassociative.be\/actualites\/netflix-a-admis-avoir-utilise-une-ia-generative-dans-une-serie-originale-et-je-pense-que-je-lai-trouve\/","title":{"rendered":"Netflix a admis avoir utilis\u00e9 une IA g\u00e9n\u00e9rative dans une s\u00e9rie originale, et je pense que je l&rsquo;ai trouv\u00e9"},"content":{"rendered":"<div class=\"mt-4 leading-6 md:mb-8\">Cela n&rsquo;a pas l&rsquo;air horrible, mais avait-il besoin d&rsquo;\u00eatre l\u00e0?<\/div>\n<p><\/p>\n<p>L&rsquo;\u00e9criture est sur le mur depuis un moment. \u00c0 moins que vous n&rsquo;ayez vu de film au cours de la derni\u00e8re d\u00e9cennie ou plus, vous savez \u00e0 quel point VFX est devenu important pour la cr\u00e9ation d&rsquo;\u00e9missions de t\u00e9l\u00e9vision et de films. Ces VFX ont un co\u00fbt tr\u00e8s \u00e9lev\u00e9 et prennent beaucoup de heures \u00e0 produire. Avec une vid\u00e9o de l&rsquo;IA g\u00e9n\u00e9rative devenant si bonne que la plupart des gens ont probablement d\u00e9j\u00e0 \u00e9t\u00e9 dup\u00e9s par lui au moins une fois, ce n&rsquo;\u00e9tait qu&rsquo;une question de temps avant que les grands studios ne commencent \u00e0 l&rsquo;int\u00e9grer dans leurs flux de travail.<\/p>\n<p>Netflix, en fait, s&rsquo;est vant\u00e9 de le faire, des mois apr\u00e8s la sortie d&rsquo;un spectacle et personne n&rsquo;a rep\u00e9r\u00e9 son utilisation de l&rsquo;IA. Oui, il semble que l&rsquo;art de l&rsquo;IA commence enfin \u00e0 se distinguer de l&rsquo;art de fabrication humaine, mais cela ne signifie pas que le probl\u00e8me est coup\u00e9 et s\u00e9che.<\/p>\n<p>Dans un appel de r\u00e9sultats jeudi, le co-PDG de Netflix Ted Sarandos a expliqu\u00e9 comment l&rsquo;\u00e9quipe derri\u00e8re l&rsquo;adaptation par le streamer de la bande dessin\u00e9e argentine <em>L&rsquo;Eternaut<\/em> a utilis\u00e9 l&rsquo;IA pour acc\u00e9l\u00e9rer son flux de travail. Discutant d&rsquo;une s\u00e9quence dans l&rsquo;\u00e9mission qui d\u00e9peint un b\u00e2timent s&rsquo;effondrer \u00e0 Buenos Aires, Sarandos a d\u00e9clar\u00e9 \u00ab\u00a0que la s\u00e9quence VFX a \u00e9t\u00e9 achev\u00e9e 10 fois plus vite qu&rsquo;elle n&rsquo;aurait pu l&rsquo;\u00eatre avec les outils et les flux de travail VFX traditionnels\u00a0\u00bb et a \u00e9labor\u00e9 qu&rsquo;il \u00ab\u00a0est en fait la toute premi\u00e8re s\u00e9quence finale de l&rsquo;IA \u00e0 appara\u00eetre \u00e0 l&rsquo;\u00e9cran dans une s\u00e9rie ou un film original de Netflix\u00a0\u00bb. Apr\u00e8s l&rsquo;avoir vu moi-m\u00eame (je pense), j&rsquo;ai des pens\u00e9es.<\/p>\n<h2 id=\"the-eternaut-is-just-the-beginning\"><em>L&rsquo;Eternaut<\/em> est juste le d\u00e9but <\/h2>\n<p>Il y a deux plats \u00e0 emporter de la d\u00e9claration de Sarandos. Tout d&rsquo;abord, l&rsquo;IA g\u00e9n\u00e9ratrice fait enfin son chemin dans vos \u00e9missions Netflix, et compte tenu que Sarandos a dit <em>L&rsquo;Eternaut<\/em>Les cr\u00e9ateurs \u00ab\u00a0\u00e9taient ravis du r\u00e9sultat\u00a0\u00bb, il y en aura probablement plus. Deuxi\u00e8mement, en utilisant le mot \u00abfinal\u00bb, il est presque certainement utilis\u00e9 dans les coulisses de vos \u00e9missions depuis un certain temps maintenant. Il est temps de comprendre ce que vous en pensez.<\/p>\n<p>Pour \u00eatre juste, Netflix n&rsquo;est pas le premier streamer \u00e0 utiliser l&rsquo;IA. Disney + <em>Invasion secr\u00e8te<\/em> La s\u00e9rie a utilis\u00e9 l&rsquo;art de l&rsquo;IA assez perceptible pour ses cr\u00e9dits et a fait face \u00e0 un recul imm\u00e9diat. Mais <em>L&rsquo;Eternaut<\/em> est en streaming depuis avril, et il est r\u00e9v\u00e9lateur que personne ne s&rsquo;\u00e9tait vraiment rassur\u00e9 jusqu&rsquo;\u00e0 pr\u00e9sent.<\/p>\n<p>Je vais accorder qu&rsquo;il soit peut-\u00eatre un peu injuste de comparer une production Marvel \u00e0 une adaptation d&rsquo;une bande dessin\u00e9e classique (ce travail original a fait ses d\u00e9buts dans les ann\u00e9es 1950) dans un magazine argentin. Moins d&rsquo;yeux peuvent simplement \u00eatre l\u00e0 pour voir les effets de l&rsquo;IA, et Netflix cite en fait la production \u00e0 plus petite \u00e9chelle de l&rsquo;\u00e9mission comme l&rsquo;une des raisons de son utilisation de l&rsquo;IA, avec des Sarandos disant: \u00ab\u00a0Le co\u00fbt de celui-ci (faisant l&rsquo;effet sans IA) n&rsquo;aurait tout simplement pas \u00e9t\u00e9 possible pour une \u00e9mission dans ce budget.\u00a0\u00bb<\/p>\n<p>Ce qui est peut-\u00eatre le plus pr\u00e9occupant, c&rsquo;est que, m\u00eame apr\u00e8s avoir regard\u00e9 la s\u00e9quence g\u00e9n\u00e9r\u00e9e par l&rsquo;AI, je ne suis pas s\u00fbr que j&rsquo;aurais remarqu\u00e9 qu&rsquo;il avait \u00e9t\u00e9 fabriqu\u00e9 par l&rsquo;IA \u00e0 moins que je ne sache d\u00e9j\u00e0 le chercher.<\/p>\n<h2 id=\"i-think-i-found-the-ai-in-the-eternaut\">Je pense que j&rsquo;ai trouv\u00e9 l&rsquo;IA <em>L&rsquo;Eternaut<\/em><\/h2>\n<p>J&rsquo;avoue que je n&rsquo;ai pas regard\u00e9 toute l&rsquo;\u00e9mission de front \u00e0 dos en temps r\u00e9el, mais j&rsquo;ai r\u00e9ussi \u00e0 traverser les \u00e9pisodes \u00e0 plusieurs reprises, et je crois que les coupables les plus probables sont quelques plans de b\u00e2timents en feu qui commencent vers 15h25 dans l&rsquo;\u00e9pisode 4. Que je pouvais \u00e9galement les d\u00e9terminer.<\/p>\n<p>Les racontes? Eh bien, l&rsquo;\u00e9vidence est que ce sont les seuls clich\u00e9s que je pouvais trouver qui ressemblent \u00e9troitement \u00e0 ce que les Sarandos ont d\u00e9crit. Encore une fois, si on n&rsquo;avait pas dit de chercher l&rsquo;IA, je ne suis pas s\u00fbr que cela m&rsquo;aurait saut\u00e9. Ce n&rsquo;est rien de sp\u00e9cial, mais c&rsquo;est peut-\u00eatre l&rsquo;astuce &#8211; contrairement aux cr\u00e9dits Trippy IA dans <em>Invasion secr\u00e8te<\/em>L&rsquo;IA ici ressemble beaucoup aux extraterrestres artisanaux et \u00e0 petit budget (je dis que affectueusement) qui apparaissent quelques minutes plus t\u00f4t.<\/p>\n<p>Mais si vous savez chercher l&rsquo;IA, il y a encore quelques autres cadeaux ici. Il n&rsquo;y a pas de personnages humains dans ces sc\u00e8nes (ce qui signifie pas de mains \u00e9tranges) et les coupes sont rapides ou les sujets sont loin et hors de propos. Essentiellement, ils ressemblent \u00e0 des clips g\u00e9n\u00e9riques et sans contexte qui ont \u00e9t\u00e9 cousus dans l&rsquo;\u00e9pisode avec peu de tissu conjonctif. <\/p>\n<div class=\"pogoClear relative my-10 border-b-(1.5px) border-t-(1.5px) border-dashed border-black py-5 sm:my-14 sm:border-0 sm:py-0\" data-ga-click data-ga-template=\"Opinions\" data-ga-module=\"openweb_widget\" data-ga-element=\"openweb_scroll\" data-ga-item=\"openweb_scroll_midpage\" x-data=\"{\n         commentsCount: null,\n         hasComments: false,\n         async fetchCommentsCount() {\n             try {\n                 if (window.openweb &amp;&amp; typeof window.openweb.getMessagesCount === 'function') {\n                     this.commentsCount = await window.openweb.getMessagesCount('01K0FEDE2RMHTEKJKJNEK9MDFD');\n                     this.hasComments = this.commentsCount !== null &amp;&amp; this.commentsCount &gt; 0;\n                 }\n             } catch (e) {\n                 console.warn('Failed to fetch comment count:', e);\n             }\n         }\n     }\" x-init=\"fetchCommentsCount()\" x-cloak><\/p>\n<div class=\"absolute top-1\/2 hidden w-full -translate-y-1\/2 border-t-(1.5px) border-dashed border-black sm:block\"><\/div>\n<div class=\"relative flex justify-center\">\n<div class=\"flex max-w-fit items-center gap-x-3 bg-white px-5\">\n<div class=\"relative\">\n                <span class=\"absolute left-1\/2 top-1\/2 -translate-x-1\/2 -translate-y-1\/2 font-akshar text-sm font-medium text-black\" aria-live=\"polite\" x-show=\"hasComments\" x-text=\"commentsCount\"><\/span><\/p>\n<p>                <svg class=\"h-8 w-8 text-black\" role=\"img\" aria-hidden=\"true\">\n                    <use href=\"http:\/\/lifehacker.com\/images\/icons\/spritemap.svg#sprite-chat-bubble\"><\/use>\n                <\/svg>\n            <\/div>\n<p>            <span class=\"text-sm font-medium text-black\"><\/p>\n<p>                Que pensez-vous jusqu&rsquo;\u00e0 pr\u00e9sent?<br \/>\n                <button class=\"ml-1 font-semibold text-brand-green underline hover:text-brand-green-700\" type=\"button\" aria-label=\"Comment section trigger\" onclick=\"window.openweb.scrollToComments('01K0FEDE2RMHTEKJKJNEK9MDFD')\" x-text=\"hasComments ? 'Post a comment.' : 'Be the first to post a comment.'\"><\/button><br \/>\n            <\/span>\n        <\/div>\n<\/p><\/div>\n<\/div>\n<p>Mais ils ne ressemblent pas non plus \u00e0 des hallucinations. Les conseils typiques de Vie Associative pour rep\u00e9rer les images de l&rsquo;IA &#8211; se d\u00e9pla\u00e7ant et rechercher une physique \u00e9trange ou des mouvements corporels \u00e9tranges &#8211; ne s&rsquo;appliquent pas vraiment ici. Mon coll\u00e8gue Stephen Johnson a mentionn\u00e9 que vous pouvez recouper les m\u00e9dias sociaux pour voir si l&rsquo;utilisation de l&rsquo;IA a \u00e9t\u00e9 signal\u00e9e sur une vid\u00e9o suspecte &#8211; qui peut fonctionner pour une vid\u00e9o virale en ligne, mais si une entreprise de production reste silencieuse sur l&rsquo;utilisation de l&rsquo;IA et maintient les effets subtils, il peut \u00eatre beaucoup plus difficile \u00e0 rep\u00e9rer.<\/p>\n<h2 id=\"how-to-adapt-to-ai-in-your-tv-shows\">Comment s&rsquo;adapter \u00e0 l&rsquo;IA dans vos \u00e9missions de t\u00e9l\u00e9vision<\/h2>\n<p>Toute cette incertitude indique un probl\u00e8me plus large avec la fa\u00e7on dont les t\u00e9l\u00e9spectateurs s&rsquo;adaptent \u00e0 l&rsquo;IA \u00e0 la t\u00e9l\u00e9vision. Alors que Sarandos dit que c&rsquo;est le premier effet d&rsquo;IA \u00e0 frapper Netflix, la soci\u00e9t\u00e9 a d\u00e9j\u00e0 \u00e9t\u00e9 accus\u00e9e d&rsquo;utiliser l&rsquo;IA dans le documentaire True Crime <em>Ce que Jennifer a fait<\/em>. L&rsquo;entreprise a ni\u00e9 ces affirmations, mais que ces arguments sont m\u00eame en cours de r\u00e9ception, le public commence \u00e0 \u00eatre incertain de savoir s&rsquo;ils peuvent faire confiance \u00e0 leurs yeux &#8211; un probl\u00e8me particuli\u00e8rement important pour les genres comme le vrai crime, et quelque chose qui rendrait certainement une IA sceptique comme moi commence \u00e0 se sentir parano\u00efaque en regardant.<\/p>\n<p>Mais m\u00eame dans le meilleur des cas comme celui-ci &#8211; une utilisation de l&rsquo;IA subtile dans un travail fictif qui aide une op\u00e9ration \u00e0 petite \u00e9chelle \u00e0 faire gagner du temps &#8211; je suis toujours un peu inquiet. D&rsquo;une part, Sarandos soutient que Netflix est \u00ab\u00a0convaincu que l&rsquo;IA repr\u00e9sente une occasion incroyable d&rsquo;aider les cr\u00e9ateurs \u00e0 am\u00e9liorer les films et les s\u00e9ries, pas seulement moins cher\u00a0\u00bb. On pourrait dire que si vous ne pouvez pas rep\u00e9rer la diff\u00e9rence entre l&rsquo;IA et le travail fabriqu\u00e9 \u00e0 la main, quel est le mal? Surtout dans un spectacle \u00e0 petit budget comme celui-ci, qui n&rsquo;aurait peut-\u00eatre pas pu r\u00e9aliser ces effets autrement.<\/p>\n<p>D&rsquo;un autre c\u00f4t\u00e9, en dehors des probl\u00e8mes \u00e9thiques avec la baisse des artistes VFX ou l&rsquo;utilisation de mat\u00e9riel prot\u00e9g\u00e9 par le droit d&rsquo;auteur pour former l&rsquo;IA, il y a encore des raisons pour les t\u00e9l\u00e9spectateurs de se m\u00e9fier. Il y a les coupes g\u00eanantes que j&rsquo;ai soulign\u00e9es plus t\u00f4t, mais cela vaut \u00e9galement la peine de se demander si ces effets, qui auraient pu \u00eatre omis sans blesser l&rsquo;histoire, devaient \u00eatre l\u00e0 du tout.<\/p>\n<p><em>L&rsquo;Eternaut<\/em>L&rsquo;art de la bande dessin\u00e9e est plein de lignes de ligne r\u00e9fl\u00e9chies et d\u00e9taill\u00e9es, toutes r\u00e9alis\u00e9es avec un but. Lorsque vous le lisez, vous savez que c&rsquo;est ce que l&rsquo;artiste voulait que vous voyiez, et chaque ligne repr\u00e9sente un choix. Avec un clip AI, les d\u00e9tails ne peuvent \u00eatre l\u00e0 que parce que c&rsquo;est \u00e0 quoi le mod\u00e8le pense que des sc\u00e8nes comme qui sont cens\u00e9es ressembler.<\/p>\n<p>En tant que t\u00e9l\u00e9spectateur ax\u00e9 sur le d\u00e9tail, je d\u00e9testerais passer du temps \u00e0 essayer de comprendre pourquoi un r\u00e9alisateur a encadr\u00e9 un coup comme il l&rsquo;a fait, pour d\u00e9couvrir des mois plus tard qu&rsquo;un ordinateur l&rsquo;a simplement crach\u00e9 en fonction d&rsquo;un mod\u00e8le d&rsquo;autres sc\u00e8nes similaires. Et bien qu&rsquo;il puisse commencer par des \u00e9missions plus petites, \u00e9tant donn\u00e9 le succ\u00e8s de cela pour Netflix (le spectacle a une note de 96% sur Rotten Tomatoes), je m&rsquo;attendais \u00e0 commencer \u00e0 le voir ailleurs bient\u00f4t. Quelles que soient les excuses que le streamer donne, ce n&rsquo;est pas quelque chose que vous pouvez ignorer. <\/p>\n","protected":false},"excerpt":{"rendered":"<p>Cela n&rsquo;a pas l&rsquo;air horrible, mais avait-il besoin d&rsquo;\u00eatre l\u00e0? L&rsquo;\u00e9criture est sur le mur depuis un moment. \u00c0 moins que vous n&rsquo;ayez vu de<\/p>\n","protected":false},"author":1,"featured_media":8864,"comment_status":"","ping_status":"","sticky":false,"template":"","format":"standard","meta":{"footnotes":""},"categories":[36],"tags":[7821,224,166,7822,5229,842,2310,2654,606,829,110,153],"class_list":["post-8863","post","type-post","status-publish","format-standard","has-post-thumbnail","hentry","category-divertissement","tag-admis","tag-avoir","tag-dans","tag-generative","tag-lai","tag-netflix","tag-originale","tag-pense","tag-serie","tag-trouve","tag-une","tag-utilise","generate-columns","tablet-grid-50","mobile-grid-100","grid-parent","grid-33"],"yoast_head":"<!-- This site is optimized with the Yoast SEO plugin v24.0 - https:\/\/yoast.com\/wordpress\/plugins\/seo\/ -->\n<title>Netflix a admis avoir utilis\u00e9 une IA g\u00e9n\u00e9rative dans une s\u00e9rie originale, et je pense que je l&#039;ai trouv\u00e9 | Vie Associative<\/title>\n<meta name=\"robots\" content=\"index, follow, max-snippet:-1, max-image-preview:large, max-video-preview:-1\" \/>\n<link rel=\"canonical\" href=\"https:\/\/vieassociative.be\/actualites\/netflix-a-admis-avoir-utilise-une-ia-generative-dans-une-serie-originale-et-je-pense-que-je-lai-trouve\/\" \/>\n<meta property=\"og:locale\" content=\"fr_FR\" \/>\n<meta property=\"og:type\" content=\"article\" \/>\n<meta property=\"og:title\" content=\"Netflix a admis avoir utilis\u00e9 une IA g\u00e9n\u00e9rative dans une s\u00e9rie originale, et je pense que je l&#039;ai trouv\u00e9 | Vie Associative\" \/>\n<meta property=\"og:description\" content=\"Cela n&rsquo;a pas l&rsquo;air horrible, mais avait-il besoin d&rsquo;\u00eatre l\u00e0? L&rsquo;\u00e9criture est sur le mur depuis un moment. \u00c0 moins que vous n&rsquo;ayez vu de\" \/>\n<meta property=\"og:url\" content=\"https:\/\/vieassociative.be\/actualites\/netflix-a-admis-avoir-utilise-une-ia-generative-dans-une-serie-originale-et-je-pense-que-je-lai-trouve\/\" \/>\n<meta property=\"og:site_name\" content=\"Vie Associative\" \/>\n<meta property=\"article:published_time\" content=\"2025-07-19T13:18:10+00:00\" \/>\n<meta property=\"og:image\" content=\"https:\/\/vieassociative.be\/actualites\/wp-content\/uploads\/2024\/09\/header_backgroundk-01-e1726694325946.png\" \/>\n\t<meta property=\"og:image:width\" content=\"279\" \/>\n\t<meta property=\"og:image:height\" content=\"92\" \/>\n\t<meta property=\"og:image:type\" content=\"image\/png\" \/>\n<meta name=\"author\" content=\"Julien\" \/>\n<meta name=\"twitter:card\" content=\"summary_large_image\" \/>\n<meta name=\"twitter:label1\" content=\"\u00c9crit par\" \/>\n\t<meta name=\"twitter:data1\" content=\"Julien\" \/>\n\t<meta name=\"twitter:label2\" content=\"Dur\u00e9e de lecture est.\" \/>\n\t<meta name=\"twitter:data2\" content=\"7 minutes\" \/>\n<script type=\"application\/ld+json\" class=\"yoast-schema-graph\">{\"@context\":\"https:\/\/schema.org\",\"@graph\":[{\"@type\":\"Article\",\"@id\":\"https:\/\/vieassociative.be\/actualites\/netflix-a-admis-avoir-utilise-une-ia-generative-dans-une-serie-originale-et-je-pense-que-je-lai-trouve\/#article\",\"isPartOf\":{\"@id\":\"https:\/\/vieassociative.be\/actualites\/netflix-a-admis-avoir-utilise-une-ia-generative-dans-une-serie-originale-et-je-pense-que-je-lai-trouve\/\"},\"author\":{\"name\":\"Julien\",\"@id\":\"https:\/\/vieassociative.be\/actualites\/#\/schema\/person\/b87ac4f82f9d4e7b7cec7395b679edc4\"},\"headline\":\"Netflix a admis avoir utilis\u00e9 une IA g\u00e9n\u00e9rative dans une s\u00e9rie originale, et je pense que je l&rsquo;ai trouv\u00e9\",\"datePublished\":\"2025-07-19T13:18:10+00:00\",\"dateModified\":\"2025-07-19T13:18:10+00:00\",\"mainEntityOfPage\":{\"@id\":\"https:\/\/vieassociative.be\/actualites\/netflix-a-admis-avoir-utilise-une-ia-generative-dans-une-serie-originale-et-je-pense-que-je-lai-trouve\/\"},\"wordCount\":1577,\"publisher\":{\"@id\":\"https:\/\/vieassociative.be\/actualites\/#organization\"},\"image\":{\"@id\":\"https:\/\/vieassociative.be\/actualites\/netflix-a-admis-avoir-utilise-une-ia-generative-dans-une-serie-originale-et-je-pense-que-je-lai-trouve\/#primaryimage\"},\"thumbnailUrl\":\"https:\/\/vieassociative.be\/actualites\/wp-content\/uploads\/2025\/07\/Netflix-a-admis-avoir-utilise-une-IA-generative-dans-une.jpg\",\"keywords\":[\"admis\",\"avoir\",\"dans\",\"g\u00e9n\u00e9rative\",\"lai\",\"Netflix\",\"originale\",\"pense\",\"s\u00e9rie\",\"trouv\u00e9\",\"une\",\"utilise\"],\"articleSection\":[\"Divertissement\"],\"inLanguage\":\"fr-BE\"},{\"@type\":\"WebPage\",\"@id\":\"https:\/\/vieassociative.be\/actualites\/netflix-a-admis-avoir-utilise-une-ia-generative-dans-une-serie-originale-et-je-pense-que-je-lai-trouve\/\",\"url\":\"https:\/\/vieassociative.be\/actualites\/netflix-a-admis-avoir-utilise-une-ia-generative-dans-une-serie-originale-et-je-pense-que-je-lai-trouve\/\",\"name\":\"Netflix a admis avoir utilis\u00e9 une IA g\u00e9n\u00e9rative dans une s\u00e9rie originale, et je pense que je l'ai trouv\u00e9 | Vie Associative\",\"isPartOf\":{\"@id\":\"https:\/\/vieassociative.be\/actualites\/#website\"},\"primaryImageOfPage\":{\"@id\":\"https:\/\/vieassociative.be\/actualites\/netflix-a-admis-avoir-utilise-une-ia-generative-dans-une-serie-originale-et-je-pense-que-je-lai-trouve\/#primaryimage\"},\"image\":{\"@id\":\"https:\/\/vieassociative.be\/actualites\/netflix-a-admis-avoir-utilise-une-ia-generative-dans-une-serie-originale-et-je-pense-que-je-lai-trouve\/#primaryimage\"},\"thumbnailUrl\":\"https:\/\/vieassociative.be\/actualites\/wp-content\/uploads\/2025\/07\/Netflix-a-admis-avoir-utilise-une-IA-generative-dans-une.jpg\",\"datePublished\":\"2025-07-19T13:18:10+00:00\",\"dateModified\":\"2025-07-19T13:18:10+00:00\",\"breadcrumb\":{\"@id\":\"https:\/\/vieassociative.be\/actualites\/netflix-a-admis-avoir-utilise-une-ia-generative-dans-une-serie-originale-et-je-pense-que-je-lai-trouve\/#breadcrumb\"},\"inLanguage\":\"fr-BE\",\"potentialAction\":[{\"@type\":\"ReadAction\",\"target\":[\"https:\/\/vieassociative.be\/actualites\/netflix-a-admis-avoir-utilise-une-ia-generative-dans-une-serie-originale-et-je-pense-que-je-lai-trouve\/\"]}]},{\"@type\":\"ImageObject\",\"inLanguage\":\"fr-BE\",\"@id\":\"https:\/\/vieassociative.be\/actualites\/netflix-a-admis-avoir-utilise-une-ia-generative-dans-une-serie-originale-et-je-pense-que-je-lai-trouve\/#primaryimage\",\"url\":\"https:\/\/vieassociative.be\/actualites\/wp-content\/uploads\/2025\/07\/Netflix-a-admis-avoir-utilise-une-IA-generative-dans-une.jpg\",\"contentUrl\":\"https:\/\/vieassociative.be\/actualites\/wp-content\/uploads\/2025\/07\/Netflix-a-admis-avoir-utilise-une-IA-generative-dans-une.jpg\",\"width\":1200,\"height\":675,\"caption\":\"Netflix a admis avoir utilis\u00e9 une IA g\u00e9n\u00e9rative dans une s\u00e9rie originale, et je pense que je l'ai trouv\u00e9\"},{\"@type\":\"BreadcrumbList\",\"@id\":\"https:\/\/vieassociative.be\/actualites\/netflix-a-admis-avoir-utilise-une-ia-generative-dans-une-serie-originale-et-je-pense-que-je-lai-trouve\/#breadcrumb\",\"itemListElement\":[{\"@type\":\"ListItem\",\"position\":1,\"name\":\"Accueil\",\"item\":\"https:\/\/vieassociative.be\/actualites\/\"},{\"@type\":\"ListItem\",\"position\":2,\"name\":\"Netflix a admis avoir utilis\u00e9 une IA g\u00e9n\u00e9rative dans une s\u00e9rie originale, et je pense que je l&rsquo;ai trouv\u00e9\"}]},{\"@type\":\"WebSite\",\"@id\":\"https:\/\/vieassociative.be\/actualites\/#website\",\"url\":\"https:\/\/vieassociative.be\/actualites\/\",\"name\":\"Vie Associative\",\"description\":\"\",\"publisher\":{\"@id\":\"https:\/\/vieassociative.be\/actualites\/#organization\"},\"potentialAction\":[{\"@type\":\"SearchAction\",\"target\":{\"@type\":\"EntryPoint\",\"urlTemplate\":\"https:\/\/vieassociative.be\/actualites\/?s={search_term_string}\"},\"query-input\":{\"@type\":\"PropertyValueSpecification\",\"valueRequired\":true,\"valueName\":\"search_term_string\"}}],\"inLanguage\":\"fr-BE\"},{\"@type\":\"Organization\",\"@id\":\"https:\/\/vieassociative.be\/actualites\/#organization\",\"name\":\"Vie Associative\",\"url\":\"https:\/\/vieassociative.be\/actualites\/\",\"logo\":{\"@type\":\"ImageObject\",\"inLanguage\":\"fr-BE\",\"@id\":\"https:\/\/vieassociative.be\/actualites\/#\/schema\/logo\/image\/\",\"url\":\"https:\/\/vieassociative.be\/actualites\/wp-content\/uploads\/2024\/09\/cropped-vieassociative_favicon.ico.png\",\"contentUrl\":\"https:\/\/vieassociative.be\/actualites\/wp-content\/uploads\/2024\/09\/cropped-vieassociative_favicon.ico.png\",\"width\":512,\"height\":512,\"caption\":\"Vie Associative\"},\"image\":{\"@id\":\"https:\/\/vieassociative.be\/actualites\/#\/schema\/logo\/image\/\"}},{\"@type\":\"Person\",\"@id\":\"https:\/\/vieassociative.be\/actualites\/#\/schema\/person\/b87ac4f82f9d4e7b7cec7395b679edc4\",\"name\":\"Julien\",\"image\":{\"@type\":\"ImageObject\",\"inLanguage\":\"fr-BE\",\"@id\":\"https:\/\/vieassociative.be\/actualites\/#\/schema\/person\/image\/\",\"url\":\"https:\/\/vieassociative.be\/actualites\/wp-content\/uploads\/2024\/09\/vie-associative-1-150x150.jpg\",\"contentUrl\":\"https:\/\/vieassociative.be\/actualites\/wp-content\/uploads\/2024\/09\/vie-associative-1-150x150.jpg\",\"caption\":\"Julien\"},\"description\":\"Je suis Julien, r\u00e9dacteur pour Vie Associative. Passionn\u00e9 par le monde associatif depuis plus de 10 ans, j'ai \u00e0 c\u0153ur de partager des histoires inspirantes et de mettre en lumi\u00e8re les initiatives locales. Mon objectif est de sensibiliser et d'encourager l'engagement communautaire \u00e0 travers mes articles.\",\"sameAs\":[\"https:\/\/vieassociative.be\/\"]}]}<\/script>\n<!-- \/ Yoast SEO plugin. -->","yoast_head_json":{"title":"Netflix a admis avoir utilis\u00e9 une IA g\u00e9n\u00e9rative dans une s\u00e9rie originale, et je pense que je l'ai trouv\u00e9 | Vie Associative","robots":{"index":"index","follow":"follow","max-snippet":"max-snippet:-1","max-image-preview":"max-image-preview:large","max-video-preview":"max-video-preview:-1"},"canonical":"https:\/\/vieassociative.be\/actualites\/netflix-a-admis-avoir-utilise-une-ia-generative-dans-une-serie-originale-et-je-pense-que-je-lai-trouve\/","og_locale":"fr_FR","og_type":"article","og_title":"Netflix a admis avoir utilis\u00e9 une IA g\u00e9n\u00e9rative dans une s\u00e9rie originale, et je pense que je l'ai trouv\u00e9 | Vie Associative","og_description":"Cela n&rsquo;a pas l&rsquo;air horrible, mais avait-il besoin d&rsquo;\u00eatre l\u00e0? L&rsquo;\u00e9criture est sur le mur depuis un moment. \u00c0 moins que vous n&rsquo;ayez vu de","og_url":"https:\/\/vieassociative.be\/actualites\/netflix-a-admis-avoir-utilise-une-ia-generative-dans-une-serie-originale-et-je-pense-que-je-lai-trouve\/","og_site_name":"Vie Associative","article_published_time":"2025-07-19T13:18:10+00:00","og_image":[{"width":279,"height":92,"url":"https:\/\/vieassociative.be\/actualites\/wp-content\/uploads\/2024\/09\/header_backgroundk-01-e1726694325946.png","type":"image\/png"}],"author":"Julien","twitter_card":"summary_large_image","twitter_misc":{"\u00c9crit par":"Julien","Dur\u00e9e de lecture est.":"7 minutes"},"schema":{"@context":"https:\/\/schema.org","@graph":[{"@type":"Article","@id":"https:\/\/vieassociative.be\/actualites\/netflix-a-admis-avoir-utilise-une-ia-generative-dans-une-serie-originale-et-je-pense-que-je-lai-trouve\/#article","isPartOf":{"@id":"https:\/\/vieassociative.be\/actualites\/netflix-a-admis-avoir-utilise-une-ia-generative-dans-une-serie-originale-et-je-pense-que-je-lai-trouve\/"},"author":{"name":"Julien","@id":"https:\/\/vieassociative.be\/actualites\/#\/schema\/person\/b87ac4f82f9d4e7b7cec7395b679edc4"},"headline":"Netflix a admis avoir utilis\u00e9 une IA g\u00e9n\u00e9rative dans une s\u00e9rie originale, et je pense que je l&rsquo;ai trouv\u00e9","datePublished":"2025-07-19T13:18:10+00:00","dateModified":"2025-07-19T13:18:10+00:00","mainEntityOfPage":{"@id":"https:\/\/vieassociative.be\/actualites\/netflix-a-admis-avoir-utilise-une-ia-generative-dans-une-serie-originale-et-je-pense-que-je-lai-trouve\/"},"wordCount":1577,"publisher":{"@id":"https:\/\/vieassociative.be\/actualites\/#organization"},"image":{"@id":"https:\/\/vieassociative.be\/actualites\/netflix-a-admis-avoir-utilise-une-ia-generative-dans-une-serie-originale-et-je-pense-que-je-lai-trouve\/#primaryimage"},"thumbnailUrl":"https:\/\/vieassociative.be\/actualites\/wp-content\/uploads\/2025\/07\/Netflix-a-admis-avoir-utilise-une-IA-generative-dans-une.jpg","keywords":["admis","avoir","dans","g\u00e9n\u00e9rative","lai","Netflix","originale","pense","s\u00e9rie","trouv\u00e9","une","utilise"],"articleSection":["Divertissement"],"inLanguage":"fr-BE"},{"@type":"WebPage","@id":"https:\/\/vieassociative.be\/actualites\/netflix-a-admis-avoir-utilise-une-ia-generative-dans-une-serie-originale-et-je-pense-que-je-lai-trouve\/","url":"https:\/\/vieassociative.be\/actualites\/netflix-a-admis-avoir-utilise-une-ia-generative-dans-une-serie-originale-et-je-pense-que-je-lai-trouve\/","name":"Netflix a admis avoir utilis\u00e9 une IA g\u00e9n\u00e9rative dans une s\u00e9rie originale, et je pense que je l'ai trouv\u00e9 | Vie Associative","isPartOf":{"@id":"https:\/\/vieassociative.be\/actualites\/#website"},"primaryImageOfPage":{"@id":"https:\/\/vieassociative.be\/actualites\/netflix-a-admis-avoir-utilise-une-ia-generative-dans-une-serie-originale-et-je-pense-que-je-lai-trouve\/#primaryimage"},"image":{"@id":"https:\/\/vieassociative.be\/actualites\/netflix-a-admis-avoir-utilise-une-ia-generative-dans-une-serie-originale-et-je-pense-que-je-lai-trouve\/#primaryimage"},"thumbnailUrl":"https:\/\/vieassociative.be\/actualites\/wp-content\/uploads\/2025\/07\/Netflix-a-admis-avoir-utilise-une-IA-generative-dans-une.jpg","datePublished":"2025-07-19T13:18:10+00:00","dateModified":"2025-07-19T13:18:10+00:00","breadcrumb":{"@id":"https:\/\/vieassociative.be\/actualites\/netflix-a-admis-avoir-utilise-une-ia-generative-dans-une-serie-originale-et-je-pense-que-je-lai-trouve\/#breadcrumb"},"inLanguage":"fr-BE","potentialAction":[{"@type":"ReadAction","target":["https:\/\/vieassociative.be\/actualites\/netflix-a-admis-avoir-utilise-une-ia-generative-dans-une-serie-originale-et-je-pense-que-je-lai-trouve\/"]}]},{"@type":"ImageObject","inLanguage":"fr-BE","@id":"https:\/\/vieassociative.be\/actualites\/netflix-a-admis-avoir-utilise-une-ia-generative-dans-une-serie-originale-et-je-pense-que-je-lai-trouve\/#primaryimage","url":"https:\/\/vieassociative.be\/actualites\/wp-content\/uploads\/2025\/07\/Netflix-a-admis-avoir-utilise-une-IA-generative-dans-une.jpg","contentUrl":"https:\/\/vieassociative.be\/actualites\/wp-content\/uploads\/2025\/07\/Netflix-a-admis-avoir-utilise-une-IA-generative-dans-une.jpg","width":1200,"height":675,"caption":"Netflix a admis avoir utilis\u00e9 une IA g\u00e9n\u00e9rative dans une s\u00e9rie originale, et je pense que je l'ai trouv\u00e9"},{"@type":"BreadcrumbList","@id":"https:\/\/vieassociative.be\/actualites\/netflix-a-admis-avoir-utilise-une-ia-generative-dans-une-serie-originale-et-je-pense-que-je-lai-trouve\/#breadcrumb","itemListElement":[{"@type":"ListItem","position":1,"name":"Accueil","item":"https:\/\/vieassociative.be\/actualites\/"},{"@type":"ListItem","position":2,"name":"Netflix a admis avoir utilis\u00e9 une IA g\u00e9n\u00e9rative dans une s\u00e9rie originale, et je pense que je l&rsquo;ai trouv\u00e9"}]},{"@type":"WebSite","@id":"https:\/\/vieassociative.be\/actualites\/#website","url":"https:\/\/vieassociative.be\/actualites\/","name":"Vie Associative","description":"","publisher":{"@id":"https:\/\/vieassociative.be\/actualites\/#organization"},"potentialAction":[{"@type":"SearchAction","target":{"@type":"EntryPoint","urlTemplate":"https:\/\/vieassociative.be\/actualites\/?s={search_term_string}"},"query-input":{"@type":"PropertyValueSpecification","valueRequired":true,"valueName":"search_term_string"}}],"inLanguage":"fr-BE"},{"@type":"Organization","@id":"https:\/\/vieassociative.be\/actualites\/#organization","name":"Vie Associative","url":"https:\/\/vieassociative.be\/actualites\/","logo":{"@type":"ImageObject","inLanguage":"fr-BE","@id":"https:\/\/vieassociative.be\/actualites\/#\/schema\/logo\/image\/","url":"https:\/\/vieassociative.be\/actualites\/wp-content\/uploads\/2024\/09\/cropped-vieassociative_favicon.ico.png","contentUrl":"https:\/\/vieassociative.be\/actualites\/wp-content\/uploads\/2024\/09\/cropped-vieassociative_favicon.ico.png","width":512,"height":512,"caption":"Vie Associative"},"image":{"@id":"https:\/\/vieassociative.be\/actualites\/#\/schema\/logo\/image\/"}},{"@type":"Person","@id":"https:\/\/vieassociative.be\/actualites\/#\/schema\/person\/b87ac4f82f9d4e7b7cec7395b679edc4","name":"Julien","image":{"@type":"ImageObject","inLanguage":"fr-BE","@id":"https:\/\/vieassociative.be\/actualites\/#\/schema\/person\/image\/","url":"https:\/\/vieassociative.be\/actualites\/wp-content\/uploads\/2024\/09\/vie-associative-1-150x150.jpg","contentUrl":"https:\/\/vieassociative.be\/actualites\/wp-content\/uploads\/2024\/09\/vie-associative-1-150x150.jpg","caption":"Julien"},"description":"Je suis Julien, r\u00e9dacteur pour Vie Associative. Passionn\u00e9 par le monde associatif depuis plus de 10 ans, j'ai \u00e0 c\u0153ur de partager des histoires inspirantes et de mettre en lumi\u00e8re les initiatives locales. Mon objectif est de sensibiliser et d'encourager l'engagement communautaire \u00e0 travers mes articles.","sameAs":["https:\/\/vieassociative.be\/"]}]}},"_links":{"self":[{"href":"https:\/\/vieassociative.be\/actualites\/wp-json\/wp\/v2\/posts\/8863"}],"collection":[{"href":"https:\/\/vieassociative.be\/actualites\/wp-json\/wp\/v2\/posts"}],"about":[{"href":"https:\/\/vieassociative.be\/actualites\/wp-json\/wp\/v2\/types\/post"}],"author":[{"embeddable":true,"href":"https:\/\/vieassociative.be\/actualites\/wp-json\/wp\/v2\/users\/1"}],"replies":[{"embeddable":true,"href":"https:\/\/vieassociative.be\/actualites\/wp-json\/wp\/v2\/comments?post=8863"}],"version-history":[{"count":0,"href":"https:\/\/vieassociative.be\/actualites\/wp-json\/wp\/v2\/posts\/8863\/revisions"}],"wp:featuredmedia":[{"embeddable":true,"href":"https:\/\/vieassociative.be\/actualites\/wp-json\/wp\/v2\/media\/8864"}],"wp:attachment":[{"href":"https:\/\/vieassociative.be\/actualites\/wp-json\/wp\/v2\/media?parent=8863"}],"wp:term":[{"taxonomy":"category","embeddable":true,"href":"https:\/\/vieassociative.be\/actualites\/wp-json\/wp\/v2\/categories?post=8863"},{"taxonomy":"post_tag","embeddable":true,"href":"https:\/\/vieassociative.be\/actualites\/wp-json\/wp\/v2\/tags?post=8863"}],"curies":[{"name":"wp","href":"https:\/\/api.w.org\/{rel}","templated":true}]}}