{"id":8859,"date":"2025-07-19T10:16:59","date_gmt":"2025-07-19T08:16:59","guid":{"rendered":"https:\/\/vieassociative.be\/actualites\/dg-prend-le-controle-de-linfrastructure-scolaire-sur-le-heidberg-le-transfert-des-batiments-scolaires-sur-kaperberg-suit\/"},"modified":"2025-07-19T10:16:59","modified_gmt":"2025-07-19T08:16:59","slug":"dg-prend-le-controle-de-linfrastructure-scolaire-sur-le-heidberg-le-transfert-des-batiments-scolaires-sur-kaperberg-suit","status":"publish","type":"post","link":"https:\/\/vieassociative.be\/actualites\/dg-prend-le-controle-de-linfrastructure-scolaire-sur-le-heidberg-le-transfert-des-batiments-scolaires-sur-kaperberg-suit\/","title":{"rendered":"DG prend le contr\u00f4le de l&rsquo;infrastructure scolaire sur le Heidberg &#8211; le transfert des b\u00e2timents scolaires sur Kaperberg suit"},"content":{"rendered":"<p><strong>Jeudi, la loi notarienne pour le transfert des b\u00e2timents des \u00e9coles primaires Pater Damian a \u00e9t\u00e9 sign\u00e9e jeudi.<\/strong><\/p>\n<p><span id=\"more-420363\"><\/span>La communaut\u00e9 germanophone, les \u00e9coles \u00e9piscopales de VOG de la DG (BSDG), les \u00e9coles de Vog Damian sur Heidberg et la ville d&rsquo;Eupen ont sign\u00e9.<\/p>\n<p>Le certificat notarial comprend deux composantes majeures: d&rsquo;une part, la propri\u00e9t\u00e9 de la ville d&rsquo;Eupen et des \u00e9coles Vog Pater-Damian du Heidberg est transf\u00e9r\u00e9e d&rsquo;un euro \u00e0 la DG du Heidberg. D&rsquo;un autre c\u00f4t\u00e9, le nouveau propri\u00e9taire, le DG, transf\u00e8re une loi sur la loi sur l&rsquo;h\u00e9ritage au BSDG avec une dur\u00e9e de 99 ans et \u00e0 un taux d&rsquo;int\u00e9r\u00eat \u00e0 bail symbolique annuel d&rsquo;un euro.<\/p>\n<div id=\"attachment_420360\" class=\"wp-caption alignleft\" style=\"max-width: 300px\"><img fetchpriority=\"high\" decoding=\"async\" class=\"wp-image-420360 size-medium\" src=\"https:\/\/vieassociative.be\/actualites\/wp-content\/uploads\/2025\/07\/DG-prend-le-controle-de-linfrastructure-scolaire-sur-le-Heidberg.png\" alt=\"\" width=\"300\" height=\"169\"><\/p>\n<p class=\"wp-caption-text\">VLNR: Brigitte Piel (\u00e9coles \u00e9piscopales VOG dans la DG), Oliver Ernst et Heinz Koch (\u00e9coles de damianes de Vog Pater Am Heidberg), le maire Thomas Lennertz (ville d&rsquo;Eupen) et le ministre de l&rsquo;\u00c9ducation J\u00e9r\u00f4me Franssen (DG). Photos: armoire Franssen<\/p>\n<\/div>\n<p>Avec l&rsquo;hypoth\u00e8se de la propri\u00e9t\u00e9 de la DG, le financement \u00e0 100% des mesures d&rsquo;infrastructure pour ces b\u00e2timents scolaires par la communaut\u00e9. Dans le m\u00eame temps, le locataire maintient l&rsquo;offre scolaire de l&rsquo;autorit\u00e9 scolaire catholique. \u00ab\u00a0La prise de contr\u00f4le est une mesure essentielle pour s\u00e9curiser l&rsquo;infrastructure scolaire \u00e0 long terme\u00a0\u00bb, a d\u00e9clar\u00e9 le ministre de l&rsquo;\u00c9ducation, J\u00e9r\u00f4me Franssen.<\/p>\n<p>Le contrat conclu contient des droits de reddition en faveur de la ville d&rsquo;Eupen et des \u00e9coles Vog Pater Damian dans le cas o\u00f9 le b\u00e2timent n&rsquo;est plus utilis\u00e9 \u00e0 des fins scolaires ou que la loi sur l&rsquo;h\u00e9ritage se termine.<\/p>\n<p>Un mod\u00e8le comparable a \u00e9t\u00e9 mis en \u0153uvre dans l&rsquo;Eifel: la DG a repris les b\u00e2timents du Bib B\u00fcllinggen, de la Maria Goretti School St. Vith et de l&rsquo;Institut technique de l&rsquo;\u00e9cole de l&rsquo;\u00e9v\u00eaque St. Vith.<\/p>\n<p>Dans le m\u00eame temps, travailler sur le transfert de propri\u00e9t\u00e9 des b\u00e2timents scolaires restants du syst\u00e8me d&rsquo;enseignement subventionn\u00e9 gratuit (FSU) sur Kaperberg. L&rsquo;\u00e9cole secondaire PDS y est h\u00e9berg\u00e9e. Ces b\u00e2timents doivent \u00e9galement \u00eatre transf\u00e9r\u00e9s sur la propri\u00e9t\u00e9 de la communaut\u00e9 dans les m\u00eames conditions et transf\u00e9r\u00e9s \u00e0 VOG BSDG par bail. Cela transf\u00e9rerait toutes les infrastructures d&rsquo;enseignement subventionn\u00e9 gratuit \u00e0 la DG. (Cre)<\/p>\n","protected":false},"excerpt":{"rendered":"<p>Jeudi, la loi notarienne pour le transfert des b\u00e2timents des \u00e9coles primaires Pater Damian a \u00e9t\u00e9 sign\u00e9e jeudi. La communaut\u00e9 germanophone, les \u00e9coles \u00e9piscopales de<\/p>\n","protected":false},"author":1,"featured_media":8860,"comment_status":"","ping_status":"","sticky":false,"template":"","format":"standard","meta":{"footnotes":""},"categories":[298],"tags":[7820,360,29,6924,7382,7818,3315,349,3431,5258,33,7819],"class_list":["post-8859","post","type-post","status-publish","format-standard","has-post-thumbnail","hentry","category-belgique","tag-batiments","tag-controle","tag-des","tag-heidberg","tag-kaperberg","tag-linfrastructure","tag-prend","tag-scolaire","tag-scolaires","tag-suit","tag-sur","tag-transfert","generate-columns","tablet-grid-50","mobile-grid-100","grid-parent","grid-33"],"yoast_head":"<!-- This site is optimized with the Yoast SEO plugin v24.0 - https:\/\/yoast.com\/wordpress\/plugins\/seo\/ -->\n<title>DG prend le contr\u00f4le de l&#039;infrastructure scolaire sur le Heidberg - le transfert des b\u00e2timents scolaires sur Kaperberg suit | Vie Associative<\/title>\n<meta name=\"robots\" content=\"index, follow, max-snippet:-1, max-image-preview:large, max-video-preview:-1\" \/>\n<link rel=\"canonical\" href=\"https:\/\/vieassociative.be\/actualites\/dg-prend-le-controle-de-linfrastructure-scolaire-sur-le-heidberg-le-transfert-des-batiments-scolaires-sur-kaperberg-suit\/\" \/>\n<meta property=\"og:locale\" content=\"fr_FR\" \/>\n<meta property=\"og:type\" content=\"article\" \/>\n<meta property=\"og:title\" content=\"DG prend le contr\u00f4le de l&#039;infrastructure scolaire sur le Heidberg - le transfert des b\u00e2timents scolaires sur Kaperberg suit | Vie Associative\" \/>\n<meta property=\"og:description\" content=\"Jeudi, la loi notarienne pour le transfert des b\u00e2timents des \u00e9coles primaires Pater Damian a \u00e9t\u00e9 sign\u00e9e jeudi. La communaut\u00e9 germanophone, les \u00e9coles \u00e9piscopales de\" \/>\n<meta property=\"og:url\" content=\"https:\/\/vieassociative.be\/actualites\/dg-prend-le-controle-de-linfrastructure-scolaire-sur-le-heidberg-le-transfert-des-batiments-scolaires-sur-kaperberg-suit\/\" \/>\n<meta property=\"og:site_name\" content=\"Vie Associative\" \/>\n<meta property=\"article:published_time\" content=\"2025-07-19T08:16:59+00:00\" \/>\n<meta property=\"og:image\" content=\"https:\/\/vieassociative.be\/actualites\/wp-content\/uploads\/2024\/09\/header_backgroundk-01-e1726694325946.png\" \/>\n\t<meta property=\"og:image:width\" content=\"279\" \/>\n\t<meta property=\"og:image:height\" content=\"92\" \/>\n\t<meta property=\"og:image:type\" content=\"image\/png\" \/>\n<meta name=\"author\" content=\"Julien\" \/>\n<meta name=\"twitter:card\" content=\"summary_large_image\" \/>\n<meta name=\"twitter:label1\" content=\"\u00c9crit par\" \/>\n\t<meta name=\"twitter:data1\" content=\"Julien\" \/>\n\t<meta name=\"twitter:label2\" content=\"Dur\u00e9e de lecture est.\" \/>\n\t<meta name=\"twitter:data2\" content=\"2 minutes\" \/>\n<script type=\"application\/ld+json\" class=\"yoast-schema-graph\">{\"@context\":\"https:\/\/schema.org\",\"@graph\":[{\"@type\":\"Article\",\"@id\":\"https:\/\/vieassociative.be\/actualites\/dg-prend-le-controle-de-linfrastructure-scolaire-sur-le-heidberg-le-transfert-des-batiments-scolaires-sur-kaperberg-suit\/#article\",\"isPartOf\":{\"@id\":\"https:\/\/vieassociative.be\/actualites\/dg-prend-le-controle-de-linfrastructure-scolaire-sur-le-heidberg-le-transfert-des-batiments-scolaires-sur-kaperberg-suit\/\"},\"author\":{\"name\":\"Julien\",\"@id\":\"https:\/\/vieassociative.be\/actualites\/#\/schema\/person\/b87ac4f82f9d4e7b7cec7395b679edc4\"},\"headline\":\"DG prend le contr\u00f4le de l&rsquo;infrastructure scolaire sur le Heidberg &#8211; le transfert des b\u00e2timents scolaires sur Kaperberg suit\",\"datePublished\":\"2025-07-19T08:16:59+00:00\",\"dateModified\":\"2025-07-19T08:16:59+00:00\",\"mainEntityOfPage\":{\"@id\":\"https:\/\/vieassociative.be\/actualites\/dg-prend-le-controle-de-linfrastructure-scolaire-sur-le-heidberg-le-transfert-des-batiments-scolaires-sur-kaperberg-suit\/\"},\"wordCount\":427,\"publisher\":{\"@id\":\"https:\/\/vieassociative.be\/actualites\/#organization\"},\"image\":{\"@id\":\"https:\/\/vieassociative.be\/actualites\/dg-prend-le-controle-de-linfrastructure-scolaire-sur-le-heidberg-le-transfert-des-batiments-scolaires-sur-kaperberg-suit\/#primaryimage\"},\"thumbnailUrl\":\"https:\/\/vieassociative.be\/actualites\/wp-content\/uploads\/2025\/07\/DG-prend-le-controle-de-linfrastructure-scolaire-sur-le-Heidberg.jpg\",\"keywords\":[\"b\u00e2timents\",\"contr\u00f4le\",\"Des\",\"Heidberg\",\"Kaperberg\",\"linfrastructure\",\"prend\",\"scolaire\",\"scolaires\",\"suit\",\"sur\",\"transfert\"],\"articleSection\":[\"Belgique\"],\"inLanguage\":\"fr-BE\"},{\"@type\":\"WebPage\",\"@id\":\"https:\/\/vieassociative.be\/actualites\/dg-prend-le-controle-de-linfrastructure-scolaire-sur-le-heidberg-le-transfert-des-batiments-scolaires-sur-kaperberg-suit\/\",\"url\":\"https:\/\/vieassociative.be\/actualites\/dg-prend-le-controle-de-linfrastructure-scolaire-sur-le-heidberg-le-transfert-des-batiments-scolaires-sur-kaperberg-suit\/\",\"name\":\"DG prend le contr\u00f4le de l'infrastructure scolaire sur le Heidberg - le transfert des b\u00e2timents scolaires sur Kaperberg suit | Vie Associative\",\"isPartOf\":{\"@id\":\"https:\/\/vieassociative.be\/actualites\/#website\"},\"primaryImageOfPage\":{\"@id\":\"https:\/\/vieassociative.be\/actualites\/dg-prend-le-controle-de-linfrastructure-scolaire-sur-le-heidberg-le-transfert-des-batiments-scolaires-sur-kaperberg-suit\/#primaryimage\"},\"image\":{\"@id\":\"https:\/\/vieassociative.be\/actualites\/dg-prend-le-controle-de-linfrastructure-scolaire-sur-le-heidberg-le-transfert-des-batiments-scolaires-sur-kaperberg-suit\/#primaryimage\"},\"thumbnailUrl\":\"https:\/\/vieassociative.be\/actualites\/wp-content\/uploads\/2025\/07\/DG-prend-le-controle-de-linfrastructure-scolaire-sur-le-Heidberg.jpg\",\"datePublished\":\"2025-07-19T08:16:59+00:00\",\"dateModified\":\"2025-07-19T08:16:59+00:00\",\"breadcrumb\":{\"@id\":\"https:\/\/vieassociative.be\/actualites\/dg-prend-le-controle-de-linfrastructure-scolaire-sur-le-heidberg-le-transfert-des-batiments-scolaires-sur-kaperberg-suit\/#breadcrumb\"},\"inLanguage\":\"fr-BE\",\"potentialAction\":[{\"@type\":\"ReadAction\",\"target\":[\"https:\/\/vieassociative.be\/actualites\/dg-prend-le-controle-de-linfrastructure-scolaire-sur-le-heidberg-le-transfert-des-batiments-scolaires-sur-kaperberg-suit\/\"]}]},{\"@type\":\"ImageObject\",\"inLanguage\":\"fr-BE\",\"@id\":\"https:\/\/vieassociative.be\/actualites\/dg-prend-le-controle-de-linfrastructure-scolaire-sur-le-heidberg-le-transfert-des-batiments-scolaires-sur-kaperberg-suit\/#primaryimage\",\"url\":\"https:\/\/vieassociative.be\/actualites\/wp-content\/uploads\/2025\/07\/DG-prend-le-controle-de-linfrastructure-scolaire-sur-le-Heidberg.jpg\",\"contentUrl\":\"https:\/\/vieassociative.be\/actualites\/wp-content\/uploads\/2025\/07\/DG-prend-le-controle-de-linfrastructure-scolaire-sur-le-Heidberg.jpg\",\"width\":1200,\"height\":900,\"caption\":\"DG prend le contr\u00f4le de l'infrastructure scolaire sur le Heidberg - le transfert des b\u00e2timents scolaires sur Kaperberg suit\"},{\"@type\":\"BreadcrumbList\",\"@id\":\"https:\/\/vieassociative.be\/actualites\/dg-prend-le-controle-de-linfrastructure-scolaire-sur-le-heidberg-le-transfert-des-batiments-scolaires-sur-kaperberg-suit\/#breadcrumb\",\"itemListElement\":[{\"@type\":\"ListItem\",\"position\":1,\"name\":\"Accueil\",\"item\":\"https:\/\/vieassociative.be\/actualites\/\"},{\"@type\":\"ListItem\",\"position\":2,\"name\":\"DG prend le contr\u00f4le de l&rsquo;infrastructure scolaire sur le Heidberg &#8211; le transfert des b\u00e2timents scolaires sur Kaperberg suit\"}]},{\"@type\":\"WebSite\",\"@id\":\"https:\/\/vieassociative.be\/actualites\/#website\",\"url\":\"https:\/\/vieassociative.be\/actualites\/\",\"name\":\"Vie Associative\",\"description\":\"\",\"publisher\":{\"@id\":\"https:\/\/vieassociative.be\/actualites\/#organization\"},\"potentialAction\":[{\"@type\":\"SearchAction\",\"target\":{\"@type\":\"EntryPoint\",\"urlTemplate\":\"https:\/\/vieassociative.be\/actualites\/?s={search_term_string}\"},\"query-input\":{\"@type\":\"PropertyValueSpecification\",\"valueRequired\":true,\"valueName\":\"search_term_string\"}}],\"inLanguage\":\"fr-BE\"},{\"@type\":\"Organization\",\"@id\":\"https:\/\/vieassociative.be\/actualites\/#organization\",\"name\":\"Vie Associative\",\"url\":\"https:\/\/vieassociative.be\/actualites\/\",\"logo\":{\"@type\":\"ImageObject\",\"inLanguage\":\"fr-BE\",\"@id\":\"https:\/\/vieassociative.be\/actualites\/#\/schema\/logo\/image\/\",\"url\":\"https:\/\/vieassociative.be\/actualites\/wp-content\/uploads\/2024\/09\/cropped-vieassociative_favicon.ico.png\",\"contentUrl\":\"https:\/\/vieassociative.be\/actualites\/wp-content\/uploads\/2024\/09\/cropped-vieassociative_favicon.ico.png\",\"width\":512,\"height\":512,\"caption\":\"Vie Associative\"},\"image\":{\"@id\":\"https:\/\/vieassociative.be\/actualites\/#\/schema\/logo\/image\/\"}},{\"@type\":\"Person\",\"@id\":\"https:\/\/vieassociative.be\/actualites\/#\/schema\/person\/b87ac4f82f9d4e7b7cec7395b679edc4\",\"name\":\"Julien\",\"image\":{\"@type\":\"ImageObject\",\"inLanguage\":\"fr-BE\",\"@id\":\"https:\/\/vieassociative.be\/actualites\/#\/schema\/person\/image\/\",\"url\":\"https:\/\/vieassociative.be\/actualites\/wp-content\/uploads\/2024\/09\/vie-associative-1-150x150.jpg\",\"contentUrl\":\"https:\/\/vieassociative.be\/actualites\/wp-content\/uploads\/2024\/09\/vie-associative-1-150x150.jpg\",\"caption\":\"Julien\"},\"description\":\"Je suis Julien, r\u00e9dacteur pour Vie Associative. Passionn\u00e9 par le monde associatif depuis plus de 10 ans, j'ai \u00e0 c\u0153ur de partager des histoires inspirantes et de mettre en lumi\u00e8re les initiatives locales. Mon objectif est de sensibiliser et d'encourager l'engagement communautaire \u00e0 travers mes articles.\",\"sameAs\":[\"https:\/\/vieassociative.be\/\"]}]}<\/script>\n<!-- \/ Yoast SEO plugin. -->","yoast_head_json":{"title":"DG prend le contr\u00f4le de l'infrastructure scolaire sur le Heidberg - le transfert des b\u00e2timents scolaires sur Kaperberg suit | Vie Associative","robots":{"index":"index","follow":"follow","max-snippet":"max-snippet:-1","max-image-preview":"max-image-preview:large","max-video-preview":"max-video-preview:-1"},"canonical":"https:\/\/vieassociative.be\/actualites\/dg-prend-le-controle-de-linfrastructure-scolaire-sur-le-heidberg-le-transfert-des-batiments-scolaires-sur-kaperberg-suit\/","og_locale":"fr_FR","og_type":"article","og_title":"DG prend le contr\u00f4le de l'infrastructure scolaire sur le Heidberg - le transfert des b\u00e2timents scolaires sur Kaperberg suit | Vie Associative","og_description":"Jeudi, la loi notarienne pour le transfert des b\u00e2timents des \u00e9coles primaires Pater Damian a \u00e9t\u00e9 sign\u00e9e jeudi. La communaut\u00e9 germanophone, les \u00e9coles \u00e9piscopales de","og_url":"https:\/\/vieassociative.be\/actualites\/dg-prend-le-controle-de-linfrastructure-scolaire-sur-le-heidberg-le-transfert-des-batiments-scolaires-sur-kaperberg-suit\/","og_site_name":"Vie Associative","article_published_time":"2025-07-19T08:16:59+00:00","og_image":[{"width":279,"height":92,"url":"https:\/\/vieassociative.be\/actualites\/wp-content\/uploads\/2024\/09\/header_backgroundk-01-e1726694325946.png","type":"image\/png"}],"author":"Julien","twitter_card":"summary_large_image","twitter_misc":{"\u00c9crit par":"Julien","Dur\u00e9e de lecture est.":"2 minutes"},"schema":{"@context":"https:\/\/schema.org","@graph":[{"@type":"Article","@id":"https:\/\/vieassociative.be\/actualites\/dg-prend-le-controle-de-linfrastructure-scolaire-sur-le-heidberg-le-transfert-des-batiments-scolaires-sur-kaperberg-suit\/#article","isPartOf":{"@id":"https:\/\/vieassociative.be\/actualites\/dg-prend-le-controle-de-linfrastructure-scolaire-sur-le-heidberg-le-transfert-des-batiments-scolaires-sur-kaperberg-suit\/"},"author":{"name":"Julien","@id":"https:\/\/vieassociative.be\/actualites\/#\/schema\/person\/b87ac4f82f9d4e7b7cec7395b679edc4"},"headline":"DG prend le contr\u00f4le de l&rsquo;infrastructure scolaire sur le Heidberg &#8211; le transfert des b\u00e2timents scolaires sur Kaperberg suit","datePublished":"2025-07-19T08:16:59+00:00","dateModified":"2025-07-19T08:16:59+00:00","mainEntityOfPage":{"@id":"https:\/\/vieassociative.be\/actualites\/dg-prend-le-controle-de-linfrastructure-scolaire-sur-le-heidberg-le-transfert-des-batiments-scolaires-sur-kaperberg-suit\/"},"wordCount":427,"publisher":{"@id":"https:\/\/vieassociative.be\/actualites\/#organization"},"image":{"@id":"https:\/\/vieassociative.be\/actualites\/dg-prend-le-controle-de-linfrastructure-scolaire-sur-le-heidberg-le-transfert-des-batiments-scolaires-sur-kaperberg-suit\/#primaryimage"},"thumbnailUrl":"https:\/\/vieassociative.be\/actualites\/wp-content\/uploads\/2025\/07\/DG-prend-le-controle-de-linfrastructure-scolaire-sur-le-Heidberg.jpg","keywords":["b\u00e2timents","contr\u00f4le","Des","Heidberg","Kaperberg","linfrastructure","prend","scolaire","scolaires","suit","sur","transfert"],"articleSection":["Belgique"],"inLanguage":"fr-BE"},{"@type":"WebPage","@id":"https:\/\/vieassociative.be\/actualites\/dg-prend-le-controle-de-linfrastructure-scolaire-sur-le-heidberg-le-transfert-des-batiments-scolaires-sur-kaperberg-suit\/","url":"https:\/\/vieassociative.be\/actualites\/dg-prend-le-controle-de-linfrastructure-scolaire-sur-le-heidberg-le-transfert-des-batiments-scolaires-sur-kaperberg-suit\/","name":"DG prend le contr\u00f4le de l'infrastructure scolaire sur le Heidberg - le transfert des b\u00e2timents scolaires sur Kaperberg suit | Vie Associative","isPartOf":{"@id":"https:\/\/vieassociative.be\/actualites\/#website"},"primaryImageOfPage":{"@id":"https:\/\/vieassociative.be\/actualites\/dg-prend-le-controle-de-linfrastructure-scolaire-sur-le-heidberg-le-transfert-des-batiments-scolaires-sur-kaperberg-suit\/#primaryimage"},"image":{"@id":"https:\/\/vieassociative.be\/actualites\/dg-prend-le-controle-de-linfrastructure-scolaire-sur-le-heidberg-le-transfert-des-batiments-scolaires-sur-kaperberg-suit\/#primaryimage"},"thumbnailUrl":"https:\/\/vieassociative.be\/actualites\/wp-content\/uploads\/2025\/07\/DG-prend-le-controle-de-linfrastructure-scolaire-sur-le-Heidberg.jpg","datePublished":"2025-07-19T08:16:59+00:00","dateModified":"2025-07-19T08:16:59+00:00","breadcrumb":{"@id":"https:\/\/vieassociative.be\/actualites\/dg-prend-le-controle-de-linfrastructure-scolaire-sur-le-heidberg-le-transfert-des-batiments-scolaires-sur-kaperberg-suit\/#breadcrumb"},"inLanguage":"fr-BE","potentialAction":[{"@type":"ReadAction","target":["https:\/\/vieassociative.be\/actualites\/dg-prend-le-controle-de-linfrastructure-scolaire-sur-le-heidberg-le-transfert-des-batiments-scolaires-sur-kaperberg-suit\/"]}]},{"@type":"ImageObject","inLanguage":"fr-BE","@id":"https:\/\/vieassociative.be\/actualites\/dg-prend-le-controle-de-linfrastructure-scolaire-sur-le-heidberg-le-transfert-des-batiments-scolaires-sur-kaperberg-suit\/#primaryimage","url":"https:\/\/vieassociative.be\/actualites\/wp-content\/uploads\/2025\/07\/DG-prend-le-controle-de-linfrastructure-scolaire-sur-le-Heidberg.jpg","contentUrl":"https:\/\/vieassociative.be\/actualites\/wp-content\/uploads\/2025\/07\/DG-prend-le-controle-de-linfrastructure-scolaire-sur-le-Heidberg.jpg","width":1200,"height":900,"caption":"DG prend le contr\u00f4le de l'infrastructure scolaire sur le Heidberg - le transfert des b\u00e2timents scolaires sur Kaperberg suit"},{"@type":"BreadcrumbList","@id":"https:\/\/vieassociative.be\/actualites\/dg-prend-le-controle-de-linfrastructure-scolaire-sur-le-heidberg-le-transfert-des-batiments-scolaires-sur-kaperberg-suit\/#breadcrumb","itemListElement":[{"@type":"ListItem","position":1,"name":"Accueil","item":"https:\/\/vieassociative.be\/actualites\/"},{"@type":"ListItem","position":2,"name":"DG prend le contr\u00f4le de l&rsquo;infrastructure scolaire sur le Heidberg &#8211; le transfert des b\u00e2timents scolaires sur Kaperberg suit"}]},{"@type":"WebSite","@id":"https:\/\/vieassociative.be\/actualites\/#website","url":"https:\/\/vieassociative.be\/actualites\/","name":"Vie Associative","description":"","publisher":{"@id":"https:\/\/vieassociative.be\/actualites\/#organization"},"potentialAction":[{"@type":"SearchAction","target":{"@type":"EntryPoint","urlTemplate":"https:\/\/vieassociative.be\/actualites\/?s={search_term_string}"},"query-input":{"@type":"PropertyValueSpecification","valueRequired":true,"valueName":"search_term_string"}}],"inLanguage":"fr-BE"},{"@type":"Organization","@id":"https:\/\/vieassociative.be\/actualites\/#organization","name":"Vie Associative","url":"https:\/\/vieassociative.be\/actualites\/","logo":{"@type":"ImageObject","inLanguage":"fr-BE","@id":"https:\/\/vieassociative.be\/actualites\/#\/schema\/logo\/image\/","url":"https:\/\/vieassociative.be\/actualites\/wp-content\/uploads\/2024\/09\/cropped-vieassociative_favicon.ico.png","contentUrl":"https:\/\/vieassociative.be\/actualites\/wp-content\/uploads\/2024\/09\/cropped-vieassociative_favicon.ico.png","width":512,"height":512,"caption":"Vie Associative"},"image":{"@id":"https:\/\/vieassociative.be\/actualites\/#\/schema\/logo\/image\/"}},{"@type":"Person","@id":"https:\/\/vieassociative.be\/actualites\/#\/schema\/person\/b87ac4f82f9d4e7b7cec7395b679edc4","name":"Julien","image":{"@type":"ImageObject","inLanguage":"fr-BE","@id":"https:\/\/vieassociative.be\/actualites\/#\/schema\/person\/image\/","url":"https:\/\/vieassociative.be\/actualites\/wp-content\/uploads\/2024\/09\/vie-associative-1-150x150.jpg","contentUrl":"https:\/\/vieassociative.be\/actualites\/wp-content\/uploads\/2024\/09\/vie-associative-1-150x150.jpg","caption":"Julien"},"description":"Je suis Julien, r\u00e9dacteur pour Vie Associative. Passionn\u00e9 par le monde associatif depuis plus de 10 ans, j'ai \u00e0 c\u0153ur de partager des histoires inspirantes et de mettre en lumi\u00e8re les initiatives locales. Mon objectif est de sensibiliser et d'encourager l'engagement communautaire \u00e0 travers mes articles.","sameAs":["https:\/\/vieassociative.be\/"]}]}},"_links":{"self":[{"href":"https:\/\/vieassociative.be\/actualites\/wp-json\/wp\/v2\/posts\/8859"}],"collection":[{"href":"https:\/\/vieassociative.be\/actualites\/wp-json\/wp\/v2\/posts"}],"about":[{"href":"https:\/\/vieassociative.be\/actualites\/wp-json\/wp\/v2\/types\/post"}],"author":[{"embeddable":true,"href":"https:\/\/vieassociative.be\/actualites\/wp-json\/wp\/v2\/users\/1"}],"replies":[{"embeddable":true,"href":"https:\/\/vieassociative.be\/actualites\/wp-json\/wp\/v2\/comments?post=8859"}],"version-history":[{"count":0,"href":"https:\/\/vieassociative.be\/actualites\/wp-json\/wp\/v2\/posts\/8859\/revisions"}],"wp:featuredmedia":[{"embeddable":true,"href":"https:\/\/vieassociative.be\/actualites\/wp-json\/wp\/v2\/media\/8860"}],"wp:attachment":[{"href":"https:\/\/vieassociative.be\/actualites\/wp-json\/wp\/v2\/media?parent=8859"}],"wp:term":[{"taxonomy":"category","embeddable":true,"href":"https:\/\/vieassociative.be\/actualites\/wp-json\/wp\/v2\/categories?post=8859"},{"taxonomy":"post_tag","embeddable":true,"href":"https:\/\/vieassociative.be\/actualites\/wp-json\/wp\/v2\/tags?post=8859"}],"curies":[{"name":"wp","href":"https:\/\/api.w.org\/{rel}","templated":true}]}}