{"id":8853,"date":"2025-07-19T04:17:01","date_gmt":"2025-07-19T02:17:01","guid":{"rendered":"https:\/\/vieassociative.be\/actualites\/foundy-in-namur-bebe-oublie-de-15-mois-dans-la-voiture-boy-meurt-de-surchauffe\/"},"modified":"2025-07-19T04:17:01","modified_gmt":"2025-07-19T02:17:01","slug":"foundy-in-namur-bebe-oublie-de-15-mois-dans-la-voiture-boy-meurt-de-surchauffe","status":"publish","type":"post","link":"https:\/\/vieassociative.be\/actualites\/foundy-in-namur-bebe-oublie-de-15-mois-dans-la-voiture-boy-meurt-de-surchauffe\/","title":{"rendered":"Foundy in Namur: B\u00e9b\u00e9 oubli\u00e9 de 15 mois dans la voiture &#8211; Boy meurt de surchauffe"},"content":{"rendered":"<p><strong>\u00c0 Namur, un p\u00e8re a oubli\u00e9 de livrer son petit fils dans la cr\u00e8che avant d&rsquo;aller travailler. Le b\u00e9b\u00e9 de 15 mois meurt d&rsquo;hyperthermie (surchauffe).<\/strong><\/p>\n<p><span id=\"more-420382\"><\/span>L&rsquo;incident tragique s&rsquo;est produit jeudi dans le parking d&rsquo;une boutique sp\u00e9cialis\u00e9e \u00e0 Erpent \u00e0 Namur). Un homme de famille devrait abandonner son enfant, un gar\u00e7on de 15 mois, le matin avant de travailler dans le berceau. Comme il n&rsquo;\u00e9tait pas habitu\u00e9 \u00e0 amener le b\u00e9b\u00e9 au berceau, il a oubli\u00e9 &#8211; avec des cons\u00e9quences tragiques qui ne l\u00e2cheront probablement plus le p\u00e8re tout au long de sa vie.<\/p>\n<p>\u00c0 la fin de la journ\u00e9e, les grands-parents sont all\u00e9s au berceau pour ramasser le gar\u00e7on \u00e0 nouveau. \u00c0 ce moment, le fait est devenu connu.<\/p>\n<\/p>\n<div id=\"attachment_418801\" class=\"wp-caption alignnone\" style=\"max-width: 300px\"><img fetchpriority=\"high\" decoding=\"async\" src=\"https:\/\/vieassociative.be\/actualites\/wp-content\/uploads\/2025\/07\/Foundy-in-Namur-Bebe-oublie-de-15-mois-dans-la.jpg\" alt=\"\" width=\"300\" height=\"232\" class=\"size-medium wp-image-418801\"><\/p>\n<p class=\"wp-caption-text\">Illustration: Shutterstock<\/p>\n<\/div>\n<p>Un m\u00e9decin l\u00e9giste a \u00e9t\u00e9 nomm\u00e9 qui est arriv\u00e9 \u00e0 la conclusion qu&rsquo;il n&rsquo;y avait aucune influence ext\u00e9rieure et que la mort a \u00e9t\u00e9 caus\u00e9e par l&rsquo;hyperthermie.<\/p>\n<p>Une enqu\u00eate judiciaire pour le meurtre par n\u00e9gligence a \u00e9t\u00e9 lanc\u00e9e. Le procureur Namur d\u00e9clare qu&rsquo;elle ne fournira aucune autre information pour prot\u00e9ger la famille.<\/p>\n<p>Des cas tragiques comme celui-ci secouent le public chaque \u00e9t\u00e9. Avant le d\u00e9but de la saison chaude, les autorit\u00e9s polici\u00e8res et les clubs automobiles tels que la tourn\u00e9e ou l&rsquo;ADAC relient des conseils r\u00e9guliers pour que les propri\u00e9taires se prot\u00e9gent des cambrioleurs pendant leur absence pour des voyages de vacances, ou pour les conducteurs ce qu&rsquo;ils peuvent faire pour \u00e9viter les amendes ou d&rsquo;autres surprises d\u00e9sagr\u00e9ables lors de leur voyage \u00e0 l&rsquo;\u00e9tranger. Apparemment, il n&rsquo;est pas souvent soulign\u00e9 aux dangers pour les enfants qui sont simplement oubli\u00e9s. (Cre)<\/p>\n","protected":false},"excerpt":{"rendered":"<p>\u00c0 Namur, un p\u00e8re a oubli\u00e9 de livrer son petit fils dans la cr\u00e8che avant d&rsquo;aller travailler. Le b\u00e9b\u00e9 de 15 mois meurt d&rsquo;hyperthermie (surchauffe).<\/p>\n","protected":false},"author":1,"featured_media":8854,"comment_status":"","ping_status":"","sticky":false,"template":"","format":"standard","meta":{"footnotes":""},"categories":[298],"tags":[180,7813,166,7812,7814,232,6417,3548,7815,1229],"class_list":["post-8853","post","type-post","status-publish","format-standard","has-post-thumbnail","hentry","category-belgique","tag-bebe","tag-boy","tag-dans","tag-foundy","tag-meurt","tag-mois","tag-namur","tag-oublie","tag-surchauffe","tag-voiture","generate-columns","tablet-grid-50","mobile-grid-100","grid-parent","grid-33"],"yoast_head":"<!-- This site is optimized with the Yoast SEO plugin v24.0 - https:\/\/yoast.com\/wordpress\/plugins\/seo\/ -->\n<title>Foundy in Namur: B\u00e9b\u00e9 oubli\u00e9 de 15 mois dans la voiture - Boy meurt de surchauffe | Vie Associative<\/title>\n<meta name=\"robots\" content=\"index, follow, max-snippet:-1, max-image-preview:large, max-video-preview:-1\" \/>\n<link rel=\"canonical\" href=\"https:\/\/vieassociative.be\/actualites\/foundy-in-namur-bebe-oublie-de-15-mois-dans-la-voiture-boy-meurt-de-surchauffe\/\" \/>\n<meta property=\"og:locale\" content=\"fr_FR\" \/>\n<meta property=\"og:type\" content=\"article\" \/>\n<meta property=\"og:title\" content=\"Foundy in Namur: B\u00e9b\u00e9 oubli\u00e9 de 15 mois dans la voiture - Boy meurt de surchauffe | Vie Associative\" \/>\n<meta property=\"og:description\" content=\"\u00c0 Namur, un p\u00e8re a oubli\u00e9 de livrer son petit fils dans la cr\u00e8che avant d&rsquo;aller travailler. Le b\u00e9b\u00e9 de 15 mois meurt d&rsquo;hyperthermie (surchauffe).\" \/>\n<meta property=\"og:url\" content=\"https:\/\/vieassociative.be\/actualites\/foundy-in-namur-bebe-oublie-de-15-mois-dans-la-voiture-boy-meurt-de-surchauffe\/\" \/>\n<meta property=\"og:site_name\" content=\"Vie Associative\" \/>\n<meta property=\"article:published_time\" content=\"2025-07-19T02:17:01+00:00\" \/>\n<meta property=\"og:image\" content=\"https:\/\/vieassociative.be\/actualites\/wp-content\/uploads\/2024\/09\/header_backgroundk-01-e1726694325946.png\" \/>\n\t<meta property=\"og:image:width\" content=\"279\" \/>\n\t<meta property=\"og:image:height\" content=\"92\" \/>\n\t<meta property=\"og:image:type\" content=\"image\/png\" \/>\n<meta name=\"author\" content=\"Julien\" \/>\n<meta name=\"twitter:card\" content=\"summary_large_image\" \/>\n<meta name=\"twitter:label1\" content=\"\u00c9crit par\" \/>\n\t<meta name=\"twitter:data1\" content=\"Julien\" \/>\n\t<meta name=\"twitter:label2\" content=\"Dur\u00e9e de lecture est.\" \/>\n\t<meta name=\"twitter:data2\" content=\"1 minute\" \/>\n<script type=\"application\/ld+json\" class=\"yoast-schema-graph\">{\"@context\":\"https:\/\/schema.org\",\"@graph\":[{\"@type\":\"Article\",\"@id\":\"https:\/\/vieassociative.be\/actualites\/foundy-in-namur-bebe-oublie-de-15-mois-dans-la-voiture-boy-meurt-de-surchauffe\/#article\",\"isPartOf\":{\"@id\":\"https:\/\/vieassociative.be\/actualites\/foundy-in-namur-bebe-oublie-de-15-mois-dans-la-voiture-boy-meurt-de-surchauffe\/\"},\"author\":{\"name\":\"Julien\",\"@id\":\"https:\/\/vieassociative.be\/actualites\/#\/schema\/person\/b87ac4f82f9d4e7b7cec7395b679edc4\"},\"headline\":\"Foundy in Namur: B\u00e9b\u00e9 oubli\u00e9 de 15 mois dans la voiture &#8211; Boy meurt de surchauffe\",\"datePublished\":\"2025-07-19T02:17:01+00:00\",\"dateModified\":\"2025-07-19T02:17:01+00:00\",\"mainEntityOfPage\":{\"@id\":\"https:\/\/vieassociative.be\/actualites\/foundy-in-namur-bebe-oublie-de-15-mois-dans-la-voiture-boy-meurt-de-surchauffe\/\"},\"wordCount\":313,\"publisher\":{\"@id\":\"https:\/\/vieassociative.be\/actualites\/#organization\"},\"image\":{\"@id\":\"https:\/\/vieassociative.be\/actualites\/foundy-in-namur-bebe-oublie-de-15-mois-dans-la-voiture-boy-meurt-de-surchauffe\/#primaryimage\"},\"thumbnailUrl\":\"https:\/\/vieassociative.be\/actualites\/wp-content\/uploads\/2025\/07\/1752891422_Foundy-in-Namur-Bebe-oublie-de-15-mois-dans-la.jpg\",\"keywords\":[\"b\u00e9b\u00e9\",\"Boy\",\"dans\",\"Foundy\",\"meurt\",\"mois\",\"Namur\",\"oubli\u00e9\",\"surchauffe\",\"voiture\"],\"articleSection\":[\"Belgique\"],\"inLanguage\":\"fr-BE\"},{\"@type\":\"WebPage\",\"@id\":\"https:\/\/vieassociative.be\/actualites\/foundy-in-namur-bebe-oublie-de-15-mois-dans-la-voiture-boy-meurt-de-surchauffe\/\",\"url\":\"https:\/\/vieassociative.be\/actualites\/foundy-in-namur-bebe-oublie-de-15-mois-dans-la-voiture-boy-meurt-de-surchauffe\/\",\"name\":\"Foundy in Namur: B\u00e9b\u00e9 oubli\u00e9 de 15 mois dans la voiture - Boy meurt de surchauffe | Vie Associative\",\"isPartOf\":{\"@id\":\"https:\/\/vieassociative.be\/actualites\/#website\"},\"primaryImageOfPage\":{\"@id\":\"https:\/\/vieassociative.be\/actualites\/foundy-in-namur-bebe-oublie-de-15-mois-dans-la-voiture-boy-meurt-de-surchauffe\/#primaryimage\"},\"image\":{\"@id\":\"https:\/\/vieassociative.be\/actualites\/foundy-in-namur-bebe-oublie-de-15-mois-dans-la-voiture-boy-meurt-de-surchauffe\/#primaryimage\"},\"thumbnailUrl\":\"https:\/\/vieassociative.be\/actualites\/wp-content\/uploads\/2025\/07\/1752891422_Foundy-in-Namur-Bebe-oublie-de-15-mois-dans-la.jpg\",\"datePublished\":\"2025-07-19T02:17:01+00:00\",\"dateModified\":\"2025-07-19T02:17:01+00:00\",\"breadcrumb\":{\"@id\":\"https:\/\/vieassociative.be\/actualites\/foundy-in-namur-bebe-oublie-de-15-mois-dans-la-voiture-boy-meurt-de-surchauffe\/#breadcrumb\"},\"inLanguage\":\"fr-BE\",\"potentialAction\":[{\"@type\":\"ReadAction\",\"target\":[\"https:\/\/vieassociative.be\/actualites\/foundy-in-namur-bebe-oublie-de-15-mois-dans-la-voiture-boy-meurt-de-surchauffe\/\"]}]},{\"@type\":\"ImageObject\",\"inLanguage\":\"fr-BE\",\"@id\":\"https:\/\/vieassociative.be\/actualites\/foundy-in-namur-bebe-oublie-de-15-mois-dans-la-voiture-boy-meurt-de-surchauffe\/#primaryimage\",\"url\":\"https:\/\/vieassociative.be\/actualites\/wp-content\/uploads\/2025\/07\/1752891422_Foundy-in-Namur-Bebe-oublie-de-15-mois-dans-la.jpg\",\"contentUrl\":\"https:\/\/vieassociative.be\/actualites\/wp-content\/uploads\/2025\/07\/1752891422_Foundy-in-Namur-Bebe-oublie-de-15-mois-dans-la.jpg\",\"width\":1200,\"height\":800,\"caption\":\"Foundy in Namur: B\u00e9b\u00e9 oubli\u00e9 de 15 mois dans la voiture - Boy meurt de surchauffe\"},{\"@type\":\"BreadcrumbList\",\"@id\":\"https:\/\/vieassociative.be\/actualites\/foundy-in-namur-bebe-oublie-de-15-mois-dans-la-voiture-boy-meurt-de-surchauffe\/#breadcrumb\",\"itemListElement\":[{\"@type\":\"ListItem\",\"position\":1,\"name\":\"Accueil\",\"item\":\"https:\/\/vieassociative.be\/actualites\/\"},{\"@type\":\"ListItem\",\"position\":2,\"name\":\"Foundy in Namur: B\u00e9b\u00e9 oubli\u00e9 de 15 mois dans la voiture &#8211; Boy meurt de surchauffe\"}]},{\"@type\":\"WebSite\",\"@id\":\"https:\/\/vieassociative.be\/actualites\/#website\",\"url\":\"https:\/\/vieassociative.be\/actualites\/\",\"name\":\"Vie Associative\",\"description\":\"\",\"publisher\":{\"@id\":\"https:\/\/vieassociative.be\/actualites\/#organization\"},\"potentialAction\":[{\"@type\":\"SearchAction\",\"target\":{\"@type\":\"EntryPoint\",\"urlTemplate\":\"https:\/\/vieassociative.be\/actualites\/?s={search_term_string}\"},\"query-input\":{\"@type\":\"PropertyValueSpecification\",\"valueRequired\":true,\"valueName\":\"search_term_string\"}}],\"inLanguage\":\"fr-BE\"},{\"@type\":\"Organization\",\"@id\":\"https:\/\/vieassociative.be\/actualites\/#organization\",\"name\":\"Vie Associative\",\"url\":\"https:\/\/vieassociative.be\/actualites\/\",\"logo\":{\"@type\":\"ImageObject\",\"inLanguage\":\"fr-BE\",\"@id\":\"https:\/\/vieassociative.be\/actualites\/#\/schema\/logo\/image\/\",\"url\":\"https:\/\/vieassociative.be\/actualites\/wp-content\/uploads\/2024\/09\/cropped-vieassociative_favicon.ico.png\",\"contentUrl\":\"https:\/\/vieassociative.be\/actualites\/wp-content\/uploads\/2024\/09\/cropped-vieassociative_favicon.ico.png\",\"width\":512,\"height\":512,\"caption\":\"Vie Associative\"},\"image\":{\"@id\":\"https:\/\/vieassociative.be\/actualites\/#\/schema\/logo\/image\/\"}},{\"@type\":\"Person\",\"@id\":\"https:\/\/vieassociative.be\/actualites\/#\/schema\/person\/b87ac4f82f9d4e7b7cec7395b679edc4\",\"name\":\"Julien\",\"image\":{\"@type\":\"ImageObject\",\"inLanguage\":\"fr-BE\",\"@id\":\"https:\/\/vieassociative.be\/actualites\/#\/schema\/person\/image\/\",\"url\":\"https:\/\/vieassociative.be\/actualites\/wp-content\/uploads\/2024\/09\/vie-associative-1-150x150.jpg\",\"contentUrl\":\"https:\/\/vieassociative.be\/actualites\/wp-content\/uploads\/2024\/09\/vie-associative-1-150x150.jpg\",\"caption\":\"Julien\"},\"description\":\"Je suis Julien, r\u00e9dacteur pour Vie Associative. Passionn\u00e9 par le monde associatif depuis plus de 10 ans, j'ai \u00e0 c\u0153ur de partager des histoires inspirantes et de mettre en lumi\u00e8re les initiatives locales. Mon objectif est de sensibiliser et d'encourager l'engagement communautaire \u00e0 travers mes articles.\",\"sameAs\":[\"https:\/\/vieassociative.be\/\"]}]}<\/script>\n<!-- \/ Yoast SEO plugin. -->","yoast_head_json":{"title":"Foundy in Namur: B\u00e9b\u00e9 oubli\u00e9 de 15 mois dans la voiture - Boy meurt de surchauffe | Vie Associative","robots":{"index":"index","follow":"follow","max-snippet":"max-snippet:-1","max-image-preview":"max-image-preview:large","max-video-preview":"max-video-preview:-1"},"canonical":"https:\/\/vieassociative.be\/actualites\/foundy-in-namur-bebe-oublie-de-15-mois-dans-la-voiture-boy-meurt-de-surchauffe\/","og_locale":"fr_FR","og_type":"article","og_title":"Foundy in Namur: B\u00e9b\u00e9 oubli\u00e9 de 15 mois dans la voiture - Boy meurt de surchauffe | Vie Associative","og_description":"\u00c0 Namur, un p\u00e8re a oubli\u00e9 de livrer son petit fils dans la cr\u00e8che avant d&rsquo;aller travailler. Le b\u00e9b\u00e9 de 15 mois meurt d&rsquo;hyperthermie (surchauffe).","og_url":"https:\/\/vieassociative.be\/actualites\/foundy-in-namur-bebe-oublie-de-15-mois-dans-la-voiture-boy-meurt-de-surchauffe\/","og_site_name":"Vie Associative","article_published_time":"2025-07-19T02:17:01+00:00","og_image":[{"width":279,"height":92,"url":"https:\/\/vieassociative.be\/actualites\/wp-content\/uploads\/2024\/09\/header_backgroundk-01-e1726694325946.png","type":"image\/png"}],"author":"Julien","twitter_card":"summary_large_image","twitter_misc":{"\u00c9crit par":"Julien","Dur\u00e9e de lecture est.":"1 minute"},"schema":{"@context":"https:\/\/schema.org","@graph":[{"@type":"Article","@id":"https:\/\/vieassociative.be\/actualites\/foundy-in-namur-bebe-oublie-de-15-mois-dans-la-voiture-boy-meurt-de-surchauffe\/#article","isPartOf":{"@id":"https:\/\/vieassociative.be\/actualites\/foundy-in-namur-bebe-oublie-de-15-mois-dans-la-voiture-boy-meurt-de-surchauffe\/"},"author":{"name":"Julien","@id":"https:\/\/vieassociative.be\/actualites\/#\/schema\/person\/b87ac4f82f9d4e7b7cec7395b679edc4"},"headline":"Foundy in Namur: B\u00e9b\u00e9 oubli\u00e9 de 15 mois dans la voiture &#8211; Boy meurt de surchauffe","datePublished":"2025-07-19T02:17:01+00:00","dateModified":"2025-07-19T02:17:01+00:00","mainEntityOfPage":{"@id":"https:\/\/vieassociative.be\/actualites\/foundy-in-namur-bebe-oublie-de-15-mois-dans-la-voiture-boy-meurt-de-surchauffe\/"},"wordCount":313,"publisher":{"@id":"https:\/\/vieassociative.be\/actualites\/#organization"},"image":{"@id":"https:\/\/vieassociative.be\/actualites\/foundy-in-namur-bebe-oublie-de-15-mois-dans-la-voiture-boy-meurt-de-surchauffe\/#primaryimage"},"thumbnailUrl":"https:\/\/vieassociative.be\/actualites\/wp-content\/uploads\/2025\/07\/1752891422_Foundy-in-Namur-Bebe-oublie-de-15-mois-dans-la.jpg","keywords":["b\u00e9b\u00e9","Boy","dans","Foundy","meurt","mois","Namur","oubli\u00e9","surchauffe","voiture"],"articleSection":["Belgique"],"inLanguage":"fr-BE"},{"@type":"WebPage","@id":"https:\/\/vieassociative.be\/actualites\/foundy-in-namur-bebe-oublie-de-15-mois-dans-la-voiture-boy-meurt-de-surchauffe\/","url":"https:\/\/vieassociative.be\/actualites\/foundy-in-namur-bebe-oublie-de-15-mois-dans-la-voiture-boy-meurt-de-surchauffe\/","name":"Foundy in Namur: B\u00e9b\u00e9 oubli\u00e9 de 15 mois dans la voiture - Boy meurt de surchauffe | Vie Associative","isPartOf":{"@id":"https:\/\/vieassociative.be\/actualites\/#website"},"primaryImageOfPage":{"@id":"https:\/\/vieassociative.be\/actualites\/foundy-in-namur-bebe-oublie-de-15-mois-dans-la-voiture-boy-meurt-de-surchauffe\/#primaryimage"},"image":{"@id":"https:\/\/vieassociative.be\/actualites\/foundy-in-namur-bebe-oublie-de-15-mois-dans-la-voiture-boy-meurt-de-surchauffe\/#primaryimage"},"thumbnailUrl":"https:\/\/vieassociative.be\/actualites\/wp-content\/uploads\/2025\/07\/1752891422_Foundy-in-Namur-Bebe-oublie-de-15-mois-dans-la.jpg","datePublished":"2025-07-19T02:17:01+00:00","dateModified":"2025-07-19T02:17:01+00:00","breadcrumb":{"@id":"https:\/\/vieassociative.be\/actualites\/foundy-in-namur-bebe-oublie-de-15-mois-dans-la-voiture-boy-meurt-de-surchauffe\/#breadcrumb"},"inLanguage":"fr-BE","potentialAction":[{"@type":"ReadAction","target":["https:\/\/vieassociative.be\/actualites\/foundy-in-namur-bebe-oublie-de-15-mois-dans-la-voiture-boy-meurt-de-surchauffe\/"]}]},{"@type":"ImageObject","inLanguage":"fr-BE","@id":"https:\/\/vieassociative.be\/actualites\/foundy-in-namur-bebe-oublie-de-15-mois-dans-la-voiture-boy-meurt-de-surchauffe\/#primaryimage","url":"https:\/\/vieassociative.be\/actualites\/wp-content\/uploads\/2025\/07\/1752891422_Foundy-in-Namur-Bebe-oublie-de-15-mois-dans-la.jpg","contentUrl":"https:\/\/vieassociative.be\/actualites\/wp-content\/uploads\/2025\/07\/1752891422_Foundy-in-Namur-Bebe-oublie-de-15-mois-dans-la.jpg","width":1200,"height":800,"caption":"Foundy in Namur: B\u00e9b\u00e9 oubli\u00e9 de 15 mois dans la voiture - Boy meurt de surchauffe"},{"@type":"BreadcrumbList","@id":"https:\/\/vieassociative.be\/actualites\/foundy-in-namur-bebe-oublie-de-15-mois-dans-la-voiture-boy-meurt-de-surchauffe\/#breadcrumb","itemListElement":[{"@type":"ListItem","position":1,"name":"Accueil","item":"https:\/\/vieassociative.be\/actualites\/"},{"@type":"ListItem","position":2,"name":"Foundy in Namur: B\u00e9b\u00e9 oubli\u00e9 de 15 mois dans la voiture &#8211; Boy meurt de surchauffe"}]},{"@type":"WebSite","@id":"https:\/\/vieassociative.be\/actualites\/#website","url":"https:\/\/vieassociative.be\/actualites\/","name":"Vie Associative","description":"","publisher":{"@id":"https:\/\/vieassociative.be\/actualites\/#organization"},"potentialAction":[{"@type":"SearchAction","target":{"@type":"EntryPoint","urlTemplate":"https:\/\/vieassociative.be\/actualites\/?s={search_term_string}"},"query-input":{"@type":"PropertyValueSpecification","valueRequired":true,"valueName":"search_term_string"}}],"inLanguage":"fr-BE"},{"@type":"Organization","@id":"https:\/\/vieassociative.be\/actualites\/#organization","name":"Vie Associative","url":"https:\/\/vieassociative.be\/actualites\/","logo":{"@type":"ImageObject","inLanguage":"fr-BE","@id":"https:\/\/vieassociative.be\/actualites\/#\/schema\/logo\/image\/","url":"https:\/\/vieassociative.be\/actualites\/wp-content\/uploads\/2024\/09\/cropped-vieassociative_favicon.ico.png","contentUrl":"https:\/\/vieassociative.be\/actualites\/wp-content\/uploads\/2024\/09\/cropped-vieassociative_favicon.ico.png","width":512,"height":512,"caption":"Vie Associative"},"image":{"@id":"https:\/\/vieassociative.be\/actualites\/#\/schema\/logo\/image\/"}},{"@type":"Person","@id":"https:\/\/vieassociative.be\/actualites\/#\/schema\/person\/b87ac4f82f9d4e7b7cec7395b679edc4","name":"Julien","image":{"@type":"ImageObject","inLanguage":"fr-BE","@id":"https:\/\/vieassociative.be\/actualites\/#\/schema\/person\/image\/","url":"https:\/\/vieassociative.be\/actualites\/wp-content\/uploads\/2024\/09\/vie-associative-1-150x150.jpg","contentUrl":"https:\/\/vieassociative.be\/actualites\/wp-content\/uploads\/2024\/09\/vie-associative-1-150x150.jpg","caption":"Julien"},"description":"Je suis Julien, r\u00e9dacteur pour Vie Associative. Passionn\u00e9 par le monde associatif depuis plus de 10 ans, j'ai \u00e0 c\u0153ur de partager des histoires inspirantes et de mettre en lumi\u00e8re les initiatives locales. Mon objectif est de sensibiliser et d'encourager l'engagement communautaire \u00e0 travers mes articles.","sameAs":["https:\/\/vieassociative.be\/"]}]}},"_links":{"self":[{"href":"https:\/\/vieassociative.be\/actualites\/wp-json\/wp\/v2\/posts\/8853"}],"collection":[{"href":"https:\/\/vieassociative.be\/actualites\/wp-json\/wp\/v2\/posts"}],"about":[{"href":"https:\/\/vieassociative.be\/actualites\/wp-json\/wp\/v2\/types\/post"}],"author":[{"embeddable":true,"href":"https:\/\/vieassociative.be\/actualites\/wp-json\/wp\/v2\/users\/1"}],"replies":[{"embeddable":true,"href":"https:\/\/vieassociative.be\/actualites\/wp-json\/wp\/v2\/comments?post=8853"}],"version-history":[{"count":0,"href":"https:\/\/vieassociative.be\/actualites\/wp-json\/wp\/v2\/posts\/8853\/revisions"}],"wp:featuredmedia":[{"embeddable":true,"href":"https:\/\/vieassociative.be\/actualites\/wp-json\/wp\/v2\/media\/8854"}],"wp:attachment":[{"href":"https:\/\/vieassociative.be\/actualites\/wp-json\/wp\/v2\/media?parent=8853"}],"wp:term":[{"taxonomy":"category","embeddable":true,"href":"https:\/\/vieassociative.be\/actualites\/wp-json\/wp\/v2\/categories?post=8853"},{"taxonomy":"post_tag","embeddable":true,"href":"https:\/\/vieassociative.be\/actualites\/wp-json\/wp\/v2\/tags?post=8853"}],"curies":[{"name":"wp","href":"https:\/\/api.w.org\/{rel}","templated":true}]}}