{"id":8851,"date":"2025-07-19T03:18:12","date_gmt":"2025-07-19T01:18:12","guid":{"rendered":"https:\/\/vieassociative.be\/actualites\/les-precommandes-du-samsung-galaxy-z-fold7-comprennent-une-carte-cadeau-amazon-de-300\/"},"modified":"2025-07-19T03:18:12","modified_gmt":"2025-07-19T01:18:12","slug":"les-precommandes-du-samsung-galaxy-z-fold7-comprennent-une-carte-cadeau-amazon-de-300","status":"publish","type":"post","link":"https:\/\/vieassociative.be\/actualites\/les-precommandes-du-samsung-galaxy-z-fold7-comprennent-une-carte-cadeau-amazon-de-300\/","title":{"rendered":"Les pr\u00e9commandes du Samsung Galaxy Z Fold7 comprennent une carte-cadeau Amazon de 300 $"},"content":{"rendered":"<div class=\"mt-4 leading-6 md:mb-8\">Si vous \u00eates d\u00e9j\u00e0 un acheteur Amazon r\u00e9gulier, ce n&rsquo;est pas du tout une mauvaise affaire.<\/div>\n<p><\/p>\n<p>Si vous avez eu les yeux sur le prochain Samsung Galaxy Z Fold7, Amazon a une offre de pr\u00e9commande qui comprend une carte-cadeau Amazon de 300 $.<\/p>\n<p>L&rsquo;appareil dispose de 512 Go de stockage, ce qui est le double de ce que vous obtiendriez au prix r\u00e9gulier sans le bundle de cartes-cadeaux. Il a \u00e9galement un grand \u00e9cran de 8 pouces, offrant plus d&rsquo;espace d&rsquo;affichage dans une silhouette plus mince (8,9 mm lorsqu&rsquo;elle est ferm\u00e9e, ce qui est plus mince de 3,2 mm que le Galaxy Z Fold6). <\/p>\n<div class=\"pogoClear mb-12 mt-10 rounded-md border-2 border-gray-100 py-7 shadow-xl md:py-6\">\n<div class=\"flex flex-wrap justify-between px-7 text-black no-underline md:flex-nowrap md:px-8\">\n<div class=\"order-1 mx-auto flex flex-col justify-center md:order-2 md:ml-4 md:w-full md:grow\">\n<div class=\"block cursor-pointer text-center font-akshar text-2xl font-medium leading-7 text-brand-green duration-200 ease-in-out hover:text-brand-green-700 md:text-left md:text-xl md:leading-6\">T\u00e9l\u00e9phone Samsung Galaxy Z Fold7\n                <\/div>\n<div class=\"mt-4 hidden md:flex md:justify-between\">\n<div class=\"self-end\">\n<div class=\"mb-0 h-11 md:flex md:flex-col md:justify-center\">\n<div class=\" font-sans leading-4 text-black\">\n<div class=\"flex flex-wrap items-center justify-center gap-x-1 md:justify-start\">\n        <span class=\"font-bold\"><\/p>\n<p>            1 999,99 $<br \/>\n                            <span class=\"font-medium\">\u00e0 Amazon<\/span><br \/>\n                    <\/span>\n            <\/div>\n<div class=\"flex items-center justify-center gap-x-1 font-bold md:justify-start\">\n            <span class=\"text-sm line-through\">2 419,99 $<\/span><br \/>\n            <span class=\"text-sm text-brand-green\">\u00c9conomisez 420,00 $<\/span>\n        <\/div>\n<\/p><\/div>\n<\/p><\/div>\n<\/p><\/div>\n<div class=\"w-44 self-end\">\n                            <button class=\"flex justify-center items-center w-full bg-brand-green text-white text-base font-sans font-medium rounded-md hover:bg-brand-green-700 hover:cursor-pointer md:text-sm h-11\"><\/p>\n<p>    Conclure un accord<br \/>\n<\/button>\n                        <\/div>\n<\/p><\/div>\n<\/p><\/div>\n<div class=\"order-2 mt-5 h-auto w-full md:order-1 md:mt-0 md:hidden\">\n<div class=\"flex aspect-video items-center justify-center\">\n                                            <img decoding=\"async\" class=\"m-0 max-h-full max-w-full rounded-md\" src=\"https:\/\/vieassociative.be\/actualites\/wp-content\/uploads\/2025\/07\/Les-precommandes-du-Samsung-Galaxy-Z-Fold7-comprennent-une-carte-cadeau.jpg\" alt=\"T\u00e9l\u00e9phone Samsung Galaxy Z Fold7\" width=\"auto\" height=\"auto\" loading=\"lazy\">\n                                    <\/div>\n<\/p><\/div>\n<div class=\"order-2 ml-2 hidden w-32 shrink-0 items-center md:order-1 md:ml-0 md:flex\">\n<div class=\"flex aspect-video items-center justify-center\">\n                                            <img decoding=\"async\" class=\"m-0 max-h-full max-w-full rounded-md\" src=\"https:\/\/vieassociative.be\/actualites\/wp-content\/uploads\/2025\/07\/Les-precommandes-du-Samsung-Galaxy-Z-Fold7-comprennent-une-carte-cadeau.jpg\" alt=\"T\u00e9l\u00e9phone Samsung Galaxy Z Fold7\" width=\"auto\" height=\"auto\" loading=\"lazy\">\n                                    <\/div>\n<\/p><\/div>\n<div class=\"order-3 flex grow flex-wrap md:hidden md:grow-0\">\n<div class=\"mt-4 w-full\">\n                        <button class=\"flex justify-center items-center w-full bg-brand-green text-white text-base font-sans font-medium rounded-md hover:bg-brand-green-700 hover:cursor-pointer md:text-sm h-11\"><\/p>\n<p>    Conclure un accord<br \/>\n<\/button>\n                    <\/div>\n<div class=\"mx-2 mt-4 w-full\">\n<div class=\" font-sans leading-4 text-black\">\n<div class=\"flex flex-wrap items-center justify-center gap-x-1 md:justify-start\">\n        <span class=\"font-bold\"><\/p>\n<p>            1 999,99 $<br \/>\n                            <span class=\"font-medium\">\u00e0 Amazon<\/span><br \/>\n                    <\/span>\n            <\/div>\n<div class=\"flex items-center justify-center gap-x-1 font-bold md:justify-start\">\n            <span class=\"text-sm line-through\">2 419,99 $<\/span><br \/>\n            <span class=\"text-sm text-brand-green\">\u00c9conomisez 420,00 $<\/span>\n        <\/div>\n<\/p><\/div>\n<\/p><\/div>\n<\/p><\/div>\n<\/p><\/div>\n<\/div>\n<p>Propuls\u00e9 par un processeur Elite Snapdragon 8 personnalis\u00e9 pour Galaxy, ce t\u00e9l\u00e9phone a une IA plus rapide, des graphiques plus lisses et des vitesses de traitement plus rapides que l&rsquo;ancienne version. Il poss\u00e8de \u00e9galement une cam\u00e9ra ultra-r\u00e9solution de 200 MP, ce qui en fait la cam\u00e9ra de la plus haute qualit\u00e9 sur un pli \u00e0 ce jour. Une nouvelle fonctionnalit\u00e9 audio vid\u00e9o de nuit aide \u00e0 minimiser les sons ind\u00e9sirables dans vos images, tandis que l&rsquo;assistance photo, aliment\u00e9e par Galaxy AI, vous permet de pr\u00e9visualiser avant et apr\u00e8s les modifications c\u00f4te \u00e0 c\u00f4te pour des ajustements rapides.<\/p>\n<p>Bien que le t\u00e9l\u00e9phone promet une dur\u00e9e de vie de la batterie plus longue, cette revue PCMAG note qu&rsquo;elle a effectu\u00e9 une moyenne dans les tests et a la m\u00eame cellule d&rsquo;alimentation de 4 400 mAh que le Z Fold 6, avertissant les utilisateurs de \u00abl&rsquo;anxi\u00e9t\u00e9 de la batterie\u00bb pour opter pour un t\u00e9l\u00e9phone non pliant.<\/p>\n<div class=\"pogoClear relative my-10 border-b-(1.5px) border-t-(1.5px) border-dashed border-black py-5 sm:my-14 sm:border-0 sm:py-0\" data-ga-click data-ga-template=\"Deals\" data-ga-module=\"openweb_widget\" data-ga-element=\"openweb_scroll\" data-ga-item=\"openweb_scroll_midpage\" x-data=\"{\n         commentsCount: null,\n         hasComments: false,\n         async fetchCommentsCount() {\n             try {\n                 if (window.openweb &amp;&amp; typeof window.openweb.getMessagesCount === 'function') {\n                     this.commentsCount = await window.openweb.getMessagesCount('01K0FBT0QJK2Z1QXCWC3WJ0WD3');\n                     this.hasComments = this.commentsCount !== null &amp;&amp; this.commentsCount &gt; 0;\n                 }\n             } catch (e) {\n                 console.warn('Failed to fetch comment count:', e);\n             }\n         }\n     }\" x-init=\"fetchCommentsCount()\" x-cloak><\/p>\n<div class=\"absolute top-1\/2 hidden w-full -translate-y-1\/2 border-t-(1.5px) border-dashed border-black sm:block\"><\/div>\n<div class=\"relative flex justify-center\">\n<div class=\"flex max-w-fit items-center gap-x-3 bg-white px-5\">\n<div class=\"relative\">\n                <span class=\"absolute left-1\/2 top-1\/2 -translate-x-1\/2 -translate-y-1\/2 font-akshar text-sm font-medium text-black\" aria-live=\"polite\" x-show=\"hasComments\" x-text=\"commentsCount\"><\/span><\/p>\n<p>                <svg class=\"h-8 w-8 text-black\" role=\"img\" aria-hidden=\"true\">\n                    <use href=\"http:\/\/lifehacker.com\/images\/icons\/spritemap.svg#sprite-chat-bubble\"><\/use>\n                <\/svg>\n            <\/div>\n<p>            <span class=\"text-sm font-medium text-black\"><\/p>\n<p>                Que pensez-vous jusqu&rsquo;\u00e0 pr\u00e9sent?<br \/>\n                <button class=\"ml-1 font-semibold text-brand-green underline hover:text-brand-green-700\" type=\"button\" aria-label=\"Comment section trigger\" onclick=\"window.openweb.scrollToComments('01K0FBT0QJK2Z1QXCWC3WJ0WD3')\" x-text=\"hasComments ? 'Post a comment.' : 'Be the first to post a comment.'\"><\/button><br \/>\n            <\/span>\n        <\/div>\n<\/p><\/div>\n<\/div>\n<p>La carte-cadeau de 300 $ et le stockage suppl\u00e9mentaire aident \u00e0 justifier le prix, mais vous d\u00e9pensez toujours environ 2 000 $ \u00e0 l&rsquo;avance (100-200 $ de plus que des mod\u00e8les similaires). Cependant, si vous aimez la conception des plis et que vous souhaitez des fonctionnalit\u00e9s de cam\u00e9ra de niveau pro avec des avantages d&rsquo;\u00e9dition suppl\u00e9mentaires, le Samsung Galaxy Z Fold7 propose des \u00e9crans, des logiciels et du mat\u00e9riel exceptionnels avec des performances de niveau sup\u00e9rieur. <\/p>\n","protected":false},"excerpt":{"rendered":"<p>Si vous \u00eates d\u00e9j\u00e0 un acheteur Amazon r\u00e9gulier, ce n&rsquo;est pas du tout une mauvaise affaire. Si vous avez eu les yeux sur le prochain<\/p>\n","protected":false},"author":1,"featured_media":8852,"comment_status":"","ping_status":"","sticky":false,"template":"","format":"standard","meta":{"footnotes":""},"categories":[13],"tags":[51,1224,7811,7810,4183,14,6218,1878,110],"class_list":["post-8851","post","type-post","status-publish","format-standard","has-post-thumbnail","hentry","category-technologie","tag-amazon","tag-cartecadeau","tag-comprennent","tag-fold7","tag-galaxy","tag-les","tag-precommandes","tag-samsung","tag-une","generate-columns","tablet-grid-50","mobile-grid-100","grid-parent","grid-33"],"yoast_head":"<!-- This site is optimized with the Yoast SEO plugin v24.0 - https:\/\/yoast.com\/wordpress\/plugins\/seo\/ -->\n<title>Les pr\u00e9commandes du Samsung Galaxy Z Fold7 comprennent une carte-cadeau Amazon de 300 $ | Vie Associative<\/title>\n<meta name=\"robots\" content=\"index, follow, max-snippet:-1, max-image-preview:large, max-video-preview:-1\" \/>\n<link rel=\"canonical\" href=\"https:\/\/vieassociative.be\/actualites\/les-precommandes-du-samsung-galaxy-z-fold7-comprennent-une-carte-cadeau-amazon-de-300\/\" \/>\n<meta property=\"og:locale\" content=\"fr_FR\" \/>\n<meta property=\"og:type\" content=\"article\" \/>\n<meta property=\"og:title\" content=\"Les pr\u00e9commandes du Samsung Galaxy Z Fold7 comprennent une carte-cadeau Amazon de 300 $ | Vie Associative\" \/>\n<meta property=\"og:description\" content=\"Si vous \u00eates d\u00e9j\u00e0 un acheteur Amazon r\u00e9gulier, ce n&rsquo;est pas du tout une mauvaise affaire. Si vous avez eu les yeux sur le prochain\" \/>\n<meta property=\"og:url\" content=\"https:\/\/vieassociative.be\/actualites\/les-precommandes-du-samsung-galaxy-z-fold7-comprennent-une-carte-cadeau-amazon-de-300\/\" \/>\n<meta property=\"og:site_name\" content=\"Vie Associative\" \/>\n<meta property=\"article:published_time\" content=\"2025-07-19T01:18:12+00:00\" \/>\n<meta property=\"og:image\" content=\"https:\/\/vieassociative.be\/actualites\/wp-content\/uploads\/2025\/07\/Les-precommandes-du-Samsung-Galaxy-Z-Fold7-comprennent-une-carte-cadeau.jpg\" \/>\n<meta name=\"author\" content=\"Julien\" \/>\n<meta name=\"twitter:card\" content=\"summary_large_image\" \/>\n<meta name=\"twitter:label1\" content=\"\u00c9crit par\" \/>\n\t<meta name=\"twitter:data1\" content=\"Julien\" \/>\n\t<meta name=\"twitter:label2\" content=\"Dur\u00e9e de lecture est.\" \/>\n\t<meta name=\"twitter:data2\" content=\"2 minutes\" \/>\n<script type=\"application\/ld+json\" class=\"yoast-schema-graph\">{\"@context\":\"https:\/\/schema.org\",\"@graph\":[{\"@type\":\"Article\",\"@id\":\"https:\/\/vieassociative.be\/actualites\/les-precommandes-du-samsung-galaxy-z-fold7-comprennent-une-carte-cadeau-amazon-de-300\/#article\",\"isPartOf\":{\"@id\":\"https:\/\/vieassociative.be\/actualites\/les-precommandes-du-samsung-galaxy-z-fold7-comprennent-une-carte-cadeau-amazon-de-300\/\"},\"author\":{\"name\":\"Julien\",\"@id\":\"https:\/\/vieassociative.be\/actualites\/#\/schema\/person\/b87ac4f82f9d4e7b7cec7395b679edc4\"},\"headline\":\"Les pr\u00e9commandes du Samsung Galaxy Z Fold7 comprennent une carte-cadeau Amazon de 300 $\",\"datePublished\":\"2025-07-19T01:18:12+00:00\",\"dateModified\":\"2025-07-19T01:18:12+00:00\",\"mainEntityOfPage\":{\"@id\":\"https:\/\/vieassociative.be\/actualites\/les-precommandes-du-samsung-galaxy-z-fold7-comprennent-une-carte-cadeau-amazon-de-300\/\"},\"wordCount\":391,\"publisher\":{\"@id\":\"https:\/\/vieassociative.be\/actualites\/#organization\"},\"image\":{\"@id\":\"https:\/\/vieassociative.be\/actualites\/les-precommandes-du-samsung-galaxy-z-fold7-comprennent-une-carte-cadeau-amazon-de-300\/#primaryimage\"},\"thumbnailUrl\":\"https:\/\/vieassociative.be\/actualites\/wp-content\/uploads\/2025\/07\/Les-precommandes-du-Samsung-Galaxy-Z-Fold7-comprennent-une-carte-cadeau.png\",\"keywords\":[\"Amazon\",\"cartecadeau\",\"comprennent\",\"Fold7\",\"Galaxy\",\"Les\",\"pr\u00e9commandes\",\"Samsung\",\"une\"],\"articleSection\":[\"Technologie\"],\"inLanguage\":\"fr-BE\"},{\"@type\":\"WebPage\",\"@id\":\"https:\/\/vieassociative.be\/actualites\/les-precommandes-du-samsung-galaxy-z-fold7-comprennent-une-carte-cadeau-amazon-de-300\/\",\"url\":\"https:\/\/vieassociative.be\/actualites\/les-precommandes-du-samsung-galaxy-z-fold7-comprennent-une-carte-cadeau-amazon-de-300\/\",\"name\":\"Les pr\u00e9commandes du Samsung Galaxy Z Fold7 comprennent une carte-cadeau Amazon de 300 $ | Vie Associative\",\"isPartOf\":{\"@id\":\"https:\/\/vieassociative.be\/actualites\/#website\"},\"primaryImageOfPage\":{\"@id\":\"https:\/\/vieassociative.be\/actualites\/les-precommandes-du-samsung-galaxy-z-fold7-comprennent-une-carte-cadeau-amazon-de-300\/#primaryimage\"},\"image\":{\"@id\":\"https:\/\/vieassociative.be\/actualites\/les-precommandes-du-samsung-galaxy-z-fold7-comprennent-une-carte-cadeau-amazon-de-300\/#primaryimage\"},\"thumbnailUrl\":\"https:\/\/vieassociative.be\/actualites\/wp-content\/uploads\/2025\/07\/Les-precommandes-du-Samsung-Galaxy-Z-Fold7-comprennent-une-carte-cadeau.png\",\"datePublished\":\"2025-07-19T01:18:12+00:00\",\"dateModified\":\"2025-07-19T01:18:12+00:00\",\"breadcrumb\":{\"@id\":\"https:\/\/vieassociative.be\/actualites\/les-precommandes-du-samsung-galaxy-z-fold7-comprennent-une-carte-cadeau-amazon-de-300\/#breadcrumb\"},\"inLanguage\":\"fr-BE\",\"potentialAction\":[{\"@type\":\"ReadAction\",\"target\":[\"https:\/\/vieassociative.be\/actualites\/les-precommandes-du-samsung-galaxy-z-fold7-comprennent-une-carte-cadeau-amazon-de-300\/\"]}]},{\"@type\":\"ImageObject\",\"inLanguage\":\"fr-BE\",\"@id\":\"https:\/\/vieassociative.be\/actualites\/les-precommandes-du-samsung-galaxy-z-fold7-comprennent-une-carte-cadeau-amazon-de-300\/#primaryimage\",\"url\":\"https:\/\/vieassociative.be\/actualites\/wp-content\/uploads\/2025\/07\/Les-precommandes-du-Samsung-Galaxy-Z-Fold7-comprennent-une-carte-cadeau.png\",\"contentUrl\":\"https:\/\/vieassociative.be\/actualites\/wp-content\/uploads\/2025\/07\/Les-precommandes-du-Samsung-Galaxy-Z-Fold7-comprennent-une-carte-cadeau.png\",\"width\":1200,\"height\":675,\"caption\":\"Les pr\u00e9commandes du Samsung Galaxy Z Fold7 comprennent une carte-cadeau Amazon de 300 $\"},{\"@type\":\"BreadcrumbList\",\"@id\":\"https:\/\/vieassociative.be\/actualites\/les-precommandes-du-samsung-galaxy-z-fold7-comprennent-une-carte-cadeau-amazon-de-300\/#breadcrumb\",\"itemListElement\":[{\"@type\":\"ListItem\",\"position\":1,\"name\":\"Accueil\",\"item\":\"https:\/\/vieassociative.be\/actualites\/\"},{\"@type\":\"ListItem\",\"position\":2,\"name\":\"Les pr\u00e9commandes du Samsung Galaxy Z Fold7 comprennent une carte-cadeau Amazon de 300 $\"}]},{\"@type\":\"WebSite\",\"@id\":\"https:\/\/vieassociative.be\/actualites\/#website\",\"url\":\"https:\/\/vieassociative.be\/actualites\/\",\"name\":\"Vie Associative\",\"description\":\"\",\"publisher\":{\"@id\":\"https:\/\/vieassociative.be\/actualites\/#organization\"},\"potentialAction\":[{\"@type\":\"SearchAction\",\"target\":{\"@type\":\"EntryPoint\",\"urlTemplate\":\"https:\/\/vieassociative.be\/actualites\/?s={search_term_string}\"},\"query-input\":{\"@type\":\"PropertyValueSpecification\",\"valueRequired\":true,\"valueName\":\"search_term_string\"}}],\"inLanguage\":\"fr-BE\"},{\"@type\":\"Organization\",\"@id\":\"https:\/\/vieassociative.be\/actualites\/#organization\",\"name\":\"Vie Associative\",\"url\":\"https:\/\/vieassociative.be\/actualites\/\",\"logo\":{\"@type\":\"ImageObject\",\"inLanguage\":\"fr-BE\",\"@id\":\"https:\/\/vieassociative.be\/actualites\/#\/schema\/logo\/image\/\",\"url\":\"https:\/\/vieassociative.be\/actualites\/wp-content\/uploads\/2024\/09\/cropped-vieassociative_favicon.ico.png\",\"contentUrl\":\"https:\/\/vieassociative.be\/actualites\/wp-content\/uploads\/2024\/09\/cropped-vieassociative_favicon.ico.png\",\"width\":512,\"height\":512,\"caption\":\"Vie Associative\"},\"image\":{\"@id\":\"https:\/\/vieassociative.be\/actualites\/#\/schema\/logo\/image\/\"}},{\"@type\":\"Person\",\"@id\":\"https:\/\/vieassociative.be\/actualites\/#\/schema\/person\/b87ac4f82f9d4e7b7cec7395b679edc4\",\"name\":\"Julien\",\"image\":{\"@type\":\"ImageObject\",\"inLanguage\":\"fr-BE\",\"@id\":\"https:\/\/vieassociative.be\/actualites\/#\/schema\/person\/image\/\",\"url\":\"https:\/\/vieassociative.be\/actualites\/wp-content\/uploads\/2024\/09\/vie-associative-1-150x150.jpg\",\"contentUrl\":\"https:\/\/vieassociative.be\/actualites\/wp-content\/uploads\/2024\/09\/vie-associative-1-150x150.jpg\",\"caption\":\"Julien\"},\"description\":\"Je suis Julien, r\u00e9dacteur pour Vie Associative. Passionn\u00e9 par le monde associatif depuis plus de 10 ans, j'ai \u00e0 c\u0153ur de partager des histoires inspirantes et de mettre en lumi\u00e8re les initiatives locales. Mon objectif est de sensibiliser et d'encourager l'engagement communautaire \u00e0 travers mes articles.\",\"sameAs\":[\"https:\/\/vieassociative.be\/\"]}]}<\/script>\n<!-- \/ Yoast SEO plugin. -->","yoast_head_json":{"title":"Les pr\u00e9commandes du Samsung Galaxy Z Fold7 comprennent une carte-cadeau Amazon de 300 $ | Vie Associative","robots":{"index":"index","follow":"follow","max-snippet":"max-snippet:-1","max-image-preview":"max-image-preview:large","max-video-preview":"max-video-preview:-1"},"canonical":"https:\/\/vieassociative.be\/actualites\/les-precommandes-du-samsung-galaxy-z-fold7-comprennent-une-carte-cadeau-amazon-de-300\/","og_locale":"fr_FR","og_type":"article","og_title":"Les pr\u00e9commandes du Samsung Galaxy Z Fold7 comprennent une carte-cadeau Amazon de 300 $ | Vie Associative","og_description":"Si vous \u00eates d\u00e9j\u00e0 un acheteur Amazon r\u00e9gulier, ce n&rsquo;est pas du tout une mauvaise affaire. Si vous avez eu les yeux sur le prochain","og_url":"https:\/\/vieassociative.be\/actualites\/les-precommandes-du-samsung-galaxy-z-fold7-comprennent-une-carte-cadeau-amazon-de-300\/","og_site_name":"Vie Associative","article_published_time":"2025-07-19T01:18:12+00:00","og_image":[{"url":"https:\/\/vieassociative.be\/actualites\/wp-content\/uploads\/2025\/07\/Les-precommandes-du-Samsung-Galaxy-Z-Fold7-comprennent-une-carte-cadeau.jpg","type":"","width":"","height":""}],"author":"Julien","twitter_card":"summary_large_image","twitter_misc":{"\u00c9crit par":"Julien","Dur\u00e9e de lecture est.":"2 minutes"},"schema":{"@context":"https:\/\/schema.org","@graph":[{"@type":"Article","@id":"https:\/\/vieassociative.be\/actualites\/les-precommandes-du-samsung-galaxy-z-fold7-comprennent-une-carte-cadeau-amazon-de-300\/#article","isPartOf":{"@id":"https:\/\/vieassociative.be\/actualites\/les-precommandes-du-samsung-galaxy-z-fold7-comprennent-une-carte-cadeau-amazon-de-300\/"},"author":{"name":"Julien","@id":"https:\/\/vieassociative.be\/actualites\/#\/schema\/person\/b87ac4f82f9d4e7b7cec7395b679edc4"},"headline":"Les pr\u00e9commandes du Samsung Galaxy Z Fold7 comprennent une carte-cadeau Amazon de 300 $","datePublished":"2025-07-19T01:18:12+00:00","dateModified":"2025-07-19T01:18:12+00:00","mainEntityOfPage":{"@id":"https:\/\/vieassociative.be\/actualites\/les-precommandes-du-samsung-galaxy-z-fold7-comprennent-une-carte-cadeau-amazon-de-300\/"},"wordCount":391,"publisher":{"@id":"https:\/\/vieassociative.be\/actualites\/#organization"},"image":{"@id":"https:\/\/vieassociative.be\/actualites\/les-precommandes-du-samsung-galaxy-z-fold7-comprennent-une-carte-cadeau-amazon-de-300\/#primaryimage"},"thumbnailUrl":"https:\/\/vieassociative.be\/actualites\/wp-content\/uploads\/2025\/07\/Les-precommandes-du-Samsung-Galaxy-Z-Fold7-comprennent-une-carte-cadeau.png","keywords":["Amazon","cartecadeau","comprennent","Fold7","Galaxy","Les","pr\u00e9commandes","Samsung","une"],"articleSection":["Technologie"],"inLanguage":"fr-BE"},{"@type":"WebPage","@id":"https:\/\/vieassociative.be\/actualites\/les-precommandes-du-samsung-galaxy-z-fold7-comprennent-une-carte-cadeau-amazon-de-300\/","url":"https:\/\/vieassociative.be\/actualites\/les-precommandes-du-samsung-galaxy-z-fold7-comprennent-une-carte-cadeau-amazon-de-300\/","name":"Les pr\u00e9commandes du Samsung Galaxy Z Fold7 comprennent une carte-cadeau Amazon de 300 $ | Vie Associative","isPartOf":{"@id":"https:\/\/vieassociative.be\/actualites\/#website"},"primaryImageOfPage":{"@id":"https:\/\/vieassociative.be\/actualites\/les-precommandes-du-samsung-galaxy-z-fold7-comprennent-une-carte-cadeau-amazon-de-300\/#primaryimage"},"image":{"@id":"https:\/\/vieassociative.be\/actualites\/les-precommandes-du-samsung-galaxy-z-fold7-comprennent-une-carte-cadeau-amazon-de-300\/#primaryimage"},"thumbnailUrl":"https:\/\/vieassociative.be\/actualites\/wp-content\/uploads\/2025\/07\/Les-precommandes-du-Samsung-Galaxy-Z-Fold7-comprennent-une-carte-cadeau.png","datePublished":"2025-07-19T01:18:12+00:00","dateModified":"2025-07-19T01:18:12+00:00","breadcrumb":{"@id":"https:\/\/vieassociative.be\/actualites\/les-precommandes-du-samsung-galaxy-z-fold7-comprennent-une-carte-cadeau-amazon-de-300\/#breadcrumb"},"inLanguage":"fr-BE","potentialAction":[{"@type":"ReadAction","target":["https:\/\/vieassociative.be\/actualites\/les-precommandes-du-samsung-galaxy-z-fold7-comprennent-une-carte-cadeau-amazon-de-300\/"]}]},{"@type":"ImageObject","inLanguage":"fr-BE","@id":"https:\/\/vieassociative.be\/actualites\/les-precommandes-du-samsung-galaxy-z-fold7-comprennent-une-carte-cadeau-amazon-de-300\/#primaryimage","url":"https:\/\/vieassociative.be\/actualites\/wp-content\/uploads\/2025\/07\/Les-precommandes-du-Samsung-Galaxy-Z-Fold7-comprennent-une-carte-cadeau.png","contentUrl":"https:\/\/vieassociative.be\/actualites\/wp-content\/uploads\/2025\/07\/Les-precommandes-du-Samsung-Galaxy-Z-Fold7-comprennent-une-carte-cadeau.png","width":1200,"height":675,"caption":"Les pr\u00e9commandes du Samsung Galaxy Z Fold7 comprennent une carte-cadeau Amazon de 300 $"},{"@type":"BreadcrumbList","@id":"https:\/\/vieassociative.be\/actualites\/les-precommandes-du-samsung-galaxy-z-fold7-comprennent-une-carte-cadeau-amazon-de-300\/#breadcrumb","itemListElement":[{"@type":"ListItem","position":1,"name":"Accueil","item":"https:\/\/vieassociative.be\/actualites\/"},{"@type":"ListItem","position":2,"name":"Les pr\u00e9commandes du Samsung Galaxy Z Fold7 comprennent une carte-cadeau Amazon de 300 $"}]},{"@type":"WebSite","@id":"https:\/\/vieassociative.be\/actualites\/#website","url":"https:\/\/vieassociative.be\/actualites\/","name":"Vie Associative","description":"","publisher":{"@id":"https:\/\/vieassociative.be\/actualites\/#organization"},"potentialAction":[{"@type":"SearchAction","target":{"@type":"EntryPoint","urlTemplate":"https:\/\/vieassociative.be\/actualites\/?s={search_term_string}"},"query-input":{"@type":"PropertyValueSpecification","valueRequired":true,"valueName":"search_term_string"}}],"inLanguage":"fr-BE"},{"@type":"Organization","@id":"https:\/\/vieassociative.be\/actualites\/#organization","name":"Vie Associative","url":"https:\/\/vieassociative.be\/actualites\/","logo":{"@type":"ImageObject","inLanguage":"fr-BE","@id":"https:\/\/vieassociative.be\/actualites\/#\/schema\/logo\/image\/","url":"https:\/\/vieassociative.be\/actualites\/wp-content\/uploads\/2024\/09\/cropped-vieassociative_favicon.ico.png","contentUrl":"https:\/\/vieassociative.be\/actualites\/wp-content\/uploads\/2024\/09\/cropped-vieassociative_favicon.ico.png","width":512,"height":512,"caption":"Vie Associative"},"image":{"@id":"https:\/\/vieassociative.be\/actualites\/#\/schema\/logo\/image\/"}},{"@type":"Person","@id":"https:\/\/vieassociative.be\/actualites\/#\/schema\/person\/b87ac4f82f9d4e7b7cec7395b679edc4","name":"Julien","image":{"@type":"ImageObject","inLanguage":"fr-BE","@id":"https:\/\/vieassociative.be\/actualites\/#\/schema\/person\/image\/","url":"https:\/\/vieassociative.be\/actualites\/wp-content\/uploads\/2024\/09\/vie-associative-1-150x150.jpg","contentUrl":"https:\/\/vieassociative.be\/actualites\/wp-content\/uploads\/2024\/09\/vie-associative-1-150x150.jpg","caption":"Julien"},"description":"Je suis Julien, r\u00e9dacteur pour Vie Associative. Passionn\u00e9 par le monde associatif depuis plus de 10 ans, j'ai \u00e0 c\u0153ur de partager des histoires inspirantes et de mettre en lumi\u00e8re les initiatives locales. Mon objectif est de sensibiliser et d'encourager l'engagement communautaire \u00e0 travers mes articles.","sameAs":["https:\/\/vieassociative.be\/"]}]}},"_links":{"self":[{"href":"https:\/\/vieassociative.be\/actualites\/wp-json\/wp\/v2\/posts\/8851"}],"collection":[{"href":"https:\/\/vieassociative.be\/actualites\/wp-json\/wp\/v2\/posts"}],"about":[{"href":"https:\/\/vieassociative.be\/actualites\/wp-json\/wp\/v2\/types\/post"}],"author":[{"embeddable":true,"href":"https:\/\/vieassociative.be\/actualites\/wp-json\/wp\/v2\/users\/1"}],"replies":[{"embeddable":true,"href":"https:\/\/vieassociative.be\/actualites\/wp-json\/wp\/v2\/comments?post=8851"}],"version-history":[{"count":0,"href":"https:\/\/vieassociative.be\/actualites\/wp-json\/wp\/v2\/posts\/8851\/revisions"}],"wp:featuredmedia":[{"embeddable":true,"href":"https:\/\/vieassociative.be\/actualites\/wp-json\/wp\/v2\/media\/8852"}],"wp:attachment":[{"href":"https:\/\/vieassociative.be\/actualites\/wp-json\/wp\/v2\/media?parent=8851"}],"wp:term":[{"taxonomy":"category","embeddable":true,"href":"https:\/\/vieassociative.be\/actualites\/wp-json\/wp\/v2\/categories?post=8851"},{"taxonomy":"post_tag","embeddable":true,"href":"https:\/\/vieassociative.be\/actualites\/wp-json\/wp\/v2\/tags?post=8851"}],"curies":[{"name":"wp","href":"https:\/\/api.w.org\/{rel}","templated":true}]}}