{"id":8847,"date":"2025-07-18T22:17:39","date_gmt":"2025-07-18T20:17:39","guid":{"rendered":"https:\/\/vieassociative.be\/actualites\/une-autre-journee-de-black-raven-pour-remco-minepoel-high-flyer-tadej-pogacar-gagne-des-contre-temps-en-montagne\/"},"modified":"2025-07-18T22:17:39","modified_gmt":"2025-07-18T20:17:39","slug":"une-autre-journee-de-black-raven-pour-remco-minepoel-high-flyer-tadej-pogacar-gagne-des-contre-temps-en-montagne","status":"publish","type":"post","link":"https:\/\/vieassociative.be\/actualites\/une-autre-journee-de-black-raven-pour-remco-minepoel-high-flyer-tadej-pogacar-gagne-des-contre-temps-en-montagne\/","title":{"rendered":"Une autre journ\u00e9e de Black Raven pour Remco Minepoel &#8211; High -flyer Tadej Pogacar gagne des contre-temps en montagne"},"content":{"rendered":"<p><strong>Tadej Pogacar a laiss\u00e9 ses concurrents derri\u00e8re le contre-la-montre \u00e0 Peyragudes. Remco Evenepoel a de nouveau eu une tr\u00e8s mauvaise journ\u00e9e et a m\u00eame atterri en dehors du top 10.<\/strong><\/p>\n<p><span id=\"more-420414\"><\/span>Tadej Pogacar a de nouveau quitt\u00e9 la comp\u00e9tition derri\u00e8re le contre-la-montre \u00e0 Peyragudes. Le Slov\u00e8ne a domin\u00e9 ce contre-la-montre du d\u00e9but \u00e0 la fin, a pris les devants dans toutes les notes interm\u00e9diaires et a laiss\u00e9 tous ses concurrents derri\u00e8re la ligne d&rsquo;arriv\u00e9e.<\/p>\n<p>Le transporteur du maillot jaune a finalement gagn\u00e9 avec une avance de 36 secondes devant Jonas Vingegaard et 1&rsquo;20 \u00abdevant Primoz Roglic. Remco Mayepoel, en revanche, a montr\u00e9 une performance d\u00e9cevante. Le Belge a m\u00eame \u00e9t\u00e9 rattrap\u00e9 par la fin de Jonas Vingegaard, qui avait commenc\u00e9 2 minutes avant la fin.<\/p>\n<div id=\"attachment_420416\" class=\"wp-caption alignleft\" style=\"max-width: 300px\"><img fetchpriority=\"high\" decoding=\"async\" class=\"wp-image-420416 size-medium\" src=\"https:\/\/vieassociative.be\/actualites\/wp-content\/uploads\/2025\/07\/Une-autre-journee-de-Black-Raven-pour-Remco-Minepoel.jpg\" alt=\"\" width=\"300\" height=\"200\"><\/p>\n<p class=\"wp-caption-text\">Le Belge Remco Evenepoel a de nouveau perdu du temps. Photo: Thibault Camus \/ AP \/ DPA<\/p>\n<\/div>\n<p>Dans le classement g\u00e9n\u00e9ral, Pogacar continue d&rsquo;\u00e9tendre son avance sur ses concurrents. Il a maintenant 4 07 \u00abdevant Vingegaard. Ohelepoel a d\u00e9fendu sa troisi\u00e8me place \u00e0 seulement six secondes devant Florian Lipowitz.<\/p>\n<p><strong>&#8211; Pogacar du d\u00e9but \u00e0 la fin:<\/strong> Lors de la premi\u00e8re mesure provisoire avant le d\u00e9but r\u00e9el de l&rsquo;augmentation, Remco Evenepoel a r\u00e9alis\u00e9 le meilleur moment, pr\u00e8s de dix secondes d&rsquo;avance sur Jorgenson. Quelques instants plus tard, Vingegaard a pass\u00e9 le champion olympique avec 3 secondes. Mais Tadej Pogacar &#8211; qui a commenc\u00e9 avec un v\u00e9lo conventionnel &#8211; a d\u00e9j\u00e0 provoqu\u00e9 une surprise en sapant m\u00eame le temps de pr\u00e8s de 5 secondes.<\/p>\n<p>Le champion olympique des deux temps ne semblait pas passer une bonne journ\u00e9e. Cette mauvaise impression a \u00e9t\u00e9 confirm\u00e9e quelques instants plus tard dans la deuxi\u00e8me mesure interm\u00e9diaire, qu&rsquo;il n&rsquo;a r\u00e9ussi que troisi\u00e8me. Soit dit en passant, Vingegaard avait 55 secondes d&rsquo;avance sur Oelpoel, tandis que Pogacar a de nouveau poudr\u00e9 le temps et \u00e9tait devant les 24 secondes belges avant les Danois et 1,19.<\/p>\n<\/p>\n<div id=\"attachment_420418\" class=\"wp-caption alignleft\" style=\"max-width: 300px\"><img decoding=\"async\" class=\"wp-image-420418 size-medium\" src=\"https:\/\/vieassociative.be\/actualites\/wp-content\/uploads\/2025\/07\/1752869859_897_Une-autre-journee-de-Black-Raven-pour-Remco-Minepoel.jpg\" alt=\"\" width=\"300\" height=\"200\"><\/p>\n<p class=\"wp-caption-text\">17\/07\/2025, France, Hautacam: Le Lipowitz Florian allemand franchit la ligne d&rsquo;arriv\u00e9e. Photo: Thibault Camus \/ AP \/ DPA<\/p>\n<\/div>\n<p><strong>&#8211; Plapp comme une grande surprise:<\/strong><br \/>\n Le Fran\u00e7ais Matt\u00e9o Vercher a \u00e9t\u00e9 le premier chauffeur \u00e0 commencer \u00e0 Loudenvielle \u00e0 13 h 10. Lennert Van Eetvelt, qui a commenc\u00e9 parmi les premiers pilotes, a logiquement mis en place la premi\u00e8re p\u00e9riode de r\u00e9f\u00e9rence. L&rsquo;\u00e9poque de la Belge a finalement \u00e9t\u00e9 sap\u00e9e par l&rsquo;Australien Luke Plapp, qui a franchi la ligne d&rsquo;arriv\u00e9e en 24 h 58. Le sponsor du maillot pointill\u00e9, Lenny Martinez, s&rsquo;est approch\u00e9 de l&rsquo;\u00e9poque de l&rsquo;Australien, mais a finalement \u00e9chou\u00e9 avec 23 secondes de retard.<\/p>\n<p>Les suivantes, qui pouvaient \u00eatre dangereuses, \u00e9taient Alaphilippe (+ 1&rsquo;04 \u00ab\u00a0), Buitrago (+ 1&rsquo;17\u00a0\u00bb), armirail (+ 1&rsquo;14 \u00ab\u00a0) et sweeny (+ 55\u00a0\u00bb). Wout Van Aert, en revanche, n&rsquo;a pas tout fait dans le contre-la-montre et est venu \u00e0 la ligne d&rsquo;arriv\u00e9e avec un d\u00e9ficit de 3 05.<\/p>\n<p>Avec les Brothers Yates, les choses sont vraiment pass\u00e9es aux affaires lorsque les 15 premiers de ce Tour de France. Mais Adam a \u00e9chou\u00e9 \u00e0 17 secondes derri\u00e8re Plapp, tandis que son fr\u00e8re Simon s&rsquo;est \u00e9loign\u00e9. Matteo Jorgenson, qui est rest\u00e9 4 secondes, a \u00e9galement arr\u00eat\u00e9 l&rsquo;heure de l&rsquo;Australien.<\/p>\n<p>Le premier \u00e0 saper le temps pplapps a \u00e9t\u00e9 roglique. Le Slov\u00e8ne a mises en \u00e9vidence le temps de l&rsquo;Australien de 37 secondes. Son \u00e9quipe -mate Florian Lipowitz a \u00e9galement r\u00e9ussi un temps impressionnant et a pris la deuxi\u00e8me place pr\u00e9liminaire avec 35 secondes de retard de Roglic. Cette fois a ensuite \u00e9t\u00e9 sap\u00e9e par Vingegaard puis par Pogacar. (Cre)<\/p>\n","protected":false},"excerpt":{"rendered":"<p>Tadej Pogacar a laiss\u00e9 ses concurrents derri\u00e8re le contre-la-montre \u00e0 Peyragudes. Remco Evenepoel a de nouveau eu une tr\u00e8s mauvaise journ\u00e9e et a m\u00eame atterri<\/p>\n","protected":false},"author":1,"featured_media":8848,"comment_status":"","ping_status":"","sticky":false,"template":"","format":"standard","meta":{"footnotes":""},"categories":[298],"tags":[3090,73,7809,29,7808,2299,7807,2877,7806,2051,5976,81,5493,6493,6345,110],"class_list":["post-8847","post","type-post","status-publish","format-standard","has-post-thumbnail","hentry","category-belgique","tag-autre","tag-black","tag-contretemps","tag-des","tag-flyer","tag-gagne","tag-high","tag-journee","tag-minepoel","tag-montagne","tag-pogacar","tag-pour","tag-raven","tag-remco","tag-tadej","tag-une","generate-columns","tablet-grid-50","mobile-grid-100","grid-parent","grid-33"],"yoast_head":"<!-- This site is optimized with the Yoast SEO plugin v24.0 - https:\/\/yoast.com\/wordpress\/plugins\/seo\/ -->\n<title>Une autre journ\u00e9e de Black Raven pour Remco Minepoel - High -flyer Tadej Pogacar gagne des contre-temps en montagne | Vie Associative<\/title>\n<meta name=\"robots\" content=\"index, follow, max-snippet:-1, max-image-preview:large, max-video-preview:-1\" \/>\n<link rel=\"canonical\" href=\"https:\/\/vieassociative.be\/actualites\/une-autre-journee-de-black-raven-pour-remco-minepoel-high-flyer-tadej-pogacar-gagne-des-contre-temps-en-montagne\/\" \/>\n<meta property=\"og:locale\" content=\"fr_FR\" \/>\n<meta property=\"og:type\" content=\"article\" \/>\n<meta property=\"og:title\" content=\"Une autre journ\u00e9e de Black Raven pour Remco Minepoel - High -flyer Tadej Pogacar gagne des contre-temps en montagne | Vie Associative\" \/>\n<meta property=\"og:description\" content=\"Tadej Pogacar a laiss\u00e9 ses concurrents derri\u00e8re le contre-la-montre \u00e0 Peyragudes. Remco Evenepoel a de nouveau eu une tr\u00e8s mauvaise journ\u00e9e et a m\u00eame atterri\" \/>\n<meta property=\"og:url\" content=\"https:\/\/vieassociative.be\/actualites\/une-autre-journee-de-black-raven-pour-remco-minepoel-high-flyer-tadej-pogacar-gagne-des-contre-temps-en-montagne\/\" \/>\n<meta property=\"og:site_name\" content=\"Vie Associative\" \/>\n<meta property=\"article:published_time\" content=\"2025-07-18T20:17:39+00:00\" \/>\n<meta property=\"og:image\" content=\"https:\/\/vieassociative.be\/actualites\/wp-content\/uploads\/2024\/09\/header_backgroundk-01-e1726694325946.png\" \/>\n\t<meta property=\"og:image:width\" content=\"279\" \/>\n\t<meta property=\"og:image:height\" content=\"92\" \/>\n\t<meta property=\"og:image:type\" content=\"image\/png\" \/>\n<meta name=\"author\" content=\"Julien\" \/>\n<meta name=\"twitter:card\" content=\"summary_large_image\" \/>\n<meta name=\"twitter:label1\" content=\"\u00c9crit par\" \/>\n\t<meta name=\"twitter:data1\" content=\"Julien\" \/>\n\t<meta name=\"twitter:label2\" content=\"Dur\u00e9e de lecture est.\" \/>\n\t<meta name=\"twitter:data2\" content=\"3 minutes\" \/>\n<script type=\"application\/ld+json\" class=\"yoast-schema-graph\">{\"@context\":\"https:\/\/schema.org\",\"@graph\":[{\"@type\":\"Article\",\"@id\":\"https:\/\/vieassociative.be\/actualites\/une-autre-journee-de-black-raven-pour-remco-minepoel-high-flyer-tadej-pogacar-gagne-des-contre-temps-en-montagne\/#article\",\"isPartOf\":{\"@id\":\"https:\/\/vieassociative.be\/actualites\/une-autre-journee-de-black-raven-pour-remco-minepoel-high-flyer-tadej-pogacar-gagne-des-contre-temps-en-montagne\/\"},\"author\":{\"name\":\"Julien\",\"@id\":\"https:\/\/vieassociative.be\/actualites\/#\/schema\/person\/b87ac4f82f9d4e7b7cec7395b679edc4\"},\"headline\":\"Une autre journ\u00e9e de Black Raven pour Remco Minepoel &#8211; High -flyer Tadej Pogacar gagne des contre-temps en montagne\",\"datePublished\":\"2025-07-18T20:17:39+00:00\",\"dateModified\":\"2025-07-18T20:17:39+00:00\",\"mainEntityOfPage\":{\"@id\":\"https:\/\/vieassociative.be\/actualites\/une-autre-journee-de-black-raven-pour-remco-minepoel-high-flyer-tadej-pogacar-gagne-des-contre-temps-en-montagne\/\"},\"wordCount\":616,\"publisher\":{\"@id\":\"https:\/\/vieassociative.be\/actualites\/#organization\"},\"image\":{\"@id\":\"https:\/\/vieassociative.be\/actualites\/une-autre-journee-de-black-raven-pour-remco-minepoel-high-flyer-tadej-pogacar-gagne-des-contre-temps-en-montagne\/#primaryimage\"},\"thumbnailUrl\":\"https:\/\/vieassociative.be\/actualites\/wp-content\/uploads\/2025\/07\/1752869860_Une-autre-journee-de-Black-Raven-pour-Remco-Minepoel.jpg\",\"keywords\":[\"autre\",\"Black\",\"contretemps\",\"Des\",\"flyer\",\"gagn\u00e9\",\"High\",\"journ\u00e9e\",\"Minepoel\",\"montagne\",\"Pogacar\",\"pour\",\"Raven\",\"Remco\",\"Tadej\",\"une\"],\"articleSection\":[\"Belgique\"],\"inLanguage\":\"fr-BE\"},{\"@type\":\"WebPage\",\"@id\":\"https:\/\/vieassociative.be\/actualites\/une-autre-journee-de-black-raven-pour-remco-minepoel-high-flyer-tadej-pogacar-gagne-des-contre-temps-en-montagne\/\",\"url\":\"https:\/\/vieassociative.be\/actualites\/une-autre-journee-de-black-raven-pour-remco-minepoel-high-flyer-tadej-pogacar-gagne-des-contre-temps-en-montagne\/\",\"name\":\"Une autre journ\u00e9e de Black Raven pour Remco Minepoel - High -flyer Tadej Pogacar gagne des contre-temps en montagne | Vie Associative\",\"isPartOf\":{\"@id\":\"https:\/\/vieassociative.be\/actualites\/#website\"},\"primaryImageOfPage\":{\"@id\":\"https:\/\/vieassociative.be\/actualites\/une-autre-journee-de-black-raven-pour-remco-minepoel-high-flyer-tadej-pogacar-gagne-des-contre-temps-en-montagne\/#primaryimage\"},\"image\":{\"@id\":\"https:\/\/vieassociative.be\/actualites\/une-autre-journee-de-black-raven-pour-remco-minepoel-high-flyer-tadej-pogacar-gagne-des-contre-temps-en-montagne\/#primaryimage\"},\"thumbnailUrl\":\"https:\/\/vieassociative.be\/actualites\/wp-content\/uploads\/2025\/07\/1752869860_Une-autre-journee-de-Black-Raven-pour-Remco-Minepoel.jpg\",\"datePublished\":\"2025-07-18T20:17:39+00:00\",\"dateModified\":\"2025-07-18T20:17:39+00:00\",\"breadcrumb\":{\"@id\":\"https:\/\/vieassociative.be\/actualites\/une-autre-journee-de-black-raven-pour-remco-minepoel-high-flyer-tadej-pogacar-gagne-des-contre-temps-en-montagne\/#breadcrumb\"},\"inLanguage\":\"fr-BE\",\"potentialAction\":[{\"@type\":\"ReadAction\",\"target\":[\"https:\/\/vieassociative.be\/actualites\/une-autre-journee-de-black-raven-pour-remco-minepoel-high-flyer-tadej-pogacar-gagne-des-contre-temps-en-montagne\/\"]}]},{\"@type\":\"ImageObject\",\"inLanguage\":\"fr-BE\",\"@id\":\"https:\/\/vieassociative.be\/actualites\/une-autre-journee-de-black-raven-pour-remco-minepoel-high-flyer-tadej-pogacar-gagne-des-contre-temps-en-montagne\/#primaryimage\",\"url\":\"https:\/\/vieassociative.be\/actualites\/wp-content\/uploads\/2025\/07\/1752869860_Une-autre-journee-de-Black-Raven-pour-Remco-Minepoel.jpg\",\"contentUrl\":\"https:\/\/vieassociative.be\/actualites\/wp-content\/uploads\/2025\/07\/1752869860_Une-autre-journee-de-Black-Raven-pour-Remco-Minepoel.jpg\",\"width\":1200,\"height\":800,\"caption\":\"Une autre journ\u00e9e de Black Raven pour Remco Minepoel - High -flyer Tadej Pogacar gagne des contre-temps en montagne\"},{\"@type\":\"BreadcrumbList\",\"@id\":\"https:\/\/vieassociative.be\/actualites\/une-autre-journee-de-black-raven-pour-remco-minepoel-high-flyer-tadej-pogacar-gagne-des-contre-temps-en-montagne\/#breadcrumb\",\"itemListElement\":[{\"@type\":\"ListItem\",\"position\":1,\"name\":\"Accueil\",\"item\":\"https:\/\/vieassociative.be\/actualites\/\"},{\"@type\":\"ListItem\",\"position\":2,\"name\":\"Une autre journ\u00e9e de Black Raven pour Remco Minepoel &#8211; High -flyer Tadej Pogacar gagne des contre-temps en montagne\"}]},{\"@type\":\"WebSite\",\"@id\":\"https:\/\/vieassociative.be\/actualites\/#website\",\"url\":\"https:\/\/vieassociative.be\/actualites\/\",\"name\":\"Vie Associative\",\"description\":\"\",\"publisher\":{\"@id\":\"https:\/\/vieassociative.be\/actualites\/#organization\"},\"potentialAction\":[{\"@type\":\"SearchAction\",\"target\":{\"@type\":\"EntryPoint\",\"urlTemplate\":\"https:\/\/vieassociative.be\/actualites\/?s={search_term_string}\"},\"query-input\":{\"@type\":\"PropertyValueSpecification\",\"valueRequired\":true,\"valueName\":\"search_term_string\"}}],\"inLanguage\":\"fr-BE\"},{\"@type\":\"Organization\",\"@id\":\"https:\/\/vieassociative.be\/actualites\/#organization\",\"name\":\"Vie Associative\",\"url\":\"https:\/\/vieassociative.be\/actualites\/\",\"logo\":{\"@type\":\"ImageObject\",\"inLanguage\":\"fr-BE\",\"@id\":\"https:\/\/vieassociative.be\/actualites\/#\/schema\/logo\/image\/\",\"url\":\"https:\/\/vieassociative.be\/actualites\/wp-content\/uploads\/2024\/09\/cropped-vieassociative_favicon.ico.png\",\"contentUrl\":\"https:\/\/vieassociative.be\/actualites\/wp-content\/uploads\/2024\/09\/cropped-vieassociative_favicon.ico.png\",\"width\":512,\"height\":512,\"caption\":\"Vie Associative\"},\"image\":{\"@id\":\"https:\/\/vieassociative.be\/actualites\/#\/schema\/logo\/image\/\"}},{\"@type\":\"Person\",\"@id\":\"https:\/\/vieassociative.be\/actualites\/#\/schema\/person\/b87ac4f82f9d4e7b7cec7395b679edc4\",\"name\":\"Julien\",\"image\":{\"@type\":\"ImageObject\",\"inLanguage\":\"fr-BE\",\"@id\":\"https:\/\/vieassociative.be\/actualites\/#\/schema\/person\/image\/\",\"url\":\"https:\/\/vieassociative.be\/actualites\/wp-content\/uploads\/2024\/09\/vie-associative-1-150x150.jpg\",\"contentUrl\":\"https:\/\/vieassociative.be\/actualites\/wp-content\/uploads\/2024\/09\/vie-associative-1-150x150.jpg\",\"caption\":\"Julien\"},\"description\":\"Je suis Julien, r\u00e9dacteur pour Vie Associative. Passionn\u00e9 par le monde associatif depuis plus de 10 ans, j'ai \u00e0 c\u0153ur de partager des histoires inspirantes et de mettre en lumi\u00e8re les initiatives locales. Mon objectif est de sensibiliser et d'encourager l'engagement communautaire \u00e0 travers mes articles.\",\"sameAs\":[\"https:\/\/vieassociative.be\/\"]}]}<\/script>\n<!-- \/ Yoast SEO plugin. -->","yoast_head_json":{"title":"Une autre journ\u00e9e de Black Raven pour Remco Minepoel - High -flyer Tadej Pogacar gagne des contre-temps en montagne | Vie Associative","robots":{"index":"index","follow":"follow","max-snippet":"max-snippet:-1","max-image-preview":"max-image-preview:large","max-video-preview":"max-video-preview:-1"},"canonical":"https:\/\/vieassociative.be\/actualites\/une-autre-journee-de-black-raven-pour-remco-minepoel-high-flyer-tadej-pogacar-gagne-des-contre-temps-en-montagne\/","og_locale":"fr_FR","og_type":"article","og_title":"Une autre journ\u00e9e de Black Raven pour Remco Minepoel - High -flyer Tadej Pogacar gagne des contre-temps en montagne | Vie Associative","og_description":"Tadej Pogacar a laiss\u00e9 ses concurrents derri\u00e8re le contre-la-montre \u00e0 Peyragudes. Remco Evenepoel a de nouveau eu une tr\u00e8s mauvaise journ\u00e9e et a m\u00eame atterri","og_url":"https:\/\/vieassociative.be\/actualites\/une-autre-journee-de-black-raven-pour-remco-minepoel-high-flyer-tadej-pogacar-gagne-des-contre-temps-en-montagne\/","og_site_name":"Vie Associative","article_published_time":"2025-07-18T20:17:39+00:00","og_image":[{"width":279,"height":92,"url":"https:\/\/vieassociative.be\/actualites\/wp-content\/uploads\/2024\/09\/header_backgroundk-01-e1726694325946.png","type":"image\/png"}],"author":"Julien","twitter_card":"summary_large_image","twitter_misc":{"\u00c9crit par":"Julien","Dur\u00e9e de lecture est.":"3 minutes"},"schema":{"@context":"https:\/\/schema.org","@graph":[{"@type":"Article","@id":"https:\/\/vieassociative.be\/actualites\/une-autre-journee-de-black-raven-pour-remco-minepoel-high-flyer-tadej-pogacar-gagne-des-contre-temps-en-montagne\/#article","isPartOf":{"@id":"https:\/\/vieassociative.be\/actualites\/une-autre-journee-de-black-raven-pour-remco-minepoel-high-flyer-tadej-pogacar-gagne-des-contre-temps-en-montagne\/"},"author":{"name":"Julien","@id":"https:\/\/vieassociative.be\/actualites\/#\/schema\/person\/b87ac4f82f9d4e7b7cec7395b679edc4"},"headline":"Une autre journ\u00e9e de Black Raven pour Remco Minepoel &#8211; High -flyer Tadej Pogacar gagne des contre-temps en montagne","datePublished":"2025-07-18T20:17:39+00:00","dateModified":"2025-07-18T20:17:39+00:00","mainEntityOfPage":{"@id":"https:\/\/vieassociative.be\/actualites\/une-autre-journee-de-black-raven-pour-remco-minepoel-high-flyer-tadej-pogacar-gagne-des-contre-temps-en-montagne\/"},"wordCount":616,"publisher":{"@id":"https:\/\/vieassociative.be\/actualites\/#organization"},"image":{"@id":"https:\/\/vieassociative.be\/actualites\/une-autre-journee-de-black-raven-pour-remco-minepoel-high-flyer-tadej-pogacar-gagne-des-contre-temps-en-montagne\/#primaryimage"},"thumbnailUrl":"https:\/\/vieassociative.be\/actualites\/wp-content\/uploads\/2025\/07\/1752869860_Une-autre-journee-de-Black-Raven-pour-Remco-Minepoel.jpg","keywords":["autre","Black","contretemps","Des","flyer","gagn\u00e9","High","journ\u00e9e","Minepoel","montagne","Pogacar","pour","Raven","Remco","Tadej","une"],"articleSection":["Belgique"],"inLanguage":"fr-BE"},{"@type":"WebPage","@id":"https:\/\/vieassociative.be\/actualites\/une-autre-journee-de-black-raven-pour-remco-minepoel-high-flyer-tadej-pogacar-gagne-des-contre-temps-en-montagne\/","url":"https:\/\/vieassociative.be\/actualites\/une-autre-journee-de-black-raven-pour-remco-minepoel-high-flyer-tadej-pogacar-gagne-des-contre-temps-en-montagne\/","name":"Une autre journ\u00e9e de Black Raven pour Remco Minepoel - High -flyer Tadej Pogacar gagne des contre-temps en montagne | Vie Associative","isPartOf":{"@id":"https:\/\/vieassociative.be\/actualites\/#website"},"primaryImageOfPage":{"@id":"https:\/\/vieassociative.be\/actualites\/une-autre-journee-de-black-raven-pour-remco-minepoel-high-flyer-tadej-pogacar-gagne-des-contre-temps-en-montagne\/#primaryimage"},"image":{"@id":"https:\/\/vieassociative.be\/actualites\/une-autre-journee-de-black-raven-pour-remco-minepoel-high-flyer-tadej-pogacar-gagne-des-contre-temps-en-montagne\/#primaryimage"},"thumbnailUrl":"https:\/\/vieassociative.be\/actualites\/wp-content\/uploads\/2025\/07\/1752869860_Une-autre-journee-de-Black-Raven-pour-Remco-Minepoel.jpg","datePublished":"2025-07-18T20:17:39+00:00","dateModified":"2025-07-18T20:17:39+00:00","breadcrumb":{"@id":"https:\/\/vieassociative.be\/actualites\/une-autre-journee-de-black-raven-pour-remco-minepoel-high-flyer-tadej-pogacar-gagne-des-contre-temps-en-montagne\/#breadcrumb"},"inLanguage":"fr-BE","potentialAction":[{"@type":"ReadAction","target":["https:\/\/vieassociative.be\/actualites\/une-autre-journee-de-black-raven-pour-remco-minepoel-high-flyer-tadej-pogacar-gagne-des-contre-temps-en-montagne\/"]}]},{"@type":"ImageObject","inLanguage":"fr-BE","@id":"https:\/\/vieassociative.be\/actualites\/une-autre-journee-de-black-raven-pour-remco-minepoel-high-flyer-tadej-pogacar-gagne-des-contre-temps-en-montagne\/#primaryimage","url":"https:\/\/vieassociative.be\/actualites\/wp-content\/uploads\/2025\/07\/1752869860_Une-autre-journee-de-Black-Raven-pour-Remco-Minepoel.jpg","contentUrl":"https:\/\/vieassociative.be\/actualites\/wp-content\/uploads\/2025\/07\/1752869860_Une-autre-journee-de-Black-Raven-pour-Remco-Minepoel.jpg","width":1200,"height":800,"caption":"Une autre journ\u00e9e de Black Raven pour Remco Minepoel - High -flyer Tadej Pogacar gagne des contre-temps en montagne"},{"@type":"BreadcrumbList","@id":"https:\/\/vieassociative.be\/actualites\/une-autre-journee-de-black-raven-pour-remco-minepoel-high-flyer-tadej-pogacar-gagne-des-contre-temps-en-montagne\/#breadcrumb","itemListElement":[{"@type":"ListItem","position":1,"name":"Accueil","item":"https:\/\/vieassociative.be\/actualites\/"},{"@type":"ListItem","position":2,"name":"Une autre journ\u00e9e de Black Raven pour Remco Minepoel &#8211; High -flyer Tadej Pogacar gagne des contre-temps en montagne"}]},{"@type":"WebSite","@id":"https:\/\/vieassociative.be\/actualites\/#website","url":"https:\/\/vieassociative.be\/actualites\/","name":"Vie Associative","description":"","publisher":{"@id":"https:\/\/vieassociative.be\/actualites\/#organization"},"potentialAction":[{"@type":"SearchAction","target":{"@type":"EntryPoint","urlTemplate":"https:\/\/vieassociative.be\/actualites\/?s={search_term_string}"},"query-input":{"@type":"PropertyValueSpecification","valueRequired":true,"valueName":"search_term_string"}}],"inLanguage":"fr-BE"},{"@type":"Organization","@id":"https:\/\/vieassociative.be\/actualites\/#organization","name":"Vie Associative","url":"https:\/\/vieassociative.be\/actualites\/","logo":{"@type":"ImageObject","inLanguage":"fr-BE","@id":"https:\/\/vieassociative.be\/actualites\/#\/schema\/logo\/image\/","url":"https:\/\/vieassociative.be\/actualites\/wp-content\/uploads\/2024\/09\/cropped-vieassociative_favicon.ico.png","contentUrl":"https:\/\/vieassociative.be\/actualites\/wp-content\/uploads\/2024\/09\/cropped-vieassociative_favicon.ico.png","width":512,"height":512,"caption":"Vie Associative"},"image":{"@id":"https:\/\/vieassociative.be\/actualites\/#\/schema\/logo\/image\/"}},{"@type":"Person","@id":"https:\/\/vieassociative.be\/actualites\/#\/schema\/person\/b87ac4f82f9d4e7b7cec7395b679edc4","name":"Julien","image":{"@type":"ImageObject","inLanguage":"fr-BE","@id":"https:\/\/vieassociative.be\/actualites\/#\/schema\/person\/image\/","url":"https:\/\/vieassociative.be\/actualites\/wp-content\/uploads\/2024\/09\/vie-associative-1-150x150.jpg","contentUrl":"https:\/\/vieassociative.be\/actualites\/wp-content\/uploads\/2024\/09\/vie-associative-1-150x150.jpg","caption":"Julien"},"description":"Je suis Julien, r\u00e9dacteur pour Vie Associative. Passionn\u00e9 par le monde associatif depuis plus de 10 ans, j'ai \u00e0 c\u0153ur de partager des histoires inspirantes et de mettre en lumi\u00e8re les initiatives locales. Mon objectif est de sensibiliser et d'encourager l'engagement communautaire \u00e0 travers mes articles.","sameAs":["https:\/\/vieassociative.be\/"]}]}},"_links":{"self":[{"href":"https:\/\/vieassociative.be\/actualites\/wp-json\/wp\/v2\/posts\/8847"}],"collection":[{"href":"https:\/\/vieassociative.be\/actualites\/wp-json\/wp\/v2\/posts"}],"about":[{"href":"https:\/\/vieassociative.be\/actualites\/wp-json\/wp\/v2\/types\/post"}],"author":[{"embeddable":true,"href":"https:\/\/vieassociative.be\/actualites\/wp-json\/wp\/v2\/users\/1"}],"replies":[{"embeddable":true,"href":"https:\/\/vieassociative.be\/actualites\/wp-json\/wp\/v2\/comments?post=8847"}],"version-history":[{"count":0,"href":"https:\/\/vieassociative.be\/actualites\/wp-json\/wp\/v2\/posts\/8847\/revisions"}],"wp:featuredmedia":[{"embeddable":true,"href":"https:\/\/vieassociative.be\/actualites\/wp-json\/wp\/v2\/media\/8848"}],"wp:attachment":[{"href":"https:\/\/vieassociative.be\/actualites\/wp-json\/wp\/v2\/media?parent=8847"}],"wp:term":[{"taxonomy":"category","embeddable":true,"href":"https:\/\/vieassociative.be\/actualites\/wp-json\/wp\/v2\/categories?post=8847"},{"taxonomy":"post_tag","embeddable":true,"href":"https:\/\/vieassociative.be\/actualites\/wp-json\/wp\/v2\/tags?post=8847"}],"curies":[{"name":"wp","href":"https:\/\/api.w.org\/{rel}","templated":true}]}}