{"id":8844,"date":"2025-07-18T19:17:16","date_gmt":"2025-07-18T17:17:16","guid":{"rendered":"https:\/\/vieassociative.be\/actualites\/pourquoi-tout-le-monde-parle-du-gen-z-stare-et-pourquoi-cest-probablement-bs\/"},"modified":"2025-07-18T19:17:16","modified_gmt":"2025-07-18T17:17:16","slug":"pourquoi-tout-le-monde-parle-du-gen-z-stare-et-pourquoi-cest-probablement-bs","status":"publish","type":"post","link":"https:\/\/vieassociative.be\/actualites\/pourquoi-tout-le-monde-parle-du-gen-z-stare-et-pourquoi-cest-probablement-bs\/","title":{"rendered":"Pourquoi tout le monde parle du \u00abGen Z Stare\u00bb et pourquoi c&rsquo;est probablement BS"},"content":{"rendered":"<div class=\"mt-4 leading-6 md:mb-8\">Les visages impassibles de Gen Z suscitent la controverse en ligne.<\/div>\n<p><\/p>\n<p>Le terme \u00ab\u00a0Gen Z Stare\u00a0\u00bb appara\u00eet partout dans les m\u00e9dias sociaux et les m\u00e9dias non sociaux cette semaine. Il se r\u00e9f\u00e8re \u00e0 l&rsquo;expression vide qui est cens\u00e9e \u00eatre courante chez les personnes \u00e2g\u00e9es de 13 \u00e0 28 ans, remarqu\u00e9es particuli\u00e8rement souvent parmi les travailleurs de la vente au d\u00e9tail. La g\u00e9n\u00e9ration Z, dit-on, r\u00e9pond aux salutations de la chaudi\u00e8re et aux petites conversations avec un regard imp\u00e9n\u00e9trable au lieu d&rsquo;un sourire ou d&rsquo;un hochement de t\u00eate. Bien que ce ne soit pas un terme nouveau &#8211; cette vid\u00e9o expliquant que les ph\u00e9nom\u00e8nes ont pr\u00e8s d&rsquo;un an &#8211; il est parti <em>tr\u00e8s<\/em> viral ces derniers temps. Mais est-ce un v\u00e9ritable changement de comportement culturel ou une campagne de carpage en ligne bas\u00e9e sur l&rsquo;\u00e2ge inutile?<\/p>\n<h2 id=\"is-the-gen-z-stare-even-real\">Le Gen Z regarde-t-il m\u00eame r\u00e9el?<\/h2>\n<p>Peut \u00eatre? En ce qui concerne quelque chose d&rsquo;aussi amorphe que les gens en ligne disant: \u00ab\u00a0Le barista me regarde dr\u00f4le quand je commande Starbucks\u00a0\u00bb, il n&rsquo;y a aucun moyen de savoir s&rsquo;il s&rsquo;agit d&rsquo;un trait r\u00e9pandu et troublant dans un large moyen d\u00e9mographique, ou tout simplement pour que les personnes \u00e2g\u00e9es se portent sur ces putains d&rsquo;enfants. Donc, jusqu&rsquo;\u00e0 ce que des recherches suppl\u00e9mentaires soient men\u00e9es, je dirai ceci: c&rsquo;est probablement un petit changement de comportement qui a \u00e9t\u00e9 \u00e9poustoufl\u00e9 par la proportion par l&rsquo;anxi\u00e9t\u00e9 g\u00e9n\u00e9rationnelle. Un peu comme les mill\u00e9niaux tuant des repas d\u00e9contract\u00e9s (et 100 autres choses), Vocal Fry, Jenkem, Rainbow Parties, Switchblades et le rythme \u00ab\u00a0trop jaunt\u00a0\u00bb du \u00ab\u00a0Deep In the Heart of Texas\u00a0\u00bb de Bing Crosby. (Pour \u00eatre juste, cette merde est baise <em>d\u00e9sinvolte<\/em>.)<\/p>\n<p>Dans la com\u00e9die musicale <em>Bye bye birdie,<\/em> M. McAfee d\u00e9crit les enfants comme des \u00ab\u00a0OAF d\u00e9sob\u00e9issants et irrespectueux\u00a0\u00bb qui sont impossibles \u00e0 contr\u00f4ler, puis demande de demander plaintivement: \u00ab\u00a0Pourquoi ne peuvent-ils pas \u00eatre comme nous \u00e9tions? Parfait \u00e0 tous points de vue?\u00a0\u00bb Cela a \u00e9t\u00e9 \u00e9crit en 1960, mais il aurait pu facilement \u00eatre publi\u00e9 par un homme de 35 ans sur Tiktok hier. UN <em>parcelle<\/em> du discours culturel en ligne informel sur le Stare Gen Z a le ton des critiques g\u00e9n\u00e9rationnelles qui ont \u00e9t\u00e9 jou\u00e9es il y a 40 ans. Les mill\u00e9niaux ont entre 29 et 44 ans, l&rsquo;\u00e2ge privil\u00e9gi\u00e9 pour \u00eatre d\u00e9rang\u00e9 avec cette anxi\u00e9t\u00e9 \u00ab\u00a0Je ne suis plus jeune\u00a0\u00bb qui se traduit si souvent en se sentant envieux des jeunes tout en parlant de merde. Ainsi, le regard Gen Z est probablement principalement cela. Mais d&rsquo;un autre c\u00f4t\u00e9, il pourrait y avoir des braises faisant exploser toute cette fum\u00e9e. <\/p>\n<h2 id=\"if-the-gen-z-stare-is-real-what-causes-it\">Si le regard Gen Z est r\u00e9el, qu&rsquo;est-ce qui en cause?<\/h2>\n<p>Si Gen Z est vraiment plus sujet aux regards vides, qu&rsquo;est-ce qui est derri\u00e8re? Cela d\u00e9pend de qui vous demandez. Forbes a rassembl\u00e9 quelques opinions de \u00ab\u00a0Generational Experts\u00a0\u00bb, alors faites votre choix:<\/p>\n<ul>\n<li>\n<p>Suzy Welch, le directeur de l&rsquo;initiative NYU Stern expr\u00e8s et florissante, le fait pour repousser activement la victoire, la comp\u00e9tition et le statut. <\/p>\n<\/li>\n<li>\n<p>Joe Galvin, directeur de la recherche chez Vistage, \u00ab\u00a0la plus grande organisation de conseil en coaching et des pairs du PDG au monde\u00a0\u00bb attribue le regard g\u00e9n\u00e9rationnel croissant de la communication et des attentes des employ\u00e9s \u00ab\u00a0. <\/p>\n<\/li>\n<li>\n<p>Sujay Saha, pr\u00e9sident de Cortico-X, une soci\u00e9t\u00e9 de conseil qui \u00ab\u00a0aide les clients \u00e0 r\u00e9aliser des valeurs commerciales significatives gr\u00e2ce \u00e0 une approche centr\u00e9e sur l&rsquo;homme des probl\u00e8mes commerciaux\u00a0\u00bb, a d\u00e9clar\u00e9 le Stare est devenu omnipr\u00e9sent parce que \u00ab\u00a0Gen Z est entr\u00e9 sur le march\u00e9 du travail \u00e0 une \u00e9poque d\u00e9finie par les \u00e9crans, la distanciation sociale et la communication \u00e9loign\u00e9e\u00a0\u00bb.<\/p>\n<\/li>\n<\/ul>\n<p>Aucune infraction \u00e0 ces experts (je suis s\u00fbr qu&rsquo;ils sont fantastiques), mais si un chercheur dans une organisation de coaching, un directeur d&rsquo;une initiative \u00ab\u00a0but et florissante\u00a0\u00bb, et un consultant essayant de \u00ab\u00a0r\u00e9aliser des valeurs commerciales significatives gr\u00e2ce \u00e0 une approche centr\u00e9e sur l&rsquo;homme des probl\u00e8mes commerciaux\u00a0\u00bb, j&rsquo;ai essay\u00e9 de m&rsquo;expliquer ma g\u00e9n\u00e9ration, je r\u00e9pondais \u00e9galement avec un regard vide. Un regard n\u00e9cessite que quelqu&rsquo;un soit regard\u00e9 <em>\u00e0<\/em>et peut-\u00eatre qu&rsquo;ils sont le probl\u00e8me. <\/p>\n<h2 id=\"the-delicate-dance-between-stare-er-and-stare-ee\">La danse d\u00e9licate entre Stare-er et Stare-ee<\/h2>\n<p>La plupart des exemples de la g\u00e9n\u00e9ration Z en ligne d\u00e9crivent les interactions entre les clients et les consommateurs ou les relations entre les employ\u00e9s de niveau d&rsquo;entr\u00e9e et leur patron. Compte tenu de la fa\u00e7on dont certaines personnes traitent les autres, peut-\u00eatre devraient-ils \u00eatre <em>content<\/em> Cette serveuse d&rsquo;Applebee les regarde d&rsquo;un air vide au lieu de les poignarder dans les yeux avec un couteau de steak. Comme le savent quiconque a d\u00e9j\u00e0 travaill\u00e9 un \u00abtravail de service\u00bb, parfois un regard vide n&rsquo;est pas un m\u00e9pris, c&rsquo;est l&rsquo;incr\u00e9dulit\u00e9.  <\/p>\n<div class=\"pogoClear relative my-10 border-b-(1.5px) border-t-(1.5px) border-dashed border-black py-5 sm:my-14 sm:border-0 sm:py-0\" data-ga-click data-ga-template=\"Explainers\" data-ga-module=\"openweb_widget\" data-ga-element=\"openweb_scroll\" data-ga-item=\"openweb_scroll_midpage\" x-data=\"{\n         commentsCount: null,\n         hasComments: false,\n         async fetchCommentsCount() {\n             try {\n                 if (window.openweb &amp;&amp; typeof window.openweb.getMessagesCount === 'function') {\n                     this.commentsCount = await window.openweb.getMessagesCount('01K0D17DGZ1BQ4BYQHEG6W3GZD');\n                     this.hasComments = this.commentsCount !== null &amp;&amp; this.commentsCount &gt; 0;\n                 }\n             } catch (e) {\n                 console.warn('Failed to fetch comment count:', e);\n             }\n         }\n     }\" x-init=\"fetchCommentsCount()\" x-cloak><\/p>\n<div class=\"absolute top-1\/2 hidden w-full -translate-y-1\/2 border-t-(1.5px) border-dashed border-black sm:block\"><\/div>\n<div class=\"relative flex justify-center\">\n<div class=\"flex max-w-fit items-center gap-x-3 bg-white px-5\">\n<div class=\"relative\">\n                <span class=\"absolute left-1\/2 top-1\/2 -translate-x-1\/2 -translate-y-1\/2 font-akshar text-sm font-medium text-black\" aria-live=\"polite\" x-show=\"hasComments\" x-text=\"commentsCount\"><\/span><\/p>\n<p>                <svg class=\"h-8 w-8 text-black\" role=\"img\" aria-hidden=\"true\">\n                    <use href=\"http:\/\/lifehacker.com\/images\/icons\/spritemap.svg#sprite-chat-bubble\"><\/use>\n                <\/svg>\n            <\/div>\n<p>            <span class=\"text-sm font-medium text-black\"><\/p>\n<p>                Que pensez-vous jusqu&rsquo;\u00e0 pr\u00e9sent?<br \/>\n                <button class=\"ml-1 font-semibold text-brand-green underline hover:text-brand-green-700\" type=\"button\" aria-label=\"Comment section trigger\" onclick=\"window.openweb.scrollToComments('01K0D17DGZ1BQ4BYQHEG6W3GZD')\" x-text=\"hasComments ? 'Post a comment.' : 'Be the first to post a comment.'\"><\/button><br \/>\n            <\/span>\n        <\/div>\n<\/p><\/div>\n<\/div>\n<p>\u00ab\u00a0Nous regardons lorsque vous ne comprenez pas le bon sens\u00a0\u00bb, explique Caleb Worley, qui a publi\u00e9 cette vid\u00e9o pour explorer le point de vue des \u00e9tats:<\/p>\n<blockquote class=\"tiktokEmbed tiktok-embed\" data-video-id=\"7527804971560078622\" style=\"max-width: 605px;min-width: 325px;\">\n<section><\/section>\n<\/blockquote>\n<p>Une autre th\u00e9orie: peut-\u00eatre que le regard de la g\u00e9n\u00e9ration Z est plus Meursault dans <em>L&rsquo;\u00e9tranger<\/em> que mon pote l&rsquo;elfe dans <em>Elfe<\/em>; Pas une d\u00e9monstration d&rsquo;usage, mais un aspect d&rsquo;indiff\u00e9rence mortelle parce que la vie a atteint des profondeurs d&rsquo;absurdit\u00e9 qui terrifieraient Camus. Imaginez que vous \u00eates un homme de 22 ans qui travaille un emploi \u00e0 bas salaires en 2025. Vous avez pass\u00e9 vos \u00abann\u00e9es \u00e0 l&rsquo;adolescence\u00bb \u00e0 vous cacher dans votre maison \u00e0 partir d&rsquo;un virus mortel, vous \u00eates aux prises avec une dette \u00e9tudiante, les agents de glace transportent vos voisins et vous ne pourrez probablement jamais vous permettre un <em>voiture<\/em>sans parler d&rsquo;une maison. Ensuite, le PDG d&rsquo;\u00e2ge moyen de Florishing dit: \u00ab\u00a0Votre probl\u00e8me est que vous ne le faites pas <em>sourire<\/em> <em>assez<\/em>. \u00ab\u00a0<\/p>\n<p>Ou peut-\u00eatre que c&rsquo;est juste un visage. Quoi qu&rsquo;il en soit, cela ne vaut pas la peine de paniquer; Je veux dire, tu devrais voir comment ils te regardent <em>Derri\u00e8re votre dos<\/em>. <\/p>\n<p><script async src=\"\/\/www.tiktok.com\/embed.js\"><\/script><\/p>\n","protected":false},"excerpt":{"rendered":"<p>Les visages impassibles de Gen Z suscitent la controverse en ligne. Le terme \u00ab\u00a0Gen Z Stare\u00a0\u00bb appara\u00eet partout dans les m\u00e9dias sociaux et les m\u00e9dias<\/p>\n","protected":false},"author":1,"featured_media":8845,"comment_status":"","ping_status":"","sticky":false,"template":"","format":"standard","meta":{"footnotes":""},"categories":[36],"tags":[362,5089,237,3127,734,419,7805,236],"class_list":["post-8844","post","type-post","status-publish","format-standard","has-post-thumbnail","hentry","category-divertissement","tag-cest","tag-gen","tag-monde","tag-parle","tag-pourquoi","tag-probablement","tag-stare","tag-tout","generate-columns","tablet-grid-50","mobile-grid-100","grid-parent","grid-33"],"yoast_head":"<!-- This site is optimized with the Yoast SEO plugin v24.0 - https:\/\/yoast.com\/wordpress\/plugins\/seo\/ -->\n<title>Pourquoi tout le monde parle du \u00abGen Z Stare\u00bb et pourquoi c&#039;est probablement BS | Vie Associative<\/title>\n<meta name=\"robots\" content=\"index, follow, max-snippet:-1, max-image-preview:large, max-video-preview:-1\" \/>\n<link rel=\"canonical\" href=\"https:\/\/vieassociative.be\/actualites\/pourquoi-tout-le-monde-parle-du-gen-z-stare-et-pourquoi-cest-probablement-bs\/\" \/>\n<meta property=\"og:locale\" content=\"fr_FR\" \/>\n<meta property=\"og:type\" content=\"article\" \/>\n<meta property=\"og:title\" content=\"Pourquoi tout le monde parle du \u00abGen Z Stare\u00bb et pourquoi c&#039;est probablement BS | Vie Associative\" \/>\n<meta property=\"og:description\" content=\"Les visages impassibles de Gen Z suscitent la controverse en ligne. Le terme \u00ab\u00a0Gen Z Stare\u00a0\u00bb appara\u00eet partout dans les m\u00e9dias sociaux et les m\u00e9dias\" \/>\n<meta property=\"og:url\" content=\"https:\/\/vieassociative.be\/actualites\/pourquoi-tout-le-monde-parle-du-gen-z-stare-et-pourquoi-cest-probablement-bs\/\" \/>\n<meta property=\"og:site_name\" content=\"Vie Associative\" \/>\n<meta property=\"article:published_time\" content=\"2025-07-18T17:17:16+00:00\" \/>\n<meta property=\"og:image\" content=\"https:\/\/vieassociative.be\/actualites\/wp-content\/uploads\/2024\/09\/header_backgroundk-01-e1726694325946.png\" \/>\n\t<meta property=\"og:image:width\" content=\"279\" \/>\n\t<meta property=\"og:image:height\" content=\"92\" \/>\n\t<meta property=\"og:image:type\" content=\"image\/png\" \/>\n<meta name=\"author\" content=\"Julien\" \/>\n<meta name=\"twitter:card\" content=\"summary_large_image\" \/>\n<meta name=\"twitter:label1\" content=\"\u00c9crit par\" \/>\n\t<meta name=\"twitter:data1\" content=\"Julien\" \/>\n\t<meta name=\"twitter:label2\" content=\"Dur\u00e9e de lecture est.\" \/>\n\t<meta name=\"twitter:data2\" content=\"5 minutes\" \/>\n<script type=\"application\/ld+json\" class=\"yoast-schema-graph\">{\"@context\":\"https:\/\/schema.org\",\"@graph\":[{\"@type\":\"Article\",\"@id\":\"https:\/\/vieassociative.be\/actualites\/pourquoi-tout-le-monde-parle-du-gen-z-stare-et-pourquoi-cest-probablement-bs\/#article\",\"isPartOf\":{\"@id\":\"https:\/\/vieassociative.be\/actualites\/pourquoi-tout-le-monde-parle-du-gen-z-stare-et-pourquoi-cest-probablement-bs\/\"},\"author\":{\"name\":\"Julien\",\"@id\":\"https:\/\/vieassociative.be\/actualites\/#\/schema\/person\/b87ac4f82f9d4e7b7cec7395b679edc4\"},\"headline\":\"Pourquoi tout le monde parle du \u00abGen Z Stare\u00bb et pourquoi c&rsquo;est probablement BS\",\"datePublished\":\"2025-07-18T17:17:16+00:00\",\"dateModified\":\"2025-07-18T17:17:16+00:00\",\"mainEntityOfPage\":{\"@id\":\"https:\/\/vieassociative.be\/actualites\/pourquoi-tout-le-monde-parle-du-gen-z-stare-et-pourquoi-cest-probablement-bs\/\"},\"wordCount\":1082,\"publisher\":{\"@id\":\"https:\/\/vieassociative.be\/actualites\/#organization\"},\"image\":{\"@id\":\"https:\/\/vieassociative.be\/actualites\/pourquoi-tout-le-monde-parle-du-gen-z-stare-et-pourquoi-cest-probablement-bs\/#primaryimage\"},\"thumbnailUrl\":\"https:\/\/vieassociative.be\/actualites\/wp-content\/uploads\/2025\/07\/Pourquoi-tout-le-monde-parle-du-Gen-Z-Stare-et.png\",\"keywords\":[\"cest\",\"Gen\",\"monde\",\"parle\",\"Pourquoi\",\"probablement\",\"Stare\",\"tout\"],\"articleSection\":[\"Divertissement\"],\"inLanguage\":\"fr-BE\"},{\"@type\":\"WebPage\",\"@id\":\"https:\/\/vieassociative.be\/actualites\/pourquoi-tout-le-monde-parle-du-gen-z-stare-et-pourquoi-cest-probablement-bs\/\",\"url\":\"https:\/\/vieassociative.be\/actualites\/pourquoi-tout-le-monde-parle-du-gen-z-stare-et-pourquoi-cest-probablement-bs\/\",\"name\":\"Pourquoi tout le monde parle du \u00abGen Z Stare\u00bb et pourquoi c'est probablement BS | Vie Associative\",\"isPartOf\":{\"@id\":\"https:\/\/vieassociative.be\/actualites\/#website\"},\"primaryImageOfPage\":{\"@id\":\"https:\/\/vieassociative.be\/actualites\/pourquoi-tout-le-monde-parle-du-gen-z-stare-et-pourquoi-cest-probablement-bs\/#primaryimage\"},\"image\":{\"@id\":\"https:\/\/vieassociative.be\/actualites\/pourquoi-tout-le-monde-parle-du-gen-z-stare-et-pourquoi-cest-probablement-bs\/#primaryimage\"},\"thumbnailUrl\":\"https:\/\/vieassociative.be\/actualites\/wp-content\/uploads\/2025\/07\/Pourquoi-tout-le-monde-parle-du-Gen-Z-Stare-et.png\",\"datePublished\":\"2025-07-18T17:17:16+00:00\",\"dateModified\":\"2025-07-18T17:17:16+00:00\",\"breadcrumb\":{\"@id\":\"https:\/\/vieassociative.be\/actualites\/pourquoi-tout-le-monde-parle-du-gen-z-stare-et-pourquoi-cest-probablement-bs\/#breadcrumb\"},\"inLanguage\":\"fr-BE\",\"potentialAction\":[{\"@type\":\"ReadAction\",\"target\":[\"https:\/\/vieassociative.be\/actualites\/pourquoi-tout-le-monde-parle-du-gen-z-stare-et-pourquoi-cest-probablement-bs\/\"]}]},{\"@type\":\"ImageObject\",\"inLanguage\":\"fr-BE\",\"@id\":\"https:\/\/vieassociative.be\/actualites\/pourquoi-tout-le-monde-parle-du-gen-z-stare-et-pourquoi-cest-probablement-bs\/#primaryimage\",\"url\":\"https:\/\/vieassociative.be\/actualites\/wp-content\/uploads\/2025\/07\/Pourquoi-tout-le-monde-parle-du-Gen-Z-Stare-et.png\",\"contentUrl\":\"https:\/\/vieassociative.be\/actualites\/wp-content\/uploads\/2025\/07\/Pourquoi-tout-le-monde-parle-du-Gen-Z-Stare-et.png\",\"width\":1200,\"height\":675,\"caption\":\"Pourquoi tout le monde parle du \u00abGen Z Stare\u00bb et pourquoi c'est probablement BS\"},{\"@type\":\"BreadcrumbList\",\"@id\":\"https:\/\/vieassociative.be\/actualites\/pourquoi-tout-le-monde-parle-du-gen-z-stare-et-pourquoi-cest-probablement-bs\/#breadcrumb\",\"itemListElement\":[{\"@type\":\"ListItem\",\"position\":1,\"name\":\"Accueil\",\"item\":\"https:\/\/vieassociative.be\/actualites\/\"},{\"@type\":\"ListItem\",\"position\":2,\"name\":\"Pourquoi tout le monde parle du \u00abGen Z Stare\u00bb et pourquoi c&rsquo;est probablement BS\"}]},{\"@type\":\"WebSite\",\"@id\":\"https:\/\/vieassociative.be\/actualites\/#website\",\"url\":\"https:\/\/vieassociative.be\/actualites\/\",\"name\":\"Vie Associative\",\"description\":\"\",\"publisher\":{\"@id\":\"https:\/\/vieassociative.be\/actualites\/#organization\"},\"potentialAction\":[{\"@type\":\"SearchAction\",\"target\":{\"@type\":\"EntryPoint\",\"urlTemplate\":\"https:\/\/vieassociative.be\/actualites\/?s={search_term_string}\"},\"query-input\":{\"@type\":\"PropertyValueSpecification\",\"valueRequired\":true,\"valueName\":\"search_term_string\"}}],\"inLanguage\":\"fr-BE\"},{\"@type\":\"Organization\",\"@id\":\"https:\/\/vieassociative.be\/actualites\/#organization\",\"name\":\"Vie Associative\",\"url\":\"https:\/\/vieassociative.be\/actualites\/\",\"logo\":{\"@type\":\"ImageObject\",\"inLanguage\":\"fr-BE\",\"@id\":\"https:\/\/vieassociative.be\/actualites\/#\/schema\/logo\/image\/\",\"url\":\"https:\/\/vieassociative.be\/actualites\/wp-content\/uploads\/2024\/09\/cropped-vieassociative_favicon.ico.png\",\"contentUrl\":\"https:\/\/vieassociative.be\/actualites\/wp-content\/uploads\/2024\/09\/cropped-vieassociative_favicon.ico.png\",\"width\":512,\"height\":512,\"caption\":\"Vie Associative\"},\"image\":{\"@id\":\"https:\/\/vieassociative.be\/actualites\/#\/schema\/logo\/image\/\"}},{\"@type\":\"Person\",\"@id\":\"https:\/\/vieassociative.be\/actualites\/#\/schema\/person\/b87ac4f82f9d4e7b7cec7395b679edc4\",\"name\":\"Julien\",\"image\":{\"@type\":\"ImageObject\",\"inLanguage\":\"fr-BE\",\"@id\":\"https:\/\/vieassociative.be\/actualites\/#\/schema\/person\/image\/\",\"url\":\"https:\/\/vieassociative.be\/actualites\/wp-content\/uploads\/2024\/09\/vie-associative-1-150x150.jpg\",\"contentUrl\":\"https:\/\/vieassociative.be\/actualites\/wp-content\/uploads\/2024\/09\/vie-associative-1-150x150.jpg\",\"caption\":\"Julien\"},\"description\":\"Je suis Julien, r\u00e9dacteur pour Vie Associative. Passionn\u00e9 par le monde associatif depuis plus de 10 ans, j'ai \u00e0 c\u0153ur de partager des histoires inspirantes et de mettre en lumi\u00e8re les initiatives locales. Mon objectif est de sensibiliser et d'encourager l'engagement communautaire \u00e0 travers mes articles.\",\"sameAs\":[\"https:\/\/vieassociative.be\/\"]}]}<\/script>\n<!-- \/ Yoast SEO plugin. -->","yoast_head_json":{"title":"Pourquoi tout le monde parle du \u00abGen Z Stare\u00bb et pourquoi c'est probablement BS | Vie Associative","robots":{"index":"index","follow":"follow","max-snippet":"max-snippet:-1","max-image-preview":"max-image-preview:large","max-video-preview":"max-video-preview:-1"},"canonical":"https:\/\/vieassociative.be\/actualites\/pourquoi-tout-le-monde-parle-du-gen-z-stare-et-pourquoi-cest-probablement-bs\/","og_locale":"fr_FR","og_type":"article","og_title":"Pourquoi tout le monde parle du \u00abGen Z Stare\u00bb et pourquoi c'est probablement BS | Vie Associative","og_description":"Les visages impassibles de Gen Z suscitent la controverse en ligne. Le terme \u00ab\u00a0Gen Z Stare\u00a0\u00bb appara\u00eet partout dans les m\u00e9dias sociaux et les m\u00e9dias","og_url":"https:\/\/vieassociative.be\/actualites\/pourquoi-tout-le-monde-parle-du-gen-z-stare-et-pourquoi-cest-probablement-bs\/","og_site_name":"Vie Associative","article_published_time":"2025-07-18T17:17:16+00:00","og_image":[{"width":279,"height":92,"url":"https:\/\/vieassociative.be\/actualites\/wp-content\/uploads\/2024\/09\/header_backgroundk-01-e1726694325946.png","type":"image\/png"}],"author":"Julien","twitter_card":"summary_large_image","twitter_misc":{"\u00c9crit par":"Julien","Dur\u00e9e de lecture est.":"5 minutes"},"schema":{"@context":"https:\/\/schema.org","@graph":[{"@type":"Article","@id":"https:\/\/vieassociative.be\/actualites\/pourquoi-tout-le-monde-parle-du-gen-z-stare-et-pourquoi-cest-probablement-bs\/#article","isPartOf":{"@id":"https:\/\/vieassociative.be\/actualites\/pourquoi-tout-le-monde-parle-du-gen-z-stare-et-pourquoi-cest-probablement-bs\/"},"author":{"name":"Julien","@id":"https:\/\/vieassociative.be\/actualites\/#\/schema\/person\/b87ac4f82f9d4e7b7cec7395b679edc4"},"headline":"Pourquoi tout le monde parle du \u00abGen Z Stare\u00bb et pourquoi c&rsquo;est probablement BS","datePublished":"2025-07-18T17:17:16+00:00","dateModified":"2025-07-18T17:17:16+00:00","mainEntityOfPage":{"@id":"https:\/\/vieassociative.be\/actualites\/pourquoi-tout-le-monde-parle-du-gen-z-stare-et-pourquoi-cest-probablement-bs\/"},"wordCount":1082,"publisher":{"@id":"https:\/\/vieassociative.be\/actualites\/#organization"},"image":{"@id":"https:\/\/vieassociative.be\/actualites\/pourquoi-tout-le-monde-parle-du-gen-z-stare-et-pourquoi-cest-probablement-bs\/#primaryimage"},"thumbnailUrl":"https:\/\/vieassociative.be\/actualites\/wp-content\/uploads\/2025\/07\/Pourquoi-tout-le-monde-parle-du-Gen-Z-Stare-et.png","keywords":["cest","Gen","monde","parle","Pourquoi","probablement","Stare","tout"],"articleSection":["Divertissement"],"inLanguage":"fr-BE"},{"@type":"WebPage","@id":"https:\/\/vieassociative.be\/actualites\/pourquoi-tout-le-monde-parle-du-gen-z-stare-et-pourquoi-cest-probablement-bs\/","url":"https:\/\/vieassociative.be\/actualites\/pourquoi-tout-le-monde-parle-du-gen-z-stare-et-pourquoi-cest-probablement-bs\/","name":"Pourquoi tout le monde parle du \u00abGen Z Stare\u00bb et pourquoi c'est probablement BS | Vie Associative","isPartOf":{"@id":"https:\/\/vieassociative.be\/actualites\/#website"},"primaryImageOfPage":{"@id":"https:\/\/vieassociative.be\/actualites\/pourquoi-tout-le-monde-parle-du-gen-z-stare-et-pourquoi-cest-probablement-bs\/#primaryimage"},"image":{"@id":"https:\/\/vieassociative.be\/actualites\/pourquoi-tout-le-monde-parle-du-gen-z-stare-et-pourquoi-cest-probablement-bs\/#primaryimage"},"thumbnailUrl":"https:\/\/vieassociative.be\/actualites\/wp-content\/uploads\/2025\/07\/Pourquoi-tout-le-monde-parle-du-Gen-Z-Stare-et.png","datePublished":"2025-07-18T17:17:16+00:00","dateModified":"2025-07-18T17:17:16+00:00","breadcrumb":{"@id":"https:\/\/vieassociative.be\/actualites\/pourquoi-tout-le-monde-parle-du-gen-z-stare-et-pourquoi-cest-probablement-bs\/#breadcrumb"},"inLanguage":"fr-BE","potentialAction":[{"@type":"ReadAction","target":["https:\/\/vieassociative.be\/actualites\/pourquoi-tout-le-monde-parle-du-gen-z-stare-et-pourquoi-cest-probablement-bs\/"]}]},{"@type":"ImageObject","inLanguage":"fr-BE","@id":"https:\/\/vieassociative.be\/actualites\/pourquoi-tout-le-monde-parle-du-gen-z-stare-et-pourquoi-cest-probablement-bs\/#primaryimage","url":"https:\/\/vieassociative.be\/actualites\/wp-content\/uploads\/2025\/07\/Pourquoi-tout-le-monde-parle-du-Gen-Z-Stare-et.png","contentUrl":"https:\/\/vieassociative.be\/actualites\/wp-content\/uploads\/2025\/07\/Pourquoi-tout-le-monde-parle-du-Gen-Z-Stare-et.png","width":1200,"height":675,"caption":"Pourquoi tout le monde parle du \u00abGen Z Stare\u00bb et pourquoi c'est probablement BS"},{"@type":"BreadcrumbList","@id":"https:\/\/vieassociative.be\/actualites\/pourquoi-tout-le-monde-parle-du-gen-z-stare-et-pourquoi-cest-probablement-bs\/#breadcrumb","itemListElement":[{"@type":"ListItem","position":1,"name":"Accueil","item":"https:\/\/vieassociative.be\/actualites\/"},{"@type":"ListItem","position":2,"name":"Pourquoi tout le monde parle du \u00abGen Z Stare\u00bb et pourquoi c&rsquo;est probablement BS"}]},{"@type":"WebSite","@id":"https:\/\/vieassociative.be\/actualites\/#website","url":"https:\/\/vieassociative.be\/actualites\/","name":"Vie Associative","description":"","publisher":{"@id":"https:\/\/vieassociative.be\/actualites\/#organization"},"potentialAction":[{"@type":"SearchAction","target":{"@type":"EntryPoint","urlTemplate":"https:\/\/vieassociative.be\/actualites\/?s={search_term_string}"},"query-input":{"@type":"PropertyValueSpecification","valueRequired":true,"valueName":"search_term_string"}}],"inLanguage":"fr-BE"},{"@type":"Organization","@id":"https:\/\/vieassociative.be\/actualites\/#organization","name":"Vie Associative","url":"https:\/\/vieassociative.be\/actualites\/","logo":{"@type":"ImageObject","inLanguage":"fr-BE","@id":"https:\/\/vieassociative.be\/actualites\/#\/schema\/logo\/image\/","url":"https:\/\/vieassociative.be\/actualites\/wp-content\/uploads\/2024\/09\/cropped-vieassociative_favicon.ico.png","contentUrl":"https:\/\/vieassociative.be\/actualites\/wp-content\/uploads\/2024\/09\/cropped-vieassociative_favicon.ico.png","width":512,"height":512,"caption":"Vie Associative"},"image":{"@id":"https:\/\/vieassociative.be\/actualites\/#\/schema\/logo\/image\/"}},{"@type":"Person","@id":"https:\/\/vieassociative.be\/actualites\/#\/schema\/person\/b87ac4f82f9d4e7b7cec7395b679edc4","name":"Julien","image":{"@type":"ImageObject","inLanguage":"fr-BE","@id":"https:\/\/vieassociative.be\/actualites\/#\/schema\/person\/image\/","url":"https:\/\/vieassociative.be\/actualites\/wp-content\/uploads\/2024\/09\/vie-associative-1-150x150.jpg","contentUrl":"https:\/\/vieassociative.be\/actualites\/wp-content\/uploads\/2024\/09\/vie-associative-1-150x150.jpg","caption":"Julien"},"description":"Je suis Julien, r\u00e9dacteur pour Vie Associative. Passionn\u00e9 par le monde associatif depuis plus de 10 ans, j'ai \u00e0 c\u0153ur de partager des histoires inspirantes et de mettre en lumi\u00e8re les initiatives locales. Mon objectif est de sensibiliser et d'encourager l'engagement communautaire \u00e0 travers mes articles.","sameAs":["https:\/\/vieassociative.be\/"]}]}},"_links":{"self":[{"href":"https:\/\/vieassociative.be\/actualites\/wp-json\/wp\/v2\/posts\/8844"}],"collection":[{"href":"https:\/\/vieassociative.be\/actualites\/wp-json\/wp\/v2\/posts"}],"about":[{"href":"https:\/\/vieassociative.be\/actualites\/wp-json\/wp\/v2\/types\/post"}],"author":[{"embeddable":true,"href":"https:\/\/vieassociative.be\/actualites\/wp-json\/wp\/v2\/users\/1"}],"replies":[{"embeddable":true,"href":"https:\/\/vieassociative.be\/actualites\/wp-json\/wp\/v2\/comments?post=8844"}],"version-history":[{"count":0,"href":"https:\/\/vieassociative.be\/actualites\/wp-json\/wp\/v2\/posts\/8844\/revisions"}],"wp:featuredmedia":[{"embeddable":true,"href":"https:\/\/vieassociative.be\/actualites\/wp-json\/wp\/v2\/media\/8845"}],"wp:attachment":[{"href":"https:\/\/vieassociative.be\/actualites\/wp-json\/wp\/v2\/media?parent=8844"}],"wp:term":[{"taxonomy":"category","embeddable":true,"href":"https:\/\/vieassociative.be\/actualites\/wp-json\/wp\/v2\/categories?post=8844"},{"taxonomy":"post_tag","embeddable":true,"href":"https:\/\/vieassociative.be\/actualites\/wp-json\/wp\/v2\/tags?post=8844"}],"curies":[{"name":"wp","href":"https:\/\/api.w.org\/{rel}","templated":true}]}}