{"id":8841,"date":"2025-07-18T17:17:00","date_gmt":"2025-07-18T15:17:00","guid":{"rendered":"https:\/\/vieassociative.be\/actualites\/tomorrowland-a-une-nouvelle-etape-deux-jours-apres-flame-inferno\/"},"modified":"2025-07-18T17:17:03","modified_gmt":"2025-07-18T15:17:03","slug":"tomorrowland-a-une-nouvelle-etape-deux-jours-apres-flame-inferno","status":"publish","type":"post","link":"https:\/\/vieassociative.be\/actualites\/tomorrowland-a-une-nouvelle-etape-deux-jours-apres-flame-inferno\/","title":{"rendered":"Tomorrowland a une nouvelle \u00e9tape-deux jours apr\u00e8s Flame-Inferno"},"content":{"rendered":"<p><\/p>\n<p class=\"font-sans font-medium\">  La sc\u00e8ne principale du festival \u00e9lectrique belge Tomorrowland a br\u00fbl\u00e9 deux jours avant le d\u00e9part. Il semble y avoir une alternative.<\/p>\n<aside class=\"h-ad-280+text lg:h-0 mb-12 md:mb-16\" data-slot-id=\"pos1_sm\" data-breakpoint=\"sm\" data-hide-ad-text=\"false\" data-module-id=\"SparkAdSlotModule\"><\/aside>\n<p>Le choc est survenu deux jours avant le d\u00e9but du festival pr\u00e9vu: mercredi, un incendie a d\u00e9truit la sc\u00e8ne principale du festival de Tomorrowland. Une chronique de fum\u00e9e noire se tenait au-dessus du site du festival du Tomorrowland dans le boom belge entre Bruxelles et Anvers. Les flammes ont frapp\u00e9 et d\u00e9voraient toute la sc\u00e8ne principale du plus grand festival \u00e9lectrique d&rsquo;Europe. <\/p>\n<p>Quelques heures seulement apr\u00e8s l&rsquo;\u00e9clatement de l&rsquo;incendie, les services d&rsquo;urgence ont pu contr\u00f4ler l&rsquo;enfer. Il ne reste plus grand-chose de la sc\u00e8ne principale, qui \u00e9tait autrefois con\u00e7ue artistiquement avec des montagnes et des sculptures en pierre, presque exclusivement en bois. Seule la structure en acier nu peut \u00eatre vue sur les images. Les fans du monde entier ont \u00e9t\u00e9 choqu\u00e9s &#8211; et craignaient pour leur festival. Mais une solution semble avoir \u00e9t\u00e9 trouv\u00e9e rapidement.<\/p>\n<div id=\"piano-banner-kampagne\" data-module-id=\"PianoElementModule, PianoRecoWidgetModule\" class=\"mb-4 block\"><\/div>\n<div id=\"piano-reco-widget\" data-module-id=\"PianoElementModule, PianoRecoWidgetModule\" class=\"mb-4 block\"><\/div>\n<h3>Tomorrowland Stage: Ceci est la solution des organisateurs<\/h3>\n<p>Les organisateurs ont cr\u00e9\u00e9 une alternative en seulement deux jours. Le festival a lieu. Tous les visiteurs ont pu affluer sur le site depuis vendredi, 14 h. La nouvelle sc\u00e8ne principale est ouverte \u00e0 partir de 16 h. \u00ab\u00a0Comme pr\u00e9vu, tous les artistes apparaissent \u00e0 toutes les autres \u00e9tapes comme pr\u00e9vu\u00a0\u00bb, explique une contribution Instagram du festival.<\/p>\n<p><!-- opinary --><\/p>\n<div class=\"w-full bg-stable-white\">\n<div id=\"opinary-automation-placeholder\" class=\"w-full\"><\/div>\n<\/p><\/div>\n<aside class=\"h-ad-600+text lg:h-0 mb-12 md:mb-16\" data-slot-id=\"pos2_sm\" data-breakpoint=\"sm\" data-hide-ad-text=\"false\" data-module-id=\"SparkAdSlotModule\"><\/aside>\n<p>Une partie de l&rsquo;article est une photo avec le lettrage: \u00ab\u00a0Nous nous unirons.\u00a0\u00bb (\u00ab\u00a0Nous unirons.\u00a0\u00bb). Le groupe Metallica pourrait avoir une chose essentielle que la nouvelle sc\u00e8ne peut \u00eatre jou\u00e9e: \u00ab\u00a0Les coffrets sonores de la nouvelle sc\u00e8ne sont de Metallica\u00a0\u00bb, a confirm\u00e9 une porte-parole du groupe de \u00ab\u00a0Bild\u00a0\u00bb. Il y a plusieurs bo\u00eetes de son qui ont \u00e9t\u00e9 stock\u00e9es apr\u00e8s la tourn\u00e9e europ\u00e9enne du groupe. <\/p>\n<h3>After Fire: Metal Band Metallica \u00e9quipe la sc\u00e8ne principale de New Tomorrowland<\/h3>\n<p>D&rsquo;apr\u00e8s sa propre exp\u00e9rience, le groupe sait \u00e0 quel point un incendie est terrifiant et dangereux: en 1992, il a frapp\u00e9 Metallica elle-m\u00eame. \u00c0 cette \u00e9poque, non seulement la sc\u00e8ne \u00e9tait en feu lors d&rsquo;un concert, mais aussi le front James Hetfield. Il a \u00e9t\u00e9 touch\u00e9 par la pyrotechnique. Le groupe a d\u00fb annuler le concert pr\u00e9matur\u00e9ment. Hetfield a subi des br\u00fblures sur les bras et les jambes. Le groupe de m\u00e9tal peut d\u00e9sormais danser des \u00e9lectrofans du monde entier \u00e0 Tomorrowland.<\/p>\n<style>\n<p>          .Kaltura Player Container {position: Absolute; } .PlayKit-Ads Container iframe {position: absolue; En haut: 0; \u00c0 gauche: 0; Largeur: 100%; Hauteur: 100%; }\n        <\/style>\n<p>L&rsquo;organisateur a pris la parole de la soir\u00e9e de l&rsquo;incendie: \u00ab\u00a0En raison d&rsquo;un grave incident et d&rsquo;un incendie sur la sc\u00e8ne principale de Tomorrowland, notre sc\u00e8ne principale bien-aim\u00e9e a \u00e9t\u00e9 gravement endommag\u00e9e\u00a0\u00bb, a d\u00e9clar\u00e9 Instagram. Et: personne n&rsquo;a \u00e9t\u00e9 bless\u00e9 dans l&rsquo;incident. Ceci est maintenant \u00e9galement confirm\u00e9 par les pompiers et la police.<\/p>\n<p><!-- Taboola Container --><\/p>\n<aside class=\" w-full\" data-module-id=\"TaboolaContainerModule\" data-container-id=\"taboola-article-mid-article\" data-target-type=\"mix\" data-is-mid-article=\"true\" data-variant=\"mid-article\" data-gallery-number=\"undefined\" data-taboola-darkmode-flag=\"true\">\n<div id=\"taboola-article-mid-article\" style=\"\"><\/div>\n<\/aside>\n<h3>Tomorrowland Fire: \u00ab\u00a0Nous nous en tenons \u00e0 la magie\u00a0\u00bb<\/h3>\n<p>Jeudi matin, une nouvelle \u00e9motionnelle a \u00e9t\u00e9 suivie par les fabricants: \u03d5 \u00abIl est impossible de mettre en mots ce que nous ressentons. La sc\u00e8ne principale d&rsquo;Orbyz de Tomorrowland Belgium 2025, une cr\u00e9ation de la passion pure, de l&rsquo;imagination et du d\u00e9vouement. Ce n&rsquo;\u00e9tait pas seulement une \u00e9tape. C&rsquo;\u00e9tait un monde vivant et de la respiration. Depuis la premi\u00e8re esquisse des feuilles de la coloperation, l&rsquo;ing\u00e9nierie, l&rsquo;ing\u00e9nierie, le m\u00e9tier d&rsquo;artisanat et la construction ont fait du croquis.<\/p>\n<p>Dans le m\u00eame temps, il a \u00e9t\u00e9 dit que les organisateurs avaient travaill\u00e9 sur des solutions pour la zone principale toute la nuit. D&rsquo;autres parties du site du festival ne sont pas affect\u00e9es par l&rsquo;incendie. Le camping a \u00e9t\u00e9 ouvert jeudi et les premiers visiteurs sont arriv\u00e9s. Le programme d&rsquo;arriv\u00e9e \u00ab\u00a0Global Journey\u00a0\u00bb de Bruxelles et d&rsquo;Anvers a \u00e9galement commenc\u00e9 r\u00e9guli\u00e8rement.<\/p>\n<aside class=\"h-ad-280+text lg:h-0 mb-12 md:mb-16\" data-slot-id=\"pos3_sm\" data-breakpoint=\"sm\" data-hide-ad-text=\"false\" data-module-id=\"SparkAdSlotModule\"><\/aside>\n<h3>Artistes choqu\u00e9s par le feu de la sc\u00e8ne de Tomorrowland<\/h3>\n<p>Le gouverneur de la province d&rsquo;Anvers, Cathy Berx, ne doute pas de la mise en \u0153uvre pr\u00e9vue du festival. \u00ab\u00a0Je suis convaincue que Tomorrowland apportera la cr\u00e9ativit\u00e9 et la s\u00e9curit\u00e9 des festivaliers et des employ\u00e9s en harmonie malgr\u00e9 le terrible revers\u00a0\u00bb, a-t-elle d\u00e9clar\u00e9 dans la d\u00e9claration de Belga. <\/p>\n<p>Les fans et les artistes r\u00e9agissent secou\u00e9 au malheur &#8211; et en m\u00eame temps, il est soulag\u00e9 que personne n&rsquo;a \u00e9t\u00e9 bless\u00e9. \u00ab\u00a0Je suis sans voix\u00a0\u00bb, \u00e9crit le techno-djane belge Charlotte de Witte, qui devrait appara\u00eetre au festival. Le DJ n\u00e9erlandais Armin Van Buuren, \u00e9galement l&rsquo;une des t\u00eates d&rsquo;affiche, envoie un emoji cardiaque. <\/p>\n<p>Le parocafestival, le plus grand festival \u00e9lectrique de l&rsquo;Allemagne, \u00e9crit: \u00ab\u00a0Ravi d&rsquo;entendre que tout le monde va bien. Nous vous enverrons tout notre amour!\u00a0\u00bb<\/p>\n<h3>Tomorrowland Festival: sc\u00e8ne principale compl\u00e8tement d\u00e9truite<\/h3>\n<p>Mercredi soir, les services d&rsquo;urgence ont d&rsquo;abord eu du mal \u00e0 emp\u00eacher les flammes d&rsquo;\u00eatre v\u00e9g\u00e9tale derri\u00e8re la sc\u00e8ne et une tente. La police avait des drones utilis\u00e9s pour surveiller l&rsquo;incendie de l&rsquo;air. La nuit, environ 100 services d&rsquo;urgence \u00e9taient sur place pour \u00e9teindre l&rsquo;incendie. Ils ont pu quitter la zone entre 6 heures du matin et 8 heures du matin et des vid\u00e9os des flammes ont \u00e9t\u00e9 vues sur les r\u00e9seaux sociaux. Certains ont montr\u00e9 une \u00e9tape compl\u00e8tement br\u00fbl\u00e9e.<\/p>\n<aside class=\"h-ad-280+text lg:h-0 mb-12 md:mb-16\" data-slot-id=\"pos4_sm\" data-breakpoint=\"sm\" data-hide-ad-text=\"false\" data-module-id=\"SparkAdSlotModule\"><\/aside>\n<h3>Tomorrowland: la pyrotechnique aurait pu provoquer le feu <\/h3>\n<p>Mercredi, les r\u00e9sidents avaient \u00e9t\u00e9 invit\u00e9s \u00e0 garder leurs fen\u00eatres et leurs portes ferm\u00e9es. La fum\u00e9e n&rsquo;est pas toxique, dit-on. Jusqu&rsquo;\u00e0 1000 employ\u00e9s auraient \u00e9t\u00e9 sur le site lorsque l&rsquo;incendie a \u00e9clat\u00e9. Les festivaliers n&rsquo;avaient pas encore voyag\u00e9. Le site a \u00e9t\u00e9 \u00e9vacu\u00e9, a d\u00e9clar\u00e9 la porte-parole Wilmsen. <\/p>\n<p>Le bureau du procureur d&rsquo;Anvers, qui a initi\u00e9 la cause de l&rsquo;incendie, a expliqu\u00e9 que l&rsquo;incendie n&rsquo;avait apparemment pas \u00e9t\u00e9 provoqu\u00e9 avec d\u00e9lib\u00e9r\u00e9ment. Comme Belga l&rsquo;a rapport\u00e9, des explosions de feux d&rsquo;artifice avaient \u00e9t\u00e9 entendues avant l&rsquo;incendie, ce qui aurait pu \u00eatre enflamm\u00e9 dans le cadre d&rsquo;un proc\u00e8s. Jusqu&rsquo;\u00e0 pr\u00e9sent, selon la police, la seule chose est certaine: le mat\u00e9riau de la sc\u00e8ne a \u00e9t\u00e9 l\u00e9g\u00e8rement captur\u00e9 parce qu&rsquo;il \u00e9tait largement fait de bois.<\/p>\n<p>Des centaines de milliers de fans de musique \u00e9lectronique font un p\u00e8lerinage sur le site du festival chaque ann\u00e9e, le programme musical commence vendredi. Jeudi, des vid\u00e9os d&rsquo;invit\u00e9s gaies du festival peuvent \u00eatre vues sur les r\u00e9seaux sociaux qui se d\u00e9roulent au camping \u00ab\u00a0Dreamville\u00a0\u00bb. <\/p>\n<aside class=\"h-ad-280+text lg:h-0 mb-12 md:mb-16\" data-slot-id=\"pos5_sm\" data-breakpoint=\"sm\" data-hide-ad-text=\"false\" data-module-id=\"SparkAdSlotModule\"><\/aside>\n<aside class=\"w-full justify-center overflow-x-hidden\"><iframe class=\"cmplazyload\" data-cmp-vendor=\"c51283\" data-cmp-src=\"https:\/\/widget.civey.com\/987?referrer=\" height=\"500\" width=\"100%\" frameborder=\"0\" loading=\"lazy\"><\/iframe><\/aside>\n<p>Des \u00e9tapes \u00e9labor\u00e9es, des spectacles de lumi\u00e8re spectaculaires et une impressionnante s\u00e9lection de DJ et d&rsquo;artistes sont des marques de commerce du festival, qui sont parfois vendues rapidement pendant des minutes. La programmation de 2025 propose des centaines d&rsquo;actes, dont Charlotte de Witte, la mafia su\u00e9doise et David Guetta, Martin Garrix et Armin Van Buuren. 400 000 invit\u00e9s de 200 pays sont attendus. Le festival se d\u00e9roule en deux week-ends, du 18 \u00e0 20 et 25 au 27 juillet.<\/p>\n","protected":false},"excerpt":{"rendered":"<p>La sc\u00e8ne principale du festival \u00e9lectrique belge Tomorrowland a br\u00fbl\u00e9 deux jours avant le d\u00e9part. Il semble y avoir une alternative. Le choc est survenu<\/p>\n","protected":false},"author":1,"featured_media":8842,"comment_status":"closed","ping_status":"","sticky":false,"template":"","format":"standard","meta":{"footnotes":""},"categories":[298],"tags":[472,7803,7804,937,491,551,110],"class_list":["post-8841","post","type-post","status-publish","format-standard","has-post-thumbnail","hentry","category-belgique","tag-apres","tag-etapedeux","tag-flameinferno","tag-jours","tag-nouvelle","tag-tomorrowland","tag-une","generate-columns","tablet-grid-50","mobile-grid-100","grid-parent","grid-33"],"yoast_head":"<!-- This site is optimized with the Yoast SEO plugin v24.0 - https:\/\/yoast.com\/wordpress\/plugins\/seo\/ -->\n<title>Tomorrowland a une nouvelle \u00e9tape-deux jours apr\u00e8s Flame-Inferno | Vie Associative<\/title>\n<meta name=\"robots\" content=\"index, follow, max-snippet:-1, max-image-preview:large, max-video-preview:-1\" \/>\n<link rel=\"canonical\" href=\"https:\/\/vieassociative.be\/actualites\/tomorrowland-a-une-nouvelle-etape-deux-jours-apres-flame-inferno\/\" \/>\n<meta property=\"og:locale\" content=\"fr_FR\" \/>\n<meta property=\"og:type\" content=\"article\" \/>\n<meta property=\"og:title\" content=\"Tomorrowland a une nouvelle \u00e9tape-deux jours apr\u00e8s Flame-Inferno | Vie Associative\" \/>\n<meta property=\"og:description\" content=\"La sc\u00e8ne principale du festival \u00e9lectrique belge Tomorrowland a br\u00fbl\u00e9 deux jours avant le d\u00e9part. Il semble y avoir une alternative. Le choc est survenu\" \/>\n<meta property=\"og:url\" content=\"https:\/\/vieassociative.be\/actualites\/tomorrowland-a-une-nouvelle-etape-deux-jours-apres-flame-inferno\/\" \/>\n<meta property=\"og:site_name\" content=\"Vie Associative\" \/>\n<meta property=\"article:published_time\" content=\"2025-07-18T15:17:00+00:00\" \/>\n<meta property=\"article:modified_time\" content=\"2025-07-18T15:17:03+00:00\" \/>\n<meta property=\"og:image\" content=\"https:\/\/vieassociative.be\/actualites\/wp-content\/uploads\/2025\/07\/1752851820_Tomorrowland-a-une-nouvelle-etape-deux-jours-apres-Flame-Inferno.jpeg\" \/>\n\t<meta property=\"og:image:width\" content=\"1600\" \/>\n\t<meta property=\"og:image:height\" content=\"900\" \/>\n\t<meta property=\"og:image:type\" content=\"image\/jpeg\" \/>\n<meta name=\"author\" content=\"Julien\" \/>\n<meta name=\"twitter:card\" content=\"summary_large_image\" \/>\n<meta name=\"twitter:label1\" content=\"\u00c9crit par\" \/>\n\t<meta name=\"twitter:data1\" content=\"Julien\" \/>\n\t<meta name=\"twitter:label2\" content=\"Dur\u00e9e de lecture est.\" \/>\n\t<meta name=\"twitter:data2\" content=\"6 minutes\" \/>\n<script type=\"application\/ld+json\" class=\"yoast-schema-graph\">{\"@context\":\"https:\/\/schema.org\",\"@graph\":[{\"@type\":\"Article\",\"@id\":\"https:\/\/vieassociative.be\/actualites\/tomorrowland-a-une-nouvelle-etape-deux-jours-apres-flame-inferno\/#article\",\"isPartOf\":{\"@id\":\"https:\/\/vieassociative.be\/actualites\/tomorrowland-a-une-nouvelle-etape-deux-jours-apres-flame-inferno\/\"},\"author\":{\"name\":\"Julien\",\"@id\":\"https:\/\/vieassociative.be\/actualites\/#\/schema\/person\/b87ac4f82f9d4e7b7cec7395b679edc4\"},\"headline\":\"Tomorrowland a une nouvelle \u00e9tape-deux jours apr\u00e8s Flame-Inferno\",\"datePublished\":\"2025-07-18T15:17:00+00:00\",\"dateModified\":\"2025-07-18T15:17:03+00:00\",\"mainEntityOfPage\":{\"@id\":\"https:\/\/vieassociative.be\/actualites\/tomorrowland-a-une-nouvelle-etape-deux-jours-apres-flame-inferno\/\"},\"wordCount\":1201,\"publisher\":{\"@id\":\"https:\/\/vieassociative.be\/actualites\/#organization\"},\"image\":{\"@id\":\"https:\/\/vieassociative.be\/actualites\/tomorrowland-a-une-nouvelle-etape-deux-jours-apres-flame-inferno\/#primaryimage\"},\"thumbnailUrl\":\"https:\/\/vieassociative.be\/actualites\/wp-content\/uploads\/2025\/07\/1752851820_Tomorrowland-a-une-nouvelle-etape-deux-jours-apres-Flame-Inferno.jpeg\",\"keywords\":[\"Apr\u00e8s\",\"\u00e9tapedeux\",\"FlameInferno\",\"jours\",\"nouvelle\",\"Tomorrowland\",\"une\"],\"articleSection\":[\"Belgique\"],\"inLanguage\":\"fr-BE\"},{\"@type\":\"WebPage\",\"@id\":\"https:\/\/vieassociative.be\/actualites\/tomorrowland-a-une-nouvelle-etape-deux-jours-apres-flame-inferno\/\",\"url\":\"https:\/\/vieassociative.be\/actualites\/tomorrowland-a-une-nouvelle-etape-deux-jours-apres-flame-inferno\/\",\"name\":\"Tomorrowland a une nouvelle \u00e9tape-deux jours apr\u00e8s Flame-Inferno | Vie Associative\",\"isPartOf\":{\"@id\":\"https:\/\/vieassociative.be\/actualites\/#website\"},\"primaryImageOfPage\":{\"@id\":\"https:\/\/vieassociative.be\/actualites\/tomorrowland-a-une-nouvelle-etape-deux-jours-apres-flame-inferno\/#primaryimage\"},\"image\":{\"@id\":\"https:\/\/vieassociative.be\/actualites\/tomorrowland-a-une-nouvelle-etape-deux-jours-apres-flame-inferno\/#primaryimage\"},\"thumbnailUrl\":\"https:\/\/vieassociative.be\/actualites\/wp-content\/uploads\/2025\/07\/1752851820_Tomorrowland-a-une-nouvelle-etape-deux-jours-apres-Flame-Inferno.jpeg\",\"datePublished\":\"2025-07-18T15:17:00+00:00\",\"dateModified\":\"2025-07-18T15:17:03+00:00\",\"breadcrumb\":{\"@id\":\"https:\/\/vieassociative.be\/actualites\/tomorrowland-a-une-nouvelle-etape-deux-jours-apres-flame-inferno\/#breadcrumb\"},\"inLanguage\":\"fr-BE\",\"potentialAction\":[{\"@type\":\"ReadAction\",\"target\":[\"https:\/\/vieassociative.be\/actualites\/tomorrowland-a-une-nouvelle-etape-deux-jours-apres-flame-inferno\/\"]}]},{\"@type\":\"ImageObject\",\"inLanguage\":\"fr-BE\",\"@id\":\"https:\/\/vieassociative.be\/actualites\/tomorrowland-a-une-nouvelle-etape-deux-jours-apres-flame-inferno\/#primaryimage\",\"url\":\"https:\/\/vieassociative.be\/actualites\/wp-content\/uploads\/2025\/07\/1752851820_Tomorrowland-a-une-nouvelle-etape-deux-jours-apres-Flame-Inferno.jpeg\",\"contentUrl\":\"https:\/\/vieassociative.be\/actualites\/wp-content\/uploads\/2025\/07\/1752851820_Tomorrowland-a-une-nouvelle-etape-deux-jours-apres-Flame-Inferno.jpeg\",\"width\":1600,\"height\":900,\"caption\":\"Tomorrowland a une nouvelle \u00e9tape-deux jours apr\u00e8s Flame-Inferno\"},{\"@type\":\"BreadcrumbList\",\"@id\":\"https:\/\/vieassociative.be\/actualites\/tomorrowland-a-une-nouvelle-etape-deux-jours-apres-flame-inferno\/#breadcrumb\",\"itemListElement\":[{\"@type\":\"ListItem\",\"position\":1,\"name\":\"Accueil\",\"item\":\"https:\/\/vieassociative.be\/actualites\/\"},{\"@type\":\"ListItem\",\"position\":2,\"name\":\"Tomorrowland a une nouvelle \u00e9tape-deux jours apr\u00e8s Flame-Inferno\"}]},{\"@type\":\"WebSite\",\"@id\":\"https:\/\/vieassociative.be\/actualites\/#website\",\"url\":\"https:\/\/vieassociative.be\/actualites\/\",\"name\":\"Vie Associative\",\"description\":\"\",\"publisher\":{\"@id\":\"https:\/\/vieassociative.be\/actualites\/#organization\"},\"potentialAction\":[{\"@type\":\"SearchAction\",\"target\":{\"@type\":\"EntryPoint\",\"urlTemplate\":\"https:\/\/vieassociative.be\/actualites\/?s={search_term_string}\"},\"query-input\":{\"@type\":\"PropertyValueSpecification\",\"valueRequired\":true,\"valueName\":\"search_term_string\"}}],\"inLanguage\":\"fr-BE\"},{\"@type\":\"Organization\",\"@id\":\"https:\/\/vieassociative.be\/actualites\/#organization\",\"name\":\"Vie Associative\",\"url\":\"https:\/\/vieassociative.be\/actualites\/\",\"logo\":{\"@type\":\"ImageObject\",\"inLanguage\":\"fr-BE\",\"@id\":\"https:\/\/vieassociative.be\/actualites\/#\/schema\/logo\/image\/\",\"url\":\"https:\/\/vieassociative.be\/actualites\/wp-content\/uploads\/2024\/09\/cropped-vieassociative_favicon.ico.png\",\"contentUrl\":\"https:\/\/vieassociative.be\/actualites\/wp-content\/uploads\/2024\/09\/cropped-vieassociative_favicon.ico.png\",\"width\":512,\"height\":512,\"caption\":\"Vie Associative\"},\"image\":{\"@id\":\"https:\/\/vieassociative.be\/actualites\/#\/schema\/logo\/image\/\"}},{\"@type\":\"Person\",\"@id\":\"https:\/\/vieassociative.be\/actualites\/#\/schema\/person\/b87ac4f82f9d4e7b7cec7395b679edc4\",\"name\":\"Julien\",\"image\":{\"@type\":\"ImageObject\",\"inLanguage\":\"fr-BE\",\"@id\":\"https:\/\/vieassociative.be\/actualites\/#\/schema\/person\/image\/\",\"url\":\"https:\/\/vieassociative.be\/actualites\/wp-content\/uploads\/2024\/09\/vie-associative-1-150x150.jpg\",\"contentUrl\":\"https:\/\/vieassociative.be\/actualites\/wp-content\/uploads\/2024\/09\/vie-associative-1-150x150.jpg\",\"caption\":\"Julien\"},\"description\":\"Je suis Julien, r\u00e9dacteur pour Vie Associative. Passionn\u00e9 par le monde associatif depuis plus de 10 ans, j'ai \u00e0 c\u0153ur de partager des histoires inspirantes et de mettre en lumi\u00e8re les initiatives locales. Mon objectif est de sensibiliser et d'encourager l'engagement communautaire \u00e0 travers mes articles.\",\"sameAs\":[\"https:\/\/vieassociative.be\/\"]}]}<\/script>\n<!-- \/ Yoast SEO plugin. -->","yoast_head_json":{"title":"Tomorrowland a une nouvelle \u00e9tape-deux jours apr\u00e8s Flame-Inferno | Vie Associative","robots":{"index":"index","follow":"follow","max-snippet":"max-snippet:-1","max-image-preview":"max-image-preview:large","max-video-preview":"max-video-preview:-1"},"canonical":"https:\/\/vieassociative.be\/actualites\/tomorrowland-a-une-nouvelle-etape-deux-jours-apres-flame-inferno\/","og_locale":"fr_FR","og_type":"article","og_title":"Tomorrowland a une nouvelle \u00e9tape-deux jours apr\u00e8s Flame-Inferno | Vie Associative","og_description":"La sc\u00e8ne principale du festival \u00e9lectrique belge Tomorrowland a br\u00fbl\u00e9 deux jours avant le d\u00e9part. Il semble y avoir une alternative. Le choc est survenu","og_url":"https:\/\/vieassociative.be\/actualites\/tomorrowland-a-une-nouvelle-etape-deux-jours-apres-flame-inferno\/","og_site_name":"Vie Associative","article_published_time":"2025-07-18T15:17:00+00:00","article_modified_time":"2025-07-18T15:17:03+00:00","og_image":[{"width":1600,"height":900,"url":"https:\/\/vieassociative.be\/actualites\/wp-content\/uploads\/2025\/07\/1752851820_Tomorrowland-a-une-nouvelle-etape-deux-jours-apres-Flame-Inferno.jpeg","type":"image\/jpeg"}],"author":"Julien","twitter_card":"summary_large_image","twitter_misc":{"\u00c9crit par":"Julien","Dur\u00e9e de lecture est.":"6 minutes"},"schema":{"@context":"https:\/\/schema.org","@graph":[{"@type":"Article","@id":"https:\/\/vieassociative.be\/actualites\/tomorrowland-a-une-nouvelle-etape-deux-jours-apres-flame-inferno\/#article","isPartOf":{"@id":"https:\/\/vieassociative.be\/actualites\/tomorrowland-a-une-nouvelle-etape-deux-jours-apres-flame-inferno\/"},"author":{"name":"Julien","@id":"https:\/\/vieassociative.be\/actualites\/#\/schema\/person\/b87ac4f82f9d4e7b7cec7395b679edc4"},"headline":"Tomorrowland a une nouvelle \u00e9tape-deux jours apr\u00e8s Flame-Inferno","datePublished":"2025-07-18T15:17:00+00:00","dateModified":"2025-07-18T15:17:03+00:00","mainEntityOfPage":{"@id":"https:\/\/vieassociative.be\/actualites\/tomorrowland-a-une-nouvelle-etape-deux-jours-apres-flame-inferno\/"},"wordCount":1201,"publisher":{"@id":"https:\/\/vieassociative.be\/actualites\/#organization"},"image":{"@id":"https:\/\/vieassociative.be\/actualites\/tomorrowland-a-une-nouvelle-etape-deux-jours-apres-flame-inferno\/#primaryimage"},"thumbnailUrl":"https:\/\/vieassociative.be\/actualites\/wp-content\/uploads\/2025\/07\/1752851820_Tomorrowland-a-une-nouvelle-etape-deux-jours-apres-Flame-Inferno.jpeg","keywords":["Apr\u00e8s","\u00e9tapedeux","FlameInferno","jours","nouvelle","Tomorrowland","une"],"articleSection":["Belgique"],"inLanguage":"fr-BE"},{"@type":"WebPage","@id":"https:\/\/vieassociative.be\/actualites\/tomorrowland-a-une-nouvelle-etape-deux-jours-apres-flame-inferno\/","url":"https:\/\/vieassociative.be\/actualites\/tomorrowland-a-une-nouvelle-etape-deux-jours-apres-flame-inferno\/","name":"Tomorrowland a une nouvelle \u00e9tape-deux jours apr\u00e8s Flame-Inferno | Vie Associative","isPartOf":{"@id":"https:\/\/vieassociative.be\/actualites\/#website"},"primaryImageOfPage":{"@id":"https:\/\/vieassociative.be\/actualites\/tomorrowland-a-une-nouvelle-etape-deux-jours-apres-flame-inferno\/#primaryimage"},"image":{"@id":"https:\/\/vieassociative.be\/actualites\/tomorrowland-a-une-nouvelle-etape-deux-jours-apres-flame-inferno\/#primaryimage"},"thumbnailUrl":"https:\/\/vieassociative.be\/actualites\/wp-content\/uploads\/2025\/07\/1752851820_Tomorrowland-a-une-nouvelle-etape-deux-jours-apres-Flame-Inferno.jpeg","datePublished":"2025-07-18T15:17:00+00:00","dateModified":"2025-07-18T15:17:03+00:00","breadcrumb":{"@id":"https:\/\/vieassociative.be\/actualites\/tomorrowland-a-une-nouvelle-etape-deux-jours-apres-flame-inferno\/#breadcrumb"},"inLanguage":"fr-BE","potentialAction":[{"@type":"ReadAction","target":["https:\/\/vieassociative.be\/actualites\/tomorrowland-a-une-nouvelle-etape-deux-jours-apres-flame-inferno\/"]}]},{"@type":"ImageObject","inLanguage":"fr-BE","@id":"https:\/\/vieassociative.be\/actualites\/tomorrowland-a-une-nouvelle-etape-deux-jours-apres-flame-inferno\/#primaryimage","url":"https:\/\/vieassociative.be\/actualites\/wp-content\/uploads\/2025\/07\/1752851820_Tomorrowland-a-une-nouvelle-etape-deux-jours-apres-Flame-Inferno.jpeg","contentUrl":"https:\/\/vieassociative.be\/actualites\/wp-content\/uploads\/2025\/07\/1752851820_Tomorrowland-a-une-nouvelle-etape-deux-jours-apres-Flame-Inferno.jpeg","width":1600,"height":900,"caption":"Tomorrowland a une nouvelle \u00e9tape-deux jours apr\u00e8s Flame-Inferno"},{"@type":"BreadcrumbList","@id":"https:\/\/vieassociative.be\/actualites\/tomorrowland-a-une-nouvelle-etape-deux-jours-apres-flame-inferno\/#breadcrumb","itemListElement":[{"@type":"ListItem","position":1,"name":"Accueil","item":"https:\/\/vieassociative.be\/actualites\/"},{"@type":"ListItem","position":2,"name":"Tomorrowland a une nouvelle \u00e9tape-deux jours apr\u00e8s Flame-Inferno"}]},{"@type":"WebSite","@id":"https:\/\/vieassociative.be\/actualites\/#website","url":"https:\/\/vieassociative.be\/actualites\/","name":"Vie Associative","description":"","publisher":{"@id":"https:\/\/vieassociative.be\/actualites\/#organization"},"potentialAction":[{"@type":"SearchAction","target":{"@type":"EntryPoint","urlTemplate":"https:\/\/vieassociative.be\/actualites\/?s={search_term_string}"},"query-input":{"@type":"PropertyValueSpecification","valueRequired":true,"valueName":"search_term_string"}}],"inLanguage":"fr-BE"},{"@type":"Organization","@id":"https:\/\/vieassociative.be\/actualites\/#organization","name":"Vie Associative","url":"https:\/\/vieassociative.be\/actualites\/","logo":{"@type":"ImageObject","inLanguage":"fr-BE","@id":"https:\/\/vieassociative.be\/actualites\/#\/schema\/logo\/image\/","url":"https:\/\/vieassociative.be\/actualites\/wp-content\/uploads\/2024\/09\/cropped-vieassociative_favicon.ico.png","contentUrl":"https:\/\/vieassociative.be\/actualites\/wp-content\/uploads\/2024\/09\/cropped-vieassociative_favicon.ico.png","width":512,"height":512,"caption":"Vie Associative"},"image":{"@id":"https:\/\/vieassociative.be\/actualites\/#\/schema\/logo\/image\/"}},{"@type":"Person","@id":"https:\/\/vieassociative.be\/actualites\/#\/schema\/person\/b87ac4f82f9d4e7b7cec7395b679edc4","name":"Julien","image":{"@type":"ImageObject","inLanguage":"fr-BE","@id":"https:\/\/vieassociative.be\/actualites\/#\/schema\/person\/image\/","url":"https:\/\/vieassociative.be\/actualites\/wp-content\/uploads\/2024\/09\/vie-associative-1-150x150.jpg","contentUrl":"https:\/\/vieassociative.be\/actualites\/wp-content\/uploads\/2024\/09\/vie-associative-1-150x150.jpg","caption":"Julien"},"description":"Je suis Julien, r\u00e9dacteur pour Vie Associative. Passionn\u00e9 par le monde associatif depuis plus de 10 ans, j'ai \u00e0 c\u0153ur de partager des histoires inspirantes et de mettre en lumi\u00e8re les initiatives locales. Mon objectif est de sensibiliser et d'encourager l'engagement communautaire \u00e0 travers mes articles.","sameAs":["https:\/\/vieassociative.be\/"]}]}},"_links":{"self":[{"href":"https:\/\/vieassociative.be\/actualites\/wp-json\/wp\/v2\/posts\/8841"}],"collection":[{"href":"https:\/\/vieassociative.be\/actualites\/wp-json\/wp\/v2\/posts"}],"about":[{"href":"https:\/\/vieassociative.be\/actualites\/wp-json\/wp\/v2\/types\/post"}],"author":[{"embeddable":true,"href":"https:\/\/vieassociative.be\/actualites\/wp-json\/wp\/v2\/users\/1"}],"replies":[{"embeddable":true,"href":"https:\/\/vieassociative.be\/actualites\/wp-json\/wp\/v2\/comments?post=8841"}],"version-history":[{"count":1,"href":"https:\/\/vieassociative.be\/actualites\/wp-json\/wp\/v2\/posts\/8841\/revisions"}],"predecessor-version":[{"id":8843,"href":"https:\/\/vieassociative.be\/actualites\/wp-json\/wp\/v2\/posts\/8841\/revisions\/8843"}],"wp:featuredmedia":[{"embeddable":true,"href":"https:\/\/vieassociative.be\/actualites\/wp-json\/wp\/v2\/media\/8842"}],"wp:attachment":[{"href":"https:\/\/vieassociative.be\/actualites\/wp-json\/wp\/v2\/media?parent=8841"}],"wp:term":[{"taxonomy":"category","embeddable":true,"href":"https:\/\/vieassociative.be\/actualites\/wp-json\/wp\/v2\/categories?post=8841"},{"taxonomy":"post_tag","embeddable":true,"href":"https:\/\/vieassociative.be\/actualites\/wp-json\/wp\/v2\/tags?post=8841"}],"curies":[{"name":"wp","href":"https:\/\/api.w.org\/{rel}","templated":true}]}}