{"id":8840,"date":"2025-07-18T16:17:23","date_gmt":"2025-07-18T14:17:23","guid":{"rendered":"https:\/\/vieassociative.be\/actualites\/pascal-arimont-csp-evp-soutient-linterdiction-de-lacces-aux-reseaux-sociaux-pour-les-enfants-de-moins-de-15-ans\/"},"modified":"2025-07-18T16:17:23","modified_gmt":"2025-07-18T14:17:23","slug":"pascal-arimont-csp-evp-soutient-linterdiction-de-lacces-aux-reseaux-sociaux-pour-les-enfants-de-moins-de-15-ans","status":"publish","type":"post","link":"https:\/\/vieassociative.be\/actualites\/pascal-arimont-csp-evp-soutient-linterdiction-de-lacces-aux-reseaux-sociaux-pour-les-enfants-de-moins-de-15-ans\/","title":{"rendered":"Pascal Arimont (CSP-EVP) soutient l&rsquo;interdiction de l&rsquo;acc\u00e8s aux r\u00e9seaux sociaux pour les enfants de moins de 15 ans"},"content":{"rendered":"<p><strong>Avec son coll\u00e8gue Yvan Verougstr, qui est \u00e9galement pr\u00e9sident du Francophone Sister Party Les Engages, le d\u00e9put\u00e9 de l&rsquo;UE Belge de l&rsquo;Est, Pascal Arimont (CSP-EVP), a apport\u00e9 un certain nombre de r\u00e9clamations sur une meilleure protection des jeunes sur Internet.<\/strong><\/p>\n<p><span id=\"more-420376\"><\/span>\u00ab\u00a0Dans un texte qui doit \u00eatre coordonn\u00e9 au Parlement de l&rsquo;UE en automne, nous appelons des mesures concr\u00e8tes, ex\u00e9cutoires et obligatoires pour mieux r\u00e9guler les r\u00e9seaux sociaux, les applications et les appareils num\u00e9riques afin que les mineurs soient vraiment prot\u00e9g\u00e9s sur le net\u00a0\u00bb, expliquent Verogstraete et Arimont.<\/p>\n<div id=\"attachment_420399\" class=\"wp-caption alignnone\" style=\"max-width: 300px\"><img fetchpriority=\"high\" decoding=\"async\" class=\"wp-image-420399 size-medium\" src=\"https:\/\/vieassociative.be\/actualites\/wp-content\/uploads\/2025\/07\/Pascal-Arimont-CSP-EVP-soutient-linterdiction-de-lacces-aux-reseaux-sociaux.png\" alt=\"\" width=\"300\" height=\"240\"><\/p>\n<p class=\"wp-caption-text\">Yvan Verogstraete (L) et Pascal Arimont. Photo: Parlement europ\u00e9en<\/p>\n<\/div>\n<p>Un cadre clair pour la protection des mineurs: \u00ab\u00a0Des mesures sp\u00e9cifiques doivent \u00eatre prises de toute urgence pour emp\u00eacher nos enfants d&rsquo;\u00eatre expos\u00e9s \u00e0 un contenu violent, addictif ou inappropri\u00e9 sur Internet. Le rapport \u00e0 une meilleure protection des enfants sur Internet, qui est actuellement trait\u00e9 sur le march\u00e9 interne et la protection des consommateurs, n&rsquo;est pas assez loin pour nous. Pour cr\u00e9er cette zone\u00a0\u00bb, a d\u00e9clar\u00e9 les deux MPS de l&rsquo;UE.<\/p>\n<p>Plus pr\u00e9cis\u00e9ment, l&rsquo;Arimont et Verougstrete n\u00e9cessitent les mesures suivantes pour une protection plus efficace des mineurs sur Internet:<\/p>\n<ul>\n<li>Interdiction de l&rsquo;acc\u00e8s aux r\u00e9seaux sociaux pour les enfants de moins de 15 ans par une limite d&rsquo;\u00e2ge claire qui devrait s&rsquo;appliquer dans toute l&rsquo;UE.<\/li>\n<li>Examen obligatoire de l&rsquo;\u00e2ge pour tous les appareils associ\u00e9s \u00e0 Internet en Europe, par lequel des outils sp\u00e9cifiques pour le contr\u00f4le des parents doivent \u00eatre install\u00e9s d\u00e8s le d\u00e9but.<\/li>\n<li>Pas de \u00abd\u00e9filement sans fin\u00bb et pas de reproduction automatique par d\u00e9faut pour les mineurs pour lutter contre les m\u00e9canismes de d\u00e9pendance.<\/li>\n<li>Protection des donn\u00e9es plus forte pour les enfants: plus de publicit\u00e9 cibl\u00e9e, pas m\u00eame par le biais d&rsquo;influenceurs ou de publicit\u00e9 cach\u00e9e.<\/li>\n<li>Une \u00abmaturit\u00e9 num\u00e9rique europ\u00e9enne\u00bb \u00e0 l&rsquo;\u00e2ge de 15 ans, ainsi qu&rsquo;un syst\u00e8me d&rsquo;authentification s\u00e9curis\u00e9 pour la v\u00e9rification de l&rsquo;\u00e2ge en ligne.<\/li>\n<\/ul>\n<div id=\"attachment_346212\" class=\"wp-caption alignleft\" style=\"max-width: 300px\"><img decoding=\"async\" class=\"wp-image-346212 size-medium\" src=\"https:\/\/vieassociative.be\/actualites\/wp-content\/uploads\/2025\/07\/1752848243_931_Pascal-Arimont-CSP-EVP-soutient-linterdiction-de-lacces-aux-reseaux-sociaux.png\" alt=\"\" width=\"300\" height=\"169\"  ><\/p>\n<p class=\"wp-caption-text\">Photo: Shutterstock<\/p>\n<\/div>\n<p><strong>&#8211; \u00ab\u00a0Nous ne sommes pas autoris\u00e9s \u00e0 compter sur la bonne volont\u00e9 de Tikok, Instagram et Co.\u00a0\u00bb:<\/strong> Dans le m\u00eame temps, la Commission europ\u00e9enne a propos\u00e9 des directives et un prototype de v\u00e9rification de l&rsquo;\u00e2ge cette semaine. \u00ab\u00a0Le texte de la Commission est un petit pas dans la bonne direction, mais nous devons proc\u00e9der beaucoup plus ambitieux. D&rsquo;une part, car le texte de la Commission ne pr\u00e9voit pas une limite d&rsquo;\u00e2ge, mais ne fait que des recommandations, bien que nous exigeons une mode num\u00e9rique de 15 ans. D&rsquo;autre part, nous voulons des principes clairs pour prot\u00e9ger les enfants, avec une gamme compl\u00e8te de mesures protectrices et de liaison. La barre doit donc \u00eatre consid\u00e9rablement plus \u00e9lev\u00e9e pour vraiment prot\u00e9ger nos enfants! \u00bb, Arimont et Verogstraete ont continu\u00e9.<\/p>\n<p>\u00ab\u00a0Nos amendements ne sont pas satisfaits des recommandations pures. Nous appelons une v\u00e9ritable harmonisation europ\u00e9enne avec des r\u00e8gles claires qui sont appliqu\u00e9es dans tous les \u00c9tats membres. La Commission europ\u00e9enne devrait rapidement pr\u00e9senter des lois avec des sp\u00e9cifications contraignantes. Le but doit \u00eatre de cr\u00e9er un Internet vraiment convivial dans lequel les plates-formes configurent automatiquement nos enfants, leur bien-\u00eatre. \u00bbA conclu les deux d\u00e9put\u00e9s de l&rsquo;UE.<\/p>\n","protected":false},"excerpt":{"rendered":"<p>Avec son coll\u00e8gue Yvan Verougstr, qui est \u00e9galement pr\u00e9sident du Francophone Sister Party Les Engages, le d\u00e9put\u00e9 de l&rsquo;UE Belge de l&rsquo;Est, Pascal Arimont (CSP-EVP),<\/p>\n","protected":false},"author":1,"featured_media":5951,"comment_status":"","ping_status":"","sticky":false,"template":"","format":"standard","meta":{"footnotes":""},"categories":[298],"tags":[584,2890,289,7801,324,7802,14,4830,469,2889,81,864,865,5293],"class_list":["post-8840","post","type-post","status-publish","format-standard","has-post-thumbnail","hentry","category-belgique","tag-ans","tag-arimont","tag-aux","tag-cspevp","tag-enfants","tag-lacces","tag-les","tag-linterdiction","tag-moins","tag-pascal","tag-pour","tag-reseaux","tag-sociaux","tag-soutient","generate-columns","tablet-grid-50","mobile-grid-100","grid-parent","grid-33"],"yoast_head":"<!-- This site is optimized with the Yoast SEO plugin v24.0 - https:\/\/yoast.com\/wordpress\/plugins\/seo\/ -->\n<title>Pascal Arimont (CSP-EVP) soutient l&#039;interdiction de l&#039;acc\u00e8s aux r\u00e9seaux sociaux pour les enfants de moins de 15 ans | Vie Associative<\/title>\n<meta name=\"robots\" content=\"index, follow, max-snippet:-1, max-image-preview:large, max-video-preview:-1\" \/>\n<link rel=\"canonical\" href=\"https:\/\/vieassociative.be\/actualites\/pascal-arimont-csp-evp-soutient-linterdiction-de-lacces-aux-reseaux-sociaux-pour-les-enfants-de-moins-de-15-ans\/\" \/>\n<meta property=\"og:locale\" content=\"fr_FR\" \/>\n<meta property=\"og:type\" content=\"article\" \/>\n<meta property=\"og:title\" content=\"Pascal Arimont (CSP-EVP) soutient l&#039;interdiction de l&#039;acc\u00e8s aux r\u00e9seaux sociaux pour les enfants de moins de 15 ans | Vie Associative\" \/>\n<meta property=\"og:description\" content=\"Avec son coll\u00e8gue Yvan Verougstr, qui est \u00e9galement pr\u00e9sident du Francophone Sister Party Les Engages, le d\u00e9put\u00e9 de l&rsquo;UE Belge de l&rsquo;Est, Pascal Arimont (CSP-EVP),\" \/>\n<meta property=\"og:url\" content=\"https:\/\/vieassociative.be\/actualites\/pascal-arimont-csp-evp-soutient-linterdiction-de-lacces-aux-reseaux-sociaux-pour-les-enfants-de-moins-de-15-ans\/\" \/>\n<meta property=\"og:site_name\" content=\"Vie Associative\" \/>\n<meta property=\"article:published_time\" content=\"2025-07-18T14:17:23+00:00\" \/>\n<meta property=\"og:image\" content=\"https:\/\/vieassociative.be\/actualites\/wp-content\/uploads\/2024\/09\/header_backgroundk-01-e1726694325946.png\" \/>\n\t<meta property=\"og:image:width\" content=\"279\" \/>\n\t<meta property=\"og:image:height\" content=\"92\" \/>\n\t<meta property=\"og:image:type\" content=\"image\/png\" \/>\n<meta name=\"author\" content=\"Julien\" \/>\n<meta name=\"twitter:card\" content=\"summary_large_image\" \/>\n<meta name=\"twitter:label1\" content=\"\u00c9crit par\" \/>\n\t<meta name=\"twitter:data1\" content=\"Julien\" \/>\n\t<meta name=\"twitter:label2\" content=\"Dur\u00e9e de lecture est.\" \/>\n\t<meta name=\"twitter:data2\" content=\"3 minutes\" \/>\n<script type=\"application\/ld+json\" class=\"yoast-schema-graph\">{\"@context\":\"https:\/\/schema.org\",\"@graph\":[{\"@type\":\"Article\",\"@id\":\"https:\/\/vieassociative.be\/actualites\/pascal-arimont-csp-evp-soutient-linterdiction-de-lacces-aux-reseaux-sociaux-pour-les-enfants-de-moins-de-15-ans\/#article\",\"isPartOf\":{\"@id\":\"https:\/\/vieassociative.be\/actualites\/pascal-arimont-csp-evp-soutient-linterdiction-de-lacces-aux-reseaux-sociaux-pour-les-enfants-de-moins-de-15-ans\/\"},\"author\":{\"name\":\"Julien\",\"@id\":\"https:\/\/vieassociative.be\/actualites\/#\/schema\/person\/b87ac4f82f9d4e7b7cec7395b679edc4\"},\"headline\":\"Pascal Arimont (CSP-EVP) soutient l&rsquo;interdiction de l&rsquo;acc\u00e8s aux r\u00e9seaux sociaux pour les enfants de moins de 15 ans\",\"datePublished\":\"2025-07-18T14:17:23+00:00\",\"dateModified\":\"2025-07-18T14:17:23+00:00\",\"mainEntityOfPage\":{\"@id\":\"https:\/\/vieassociative.be\/actualites\/pascal-arimont-csp-evp-soutient-linterdiction-de-lacces-aux-reseaux-sociaux-pour-les-enfants-de-moins-de-15-ans\/\"},\"wordCount\":598,\"publisher\":{\"@id\":\"https:\/\/vieassociative.be\/actualites\/#organization\"},\"image\":{\"@id\":\"https:\/\/vieassociative.be\/actualites\/pascal-arimont-csp-evp-soutient-linterdiction-de-lacces-aux-reseaux-sociaux-pour-les-enfants-de-moins-de-15-ans\/#primaryimage\"},\"thumbnailUrl\":\"https:\/\/vieassociative.be\/actualites\/wp-content\/uploads\/2025\/03\/Faction-vivante-dans-le-PDG-pour-lage-legal-minimum-de.jpeg\",\"keywords\":[\"ans\",\"Arimont\",\"aux\",\"CSPEVP\",\"enfants\",\"lacc\u00e8s\",\"Les\",\"linterdiction\",\"moins\",\"Pascal\",\"pour\",\"r\u00e9seaux\",\"sociaux\",\"soutient\"],\"articleSection\":[\"Belgique\"],\"inLanguage\":\"fr-BE\"},{\"@type\":\"WebPage\",\"@id\":\"https:\/\/vieassociative.be\/actualites\/pascal-arimont-csp-evp-soutient-linterdiction-de-lacces-aux-reseaux-sociaux-pour-les-enfants-de-moins-de-15-ans\/\",\"url\":\"https:\/\/vieassociative.be\/actualites\/pascal-arimont-csp-evp-soutient-linterdiction-de-lacces-aux-reseaux-sociaux-pour-les-enfants-de-moins-de-15-ans\/\",\"name\":\"Pascal Arimont (CSP-EVP) soutient l'interdiction de l'acc\u00e8s aux r\u00e9seaux sociaux pour les enfants de moins de 15 ans | Vie Associative\",\"isPartOf\":{\"@id\":\"https:\/\/vieassociative.be\/actualites\/#website\"},\"primaryImageOfPage\":{\"@id\":\"https:\/\/vieassociative.be\/actualites\/pascal-arimont-csp-evp-soutient-linterdiction-de-lacces-aux-reseaux-sociaux-pour-les-enfants-de-moins-de-15-ans\/#primaryimage\"},\"image\":{\"@id\":\"https:\/\/vieassociative.be\/actualites\/pascal-arimont-csp-evp-soutient-linterdiction-de-lacces-aux-reseaux-sociaux-pour-les-enfants-de-moins-de-15-ans\/#primaryimage\"},\"thumbnailUrl\":\"https:\/\/vieassociative.be\/actualites\/wp-content\/uploads\/2025\/03\/Faction-vivante-dans-le-PDG-pour-lage-legal-minimum-de.jpeg\",\"datePublished\":\"2025-07-18T14:17:23+00:00\",\"dateModified\":\"2025-07-18T14:17:23+00:00\",\"breadcrumb\":{\"@id\":\"https:\/\/vieassociative.be\/actualites\/pascal-arimont-csp-evp-soutient-linterdiction-de-lacces-aux-reseaux-sociaux-pour-les-enfants-de-moins-de-15-ans\/#breadcrumb\"},\"inLanguage\":\"fr-BE\",\"potentialAction\":[{\"@type\":\"ReadAction\",\"target\":[\"https:\/\/vieassociative.be\/actualites\/pascal-arimont-csp-evp-soutient-linterdiction-de-lacces-aux-reseaux-sociaux-pour-les-enfants-de-moins-de-15-ans\/\"]}]},{\"@type\":\"ImageObject\",\"inLanguage\":\"fr-BE\",\"@id\":\"https:\/\/vieassociative.be\/actualites\/pascal-arimont-csp-evp-soutient-linterdiction-de-lacces-aux-reseaux-sociaux-pour-les-enfants-de-moins-de-15-ans\/#primaryimage\",\"url\":\"https:\/\/vieassociative.be\/actualites\/wp-content\/uploads\/2025\/03\/Faction-vivante-dans-le-PDG-pour-lage-legal-minimum-de.jpeg\",\"contentUrl\":\"https:\/\/vieassociative.be\/actualites\/wp-content\/uploads\/2025\/03\/Faction-vivante-dans-le-PDG-pour-lage-legal-minimum-de.jpeg\",\"width\":1000,\"height\":667,\"caption\":\"Faction vivante dans le PDG pour l'\u00e2ge l\u00e9gal minimum de 16 ans pour l'utilisation des m\u00e9dias sociaux\"},{\"@type\":\"BreadcrumbList\",\"@id\":\"https:\/\/vieassociative.be\/actualites\/pascal-arimont-csp-evp-soutient-linterdiction-de-lacces-aux-reseaux-sociaux-pour-les-enfants-de-moins-de-15-ans\/#breadcrumb\",\"itemListElement\":[{\"@type\":\"ListItem\",\"position\":1,\"name\":\"Accueil\",\"item\":\"https:\/\/vieassociative.be\/actualites\/\"},{\"@type\":\"ListItem\",\"position\":2,\"name\":\"Pascal Arimont (CSP-EVP) soutient l&rsquo;interdiction de l&rsquo;acc\u00e8s aux r\u00e9seaux sociaux pour les enfants de moins de 15 ans\"}]},{\"@type\":\"WebSite\",\"@id\":\"https:\/\/vieassociative.be\/actualites\/#website\",\"url\":\"https:\/\/vieassociative.be\/actualites\/\",\"name\":\"Vie Associative\",\"description\":\"\",\"publisher\":{\"@id\":\"https:\/\/vieassociative.be\/actualites\/#organization\"},\"potentialAction\":[{\"@type\":\"SearchAction\",\"target\":{\"@type\":\"EntryPoint\",\"urlTemplate\":\"https:\/\/vieassociative.be\/actualites\/?s={search_term_string}\"},\"query-input\":{\"@type\":\"PropertyValueSpecification\",\"valueRequired\":true,\"valueName\":\"search_term_string\"}}],\"inLanguage\":\"fr-BE\"},{\"@type\":\"Organization\",\"@id\":\"https:\/\/vieassociative.be\/actualites\/#organization\",\"name\":\"Vie Associative\",\"url\":\"https:\/\/vieassociative.be\/actualites\/\",\"logo\":{\"@type\":\"ImageObject\",\"inLanguage\":\"fr-BE\",\"@id\":\"https:\/\/vieassociative.be\/actualites\/#\/schema\/logo\/image\/\",\"url\":\"https:\/\/vieassociative.be\/actualites\/wp-content\/uploads\/2024\/09\/cropped-vieassociative_favicon.ico.png\",\"contentUrl\":\"https:\/\/vieassociative.be\/actualites\/wp-content\/uploads\/2024\/09\/cropped-vieassociative_favicon.ico.png\",\"width\":512,\"height\":512,\"caption\":\"Vie Associative\"},\"image\":{\"@id\":\"https:\/\/vieassociative.be\/actualites\/#\/schema\/logo\/image\/\"}},{\"@type\":\"Person\",\"@id\":\"https:\/\/vieassociative.be\/actualites\/#\/schema\/person\/b87ac4f82f9d4e7b7cec7395b679edc4\",\"name\":\"Julien\",\"image\":{\"@type\":\"ImageObject\",\"inLanguage\":\"fr-BE\",\"@id\":\"https:\/\/vieassociative.be\/actualites\/#\/schema\/person\/image\/\",\"url\":\"https:\/\/vieassociative.be\/actualites\/wp-content\/uploads\/2024\/09\/vie-associative-1-150x150.jpg\",\"contentUrl\":\"https:\/\/vieassociative.be\/actualites\/wp-content\/uploads\/2024\/09\/vie-associative-1-150x150.jpg\",\"caption\":\"Julien\"},\"description\":\"Je suis Julien, r\u00e9dacteur pour Vie Associative. Passionn\u00e9 par le monde associatif depuis plus de 10 ans, j'ai \u00e0 c\u0153ur de partager des histoires inspirantes et de mettre en lumi\u00e8re les initiatives locales. Mon objectif est de sensibiliser et d'encourager l'engagement communautaire \u00e0 travers mes articles.\",\"sameAs\":[\"https:\/\/vieassociative.be\/\"]}]}<\/script>\n<!-- \/ Yoast SEO plugin. -->","yoast_head_json":{"title":"Pascal Arimont (CSP-EVP) soutient l'interdiction de l'acc\u00e8s aux r\u00e9seaux sociaux pour les enfants de moins de 15 ans | Vie Associative","robots":{"index":"index","follow":"follow","max-snippet":"max-snippet:-1","max-image-preview":"max-image-preview:large","max-video-preview":"max-video-preview:-1"},"canonical":"https:\/\/vieassociative.be\/actualites\/pascal-arimont-csp-evp-soutient-linterdiction-de-lacces-aux-reseaux-sociaux-pour-les-enfants-de-moins-de-15-ans\/","og_locale":"fr_FR","og_type":"article","og_title":"Pascal Arimont (CSP-EVP) soutient l'interdiction de l'acc\u00e8s aux r\u00e9seaux sociaux pour les enfants de moins de 15 ans | Vie Associative","og_description":"Avec son coll\u00e8gue Yvan Verougstr, qui est \u00e9galement pr\u00e9sident du Francophone Sister Party Les Engages, le d\u00e9put\u00e9 de l&rsquo;UE Belge de l&rsquo;Est, Pascal Arimont (CSP-EVP),","og_url":"https:\/\/vieassociative.be\/actualites\/pascal-arimont-csp-evp-soutient-linterdiction-de-lacces-aux-reseaux-sociaux-pour-les-enfants-de-moins-de-15-ans\/","og_site_name":"Vie Associative","article_published_time":"2025-07-18T14:17:23+00:00","og_image":[{"width":279,"height":92,"url":"https:\/\/vieassociative.be\/actualites\/wp-content\/uploads\/2024\/09\/header_backgroundk-01-e1726694325946.png","type":"image\/png"}],"author":"Julien","twitter_card":"summary_large_image","twitter_misc":{"\u00c9crit par":"Julien","Dur\u00e9e de lecture est.":"3 minutes"},"schema":{"@context":"https:\/\/schema.org","@graph":[{"@type":"Article","@id":"https:\/\/vieassociative.be\/actualites\/pascal-arimont-csp-evp-soutient-linterdiction-de-lacces-aux-reseaux-sociaux-pour-les-enfants-de-moins-de-15-ans\/#article","isPartOf":{"@id":"https:\/\/vieassociative.be\/actualites\/pascal-arimont-csp-evp-soutient-linterdiction-de-lacces-aux-reseaux-sociaux-pour-les-enfants-de-moins-de-15-ans\/"},"author":{"name":"Julien","@id":"https:\/\/vieassociative.be\/actualites\/#\/schema\/person\/b87ac4f82f9d4e7b7cec7395b679edc4"},"headline":"Pascal Arimont (CSP-EVP) soutient l&rsquo;interdiction de l&rsquo;acc\u00e8s aux r\u00e9seaux sociaux pour les enfants de moins de 15 ans","datePublished":"2025-07-18T14:17:23+00:00","dateModified":"2025-07-18T14:17:23+00:00","mainEntityOfPage":{"@id":"https:\/\/vieassociative.be\/actualites\/pascal-arimont-csp-evp-soutient-linterdiction-de-lacces-aux-reseaux-sociaux-pour-les-enfants-de-moins-de-15-ans\/"},"wordCount":598,"publisher":{"@id":"https:\/\/vieassociative.be\/actualites\/#organization"},"image":{"@id":"https:\/\/vieassociative.be\/actualites\/pascal-arimont-csp-evp-soutient-linterdiction-de-lacces-aux-reseaux-sociaux-pour-les-enfants-de-moins-de-15-ans\/#primaryimage"},"thumbnailUrl":"https:\/\/vieassociative.be\/actualites\/wp-content\/uploads\/2025\/03\/Faction-vivante-dans-le-PDG-pour-lage-legal-minimum-de.jpeg","keywords":["ans","Arimont","aux","CSPEVP","enfants","lacc\u00e8s","Les","linterdiction","moins","Pascal","pour","r\u00e9seaux","sociaux","soutient"],"articleSection":["Belgique"],"inLanguage":"fr-BE"},{"@type":"WebPage","@id":"https:\/\/vieassociative.be\/actualites\/pascal-arimont-csp-evp-soutient-linterdiction-de-lacces-aux-reseaux-sociaux-pour-les-enfants-de-moins-de-15-ans\/","url":"https:\/\/vieassociative.be\/actualites\/pascal-arimont-csp-evp-soutient-linterdiction-de-lacces-aux-reseaux-sociaux-pour-les-enfants-de-moins-de-15-ans\/","name":"Pascal Arimont (CSP-EVP) soutient l'interdiction de l'acc\u00e8s aux r\u00e9seaux sociaux pour les enfants de moins de 15 ans | Vie Associative","isPartOf":{"@id":"https:\/\/vieassociative.be\/actualites\/#website"},"primaryImageOfPage":{"@id":"https:\/\/vieassociative.be\/actualites\/pascal-arimont-csp-evp-soutient-linterdiction-de-lacces-aux-reseaux-sociaux-pour-les-enfants-de-moins-de-15-ans\/#primaryimage"},"image":{"@id":"https:\/\/vieassociative.be\/actualites\/pascal-arimont-csp-evp-soutient-linterdiction-de-lacces-aux-reseaux-sociaux-pour-les-enfants-de-moins-de-15-ans\/#primaryimage"},"thumbnailUrl":"https:\/\/vieassociative.be\/actualites\/wp-content\/uploads\/2025\/03\/Faction-vivante-dans-le-PDG-pour-lage-legal-minimum-de.jpeg","datePublished":"2025-07-18T14:17:23+00:00","dateModified":"2025-07-18T14:17:23+00:00","breadcrumb":{"@id":"https:\/\/vieassociative.be\/actualites\/pascal-arimont-csp-evp-soutient-linterdiction-de-lacces-aux-reseaux-sociaux-pour-les-enfants-de-moins-de-15-ans\/#breadcrumb"},"inLanguage":"fr-BE","potentialAction":[{"@type":"ReadAction","target":["https:\/\/vieassociative.be\/actualites\/pascal-arimont-csp-evp-soutient-linterdiction-de-lacces-aux-reseaux-sociaux-pour-les-enfants-de-moins-de-15-ans\/"]}]},{"@type":"ImageObject","inLanguage":"fr-BE","@id":"https:\/\/vieassociative.be\/actualites\/pascal-arimont-csp-evp-soutient-linterdiction-de-lacces-aux-reseaux-sociaux-pour-les-enfants-de-moins-de-15-ans\/#primaryimage","url":"https:\/\/vieassociative.be\/actualites\/wp-content\/uploads\/2025\/03\/Faction-vivante-dans-le-PDG-pour-lage-legal-minimum-de.jpeg","contentUrl":"https:\/\/vieassociative.be\/actualites\/wp-content\/uploads\/2025\/03\/Faction-vivante-dans-le-PDG-pour-lage-legal-minimum-de.jpeg","width":1000,"height":667,"caption":"Faction vivante dans le PDG pour l'\u00e2ge l\u00e9gal minimum de 16 ans pour l'utilisation des m\u00e9dias sociaux"},{"@type":"BreadcrumbList","@id":"https:\/\/vieassociative.be\/actualites\/pascal-arimont-csp-evp-soutient-linterdiction-de-lacces-aux-reseaux-sociaux-pour-les-enfants-de-moins-de-15-ans\/#breadcrumb","itemListElement":[{"@type":"ListItem","position":1,"name":"Accueil","item":"https:\/\/vieassociative.be\/actualites\/"},{"@type":"ListItem","position":2,"name":"Pascal Arimont (CSP-EVP) soutient l&rsquo;interdiction de l&rsquo;acc\u00e8s aux r\u00e9seaux sociaux pour les enfants de moins de 15 ans"}]},{"@type":"WebSite","@id":"https:\/\/vieassociative.be\/actualites\/#website","url":"https:\/\/vieassociative.be\/actualites\/","name":"Vie Associative","description":"","publisher":{"@id":"https:\/\/vieassociative.be\/actualites\/#organization"},"potentialAction":[{"@type":"SearchAction","target":{"@type":"EntryPoint","urlTemplate":"https:\/\/vieassociative.be\/actualites\/?s={search_term_string}"},"query-input":{"@type":"PropertyValueSpecification","valueRequired":true,"valueName":"search_term_string"}}],"inLanguage":"fr-BE"},{"@type":"Organization","@id":"https:\/\/vieassociative.be\/actualites\/#organization","name":"Vie Associative","url":"https:\/\/vieassociative.be\/actualites\/","logo":{"@type":"ImageObject","inLanguage":"fr-BE","@id":"https:\/\/vieassociative.be\/actualites\/#\/schema\/logo\/image\/","url":"https:\/\/vieassociative.be\/actualites\/wp-content\/uploads\/2024\/09\/cropped-vieassociative_favicon.ico.png","contentUrl":"https:\/\/vieassociative.be\/actualites\/wp-content\/uploads\/2024\/09\/cropped-vieassociative_favicon.ico.png","width":512,"height":512,"caption":"Vie Associative"},"image":{"@id":"https:\/\/vieassociative.be\/actualites\/#\/schema\/logo\/image\/"}},{"@type":"Person","@id":"https:\/\/vieassociative.be\/actualites\/#\/schema\/person\/b87ac4f82f9d4e7b7cec7395b679edc4","name":"Julien","image":{"@type":"ImageObject","inLanguage":"fr-BE","@id":"https:\/\/vieassociative.be\/actualites\/#\/schema\/person\/image\/","url":"https:\/\/vieassociative.be\/actualites\/wp-content\/uploads\/2024\/09\/vie-associative-1-150x150.jpg","contentUrl":"https:\/\/vieassociative.be\/actualites\/wp-content\/uploads\/2024\/09\/vie-associative-1-150x150.jpg","caption":"Julien"},"description":"Je suis Julien, r\u00e9dacteur pour Vie Associative. Passionn\u00e9 par le monde associatif depuis plus de 10 ans, j'ai \u00e0 c\u0153ur de partager des histoires inspirantes et de mettre en lumi\u00e8re les initiatives locales. Mon objectif est de sensibiliser et d'encourager l'engagement communautaire \u00e0 travers mes articles.","sameAs":["https:\/\/vieassociative.be\/"]}]}},"_links":{"self":[{"href":"https:\/\/vieassociative.be\/actualites\/wp-json\/wp\/v2\/posts\/8840"}],"collection":[{"href":"https:\/\/vieassociative.be\/actualites\/wp-json\/wp\/v2\/posts"}],"about":[{"href":"https:\/\/vieassociative.be\/actualites\/wp-json\/wp\/v2\/types\/post"}],"author":[{"embeddable":true,"href":"https:\/\/vieassociative.be\/actualites\/wp-json\/wp\/v2\/users\/1"}],"replies":[{"embeddable":true,"href":"https:\/\/vieassociative.be\/actualites\/wp-json\/wp\/v2\/comments?post=8840"}],"version-history":[{"count":0,"href":"https:\/\/vieassociative.be\/actualites\/wp-json\/wp\/v2\/posts\/8840\/revisions"}],"wp:featuredmedia":[{"embeddable":true,"href":"https:\/\/vieassociative.be\/actualites\/wp-json\/wp\/v2\/media\/5951"}],"wp:attachment":[{"href":"https:\/\/vieassociative.be\/actualites\/wp-json\/wp\/v2\/media?parent=8840"}],"wp:term":[{"taxonomy":"category","embeddable":true,"href":"https:\/\/vieassociative.be\/actualites\/wp-json\/wp\/v2\/categories?post=8840"},{"taxonomy":"post_tag","embeddable":true,"href":"https:\/\/vieassociative.be\/actualites\/wp-json\/wp\/v2\/tags?post=8840"}],"curies":[{"name":"wp","href":"https:\/\/api.w.org\/{rel}","templated":true}]}}