{"id":884,"date":"2024-10-05T17:28:51","date_gmt":"2024-10-05T15:28:51","guid":{"rendered":"https:\/\/vieassociative.be\/actualites\/les-tablettes-amazon-fire-beneficient-jusqua-58-de-reduction-avant-le-prime-day-doctobre\/"},"modified":"2024-10-05T17:28:51","modified_gmt":"2024-10-05T15:28:51","slug":"les-tablettes-amazon-fire-beneficient-jusqua-58-de-reduction-avant-le-prime-day-doctobre","status":"publish","type":"post","link":"https:\/\/vieassociative.be\/actualites\/les-tablettes-amazon-fire-beneficient-jusqua-58-de-reduction-avant-le-prime-day-doctobre\/","title":{"rendered":"Les tablettes Amazon Fire b\u00e9n\u00e9ficient jusqu&rsquo;\u00e0 58 % de r\u00e9duction avant le Prime Day d&rsquo;octobre"},"content":{"rendered":"<div class=\"mt-4 leading-6 md:mb-8\">M\u00eame les mod\u00e8les les plus chers sont actuellement assez abordables.<\/div>\n<p><\/p>\n<p>L&rsquo;un des grands \u00e9v\u00e9nements de vente d&rsquo;Amazon, le Prime Day d&rsquo;octobre, n&rsquo;aura lieu que le 8 octobre, mais de nombreuses ventes sont d\u00e9j\u00e0 actives. Les offres Early Prime Day incluent des offres sur les Kindle, les appareils Fire Stick, les haut-parleurs intelligents et les cam\u00e9ras Blink. Mais si vous recherchez des tablettes pour diffuser des m\u00e9dias et effectuer des t\u00e2ches quotidiennes, les tablettes Fire d&rsquo;Amazon sont \u00e9galement en vente, avec une r\u00e9duction allant jusqu&rsquo;\u00e0 58 %. Voici mes offres pr\u00e9f\u00e9r\u00e9es sur les tablettes Fire que vous pouvez trouver en ce moment, qui correspondent toutes ou battent des prix record, selon les outils de v\u00e9rification des prix.<\/p>\n<h2 id=\"the-best-fire-tablet-is-90-off\">La meilleure tablette Fire est \u00e0 90 $ de r\u00e9duction<\/h2>\n<p>L&rsquo;Amazon Fire Max 11 est actuellement la plus grande et la plus m\u00e9chante tablette Fire d&rsquo;Amazon. <strong>139,99\u00a0$<\/strong> (\u00e0 l\u2019origine 229,99 $), le prix le plus bas depuis sa sortie en 2023. Il dispose d&rsquo;un \u00e9cran de 11 pouces avec une r\u00e9solution de 2 000 x 1 200 pixels. Il s&rsquo;agit de la version 64 Go et vous offre environ huit heures d&rsquo;autonomie en fonction de votre utilisation et de vos param\u00e8tres. Il a re\u00e7u une \u00ab excellente \u00bb critique de PCMag pour son design moderne, son \u00e9cran \u00e9clatant et ses bonnes performances de processeur pour son prix. <\/p>\n<h2 id=\"the-fire-hd-10-is-46-off\">Le Fire HD 10 est \u00e0 46% de r\u00e9duction<\/h2>\n<p>Le Fire HD 10 atteint \u00e9galement un prix record, actuellement \u00e0 <strong>74,99\u00a0$<\/strong> (\u00e0 l&rsquo;origine 139,99 $). Cette tablette est sortie en 2023 avec une \u00ab excellente \u00bb critique de PCMag pour son prix abordable, son affichage d\u00e9cent de 1\u00a0920 x 1\u00a0200 pixels, sa bonne qualit\u00e9 de construction et son mode Alexa Echo Show (la transforme en un pseudo \u00e9cran intelligent). Le Fire HD 10 r\u00e9duit la capacit\u00e9 de stockage de moiti\u00e9 par rapport au Fire Max 11, mais c&rsquo;est aussi environ la moiti\u00e9 du prix, un bon rapport qualit\u00e9-prix \u00e0 son prix actuel. La batterie est \u00e9galement excellente, vous offrant environ 10 heures de performances. <\/p>\n<h2 id=\"the-fire-hd-8-tablet-is-just-5499\">La tablette Fire HD 8 ne co\u00fbte que 54,99 $<\/h2>\n<p>Si vous recherchez une tablette \u00e0 petit budget, la tablette Fire HD 8 pour <strong>54,99\u00a0$<\/strong> (\u00e0 l\u2019origine 129,99 $) est un excellent choix. Il est sorti en 2022 avec une \u00ab bonne \u00bb critique de PCMag pour son \u00e9cran vibrant, sa dur\u00e9e de vie de la batterie de 10 heures et son poids l\u00e9ger (11,9 oz). Il s&rsquo;agit de la mise \u00e0 niveau de la tablette \u00e9conomique Fire 7, avec un \u00e9cran plus grand de 8 pouces et un affichage plus net. <\/p>\n","protected":false},"excerpt":{"rendered":"<p>M\u00eame les mod\u00e8les les plus chers sont actuellement assez abordables. L&rsquo;un des grands \u00e9v\u00e9nements de vente d&rsquo;Amazon, le Prime Day d&rsquo;octobre, n&rsquo;aura lieu que le<\/p>\n","protected":false},"author":1,"featured_media":885,"comment_status":"","ping_status":"","sticky":false,"template":"","format":"standard","meta":{"footnotes":""},"categories":[13],"tags":[51,142,1268,347,1250,1378,1269,14,346,308,1377],"class_list":["post-884","post","type-post","status-publish","format-standard","has-post-thumbnail","hentry","category-technologie","tag-amazon","tag-avant","tag-beneficient","tag-day","tag-doctobre","tag-fire","tag-jusqua","tag-les","tag-prime","tag-reduction","tag-tablettes","generate-columns","tablet-grid-50","mobile-grid-100","grid-parent","grid-33"],"yoast_head":"<!-- This site is optimized with the Yoast SEO plugin v24.0 - https:\/\/yoast.com\/wordpress\/plugins\/seo\/ -->\n<title>Les tablettes Amazon Fire b\u00e9n\u00e9ficient jusqu&#039;\u00e0 58 % de r\u00e9duction avant le Prime Day d&#039;octobre | Vie Associative<\/title>\n<meta name=\"robots\" content=\"index, follow, max-snippet:-1, max-image-preview:large, max-video-preview:-1\" \/>\n<link rel=\"canonical\" href=\"https:\/\/vieassociative.be\/actualites\/les-tablettes-amazon-fire-beneficient-jusqua-58-de-reduction-avant-le-prime-day-doctobre\/\" \/>\n<meta property=\"og:locale\" content=\"fr_FR\" \/>\n<meta property=\"og:type\" content=\"article\" \/>\n<meta property=\"og:title\" content=\"Les tablettes Amazon Fire b\u00e9n\u00e9ficient jusqu&#039;\u00e0 58 % de r\u00e9duction avant le Prime Day d&#039;octobre | Vie Associative\" \/>\n<meta property=\"og:description\" content=\"M\u00eame les mod\u00e8les les plus chers sont actuellement assez abordables. L&rsquo;un des grands \u00e9v\u00e9nements de vente d&rsquo;Amazon, le Prime Day d&rsquo;octobre, n&rsquo;aura lieu que le\" \/>\n<meta property=\"og:url\" content=\"https:\/\/vieassociative.be\/actualites\/les-tablettes-amazon-fire-beneficient-jusqua-58-de-reduction-avant-le-prime-day-doctobre\/\" \/>\n<meta property=\"og:site_name\" content=\"Vie Associative\" \/>\n<meta property=\"article:published_time\" content=\"2024-10-05T15:28:51+00:00\" \/>\n<meta property=\"og:image\" content=\"https:\/\/vieassociative.be\/actualites\/wp-content\/uploads\/2024\/09\/header_backgroundk-01-e1726694325946.png\" \/>\n\t<meta property=\"og:image:width\" content=\"279\" \/>\n\t<meta property=\"og:image:height\" content=\"92\" \/>\n\t<meta property=\"og:image:type\" content=\"image\/png\" \/>\n<meta name=\"author\" content=\"Julien\" \/>\n<meta name=\"twitter:card\" content=\"summary_large_image\" \/>\n<meta name=\"twitter:label1\" content=\"\u00c9crit par\" \/>\n\t<meta name=\"twitter:data1\" content=\"Julien\" \/>\n\t<meta name=\"twitter:label2\" content=\"Dur\u00e9e de lecture est.\" \/>\n\t<meta name=\"twitter:data2\" content=\"2 minutes\" \/>\n<script type=\"application\/ld+json\" class=\"yoast-schema-graph\">{\"@context\":\"https:\/\/schema.org\",\"@graph\":[{\"@type\":\"Article\",\"@id\":\"https:\/\/vieassociative.be\/actualites\/les-tablettes-amazon-fire-beneficient-jusqua-58-de-reduction-avant-le-prime-day-doctobre\/#article\",\"isPartOf\":{\"@id\":\"https:\/\/vieassociative.be\/actualites\/les-tablettes-amazon-fire-beneficient-jusqua-58-de-reduction-avant-le-prime-day-doctobre\/\"},\"author\":{\"name\":\"Julien\",\"@id\":\"https:\/\/vieassociative.be\/actualites\/#\/schema\/person\/b87ac4f82f9d4e7b7cec7395b679edc4\"},\"headline\":\"Les tablettes Amazon Fire b\u00e9n\u00e9ficient jusqu&rsquo;\u00e0 58 % de r\u00e9duction avant le Prime Day d&rsquo;octobre\",\"datePublished\":\"2024-10-05T15:28:51+00:00\",\"dateModified\":\"2024-10-05T15:28:51+00:00\",\"mainEntityOfPage\":{\"@id\":\"https:\/\/vieassociative.be\/actualites\/les-tablettes-amazon-fire-beneficient-jusqua-58-de-reduction-avant-le-prime-day-doctobre\/\"},\"wordCount\":430,\"publisher\":{\"@id\":\"https:\/\/vieassociative.be\/actualites\/#organization\"},\"image\":{\"@id\":\"https:\/\/vieassociative.be\/actualites\/les-tablettes-amazon-fire-beneficient-jusqua-58-de-reduction-avant-le-prime-day-doctobre\/#primaryimage\"},\"thumbnailUrl\":\"https:\/\/vieassociative.be\/actualites\/wp-content\/uploads\/2024\/10\/Les-tablettes-Amazon-Fire-beneficient-jusqua-58-de-reduction.png\",\"keywords\":[\"Amazon\",\"avant\",\"b\u00e9n\u00e9ficient\",\"Day\",\"doctobre\",\"Fire\",\"jusqu\u00e0\",\"Les\",\"Prime\",\"r\u00e9duction\",\"tablettes\"],\"articleSection\":[\"Technologie\"],\"inLanguage\":\"fr-BE\"},{\"@type\":\"WebPage\",\"@id\":\"https:\/\/vieassociative.be\/actualites\/les-tablettes-amazon-fire-beneficient-jusqua-58-de-reduction-avant-le-prime-day-doctobre\/\",\"url\":\"https:\/\/vieassociative.be\/actualites\/les-tablettes-amazon-fire-beneficient-jusqua-58-de-reduction-avant-le-prime-day-doctobre\/\",\"name\":\"Les tablettes Amazon Fire b\u00e9n\u00e9ficient jusqu'\u00e0 58 % de r\u00e9duction avant le Prime Day d'octobre | Vie Associative\",\"isPartOf\":{\"@id\":\"https:\/\/vieassociative.be\/actualites\/#website\"},\"primaryImageOfPage\":{\"@id\":\"https:\/\/vieassociative.be\/actualites\/les-tablettes-amazon-fire-beneficient-jusqua-58-de-reduction-avant-le-prime-day-doctobre\/#primaryimage\"},\"image\":{\"@id\":\"https:\/\/vieassociative.be\/actualites\/les-tablettes-amazon-fire-beneficient-jusqua-58-de-reduction-avant-le-prime-day-doctobre\/#primaryimage\"},\"thumbnailUrl\":\"https:\/\/vieassociative.be\/actualites\/wp-content\/uploads\/2024\/10\/Les-tablettes-Amazon-Fire-beneficient-jusqua-58-de-reduction.png\",\"datePublished\":\"2024-10-05T15:28:51+00:00\",\"dateModified\":\"2024-10-05T15:28:51+00:00\",\"breadcrumb\":{\"@id\":\"https:\/\/vieassociative.be\/actualites\/les-tablettes-amazon-fire-beneficient-jusqua-58-de-reduction-avant-le-prime-day-doctobre\/#breadcrumb\"},\"inLanguage\":\"fr-BE\",\"potentialAction\":[{\"@type\":\"ReadAction\",\"target\":[\"https:\/\/vieassociative.be\/actualites\/les-tablettes-amazon-fire-beneficient-jusqua-58-de-reduction-avant-le-prime-day-doctobre\/\"]}]},{\"@type\":\"ImageObject\",\"inLanguage\":\"fr-BE\",\"@id\":\"https:\/\/vieassociative.be\/actualites\/les-tablettes-amazon-fire-beneficient-jusqua-58-de-reduction-avant-le-prime-day-doctobre\/#primaryimage\",\"url\":\"https:\/\/vieassociative.be\/actualites\/wp-content\/uploads\/2024\/10\/Les-tablettes-Amazon-Fire-beneficient-jusqua-58-de-reduction.png\",\"contentUrl\":\"https:\/\/vieassociative.be\/actualites\/wp-content\/uploads\/2024\/10\/Les-tablettes-Amazon-Fire-beneficient-jusqua-58-de-reduction.png\",\"width\":1200,\"height\":675,\"caption\":\"Les tablettes Amazon Fire b\u00e9n\u00e9ficient jusqu'\u00e0 58 % de r\u00e9duction avant le Prime Day d'octobre\"},{\"@type\":\"BreadcrumbList\",\"@id\":\"https:\/\/vieassociative.be\/actualites\/les-tablettes-amazon-fire-beneficient-jusqua-58-de-reduction-avant-le-prime-day-doctobre\/#breadcrumb\",\"itemListElement\":[{\"@type\":\"ListItem\",\"position\":1,\"name\":\"Accueil\",\"item\":\"https:\/\/vieassociative.be\/actualites\/\"},{\"@type\":\"ListItem\",\"position\":2,\"name\":\"Les tablettes Amazon Fire b\u00e9n\u00e9ficient jusqu&rsquo;\u00e0 58 % de r\u00e9duction avant le Prime Day d&rsquo;octobre\"}]},{\"@type\":\"WebSite\",\"@id\":\"https:\/\/vieassociative.be\/actualites\/#website\",\"url\":\"https:\/\/vieassociative.be\/actualites\/\",\"name\":\"Vie Associative\",\"description\":\"\",\"publisher\":{\"@id\":\"https:\/\/vieassociative.be\/actualites\/#organization\"},\"potentialAction\":[{\"@type\":\"SearchAction\",\"target\":{\"@type\":\"EntryPoint\",\"urlTemplate\":\"https:\/\/vieassociative.be\/actualites\/?s={search_term_string}\"},\"query-input\":{\"@type\":\"PropertyValueSpecification\",\"valueRequired\":true,\"valueName\":\"search_term_string\"}}],\"inLanguage\":\"fr-BE\"},{\"@type\":\"Organization\",\"@id\":\"https:\/\/vieassociative.be\/actualites\/#organization\",\"name\":\"Vie Associative\",\"url\":\"https:\/\/vieassociative.be\/actualites\/\",\"logo\":{\"@type\":\"ImageObject\",\"inLanguage\":\"fr-BE\",\"@id\":\"https:\/\/vieassociative.be\/actualites\/#\/schema\/logo\/image\/\",\"url\":\"https:\/\/vieassociative.be\/actualites\/wp-content\/uploads\/2024\/09\/cropped-vieassociative_favicon.ico.png\",\"contentUrl\":\"https:\/\/vieassociative.be\/actualites\/wp-content\/uploads\/2024\/09\/cropped-vieassociative_favicon.ico.png\",\"width\":512,\"height\":512,\"caption\":\"Vie Associative\"},\"image\":{\"@id\":\"https:\/\/vieassociative.be\/actualites\/#\/schema\/logo\/image\/\"}},{\"@type\":\"Person\",\"@id\":\"https:\/\/vieassociative.be\/actualites\/#\/schema\/person\/b87ac4f82f9d4e7b7cec7395b679edc4\",\"name\":\"Julien\",\"image\":{\"@type\":\"ImageObject\",\"inLanguage\":\"fr-BE\",\"@id\":\"https:\/\/vieassociative.be\/actualites\/#\/schema\/person\/image\/\",\"url\":\"https:\/\/vieassociative.be\/actualites\/wp-content\/uploads\/2024\/09\/vie-associative-1-150x150.jpg\",\"contentUrl\":\"https:\/\/vieassociative.be\/actualites\/wp-content\/uploads\/2024\/09\/vie-associative-1-150x150.jpg\",\"caption\":\"Julien\"},\"description\":\"Je suis Julien, r\u00e9dacteur pour Vie Associative. Passionn\u00e9 par le monde associatif depuis plus de 10 ans, j'ai \u00e0 c\u0153ur de partager des histoires inspirantes et de mettre en lumi\u00e8re les initiatives locales. Mon objectif est de sensibiliser et d'encourager l'engagement communautaire \u00e0 travers mes articles.\",\"sameAs\":[\"https:\/\/vieassociative.be\/\"]}]}<\/script>\n<!-- \/ Yoast SEO plugin. -->","yoast_head_json":{"title":"Les tablettes Amazon Fire b\u00e9n\u00e9ficient jusqu'\u00e0 58 % de r\u00e9duction avant le Prime Day d'octobre | Vie Associative","robots":{"index":"index","follow":"follow","max-snippet":"max-snippet:-1","max-image-preview":"max-image-preview:large","max-video-preview":"max-video-preview:-1"},"canonical":"https:\/\/vieassociative.be\/actualites\/les-tablettes-amazon-fire-beneficient-jusqua-58-de-reduction-avant-le-prime-day-doctobre\/","og_locale":"fr_FR","og_type":"article","og_title":"Les tablettes Amazon Fire b\u00e9n\u00e9ficient jusqu'\u00e0 58 % de r\u00e9duction avant le Prime Day d'octobre | Vie Associative","og_description":"M\u00eame les mod\u00e8les les plus chers sont actuellement assez abordables. L&rsquo;un des grands \u00e9v\u00e9nements de vente d&rsquo;Amazon, le Prime Day d&rsquo;octobre, n&rsquo;aura lieu que le","og_url":"https:\/\/vieassociative.be\/actualites\/les-tablettes-amazon-fire-beneficient-jusqua-58-de-reduction-avant-le-prime-day-doctobre\/","og_site_name":"Vie Associative","article_published_time":"2024-10-05T15:28:51+00:00","og_image":[{"width":279,"height":92,"url":"https:\/\/vieassociative.be\/actualites\/wp-content\/uploads\/2024\/09\/header_backgroundk-01-e1726694325946.png","type":"image\/png"}],"author":"Julien","twitter_card":"summary_large_image","twitter_misc":{"\u00c9crit par":"Julien","Dur\u00e9e de lecture est.":"2 minutes"},"schema":{"@context":"https:\/\/schema.org","@graph":[{"@type":"Article","@id":"https:\/\/vieassociative.be\/actualites\/les-tablettes-amazon-fire-beneficient-jusqua-58-de-reduction-avant-le-prime-day-doctobre\/#article","isPartOf":{"@id":"https:\/\/vieassociative.be\/actualites\/les-tablettes-amazon-fire-beneficient-jusqua-58-de-reduction-avant-le-prime-day-doctobre\/"},"author":{"name":"Julien","@id":"https:\/\/vieassociative.be\/actualites\/#\/schema\/person\/b87ac4f82f9d4e7b7cec7395b679edc4"},"headline":"Les tablettes Amazon Fire b\u00e9n\u00e9ficient jusqu&rsquo;\u00e0 58 % de r\u00e9duction avant le Prime Day d&rsquo;octobre","datePublished":"2024-10-05T15:28:51+00:00","dateModified":"2024-10-05T15:28:51+00:00","mainEntityOfPage":{"@id":"https:\/\/vieassociative.be\/actualites\/les-tablettes-amazon-fire-beneficient-jusqua-58-de-reduction-avant-le-prime-day-doctobre\/"},"wordCount":430,"publisher":{"@id":"https:\/\/vieassociative.be\/actualites\/#organization"},"image":{"@id":"https:\/\/vieassociative.be\/actualites\/les-tablettes-amazon-fire-beneficient-jusqua-58-de-reduction-avant-le-prime-day-doctobre\/#primaryimage"},"thumbnailUrl":"https:\/\/vieassociative.be\/actualites\/wp-content\/uploads\/2024\/10\/Les-tablettes-Amazon-Fire-beneficient-jusqua-58-de-reduction.png","keywords":["Amazon","avant","b\u00e9n\u00e9ficient","Day","doctobre","Fire","jusqu\u00e0","Les","Prime","r\u00e9duction","tablettes"],"articleSection":["Technologie"],"inLanguage":"fr-BE"},{"@type":"WebPage","@id":"https:\/\/vieassociative.be\/actualites\/les-tablettes-amazon-fire-beneficient-jusqua-58-de-reduction-avant-le-prime-day-doctobre\/","url":"https:\/\/vieassociative.be\/actualites\/les-tablettes-amazon-fire-beneficient-jusqua-58-de-reduction-avant-le-prime-day-doctobre\/","name":"Les tablettes Amazon Fire b\u00e9n\u00e9ficient jusqu'\u00e0 58 % de r\u00e9duction avant le Prime Day d'octobre | Vie Associative","isPartOf":{"@id":"https:\/\/vieassociative.be\/actualites\/#website"},"primaryImageOfPage":{"@id":"https:\/\/vieassociative.be\/actualites\/les-tablettes-amazon-fire-beneficient-jusqua-58-de-reduction-avant-le-prime-day-doctobre\/#primaryimage"},"image":{"@id":"https:\/\/vieassociative.be\/actualites\/les-tablettes-amazon-fire-beneficient-jusqua-58-de-reduction-avant-le-prime-day-doctobre\/#primaryimage"},"thumbnailUrl":"https:\/\/vieassociative.be\/actualites\/wp-content\/uploads\/2024\/10\/Les-tablettes-Amazon-Fire-beneficient-jusqua-58-de-reduction.png","datePublished":"2024-10-05T15:28:51+00:00","dateModified":"2024-10-05T15:28:51+00:00","breadcrumb":{"@id":"https:\/\/vieassociative.be\/actualites\/les-tablettes-amazon-fire-beneficient-jusqua-58-de-reduction-avant-le-prime-day-doctobre\/#breadcrumb"},"inLanguage":"fr-BE","potentialAction":[{"@type":"ReadAction","target":["https:\/\/vieassociative.be\/actualites\/les-tablettes-amazon-fire-beneficient-jusqua-58-de-reduction-avant-le-prime-day-doctobre\/"]}]},{"@type":"ImageObject","inLanguage":"fr-BE","@id":"https:\/\/vieassociative.be\/actualites\/les-tablettes-amazon-fire-beneficient-jusqua-58-de-reduction-avant-le-prime-day-doctobre\/#primaryimage","url":"https:\/\/vieassociative.be\/actualites\/wp-content\/uploads\/2024\/10\/Les-tablettes-Amazon-Fire-beneficient-jusqua-58-de-reduction.png","contentUrl":"https:\/\/vieassociative.be\/actualites\/wp-content\/uploads\/2024\/10\/Les-tablettes-Amazon-Fire-beneficient-jusqua-58-de-reduction.png","width":1200,"height":675,"caption":"Les tablettes Amazon Fire b\u00e9n\u00e9ficient jusqu'\u00e0 58 % de r\u00e9duction avant le Prime Day d'octobre"},{"@type":"BreadcrumbList","@id":"https:\/\/vieassociative.be\/actualites\/les-tablettes-amazon-fire-beneficient-jusqua-58-de-reduction-avant-le-prime-day-doctobre\/#breadcrumb","itemListElement":[{"@type":"ListItem","position":1,"name":"Accueil","item":"https:\/\/vieassociative.be\/actualites\/"},{"@type":"ListItem","position":2,"name":"Les tablettes Amazon Fire b\u00e9n\u00e9ficient jusqu&rsquo;\u00e0 58 % de r\u00e9duction avant le Prime Day d&rsquo;octobre"}]},{"@type":"WebSite","@id":"https:\/\/vieassociative.be\/actualites\/#website","url":"https:\/\/vieassociative.be\/actualites\/","name":"Vie Associative","description":"","publisher":{"@id":"https:\/\/vieassociative.be\/actualites\/#organization"},"potentialAction":[{"@type":"SearchAction","target":{"@type":"EntryPoint","urlTemplate":"https:\/\/vieassociative.be\/actualites\/?s={search_term_string}"},"query-input":{"@type":"PropertyValueSpecification","valueRequired":true,"valueName":"search_term_string"}}],"inLanguage":"fr-BE"},{"@type":"Organization","@id":"https:\/\/vieassociative.be\/actualites\/#organization","name":"Vie Associative","url":"https:\/\/vieassociative.be\/actualites\/","logo":{"@type":"ImageObject","inLanguage":"fr-BE","@id":"https:\/\/vieassociative.be\/actualites\/#\/schema\/logo\/image\/","url":"https:\/\/vieassociative.be\/actualites\/wp-content\/uploads\/2024\/09\/cropped-vieassociative_favicon.ico.png","contentUrl":"https:\/\/vieassociative.be\/actualites\/wp-content\/uploads\/2024\/09\/cropped-vieassociative_favicon.ico.png","width":512,"height":512,"caption":"Vie Associative"},"image":{"@id":"https:\/\/vieassociative.be\/actualites\/#\/schema\/logo\/image\/"}},{"@type":"Person","@id":"https:\/\/vieassociative.be\/actualites\/#\/schema\/person\/b87ac4f82f9d4e7b7cec7395b679edc4","name":"Julien","image":{"@type":"ImageObject","inLanguage":"fr-BE","@id":"https:\/\/vieassociative.be\/actualites\/#\/schema\/person\/image\/","url":"https:\/\/vieassociative.be\/actualites\/wp-content\/uploads\/2024\/09\/vie-associative-1-150x150.jpg","contentUrl":"https:\/\/vieassociative.be\/actualites\/wp-content\/uploads\/2024\/09\/vie-associative-1-150x150.jpg","caption":"Julien"},"description":"Je suis Julien, r\u00e9dacteur pour Vie Associative. Passionn\u00e9 par le monde associatif depuis plus de 10 ans, j'ai \u00e0 c\u0153ur de partager des histoires inspirantes et de mettre en lumi\u00e8re les initiatives locales. Mon objectif est de sensibiliser et d'encourager l'engagement communautaire \u00e0 travers mes articles.","sameAs":["https:\/\/vieassociative.be\/"]}]}},"_links":{"self":[{"href":"https:\/\/vieassociative.be\/actualites\/wp-json\/wp\/v2\/posts\/884"}],"collection":[{"href":"https:\/\/vieassociative.be\/actualites\/wp-json\/wp\/v2\/posts"}],"about":[{"href":"https:\/\/vieassociative.be\/actualites\/wp-json\/wp\/v2\/types\/post"}],"author":[{"embeddable":true,"href":"https:\/\/vieassociative.be\/actualites\/wp-json\/wp\/v2\/users\/1"}],"replies":[{"embeddable":true,"href":"https:\/\/vieassociative.be\/actualites\/wp-json\/wp\/v2\/comments?post=884"}],"version-history":[{"count":0,"href":"https:\/\/vieassociative.be\/actualites\/wp-json\/wp\/v2\/posts\/884\/revisions"}],"wp:featuredmedia":[{"embeddable":true,"href":"https:\/\/vieassociative.be\/actualites\/wp-json\/wp\/v2\/media\/885"}],"wp:attachment":[{"href":"https:\/\/vieassociative.be\/actualites\/wp-json\/wp\/v2\/media?parent=884"}],"wp:term":[{"taxonomy":"category","embeddable":true,"href":"https:\/\/vieassociative.be\/actualites\/wp-json\/wp\/v2\/categories?post=884"},{"taxonomy":"post_tag","embeddable":true,"href":"https:\/\/vieassociative.be\/actualites\/wp-json\/wp\/v2\/tags?post=884"}],"curies":[{"name":"wp","href":"https:\/\/api.w.org\/{rel}","templated":true}]}}