{"id":8838,"date":"2025-07-18T15:17:40","date_gmt":"2025-07-18T13:17:40","guid":{"rendered":"https:\/\/vieassociative.be\/actualites\/ce-site-vous-permet-de-parcourir-instagram-sans-compte\/"},"modified":"2025-07-18T15:17:40","modified_gmt":"2025-07-18T13:17:40","slug":"ce-site-vous-permet-de-parcourir-instagram-sans-compte","status":"publish","type":"post","link":"https:\/\/vieassociative.be\/actualites\/ce-site-vous-permet-de-parcourir-instagram-sans-compte\/","title":{"rendered":"Ce site vous permet de parcourir Instagram sans compte"},"content":{"rendered":"<div class=\"mt-4 leading-6 md:mb-8\">Si vous \u00eates m\u00e9ta-avers\u00e9, v\u00e9rifiez-le.<\/div>\n<p><\/p>\n<p>Il y a toutes sortes de raisons de ne pas avoir de compte Instagram, d&rsquo;une aversion g\u00e9n\u00e9rale aux m\u00e9dias sociaux jusqu&rsquo;\u00e0 une aversion de m\u00e9ta en particulier. Mais il y a aussi souvent des informations sur Instagram que vous ne pouvez trouver nulle part ailleurs &#8211; un magasin \u00e0 proximit\u00e9 pourrait r\u00e9pertorier leurs heures alternatives sur le site.<\/p>\n<p>Instagram lui-m\u00eame est assez agressif de vous forcer \u00e0 vous connecter si vous voulez lire de telles choses, avec des fen\u00eatres contextuelles qui vous disent de vous inscrire pour en voir plus. Vous pouvez fermer la fen\u00eatre contextuelle initiale pour parcourir les premi\u00e8res images, mais cela ne vous permet pas de cliquer sur une image ou de lire la l\u00e9gende, qui est (ennuyeuse) l\u00e0 o\u00f9 les informations que vous souhaitez se cachent probablement.<\/p>\n<p>C&rsquo;est l\u00e0 que le site Web IMGINN entre en jeu. Ce site gratuit et soutenu par la publicit\u00e9 vous permet de parcourir n&rsquo;importe quelle page Instagram publique, sans compte Instagram. Pour commencer, dirigez-vous vers la page d&rsquo;accueil et tapez le nom du compte que vous souhaitez parcourir. Vous verrez une liste de r\u00e9sultats. Cliquez sur le compte que vous souhaitez voir et vous pouvez parcourir le contenu de votre c\u0153ur.<\/p>\n<div class=\"eloquent-imagery-image\">\n<div class=\"flex justify-center\">\n                    <img decoding=\"async\" class=\"border border-gray-100\" src=\"https:\/\/vieassociative.be\/actualites\/wp-content\/uploads\/2025\/07\/Ce-site-vous-permet-de-parcourir-Instagram-sans-compte.png\" alt=\"Une image d'un t-shirt qui dit \" i will never paste with formatting do not format my a download button. width=\"2000\" height=\"1701\" loading=\"lazy\"  >\n            <\/div>\n<\/p><\/div>\n<p>Cliquez sur n&rsquo;importe quelle image ou vid\u00e9o et vous pouvez la voir en pleine r\u00e9solution, lire la l\u00e9gende et m\u00eame t\u00e9l\u00e9charger les m\u00e9dias.<\/p>\n<p>Le site ne s&rsquo;arr\u00eate pas avec les publications d&rsquo;image et de vid\u00e9o &#8211; vous pouvez \u00e9galement l&rsquo;utiliser pour parcourir les histoires \u00e9pingl\u00e9es et actuelles. Ce sont les deux choses que vous ne pouvez g\u00e9n\u00e9ralement pas voir du tout sans se connecter. Les bobines sont \u00e9galement prises en charge.<\/p>\n<div class=\"pogoClear relative my-10 border-b-(1.5px) border-t-(1.5px) border-dashed border-black py-5 sm:my-14 sm:border-0 sm:py-0\" data-ga-click data-ga-template=\"How-To\" data-ga-module=\"openweb_widget\" data-ga-element=\"openweb_scroll\" data-ga-item=\"openweb_scroll_midpage\" x-data=\"{\n         commentsCount: null,\n         hasComments: false,\n         async fetchCommentsCount() {\n             try {\n                 if (window.openweb &amp;&amp; typeof window.openweb.getMessagesCount === 'function') {\n                     this.commentsCount = await window.openweb.getMessagesCount('01K0D9CTP5Q6XZG14YQ79D816W');\n                     this.hasComments = this.commentsCount !== null &amp;&amp; this.commentsCount &gt; 0;\n                 }\n             } catch (e) {\n                 console.warn('Failed to fetch comment count:', e);\n             }\n         }\n     }\" x-init=\"fetchCommentsCount()\" x-cloak><\/p>\n<div class=\"absolute top-1\/2 hidden w-full -translate-y-1\/2 border-t-(1.5px) border-dashed border-black sm:block\"><\/div>\n<div class=\"relative flex justify-center\">\n<div class=\"flex max-w-fit items-center gap-x-3 bg-white px-5\">\n<div class=\"relative\">\n                <span class=\"absolute left-1\/2 top-1\/2 -translate-x-1\/2 -translate-y-1\/2 font-akshar text-sm font-medium text-black\" aria-live=\"polite\" x-show=\"hasComments\" x-text=\"commentsCount\"><\/span><\/p>\n<p>                <svg class=\"h-8 w-8 text-black\" role=\"img\" aria-hidden=\"true\">\n                    <use href=\"http:\/\/lifehacker.com\/images\/icons\/spritemap.svg#sprite-chat-bubble\"><\/use>\n                <\/svg>\n            <\/div>\n<p>            <span class=\"text-sm font-medium text-black\"><\/p>\n<p>                Que pensez-vous jusqu&rsquo;\u00e0 pr\u00e9sent?<br \/>\n                <button class=\"ml-1 font-semibold text-brand-green underline hover:text-brand-green-700\" type=\"button\" aria-label=\"Comment section trigger\" onclick=\"window.openweb.scrollToComments('01K0D9CTP5Q6XZG14YQ79D816W')\" x-text=\"hasComments ? 'Post a comment.' : 'Be the first to post a comment.'\"><\/button><br \/>\n            <\/span>\n        <\/div>\n<\/p><\/div>\n<\/div>\n<p>Est-ce utile si vous avez d\u00e9j\u00e0 un compte Instagram? Surtout non, bien qu&rsquo;il soit agr\u00e9able de pouvoir t\u00e9l\u00e9charger des images, des vid\u00e9os et m\u00eame des histoires &#8211; c&rsquo;est quelque chose pour lequel vous avez besoin d&rsquo;outils sp\u00e9ciaux pour autrement.<\/p>\n<p>Pour moi, cependant, la principale utilisation pour IMGINN est ces moments o\u00f9 je dois v\u00e9rifier rapidement quelque chose qui est autrement derri\u00e8re le jardin clos d&rsquo;Instagram sans \u00eatre aspir\u00e9 dans le reste de l&rsquo;\u00e9cosyst\u00e8me. C&rsquo;est parfait pour les gens qui n&rsquo;ont pas &#8211; et ne veulent pas &#8211; un compte Instagram.<\/p>\n","protected":false},"excerpt":{"rendered":"<p>Si vous \u00eates m\u00e9ta-avers\u00e9, v\u00e9rifiez-le. Il y a toutes sortes de raisons de ne pas avoir de compte Instagram, d&rsquo;une aversion g\u00e9n\u00e9rale aux m\u00e9dias sociaux<\/p>\n","protected":false},"author":1,"featured_media":8839,"comment_status":"","ping_status":"","sticky":false,"template":"","format":"standard","meta":{"footnotes":""},"categories":[13],"tags":[962,2282,7800,338,130,5577,4],"class_list":["post-8838","post","type-post","status-publish","format-standard","has-post-thumbnail","hentry","category-technologie","tag-compte","tag-instagram","tag-parcourir","tag-permet","tag-sans","tag-site","tag-vous","generate-columns","tablet-grid-50","mobile-grid-100","grid-parent","grid-33"],"yoast_head":"<!-- This site is optimized with the Yoast SEO plugin v24.0 - https:\/\/yoast.com\/wordpress\/plugins\/seo\/ -->\n<title>Ce site vous permet de parcourir Instagram sans compte | Vie Associative<\/title>\n<meta name=\"robots\" content=\"index, follow, max-snippet:-1, max-image-preview:large, max-video-preview:-1\" \/>\n<link rel=\"canonical\" href=\"https:\/\/vieassociative.be\/actualites\/ce-site-vous-permet-de-parcourir-instagram-sans-compte\/\" \/>\n<meta property=\"og:locale\" content=\"fr_FR\" \/>\n<meta property=\"og:type\" content=\"article\" \/>\n<meta property=\"og:title\" content=\"Ce site vous permet de parcourir Instagram sans compte | Vie Associative\" \/>\n<meta property=\"og:description\" content=\"Si vous \u00eates m\u00e9ta-avers\u00e9, v\u00e9rifiez-le. Il y a toutes sortes de raisons de ne pas avoir de compte Instagram, d&rsquo;une aversion g\u00e9n\u00e9rale aux m\u00e9dias sociaux\" \/>\n<meta property=\"og:url\" content=\"https:\/\/vieassociative.be\/actualites\/ce-site-vous-permet-de-parcourir-instagram-sans-compte\/\" \/>\n<meta property=\"og:site_name\" content=\"Vie Associative\" \/>\n<meta property=\"article:published_time\" content=\"2025-07-18T13:17:40+00:00\" \/>\n<meta property=\"og:image\" content=\"https:\/\/vieassociative.be\/actualites\/wp-content\/uploads\/2025\/07\/Ce-site-vous-permet-de-parcourir-Instagram-sans-compte.png\" \/>\n<meta name=\"author\" content=\"Julien\" \/>\n<meta name=\"twitter:card\" content=\"summary_large_image\" \/>\n<meta name=\"twitter:label1\" content=\"\u00c9crit par\" \/>\n\t<meta name=\"twitter:data1\" content=\"Julien\" \/>\n\t<meta name=\"twitter:label2\" content=\"Dur\u00e9e de lecture est.\" \/>\n\t<meta name=\"twitter:data2\" content=\"2 minutes\" \/>\n<script type=\"application\/ld+json\" class=\"yoast-schema-graph\">{\"@context\":\"https:\/\/schema.org\",\"@graph\":[{\"@type\":\"Article\",\"@id\":\"https:\/\/vieassociative.be\/actualites\/ce-site-vous-permet-de-parcourir-instagram-sans-compte\/#article\",\"isPartOf\":{\"@id\":\"https:\/\/vieassociative.be\/actualites\/ce-site-vous-permet-de-parcourir-instagram-sans-compte\/\"},\"author\":{\"name\":\"Julien\",\"@id\":\"https:\/\/vieassociative.be\/actualites\/#\/schema\/person\/b87ac4f82f9d4e7b7cec7395b679edc4\"},\"headline\":\"Ce site vous permet de parcourir Instagram sans compte\",\"datePublished\":\"2025-07-18T13:17:40+00:00\",\"dateModified\":\"2025-07-18T13:17:40+00:00\",\"mainEntityOfPage\":{\"@id\":\"https:\/\/vieassociative.be\/actualites\/ce-site-vous-permet-de-parcourir-instagram-sans-compte\/\"},\"wordCount\":430,\"publisher\":{\"@id\":\"https:\/\/vieassociative.be\/actualites\/#organization\"},\"image\":{\"@id\":\"https:\/\/vieassociative.be\/actualites\/ce-site-vous-permet-de-parcourir-instagram-sans-compte\/#primaryimage\"},\"thumbnailUrl\":\"https:\/\/vieassociative.be\/actualites\/wp-content\/uploads\/2025\/07\/1752844661_Ce-site-vous-permet-de-parcourir-Instagram-sans-compte.png\",\"keywords\":[\"compte\",\"Instagram\",\"parcourir\",\"permet\",\"sans\",\"site\",\"Vous\"],\"articleSection\":[\"Technologie\"],\"inLanguage\":\"fr-BE\"},{\"@type\":\"WebPage\",\"@id\":\"https:\/\/vieassociative.be\/actualites\/ce-site-vous-permet-de-parcourir-instagram-sans-compte\/\",\"url\":\"https:\/\/vieassociative.be\/actualites\/ce-site-vous-permet-de-parcourir-instagram-sans-compte\/\",\"name\":\"Ce site vous permet de parcourir Instagram sans compte | Vie Associative\",\"isPartOf\":{\"@id\":\"https:\/\/vieassociative.be\/actualites\/#website\"},\"primaryImageOfPage\":{\"@id\":\"https:\/\/vieassociative.be\/actualites\/ce-site-vous-permet-de-parcourir-instagram-sans-compte\/#primaryimage\"},\"image\":{\"@id\":\"https:\/\/vieassociative.be\/actualites\/ce-site-vous-permet-de-parcourir-instagram-sans-compte\/#primaryimage\"},\"thumbnailUrl\":\"https:\/\/vieassociative.be\/actualites\/wp-content\/uploads\/2025\/07\/1752844661_Ce-site-vous-permet-de-parcourir-Instagram-sans-compte.png\",\"datePublished\":\"2025-07-18T13:17:40+00:00\",\"dateModified\":\"2025-07-18T13:17:40+00:00\",\"breadcrumb\":{\"@id\":\"https:\/\/vieassociative.be\/actualites\/ce-site-vous-permet-de-parcourir-instagram-sans-compte\/#breadcrumb\"},\"inLanguage\":\"fr-BE\",\"potentialAction\":[{\"@type\":\"ReadAction\",\"target\":[\"https:\/\/vieassociative.be\/actualites\/ce-site-vous-permet-de-parcourir-instagram-sans-compte\/\"]}]},{\"@type\":\"ImageObject\",\"inLanguage\":\"fr-BE\",\"@id\":\"https:\/\/vieassociative.be\/actualites\/ce-site-vous-permet-de-parcourir-instagram-sans-compte\/#primaryimage\",\"url\":\"https:\/\/vieassociative.be\/actualites\/wp-content\/uploads\/2025\/07\/1752844661_Ce-site-vous-permet-de-parcourir-Instagram-sans-compte.png\",\"contentUrl\":\"https:\/\/vieassociative.be\/actualites\/wp-content\/uploads\/2025\/07\/1752844661_Ce-site-vous-permet-de-parcourir-Instagram-sans-compte.png\",\"width\":1200,\"height\":675,\"caption\":\"Ce site vous permet de parcourir Instagram sans compte\"},{\"@type\":\"BreadcrumbList\",\"@id\":\"https:\/\/vieassociative.be\/actualites\/ce-site-vous-permet-de-parcourir-instagram-sans-compte\/#breadcrumb\",\"itemListElement\":[{\"@type\":\"ListItem\",\"position\":1,\"name\":\"Accueil\",\"item\":\"https:\/\/vieassociative.be\/actualites\/\"},{\"@type\":\"ListItem\",\"position\":2,\"name\":\"Ce site vous permet de parcourir Instagram sans compte\"}]},{\"@type\":\"WebSite\",\"@id\":\"https:\/\/vieassociative.be\/actualites\/#website\",\"url\":\"https:\/\/vieassociative.be\/actualites\/\",\"name\":\"Vie Associative\",\"description\":\"\",\"publisher\":{\"@id\":\"https:\/\/vieassociative.be\/actualites\/#organization\"},\"potentialAction\":[{\"@type\":\"SearchAction\",\"target\":{\"@type\":\"EntryPoint\",\"urlTemplate\":\"https:\/\/vieassociative.be\/actualites\/?s={search_term_string}\"},\"query-input\":{\"@type\":\"PropertyValueSpecification\",\"valueRequired\":true,\"valueName\":\"search_term_string\"}}],\"inLanguage\":\"fr-BE\"},{\"@type\":\"Organization\",\"@id\":\"https:\/\/vieassociative.be\/actualites\/#organization\",\"name\":\"Vie Associative\",\"url\":\"https:\/\/vieassociative.be\/actualites\/\",\"logo\":{\"@type\":\"ImageObject\",\"inLanguage\":\"fr-BE\",\"@id\":\"https:\/\/vieassociative.be\/actualites\/#\/schema\/logo\/image\/\",\"url\":\"https:\/\/vieassociative.be\/actualites\/wp-content\/uploads\/2024\/09\/cropped-vieassociative_favicon.ico.png\",\"contentUrl\":\"https:\/\/vieassociative.be\/actualites\/wp-content\/uploads\/2024\/09\/cropped-vieassociative_favicon.ico.png\",\"width\":512,\"height\":512,\"caption\":\"Vie Associative\"},\"image\":{\"@id\":\"https:\/\/vieassociative.be\/actualites\/#\/schema\/logo\/image\/\"}},{\"@type\":\"Person\",\"@id\":\"https:\/\/vieassociative.be\/actualites\/#\/schema\/person\/b87ac4f82f9d4e7b7cec7395b679edc4\",\"name\":\"Julien\",\"image\":{\"@type\":\"ImageObject\",\"inLanguage\":\"fr-BE\",\"@id\":\"https:\/\/vieassociative.be\/actualites\/#\/schema\/person\/image\/\",\"url\":\"https:\/\/vieassociative.be\/actualites\/wp-content\/uploads\/2024\/09\/vie-associative-1-150x150.jpg\",\"contentUrl\":\"https:\/\/vieassociative.be\/actualites\/wp-content\/uploads\/2024\/09\/vie-associative-1-150x150.jpg\",\"caption\":\"Julien\"},\"description\":\"Je suis Julien, r\u00e9dacteur pour Vie Associative. Passionn\u00e9 par le monde associatif depuis plus de 10 ans, j'ai \u00e0 c\u0153ur de partager des histoires inspirantes et de mettre en lumi\u00e8re les initiatives locales. Mon objectif est de sensibiliser et d'encourager l'engagement communautaire \u00e0 travers mes articles.\",\"sameAs\":[\"https:\/\/vieassociative.be\/\"]}]}<\/script>\n<!-- \/ Yoast SEO plugin. -->","yoast_head_json":{"title":"Ce site vous permet de parcourir Instagram sans compte | Vie Associative","robots":{"index":"index","follow":"follow","max-snippet":"max-snippet:-1","max-image-preview":"max-image-preview:large","max-video-preview":"max-video-preview:-1"},"canonical":"https:\/\/vieassociative.be\/actualites\/ce-site-vous-permet-de-parcourir-instagram-sans-compte\/","og_locale":"fr_FR","og_type":"article","og_title":"Ce site vous permet de parcourir Instagram sans compte | Vie Associative","og_description":"Si vous \u00eates m\u00e9ta-avers\u00e9, v\u00e9rifiez-le. Il y a toutes sortes de raisons de ne pas avoir de compte Instagram, d&rsquo;une aversion g\u00e9n\u00e9rale aux m\u00e9dias sociaux","og_url":"https:\/\/vieassociative.be\/actualites\/ce-site-vous-permet-de-parcourir-instagram-sans-compte\/","og_site_name":"Vie Associative","article_published_time":"2025-07-18T13:17:40+00:00","og_image":[{"url":"https:\/\/vieassociative.be\/actualites\/wp-content\/uploads\/2025\/07\/Ce-site-vous-permet-de-parcourir-Instagram-sans-compte.png","type":"","width":"","height":""}],"author":"Julien","twitter_card":"summary_large_image","twitter_misc":{"\u00c9crit par":"Julien","Dur\u00e9e de lecture est.":"2 minutes"},"schema":{"@context":"https:\/\/schema.org","@graph":[{"@type":"Article","@id":"https:\/\/vieassociative.be\/actualites\/ce-site-vous-permet-de-parcourir-instagram-sans-compte\/#article","isPartOf":{"@id":"https:\/\/vieassociative.be\/actualites\/ce-site-vous-permet-de-parcourir-instagram-sans-compte\/"},"author":{"name":"Julien","@id":"https:\/\/vieassociative.be\/actualites\/#\/schema\/person\/b87ac4f82f9d4e7b7cec7395b679edc4"},"headline":"Ce site vous permet de parcourir Instagram sans compte","datePublished":"2025-07-18T13:17:40+00:00","dateModified":"2025-07-18T13:17:40+00:00","mainEntityOfPage":{"@id":"https:\/\/vieassociative.be\/actualites\/ce-site-vous-permet-de-parcourir-instagram-sans-compte\/"},"wordCount":430,"publisher":{"@id":"https:\/\/vieassociative.be\/actualites\/#organization"},"image":{"@id":"https:\/\/vieassociative.be\/actualites\/ce-site-vous-permet-de-parcourir-instagram-sans-compte\/#primaryimage"},"thumbnailUrl":"https:\/\/vieassociative.be\/actualites\/wp-content\/uploads\/2025\/07\/1752844661_Ce-site-vous-permet-de-parcourir-Instagram-sans-compte.png","keywords":["compte","Instagram","parcourir","permet","sans","site","Vous"],"articleSection":["Technologie"],"inLanguage":"fr-BE"},{"@type":"WebPage","@id":"https:\/\/vieassociative.be\/actualites\/ce-site-vous-permet-de-parcourir-instagram-sans-compte\/","url":"https:\/\/vieassociative.be\/actualites\/ce-site-vous-permet-de-parcourir-instagram-sans-compte\/","name":"Ce site vous permet de parcourir Instagram sans compte | Vie Associative","isPartOf":{"@id":"https:\/\/vieassociative.be\/actualites\/#website"},"primaryImageOfPage":{"@id":"https:\/\/vieassociative.be\/actualites\/ce-site-vous-permet-de-parcourir-instagram-sans-compte\/#primaryimage"},"image":{"@id":"https:\/\/vieassociative.be\/actualites\/ce-site-vous-permet-de-parcourir-instagram-sans-compte\/#primaryimage"},"thumbnailUrl":"https:\/\/vieassociative.be\/actualites\/wp-content\/uploads\/2025\/07\/1752844661_Ce-site-vous-permet-de-parcourir-Instagram-sans-compte.png","datePublished":"2025-07-18T13:17:40+00:00","dateModified":"2025-07-18T13:17:40+00:00","breadcrumb":{"@id":"https:\/\/vieassociative.be\/actualites\/ce-site-vous-permet-de-parcourir-instagram-sans-compte\/#breadcrumb"},"inLanguage":"fr-BE","potentialAction":[{"@type":"ReadAction","target":["https:\/\/vieassociative.be\/actualites\/ce-site-vous-permet-de-parcourir-instagram-sans-compte\/"]}]},{"@type":"ImageObject","inLanguage":"fr-BE","@id":"https:\/\/vieassociative.be\/actualites\/ce-site-vous-permet-de-parcourir-instagram-sans-compte\/#primaryimage","url":"https:\/\/vieassociative.be\/actualites\/wp-content\/uploads\/2025\/07\/1752844661_Ce-site-vous-permet-de-parcourir-Instagram-sans-compte.png","contentUrl":"https:\/\/vieassociative.be\/actualites\/wp-content\/uploads\/2025\/07\/1752844661_Ce-site-vous-permet-de-parcourir-Instagram-sans-compte.png","width":1200,"height":675,"caption":"Ce site vous permet de parcourir Instagram sans compte"},{"@type":"BreadcrumbList","@id":"https:\/\/vieassociative.be\/actualites\/ce-site-vous-permet-de-parcourir-instagram-sans-compte\/#breadcrumb","itemListElement":[{"@type":"ListItem","position":1,"name":"Accueil","item":"https:\/\/vieassociative.be\/actualites\/"},{"@type":"ListItem","position":2,"name":"Ce site vous permet de parcourir Instagram sans compte"}]},{"@type":"WebSite","@id":"https:\/\/vieassociative.be\/actualites\/#website","url":"https:\/\/vieassociative.be\/actualites\/","name":"Vie Associative","description":"","publisher":{"@id":"https:\/\/vieassociative.be\/actualites\/#organization"},"potentialAction":[{"@type":"SearchAction","target":{"@type":"EntryPoint","urlTemplate":"https:\/\/vieassociative.be\/actualites\/?s={search_term_string}"},"query-input":{"@type":"PropertyValueSpecification","valueRequired":true,"valueName":"search_term_string"}}],"inLanguage":"fr-BE"},{"@type":"Organization","@id":"https:\/\/vieassociative.be\/actualites\/#organization","name":"Vie Associative","url":"https:\/\/vieassociative.be\/actualites\/","logo":{"@type":"ImageObject","inLanguage":"fr-BE","@id":"https:\/\/vieassociative.be\/actualites\/#\/schema\/logo\/image\/","url":"https:\/\/vieassociative.be\/actualites\/wp-content\/uploads\/2024\/09\/cropped-vieassociative_favicon.ico.png","contentUrl":"https:\/\/vieassociative.be\/actualites\/wp-content\/uploads\/2024\/09\/cropped-vieassociative_favicon.ico.png","width":512,"height":512,"caption":"Vie Associative"},"image":{"@id":"https:\/\/vieassociative.be\/actualites\/#\/schema\/logo\/image\/"}},{"@type":"Person","@id":"https:\/\/vieassociative.be\/actualites\/#\/schema\/person\/b87ac4f82f9d4e7b7cec7395b679edc4","name":"Julien","image":{"@type":"ImageObject","inLanguage":"fr-BE","@id":"https:\/\/vieassociative.be\/actualites\/#\/schema\/person\/image\/","url":"https:\/\/vieassociative.be\/actualites\/wp-content\/uploads\/2024\/09\/vie-associative-1-150x150.jpg","contentUrl":"https:\/\/vieassociative.be\/actualites\/wp-content\/uploads\/2024\/09\/vie-associative-1-150x150.jpg","caption":"Julien"},"description":"Je suis Julien, r\u00e9dacteur pour Vie Associative. Passionn\u00e9 par le monde associatif depuis plus de 10 ans, j'ai \u00e0 c\u0153ur de partager des histoires inspirantes et de mettre en lumi\u00e8re les initiatives locales. Mon objectif est de sensibiliser et d'encourager l'engagement communautaire \u00e0 travers mes articles.","sameAs":["https:\/\/vieassociative.be\/"]}]}},"_links":{"self":[{"href":"https:\/\/vieassociative.be\/actualites\/wp-json\/wp\/v2\/posts\/8838"}],"collection":[{"href":"https:\/\/vieassociative.be\/actualites\/wp-json\/wp\/v2\/posts"}],"about":[{"href":"https:\/\/vieassociative.be\/actualites\/wp-json\/wp\/v2\/types\/post"}],"author":[{"embeddable":true,"href":"https:\/\/vieassociative.be\/actualites\/wp-json\/wp\/v2\/users\/1"}],"replies":[{"embeddable":true,"href":"https:\/\/vieassociative.be\/actualites\/wp-json\/wp\/v2\/comments?post=8838"}],"version-history":[{"count":0,"href":"https:\/\/vieassociative.be\/actualites\/wp-json\/wp\/v2\/posts\/8838\/revisions"}],"wp:featuredmedia":[{"embeddable":true,"href":"https:\/\/vieassociative.be\/actualites\/wp-json\/wp\/v2\/media\/8839"}],"wp:attachment":[{"href":"https:\/\/vieassociative.be\/actualites\/wp-json\/wp\/v2\/media?parent=8838"}],"wp:term":[{"taxonomy":"category","embeddable":true,"href":"https:\/\/vieassociative.be\/actualites\/wp-json\/wp\/v2\/categories?post=8838"},{"taxonomy":"post_tag","embeddable":true,"href":"https:\/\/vieassociative.be\/actualites\/wp-json\/wp\/v2\/tags?post=8838"}],"curies":[{"name":"wp","href":"https:\/\/api.w.org\/{rel}","templated":true}]}}