{"id":8836,"date":"2025-07-18T10:17:05","date_gmt":"2025-07-18T08:17:05","guid":{"rendered":"https:\/\/vieassociative.be\/actualites\/une-autre-chirurgie-de-la-hanche-a-la-legende-du-velo-belge-eddy-merckx\/"},"modified":"2025-07-18T10:17:05","modified_gmt":"2025-07-18T08:17:05","slug":"une-autre-chirurgie-de-la-hanche-a-la-legende-du-velo-belge-eddy-merckx","status":"publish","type":"post","link":"https:\/\/vieassociative.be\/actualites\/une-autre-chirurgie-de-la-hanche-a-la-legende-du-velo-belge-eddy-merckx\/","title":{"rendered":"Une autre chirurgie de la hanche \u00e0 la l\u00e9gende du v\u00e9lo belge Eddy Merckx"},"content":{"rendered":"<p><strong>L&rsquo;idole cyclable de la Belgique Eddy Merckx provoque toujours la hanche. Une autre intervention chirurgicale aide le joueur de 80 ans.<\/strong><\/p>\n<p><span id=\"more-420224\"><\/span>La l\u00e9gende du cyclisme de la Belgique Eddy Merckx (80 ans) a d\u00fb faire \u00e0 nouveau une op\u00e9ration de la hanche dans un h\u00f4pital d&rsquo;Anvers. Selon le diffuseur de t\u00e9l\u00e9vision belge Sporza, il y aurait des complications avec une proth\u00e8se de la hanche. Le vainqueur des cinq temps du Tour de France avait subi une pause au cou \u00e0 la fin de l&rsquo;ann\u00e9e derni\u00e8re apr\u00e8s une s\u00e9ance d&rsquo;entra\u00eenement en v\u00e9lo.<\/p>\n<p><strong>&#8211; 525 victoires de 1965 \u00e0 1977:<\/strong> Merckx a remport\u00e9 525 victoires au cours de sa carri\u00e8re de 1965 \u00e0 1977, a remport\u00e9 le Tour de France et Giro d&rsquo;Italia \u00e0 cinq reprises, est devenu trois fois champion du monde professionnel, a r\u00e9colt\u00e9 des victoires classiques en rang\u00e9es et \u00e9tabli un record du monde horaire. (DPA)<\/p>\n<p><em><strong>Sur le sujet, voir \u00e9galement l&rsquo;article suivant sur OD:<\/strong><\/em><\/p>\n<div class=\"responsive-embed widescreen\">\n<blockquote class=\"wp-embedded-content\" data-secret=\"Zcol8HBlJS\">\n<p>13 juillet 1975: Eddy Merckx a subi sa plus grande d\u00e9faite au Tour de France il y a 50 ans (vid\u00e9o)<\/p>\n<\/blockquote>\n<p><iframe loading=\"lazy\" class=\"wp-embedded-content\" sandbox=\"allow-scripts\" security=\"restricted\" style=\"position: absolute; visibility: hidden;\" title=\"\u201e13. Juli 1975: Vor 50 Jahren erlitt Eddy Merckx bei der Tour de France seine gr\u00f6\u00dfte Niederlage (VIDEO)\u201c \u2014 Ostbelgien Direkt\" src=\"https:\/\/ostbelgiendirekt.be\/about:blank\" data-secret=\"Zcol8HBlJS\" width=\"500\" height=\"282\" frameborder=\"0\" marginwidth=\"0\" marginheight=\"0\" scrolling=\"no\" data-rocket-lazyload=\"fitvidscompatible\" data-lazy-src=\"https:\/\/ostbelgiendirekt.be\/merckx-groesste-niederlage-419967\/embed#?secret=J0eqGR2w6x#?secret=Zcol8HBlJS\"><\/iframe><noscript><iframe class=\"wp-embedded-content\" sandbox=\"allow-scripts\" security=\"restricted\" style=\"position: absolute; visibility: hidden;\" title=\"\u201e13. Juli 1975: Vor 50 Jahren erlitt Eddy Merckx bei der Tour de France seine gr\u00f6\u00dfte Niederlage (VIDEO)\u201c \u2014 Ostbelgien Direkt\" src=\"https:\/\/ostbelgiendirekt.be\/merckx-groesste-niederlage-419967\/embed#?secret=J0eqGR2w6x#?secret=Zcol8HBlJS\" data-secret=\"Zcol8HBlJS\" width=\"500\" height=\"282\" frameborder=\"0\" marginwidth=\"0\" marginheight=\"0\" scrolling=\"no\"><\/iframe><\/noscript><\/p>\n<\/div>\n","protected":false},"excerpt":{"rendered":"<p>L&rsquo;idole cyclable de la Belgique Eddy Merckx provoque toujours la hanche. Une autre intervention chirurgicale aide le joueur de 80 ans. La l\u00e9gende du cyclisme<\/p>\n","protected":false},"author":1,"featured_media":8837,"comment_status":"","ping_status":"","sticky":false,"template":"","format":"standard","meta":{"footnotes":""},"categories":[298],"tags":[3090,410,7798,4097,7799,4414,4098,110,921],"class_list":["post-8836","post","type-post","status-publish","format-standard","has-post-thumbnail","hentry","category-belgique","tag-autre","tag-belge","tag-chirurgie","tag-eddy","tag-hanche","tag-legende","tag-merckx","tag-une","tag-velo","generate-columns","tablet-grid-50","mobile-grid-100","grid-parent","grid-33"],"yoast_head":"<!-- This site is optimized with the Yoast SEO plugin v24.0 - https:\/\/yoast.com\/wordpress\/plugins\/seo\/ -->\n<title>Une autre chirurgie de la hanche \u00e0 la l\u00e9gende du v\u00e9lo belge Eddy Merckx | Vie Associative<\/title>\n<meta name=\"robots\" content=\"index, follow, max-snippet:-1, max-image-preview:large, max-video-preview:-1\" \/>\n<link rel=\"canonical\" href=\"https:\/\/vieassociative.be\/actualites\/une-autre-chirurgie-de-la-hanche-a-la-legende-du-velo-belge-eddy-merckx\/\" \/>\n<meta property=\"og:locale\" content=\"fr_FR\" \/>\n<meta property=\"og:type\" content=\"article\" \/>\n<meta property=\"og:title\" content=\"Une autre chirurgie de la hanche \u00e0 la l\u00e9gende du v\u00e9lo belge Eddy Merckx | Vie Associative\" \/>\n<meta property=\"og:description\" content=\"L&rsquo;idole cyclable de la Belgique Eddy Merckx provoque toujours la hanche. Une autre intervention chirurgicale aide le joueur de 80 ans. La l\u00e9gende du cyclisme\" \/>\n<meta property=\"og:url\" content=\"https:\/\/vieassociative.be\/actualites\/une-autre-chirurgie-de-la-hanche-a-la-legende-du-velo-belge-eddy-merckx\/\" \/>\n<meta property=\"og:site_name\" content=\"Vie Associative\" \/>\n<meta property=\"article:published_time\" content=\"2025-07-18T08:17:05+00:00\" \/>\n<meta property=\"og:image\" content=\"https:\/\/vieassociative.be\/actualites\/wp-content\/uploads\/2024\/09\/header_backgroundk-01-e1726694325946.png\" \/>\n\t<meta property=\"og:image:width\" content=\"279\" \/>\n\t<meta property=\"og:image:height\" content=\"92\" \/>\n\t<meta property=\"og:image:type\" content=\"image\/png\" \/>\n<meta name=\"author\" content=\"Julien\" \/>\n<meta name=\"twitter:card\" content=\"summary_large_image\" \/>\n<meta name=\"twitter:label1\" content=\"\u00c9crit par\" \/>\n\t<meta name=\"twitter:data1\" content=\"Julien\" \/>\n\t<meta name=\"twitter:label2\" content=\"Dur\u00e9e de lecture est.\" \/>\n\t<meta name=\"twitter:data2\" content=\"1 minute\" \/>\n<script type=\"application\/ld+json\" class=\"yoast-schema-graph\">{\"@context\":\"https:\/\/schema.org\",\"@graph\":[{\"@type\":\"Article\",\"@id\":\"https:\/\/vieassociative.be\/actualites\/une-autre-chirurgie-de-la-hanche-a-la-legende-du-velo-belge-eddy-merckx\/#article\",\"isPartOf\":{\"@id\":\"https:\/\/vieassociative.be\/actualites\/une-autre-chirurgie-de-la-hanche-a-la-legende-du-velo-belge-eddy-merckx\/\"},\"author\":{\"name\":\"Julien\",\"@id\":\"https:\/\/vieassociative.be\/actualites\/#\/schema\/person\/b87ac4f82f9d4e7b7cec7395b679edc4\"},\"headline\":\"Une autre chirurgie de la hanche \u00e0 la l\u00e9gende du v\u00e9lo belge Eddy Merckx\",\"datePublished\":\"2025-07-18T08:17:05+00:00\",\"dateModified\":\"2025-07-18T08:17:05+00:00\",\"mainEntityOfPage\":{\"@id\":\"https:\/\/vieassociative.be\/actualites\/une-autre-chirurgie-de-la-hanche-a-la-legende-du-velo-belge-eddy-merckx\/\"},\"wordCount\":199,\"publisher\":{\"@id\":\"https:\/\/vieassociative.be\/actualites\/#organization\"},\"image\":{\"@id\":\"https:\/\/vieassociative.be\/actualites\/une-autre-chirurgie-de-la-hanche-a-la-legende-du-velo-belge-eddy-merckx\/#primaryimage\"},\"thumbnailUrl\":\"https:\/\/vieassociative.be\/actualites\/wp-content\/uploads\/2025\/07\/Une-autre-chirurgie-de-la-hanche-a-la-legende-du.jpeg\",\"keywords\":[\"autre\",\"belge\",\"chirurgie\",\"Eddy\",\"hanche\",\"l\u00e9gende\",\"Merckx\",\"une\",\"v\u00e9lo\"],\"articleSection\":[\"Belgique\"],\"inLanguage\":\"fr-BE\"},{\"@type\":\"WebPage\",\"@id\":\"https:\/\/vieassociative.be\/actualites\/une-autre-chirurgie-de-la-hanche-a-la-legende-du-velo-belge-eddy-merckx\/\",\"url\":\"https:\/\/vieassociative.be\/actualites\/une-autre-chirurgie-de-la-hanche-a-la-legende-du-velo-belge-eddy-merckx\/\",\"name\":\"Une autre chirurgie de la hanche \u00e0 la l\u00e9gende du v\u00e9lo belge Eddy Merckx | Vie Associative\",\"isPartOf\":{\"@id\":\"https:\/\/vieassociative.be\/actualites\/#website\"},\"primaryImageOfPage\":{\"@id\":\"https:\/\/vieassociative.be\/actualites\/une-autre-chirurgie-de-la-hanche-a-la-legende-du-velo-belge-eddy-merckx\/#primaryimage\"},\"image\":{\"@id\":\"https:\/\/vieassociative.be\/actualites\/une-autre-chirurgie-de-la-hanche-a-la-legende-du-velo-belge-eddy-merckx\/#primaryimage\"},\"thumbnailUrl\":\"https:\/\/vieassociative.be\/actualites\/wp-content\/uploads\/2025\/07\/Une-autre-chirurgie-de-la-hanche-a-la-legende-du.jpeg\",\"datePublished\":\"2025-07-18T08:17:05+00:00\",\"dateModified\":\"2025-07-18T08:17:05+00:00\",\"breadcrumb\":{\"@id\":\"https:\/\/vieassociative.be\/actualites\/une-autre-chirurgie-de-la-hanche-a-la-legende-du-velo-belge-eddy-merckx\/#breadcrumb\"},\"inLanguage\":\"fr-BE\",\"potentialAction\":[{\"@type\":\"ReadAction\",\"target\":[\"https:\/\/vieassociative.be\/actualites\/une-autre-chirurgie-de-la-hanche-a-la-legende-du-velo-belge-eddy-merckx\/\"]}]},{\"@type\":\"ImageObject\",\"inLanguage\":\"fr-BE\",\"@id\":\"https:\/\/vieassociative.be\/actualites\/une-autre-chirurgie-de-la-hanche-a-la-legende-du-velo-belge-eddy-merckx\/#primaryimage\",\"url\":\"https:\/\/vieassociative.be\/actualites\/wp-content\/uploads\/2025\/07\/Une-autre-chirurgie-de-la-hanche-a-la-legende-du.jpeg\",\"contentUrl\":\"https:\/\/vieassociative.be\/actualites\/wp-content\/uploads\/2025\/07\/Une-autre-chirurgie-de-la-hanche-a-la-legende-du.jpeg\",\"width\":852,\"height\":1200,\"caption\":\"Une autre chirurgie de la hanche \u00e0 la l\u00e9gende du v\u00e9lo belge Eddy Merckx\"},{\"@type\":\"BreadcrumbList\",\"@id\":\"https:\/\/vieassociative.be\/actualites\/une-autre-chirurgie-de-la-hanche-a-la-legende-du-velo-belge-eddy-merckx\/#breadcrumb\",\"itemListElement\":[{\"@type\":\"ListItem\",\"position\":1,\"name\":\"Accueil\",\"item\":\"https:\/\/vieassociative.be\/actualites\/\"},{\"@type\":\"ListItem\",\"position\":2,\"name\":\"Une autre chirurgie de la hanche \u00e0 la l\u00e9gende du v\u00e9lo belge Eddy Merckx\"}]},{\"@type\":\"WebSite\",\"@id\":\"https:\/\/vieassociative.be\/actualites\/#website\",\"url\":\"https:\/\/vieassociative.be\/actualites\/\",\"name\":\"Vie Associative\",\"description\":\"\",\"publisher\":{\"@id\":\"https:\/\/vieassociative.be\/actualites\/#organization\"},\"potentialAction\":[{\"@type\":\"SearchAction\",\"target\":{\"@type\":\"EntryPoint\",\"urlTemplate\":\"https:\/\/vieassociative.be\/actualites\/?s={search_term_string}\"},\"query-input\":{\"@type\":\"PropertyValueSpecification\",\"valueRequired\":true,\"valueName\":\"search_term_string\"}}],\"inLanguage\":\"fr-BE\"},{\"@type\":\"Organization\",\"@id\":\"https:\/\/vieassociative.be\/actualites\/#organization\",\"name\":\"Vie Associative\",\"url\":\"https:\/\/vieassociative.be\/actualites\/\",\"logo\":{\"@type\":\"ImageObject\",\"inLanguage\":\"fr-BE\",\"@id\":\"https:\/\/vieassociative.be\/actualites\/#\/schema\/logo\/image\/\",\"url\":\"https:\/\/vieassociative.be\/actualites\/wp-content\/uploads\/2024\/09\/cropped-vieassociative_favicon.ico.png\",\"contentUrl\":\"https:\/\/vieassociative.be\/actualites\/wp-content\/uploads\/2024\/09\/cropped-vieassociative_favicon.ico.png\",\"width\":512,\"height\":512,\"caption\":\"Vie Associative\"},\"image\":{\"@id\":\"https:\/\/vieassociative.be\/actualites\/#\/schema\/logo\/image\/\"}},{\"@type\":\"Person\",\"@id\":\"https:\/\/vieassociative.be\/actualites\/#\/schema\/person\/b87ac4f82f9d4e7b7cec7395b679edc4\",\"name\":\"Julien\",\"image\":{\"@type\":\"ImageObject\",\"inLanguage\":\"fr-BE\",\"@id\":\"https:\/\/vieassociative.be\/actualites\/#\/schema\/person\/image\/\",\"url\":\"https:\/\/vieassociative.be\/actualites\/wp-content\/uploads\/2024\/09\/vie-associative-1-150x150.jpg\",\"contentUrl\":\"https:\/\/vieassociative.be\/actualites\/wp-content\/uploads\/2024\/09\/vie-associative-1-150x150.jpg\",\"caption\":\"Julien\"},\"description\":\"Je suis Julien, r\u00e9dacteur pour Vie Associative. Passionn\u00e9 par le monde associatif depuis plus de 10 ans, j'ai \u00e0 c\u0153ur de partager des histoires inspirantes et de mettre en lumi\u00e8re les initiatives locales. Mon objectif est de sensibiliser et d'encourager l'engagement communautaire \u00e0 travers mes articles.\",\"sameAs\":[\"https:\/\/vieassociative.be\/\"]}]}<\/script>\n<!-- \/ Yoast SEO plugin. -->","yoast_head_json":{"title":"Une autre chirurgie de la hanche \u00e0 la l\u00e9gende du v\u00e9lo belge Eddy Merckx | Vie Associative","robots":{"index":"index","follow":"follow","max-snippet":"max-snippet:-1","max-image-preview":"max-image-preview:large","max-video-preview":"max-video-preview:-1"},"canonical":"https:\/\/vieassociative.be\/actualites\/une-autre-chirurgie-de-la-hanche-a-la-legende-du-velo-belge-eddy-merckx\/","og_locale":"fr_FR","og_type":"article","og_title":"Une autre chirurgie de la hanche \u00e0 la l\u00e9gende du v\u00e9lo belge Eddy Merckx | Vie Associative","og_description":"L&rsquo;idole cyclable de la Belgique Eddy Merckx provoque toujours la hanche. Une autre intervention chirurgicale aide le joueur de 80 ans. La l\u00e9gende du cyclisme","og_url":"https:\/\/vieassociative.be\/actualites\/une-autre-chirurgie-de-la-hanche-a-la-legende-du-velo-belge-eddy-merckx\/","og_site_name":"Vie Associative","article_published_time":"2025-07-18T08:17:05+00:00","og_image":[{"width":279,"height":92,"url":"https:\/\/vieassociative.be\/actualites\/wp-content\/uploads\/2024\/09\/header_backgroundk-01-e1726694325946.png","type":"image\/png"}],"author":"Julien","twitter_card":"summary_large_image","twitter_misc":{"\u00c9crit par":"Julien","Dur\u00e9e de lecture est.":"1 minute"},"schema":{"@context":"https:\/\/schema.org","@graph":[{"@type":"Article","@id":"https:\/\/vieassociative.be\/actualites\/une-autre-chirurgie-de-la-hanche-a-la-legende-du-velo-belge-eddy-merckx\/#article","isPartOf":{"@id":"https:\/\/vieassociative.be\/actualites\/une-autre-chirurgie-de-la-hanche-a-la-legende-du-velo-belge-eddy-merckx\/"},"author":{"name":"Julien","@id":"https:\/\/vieassociative.be\/actualites\/#\/schema\/person\/b87ac4f82f9d4e7b7cec7395b679edc4"},"headline":"Une autre chirurgie de la hanche \u00e0 la l\u00e9gende du v\u00e9lo belge Eddy Merckx","datePublished":"2025-07-18T08:17:05+00:00","dateModified":"2025-07-18T08:17:05+00:00","mainEntityOfPage":{"@id":"https:\/\/vieassociative.be\/actualites\/une-autre-chirurgie-de-la-hanche-a-la-legende-du-velo-belge-eddy-merckx\/"},"wordCount":199,"publisher":{"@id":"https:\/\/vieassociative.be\/actualites\/#organization"},"image":{"@id":"https:\/\/vieassociative.be\/actualites\/une-autre-chirurgie-de-la-hanche-a-la-legende-du-velo-belge-eddy-merckx\/#primaryimage"},"thumbnailUrl":"https:\/\/vieassociative.be\/actualites\/wp-content\/uploads\/2025\/07\/Une-autre-chirurgie-de-la-hanche-a-la-legende-du.jpeg","keywords":["autre","belge","chirurgie","Eddy","hanche","l\u00e9gende","Merckx","une","v\u00e9lo"],"articleSection":["Belgique"],"inLanguage":"fr-BE"},{"@type":"WebPage","@id":"https:\/\/vieassociative.be\/actualites\/une-autre-chirurgie-de-la-hanche-a-la-legende-du-velo-belge-eddy-merckx\/","url":"https:\/\/vieassociative.be\/actualites\/une-autre-chirurgie-de-la-hanche-a-la-legende-du-velo-belge-eddy-merckx\/","name":"Une autre chirurgie de la hanche \u00e0 la l\u00e9gende du v\u00e9lo belge Eddy Merckx | Vie Associative","isPartOf":{"@id":"https:\/\/vieassociative.be\/actualites\/#website"},"primaryImageOfPage":{"@id":"https:\/\/vieassociative.be\/actualites\/une-autre-chirurgie-de-la-hanche-a-la-legende-du-velo-belge-eddy-merckx\/#primaryimage"},"image":{"@id":"https:\/\/vieassociative.be\/actualites\/une-autre-chirurgie-de-la-hanche-a-la-legende-du-velo-belge-eddy-merckx\/#primaryimage"},"thumbnailUrl":"https:\/\/vieassociative.be\/actualites\/wp-content\/uploads\/2025\/07\/Une-autre-chirurgie-de-la-hanche-a-la-legende-du.jpeg","datePublished":"2025-07-18T08:17:05+00:00","dateModified":"2025-07-18T08:17:05+00:00","breadcrumb":{"@id":"https:\/\/vieassociative.be\/actualites\/une-autre-chirurgie-de-la-hanche-a-la-legende-du-velo-belge-eddy-merckx\/#breadcrumb"},"inLanguage":"fr-BE","potentialAction":[{"@type":"ReadAction","target":["https:\/\/vieassociative.be\/actualites\/une-autre-chirurgie-de-la-hanche-a-la-legende-du-velo-belge-eddy-merckx\/"]}]},{"@type":"ImageObject","inLanguage":"fr-BE","@id":"https:\/\/vieassociative.be\/actualites\/une-autre-chirurgie-de-la-hanche-a-la-legende-du-velo-belge-eddy-merckx\/#primaryimage","url":"https:\/\/vieassociative.be\/actualites\/wp-content\/uploads\/2025\/07\/Une-autre-chirurgie-de-la-hanche-a-la-legende-du.jpeg","contentUrl":"https:\/\/vieassociative.be\/actualites\/wp-content\/uploads\/2025\/07\/Une-autre-chirurgie-de-la-hanche-a-la-legende-du.jpeg","width":852,"height":1200,"caption":"Une autre chirurgie de la hanche \u00e0 la l\u00e9gende du v\u00e9lo belge Eddy Merckx"},{"@type":"BreadcrumbList","@id":"https:\/\/vieassociative.be\/actualites\/une-autre-chirurgie-de-la-hanche-a-la-legende-du-velo-belge-eddy-merckx\/#breadcrumb","itemListElement":[{"@type":"ListItem","position":1,"name":"Accueil","item":"https:\/\/vieassociative.be\/actualites\/"},{"@type":"ListItem","position":2,"name":"Une autre chirurgie de la hanche \u00e0 la l\u00e9gende du v\u00e9lo belge Eddy Merckx"}]},{"@type":"WebSite","@id":"https:\/\/vieassociative.be\/actualites\/#website","url":"https:\/\/vieassociative.be\/actualites\/","name":"Vie Associative","description":"","publisher":{"@id":"https:\/\/vieassociative.be\/actualites\/#organization"},"potentialAction":[{"@type":"SearchAction","target":{"@type":"EntryPoint","urlTemplate":"https:\/\/vieassociative.be\/actualites\/?s={search_term_string}"},"query-input":{"@type":"PropertyValueSpecification","valueRequired":true,"valueName":"search_term_string"}}],"inLanguage":"fr-BE"},{"@type":"Organization","@id":"https:\/\/vieassociative.be\/actualites\/#organization","name":"Vie Associative","url":"https:\/\/vieassociative.be\/actualites\/","logo":{"@type":"ImageObject","inLanguage":"fr-BE","@id":"https:\/\/vieassociative.be\/actualites\/#\/schema\/logo\/image\/","url":"https:\/\/vieassociative.be\/actualites\/wp-content\/uploads\/2024\/09\/cropped-vieassociative_favicon.ico.png","contentUrl":"https:\/\/vieassociative.be\/actualites\/wp-content\/uploads\/2024\/09\/cropped-vieassociative_favicon.ico.png","width":512,"height":512,"caption":"Vie Associative"},"image":{"@id":"https:\/\/vieassociative.be\/actualites\/#\/schema\/logo\/image\/"}},{"@type":"Person","@id":"https:\/\/vieassociative.be\/actualites\/#\/schema\/person\/b87ac4f82f9d4e7b7cec7395b679edc4","name":"Julien","image":{"@type":"ImageObject","inLanguage":"fr-BE","@id":"https:\/\/vieassociative.be\/actualites\/#\/schema\/person\/image\/","url":"https:\/\/vieassociative.be\/actualites\/wp-content\/uploads\/2024\/09\/vie-associative-1-150x150.jpg","contentUrl":"https:\/\/vieassociative.be\/actualites\/wp-content\/uploads\/2024\/09\/vie-associative-1-150x150.jpg","caption":"Julien"},"description":"Je suis Julien, r\u00e9dacteur pour Vie Associative. Passionn\u00e9 par le monde associatif depuis plus de 10 ans, j'ai \u00e0 c\u0153ur de partager des histoires inspirantes et de mettre en lumi\u00e8re les initiatives locales. Mon objectif est de sensibiliser et d'encourager l'engagement communautaire \u00e0 travers mes articles.","sameAs":["https:\/\/vieassociative.be\/"]}]}},"_links":{"self":[{"href":"https:\/\/vieassociative.be\/actualites\/wp-json\/wp\/v2\/posts\/8836"}],"collection":[{"href":"https:\/\/vieassociative.be\/actualites\/wp-json\/wp\/v2\/posts"}],"about":[{"href":"https:\/\/vieassociative.be\/actualites\/wp-json\/wp\/v2\/types\/post"}],"author":[{"embeddable":true,"href":"https:\/\/vieassociative.be\/actualites\/wp-json\/wp\/v2\/users\/1"}],"replies":[{"embeddable":true,"href":"https:\/\/vieassociative.be\/actualites\/wp-json\/wp\/v2\/comments?post=8836"}],"version-history":[{"count":0,"href":"https:\/\/vieassociative.be\/actualites\/wp-json\/wp\/v2\/posts\/8836\/revisions"}],"wp:featuredmedia":[{"embeddable":true,"href":"https:\/\/vieassociative.be\/actualites\/wp-json\/wp\/v2\/media\/8837"}],"wp:attachment":[{"href":"https:\/\/vieassociative.be\/actualites\/wp-json\/wp\/v2\/media?parent=8836"}],"wp:term":[{"taxonomy":"category","embeddable":true,"href":"https:\/\/vieassociative.be\/actualites\/wp-json\/wp\/v2\/categories?post=8836"},{"taxonomy":"post_tag","embeddable":true,"href":"https:\/\/vieassociative.be\/actualites\/wp-json\/wp\/v2\/tags?post=8836"}],"curies":[{"name":"wp","href":"https:\/\/api.w.org\/{rel}","templated":true}]}}