{"id":8830,"date":"2025-07-18T07:17:13","date_gmt":"2025-07-18T05:17:13","guid":{"rendered":"https:\/\/vieassociative.be\/actualites\/apple-a-une-derniere-mise-a-jour-de-liphone-avant-ios-26\/"},"modified":"2025-07-18T07:17:13","modified_gmt":"2025-07-18T05:17:13","slug":"apple-a-une-derniere-mise-a-jour-de-liphone-avant-ios-26","status":"publish","type":"post","link":"https:\/\/vieassociative.be\/actualites\/apple-a-une-derniere-mise-a-jour-de-liphone-avant-ios-26\/","title":{"rendered":"Apple a une derni\u00e8re mise \u00e0 jour de l&rsquo;iPhone avant iOS 26"},"content":{"rendered":"<div class=\"mt-4 leading-6 md:mb-8\">iOS 18.6 est plus une question de stabilit\u00e9 que de nouvelles fonctionnalit\u00e9s.<\/div>\n<p><\/p>\n<p>Depuis le WWDC 2025 d\u00e9but juin, la communaut\u00e9 technologique a fait r\u00e9parer son attention sur iOS 26. Il est logique: comme toutes les grandes mises \u00e0 jour logicielles, le nouveau syst\u00e8me d&rsquo;exploitation sera exp\u00e9di\u00e9 avec de grandes fonctionnalit\u00e9s et changements, mais les modifications de cette ann\u00e9e sont plus importantes que la plupart, y compris la refonte du verre liquide d&rsquo;Apple. Mais malgr\u00e9 le hoopla, iOS 26 n&rsquo;est pas la prochaine mise \u00e0 jour \u00e0 venir sur votre iPhone (sauf si vous installez la version b\u00eata, bien s\u00fbr). <\/p>\n<p>Mais m\u00eame si Apple finalise sa grande mise \u00e0 niveau de chute, il travaille par la suite sur une mise \u00e0 jour beaucoup plus petite que vous verrez probablement avant que iOS 26 ne frappe votre appareil: iOS 18.6. <\/p>\n<p>Contrairement \u00e0 iOS 26, iOS 18.6 ne changera pas grand-chose sur votre exp\u00e9rience globale de l&rsquo;iPhone. C&rsquo;est \u00e0 pr\u00e9voir: il s&rsquo;agit de la sixi\u00e8me mise \u00e0 jour majeure d&rsquo;iOS 18, donc il ne reste plus de fonctionnalit\u00e9s qu&rsquo;Apple \u00e0 ajouter. En fait, la seule nouvelle fonctionnalit\u00e9 \u00e0 exp\u00e9dier avec iOS 18.6 s&rsquo;applique exclusivement aux utilisateurs de l&rsquo;UE. Ces utilisateurs trouveront une exp\u00e9rience mise \u00e0 jour lors du t\u00e9l\u00e9chargement des applications et des march\u00e9s d&rsquo;applications \u00e0 partir du Web. (La loi de l&rsquo;UE a forc\u00e9 Apple \u00e0 permettre \u00e0 ce processus de \u00ab\u00a0rel\u00e2che\u00a0\u00bb, tandis que ceux d&rsquo;entre nous en dehors de l&rsquo;Europe sont toujours enferm\u00e9s dans l&rsquo;App Store d&rsquo;Apple.)<\/p>\n<p>Au lieu de grandes balan\u00e7oires, iOS 18.6 semble \u00eatre une question de stabilit\u00e9. Apple semble se concentrer sur l&rsquo;\u00e9crasement des bogues et des probl\u00e8mes existants qui n&rsquo;ont pas \u00e9t\u00e9 trait\u00e9s depuis iOS 18.5, la version actuelle du logiciel de l&rsquo;iPhone. <\/p>\n<h2 id=\"how-to-try-ios-186-early\">Comment essayer iOS 18,6 t\u00f4t<\/h2>\n<p>\u00c0 partir de cette pi\u00e8ce, iOS 18.6 est sur sa troisi\u00e8me version b\u00eata. En tant que tel, il n&rsquo;est pas clair quand Apple pr\u00e9voit de publier officiellement la mise \u00e0 jour, mais il arrivera probablement avant l&rsquo;automne, lorsque la soci\u00e9t\u00e9 pr\u00e9voit d&rsquo;exp\u00e9dier iOS 26 au grand public.<\/p>\n<div class=\"pogoClear relative my-10 border-b-(1.5px) border-t-(1.5px) border-dashed border-black py-5 sm:my-14 sm:border-0 sm:py-0\" data-ga-click data-ga-template=\"News\" data-ga-module=\"openweb_widget\" data-ga-element=\"openweb_scroll\" data-ga-item=\"openweb_scroll_midpage\" x-data=\"{\n         commentsCount: null,\n         hasComments: false,\n         async fetchCommentsCount() {\n             try {\n                 if (window.openweb &amp;&amp; typeof window.openweb.getMessagesCount === 'function') {\n                     this.commentsCount = await window.openweb.getMessagesCount('01K0CB4M8SX224J5XM75GWX7SS');\n                     this.hasComments = this.commentsCount !== null &amp;&amp; this.commentsCount &gt; 0;\n                 }\n             } catch (e) {\n                 console.warn('Failed to fetch comment count:', e);\n             }\n         }\n     }\" x-init=\"fetchCommentsCount()\" x-cloak><\/p>\n<div class=\"absolute top-1\/2 hidden w-full -translate-y-1\/2 border-t-(1.5px) border-dashed border-black sm:block\"><\/div>\n<div class=\"relative flex justify-center\">\n<div class=\"flex max-w-fit items-center gap-x-3 bg-white px-5\">\n<div class=\"relative\">\n                <span class=\"absolute left-1\/2 top-1\/2 -translate-x-1\/2 -translate-y-1\/2 font-akshar text-sm font-medium text-black\" aria-live=\"polite\" x-show=\"hasComments\" x-text=\"commentsCount\"><\/span><\/p>\n<p>                <svg class=\"h-8 w-8 text-black\" role=\"img\" aria-hidden=\"true\">\n                    <use href=\"http:\/\/lifehacker.com\/images\/icons\/spritemap.svg#sprite-chat-bubble\"><\/use>\n                <\/svg>\n            <\/div>\n<p>            <span class=\"text-sm font-medium text-black\"><\/p>\n<p>                Que pensez-vous jusqu&rsquo;\u00e0 pr\u00e9sent?<br \/>\n                <button class=\"ml-1 font-semibold text-brand-green underline hover:text-brand-green-700\" type=\"button\" aria-label=\"Comment section trigger\" onclick=\"window.openweb.scrollToComments('01K0CB4M8SX224J5XM75GWX7SS')\" x-text=\"hasComments ? 'Post a comment.' : 'Be the first to post a comment.'\"><\/button><br \/>\n            <\/span>\n        <\/div>\n<\/p><\/div>\n<\/div>\n<p>Vous pouvez essayer iOS 18.6 d\u00e8s maintenant, si vous le souhaitez, bien que sachez que vous ne remarquerez probablement rien de nouveau. Si vous inscrivez votre compte Apple avec le programme b\u00eata d&rsquo;Apple, vous verrez la version b\u00eata iOS 18.6 <strong>Param\u00e8tres> G\u00e9n\u00e9ral> Mise \u00e0 jour logicielle> Mises \u00e0 jour b\u00eata<\/strong>. Sachez simplement que, comme il s&rsquo;agit d&rsquo;une version b\u00eata, vous ex\u00e9cutez le risque que le logiciel contiendra des bogues et des probl\u00e8mes, m\u00eame si cette mise \u00e0 jour est destin\u00e9e \u00e0 les \u00e9craser. <\/p>\n<p>La vraie version b\u00eata sur laquelle se concentrer, bien s\u00fbr, est iOS 26. Apple devrait publier le premier b\u00eata public pour cette mise \u00e0 jour la semaine prochaine, et quand ils le feront, vous verrez cette mise \u00e0 jour aux c\u00f4t\u00e9s de la version b\u00eata iOS 18.6.  <\/p>\n","protected":false},"excerpt":{"rendered":"<p>iOS 18.6 est plus une question de stabilit\u00e9 que de nouvelles fonctionnalit\u00e9s. Depuis le WWDC 2025 d\u00e9but juin, la communaut\u00e9 technologique a fait r\u00e9parer son<\/p>\n","protected":false},"author":1,"featured_media":8831,"comment_status":"","ping_status":"","sticky":false,"template":"","format":"standard","meta":{"footnotes":""},"categories":[13],"tags":[54,142,139,21,53,2903,2183,110],"class_list":["post-8830","post","type-post","status-publish","format-standard","has-post-thumbnail","hentry","category-technologie","tag-apple","tag-avant","tag-derniere","tag-ios","tag-jour","tag-liphone","tag-mise","tag-une","generate-columns","tablet-grid-50","mobile-grid-100","grid-parent","grid-33"],"yoast_head":"<!-- This site is optimized with the Yoast SEO plugin v24.0 - https:\/\/yoast.com\/wordpress\/plugins\/seo\/ -->\n<title>Apple a une derni\u00e8re mise \u00e0 jour de l&#039;iPhone avant iOS 26 | Vie Associative<\/title>\n<meta name=\"robots\" content=\"index, follow, max-snippet:-1, max-image-preview:large, max-video-preview:-1\" \/>\n<link rel=\"canonical\" href=\"https:\/\/vieassociative.be\/actualites\/apple-a-une-derniere-mise-a-jour-de-liphone-avant-ios-26\/\" \/>\n<meta property=\"og:locale\" content=\"fr_FR\" \/>\n<meta property=\"og:type\" content=\"article\" \/>\n<meta property=\"og:title\" content=\"Apple a une derni\u00e8re mise \u00e0 jour de l&#039;iPhone avant iOS 26 | Vie Associative\" \/>\n<meta property=\"og:description\" content=\"iOS 18.6 est plus une question de stabilit\u00e9 que de nouvelles fonctionnalit\u00e9s. Depuis le WWDC 2025 d\u00e9but juin, la communaut\u00e9 technologique a fait r\u00e9parer son\" \/>\n<meta property=\"og:url\" content=\"https:\/\/vieassociative.be\/actualites\/apple-a-une-derniere-mise-a-jour-de-liphone-avant-ios-26\/\" \/>\n<meta property=\"og:site_name\" content=\"Vie Associative\" \/>\n<meta property=\"article:published_time\" content=\"2025-07-18T05:17:13+00:00\" \/>\n<meta property=\"og:image\" content=\"https:\/\/vieassociative.be\/actualites\/wp-content\/uploads\/2024\/09\/header_backgroundk-01-e1726694325946.png\" \/>\n\t<meta property=\"og:image:width\" content=\"279\" \/>\n\t<meta property=\"og:image:height\" content=\"92\" \/>\n\t<meta property=\"og:image:type\" content=\"image\/png\" \/>\n<meta name=\"author\" content=\"Julien\" \/>\n<meta name=\"twitter:card\" content=\"summary_large_image\" \/>\n<meta name=\"twitter:label1\" content=\"\u00c9crit par\" \/>\n\t<meta name=\"twitter:data1\" content=\"Julien\" \/>\n\t<meta name=\"twitter:label2\" content=\"Dur\u00e9e de lecture est.\" \/>\n\t<meta name=\"twitter:data2\" content=\"2 minutes\" \/>\n<script type=\"application\/ld+json\" class=\"yoast-schema-graph\">{\"@context\":\"https:\/\/schema.org\",\"@graph\":[{\"@type\":\"Article\",\"@id\":\"https:\/\/vieassociative.be\/actualites\/apple-a-une-derniere-mise-a-jour-de-liphone-avant-ios-26\/#article\",\"isPartOf\":{\"@id\":\"https:\/\/vieassociative.be\/actualites\/apple-a-une-derniere-mise-a-jour-de-liphone-avant-ios-26\/\"},\"author\":{\"name\":\"Julien\",\"@id\":\"https:\/\/vieassociative.be\/actualites\/#\/schema\/person\/b87ac4f82f9d4e7b7cec7395b679edc4\"},\"headline\":\"Apple a une derni\u00e8re mise \u00e0 jour de l&rsquo;iPhone avant iOS 26\",\"datePublished\":\"2025-07-18T05:17:13+00:00\",\"dateModified\":\"2025-07-18T05:17:13+00:00\",\"mainEntityOfPage\":{\"@id\":\"https:\/\/vieassociative.be\/actualites\/apple-a-une-derniere-mise-a-jour-de-liphone-avant-ios-26\/\"},\"wordCount\":519,\"publisher\":{\"@id\":\"https:\/\/vieassociative.be\/actualites\/#organization\"},\"image\":{\"@id\":\"https:\/\/vieassociative.be\/actualites\/apple-a-une-derniere-mise-a-jour-de-liphone-avant-ios-26\/#primaryimage\"},\"thumbnailUrl\":\"https:\/\/vieassociative.be\/actualites\/wp-content\/uploads\/2025\/07\/Apple-a-une-derniere-mise-a-jour-de-liPhone-avant.png\",\"keywords\":[\"Apple\",\"avant\",\"derni\u00e8re\",\"iOS\",\"jour\",\"liPhone\",\"mise\",\"une\"],\"articleSection\":[\"Technologie\"],\"inLanguage\":\"fr-BE\"},{\"@type\":\"WebPage\",\"@id\":\"https:\/\/vieassociative.be\/actualites\/apple-a-une-derniere-mise-a-jour-de-liphone-avant-ios-26\/\",\"url\":\"https:\/\/vieassociative.be\/actualites\/apple-a-une-derniere-mise-a-jour-de-liphone-avant-ios-26\/\",\"name\":\"Apple a une derni\u00e8re mise \u00e0 jour de l'iPhone avant iOS 26 | Vie Associative\",\"isPartOf\":{\"@id\":\"https:\/\/vieassociative.be\/actualites\/#website\"},\"primaryImageOfPage\":{\"@id\":\"https:\/\/vieassociative.be\/actualites\/apple-a-une-derniere-mise-a-jour-de-liphone-avant-ios-26\/#primaryimage\"},\"image\":{\"@id\":\"https:\/\/vieassociative.be\/actualites\/apple-a-une-derniere-mise-a-jour-de-liphone-avant-ios-26\/#primaryimage\"},\"thumbnailUrl\":\"https:\/\/vieassociative.be\/actualites\/wp-content\/uploads\/2025\/07\/Apple-a-une-derniere-mise-a-jour-de-liPhone-avant.png\",\"datePublished\":\"2025-07-18T05:17:13+00:00\",\"dateModified\":\"2025-07-18T05:17:13+00:00\",\"breadcrumb\":{\"@id\":\"https:\/\/vieassociative.be\/actualites\/apple-a-une-derniere-mise-a-jour-de-liphone-avant-ios-26\/#breadcrumb\"},\"inLanguage\":\"fr-BE\",\"potentialAction\":[{\"@type\":\"ReadAction\",\"target\":[\"https:\/\/vieassociative.be\/actualites\/apple-a-une-derniere-mise-a-jour-de-liphone-avant-ios-26\/\"]}]},{\"@type\":\"ImageObject\",\"inLanguage\":\"fr-BE\",\"@id\":\"https:\/\/vieassociative.be\/actualites\/apple-a-une-derniere-mise-a-jour-de-liphone-avant-ios-26\/#primaryimage\",\"url\":\"https:\/\/vieassociative.be\/actualites\/wp-content\/uploads\/2025\/07\/Apple-a-une-derniere-mise-a-jour-de-liPhone-avant.png\",\"contentUrl\":\"https:\/\/vieassociative.be\/actualites\/wp-content\/uploads\/2025\/07\/Apple-a-une-derniere-mise-a-jour-de-liPhone-avant.png\",\"width\":1200,\"height\":675,\"caption\":\"Apple a une derni\u00e8re mise \u00e0 jour de l'iPhone avant iOS 26\"},{\"@type\":\"BreadcrumbList\",\"@id\":\"https:\/\/vieassociative.be\/actualites\/apple-a-une-derniere-mise-a-jour-de-liphone-avant-ios-26\/#breadcrumb\",\"itemListElement\":[{\"@type\":\"ListItem\",\"position\":1,\"name\":\"Accueil\",\"item\":\"https:\/\/vieassociative.be\/actualites\/\"},{\"@type\":\"ListItem\",\"position\":2,\"name\":\"Apple a une derni\u00e8re mise \u00e0 jour de l&rsquo;iPhone avant iOS 26\"}]},{\"@type\":\"WebSite\",\"@id\":\"https:\/\/vieassociative.be\/actualites\/#website\",\"url\":\"https:\/\/vieassociative.be\/actualites\/\",\"name\":\"Vie Associative\",\"description\":\"\",\"publisher\":{\"@id\":\"https:\/\/vieassociative.be\/actualites\/#organization\"},\"potentialAction\":[{\"@type\":\"SearchAction\",\"target\":{\"@type\":\"EntryPoint\",\"urlTemplate\":\"https:\/\/vieassociative.be\/actualites\/?s={search_term_string}\"},\"query-input\":{\"@type\":\"PropertyValueSpecification\",\"valueRequired\":true,\"valueName\":\"search_term_string\"}}],\"inLanguage\":\"fr-BE\"},{\"@type\":\"Organization\",\"@id\":\"https:\/\/vieassociative.be\/actualites\/#organization\",\"name\":\"Vie Associative\",\"url\":\"https:\/\/vieassociative.be\/actualites\/\",\"logo\":{\"@type\":\"ImageObject\",\"inLanguage\":\"fr-BE\",\"@id\":\"https:\/\/vieassociative.be\/actualites\/#\/schema\/logo\/image\/\",\"url\":\"https:\/\/vieassociative.be\/actualites\/wp-content\/uploads\/2024\/09\/cropped-vieassociative_favicon.ico.png\",\"contentUrl\":\"https:\/\/vieassociative.be\/actualites\/wp-content\/uploads\/2024\/09\/cropped-vieassociative_favicon.ico.png\",\"width\":512,\"height\":512,\"caption\":\"Vie Associative\"},\"image\":{\"@id\":\"https:\/\/vieassociative.be\/actualites\/#\/schema\/logo\/image\/\"}},{\"@type\":\"Person\",\"@id\":\"https:\/\/vieassociative.be\/actualites\/#\/schema\/person\/b87ac4f82f9d4e7b7cec7395b679edc4\",\"name\":\"Julien\",\"image\":{\"@type\":\"ImageObject\",\"inLanguage\":\"fr-BE\",\"@id\":\"https:\/\/vieassociative.be\/actualites\/#\/schema\/person\/image\/\",\"url\":\"https:\/\/vieassociative.be\/actualites\/wp-content\/uploads\/2024\/09\/vie-associative-1-150x150.jpg\",\"contentUrl\":\"https:\/\/vieassociative.be\/actualites\/wp-content\/uploads\/2024\/09\/vie-associative-1-150x150.jpg\",\"caption\":\"Julien\"},\"description\":\"Je suis Julien, r\u00e9dacteur pour Vie Associative. Passionn\u00e9 par le monde associatif depuis plus de 10 ans, j'ai \u00e0 c\u0153ur de partager des histoires inspirantes et de mettre en lumi\u00e8re les initiatives locales. Mon objectif est de sensibiliser et d'encourager l'engagement communautaire \u00e0 travers mes articles.\",\"sameAs\":[\"https:\/\/vieassociative.be\/\"]}]}<\/script>\n<!-- \/ Yoast SEO plugin. -->","yoast_head_json":{"title":"Apple a une derni\u00e8re mise \u00e0 jour de l'iPhone avant iOS 26 | Vie Associative","robots":{"index":"index","follow":"follow","max-snippet":"max-snippet:-1","max-image-preview":"max-image-preview:large","max-video-preview":"max-video-preview:-1"},"canonical":"https:\/\/vieassociative.be\/actualites\/apple-a-une-derniere-mise-a-jour-de-liphone-avant-ios-26\/","og_locale":"fr_FR","og_type":"article","og_title":"Apple a une derni\u00e8re mise \u00e0 jour de l'iPhone avant iOS 26 | Vie Associative","og_description":"iOS 18.6 est plus une question de stabilit\u00e9 que de nouvelles fonctionnalit\u00e9s. Depuis le WWDC 2025 d\u00e9but juin, la communaut\u00e9 technologique a fait r\u00e9parer son","og_url":"https:\/\/vieassociative.be\/actualites\/apple-a-une-derniere-mise-a-jour-de-liphone-avant-ios-26\/","og_site_name":"Vie Associative","article_published_time":"2025-07-18T05:17:13+00:00","og_image":[{"width":279,"height":92,"url":"https:\/\/vieassociative.be\/actualites\/wp-content\/uploads\/2024\/09\/header_backgroundk-01-e1726694325946.png","type":"image\/png"}],"author":"Julien","twitter_card":"summary_large_image","twitter_misc":{"\u00c9crit par":"Julien","Dur\u00e9e de lecture est.":"2 minutes"},"schema":{"@context":"https:\/\/schema.org","@graph":[{"@type":"Article","@id":"https:\/\/vieassociative.be\/actualites\/apple-a-une-derniere-mise-a-jour-de-liphone-avant-ios-26\/#article","isPartOf":{"@id":"https:\/\/vieassociative.be\/actualites\/apple-a-une-derniere-mise-a-jour-de-liphone-avant-ios-26\/"},"author":{"name":"Julien","@id":"https:\/\/vieassociative.be\/actualites\/#\/schema\/person\/b87ac4f82f9d4e7b7cec7395b679edc4"},"headline":"Apple a une derni\u00e8re mise \u00e0 jour de l&rsquo;iPhone avant iOS 26","datePublished":"2025-07-18T05:17:13+00:00","dateModified":"2025-07-18T05:17:13+00:00","mainEntityOfPage":{"@id":"https:\/\/vieassociative.be\/actualites\/apple-a-une-derniere-mise-a-jour-de-liphone-avant-ios-26\/"},"wordCount":519,"publisher":{"@id":"https:\/\/vieassociative.be\/actualites\/#organization"},"image":{"@id":"https:\/\/vieassociative.be\/actualites\/apple-a-une-derniere-mise-a-jour-de-liphone-avant-ios-26\/#primaryimage"},"thumbnailUrl":"https:\/\/vieassociative.be\/actualites\/wp-content\/uploads\/2025\/07\/Apple-a-une-derniere-mise-a-jour-de-liPhone-avant.png","keywords":["Apple","avant","derni\u00e8re","iOS","jour","liPhone","mise","une"],"articleSection":["Technologie"],"inLanguage":"fr-BE"},{"@type":"WebPage","@id":"https:\/\/vieassociative.be\/actualites\/apple-a-une-derniere-mise-a-jour-de-liphone-avant-ios-26\/","url":"https:\/\/vieassociative.be\/actualites\/apple-a-une-derniere-mise-a-jour-de-liphone-avant-ios-26\/","name":"Apple a une derni\u00e8re mise \u00e0 jour de l'iPhone avant iOS 26 | Vie Associative","isPartOf":{"@id":"https:\/\/vieassociative.be\/actualites\/#website"},"primaryImageOfPage":{"@id":"https:\/\/vieassociative.be\/actualites\/apple-a-une-derniere-mise-a-jour-de-liphone-avant-ios-26\/#primaryimage"},"image":{"@id":"https:\/\/vieassociative.be\/actualites\/apple-a-une-derniere-mise-a-jour-de-liphone-avant-ios-26\/#primaryimage"},"thumbnailUrl":"https:\/\/vieassociative.be\/actualites\/wp-content\/uploads\/2025\/07\/Apple-a-une-derniere-mise-a-jour-de-liPhone-avant.png","datePublished":"2025-07-18T05:17:13+00:00","dateModified":"2025-07-18T05:17:13+00:00","breadcrumb":{"@id":"https:\/\/vieassociative.be\/actualites\/apple-a-une-derniere-mise-a-jour-de-liphone-avant-ios-26\/#breadcrumb"},"inLanguage":"fr-BE","potentialAction":[{"@type":"ReadAction","target":["https:\/\/vieassociative.be\/actualites\/apple-a-une-derniere-mise-a-jour-de-liphone-avant-ios-26\/"]}]},{"@type":"ImageObject","inLanguage":"fr-BE","@id":"https:\/\/vieassociative.be\/actualites\/apple-a-une-derniere-mise-a-jour-de-liphone-avant-ios-26\/#primaryimage","url":"https:\/\/vieassociative.be\/actualites\/wp-content\/uploads\/2025\/07\/Apple-a-une-derniere-mise-a-jour-de-liPhone-avant.png","contentUrl":"https:\/\/vieassociative.be\/actualites\/wp-content\/uploads\/2025\/07\/Apple-a-une-derniere-mise-a-jour-de-liPhone-avant.png","width":1200,"height":675,"caption":"Apple a une derni\u00e8re mise \u00e0 jour de l'iPhone avant iOS 26"},{"@type":"BreadcrumbList","@id":"https:\/\/vieassociative.be\/actualites\/apple-a-une-derniere-mise-a-jour-de-liphone-avant-ios-26\/#breadcrumb","itemListElement":[{"@type":"ListItem","position":1,"name":"Accueil","item":"https:\/\/vieassociative.be\/actualites\/"},{"@type":"ListItem","position":2,"name":"Apple a une derni\u00e8re mise \u00e0 jour de l&rsquo;iPhone avant iOS 26"}]},{"@type":"WebSite","@id":"https:\/\/vieassociative.be\/actualites\/#website","url":"https:\/\/vieassociative.be\/actualites\/","name":"Vie Associative","description":"","publisher":{"@id":"https:\/\/vieassociative.be\/actualites\/#organization"},"potentialAction":[{"@type":"SearchAction","target":{"@type":"EntryPoint","urlTemplate":"https:\/\/vieassociative.be\/actualites\/?s={search_term_string}"},"query-input":{"@type":"PropertyValueSpecification","valueRequired":true,"valueName":"search_term_string"}}],"inLanguage":"fr-BE"},{"@type":"Organization","@id":"https:\/\/vieassociative.be\/actualites\/#organization","name":"Vie Associative","url":"https:\/\/vieassociative.be\/actualites\/","logo":{"@type":"ImageObject","inLanguage":"fr-BE","@id":"https:\/\/vieassociative.be\/actualites\/#\/schema\/logo\/image\/","url":"https:\/\/vieassociative.be\/actualites\/wp-content\/uploads\/2024\/09\/cropped-vieassociative_favicon.ico.png","contentUrl":"https:\/\/vieassociative.be\/actualites\/wp-content\/uploads\/2024\/09\/cropped-vieassociative_favicon.ico.png","width":512,"height":512,"caption":"Vie Associative"},"image":{"@id":"https:\/\/vieassociative.be\/actualites\/#\/schema\/logo\/image\/"}},{"@type":"Person","@id":"https:\/\/vieassociative.be\/actualites\/#\/schema\/person\/b87ac4f82f9d4e7b7cec7395b679edc4","name":"Julien","image":{"@type":"ImageObject","inLanguage":"fr-BE","@id":"https:\/\/vieassociative.be\/actualites\/#\/schema\/person\/image\/","url":"https:\/\/vieassociative.be\/actualites\/wp-content\/uploads\/2024\/09\/vie-associative-1-150x150.jpg","contentUrl":"https:\/\/vieassociative.be\/actualites\/wp-content\/uploads\/2024\/09\/vie-associative-1-150x150.jpg","caption":"Julien"},"description":"Je suis Julien, r\u00e9dacteur pour Vie Associative. Passionn\u00e9 par le monde associatif depuis plus de 10 ans, j'ai \u00e0 c\u0153ur de partager des histoires inspirantes et de mettre en lumi\u00e8re les initiatives locales. Mon objectif est de sensibiliser et d'encourager l'engagement communautaire \u00e0 travers mes articles.","sameAs":["https:\/\/vieassociative.be\/"]}]}},"_links":{"self":[{"href":"https:\/\/vieassociative.be\/actualites\/wp-json\/wp\/v2\/posts\/8830"}],"collection":[{"href":"https:\/\/vieassociative.be\/actualites\/wp-json\/wp\/v2\/posts"}],"about":[{"href":"https:\/\/vieassociative.be\/actualites\/wp-json\/wp\/v2\/types\/post"}],"author":[{"embeddable":true,"href":"https:\/\/vieassociative.be\/actualites\/wp-json\/wp\/v2\/users\/1"}],"replies":[{"embeddable":true,"href":"https:\/\/vieassociative.be\/actualites\/wp-json\/wp\/v2\/comments?post=8830"}],"version-history":[{"count":0,"href":"https:\/\/vieassociative.be\/actualites\/wp-json\/wp\/v2\/posts\/8830\/revisions"}],"wp:featuredmedia":[{"embeddable":true,"href":"https:\/\/vieassociative.be\/actualites\/wp-json\/wp\/v2\/media\/8831"}],"wp:attachment":[{"href":"https:\/\/vieassociative.be\/actualites\/wp-json\/wp\/v2\/media?parent=8830"}],"wp:term":[{"taxonomy":"category","embeddable":true,"href":"https:\/\/vieassociative.be\/actualites\/wp-json\/wp\/v2\/categories?post=8830"},{"taxonomy":"post_tag","embeddable":true,"href":"https:\/\/vieassociative.be\/actualites\/wp-json\/wp\/v2\/tags?post=8830"}],"curies":[{"name":"wp","href":"https:\/\/api.w.org\/{rel}","templated":true}]}}