{"id":8828,"date":"2025-07-18T04:17:27","date_gmt":"2025-07-18T02:17:27","guid":{"rendered":"https:\/\/vieassociative.be\/actualites\/pogacar-remporte-les-premiers-pyrenees-stade-evenepoel-maintient-les-degats-dans-les-limites-lipowitz-impressionnes\/"},"modified":"2025-07-18T04:17:27","modified_gmt":"2025-07-18T02:17:27","slug":"pogacar-remporte-les-premiers-pyrenees-stade-evenepoel-maintient-les-degats-dans-les-limites-lipowitz-impressionnes","status":"publish","type":"post","link":"https:\/\/vieassociative.be\/actualites\/pogacar-remporte-les-premiers-pyrenees-stade-evenepoel-maintient-les-degats-dans-les-limites-lipowitz-impressionnes\/","title":{"rendered":"Pogacar remporte les premiers pyr\u00e9n\u00e9es-stade-evenepoel maintient les d\u00e9g\u00e2ts dans les limites-lipowitz impressionn\u00e9s"},"content":{"rendered":"<p><strong>Le d\u00e9fenseur de la tourn\u00e9e Tadej Pogacar n&rsquo;est pas compl\u00e8tement impressionn\u00e9 et gagne au d\u00e9but de la trilogie Pyrenees de sa chute. Un allemand \u00e9tonne tout le monde.<\/strong><\/p>\n<p><span id=\"more-420329\"><\/span>Tadej Pogacar a repris le maillot jaune lors du 112e Tour de France avec une victoire confiante sur la douzi\u00e8me \u00e9tape. Le champion du monde de v\u00e9lo de 26 ans de Slov\u00e9nie n&rsquo;a pas \u00e9t\u00e9 influenc\u00e9 par sa chute la veille et a clairement pris la t\u00eate globale des Pyr\u00e9n\u00e9es. <\/p>\n<p>Un coup d&rsquo;\u00c9tat a r\u00e9ussi dans le Florian Lipowitz allemand, qui a pris la troisi\u00e8me place de la sc\u00e8ne difficile de la haute montagne et est probablement le plus grand concurrent du Belge Remco Evenepoel dans la lutte pour un podium \u00e0 Paris. L&rsquo;allemand peut m\u00eame \u00eatre dangereux pour le deuxi\u00e8me Vingegaard.<\/p>\n<div id=\"attachment_420334\" class=\"wp-caption alignleft\" style=\"max-width: 300px\"><img fetchpriority=\"high\" decoding=\"async\" class=\"wp-image-420334 size-medium\" src=\"https:\/\/vieassociative.be\/actualites\/wp-content\/uploads\/2025\/07\/Pogacar-remporte-les-premiers-pyrenees-stade-evenepoel-maintient-les-degats-dans-les.jpg\" alt=\"\" width=\"300\" height=\"200\"><\/p>\n<p class=\"wp-caption-text\">17\/07\/2025, France, Hautacam: Florian Lipowitz d&rsquo;Allemagne franchit la ligne d&rsquo;arriv\u00e9e. Photo: Mosa&rsquo;ab Elshamy \/ AP \/ DPA<\/p>\n<\/div>\n<p>Au d\u00e9but de la trilogie Pyrenees, Pogacar a accroch\u00e9 tous les adversaires sur les 180,6 kilom\u00e8tres et a conduit la mont\u00e9e finale seule apr\u00e8s une attaque. <\/p>\n<p>La deuxi\u00e8me place est all\u00e9e \u00e0 son rival permanent danois Jonas Vingegaard, qui avait plus de deux minutes de retard et n&rsquo;avait aucune chance. Lipowitz n&rsquo;\u00e9tait que dix bonnes secondes derri\u00e8re Vingegaard.<\/p>\n<p>C&rsquo;\u00e9tait d\u00e9j\u00e0 le succ\u00e8s du troisi\u00e8me jour de Pogacar lors de cette tourn\u00e9e. Dans le classement g\u00e9n\u00e9ral, le \u00ab\u00a0nouveau cannibale\u00a0\u00bb est \u00e0 une distance de plus de trois minutes d&rsquo;avance sur Vingegaard. Derri\u00e8re cela, Lipowitz, qui a \u00e9loign\u00e9 encore plus d&rsquo;une minute, peut m\u00eame esp\u00e9rer le podium \u00e0 Paris apr\u00e8s sa forte performance. M\u00eame EvenEpoel a \u00e9t\u00e9 laiss\u00e9 \u00e0 un stade pr\u00e9coce, mais a pu maintenir les d\u00e9g\u00e2ts \u00e0 la 7e place sur Hautacam \u00e0 l&rsquo;arriv\u00e9e. Le Belge a m\u00eame conquis le maillot blanc du meilleur jeune conducteur.<\/p>\n<p>Le deuxi\u00e8me examen des Pyrenees est vendredi, en particulier les favoris pour la victoire globale sont \u00e0 nouveau au point. Sur la 13e \u00e9tape, le contre-la-montre exigeant en montagne \u00e0 plus de 10,9 kilom\u00e8tres de Loudenvielle exige beaucoup des professionnels. (DPA \/ CRE)<\/p>\n","protected":false},"excerpt":{"rendered":"<p>Le d\u00e9fenseur de la tourn\u00e9e Tadej Pogacar n&rsquo;est pas compl\u00e8tement impressionn\u00e9 et gagne au d\u00e9but de la trilogie Pyrenees de sa chute. Un allemand \u00e9tonne<\/p>\n","protected":false},"author":1,"featured_media":8829,"comment_status":"","ping_status":"","sticky":false,"template":"","format":"standard","meta":{"footnotes":""},"categories":[298],"tags":[166,3721,7796,14,7795,4584,5976,1400,7794,2809],"class_list":["post-8828","post","type-post","status-publish","format-standard","has-post-thumbnail","hentry","category-belgique","tag-dans","tag-degats","tag-impressionnes","tag-les","tag-limiteslipowitz","tag-maintient","tag-pogacar","tag-premiers","tag-pyreneesstadeevenepoel","tag-remporte","generate-columns","tablet-grid-50","mobile-grid-100","grid-parent","grid-33"],"yoast_head":"<!-- This site is optimized with the Yoast SEO plugin v24.0 - https:\/\/yoast.com\/wordpress\/plugins\/seo\/ -->\n<title>Pogacar remporte les premiers pyr\u00e9n\u00e9es-stade-evenepoel maintient les d\u00e9g\u00e2ts dans les limites-lipowitz impressionn\u00e9s | Vie Associative<\/title>\n<meta name=\"robots\" content=\"index, follow, max-snippet:-1, max-image-preview:large, max-video-preview:-1\" \/>\n<link rel=\"canonical\" href=\"https:\/\/vieassociative.be\/actualites\/pogacar-remporte-les-premiers-pyrenees-stade-evenepoel-maintient-les-degats-dans-les-limites-lipowitz-impressionnes\/\" \/>\n<meta property=\"og:locale\" content=\"fr_FR\" \/>\n<meta property=\"og:type\" content=\"article\" \/>\n<meta property=\"og:title\" content=\"Pogacar remporte les premiers pyr\u00e9n\u00e9es-stade-evenepoel maintient les d\u00e9g\u00e2ts dans les limites-lipowitz impressionn\u00e9s | Vie Associative\" \/>\n<meta property=\"og:description\" content=\"Le d\u00e9fenseur de la tourn\u00e9e Tadej Pogacar n&rsquo;est pas compl\u00e8tement impressionn\u00e9 et gagne au d\u00e9but de la trilogie Pyrenees de sa chute. Un allemand \u00e9tonne\" \/>\n<meta property=\"og:url\" content=\"https:\/\/vieassociative.be\/actualites\/pogacar-remporte-les-premiers-pyrenees-stade-evenepoel-maintient-les-degats-dans-les-limites-lipowitz-impressionnes\/\" \/>\n<meta property=\"og:site_name\" content=\"Vie Associative\" \/>\n<meta property=\"article:published_time\" content=\"2025-07-18T02:17:27+00:00\" \/>\n<meta property=\"og:image\" content=\"https:\/\/vieassociative.be\/actualites\/wp-content\/uploads\/2024\/09\/header_backgroundk-01-e1726694325946.png\" \/>\n\t<meta property=\"og:image:width\" content=\"279\" \/>\n\t<meta property=\"og:image:height\" content=\"92\" \/>\n\t<meta property=\"og:image:type\" content=\"image\/png\" \/>\n<meta name=\"author\" content=\"Julien\" \/>\n<meta name=\"twitter:card\" content=\"summary_large_image\" \/>\n<meta name=\"twitter:label1\" content=\"\u00c9crit par\" \/>\n\t<meta name=\"twitter:data1\" content=\"Julien\" \/>\n\t<meta name=\"twitter:label2\" content=\"Dur\u00e9e de lecture est.\" \/>\n\t<meta name=\"twitter:data2\" content=\"2 minutes\" \/>\n<script type=\"application\/ld+json\" class=\"yoast-schema-graph\">{\"@context\":\"https:\/\/schema.org\",\"@graph\":[{\"@type\":\"Article\",\"@id\":\"https:\/\/vieassociative.be\/actualites\/pogacar-remporte-les-premiers-pyrenees-stade-evenepoel-maintient-les-degats-dans-les-limites-lipowitz-impressionnes\/#article\",\"isPartOf\":{\"@id\":\"https:\/\/vieassociative.be\/actualites\/pogacar-remporte-les-premiers-pyrenees-stade-evenepoel-maintient-les-degats-dans-les-limites-lipowitz-impressionnes\/\"},\"author\":{\"name\":\"Julien\",\"@id\":\"https:\/\/vieassociative.be\/actualites\/#\/schema\/person\/b87ac4f82f9d4e7b7cec7395b679edc4\"},\"headline\":\"Pogacar remporte les premiers pyr\u00e9n\u00e9es-stade-evenepoel maintient les d\u00e9g\u00e2ts dans les limites-lipowitz impressionn\u00e9s\",\"datePublished\":\"2025-07-18T02:17:27+00:00\",\"dateModified\":\"2025-07-18T02:17:27+00:00\",\"mainEntityOfPage\":{\"@id\":\"https:\/\/vieassociative.be\/actualites\/pogacar-remporte-les-premiers-pyrenees-stade-evenepoel-maintient-les-degats-dans-les-limites-lipowitz-impressionnes\/\"},\"wordCount\":391,\"publisher\":{\"@id\":\"https:\/\/vieassociative.be\/actualites\/#organization\"},\"image\":{\"@id\":\"https:\/\/vieassociative.be\/actualites\/pogacar-remporte-les-premiers-pyrenees-stade-evenepoel-maintient-les-degats-dans-les-limites-lipowitz-impressionnes\/#primaryimage\"},\"thumbnailUrl\":\"https:\/\/vieassociative.be\/actualites\/wp-content\/uploads\/2025\/07\/1752805047_Pogacar-remporte-les-premiers-pyrenees-stade-evenepoel-maintient-les-degats-dans-les.jpg\",\"keywords\":[\"dans\",\"d\u00e9g\u00e2ts\",\"impressionn\u00e9s\",\"Les\",\"limiteslipowitz\",\"maintient\",\"Pogacar\",\"premiers\",\"pyr\u00e9n\u00e9esstadeevenepoel\",\"remport\u00e9\"],\"articleSection\":[\"Belgique\"],\"inLanguage\":\"fr-BE\"},{\"@type\":\"WebPage\",\"@id\":\"https:\/\/vieassociative.be\/actualites\/pogacar-remporte-les-premiers-pyrenees-stade-evenepoel-maintient-les-degats-dans-les-limites-lipowitz-impressionnes\/\",\"url\":\"https:\/\/vieassociative.be\/actualites\/pogacar-remporte-les-premiers-pyrenees-stade-evenepoel-maintient-les-degats-dans-les-limites-lipowitz-impressionnes\/\",\"name\":\"Pogacar remporte les premiers pyr\u00e9n\u00e9es-stade-evenepoel maintient les d\u00e9g\u00e2ts dans les limites-lipowitz impressionn\u00e9s | Vie Associative\",\"isPartOf\":{\"@id\":\"https:\/\/vieassociative.be\/actualites\/#website\"},\"primaryImageOfPage\":{\"@id\":\"https:\/\/vieassociative.be\/actualites\/pogacar-remporte-les-premiers-pyrenees-stade-evenepoel-maintient-les-degats-dans-les-limites-lipowitz-impressionnes\/#primaryimage\"},\"image\":{\"@id\":\"https:\/\/vieassociative.be\/actualites\/pogacar-remporte-les-premiers-pyrenees-stade-evenepoel-maintient-les-degats-dans-les-limites-lipowitz-impressionnes\/#primaryimage\"},\"thumbnailUrl\":\"https:\/\/vieassociative.be\/actualites\/wp-content\/uploads\/2025\/07\/1752805047_Pogacar-remporte-les-premiers-pyrenees-stade-evenepoel-maintient-les-degats-dans-les.jpg\",\"datePublished\":\"2025-07-18T02:17:27+00:00\",\"dateModified\":\"2025-07-18T02:17:27+00:00\",\"breadcrumb\":{\"@id\":\"https:\/\/vieassociative.be\/actualites\/pogacar-remporte-les-premiers-pyrenees-stade-evenepoel-maintient-les-degats-dans-les-limites-lipowitz-impressionnes\/#breadcrumb\"},\"inLanguage\":\"fr-BE\",\"potentialAction\":[{\"@type\":\"ReadAction\",\"target\":[\"https:\/\/vieassociative.be\/actualites\/pogacar-remporte-les-premiers-pyrenees-stade-evenepoel-maintient-les-degats-dans-les-limites-lipowitz-impressionnes\/\"]}]},{\"@type\":\"ImageObject\",\"inLanguage\":\"fr-BE\",\"@id\":\"https:\/\/vieassociative.be\/actualites\/pogacar-remporte-les-premiers-pyrenees-stade-evenepoel-maintient-les-degats-dans-les-limites-lipowitz-impressionnes\/#primaryimage\",\"url\":\"https:\/\/vieassociative.be\/actualites\/wp-content\/uploads\/2025\/07\/1752805047_Pogacar-remporte-les-premiers-pyrenees-stade-evenepoel-maintient-les-degats-dans-les.jpg\",\"contentUrl\":\"https:\/\/vieassociative.be\/actualites\/wp-content\/uploads\/2025\/07\/1752805047_Pogacar-remporte-les-premiers-pyrenees-stade-evenepoel-maintient-les-degats-dans-les.jpg\",\"width\":1200,\"height\":800,\"caption\":\"Pogacar remporte les premiers pyr\u00e9n\u00e9es-stade-evenepoel maintient les d\u00e9g\u00e2ts dans les limites-lipowitz impressionn\u00e9s\"},{\"@type\":\"BreadcrumbList\",\"@id\":\"https:\/\/vieassociative.be\/actualites\/pogacar-remporte-les-premiers-pyrenees-stade-evenepoel-maintient-les-degats-dans-les-limites-lipowitz-impressionnes\/#breadcrumb\",\"itemListElement\":[{\"@type\":\"ListItem\",\"position\":1,\"name\":\"Accueil\",\"item\":\"https:\/\/vieassociative.be\/actualites\/\"},{\"@type\":\"ListItem\",\"position\":2,\"name\":\"Pogacar remporte les premiers pyr\u00e9n\u00e9es-stade-evenepoel maintient les d\u00e9g\u00e2ts dans les limites-lipowitz impressionn\u00e9s\"}]},{\"@type\":\"WebSite\",\"@id\":\"https:\/\/vieassociative.be\/actualites\/#website\",\"url\":\"https:\/\/vieassociative.be\/actualites\/\",\"name\":\"Vie Associative\",\"description\":\"\",\"publisher\":{\"@id\":\"https:\/\/vieassociative.be\/actualites\/#organization\"},\"potentialAction\":[{\"@type\":\"SearchAction\",\"target\":{\"@type\":\"EntryPoint\",\"urlTemplate\":\"https:\/\/vieassociative.be\/actualites\/?s={search_term_string}\"},\"query-input\":{\"@type\":\"PropertyValueSpecification\",\"valueRequired\":true,\"valueName\":\"search_term_string\"}}],\"inLanguage\":\"fr-BE\"},{\"@type\":\"Organization\",\"@id\":\"https:\/\/vieassociative.be\/actualites\/#organization\",\"name\":\"Vie Associative\",\"url\":\"https:\/\/vieassociative.be\/actualites\/\",\"logo\":{\"@type\":\"ImageObject\",\"inLanguage\":\"fr-BE\",\"@id\":\"https:\/\/vieassociative.be\/actualites\/#\/schema\/logo\/image\/\",\"url\":\"https:\/\/vieassociative.be\/actualites\/wp-content\/uploads\/2024\/09\/cropped-vieassociative_favicon.ico.png\",\"contentUrl\":\"https:\/\/vieassociative.be\/actualites\/wp-content\/uploads\/2024\/09\/cropped-vieassociative_favicon.ico.png\",\"width\":512,\"height\":512,\"caption\":\"Vie Associative\"},\"image\":{\"@id\":\"https:\/\/vieassociative.be\/actualites\/#\/schema\/logo\/image\/\"}},{\"@type\":\"Person\",\"@id\":\"https:\/\/vieassociative.be\/actualites\/#\/schema\/person\/b87ac4f82f9d4e7b7cec7395b679edc4\",\"name\":\"Julien\",\"image\":{\"@type\":\"ImageObject\",\"inLanguage\":\"fr-BE\",\"@id\":\"https:\/\/vieassociative.be\/actualites\/#\/schema\/person\/image\/\",\"url\":\"https:\/\/vieassociative.be\/actualites\/wp-content\/uploads\/2024\/09\/vie-associative-1-150x150.jpg\",\"contentUrl\":\"https:\/\/vieassociative.be\/actualites\/wp-content\/uploads\/2024\/09\/vie-associative-1-150x150.jpg\",\"caption\":\"Julien\"},\"description\":\"Je suis Julien, r\u00e9dacteur pour Vie Associative. Passionn\u00e9 par le monde associatif depuis plus de 10 ans, j'ai \u00e0 c\u0153ur de partager des histoires inspirantes et de mettre en lumi\u00e8re les initiatives locales. Mon objectif est de sensibiliser et d'encourager l'engagement communautaire \u00e0 travers mes articles.\",\"sameAs\":[\"https:\/\/vieassociative.be\/\"]}]}<\/script>\n<!-- \/ Yoast SEO plugin. -->","yoast_head_json":{"title":"Pogacar remporte les premiers pyr\u00e9n\u00e9es-stade-evenepoel maintient les d\u00e9g\u00e2ts dans les limites-lipowitz impressionn\u00e9s | Vie Associative","robots":{"index":"index","follow":"follow","max-snippet":"max-snippet:-1","max-image-preview":"max-image-preview:large","max-video-preview":"max-video-preview:-1"},"canonical":"https:\/\/vieassociative.be\/actualites\/pogacar-remporte-les-premiers-pyrenees-stade-evenepoel-maintient-les-degats-dans-les-limites-lipowitz-impressionnes\/","og_locale":"fr_FR","og_type":"article","og_title":"Pogacar remporte les premiers pyr\u00e9n\u00e9es-stade-evenepoel maintient les d\u00e9g\u00e2ts dans les limites-lipowitz impressionn\u00e9s | Vie Associative","og_description":"Le d\u00e9fenseur de la tourn\u00e9e Tadej Pogacar n&rsquo;est pas compl\u00e8tement impressionn\u00e9 et gagne au d\u00e9but de la trilogie Pyrenees de sa chute. Un allemand \u00e9tonne","og_url":"https:\/\/vieassociative.be\/actualites\/pogacar-remporte-les-premiers-pyrenees-stade-evenepoel-maintient-les-degats-dans-les-limites-lipowitz-impressionnes\/","og_site_name":"Vie Associative","article_published_time":"2025-07-18T02:17:27+00:00","og_image":[{"width":279,"height":92,"url":"https:\/\/vieassociative.be\/actualites\/wp-content\/uploads\/2024\/09\/header_backgroundk-01-e1726694325946.png","type":"image\/png"}],"author":"Julien","twitter_card":"summary_large_image","twitter_misc":{"\u00c9crit par":"Julien","Dur\u00e9e de lecture est.":"2 minutes"},"schema":{"@context":"https:\/\/schema.org","@graph":[{"@type":"Article","@id":"https:\/\/vieassociative.be\/actualites\/pogacar-remporte-les-premiers-pyrenees-stade-evenepoel-maintient-les-degats-dans-les-limites-lipowitz-impressionnes\/#article","isPartOf":{"@id":"https:\/\/vieassociative.be\/actualites\/pogacar-remporte-les-premiers-pyrenees-stade-evenepoel-maintient-les-degats-dans-les-limites-lipowitz-impressionnes\/"},"author":{"name":"Julien","@id":"https:\/\/vieassociative.be\/actualites\/#\/schema\/person\/b87ac4f82f9d4e7b7cec7395b679edc4"},"headline":"Pogacar remporte les premiers pyr\u00e9n\u00e9es-stade-evenepoel maintient les d\u00e9g\u00e2ts dans les limites-lipowitz impressionn\u00e9s","datePublished":"2025-07-18T02:17:27+00:00","dateModified":"2025-07-18T02:17:27+00:00","mainEntityOfPage":{"@id":"https:\/\/vieassociative.be\/actualites\/pogacar-remporte-les-premiers-pyrenees-stade-evenepoel-maintient-les-degats-dans-les-limites-lipowitz-impressionnes\/"},"wordCount":391,"publisher":{"@id":"https:\/\/vieassociative.be\/actualites\/#organization"},"image":{"@id":"https:\/\/vieassociative.be\/actualites\/pogacar-remporte-les-premiers-pyrenees-stade-evenepoel-maintient-les-degats-dans-les-limites-lipowitz-impressionnes\/#primaryimage"},"thumbnailUrl":"https:\/\/vieassociative.be\/actualites\/wp-content\/uploads\/2025\/07\/1752805047_Pogacar-remporte-les-premiers-pyrenees-stade-evenepoel-maintient-les-degats-dans-les.jpg","keywords":["dans","d\u00e9g\u00e2ts","impressionn\u00e9s","Les","limiteslipowitz","maintient","Pogacar","premiers","pyr\u00e9n\u00e9esstadeevenepoel","remport\u00e9"],"articleSection":["Belgique"],"inLanguage":"fr-BE"},{"@type":"WebPage","@id":"https:\/\/vieassociative.be\/actualites\/pogacar-remporte-les-premiers-pyrenees-stade-evenepoel-maintient-les-degats-dans-les-limites-lipowitz-impressionnes\/","url":"https:\/\/vieassociative.be\/actualites\/pogacar-remporte-les-premiers-pyrenees-stade-evenepoel-maintient-les-degats-dans-les-limites-lipowitz-impressionnes\/","name":"Pogacar remporte les premiers pyr\u00e9n\u00e9es-stade-evenepoel maintient les d\u00e9g\u00e2ts dans les limites-lipowitz impressionn\u00e9s | Vie Associative","isPartOf":{"@id":"https:\/\/vieassociative.be\/actualites\/#website"},"primaryImageOfPage":{"@id":"https:\/\/vieassociative.be\/actualites\/pogacar-remporte-les-premiers-pyrenees-stade-evenepoel-maintient-les-degats-dans-les-limites-lipowitz-impressionnes\/#primaryimage"},"image":{"@id":"https:\/\/vieassociative.be\/actualites\/pogacar-remporte-les-premiers-pyrenees-stade-evenepoel-maintient-les-degats-dans-les-limites-lipowitz-impressionnes\/#primaryimage"},"thumbnailUrl":"https:\/\/vieassociative.be\/actualites\/wp-content\/uploads\/2025\/07\/1752805047_Pogacar-remporte-les-premiers-pyrenees-stade-evenepoel-maintient-les-degats-dans-les.jpg","datePublished":"2025-07-18T02:17:27+00:00","dateModified":"2025-07-18T02:17:27+00:00","breadcrumb":{"@id":"https:\/\/vieassociative.be\/actualites\/pogacar-remporte-les-premiers-pyrenees-stade-evenepoel-maintient-les-degats-dans-les-limites-lipowitz-impressionnes\/#breadcrumb"},"inLanguage":"fr-BE","potentialAction":[{"@type":"ReadAction","target":["https:\/\/vieassociative.be\/actualites\/pogacar-remporte-les-premiers-pyrenees-stade-evenepoel-maintient-les-degats-dans-les-limites-lipowitz-impressionnes\/"]}]},{"@type":"ImageObject","inLanguage":"fr-BE","@id":"https:\/\/vieassociative.be\/actualites\/pogacar-remporte-les-premiers-pyrenees-stade-evenepoel-maintient-les-degats-dans-les-limites-lipowitz-impressionnes\/#primaryimage","url":"https:\/\/vieassociative.be\/actualites\/wp-content\/uploads\/2025\/07\/1752805047_Pogacar-remporte-les-premiers-pyrenees-stade-evenepoel-maintient-les-degats-dans-les.jpg","contentUrl":"https:\/\/vieassociative.be\/actualites\/wp-content\/uploads\/2025\/07\/1752805047_Pogacar-remporte-les-premiers-pyrenees-stade-evenepoel-maintient-les-degats-dans-les.jpg","width":1200,"height":800,"caption":"Pogacar remporte les premiers pyr\u00e9n\u00e9es-stade-evenepoel maintient les d\u00e9g\u00e2ts dans les limites-lipowitz impressionn\u00e9s"},{"@type":"BreadcrumbList","@id":"https:\/\/vieassociative.be\/actualites\/pogacar-remporte-les-premiers-pyrenees-stade-evenepoel-maintient-les-degats-dans-les-limites-lipowitz-impressionnes\/#breadcrumb","itemListElement":[{"@type":"ListItem","position":1,"name":"Accueil","item":"https:\/\/vieassociative.be\/actualites\/"},{"@type":"ListItem","position":2,"name":"Pogacar remporte les premiers pyr\u00e9n\u00e9es-stade-evenepoel maintient les d\u00e9g\u00e2ts dans les limites-lipowitz impressionn\u00e9s"}]},{"@type":"WebSite","@id":"https:\/\/vieassociative.be\/actualites\/#website","url":"https:\/\/vieassociative.be\/actualites\/","name":"Vie Associative","description":"","publisher":{"@id":"https:\/\/vieassociative.be\/actualites\/#organization"},"potentialAction":[{"@type":"SearchAction","target":{"@type":"EntryPoint","urlTemplate":"https:\/\/vieassociative.be\/actualites\/?s={search_term_string}"},"query-input":{"@type":"PropertyValueSpecification","valueRequired":true,"valueName":"search_term_string"}}],"inLanguage":"fr-BE"},{"@type":"Organization","@id":"https:\/\/vieassociative.be\/actualites\/#organization","name":"Vie Associative","url":"https:\/\/vieassociative.be\/actualites\/","logo":{"@type":"ImageObject","inLanguage":"fr-BE","@id":"https:\/\/vieassociative.be\/actualites\/#\/schema\/logo\/image\/","url":"https:\/\/vieassociative.be\/actualites\/wp-content\/uploads\/2024\/09\/cropped-vieassociative_favicon.ico.png","contentUrl":"https:\/\/vieassociative.be\/actualites\/wp-content\/uploads\/2024\/09\/cropped-vieassociative_favicon.ico.png","width":512,"height":512,"caption":"Vie Associative"},"image":{"@id":"https:\/\/vieassociative.be\/actualites\/#\/schema\/logo\/image\/"}},{"@type":"Person","@id":"https:\/\/vieassociative.be\/actualites\/#\/schema\/person\/b87ac4f82f9d4e7b7cec7395b679edc4","name":"Julien","image":{"@type":"ImageObject","inLanguage":"fr-BE","@id":"https:\/\/vieassociative.be\/actualites\/#\/schema\/person\/image\/","url":"https:\/\/vieassociative.be\/actualites\/wp-content\/uploads\/2024\/09\/vie-associative-1-150x150.jpg","contentUrl":"https:\/\/vieassociative.be\/actualites\/wp-content\/uploads\/2024\/09\/vie-associative-1-150x150.jpg","caption":"Julien"},"description":"Je suis Julien, r\u00e9dacteur pour Vie Associative. Passionn\u00e9 par le monde associatif depuis plus de 10 ans, j'ai \u00e0 c\u0153ur de partager des histoires inspirantes et de mettre en lumi\u00e8re les initiatives locales. Mon objectif est de sensibiliser et d'encourager l'engagement communautaire \u00e0 travers mes articles.","sameAs":["https:\/\/vieassociative.be\/"]}]}},"_links":{"self":[{"href":"https:\/\/vieassociative.be\/actualites\/wp-json\/wp\/v2\/posts\/8828"}],"collection":[{"href":"https:\/\/vieassociative.be\/actualites\/wp-json\/wp\/v2\/posts"}],"about":[{"href":"https:\/\/vieassociative.be\/actualites\/wp-json\/wp\/v2\/types\/post"}],"author":[{"embeddable":true,"href":"https:\/\/vieassociative.be\/actualites\/wp-json\/wp\/v2\/users\/1"}],"replies":[{"embeddable":true,"href":"https:\/\/vieassociative.be\/actualites\/wp-json\/wp\/v2\/comments?post=8828"}],"version-history":[{"count":0,"href":"https:\/\/vieassociative.be\/actualites\/wp-json\/wp\/v2\/posts\/8828\/revisions"}],"wp:featuredmedia":[{"embeddable":true,"href":"https:\/\/vieassociative.be\/actualites\/wp-json\/wp\/v2\/media\/8829"}],"wp:attachment":[{"href":"https:\/\/vieassociative.be\/actualites\/wp-json\/wp\/v2\/media?parent=8828"}],"wp:term":[{"taxonomy":"category","embeddable":true,"href":"https:\/\/vieassociative.be\/actualites\/wp-json\/wp\/v2\/categories?post=8828"},{"taxonomy":"post_tag","embeddable":true,"href":"https:\/\/vieassociative.be\/actualites\/wp-json\/wp\/v2\/tags?post=8828"}],"curies":[{"name":"wp","href":"https:\/\/api.w.org\/{rel}","templated":true}]}}