{"id":8826,"date":"2025-07-18T03:17:33","date_gmt":"2025-07-18T01:17:33","guid":{"rendered":"https:\/\/vieassociative.be\/actualites\/voici-un-apercu-du-prochain-lot-demoji-a-venir-sur-votre-appareil\/"},"modified":"2025-07-18T03:17:33","modified_gmt":"2025-07-18T01:17:33","slug":"voici-un-apercu-du-prochain-lot-demoji-a-venir-sur-votre-appareil","status":"publish","type":"post","link":"https:\/\/vieassociative.be\/actualites\/voici-un-apercu-du-prochain-lot-demoji-a-venir-sur-votre-appareil\/","title":{"rendered":"Voici un aper\u00e7u du prochain lot d&#8217;emoji \u00e0 venir sur votre appareil"},"content":{"rendered":"<div class=\"mt-4 leading-6 md:mb-8\">Est-ce un emoji de selfie .5?<\/div>\n<p><\/p>\n<p>Quoi de neuf, besties? C&rsquo;est la Journ\u00e9e du monde des emoji, ce qui signifie qu&rsquo;il est temps de regarder de nouveaux emoji (ou est-ce des emojis?). Dans un article sur son blog aujourd&rsquo;hui, le consortium Unicode, l&rsquo;organisation \u00e0 but non lucratif derri\u00e8re l&rsquo;ensemble standardis\u00e9 d&#8217;emoji \u00e0 travers vous, vous voyez dans tous vos diff\u00e9rents appareils et applications, a pr\u00e9sent\u00e9 son prochain ensemble d&rsquo;ic\u00f4nes et d&rsquo;expressions. Le groupe dit qu&rsquo;il y a encore \u00ab\u00a0beaucoup de documents\u00a0\u00bb \u00e0 faire, donc ils pourraient ne pas frapper vos t\u00e9l\u00e9phones et tablettes avant 2026, selon un e-mail d&rsquo;Erik Thompson d&rsquo;Unicode \u00e0 la ligne.<\/p>\n<p>Mais quel lot c&rsquo;est: nous avons un instrument de musique. Nous avons un tr\u00e9sor. Nous avons un de ces nuages de dessins anim\u00e9s de la vieille \u00e9cole. Et bien s\u00fbr, nous avons un cryptide. Bien que les nouveaux emoji se soient r\u00e9v\u00e9l\u00e9s \u00e9tonnamment politiques dans le pass\u00e9, cette mise \u00e0 jour semble plus ax\u00e9e sur les plaisirs de la foule, et je dirais que cela en fait du bon travail. <\/p>\n<p>La liste ci-dessous n&rsquo;est pas tout de la version finale Unicode 17.0, mais c&rsquo;est ce que nous savons jusqu&rsquo;\u00e0 pr\u00e9sent:<\/p>\n<ul>\n<li>\n<p>Trombone<\/p>\n<\/li>\n<li>\n<p>Coffre au tr\u00e9sor<\/p>\n<\/li>\n<li>\n<p>Visage d\u00e9form\u00e9<\/p>\n<\/li>\n<li>\n<p>Cr\u00e9ature poilue <\/p>\n<\/li>\n<li>\n<p>Cloud de combat<\/p>\n<\/li>\n<li>\n<p>Noyau de pomme<\/p>\n<\/li>\n<li>\n<p>Orque<\/p>\n<\/li>\n<li>\n<p>Danseurs de ballet<\/p>\n<\/li>\n<\/ul>\n<div class=\"eloquent-imagery-image\">\n<div class=\"flex justify-center\">\n                    <img decoding=\"async\" class=\"border border-gray-100\" src=\"https:\/\/vieassociative.be\/actualites\/wp-content\/uploads\/2025\/07\/Voici-un-apercu-du-prochain-lot-demoji-a-venir-sur.png\" alt=\"Nouveaux emojis d\u00e9finis pour la sortie avec Unicode 17.0\" width=\"2000\" height=\"1218\" loading=\"lazy\"  >\n            <\/div>\n<\/p><\/div>\n<p>Personnellement, mon pr\u00e9f\u00e9r\u00e9 est probablement l&rsquo;orque (j&rsquo;aime un c\u00e9tac\u00e9), mais je veux accorder une attention particuli\u00e8re au \u00abvisage d\u00e9form\u00e9\u00bb. Cela ressemble en un peu \u00e0 un selfie extr\u00eame .5, mais si vous regardez une quantit\u00e9 d&rsquo;anime, il y a de fortes chances que vous l&rsquo;ayez d\u00e9j\u00e0 vue &#8211; cela ressemble beaucoup \u00e0 cet angle vers le bas, Fish Eye Close Up Shot que beaucoup de r\u00e9alisateurs utilisent pour montrer un personnage au milieu d&rsquo;une panne mentale. Donc, vous savez, utilisez-le lorsque l&rsquo;endroit rapide oublie vos frites boucl\u00e9es ou autre chose.<\/p>\n<p>Je devrais aussi probablement dire ce que nous pensons tous: oui, la \u00ab\u00a0cr\u00e9ature poilue\u00a0\u00bb est Bigfoot, jusqu&rsquo;\u00e0 la pose. Je ne sais pas si s&rsquo;il y a des pr\u00e9occupations de droits d&rsquo;auteur pour un personnage comme celui-ci (ce devrait \u00eatre un domaine public, mais \u00ab\u00a0Bigfoot\u00a0\u00bb est \u00e9galement un nom de marque), mais ce n&rsquo;est pas la premi\u00e8re fois que le consortium Unicode est d\u00e9lib\u00e9r\u00e9ment vague lors de la r\u00e9f\u00e9rence d\u00e9lib\u00e9r\u00e9e. Les emoji gobelins, par exemple, repr\u00e9sentent en fait un masque Tengu, une partie r\u00e9elle de la culture japonaise qui repr\u00e9sente elle-m\u00eame un \u00eatre du folklore japonais.<\/p>\n<div class=\"pogoClear relative my-10 border-b-(1.5px) border-t-(1.5px) border-dashed border-black py-5 sm:my-14 sm:border-0 sm:py-0\" data-ga-click data-ga-template=\"News\" data-ga-module=\"openweb_widget\" data-ga-element=\"openweb_scroll\" data-ga-item=\"openweb_scroll_midpage\" x-data=\"{\n         commentsCount: null,\n         hasComments: false,\n         async fetchCommentsCount() {\n             try {\n                 if (window.openweb &amp;&amp; typeof window.openweb.getMessagesCount === 'function') {\n                     this.commentsCount = await window.openweb.getMessagesCount('01K0CYTYJ8VC21VXKDFC88BXPD');\n                     this.hasComments = this.commentsCount !== null &amp;&amp; this.commentsCount &gt; 0;\n                 }\n             } catch (e) {\n                 console.warn('Failed to fetch comment count:', e);\n             }\n         }\n     }\" x-init=\"fetchCommentsCount()\" x-cloak><\/p>\n<div class=\"absolute top-1\/2 hidden w-full -translate-y-1\/2 border-t-(1.5px) border-dashed border-black sm:block\"><\/div>\n<div class=\"relative flex justify-center\">\n<div class=\"flex max-w-fit items-center gap-x-3 bg-white px-5\">\n<div class=\"relative\">\n                <span class=\"absolute left-1\/2 top-1\/2 -translate-x-1\/2 -translate-y-1\/2 font-akshar text-sm font-medium text-black\" aria-live=\"polite\" x-show=\"hasComments\" x-text=\"commentsCount\"><\/span><\/p>\n<p>                <svg class=\"h-8 w-8 text-black\" role=\"img\" aria-hidden=\"true\">\n                    <use href=\"http:\/\/lifehacker.com\/images\/icons\/spritemap.svg#sprite-chat-bubble\"><\/use>\n                <\/svg>\n            <\/div>\n<p>            <span class=\"text-sm font-medium text-black\"><\/p>\n<p>                Que pensez-vous jusqu&rsquo;\u00e0 pr\u00e9sent?<br \/>\n                <button class=\"ml-1 font-semibold text-brand-green underline hover:text-brand-green-700\" type=\"button\" aria-label=\"Comment section trigger\" onclick=\"window.openweb.scrollToComments('01K0CYTYJ8VC21VXKDFC88BXPD')\" x-text=\"hasComments ? 'Post a comment.' : 'Be the first to post a comment.'\"><\/button><br \/>\n            <\/span>\n        <\/div>\n<\/p><\/div>\n<\/div>\n<p>Ensuite, il y a les \u00abdanseurs de ballet\u00bb. Nous n&rsquo;en voyons qu&rsquo;un dans l&rsquo;aper\u00e7u, mais \u00e9tant donn\u00e9 la fa\u00e7on dont les emoji ont repr\u00e9sent\u00e9 diff\u00e9rents emplois et passe-temps dans le pass\u00e9, nous avons probablement quelques it\u00e9rations de cette conception de base au lancement.<\/p>\n<p>En attendant, le consortium Unicode vous encourage en fait \u00e0 envoyer vos propres propositions pour les emoji. Sachez que cela peut prendre un certain temps pour qu&rsquo;une id\u00e9e soit approuv\u00e9e et que vous devrez d&rsquo;abord passer par votre propre montagne de paperasse.<\/p>\n","protected":false},"excerpt":{"rendered":"<p>Est-ce un emoji de selfie .5? Quoi de neuf, besties? C&rsquo;est la Journ\u00e9e du monde des emoji, ce qui signifie qu&rsquo;il est temps de regarder<\/p>\n","protected":false},"author":1,"featured_media":8827,"comment_status":"","ping_status":"","sticky":false,"template":"","format":"standard","meta":{"footnotes":""},"categories":[13],"tags":[4895,3325,7793,6043,1109,33,593,529,8],"class_list":["post-8826","post","type-post","status-publish","format-standard","has-post-thumbnail","hentry","category-technologie","tag-apercu","tag-appareil","tag-demoji","tag-lot","tag-prochain","tag-sur","tag-venir","tag-voici","tag-votre","generate-columns","tablet-grid-50","mobile-grid-100","grid-parent","grid-33"],"yoast_head":"<!-- This site is optimized with the Yoast SEO plugin v24.0 - https:\/\/yoast.com\/wordpress\/plugins\/seo\/ -->\n<title>Voici un aper\u00e7u du prochain lot d&#039;emoji \u00e0 venir sur votre appareil | Vie Associative<\/title>\n<meta name=\"robots\" content=\"index, follow, max-snippet:-1, max-image-preview:large, max-video-preview:-1\" \/>\n<link rel=\"canonical\" href=\"https:\/\/vieassociative.be\/actualites\/voici-un-apercu-du-prochain-lot-demoji-a-venir-sur-votre-appareil\/\" \/>\n<meta property=\"og:locale\" content=\"fr_FR\" \/>\n<meta property=\"og:type\" content=\"article\" \/>\n<meta property=\"og:title\" content=\"Voici un aper\u00e7u du prochain lot d&#039;emoji \u00e0 venir sur votre appareil | Vie Associative\" \/>\n<meta property=\"og:description\" content=\"Est-ce un emoji de selfie .5? Quoi de neuf, besties? C&rsquo;est la Journ\u00e9e du monde des emoji, ce qui signifie qu&rsquo;il est temps de regarder\" \/>\n<meta property=\"og:url\" content=\"https:\/\/vieassociative.be\/actualites\/voici-un-apercu-du-prochain-lot-demoji-a-venir-sur-votre-appareil\/\" \/>\n<meta property=\"og:site_name\" content=\"Vie Associative\" \/>\n<meta property=\"article:published_time\" content=\"2025-07-18T01:17:33+00:00\" \/>\n<meta property=\"og:image\" content=\"https:\/\/vieassociative.be\/actualites\/wp-content\/uploads\/2025\/07\/Voici-un-apercu-du-prochain-lot-demoji-a-venir-sur.png\" \/>\n<meta name=\"author\" content=\"Julien\" \/>\n<meta name=\"twitter:card\" content=\"summary_large_image\" \/>\n<meta name=\"twitter:label1\" content=\"\u00c9crit par\" \/>\n\t<meta name=\"twitter:data1\" content=\"Julien\" \/>\n\t<meta name=\"twitter:label2\" content=\"Dur\u00e9e de lecture est.\" \/>\n\t<meta name=\"twitter:data2\" content=\"3 minutes\" \/>\n<script type=\"application\/ld+json\" class=\"yoast-schema-graph\">{\"@context\":\"https:\/\/schema.org\",\"@graph\":[{\"@type\":\"Article\",\"@id\":\"https:\/\/vieassociative.be\/actualites\/voici-un-apercu-du-prochain-lot-demoji-a-venir-sur-votre-appareil\/#article\",\"isPartOf\":{\"@id\":\"https:\/\/vieassociative.be\/actualites\/voici-un-apercu-du-prochain-lot-demoji-a-venir-sur-votre-appareil\/\"},\"author\":{\"name\":\"Julien\",\"@id\":\"https:\/\/vieassociative.be\/actualites\/#\/schema\/person\/b87ac4f82f9d4e7b7cec7395b679edc4\"},\"headline\":\"Voici un aper\u00e7u du prochain lot d&#8217;emoji \u00e0 venir sur votre appareil\",\"datePublished\":\"2025-07-18T01:17:33+00:00\",\"dateModified\":\"2025-07-18T01:17:33+00:00\",\"mainEntityOfPage\":{\"@id\":\"https:\/\/vieassociative.be\/actualites\/voici-un-apercu-du-prochain-lot-demoji-a-venir-sur-votre-appareil\/\"},\"wordCount\":566,\"publisher\":{\"@id\":\"https:\/\/vieassociative.be\/actualites\/#organization\"},\"image\":{\"@id\":\"https:\/\/vieassociative.be\/actualites\/voici-un-apercu-du-prochain-lot-demoji-a-venir-sur-votre-appareil\/#primaryimage\"},\"thumbnailUrl\":\"https:\/\/vieassociative.be\/actualites\/wp-content\/uploads\/2025\/07\/1752801454_Voici-un-apercu-du-prochain-lot-demoji-a-venir-sur.png\",\"keywords\":[\"aper\u00e7u\",\"appareil\",\"demoji\",\"lot\",\"prochain\",\"sur\",\"venir\",\"Voici\",\"votre\"],\"articleSection\":[\"Technologie\"],\"inLanguage\":\"fr-BE\"},{\"@type\":\"WebPage\",\"@id\":\"https:\/\/vieassociative.be\/actualites\/voici-un-apercu-du-prochain-lot-demoji-a-venir-sur-votre-appareil\/\",\"url\":\"https:\/\/vieassociative.be\/actualites\/voici-un-apercu-du-prochain-lot-demoji-a-venir-sur-votre-appareil\/\",\"name\":\"Voici un aper\u00e7u du prochain lot d'emoji \u00e0 venir sur votre appareil | Vie Associative\",\"isPartOf\":{\"@id\":\"https:\/\/vieassociative.be\/actualites\/#website\"},\"primaryImageOfPage\":{\"@id\":\"https:\/\/vieassociative.be\/actualites\/voici-un-apercu-du-prochain-lot-demoji-a-venir-sur-votre-appareil\/#primaryimage\"},\"image\":{\"@id\":\"https:\/\/vieassociative.be\/actualites\/voici-un-apercu-du-prochain-lot-demoji-a-venir-sur-votre-appareil\/#primaryimage\"},\"thumbnailUrl\":\"https:\/\/vieassociative.be\/actualites\/wp-content\/uploads\/2025\/07\/1752801454_Voici-un-apercu-du-prochain-lot-demoji-a-venir-sur.png\",\"datePublished\":\"2025-07-18T01:17:33+00:00\",\"dateModified\":\"2025-07-18T01:17:33+00:00\",\"breadcrumb\":{\"@id\":\"https:\/\/vieassociative.be\/actualites\/voici-un-apercu-du-prochain-lot-demoji-a-venir-sur-votre-appareil\/#breadcrumb\"},\"inLanguage\":\"fr-BE\",\"potentialAction\":[{\"@type\":\"ReadAction\",\"target\":[\"https:\/\/vieassociative.be\/actualites\/voici-un-apercu-du-prochain-lot-demoji-a-venir-sur-votre-appareil\/\"]}]},{\"@type\":\"ImageObject\",\"inLanguage\":\"fr-BE\",\"@id\":\"https:\/\/vieassociative.be\/actualites\/voici-un-apercu-du-prochain-lot-demoji-a-venir-sur-votre-appareil\/#primaryimage\",\"url\":\"https:\/\/vieassociative.be\/actualites\/wp-content\/uploads\/2025\/07\/1752801454_Voici-un-apercu-du-prochain-lot-demoji-a-venir-sur.png\",\"contentUrl\":\"https:\/\/vieassociative.be\/actualites\/wp-content\/uploads\/2025\/07\/1752801454_Voici-un-apercu-du-prochain-lot-demoji-a-venir-sur.png\",\"width\":1200,\"height\":675,\"caption\":\"Voici un aper\u00e7u du prochain lot d'emoji \u00e0 venir sur votre appareil\"},{\"@type\":\"BreadcrumbList\",\"@id\":\"https:\/\/vieassociative.be\/actualites\/voici-un-apercu-du-prochain-lot-demoji-a-venir-sur-votre-appareil\/#breadcrumb\",\"itemListElement\":[{\"@type\":\"ListItem\",\"position\":1,\"name\":\"Accueil\",\"item\":\"https:\/\/vieassociative.be\/actualites\/\"},{\"@type\":\"ListItem\",\"position\":2,\"name\":\"Voici un aper\u00e7u du prochain lot d&#8217;emoji \u00e0 venir sur votre appareil\"}]},{\"@type\":\"WebSite\",\"@id\":\"https:\/\/vieassociative.be\/actualites\/#website\",\"url\":\"https:\/\/vieassociative.be\/actualites\/\",\"name\":\"Vie Associative\",\"description\":\"\",\"publisher\":{\"@id\":\"https:\/\/vieassociative.be\/actualites\/#organization\"},\"potentialAction\":[{\"@type\":\"SearchAction\",\"target\":{\"@type\":\"EntryPoint\",\"urlTemplate\":\"https:\/\/vieassociative.be\/actualites\/?s={search_term_string}\"},\"query-input\":{\"@type\":\"PropertyValueSpecification\",\"valueRequired\":true,\"valueName\":\"search_term_string\"}}],\"inLanguage\":\"fr-BE\"},{\"@type\":\"Organization\",\"@id\":\"https:\/\/vieassociative.be\/actualites\/#organization\",\"name\":\"Vie Associative\",\"url\":\"https:\/\/vieassociative.be\/actualites\/\",\"logo\":{\"@type\":\"ImageObject\",\"inLanguage\":\"fr-BE\",\"@id\":\"https:\/\/vieassociative.be\/actualites\/#\/schema\/logo\/image\/\",\"url\":\"https:\/\/vieassociative.be\/actualites\/wp-content\/uploads\/2024\/09\/cropped-vieassociative_favicon.ico.png\",\"contentUrl\":\"https:\/\/vieassociative.be\/actualites\/wp-content\/uploads\/2024\/09\/cropped-vieassociative_favicon.ico.png\",\"width\":512,\"height\":512,\"caption\":\"Vie Associative\"},\"image\":{\"@id\":\"https:\/\/vieassociative.be\/actualites\/#\/schema\/logo\/image\/\"}},{\"@type\":\"Person\",\"@id\":\"https:\/\/vieassociative.be\/actualites\/#\/schema\/person\/b87ac4f82f9d4e7b7cec7395b679edc4\",\"name\":\"Julien\",\"image\":{\"@type\":\"ImageObject\",\"inLanguage\":\"fr-BE\",\"@id\":\"https:\/\/vieassociative.be\/actualites\/#\/schema\/person\/image\/\",\"url\":\"https:\/\/vieassociative.be\/actualites\/wp-content\/uploads\/2024\/09\/vie-associative-1-150x150.jpg\",\"contentUrl\":\"https:\/\/vieassociative.be\/actualites\/wp-content\/uploads\/2024\/09\/vie-associative-1-150x150.jpg\",\"caption\":\"Julien\"},\"description\":\"Je suis Julien, r\u00e9dacteur pour Vie Associative. Passionn\u00e9 par le monde associatif depuis plus de 10 ans, j'ai \u00e0 c\u0153ur de partager des histoires inspirantes et de mettre en lumi\u00e8re les initiatives locales. Mon objectif est de sensibiliser et d'encourager l'engagement communautaire \u00e0 travers mes articles.\",\"sameAs\":[\"https:\/\/vieassociative.be\/\"]}]}<\/script>\n<!-- \/ Yoast SEO plugin. -->","yoast_head_json":{"title":"Voici un aper\u00e7u du prochain lot d'emoji \u00e0 venir sur votre appareil | Vie Associative","robots":{"index":"index","follow":"follow","max-snippet":"max-snippet:-1","max-image-preview":"max-image-preview:large","max-video-preview":"max-video-preview:-1"},"canonical":"https:\/\/vieassociative.be\/actualites\/voici-un-apercu-du-prochain-lot-demoji-a-venir-sur-votre-appareil\/","og_locale":"fr_FR","og_type":"article","og_title":"Voici un aper\u00e7u du prochain lot d'emoji \u00e0 venir sur votre appareil | Vie Associative","og_description":"Est-ce un emoji de selfie .5? Quoi de neuf, besties? C&rsquo;est la Journ\u00e9e du monde des emoji, ce qui signifie qu&rsquo;il est temps de regarder","og_url":"https:\/\/vieassociative.be\/actualites\/voici-un-apercu-du-prochain-lot-demoji-a-venir-sur-votre-appareil\/","og_site_name":"Vie Associative","article_published_time":"2025-07-18T01:17:33+00:00","og_image":[{"url":"https:\/\/vieassociative.be\/actualites\/wp-content\/uploads\/2025\/07\/Voici-un-apercu-du-prochain-lot-demoji-a-venir-sur.png","type":"","width":"","height":""}],"author":"Julien","twitter_card":"summary_large_image","twitter_misc":{"\u00c9crit par":"Julien","Dur\u00e9e de lecture est.":"3 minutes"},"schema":{"@context":"https:\/\/schema.org","@graph":[{"@type":"Article","@id":"https:\/\/vieassociative.be\/actualites\/voici-un-apercu-du-prochain-lot-demoji-a-venir-sur-votre-appareil\/#article","isPartOf":{"@id":"https:\/\/vieassociative.be\/actualites\/voici-un-apercu-du-prochain-lot-demoji-a-venir-sur-votre-appareil\/"},"author":{"name":"Julien","@id":"https:\/\/vieassociative.be\/actualites\/#\/schema\/person\/b87ac4f82f9d4e7b7cec7395b679edc4"},"headline":"Voici un aper\u00e7u du prochain lot d&#8217;emoji \u00e0 venir sur votre appareil","datePublished":"2025-07-18T01:17:33+00:00","dateModified":"2025-07-18T01:17:33+00:00","mainEntityOfPage":{"@id":"https:\/\/vieassociative.be\/actualites\/voici-un-apercu-du-prochain-lot-demoji-a-venir-sur-votre-appareil\/"},"wordCount":566,"publisher":{"@id":"https:\/\/vieassociative.be\/actualites\/#organization"},"image":{"@id":"https:\/\/vieassociative.be\/actualites\/voici-un-apercu-du-prochain-lot-demoji-a-venir-sur-votre-appareil\/#primaryimage"},"thumbnailUrl":"https:\/\/vieassociative.be\/actualites\/wp-content\/uploads\/2025\/07\/1752801454_Voici-un-apercu-du-prochain-lot-demoji-a-venir-sur.png","keywords":["aper\u00e7u","appareil","demoji","lot","prochain","sur","venir","Voici","votre"],"articleSection":["Technologie"],"inLanguage":"fr-BE"},{"@type":"WebPage","@id":"https:\/\/vieassociative.be\/actualites\/voici-un-apercu-du-prochain-lot-demoji-a-venir-sur-votre-appareil\/","url":"https:\/\/vieassociative.be\/actualites\/voici-un-apercu-du-prochain-lot-demoji-a-venir-sur-votre-appareil\/","name":"Voici un aper\u00e7u du prochain lot d'emoji \u00e0 venir sur votre appareil | Vie Associative","isPartOf":{"@id":"https:\/\/vieassociative.be\/actualites\/#website"},"primaryImageOfPage":{"@id":"https:\/\/vieassociative.be\/actualites\/voici-un-apercu-du-prochain-lot-demoji-a-venir-sur-votre-appareil\/#primaryimage"},"image":{"@id":"https:\/\/vieassociative.be\/actualites\/voici-un-apercu-du-prochain-lot-demoji-a-venir-sur-votre-appareil\/#primaryimage"},"thumbnailUrl":"https:\/\/vieassociative.be\/actualites\/wp-content\/uploads\/2025\/07\/1752801454_Voici-un-apercu-du-prochain-lot-demoji-a-venir-sur.png","datePublished":"2025-07-18T01:17:33+00:00","dateModified":"2025-07-18T01:17:33+00:00","breadcrumb":{"@id":"https:\/\/vieassociative.be\/actualites\/voici-un-apercu-du-prochain-lot-demoji-a-venir-sur-votre-appareil\/#breadcrumb"},"inLanguage":"fr-BE","potentialAction":[{"@type":"ReadAction","target":["https:\/\/vieassociative.be\/actualites\/voici-un-apercu-du-prochain-lot-demoji-a-venir-sur-votre-appareil\/"]}]},{"@type":"ImageObject","inLanguage":"fr-BE","@id":"https:\/\/vieassociative.be\/actualites\/voici-un-apercu-du-prochain-lot-demoji-a-venir-sur-votre-appareil\/#primaryimage","url":"https:\/\/vieassociative.be\/actualites\/wp-content\/uploads\/2025\/07\/1752801454_Voici-un-apercu-du-prochain-lot-demoji-a-venir-sur.png","contentUrl":"https:\/\/vieassociative.be\/actualites\/wp-content\/uploads\/2025\/07\/1752801454_Voici-un-apercu-du-prochain-lot-demoji-a-venir-sur.png","width":1200,"height":675,"caption":"Voici un aper\u00e7u du prochain lot d'emoji \u00e0 venir sur votre appareil"},{"@type":"BreadcrumbList","@id":"https:\/\/vieassociative.be\/actualites\/voici-un-apercu-du-prochain-lot-demoji-a-venir-sur-votre-appareil\/#breadcrumb","itemListElement":[{"@type":"ListItem","position":1,"name":"Accueil","item":"https:\/\/vieassociative.be\/actualites\/"},{"@type":"ListItem","position":2,"name":"Voici un aper\u00e7u du prochain lot d&#8217;emoji \u00e0 venir sur votre appareil"}]},{"@type":"WebSite","@id":"https:\/\/vieassociative.be\/actualites\/#website","url":"https:\/\/vieassociative.be\/actualites\/","name":"Vie Associative","description":"","publisher":{"@id":"https:\/\/vieassociative.be\/actualites\/#organization"},"potentialAction":[{"@type":"SearchAction","target":{"@type":"EntryPoint","urlTemplate":"https:\/\/vieassociative.be\/actualites\/?s={search_term_string}"},"query-input":{"@type":"PropertyValueSpecification","valueRequired":true,"valueName":"search_term_string"}}],"inLanguage":"fr-BE"},{"@type":"Organization","@id":"https:\/\/vieassociative.be\/actualites\/#organization","name":"Vie Associative","url":"https:\/\/vieassociative.be\/actualites\/","logo":{"@type":"ImageObject","inLanguage":"fr-BE","@id":"https:\/\/vieassociative.be\/actualites\/#\/schema\/logo\/image\/","url":"https:\/\/vieassociative.be\/actualites\/wp-content\/uploads\/2024\/09\/cropped-vieassociative_favicon.ico.png","contentUrl":"https:\/\/vieassociative.be\/actualites\/wp-content\/uploads\/2024\/09\/cropped-vieassociative_favicon.ico.png","width":512,"height":512,"caption":"Vie Associative"},"image":{"@id":"https:\/\/vieassociative.be\/actualites\/#\/schema\/logo\/image\/"}},{"@type":"Person","@id":"https:\/\/vieassociative.be\/actualites\/#\/schema\/person\/b87ac4f82f9d4e7b7cec7395b679edc4","name":"Julien","image":{"@type":"ImageObject","inLanguage":"fr-BE","@id":"https:\/\/vieassociative.be\/actualites\/#\/schema\/person\/image\/","url":"https:\/\/vieassociative.be\/actualites\/wp-content\/uploads\/2024\/09\/vie-associative-1-150x150.jpg","contentUrl":"https:\/\/vieassociative.be\/actualites\/wp-content\/uploads\/2024\/09\/vie-associative-1-150x150.jpg","caption":"Julien"},"description":"Je suis Julien, r\u00e9dacteur pour Vie Associative. Passionn\u00e9 par le monde associatif depuis plus de 10 ans, j'ai \u00e0 c\u0153ur de partager des histoires inspirantes et de mettre en lumi\u00e8re les initiatives locales. Mon objectif est de sensibiliser et d'encourager l'engagement communautaire \u00e0 travers mes articles.","sameAs":["https:\/\/vieassociative.be\/"]}]}},"_links":{"self":[{"href":"https:\/\/vieassociative.be\/actualites\/wp-json\/wp\/v2\/posts\/8826"}],"collection":[{"href":"https:\/\/vieassociative.be\/actualites\/wp-json\/wp\/v2\/posts"}],"about":[{"href":"https:\/\/vieassociative.be\/actualites\/wp-json\/wp\/v2\/types\/post"}],"author":[{"embeddable":true,"href":"https:\/\/vieassociative.be\/actualites\/wp-json\/wp\/v2\/users\/1"}],"replies":[{"embeddable":true,"href":"https:\/\/vieassociative.be\/actualites\/wp-json\/wp\/v2\/comments?post=8826"}],"version-history":[{"count":0,"href":"https:\/\/vieassociative.be\/actualites\/wp-json\/wp\/v2\/posts\/8826\/revisions"}],"wp:featuredmedia":[{"embeddable":true,"href":"https:\/\/vieassociative.be\/actualites\/wp-json\/wp\/v2\/media\/8827"}],"wp:attachment":[{"href":"https:\/\/vieassociative.be\/actualites\/wp-json\/wp\/v2\/media?parent=8826"}],"wp:term":[{"taxonomy":"category","embeddable":true,"href":"https:\/\/vieassociative.be\/actualites\/wp-json\/wp\/v2\/categories?post=8826"},{"taxonomy":"post_tag","embeddable":true,"href":"https:\/\/vieassociative.be\/actualites\/wp-json\/wp\/v2\/tags?post=8826"}],"curies":[{"name":"wp","href":"https:\/\/api.w.org\/{rel}","templated":true}]}}