{"id":8824,"date":"2025-07-17T22:17:07","date_gmt":"2025-07-17T20:17:07","guid":{"rendered":"https:\/\/vieassociative.be\/actualites\/trump-soccupe-meme-de-coca-cola-sweeten-de-la-canne-a-sucre-au-lieu-du-sirop-de-mais-aux-etats-unis\/"},"modified":"2025-07-17T22:17:07","modified_gmt":"2025-07-17T20:17:07","slug":"trump-soccupe-meme-de-coca-cola-sweeten-de-la-canne-a-sucre-au-lieu-du-sirop-de-mais-aux-etats-unis","status":"publish","type":"post","link":"https:\/\/vieassociative.be\/actualites\/trump-soccupe-meme-de-coca-cola-sweeten-de-la-canne-a-sucre-au-lieu-du-sirop-de-mais-aux-etats-unis\/","title":{"rendered":"Trump s&rsquo;occupe m\u00eame de Coca-Cola: Sweeten de la canne \u00e0 sucre au lieu du sirop de ma\u00efs aux \u00c9tats-Unis?"},"content":{"rendered":"<p><strong>Il ne passe pas une journ\u00e9e sans annonce efficace par les m\u00e9dias par Donald Trump. Maintenant, le pr\u00e9sident des \u00c9tats-Unis commente m\u00eame la recette de Coca-Cola aux \u00c9tats-Unis.<\/strong><\/p>\n<p><span id=\"more-420289\"><\/span>Selon le pr\u00e9sident am\u00e9ricain Donald Trump, Coca-Cola doit \u00e9galement \u00eatre produite aux \u00c9tats-Unis avec une canne \u00e0 sucre sucr\u00e9e au lieu de simplement du sirop de ma\u00efs. Il en a parl\u00e9 \u00e0 l&rsquo;entreprise et les responsables avaient convenu, Trump a \u00e9crit \u00e0 la plate-forme Social Online Truth.<\/p>\n<div id=\"attachment_420291\" class=\"wp-caption alignleft\" style=\"max-width: 300px\"><img fetchpriority=\"high\" decoding=\"async\" class=\"wp-image-420291 size-medium\" src=\"https:\/\/vieassociative.be\/actualites\/wp-content\/uploads\/2025\/07\/Trump-soccupe-meme-de-Coca-Cola-Sweeten-de-la-canne-a.jpg\" alt=\"\" width=\"300\" height=\"300\"><\/p>\n<p class=\"wp-caption-text\">La photo montre le pr\u00e9sident am\u00e9ricain Donald Trump comment il souriait avec confiance avec une grande pile de canne \u00e0 sucre frais. \u00c0 c\u00f4t\u00e9 de lui se trouve une bouteille de verre Coca-Cola classique avec condensation sur une surface en bois. Montage photo: Shutterstock<\/p>\n<\/div>\n<p>Entre autres choses, il est rest\u00e9 clair si la canne \u00e0 sucre pourrait remplacer compl\u00e8tement le sirop de ma\u00efs ou les deux \u00e9dulcorants existeront c\u00f4te \u00e0 c\u00f4te sur le march\u00e9 am\u00e9ricain.<\/p>\n<p>Le groupe Coca-Cola a seulement d\u00e9clar\u00e9 que \u00ab\u00a0l&rsquo;enthousiasme\u00a0\u00bb de Trump pour la marque et que \u00ab\u00a0plus de d\u00e9tails sur les nouvelles offres innovantes dans la gamme de produits Coca-Cola\u00a0\u00bb existerait bient\u00f4t. Aux \u00c9tats-Unis, vous pouvez acheter du Coca-Cola mexicain avec de la canne \u00e0 sucre.<\/p>\n<p><strong>&#8211; Critique du sirop de ma\u00efs:<\/strong> Dans la production am\u00e9ricaine, les boissons Coca-Cola contenant du sucre, contrairement \u00e0 d&rsquo;autres pays, ont \u00e9t\u00e9 sucr\u00e9es avec du sirop de ma\u00efs \u00e0 haute teneur en fructose depuis les ann\u00e9es 1980. Le sirop est moins cher, plus doux et plus durable que les autres types de sucre. Entre autres choses, il est critiqu\u00e9 par le ministre de la Sant\u00e9 de Trump, Robert F. Kennedy Jr .. Trump lui-m\u00eame est connu comme un r\u00e9gime de buveur sans sucre avec des \u00e9dulcorants. N\u00e9anmoins, il a \u00e9crit chez Truth Social que tout le monde verrait que Coca-Cola avec du sucre en canne \u00e0 sucre \u00e9tait \u00ab\u00a0juste mieux\u00a0\u00bb.<\/p>\n<p>La part d&rsquo;un grand producteur de sirop de ma\u00efs avec une teneur \u00e9lev\u00e9e en fructose, la soci\u00e9t\u00e9 Archer-Daniels-Midland, a chut\u00e9 d&rsquo;environ 6% dans le commerce am\u00e9ricain post-excessif selon l&rsquo;annonce de Trump. (DPA \/ CRE)<\/p>\n","protected":false},"excerpt":{"rendered":"<p>Il ne passe pas une journ\u00e9e sans annonce efficace par les m\u00e9dias par Donald Trump. Maintenant, le pr\u00e9sident des \u00c9tats-Unis commente m\u00eame la recette de<\/p>\n","protected":false},"author":1,"featured_media":8825,"comment_status":"","ping_status":"","sticky":false,"template":"","format":"standard","meta":{"footnotes":""},"categories":[298],"tags":[289,7791,4984,290,1541,156,891,7792,7710,2779,7790,2425],"class_list":["post-8824","post","type-post","status-publish","format-standard","has-post-thumbnail","hentry","category-belgique","tag-aux","tag-canne","tag-cocacola","tag-etatsunis","tag-lieu","tag-mais","tag-meme","tag-sirop","tag-soccupe","tag-sucre","tag-sweeten","tag-trump","generate-columns","tablet-grid-50","mobile-grid-100","grid-parent","grid-33"],"yoast_head":"<!-- This site is optimized with the Yoast SEO plugin v24.0 - https:\/\/yoast.com\/wordpress\/plugins\/seo\/ -->\n<title>Trump s&#039;occupe m\u00eame de Coca-Cola: Sweeten de la canne \u00e0 sucre au lieu du sirop de ma\u00efs aux \u00c9tats-Unis? | Vie Associative<\/title>\n<meta name=\"robots\" content=\"index, follow, max-snippet:-1, max-image-preview:large, max-video-preview:-1\" \/>\n<link rel=\"canonical\" href=\"https:\/\/vieassociative.be\/actualites\/trump-soccupe-meme-de-coca-cola-sweeten-de-la-canne-a-sucre-au-lieu-du-sirop-de-mais-aux-etats-unis\/\" \/>\n<meta property=\"og:locale\" content=\"fr_FR\" \/>\n<meta property=\"og:type\" content=\"article\" \/>\n<meta property=\"og:title\" content=\"Trump s&#039;occupe m\u00eame de Coca-Cola: Sweeten de la canne \u00e0 sucre au lieu du sirop de ma\u00efs aux \u00c9tats-Unis? | Vie Associative\" \/>\n<meta property=\"og:description\" content=\"Il ne passe pas une journ\u00e9e sans annonce efficace par les m\u00e9dias par Donald Trump. Maintenant, le pr\u00e9sident des \u00c9tats-Unis commente m\u00eame la recette de\" \/>\n<meta property=\"og:url\" content=\"https:\/\/vieassociative.be\/actualites\/trump-soccupe-meme-de-coca-cola-sweeten-de-la-canne-a-sucre-au-lieu-du-sirop-de-mais-aux-etats-unis\/\" \/>\n<meta property=\"og:site_name\" content=\"Vie Associative\" \/>\n<meta property=\"article:published_time\" content=\"2025-07-17T20:17:07+00:00\" \/>\n<meta property=\"og:image\" content=\"https:\/\/vieassociative.be\/actualites\/wp-content\/uploads\/2024\/09\/header_backgroundk-01-e1726694325946.png\" \/>\n\t<meta property=\"og:image:width\" content=\"279\" \/>\n\t<meta property=\"og:image:height\" content=\"92\" \/>\n\t<meta property=\"og:image:type\" content=\"image\/png\" \/>\n<meta name=\"author\" content=\"Julien\" \/>\n<meta name=\"twitter:card\" content=\"summary_large_image\" \/>\n<meta name=\"twitter:label1\" content=\"\u00c9crit par\" \/>\n\t<meta name=\"twitter:data1\" content=\"Julien\" \/>\n\t<meta name=\"twitter:label2\" content=\"Dur\u00e9e de lecture est.\" \/>\n\t<meta name=\"twitter:data2\" content=\"2 minutes\" \/>\n<script type=\"application\/ld+json\" class=\"yoast-schema-graph\">{\"@context\":\"https:\/\/schema.org\",\"@graph\":[{\"@type\":\"Article\",\"@id\":\"https:\/\/vieassociative.be\/actualites\/trump-soccupe-meme-de-coca-cola-sweeten-de-la-canne-a-sucre-au-lieu-du-sirop-de-mais-aux-etats-unis\/#article\",\"isPartOf\":{\"@id\":\"https:\/\/vieassociative.be\/actualites\/trump-soccupe-meme-de-coca-cola-sweeten-de-la-canne-a-sucre-au-lieu-du-sirop-de-mais-aux-etats-unis\/\"},\"author\":{\"name\":\"Julien\",\"@id\":\"https:\/\/vieassociative.be\/actualites\/#\/schema\/person\/b87ac4f82f9d4e7b7cec7395b679edc4\"},\"headline\":\"Trump s&rsquo;occupe m\u00eame de Coca-Cola: Sweeten de la canne \u00e0 sucre au lieu du sirop de ma\u00efs aux \u00c9tats-Unis?\",\"datePublished\":\"2025-07-17T20:17:07+00:00\",\"dateModified\":\"2025-07-17T20:17:07+00:00\",\"mainEntityOfPage\":{\"@id\":\"https:\/\/vieassociative.be\/actualites\/trump-soccupe-meme-de-coca-cola-sweeten-de-la-canne-a-sucre-au-lieu-du-sirop-de-mais-aux-etats-unis\/\"},\"wordCount\":382,\"publisher\":{\"@id\":\"https:\/\/vieassociative.be\/actualites\/#organization\"},\"image\":{\"@id\":\"https:\/\/vieassociative.be\/actualites\/trump-soccupe-meme-de-coca-cola-sweeten-de-la-canne-a-sucre-au-lieu-du-sirop-de-mais-aux-etats-unis\/#primaryimage\"},\"thumbnailUrl\":\"https:\/\/vieassociative.be\/actualites\/wp-content\/uploads\/2025\/07\/1752783427_Trump-soccupe-meme-de-Coca-Cola-Sweeten-de-la-canne-a.jpg\",\"keywords\":[\"aux\",\"canne\",\"CocaCola\",\"\u00c9tatsUnis\",\"lieu\",\"mais\",\"m\u00eame\",\"sirop\",\"soccupe\",\"sucre\",\"Sweeten\",\"Trump\"],\"articleSection\":[\"Belgique\"],\"inLanguage\":\"fr-BE\"},{\"@type\":\"WebPage\",\"@id\":\"https:\/\/vieassociative.be\/actualites\/trump-soccupe-meme-de-coca-cola-sweeten-de-la-canne-a-sucre-au-lieu-du-sirop-de-mais-aux-etats-unis\/\",\"url\":\"https:\/\/vieassociative.be\/actualites\/trump-soccupe-meme-de-coca-cola-sweeten-de-la-canne-a-sucre-au-lieu-du-sirop-de-mais-aux-etats-unis\/\",\"name\":\"Trump s'occupe m\u00eame de Coca-Cola: Sweeten de la canne \u00e0 sucre au lieu du sirop de ma\u00efs aux \u00c9tats-Unis? | Vie Associative\",\"isPartOf\":{\"@id\":\"https:\/\/vieassociative.be\/actualites\/#website\"},\"primaryImageOfPage\":{\"@id\":\"https:\/\/vieassociative.be\/actualites\/trump-soccupe-meme-de-coca-cola-sweeten-de-la-canne-a-sucre-au-lieu-du-sirop-de-mais-aux-etats-unis\/#primaryimage\"},\"image\":{\"@id\":\"https:\/\/vieassociative.be\/actualites\/trump-soccupe-meme-de-coca-cola-sweeten-de-la-canne-a-sucre-au-lieu-du-sirop-de-mais-aux-etats-unis\/#primaryimage\"},\"thumbnailUrl\":\"https:\/\/vieassociative.be\/actualites\/wp-content\/uploads\/2025\/07\/1752783427_Trump-soccupe-meme-de-Coca-Cola-Sweeten-de-la-canne-a.jpg\",\"datePublished\":\"2025-07-17T20:17:07+00:00\",\"dateModified\":\"2025-07-17T20:17:07+00:00\",\"breadcrumb\":{\"@id\":\"https:\/\/vieassociative.be\/actualites\/trump-soccupe-meme-de-coca-cola-sweeten-de-la-canne-a-sucre-au-lieu-du-sirop-de-mais-aux-etats-unis\/#breadcrumb\"},\"inLanguage\":\"fr-BE\",\"potentialAction\":[{\"@type\":\"ReadAction\",\"target\":[\"https:\/\/vieassociative.be\/actualites\/trump-soccupe-meme-de-coca-cola-sweeten-de-la-canne-a-sucre-au-lieu-du-sirop-de-mais-aux-etats-unis\/\"]}]},{\"@type\":\"ImageObject\",\"inLanguage\":\"fr-BE\",\"@id\":\"https:\/\/vieassociative.be\/actualites\/trump-soccupe-meme-de-coca-cola-sweeten-de-la-canne-a-sucre-au-lieu-du-sirop-de-mais-aux-etats-unis\/#primaryimage\",\"url\":\"https:\/\/vieassociative.be\/actualites\/wp-content\/uploads\/2025\/07\/1752783427_Trump-soccupe-meme-de-Coca-Cola-Sweeten-de-la-canne-a.jpg\",\"contentUrl\":\"https:\/\/vieassociative.be\/actualites\/wp-content\/uploads\/2025\/07\/1752783427_Trump-soccupe-meme-de-Coca-Cola-Sweeten-de-la-canne-a.jpg\",\"width\":1200,\"height\":800,\"caption\":\"Trump s'occupe m\u00eame de Coca-Cola: Sweeten de la canne \u00e0 sucre au lieu du sirop de ma\u00efs aux \u00c9tats-Unis?\"},{\"@type\":\"BreadcrumbList\",\"@id\":\"https:\/\/vieassociative.be\/actualites\/trump-soccupe-meme-de-coca-cola-sweeten-de-la-canne-a-sucre-au-lieu-du-sirop-de-mais-aux-etats-unis\/#breadcrumb\",\"itemListElement\":[{\"@type\":\"ListItem\",\"position\":1,\"name\":\"Accueil\",\"item\":\"https:\/\/vieassociative.be\/actualites\/\"},{\"@type\":\"ListItem\",\"position\":2,\"name\":\"Trump s&rsquo;occupe m\u00eame de Coca-Cola: Sweeten de la canne \u00e0 sucre au lieu du sirop de ma\u00efs aux \u00c9tats-Unis?\"}]},{\"@type\":\"WebSite\",\"@id\":\"https:\/\/vieassociative.be\/actualites\/#website\",\"url\":\"https:\/\/vieassociative.be\/actualites\/\",\"name\":\"Vie Associative\",\"description\":\"\",\"publisher\":{\"@id\":\"https:\/\/vieassociative.be\/actualites\/#organization\"},\"potentialAction\":[{\"@type\":\"SearchAction\",\"target\":{\"@type\":\"EntryPoint\",\"urlTemplate\":\"https:\/\/vieassociative.be\/actualites\/?s={search_term_string}\"},\"query-input\":{\"@type\":\"PropertyValueSpecification\",\"valueRequired\":true,\"valueName\":\"search_term_string\"}}],\"inLanguage\":\"fr-BE\"},{\"@type\":\"Organization\",\"@id\":\"https:\/\/vieassociative.be\/actualites\/#organization\",\"name\":\"Vie Associative\",\"url\":\"https:\/\/vieassociative.be\/actualites\/\",\"logo\":{\"@type\":\"ImageObject\",\"inLanguage\":\"fr-BE\",\"@id\":\"https:\/\/vieassociative.be\/actualites\/#\/schema\/logo\/image\/\",\"url\":\"https:\/\/vieassociative.be\/actualites\/wp-content\/uploads\/2024\/09\/cropped-vieassociative_favicon.ico.png\",\"contentUrl\":\"https:\/\/vieassociative.be\/actualites\/wp-content\/uploads\/2024\/09\/cropped-vieassociative_favicon.ico.png\",\"width\":512,\"height\":512,\"caption\":\"Vie Associative\"},\"image\":{\"@id\":\"https:\/\/vieassociative.be\/actualites\/#\/schema\/logo\/image\/\"}},{\"@type\":\"Person\",\"@id\":\"https:\/\/vieassociative.be\/actualites\/#\/schema\/person\/b87ac4f82f9d4e7b7cec7395b679edc4\",\"name\":\"Julien\",\"image\":{\"@type\":\"ImageObject\",\"inLanguage\":\"fr-BE\",\"@id\":\"https:\/\/vieassociative.be\/actualites\/#\/schema\/person\/image\/\",\"url\":\"https:\/\/vieassociative.be\/actualites\/wp-content\/uploads\/2024\/09\/vie-associative-1-150x150.jpg\",\"contentUrl\":\"https:\/\/vieassociative.be\/actualites\/wp-content\/uploads\/2024\/09\/vie-associative-1-150x150.jpg\",\"caption\":\"Julien\"},\"description\":\"Je suis Julien, r\u00e9dacteur pour Vie Associative. Passionn\u00e9 par le monde associatif depuis plus de 10 ans, j'ai \u00e0 c\u0153ur de partager des histoires inspirantes et de mettre en lumi\u00e8re les initiatives locales. Mon objectif est de sensibiliser et d'encourager l'engagement communautaire \u00e0 travers mes articles.\",\"sameAs\":[\"https:\/\/vieassociative.be\/\"]}]}<\/script>\n<!-- \/ Yoast SEO plugin. -->","yoast_head_json":{"title":"Trump s'occupe m\u00eame de Coca-Cola: Sweeten de la canne \u00e0 sucre au lieu du sirop de ma\u00efs aux \u00c9tats-Unis? | Vie Associative","robots":{"index":"index","follow":"follow","max-snippet":"max-snippet:-1","max-image-preview":"max-image-preview:large","max-video-preview":"max-video-preview:-1"},"canonical":"https:\/\/vieassociative.be\/actualites\/trump-soccupe-meme-de-coca-cola-sweeten-de-la-canne-a-sucre-au-lieu-du-sirop-de-mais-aux-etats-unis\/","og_locale":"fr_FR","og_type":"article","og_title":"Trump s'occupe m\u00eame de Coca-Cola: Sweeten de la canne \u00e0 sucre au lieu du sirop de ma\u00efs aux \u00c9tats-Unis? | Vie Associative","og_description":"Il ne passe pas une journ\u00e9e sans annonce efficace par les m\u00e9dias par Donald Trump. Maintenant, le pr\u00e9sident des \u00c9tats-Unis commente m\u00eame la recette de","og_url":"https:\/\/vieassociative.be\/actualites\/trump-soccupe-meme-de-coca-cola-sweeten-de-la-canne-a-sucre-au-lieu-du-sirop-de-mais-aux-etats-unis\/","og_site_name":"Vie Associative","article_published_time":"2025-07-17T20:17:07+00:00","og_image":[{"width":279,"height":92,"url":"https:\/\/vieassociative.be\/actualites\/wp-content\/uploads\/2024\/09\/header_backgroundk-01-e1726694325946.png","type":"image\/png"}],"author":"Julien","twitter_card":"summary_large_image","twitter_misc":{"\u00c9crit par":"Julien","Dur\u00e9e de lecture est.":"2 minutes"},"schema":{"@context":"https:\/\/schema.org","@graph":[{"@type":"Article","@id":"https:\/\/vieassociative.be\/actualites\/trump-soccupe-meme-de-coca-cola-sweeten-de-la-canne-a-sucre-au-lieu-du-sirop-de-mais-aux-etats-unis\/#article","isPartOf":{"@id":"https:\/\/vieassociative.be\/actualites\/trump-soccupe-meme-de-coca-cola-sweeten-de-la-canne-a-sucre-au-lieu-du-sirop-de-mais-aux-etats-unis\/"},"author":{"name":"Julien","@id":"https:\/\/vieassociative.be\/actualites\/#\/schema\/person\/b87ac4f82f9d4e7b7cec7395b679edc4"},"headline":"Trump s&rsquo;occupe m\u00eame de Coca-Cola: Sweeten de la canne \u00e0 sucre au lieu du sirop de ma\u00efs aux \u00c9tats-Unis?","datePublished":"2025-07-17T20:17:07+00:00","dateModified":"2025-07-17T20:17:07+00:00","mainEntityOfPage":{"@id":"https:\/\/vieassociative.be\/actualites\/trump-soccupe-meme-de-coca-cola-sweeten-de-la-canne-a-sucre-au-lieu-du-sirop-de-mais-aux-etats-unis\/"},"wordCount":382,"publisher":{"@id":"https:\/\/vieassociative.be\/actualites\/#organization"},"image":{"@id":"https:\/\/vieassociative.be\/actualites\/trump-soccupe-meme-de-coca-cola-sweeten-de-la-canne-a-sucre-au-lieu-du-sirop-de-mais-aux-etats-unis\/#primaryimage"},"thumbnailUrl":"https:\/\/vieassociative.be\/actualites\/wp-content\/uploads\/2025\/07\/1752783427_Trump-soccupe-meme-de-Coca-Cola-Sweeten-de-la-canne-a.jpg","keywords":["aux","canne","CocaCola","\u00c9tatsUnis","lieu","mais","m\u00eame","sirop","soccupe","sucre","Sweeten","Trump"],"articleSection":["Belgique"],"inLanguage":"fr-BE"},{"@type":"WebPage","@id":"https:\/\/vieassociative.be\/actualites\/trump-soccupe-meme-de-coca-cola-sweeten-de-la-canne-a-sucre-au-lieu-du-sirop-de-mais-aux-etats-unis\/","url":"https:\/\/vieassociative.be\/actualites\/trump-soccupe-meme-de-coca-cola-sweeten-de-la-canne-a-sucre-au-lieu-du-sirop-de-mais-aux-etats-unis\/","name":"Trump s'occupe m\u00eame de Coca-Cola: Sweeten de la canne \u00e0 sucre au lieu du sirop de ma\u00efs aux \u00c9tats-Unis? | Vie Associative","isPartOf":{"@id":"https:\/\/vieassociative.be\/actualites\/#website"},"primaryImageOfPage":{"@id":"https:\/\/vieassociative.be\/actualites\/trump-soccupe-meme-de-coca-cola-sweeten-de-la-canne-a-sucre-au-lieu-du-sirop-de-mais-aux-etats-unis\/#primaryimage"},"image":{"@id":"https:\/\/vieassociative.be\/actualites\/trump-soccupe-meme-de-coca-cola-sweeten-de-la-canne-a-sucre-au-lieu-du-sirop-de-mais-aux-etats-unis\/#primaryimage"},"thumbnailUrl":"https:\/\/vieassociative.be\/actualites\/wp-content\/uploads\/2025\/07\/1752783427_Trump-soccupe-meme-de-Coca-Cola-Sweeten-de-la-canne-a.jpg","datePublished":"2025-07-17T20:17:07+00:00","dateModified":"2025-07-17T20:17:07+00:00","breadcrumb":{"@id":"https:\/\/vieassociative.be\/actualites\/trump-soccupe-meme-de-coca-cola-sweeten-de-la-canne-a-sucre-au-lieu-du-sirop-de-mais-aux-etats-unis\/#breadcrumb"},"inLanguage":"fr-BE","potentialAction":[{"@type":"ReadAction","target":["https:\/\/vieassociative.be\/actualites\/trump-soccupe-meme-de-coca-cola-sweeten-de-la-canne-a-sucre-au-lieu-du-sirop-de-mais-aux-etats-unis\/"]}]},{"@type":"ImageObject","inLanguage":"fr-BE","@id":"https:\/\/vieassociative.be\/actualites\/trump-soccupe-meme-de-coca-cola-sweeten-de-la-canne-a-sucre-au-lieu-du-sirop-de-mais-aux-etats-unis\/#primaryimage","url":"https:\/\/vieassociative.be\/actualites\/wp-content\/uploads\/2025\/07\/1752783427_Trump-soccupe-meme-de-Coca-Cola-Sweeten-de-la-canne-a.jpg","contentUrl":"https:\/\/vieassociative.be\/actualites\/wp-content\/uploads\/2025\/07\/1752783427_Trump-soccupe-meme-de-Coca-Cola-Sweeten-de-la-canne-a.jpg","width":1200,"height":800,"caption":"Trump s'occupe m\u00eame de Coca-Cola: Sweeten de la canne \u00e0 sucre au lieu du sirop de ma\u00efs aux \u00c9tats-Unis?"},{"@type":"BreadcrumbList","@id":"https:\/\/vieassociative.be\/actualites\/trump-soccupe-meme-de-coca-cola-sweeten-de-la-canne-a-sucre-au-lieu-du-sirop-de-mais-aux-etats-unis\/#breadcrumb","itemListElement":[{"@type":"ListItem","position":1,"name":"Accueil","item":"https:\/\/vieassociative.be\/actualites\/"},{"@type":"ListItem","position":2,"name":"Trump s&rsquo;occupe m\u00eame de Coca-Cola: Sweeten de la canne \u00e0 sucre au lieu du sirop de ma\u00efs aux \u00c9tats-Unis?"}]},{"@type":"WebSite","@id":"https:\/\/vieassociative.be\/actualites\/#website","url":"https:\/\/vieassociative.be\/actualites\/","name":"Vie Associative","description":"","publisher":{"@id":"https:\/\/vieassociative.be\/actualites\/#organization"},"potentialAction":[{"@type":"SearchAction","target":{"@type":"EntryPoint","urlTemplate":"https:\/\/vieassociative.be\/actualites\/?s={search_term_string}"},"query-input":{"@type":"PropertyValueSpecification","valueRequired":true,"valueName":"search_term_string"}}],"inLanguage":"fr-BE"},{"@type":"Organization","@id":"https:\/\/vieassociative.be\/actualites\/#organization","name":"Vie Associative","url":"https:\/\/vieassociative.be\/actualites\/","logo":{"@type":"ImageObject","inLanguage":"fr-BE","@id":"https:\/\/vieassociative.be\/actualites\/#\/schema\/logo\/image\/","url":"https:\/\/vieassociative.be\/actualites\/wp-content\/uploads\/2024\/09\/cropped-vieassociative_favicon.ico.png","contentUrl":"https:\/\/vieassociative.be\/actualites\/wp-content\/uploads\/2024\/09\/cropped-vieassociative_favicon.ico.png","width":512,"height":512,"caption":"Vie Associative"},"image":{"@id":"https:\/\/vieassociative.be\/actualites\/#\/schema\/logo\/image\/"}},{"@type":"Person","@id":"https:\/\/vieassociative.be\/actualites\/#\/schema\/person\/b87ac4f82f9d4e7b7cec7395b679edc4","name":"Julien","image":{"@type":"ImageObject","inLanguage":"fr-BE","@id":"https:\/\/vieassociative.be\/actualites\/#\/schema\/person\/image\/","url":"https:\/\/vieassociative.be\/actualites\/wp-content\/uploads\/2024\/09\/vie-associative-1-150x150.jpg","contentUrl":"https:\/\/vieassociative.be\/actualites\/wp-content\/uploads\/2024\/09\/vie-associative-1-150x150.jpg","caption":"Julien"},"description":"Je suis Julien, r\u00e9dacteur pour Vie Associative. Passionn\u00e9 par le monde associatif depuis plus de 10 ans, j'ai \u00e0 c\u0153ur de partager des histoires inspirantes et de mettre en lumi\u00e8re les initiatives locales. Mon objectif est de sensibiliser et d'encourager l'engagement communautaire \u00e0 travers mes articles.","sameAs":["https:\/\/vieassociative.be\/"]}]}},"_links":{"self":[{"href":"https:\/\/vieassociative.be\/actualites\/wp-json\/wp\/v2\/posts\/8824"}],"collection":[{"href":"https:\/\/vieassociative.be\/actualites\/wp-json\/wp\/v2\/posts"}],"about":[{"href":"https:\/\/vieassociative.be\/actualites\/wp-json\/wp\/v2\/types\/post"}],"author":[{"embeddable":true,"href":"https:\/\/vieassociative.be\/actualites\/wp-json\/wp\/v2\/users\/1"}],"replies":[{"embeddable":true,"href":"https:\/\/vieassociative.be\/actualites\/wp-json\/wp\/v2\/comments?post=8824"}],"version-history":[{"count":0,"href":"https:\/\/vieassociative.be\/actualites\/wp-json\/wp\/v2\/posts\/8824\/revisions"}],"wp:featuredmedia":[{"embeddable":true,"href":"https:\/\/vieassociative.be\/actualites\/wp-json\/wp\/v2\/media\/8825"}],"wp:attachment":[{"href":"https:\/\/vieassociative.be\/actualites\/wp-json\/wp\/v2\/media?parent=8824"}],"wp:term":[{"taxonomy":"category","embeddable":true,"href":"https:\/\/vieassociative.be\/actualites\/wp-json\/wp\/v2\/categories?post=8824"},{"taxonomy":"post_tag","embeddable":true,"href":"https:\/\/vieassociative.be\/actualites\/wp-json\/wp\/v2\/tags?post=8824"}],"curies":[{"name":"wp","href":"https:\/\/api.w.org\/{rel}","templated":true}]}}