{"id":8816,"date":"2025-07-17T16:17:21","date_gmt":"2025-07-17T14:17:21","guid":{"rendered":"https:\/\/vieassociative.be\/actualites\/rb-leipzig-devient-maintenant-meme-belgic-johan-bakayoko-change-dans-les-red-bulls\/"},"modified":"2025-07-17T16:17:21","modified_gmt":"2025-07-17T14:17:21","slug":"rb-leipzig-devient-maintenant-meme-belgic-johan-bakayoko-change-dans-les-red-bulls","status":"publish","type":"post","link":"https:\/\/vieassociative.be\/actualites\/rb-leipzig-devient-maintenant-meme-belgic-johan-bakayoko-change-dans-les-red-bulls\/","title":{"rendered":"RB Leipzig devient maintenant m\u00eame Belgic: Johan Bakayoko change dans les \u00ab\u00a0Red Bulls\u00a0\u00bb"},"content":{"rendered":"<p><strong>Bundesliga Club RB Leipzig continue le cadre et devient m\u00eame Belgic: apr\u00e8s l&rsquo;attaquant Lois OpenDA, le milieu de terrain Arthur Viri\u00e8re et le gardien de but Maarten Vandervoordt change un autre diable rouge aux \u00ab\u00a0Red Bulls\u00a0\u00bb.<\/strong><\/p>\n<p><span id=\"more-420283\"><\/span>RB Leipzig a coup\u00e9 les concurrents de Bundesliga et obtenu les services du joueur offensif Johan Bakayoko. L&rsquo;international belge vient du champion n\u00e9erlandais PSV Eindhoven en Saxe, comme le club l&rsquo;a annonc\u00e9. Il a sign\u00e9 un contrat jusqu&rsquo;en 2030.<\/p>\n<p>Selon les m\u00e9dias, le transfert devrait \u00eatre d&rsquo;environ 18 millions d&rsquo;euros, mais peut toujours passer \u00e0 plus de 20 millions avec des primes. Bayer Leverkusen et le Borussia Dortmund auraient \u00e9t\u00e9 int\u00e9ress\u00e9s par l&rsquo;aile droite.<\/p>\n<div id=\"attachment_379883\" class=\"wp-caption alignleft\" style=\"max-width: 300px\"><img fetchpriority=\"high\" decoding=\"async\" class=\"wp-image-379883 size-medium\" src=\"https:\/\/vieassociative.be\/actualites\/wp-content\/uploads\/2025\/07\/RB-Leipzig-devient-maintenant-meme-Belgic-Johan-Bakayoko-change-dans.jpg\" alt=\"\" width=\"300\" height=\"200\"><\/p>\n<p class=\"wp-caption-text\">23.03.2024, Irlande, Dublin: Chiezie Ogbene (L) d&rsquo;Irlande contre Johan Bakayoko (M) de Belgique. Photo: Bruno Fahy \/ Belga \/ DPA<\/p>\n<\/div>\n<p>\u00ab\u00a0RB Leipzig a eu Johan Bakayoko sur le radar depuis plus de deux ans et a toujours essay\u00e9 de faire ses efforts &#8211; nous sommes donc tous plus heureux qu&rsquo;il ait choisi Leipzig malgr\u00e9 une grande concurrence\u00a0\u00bb, a d\u00e9clar\u00e9 Marcel Sch\u00e4fer, directeur g\u00e9n\u00e9ral du sport.<\/p>\n<p>Bakayoko, qui portera le num\u00e9ro 9 \u00e0 RB, a commenc\u00e9 sa carri\u00e8re de football \u00e0 Oud-Heverlee L\u00f6wen et a atteint le RSC Anderlecht via le FC Bruges et KV Mechelen. En 2019, il a d\u00e9m\u00e9nag\u00e9 \u00e0 la PSV Eindhoven Youth Academy.<\/p>\n<p>Le Leipziger, qui ne jouera pas \u00e0 l&rsquo;international pour la premi\u00e8re fois depuis des ann\u00e9es, poursuivra son bouleversement sous le nouvel entra\u00eeneur Ole Werner.<\/p>\n<p>Il y a un an, le champion n\u00e9erlandais aurait re\u00e7u un transfert beaucoup plus \u00e9lev\u00e9 pour Bakayoko, comme le rapporte le march\u00e9 du transfert de portail. \u00c0 cette \u00e9poque, sa valeur marchande \u00e9tait de 45 millions d&rsquo;euros. Apr\u00e8s plusieurs options d&rsquo;\u00e9change \u00e9limin\u00e9es et une saison moins r\u00e9ussie 2024\/2025 avec \u00ab\u00a0seulement\u00a0\u00bb 12 r\u00e9unions, cela est tomb\u00e9 \u00e0 30 millions d&rsquo;euros. De plus, Bakayoko n&rsquo;a r\u00e9cemment plus jou\u00e9 de r\u00f4le dans l&rsquo;\u00e9quipe nationale belge sous le nouvel entra\u00eeneur Rudi Garcia. (DPA \/ CRE)<\/p>\n","protected":false},"excerpt":{"rendered":"<p>Bundesliga Club RB Leipzig continue le cadre et devient m\u00eame Belgic: apr\u00e8s l&rsquo;attaquant Lois OpenDA, le milieu de terrain Arthur Viri\u00e8re et le gardien de<\/p>\n","protected":false},"author":1,"featured_media":8817,"comment_status":"","ping_status":"","sticky":false,"template":"","format":"standard","meta":{"footnotes":""},"categories":[298],"tags":[7787,7785,7788,5363,166,928,7786,2823,14,233,891,3312],"class_list":["post-8816","post","type-post","status-publish","format-standard","has-post-thumbnail","hentry","category-belgique","tag-bakayoko","tag-belgic","tag-bulls","tag-change","tag-dans","tag-devient","tag-johan","tag-leipzig","tag-les","tag-maintenant","tag-meme","tag-red","generate-columns","tablet-grid-50","mobile-grid-100","grid-parent","grid-33"],"yoast_head":"<!-- This site is optimized with the Yoast SEO plugin v24.0 - https:\/\/yoast.com\/wordpress\/plugins\/seo\/ -->\n<title>RB Leipzig devient maintenant m\u00eame Belgic: Johan Bakayoko change dans les &quot;Red Bulls&quot; | Vie Associative<\/title>\n<meta name=\"robots\" content=\"index, follow, max-snippet:-1, max-image-preview:large, max-video-preview:-1\" \/>\n<link rel=\"canonical\" href=\"https:\/\/vieassociative.be\/actualites\/rb-leipzig-devient-maintenant-meme-belgic-johan-bakayoko-change-dans-les-red-bulls\/\" \/>\n<meta property=\"og:locale\" content=\"fr_FR\" \/>\n<meta property=\"og:type\" content=\"article\" \/>\n<meta property=\"og:title\" content=\"RB Leipzig devient maintenant m\u00eame Belgic: Johan Bakayoko change dans les &quot;Red Bulls&quot; | Vie Associative\" \/>\n<meta property=\"og:description\" content=\"Bundesliga Club RB Leipzig continue le cadre et devient m\u00eame Belgic: apr\u00e8s l&rsquo;attaquant Lois OpenDA, le milieu de terrain Arthur Viri\u00e8re et le gardien de\" \/>\n<meta property=\"og:url\" content=\"https:\/\/vieassociative.be\/actualites\/rb-leipzig-devient-maintenant-meme-belgic-johan-bakayoko-change-dans-les-red-bulls\/\" \/>\n<meta property=\"og:site_name\" content=\"Vie Associative\" \/>\n<meta property=\"article:published_time\" content=\"2025-07-17T14:17:21+00:00\" \/>\n<meta property=\"og:image\" content=\"https:\/\/vieassociative.be\/actualites\/wp-content\/uploads\/2024\/09\/header_backgroundk-01-e1726694325946.png\" \/>\n\t<meta property=\"og:image:width\" content=\"279\" \/>\n\t<meta property=\"og:image:height\" content=\"92\" \/>\n\t<meta property=\"og:image:type\" content=\"image\/png\" \/>\n<meta name=\"author\" content=\"Julien\" \/>\n<meta name=\"twitter:card\" content=\"summary_large_image\" \/>\n<meta name=\"twitter:label1\" content=\"\u00c9crit par\" \/>\n\t<meta name=\"twitter:data1\" content=\"Julien\" \/>\n\t<meta name=\"twitter:label2\" content=\"Dur\u00e9e de lecture est.\" \/>\n\t<meta name=\"twitter:data2\" content=\"2 minutes\" \/>\n<script type=\"application\/ld+json\" class=\"yoast-schema-graph\">{\"@context\":\"https:\/\/schema.org\",\"@graph\":[{\"@type\":\"Article\",\"@id\":\"https:\/\/vieassociative.be\/actualites\/rb-leipzig-devient-maintenant-meme-belgic-johan-bakayoko-change-dans-les-red-bulls\/#article\",\"isPartOf\":{\"@id\":\"https:\/\/vieassociative.be\/actualites\/rb-leipzig-devient-maintenant-meme-belgic-johan-bakayoko-change-dans-les-red-bulls\/\"},\"author\":{\"name\":\"Julien\",\"@id\":\"https:\/\/vieassociative.be\/actualites\/#\/schema\/person\/b87ac4f82f9d4e7b7cec7395b679edc4\"},\"headline\":\"RB Leipzig devient maintenant m\u00eame Belgic: Johan Bakayoko change dans les \u00ab\u00a0Red Bulls\u00a0\u00bb\",\"datePublished\":\"2025-07-17T14:17:21+00:00\",\"dateModified\":\"2025-07-17T14:17:21+00:00\",\"mainEntityOfPage\":{\"@id\":\"https:\/\/vieassociative.be\/actualites\/rb-leipzig-devient-maintenant-meme-belgic-johan-bakayoko-change-dans-les-red-bulls\/\"},\"wordCount\":358,\"publisher\":{\"@id\":\"https:\/\/vieassociative.be\/actualites\/#organization\"},\"image\":{\"@id\":\"https:\/\/vieassociative.be\/actualites\/rb-leipzig-devient-maintenant-meme-belgic-johan-bakayoko-change-dans-les-red-bulls\/#primaryimage\"},\"thumbnailUrl\":\"https:\/\/vieassociative.be\/actualites\/wp-content\/uploads\/2025\/07\/1752761842_RB-Leipzig-devient-maintenant-meme-Belgic-Johan-Bakayoko-change-dans.jpg\",\"keywords\":[\"Bakayoko\",\"Belgic\",\"Bulls\",\"chang\u00e9\",\"dans\",\"devient\",\"Johan\",\"Leipzig\",\"Les\",\"maintenant\",\"m\u00eame\",\"Red\"],\"articleSection\":[\"Belgique\"],\"inLanguage\":\"fr-BE\"},{\"@type\":\"WebPage\",\"@id\":\"https:\/\/vieassociative.be\/actualites\/rb-leipzig-devient-maintenant-meme-belgic-johan-bakayoko-change-dans-les-red-bulls\/\",\"url\":\"https:\/\/vieassociative.be\/actualites\/rb-leipzig-devient-maintenant-meme-belgic-johan-bakayoko-change-dans-les-red-bulls\/\",\"name\":\"RB Leipzig devient maintenant m\u00eame Belgic: Johan Bakayoko change dans les \\\"Red Bulls\\\" | Vie Associative\",\"isPartOf\":{\"@id\":\"https:\/\/vieassociative.be\/actualites\/#website\"},\"primaryImageOfPage\":{\"@id\":\"https:\/\/vieassociative.be\/actualites\/rb-leipzig-devient-maintenant-meme-belgic-johan-bakayoko-change-dans-les-red-bulls\/#primaryimage\"},\"image\":{\"@id\":\"https:\/\/vieassociative.be\/actualites\/rb-leipzig-devient-maintenant-meme-belgic-johan-bakayoko-change-dans-les-red-bulls\/#primaryimage\"},\"thumbnailUrl\":\"https:\/\/vieassociative.be\/actualites\/wp-content\/uploads\/2025\/07\/1752761842_RB-Leipzig-devient-maintenant-meme-Belgic-Johan-Bakayoko-change-dans.jpg\",\"datePublished\":\"2025-07-17T14:17:21+00:00\",\"dateModified\":\"2025-07-17T14:17:21+00:00\",\"breadcrumb\":{\"@id\":\"https:\/\/vieassociative.be\/actualites\/rb-leipzig-devient-maintenant-meme-belgic-johan-bakayoko-change-dans-les-red-bulls\/#breadcrumb\"},\"inLanguage\":\"fr-BE\",\"potentialAction\":[{\"@type\":\"ReadAction\",\"target\":[\"https:\/\/vieassociative.be\/actualites\/rb-leipzig-devient-maintenant-meme-belgic-johan-bakayoko-change-dans-les-red-bulls\/\"]}]},{\"@type\":\"ImageObject\",\"inLanguage\":\"fr-BE\",\"@id\":\"https:\/\/vieassociative.be\/actualites\/rb-leipzig-devient-maintenant-meme-belgic-johan-bakayoko-change-dans-les-red-bulls\/#primaryimage\",\"url\":\"https:\/\/vieassociative.be\/actualites\/wp-content\/uploads\/2025\/07\/1752761842_RB-Leipzig-devient-maintenant-meme-Belgic-Johan-Bakayoko-change-dans.jpg\",\"contentUrl\":\"https:\/\/vieassociative.be\/actualites\/wp-content\/uploads\/2025\/07\/1752761842_RB-Leipzig-devient-maintenant-meme-Belgic-Johan-Bakayoko-change-dans.jpg\",\"width\":1200,\"height\":800,\"caption\":\"RB Leipzig devient maintenant m\u00eame Belgic: Johan Bakayoko change dans les \\\"Red Bulls\\\"\"},{\"@type\":\"BreadcrumbList\",\"@id\":\"https:\/\/vieassociative.be\/actualites\/rb-leipzig-devient-maintenant-meme-belgic-johan-bakayoko-change-dans-les-red-bulls\/#breadcrumb\",\"itemListElement\":[{\"@type\":\"ListItem\",\"position\":1,\"name\":\"Accueil\",\"item\":\"https:\/\/vieassociative.be\/actualites\/\"},{\"@type\":\"ListItem\",\"position\":2,\"name\":\"RB Leipzig devient maintenant m\u00eame Belgic: Johan Bakayoko change dans les \u00ab\u00a0Red Bulls\u00a0\u00bb\"}]},{\"@type\":\"WebSite\",\"@id\":\"https:\/\/vieassociative.be\/actualites\/#website\",\"url\":\"https:\/\/vieassociative.be\/actualites\/\",\"name\":\"Vie Associative\",\"description\":\"\",\"publisher\":{\"@id\":\"https:\/\/vieassociative.be\/actualites\/#organization\"},\"potentialAction\":[{\"@type\":\"SearchAction\",\"target\":{\"@type\":\"EntryPoint\",\"urlTemplate\":\"https:\/\/vieassociative.be\/actualites\/?s={search_term_string}\"},\"query-input\":{\"@type\":\"PropertyValueSpecification\",\"valueRequired\":true,\"valueName\":\"search_term_string\"}}],\"inLanguage\":\"fr-BE\"},{\"@type\":\"Organization\",\"@id\":\"https:\/\/vieassociative.be\/actualites\/#organization\",\"name\":\"Vie Associative\",\"url\":\"https:\/\/vieassociative.be\/actualites\/\",\"logo\":{\"@type\":\"ImageObject\",\"inLanguage\":\"fr-BE\",\"@id\":\"https:\/\/vieassociative.be\/actualites\/#\/schema\/logo\/image\/\",\"url\":\"https:\/\/vieassociative.be\/actualites\/wp-content\/uploads\/2024\/09\/cropped-vieassociative_favicon.ico.png\",\"contentUrl\":\"https:\/\/vieassociative.be\/actualites\/wp-content\/uploads\/2024\/09\/cropped-vieassociative_favicon.ico.png\",\"width\":512,\"height\":512,\"caption\":\"Vie Associative\"},\"image\":{\"@id\":\"https:\/\/vieassociative.be\/actualites\/#\/schema\/logo\/image\/\"}},{\"@type\":\"Person\",\"@id\":\"https:\/\/vieassociative.be\/actualites\/#\/schema\/person\/b87ac4f82f9d4e7b7cec7395b679edc4\",\"name\":\"Julien\",\"image\":{\"@type\":\"ImageObject\",\"inLanguage\":\"fr-BE\",\"@id\":\"https:\/\/vieassociative.be\/actualites\/#\/schema\/person\/image\/\",\"url\":\"https:\/\/vieassociative.be\/actualites\/wp-content\/uploads\/2024\/09\/vie-associative-1-150x150.jpg\",\"contentUrl\":\"https:\/\/vieassociative.be\/actualites\/wp-content\/uploads\/2024\/09\/vie-associative-1-150x150.jpg\",\"caption\":\"Julien\"},\"description\":\"Je suis Julien, r\u00e9dacteur pour Vie Associative. Passionn\u00e9 par le monde associatif depuis plus de 10 ans, j'ai \u00e0 c\u0153ur de partager des histoires inspirantes et de mettre en lumi\u00e8re les initiatives locales. Mon objectif est de sensibiliser et d'encourager l'engagement communautaire \u00e0 travers mes articles.\",\"sameAs\":[\"https:\/\/vieassociative.be\/\"]}]}<\/script>\n<!-- \/ Yoast SEO plugin. -->","yoast_head_json":{"title":"RB Leipzig devient maintenant m\u00eame Belgic: Johan Bakayoko change dans les \"Red Bulls\" | Vie Associative","robots":{"index":"index","follow":"follow","max-snippet":"max-snippet:-1","max-image-preview":"max-image-preview:large","max-video-preview":"max-video-preview:-1"},"canonical":"https:\/\/vieassociative.be\/actualites\/rb-leipzig-devient-maintenant-meme-belgic-johan-bakayoko-change-dans-les-red-bulls\/","og_locale":"fr_FR","og_type":"article","og_title":"RB Leipzig devient maintenant m\u00eame Belgic: Johan Bakayoko change dans les \"Red Bulls\" | Vie Associative","og_description":"Bundesliga Club RB Leipzig continue le cadre et devient m\u00eame Belgic: apr\u00e8s l&rsquo;attaquant Lois OpenDA, le milieu de terrain Arthur Viri\u00e8re et le gardien de","og_url":"https:\/\/vieassociative.be\/actualites\/rb-leipzig-devient-maintenant-meme-belgic-johan-bakayoko-change-dans-les-red-bulls\/","og_site_name":"Vie Associative","article_published_time":"2025-07-17T14:17:21+00:00","og_image":[{"width":279,"height":92,"url":"https:\/\/vieassociative.be\/actualites\/wp-content\/uploads\/2024\/09\/header_backgroundk-01-e1726694325946.png","type":"image\/png"}],"author":"Julien","twitter_card":"summary_large_image","twitter_misc":{"\u00c9crit par":"Julien","Dur\u00e9e de lecture est.":"2 minutes"},"schema":{"@context":"https:\/\/schema.org","@graph":[{"@type":"Article","@id":"https:\/\/vieassociative.be\/actualites\/rb-leipzig-devient-maintenant-meme-belgic-johan-bakayoko-change-dans-les-red-bulls\/#article","isPartOf":{"@id":"https:\/\/vieassociative.be\/actualites\/rb-leipzig-devient-maintenant-meme-belgic-johan-bakayoko-change-dans-les-red-bulls\/"},"author":{"name":"Julien","@id":"https:\/\/vieassociative.be\/actualites\/#\/schema\/person\/b87ac4f82f9d4e7b7cec7395b679edc4"},"headline":"RB Leipzig devient maintenant m\u00eame Belgic: Johan Bakayoko change dans les \u00ab\u00a0Red Bulls\u00a0\u00bb","datePublished":"2025-07-17T14:17:21+00:00","dateModified":"2025-07-17T14:17:21+00:00","mainEntityOfPage":{"@id":"https:\/\/vieassociative.be\/actualites\/rb-leipzig-devient-maintenant-meme-belgic-johan-bakayoko-change-dans-les-red-bulls\/"},"wordCount":358,"publisher":{"@id":"https:\/\/vieassociative.be\/actualites\/#organization"},"image":{"@id":"https:\/\/vieassociative.be\/actualites\/rb-leipzig-devient-maintenant-meme-belgic-johan-bakayoko-change-dans-les-red-bulls\/#primaryimage"},"thumbnailUrl":"https:\/\/vieassociative.be\/actualites\/wp-content\/uploads\/2025\/07\/1752761842_RB-Leipzig-devient-maintenant-meme-Belgic-Johan-Bakayoko-change-dans.jpg","keywords":["Bakayoko","Belgic","Bulls","chang\u00e9","dans","devient","Johan","Leipzig","Les","maintenant","m\u00eame","Red"],"articleSection":["Belgique"],"inLanguage":"fr-BE"},{"@type":"WebPage","@id":"https:\/\/vieassociative.be\/actualites\/rb-leipzig-devient-maintenant-meme-belgic-johan-bakayoko-change-dans-les-red-bulls\/","url":"https:\/\/vieassociative.be\/actualites\/rb-leipzig-devient-maintenant-meme-belgic-johan-bakayoko-change-dans-les-red-bulls\/","name":"RB Leipzig devient maintenant m\u00eame Belgic: Johan Bakayoko change dans les \"Red Bulls\" | Vie Associative","isPartOf":{"@id":"https:\/\/vieassociative.be\/actualites\/#website"},"primaryImageOfPage":{"@id":"https:\/\/vieassociative.be\/actualites\/rb-leipzig-devient-maintenant-meme-belgic-johan-bakayoko-change-dans-les-red-bulls\/#primaryimage"},"image":{"@id":"https:\/\/vieassociative.be\/actualites\/rb-leipzig-devient-maintenant-meme-belgic-johan-bakayoko-change-dans-les-red-bulls\/#primaryimage"},"thumbnailUrl":"https:\/\/vieassociative.be\/actualites\/wp-content\/uploads\/2025\/07\/1752761842_RB-Leipzig-devient-maintenant-meme-Belgic-Johan-Bakayoko-change-dans.jpg","datePublished":"2025-07-17T14:17:21+00:00","dateModified":"2025-07-17T14:17:21+00:00","breadcrumb":{"@id":"https:\/\/vieassociative.be\/actualites\/rb-leipzig-devient-maintenant-meme-belgic-johan-bakayoko-change-dans-les-red-bulls\/#breadcrumb"},"inLanguage":"fr-BE","potentialAction":[{"@type":"ReadAction","target":["https:\/\/vieassociative.be\/actualites\/rb-leipzig-devient-maintenant-meme-belgic-johan-bakayoko-change-dans-les-red-bulls\/"]}]},{"@type":"ImageObject","inLanguage":"fr-BE","@id":"https:\/\/vieassociative.be\/actualites\/rb-leipzig-devient-maintenant-meme-belgic-johan-bakayoko-change-dans-les-red-bulls\/#primaryimage","url":"https:\/\/vieassociative.be\/actualites\/wp-content\/uploads\/2025\/07\/1752761842_RB-Leipzig-devient-maintenant-meme-Belgic-Johan-Bakayoko-change-dans.jpg","contentUrl":"https:\/\/vieassociative.be\/actualites\/wp-content\/uploads\/2025\/07\/1752761842_RB-Leipzig-devient-maintenant-meme-Belgic-Johan-Bakayoko-change-dans.jpg","width":1200,"height":800,"caption":"RB Leipzig devient maintenant m\u00eame Belgic: Johan Bakayoko change dans les \"Red Bulls\""},{"@type":"BreadcrumbList","@id":"https:\/\/vieassociative.be\/actualites\/rb-leipzig-devient-maintenant-meme-belgic-johan-bakayoko-change-dans-les-red-bulls\/#breadcrumb","itemListElement":[{"@type":"ListItem","position":1,"name":"Accueil","item":"https:\/\/vieassociative.be\/actualites\/"},{"@type":"ListItem","position":2,"name":"RB Leipzig devient maintenant m\u00eame Belgic: Johan Bakayoko change dans les \u00ab\u00a0Red Bulls\u00a0\u00bb"}]},{"@type":"WebSite","@id":"https:\/\/vieassociative.be\/actualites\/#website","url":"https:\/\/vieassociative.be\/actualites\/","name":"Vie Associative","description":"","publisher":{"@id":"https:\/\/vieassociative.be\/actualites\/#organization"},"potentialAction":[{"@type":"SearchAction","target":{"@type":"EntryPoint","urlTemplate":"https:\/\/vieassociative.be\/actualites\/?s={search_term_string}"},"query-input":{"@type":"PropertyValueSpecification","valueRequired":true,"valueName":"search_term_string"}}],"inLanguage":"fr-BE"},{"@type":"Organization","@id":"https:\/\/vieassociative.be\/actualites\/#organization","name":"Vie Associative","url":"https:\/\/vieassociative.be\/actualites\/","logo":{"@type":"ImageObject","inLanguage":"fr-BE","@id":"https:\/\/vieassociative.be\/actualites\/#\/schema\/logo\/image\/","url":"https:\/\/vieassociative.be\/actualites\/wp-content\/uploads\/2024\/09\/cropped-vieassociative_favicon.ico.png","contentUrl":"https:\/\/vieassociative.be\/actualites\/wp-content\/uploads\/2024\/09\/cropped-vieassociative_favicon.ico.png","width":512,"height":512,"caption":"Vie Associative"},"image":{"@id":"https:\/\/vieassociative.be\/actualites\/#\/schema\/logo\/image\/"}},{"@type":"Person","@id":"https:\/\/vieassociative.be\/actualites\/#\/schema\/person\/b87ac4f82f9d4e7b7cec7395b679edc4","name":"Julien","image":{"@type":"ImageObject","inLanguage":"fr-BE","@id":"https:\/\/vieassociative.be\/actualites\/#\/schema\/person\/image\/","url":"https:\/\/vieassociative.be\/actualites\/wp-content\/uploads\/2024\/09\/vie-associative-1-150x150.jpg","contentUrl":"https:\/\/vieassociative.be\/actualites\/wp-content\/uploads\/2024\/09\/vie-associative-1-150x150.jpg","caption":"Julien"},"description":"Je suis Julien, r\u00e9dacteur pour Vie Associative. Passionn\u00e9 par le monde associatif depuis plus de 10 ans, j'ai \u00e0 c\u0153ur de partager des histoires inspirantes et de mettre en lumi\u00e8re les initiatives locales. Mon objectif est de sensibiliser et d'encourager l'engagement communautaire \u00e0 travers mes articles.","sameAs":["https:\/\/vieassociative.be\/"]}]}},"_links":{"self":[{"href":"https:\/\/vieassociative.be\/actualites\/wp-json\/wp\/v2\/posts\/8816"}],"collection":[{"href":"https:\/\/vieassociative.be\/actualites\/wp-json\/wp\/v2\/posts"}],"about":[{"href":"https:\/\/vieassociative.be\/actualites\/wp-json\/wp\/v2\/types\/post"}],"author":[{"embeddable":true,"href":"https:\/\/vieassociative.be\/actualites\/wp-json\/wp\/v2\/users\/1"}],"replies":[{"embeddable":true,"href":"https:\/\/vieassociative.be\/actualites\/wp-json\/wp\/v2\/comments?post=8816"}],"version-history":[{"count":0,"href":"https:\/\/vieassociative.be\/actualites\/wp-json\/wp\/v2\/posts\/8816\/revisions"}],"wp:featuredmedia":[{"embeddable":true,"href":"https:\/\/vieassociative.be\/actualites\/wp-json\/wp\/v2\/media\/8817"}],"wp:attachment":[{"href":"https:\/\/vieassociative.be\/actualites\/wp-json\/wp\/v2\/media?parent=8816"}],"wp:term":[{"taxonomy":"category","embeddable":true,"href":"https:\/\/vieassociative.be\/actualites\/wp-json\/wp\/v2\/categories?post=8816"},{"taxonomy":"post_tag","embeddable":true,"href":"https:\/\/vieassociative.be\/actualites\/wp-json\/wp\/v2\/tags?post=8816"}],"curies":[{"name":"wp","href":"https:\/\/api.w.org\/{rel}","templated":true}]}}