{"id":8810,"date":"2025-07-17T11:18:35","date_gmt":"2025-07-17T09:18:35","guid":{"rendered":"https:\/\/vieassociative.be\/actualites\/le-feu-detruit-tomorrowland-stage-les-fabricants-avec-une-mise-a-jour-emotionnelle\/"},"modified":"2025-07-17T11:18:36","modified_gmt":"2025-07-17T09:18:36","slug":"le-feu-detruit-tomorrowland-stage-les-fabricants-avec-une-mise-a-jour-emotionnelle","status":"publish","type":"post","link":"https:\/\/vieassociative.be\/actualites\/le-feu-detruit-tomorrowland-stage-les-fabricants-avec-une-mise-a-jour-emotionnelle\/","title":{"rendered":"Le feu d\u00e9truit Tomorrowland Stage: les fabricants avec une mise \u00e0 jour \u00e9motionnelle"},"content":{"rendered":"<p><\/p>\n<p class=\"font-sans font-medium\">  Un incendie d\u00e9truit la sc\u00e8ne principale du Belgian Electric Festival Tomorrowland. Les vid\u00e9os montrent l&rsquo;Enfer. Les DJ et les fans r\u00e9agissent choqu\u00e9s.<\/p>\n<aside class=\"h-ad-280+text lg:h-0 mb-12 md:mb-16\" data-slot-id=\"pos1_sm\" data-breakpoint=\"sm\" data-hide-ad-text=\"false\" data-module-id=\"SparkAdSlotModule\"><\/aside>\n<p>Une colonne de fum\u00e9e noire de m\u00e8tre se dresse mercredi au-dessus du site du festival du Tomorrowland dans le boom belge entre Bruxelles et Anvers. Les flammes d\u00e9vorent la sc\u00e8ne principale du plus grand festival \u00e9lectrique d&rsquo;Europe. Quelques heures seulement apr\u00e8s le d\u00e9clenchement de l&rsquo;incendie, les services d&rsquo;urgence ont l&rsquo;Enfer sous contr\u00f4le. Il ne reste pas grand-chose de con\u00e7u par artistique avec des montagnes et des sculptures en pierre. Seule la structure en acier nu peut \u00eatre vue sur les images.<\/p>\n<p>Dans la soir\u00e9e, l&rsquo;organisateur parle: \u00ab\u00a0En raison d&rsquo;un incident grave et d&rsquo;un incendie sur la sc\u00e8ne principale de Tomorrowland, notre sc\u00e8ne principale bien-aim\u00e9e a \u00e9t\u00e9 gravement endommag\u00e9e\u00a0\u00bb, explique Instagram. Et: on peut confirmer que personne n&rsquo;a \u00e9t\u00e9 bless\u00e9 dans l&rsquo;incident.<\/p>\n<div id=\"piano-banner-kampagne\" data-module-id=\"PianoElementModule, PianoRecoWidgetModule\" class=\"mb-4 block\"><\/div>\n<div id=\"piano-reco-widget\" data-module-id=\"PianoElementModule, PianoRecoWidgetModule\" class=\"mb-4 block\"><\/div>\n<p><!-- opinary --><\/p>\n<div class=\"w-full bg-stable-white\">\n<div id=\"opinary-automation-placeholder\" class=\"w-full\"><\/div>\n<\/p><\/div>\n<h3>Tomorrowland Fire: \u00ab\u00a0Impossible de mettre en mots ce que nous ressentons\u00a0\u00bb<\/h3>\n<p>Une mise \u00e0 jour \u00e9motionnelle suit jeudi matin: \u03d5 \u00abIl est impossible de mettre en mots ce que nous ressentons. La sc\u00e8ne principale d&rsquo;Orbyz de Tomorrowland Belgium 2025, une cr\u00e9ation de la passion pure, de l&rsquo;imagination et du d\u00e9vouement. Ce n&rsquo;\u00e9tait pas seulement une sc\u00e8ne. C&rsquo;\u00e9tait un monde vivant et respirant, chaque morceau de l&rsquo;esquisse sur un concept conceptuel vide, faisait partie de notre \u00e2me.<\/p>\n<aside class=\"h-ad-600+text lg:h-0 mb-12 md:mb-16\" data-slot-id=\"pos2_sm\" data-breakpoint=\"sm\" data-hide-ad-text=\"false\" data-module-id=\"SparkAdSlotModule\"><\/aside>\n<p>Dans le m\u00eame temps, il a \u00e9t\u00e9 dit que les organisateurs avaient travaill\u00e9 sur des solutions pour la zone principale toute la nuit. D&rsquo;autres parties du site du festival ne sont pas affect\u00e9es par l&rsquo;incendie. Le camping a \u00e9t\u00e9 ouvert jeudi, le programme d&rsquo;arriv\u00e9e \u00ab\u00a0Global Journey\u00a0\u00bb de Bruxelles et d&rsquo;Anvers a \u00e9galement commenc\u00e9 r\u00e9guli\u00e8rement.<\/p>\n<p>Les fans et les artistes r\u00e9agissent \u00e9galement secou\u00e9 &#8211; et sont \u00e9galement soulag\u00e9s que personne n&rsquo;a \u00e9t\u00e9 bless\u00e9. \u00ab\u00a0Je suis sans voix\u00a0\u00bb, \u00e9crit le techno-djane belge Charlotte de Witte, qui devrait appara\u00eetre au festival. Le DJ n\u00e9erlandais Armin Van Buuren, l&rsquo;une des t\u00eates d&rsquo;affiche, envoie un emoji de c\u0153ur. Le parocafestival, le plus grand festival \u00e9lectrique de l&rsquo;Allemagne, \u00e9crit: \u00ab\u00a0Ravi d&rsquo;entendre que tout le monde va bien. Nous vous enverrons tout notre amour!\u00a0\u00bb<\/p>\n<h3>Tomorrowland Festival: sc\u00e8ne principale compl\u00e8tement d\u00e9truite<\/h3>\n<p>Mercredi soir, les services d&rsquo;urgence ont eu du mal \u00e0 pr\u00e9venir les flammes de la v\u00e9g\u00e9tation derri\u00e8re la sc\u00e8ne et une tente. La police a des drones utilis\u00e9s pour surveiller l&rsquo;incendie de l&rsquo;air. Des photos et des vid\u00e9os des flammes ont \u00e9t\u00e9 vues sur les r\u00e9seaux sociaux. Certains ont montr\u00e9 une \u00e9tape compl\u00e8tement br\u00fbl\u00e9e.<\/p>\n<p><!-- Taboola Container --><\/p>\n<aside class=\" w-full\" data-module-id=\"TaboolaContainerModule\" data-container-id=\"taboola-article-mid-article\" data-target-type=\"mix\" data-is-mid-article=\"true\" data-variant=\"mid-article\" data-gallery-number=\"undefined\" data-taboola-darkmode-flag=\"true\">\n<div id=\"taboola-article-mid-article\" style=\"\"><\/div>\n<\/aside>\n<h3>Tomorrowland: la pyrotechnique aurait pu provoquer le feu <\/h3>\n<p>Mercredi, les r\u00e9sidents avaient \u00e9t\u00e9 invit\u00e9s \u00e0 garder leurs fen\u00eatres et leurs portes trop ferm\u00e9es. Apr\u00e8s tout: la fum\u00e9e n&rsquo;est pas toxique, dit-on. Jusqu&rsquo;\u00e0 1000 employ\u00e9s auraient \u00e9t\u00e9 sur le site lorsque l&rsquo;incendie a \u00e9clat\u00e9. Les festivaliers n&rsquo;avaient pas encore voyag\u00e9. Le site a \u00e9t\u00e9 \u00e9vacu\u00e9, a d\u00e9clar\u00e9 la porte-parole Wilmsen. <\/p>\n<p>Le bureau du procureur d&rsquo;Anvers, qui a initi\u00e9 la cause de l&rsquo;incendie, a expliqu\u00e9 que l&rsquo;incendie n&rsquo;avait apparemment pas \u00e9t\u00e9 provoqu\u00e9 avec d\u00e9lib\u00e9r\u00e9ment. Comme l&rsquo;a rapport\u00e9 l&rsquo;agence de presse Belga, des explosions de feux d&rsquo;artifice avaient \u00e9t\u00e9 entendues avant l&rsquo;incendie, ce qui aurait pu \u00eatre enflamm\u00e9 dans le cadre d&rsquo;un proc\u00e8s.<\/p>\n<aside class=\"w-full justify-center overflow-x-hidden\"><iframe class=\"cmplazyload\" data-cmp-vendor=\"c51283\" data-cmp-src=\"https:\/\/widget.civey.com\/987?referrer=\" height=\"500\" width=\"100%\" frameborder=\"0\" loading=\"lazy\"><\/iframe><\/aside>\n<p>Des centaines de milliers de fans de musique \u00e9lectronique font un p\u00e8lerinage sur le site du festival chaque ann\u00e9e, le programme musical commence vendredi. Des \u00e9tapes \u00e9labor\u00e9es, des spectacles de lumi\u00e8re spectaculaires et une impressionnante s\u00e9lection de DJ et d&rsquo;artistes sont des marques de commerce du festival, qui sont parfois vendues rapidement pendant des minutes. La programmation de 2025 propose des centaines d&rsquo;actes, dont Charlotte de Witte, la Mafia de la maison su\u00e9doise et David Guetta, Martin Garrix et Armin Van Buuren. 400 000 invit\u00e9s de 200 pays sont attendus. Le festival se d\u00e9roule en deux week-ends, du 18 \u00e0 20 et 25 au 27 juillet.<\/p>\n","protected":false},"excerpt":{"rendered":"<p>Un incendie d\u00e9truit la sc\u00e8ne principale du Belgian Electric Festival Tomorrowland. Les vid\u00e9os montrent l&rsquo;Enfer. Les DJ et les fans r\u00e9agissent choqu\u00e9s. Une colonne de<\/p>\n","protected":false},"author":1,"featured_media":8795,"comment_status":"closed","ping_status":"","sticky":false,"template":"","format":"standard","meta":{"footnotes":""},"categories":[298],"tags":[61,4931,2829,7784,2114,53,14,2183,6467,551,110],"class_list":["post-8810","post","type-post","status-publish","format-standard","has-post-thumbnail","hentry","category-belgique","tag-avec","tag-detruit","tag-emotionnelle","tag-fabricants","tag-feu","tag-jour","tag-les","tag-mise","tag-stage","tag-tomorrowland","tag-une","generate-columns","tablet-grid-50","mobile-grid-100","grid-parent","grid-33"],"yoast_head":"<!-- This site is optimized with the Yoast SEO plugin v24.0 - https:\/\/yoast.com\/wordpress\/plugins\/seo\/ -->\n<title>Le feu d\u00e9truit Tomorrowland Stage: les fabricants avec une mise \u00e0 jour \u00e9motionnelle | Vie Associative<\/title>\n<meta name=\"robots\" content=\"index, follow, max-snippet:-1, max-image-preview:large, max-video-preview:-1\" \/>\n<link rel=\"canonical\" href=\"https:\/\/vieassociative.be\/actualites\/le-feu-detruit-tomorrowland-stage-les-fabricants-avec-une-mise-a-jour-emotionnelle\/\" \/>\n<meta property=\"og:locale\" content=\"fr_FR\" \/>\n<meta property=\"og:type\" content=\"article\" \/>\n<meta property=\"og:title\" content=\"Le feu d\u00e9truit Tomorrowland Stage: les fabricants avec une mise \u00e0 jour \u00e9motionnelle | Vie Associative\" \/>\n<meta property=\"og:description\" content=\"Un incendie d\u00e9truit la sc\u00e8ne principale du Belgian Electric Festival Tomorrowland. Les vid\u00e9os montrent l&rsquo;Enfer. Les DJ et les fans r\u00e9agissent choqu\u00e9s. Une colonne de\" \/>\n<meta property=\"og:url\" content=\"https:\/\/vieassociative.be\/actualites\/le-feu-detruit-tomorrowland-stage-les-fabricants-avec-une-mise-a-jour-emotionnelle\/\" \/>\n<meta property=\"og:site_name\" content=\"Vie Associative\" \/>\n<meta property=\"article:published_time\" content=\"2025-07-17T09:18:35+00:00\" \/>\n<meta property=\"article:modified_time\" content=\"2025-07-17T09:18:36+00:00\" \/>\n<meta property=\"og:image\" content=\"https:\/\/vieassociative.be\/actualites\/wp-content\/uploads\/2025\/07\/1752700700_Burns-de-la-scene-principale-de-Tomorrowland-cest-ainsi-que.jpeg\" \/>\n\t<meta property=\"og:image:width\" content=\"1600\" \/>\n\t<meta property=\"og:image:height\" content=\"900\" \/>\n\t<meta property=\"og:image:type\" content=\"image\/jpeg\" \/>\n<meta name=\"author\" content=\"Julien\" \/>\n<meta name=\"twitter:card\" content=\"summary_large_image\" \/>\n<meta name=\"twitter:label1\" content=\"\u00c9crit par\" \/>\n\t<meta name=\"twitter:data1\" content=\"Julien\" \/>\n\t<meta name=\"twitter:label2\" content=\"Dur\u00e9e de lecture est.\" \/>\n\t<meta name=\"twitter:data2\" content=\"3 minutes\" \/>\n<script type=\"application\/ld+json\" class=\"yoast-schema-graph\">{\"@context\":\"https:\/\/schema.org\",\"@graph\":[{\"@type\":\"Article\",\"@id\":\"https:\/\/vieassociative.be\/actualites\/le-feu-detruit-tomorrowland-stage-les-fabricants-avec-une-mise-a-jour-emotionnelle\/#article\",\"isPartOf\":{\"@id\":\"https:\/\/vieassociative.be\/actualites\/le-feu-detruit-tomorrowland-stage-les-fabricants-avec-une-mise-a-jour-emotionnelle\/\"},\"author\":{\"name\":\"Julien\",\"@id\":\"https:\/\/vieassociative.be\/actualites\/#\/schema\/person\/b87ac4f82f9d4e7b7cec7395b679edc4\"},\"headline\":\"Le feu d\u00e9truit Tomorrowland Stage: les fabricants avec une mise \u00e0 jour \u00e9motionnelle\",\"datePublished\":\"2025-07-17T09:18:35+00:00\",\"dateModified\":\"2025-07-17T09:18:36+00:00\",\"mainEntityOfPage\":{\"@id\":\"https:\/\/vieassociative.be\/actualites\/le-feu-detruit-tomorrowland-stage-les-fabricants-avec-une-mise-a-jour-emotionnelle\/\"},\"wordCount\":728,\"publisher\":{\"@id\":\"https:\/\/vieassociative.be\/actualites\/#organization\"},\"image\":{\"@id\":\"https:\/\/vieassociative.be\/actualites\/le-feu-detruit-tomorrowland-stage-les-fabricants-avec-une-mise-a-jour-emotionnelle\/#primaryimage\"},\"thumbnailUrl\":\"https:\/\/vieassociative.be\/actualites\/wp-content\/uploads\/2025\/07\/1752700700_Burns-de-la-scene-principale-de-Tomorrowland-cest-ainsi-que.jpeg\",\"keywords\":[\"avec\",\"d\u00e9truit\",\"\u00e9motionnelle\",\"fabricants\",\"feu\",\"jour\",\"Les\",\"mise\",\"Stage\",\"Tomorrowland\",\"une\"],\"articleSection\":[\"Belgique\"],\"inLanguage\":\"fr-BE\"},{\"@type\":\"WebPage\",\"@id\":\"https:\/\/vieassociative.be\/actualites\/le-feu-detruit-tomorrowland-stage-les-fabricants-avec-une-mise-a-jour-emotionnelle\/\",\"url\":\"https:\/\/vieassociative.be\/actualites\/le-feu-detruit-tomorrowland-stage-les-fabricants-avec-une-mise-a-jour-emotionnelle\/\",\"name\":\"Le feu d\u00e9truit Tomorrowland Stage: les fabricants avec une mise \u00e0 jour \u00e9motionnelle | Vie Associative\",\"isPartOf\":{\"@id\":\"https:\/\/vieassociative.be\/actualites\/#website\"},\"primaryImageOfPage\":{\"@id\":\"https:\/\/vieassociative.be\/actualites\/le-feu-detruit-tomorrowland-stage-les-fabricants-avec-une-mise-a-jour-emotionnelle\/#primaryimage\"},\"image\":{\"@id\":\"https:\/\/vieassociative.be\/actualites\/le-feu-detruit-tomorrowland-stage-les-fabricants-avec-une-mise-a-jour-emotionnelle\/#primaryimage\"},\"thumbnailUrl\":\"https:\/\/vieassociative.be\/actualites\/wp-content\/uploads\/2025\/07\/1752700700_Burns-de-la-scene-principale-de-Tomorrowland-cest-ainsi-que.jpeg\",\"datePublished\":\"2025-07-17T09:18:35+00:00\",\"dateModified\":\"2025-07-17T09:18:36+00:00\",\"breadcrumb\":{\"@id\":\"https:\/\/vieassociative.be\/actualites\/le-feu-detruit-tomorrowland-stage-les-fabricants-avec-une-mise-a-jour-emotionnelle\/#breadcrumb\"},\"inLanguage\":\"fr-BE\",\"potentialAction\":[{\"@type\":\"ReadAction\",\"target\":[\"https:\/\/vieassociative.be\/actualites\/le-feu-detruit-tomorrowland-stage-les-fabricants-avec-une-mise-a-jour-emotionnelle\/\"]}]},{\"@type\":\"ImageObject\",\"inLanguage\":\"fr-BE\",\"@id\":\"https:\/\/vieassociative.be\/actualites\/le-feu-detruit-tomorrowland-stage-les-fabricants-avec-une-mise-a-jour-emotionnelle\/#primaryimage\",\"url\":\"https:\/\/vieassociative.be\/actualites\/wp-content\/uploads\/2025\/07\/1752700700_Burns-de-la-scene-principale-de-Tomorrowland-cest-ainsi-que.jpeg\",\"contentUrl\":\"https:\/\/vieassociative.be\/actualites\/wp-content\/uploads\/2025\/07\/1752700700_Burns-de-la-scene-principale-de-Tomorrowland-cest-ainsi-que.jpeg\",\"width\":1600,\"height\":900,\"caption\":\"Burns de la sc\u00e8ne principale de Tomorrowland: c'est ainsi que l'organisateur r\u00e9agit\"},{\"@type\":\"BreadcrumbList\",\"@id\":\"https:\/\/vieassociative.be\/actualites\/le-feu-detruit-tomorrowland-stage-les-fabricants-avec-une-mise-a-jour-emotionnelle\/#breadcrumb\",\"itemListElement\":[{\"@type\":\"ListItem\",\"position\":1,\"name\":\"Accueil\",\"item\":\"https:\/\/vieassociative.be\/actualites\/\"},{\"@type\":\"ListItem\",\"position\":2,\"name\":\"Le feu d\u00e9truit Tomorrowland Stage: les fabricants avec une mise \u00e0 jour \u00e9motionnelle\"}]},{\"@type\":\"WebSite\",\"@id\":\"https:\/\/vieassociative.be\/actualites\/#website\",\"url\":\"https:\/\/vieassociative.be\/actualites\/\",\"name\":\"Vie Associative\",\"description\":\"\",\"publisher\":{\"@id\":\"https:\/\/vieassociative.be\/actualites\/#organization\"},\"potentialAction\":[{\"@type\":\"SearchAction\",\"target\":{\"@type\":\"EntryPoint\",\"urlTemplate\":\"https:\/\/vieassociative.be\/actualites\/?s={search_term_string}\"},\"query-input\":{\"@type\":\"PropertyValueSpecification\",\"valueRequired\":true,\"valueName\":\"search_term_string\"}}],\"inLanguage\":\"fr-BE\"},{\"@type\":\"Organization\",\"@id\":\"https:\/\/vieassociative.be\/actualites\/#organization\",\"name\":\"Vie Associative\",\"url\":\"https:\/\/vieassociative.be\/actualites\/\",\"logo\":{\"@type\":\"ImageObject\",\"inLanguage\":\"fr-BE\",\"@id\":\"https:\/\/vieassociative.be\/actualites\/#\/schema\/logo\/image\/\",\"url\":\"https:\/\/vieassociative.be\/actualites\/wp-content\/uploads\/2024\/09\/cropped-vieassociative_favicon.ico.png\",\"contentUrl\":\"https:\/\/vieassociative.be\/actualites\/wp-content\/uploads\/2024\/09\/cropped-vieassociative_favicon.ico.png\",\"width\":512,\"height\":512,\"caption\":\"Vie Associative\"},\"image\":{\"@id\":\"https:\/\/vieassociative.be\/actualites\/#\/schema\/logo\/image\/\"}},{\"@type\":\"Person\",\"@id\":\"https:\/\/vieassociative.be\/actualites\/#\/schema\/person\/b87ac4f82f9d4e7b7cec7395b679edc4\",\"name\":\"Julien\",\"image\":{\"@type\":\"ImageObject\",\"inLanguage\":\"fr-BE\",\"@id\":\"https:\/\/vieassociative.be\/actualites\/#\/schema\/person\/image\/\",\"url\":\"https:\/\/vieassociative.be\/actualites\/wp-content\/uploads\/2024\/09\/vie-associative-1-150x150.jpg\",\"contentUrl\":\"https:\/\/vieassociative.be\/actualites\/wp-content\/uploads\/2024\/09\/vie-associative-1-150x150.jpg\",\"caption\":\"Julien\"},\"description\":\"Je suis Julien, r\u00e9dacteur pour Vie Associative. Passionn\u00e9 par le monde associatif depuis plus de 10 ans, j'ai \u00e0 c\u0153ur de partager des histoires inspirantes et de mettre en lumi\u00e8re les initiatives locales. Mon objectif est de sensibiliser et d'encourager l'engagement communautaire \u00e0 travers mes articles.\",\"sameAs\":[\"https:\/\/vieassociative.be\/\"]}]}<\/script>\n<!-- \/ Yoast SEO plugin. -->","yoast_head_json":{"title":"Le feu d\u00e9truit Tomorrowland Stage: les fabricants avec une mise \u00e0 jour \u00e9motionnelle | Vie Associative","robots":{"index":"index","follow":"follow","max-snippet":"max-snippet:-1","max-image-preview":"max-image-preview:large","max-video-preview":"max-video-preview:-1"},"canonical":"https:\/\/vieassociative.be\/actualites\/le-feu-detruit-tomorrowland-stage-les-fabricants-avec-une-mise-a-jour-emotionnelle\/","og_locale":"fr_FR","og_type":"article","og_title":"Le feu d\u00e9truit Tomorrowland Stage: les fabricants avec une mise \u00e0 jour \u00e9motionnelle | Vie Associative","og_description":"Un incendie d\u00e9truit la sc\u00e8ne principale du Belgian Electric Festival Tomorrowland. Les vid\u00e9os montrent l&rsquo;Enfer. Les DJ et les fans r\u00e9agissent choqu\u00e9s. Une colonne de","og_url":"https:\/\/vieassociative.be\/actualites\/le-feu-detruit-tomorrowland-stage-les-fabricants-avec-une-mise-a-jour-emotionnelle\/","og_site_name":"Vie Associative","article_published_time":"2025-07-17T09:18:35+00:00","article_modified_time":"2025-07-17T09:18:36+00:00","og_image":[{"width":1600,"height":900,"url":"https:\/\/vieassociative.be\/actualites\/wp-content\/uploads\/2025\/07\/1752700700_Burns-de-la-scene-principale-de-Tomorrowland-cest-ainsi-que.jpeg","type":"image\/jpeg"}],"author":"Julien","twitter_card":"summary_large_image","twitter_misc":{"\u00c9crit par":"Julien","Dur\u00e9e de lecture est.":"3 minutes"},"schema":{"@context":"https:\/\/schema.org","@graph":[{"@type":"Article","@id":"https:\/\/vieassociative.be\/actualites\/le-feu-detruit-tomorrowland-stage-les-fabricants-avec-une-mise-a-jour-emotionnelle\/#article","isPartOf":{"@id":"https:\/\/vieassociative.be\/actualites\/le-feu-detruit-tomorrowland-stage-les-fabricants-avec-une-mise-a-jour-emotionnelle\/"},"author":{"name":"Julien","@id":"https:\/\/vieassociative.be\/actualites\/#\/schema\/person\/b87ac4f82f9d4e7b7cec7395b679edc4"},"headline":"Le feu d\u00e9truit Tomorrowland Stage: les fabricants avec une mise \u00e0 jour \u00e9motionnelle","datePublished":"2025-07-17T09:18:35+00:00","dateModified":"2025-07-17T09:18:36+00:00","mainEntityOfPage":{"@id":"https:\/\/vieassociative.be\/actualites\/le-feu-detruit-tomorrowland-stage-les-fabricants-avec-une-mise-a-jour-emotionnelle\/"},"wordCount":728,"publisher":{"@id":"https:\/\/vieassociative.be\/actualites\/#organization"},"image":{"@id":"https:\/\/vieassociative.be\/actualites\/le-feu-detruit-tomorrowland-stage-les-fabricants-avec-une-mise-a-jour-emotionnelle\/#primaryimage"},"thumbnailUrl":"https:\/\/vieassociative.be\/actualites\/wp-content\/uploads\/2025\/07\/1752700700_Burns-de-la-scene-principale-de-Tomorrowland-cest-ainsi-que.jpeg","keywords":["avec","d\u00e9truit","\u00e9motionnelle","fabricants","feu","jour","Les","mise","Stage","Tomorrowland","une"],"articleSection":["Belgique"],"inLanguage":"fr-BE"},{"@type":"WebPage","@id":"https:\/\/vieassociative.be\/actualites\/le-feu-detruit-tomorrowland-stage-les-fabricants-avec-une-mise-a-jour-emotionnelle\/","url":"https:\/\/vieassociative.be\/actualites\/le-feu-detruit-tomorrowland-stage-les-fabricants-avec-une-mise-a-jour-emotionnelle\/","name":"Le feu d\u00e9truit Tomorrowland Stage: les fabricants avec une mise \u00e0 jour \u00e9motionnelle | Vie Associative","isPartOf":{"@id":"https:\/\/vieassociative.be\/actualites\/#website"},"primaryImageOfPage":{"@id":"https:\/\/vieassociative.be\/actualites\/le-feu-detruit-tomorrowland-stage-les-fabricants-avec-une-mise-a-jour-emotionnelle\/#primaryimage"},"image":{"@id":"https:\/\/vieassociative.be\/actualites\/le-feu-detruit-tomorrowland-stage-les-fabricants-avec-une-mise-a-jour-emotionnelle\/#primaryimage"},"thumbnailUrl":"https:\/\/vieassociative.be\/actualites\/wp-content\/uploads\/2025\/07\/1752700700_Burns-de-la-scene-principale-de-Tomorrowland-cest-ainsi-que.jpeg","datePublished":"2025-07-17T09:18:35+00:00","dateModified":"2025-07-17T09:18:36+00:00","breadcrumb":{"@id":"https:\/\/vieassociative.be\/actualites\/le-feu-detruit-tomorrowland-stage-les-fabricants-avec-une-mise-a-jour-emotionnelle\/#breadcrumb"},"inLanguage":"fr-BE","potentialAction":[{"@type":"ReadAction","target":["https:\/\/vieassociative.be\/actualites\/le-feu-detruit-tomorrowland-stage-les-fabricants-avec-une-mise-a-jour-emotionnelle\/"]}]},{"@type":"ImageObject","inLanguage":"fr-BE","@id":"https:\/\/vieassociative.be\/actualites\/le-feu-detruit-tomorrowland-stage-les-fabricants-avec-une-mise-a-jour-emotionnelle\/#primaryimage","url":"https:\/\/vieassociative.be\/actualites\/wp-content\/uploads\/2025\/07\/1752700700_Burns-de-la-scene-principale-de-Tomorrowland-cest-ainsi-que.jpeg","contentUrl":"https:\/\/vieassociative.be\/actualites\/wp-content\/uploads\/2025\/07\/1752700700_Burns-de-la-scene-principale-de-Tomorrowland-cest-ainsi-que.jpeg","width":1600,"height":900,"caption":"Burns de la sc\u00e8ne principale de Tomorrowland: c'est ainsi que l'organisateur r\u00e9agit"},{"@type":"BreadcrumbList","@id":"https:\/\/vieassociative.be\/actualites\/le-feu-detruit-tomorrowland-stage-les-fabricants-avec-une-mise-a-jour-emotionnelle\/#breadcrumb","itemListElement":[{"@type":"ListItem","position":1,"name":"Accueil","item":"https:\/\/vieassociative.be\/actualites\/"},{"@type":"ListItem","position":2,"name":"Le feu d\u00e9truit Tomorrowland Stage: les fabricants avec une mise \u00e0 jour \u00e9motionnelle"}]},{"@type":"WebSite","@id":"https:\/\/vieassociative.be\/actualites\/#website","url":"https:\/\/vieassociative.be\/actualites\/","name":"Vie Associative","description":"","publisher":{"@id":"https:\/\/vieassociative.be\/actualites\/#organization"},"potentialAction":[{"@type":"SearchAction","target":{"@type":"EntryPoint","urlTemplate":"https:\/\/vieassociative.be\/actualites\/?s={search_term_string}"},"query-input":{"@type":"PropertyValueSpecification","valueRequired":true,"valueName":"search_term_string"}}],"inLanguage":"fr-BE"},{"@type":"Organization","@id":"https:\/\/vieassociative.be\/actualites\/#organization","name":"Vie Associative","url":"https:\/\/vieassociative.be\/actualites\/","logo":{"@type":"ImageObject","inLanguage":"fr-BE","@id":"https:\/\/vieassociative.be\/actualites\/#\/schema\/logo\/image\/","url":"https:\/\/vieassociative.be\/actualites\/wp-content\/uploads\/2024\/09\/cropped-vieassociative_favicon.ico.png","contentUrl":"https:\/\/vieassociative.be\/actualites\/wp-content\/uploads\/2024\/09\/cropped-vieassociative_favicon.ico.png","width":512,"height":512,"caption":"Vie Associative"},"image":{"@id":"https:\/\/vieassociative.be\/actualites\/#\/schema\/logo\/image\/"}},{"@type":"Person","@id":"https:\/\/vieassociative.be\/actualites\/#\/schema\/person\/b87ac4f82f9d4e7b7cec7395b679edc4","name":"Julien","image":{"@type":"ImageObject","inLanguage":"fr-BE","@id":"https:\/\/vieassociative.be\/actualites\/#\/schema\/person\/image\/","url":"https:\/\/vieassociative.be\/actualites\/wp-content\/uploads\/2024\/09\/vie-associative-1-150x150.jpg","contentUrl":"https:\/\/vieassociative.be\/actualites\/wp-content\/uploads\/2024\/09\/vie-associative-1-150x150.jpg","caption":"Julien"},"description":"Je suis Julien, r\u00e9dacteur pour Vie Associative. Passionn\u00e9 par le monde associatif depuis plus de 10 ans, j'ai \u00e0 c\u0153ur de partager des histoires inspirantes et de mettre en lumi\u00e8re les initiatives locales. Mon objectif est de sensibiliser et d'encourager l'engagement communautaire \u00e0 travers mes articles.","sameAs":["https:\/\/vieassociative.be\/"]}]}},"_links":{"self":[{"href":"https:\/\/vieassociative.be\/actualites\/wp-json\/wp\/v2\/posts\/8810"}],"collection":[{"href":"https:\/\/vieassociative.be\/actualites\/wp-json\/wp\/v2\/posts"}],"about":[{"href":"https:\/\/vieassociative.be\/actualites\/wp-json\/wp\/v2\/types\/post"}],"author":[{"embeddable":true,"href":"https:\/\/vieassociative.be\/actualites\/wp-json\/wp\/v2\/users\/1"}],"replies":[{"embeddable":true,"href":"https:\/\/vieassociative.be\/actualites\/wp-json\/wp\/v2\/comments?post=8810"}],"version-history":[{"count":1,"href":"https:\/\/vieassociative.be\/actualites\/wp-json\/wp\/v2\/posts\/8810\/revisions"}],"predecessor-version":[{"id":8811,"href":"https:\/\/vieassociative.be\/actualites\/wp-json\/wp\/v2\/posts\/8810\/revisions\/8811"}],"wp:featuredmedia":[{"embeddable":true,"href":"https:\/\/vieassociative.be\/actualites\/wp-json\/wp\/v2\/media\/8795"}],"wp:attachment":[{"href":"https:\/\/vieassociative.be\/actualites\/wp-json\/wp\/v2\/media?parent=8810"}],"wp:term":[{"taxonomy":"category","embeddable":true,"href":"https:\/\/vieassociative.be\/actualites\/wp-json\/wp\/v2\/categories?post=8810"},{"taxonomy":"post_tag","embeddable":true,"href":"https:\/\/vieassociative.be\/actualites\/wp-json\/wp\/v2\/tags?post=8810"}],"curies":[{"name":"wp","href":"https:\/\/api.w.org\/{rel}","templated":true}]}}