{"id":8808,"date":"2025-07-17T10:18:17","date_gmt":"2025-07-17T08:18:17","guid":{"rendered":"https:\/\/vieassociative.be\/actualites\/van-der-poel-echoue-a-nouveau-pogacar-tombe-mais-les-adversaires-prouvent-un-jeu-equitable-les-norvegiens-abrahamsen-gagnent\/"},"modified":"2025-07-17T10:18:17","modified_gmt":"2025-07-17T08:18:17","slug":"van-der-poel-echoue-a-nouveau-pogacar-tombe-mais-les-adversaires-prouvent-un-jeu-equitable-les-norvegiens-abrahamsen-gagnent","status":"publish","type":"post","link":"https:\/\/vieassociative.be\/actualites\/van-der-poel-echoue-a-nouveau-pogacar-tombe-mais-les-adversaires-prouvent-un-jeu-equitable-les-norvegiens-abrahamsen-gagnent\/","title":{"rendered":"Van der Poel \u00e9choue \u00e0 nouveau &#8211; Pogacar tombe, mais les adversaires prouvent un jeu \u00e9quitable &#8211; les Norv\u00e9giens Abrahamsen gagnent"},"content":{"rendered":"<p><strong>Le onzi\u00e8me \u00e9tape de la 112e tour devient mouvement\u00e9. Encore une fois, l&rsquo;ancien champion du monde, Van Der Poel, manque sa prochaine victoire sur sc\u00e8ne. Star Pogacar s&rsquo;\u00e9crase quelques kilom\u00e8tres avant l&rsquo;arriv\u00e9e. Et il y a un speedster.<\/strong><\/p>\n<p><span id=\"more-420231\"><\/span>Devant les fans de cyclisme qui aiment des f\u00eates sur les C\u00f4tes de Pech David, l&rsquo;ancien champion du monde Mathieu van der Poel a quitt\u00e9 son rival permanent Wout van Aert lors de la derni\u00e8re ascension devant la ville de Toulouse, mais encore une fois, les Hollandais ont \u00e9chou\u00e9 la prochaine \u00e9tape. Apr\u00e8s la victoire de la Jonas Abrahamsen, le sp\u00e9cialiste classique a conduit la ligne d&rsquo;arriv\u00e9e au norv\u00e9gien Jonas Abrahamsen.<\/p>\n<p>Les fans ont connu une sc\u00e8ne mouvement\u00e9e. Le champion en titre Tadej Pogacar a chut\u00e9 quatre kilom\u00e8tres avant l&rsquo;arriv\u00e9e et a fait un petit moment d&rsquo;effroi. Mais les favoris n&rsquo;ont pas augment\u00e9 le rythme. Et le conducteur exceptionnel slov\u00e8ne a pu rattraper quelques rayures.<\/p>\n<div id=\"attachment_420234\" class=\"wp-caption alignleft\" style=\"max-width: 300px\"><img fetchpriority=\"high\" decoding=\"async\" class=\"wp-image-420234 size-medium\" src=\"https:\/\/vieassociative.be\/actualites\/wp-content\/uploads\/2025\/07\/Van-der-Poel-echoue-a-nouveau-Pogacar-tombe-mais.jpg\" alt=\"\" width=\"300\" height=\"200\"><\/p>\n<p class=\"wp-caption-text\">16\/07\/2025, France, Toulouse: Le N\u00e9erlandais Mathieu van der Poel franchit la ligne d&rsquo;arriv\u00e9e. Photo: Thibault Camus \/ AP \/ DPA<\/p>\n<\/div>\n<p>\u00ab\u00a0Je ne l&rsquo;ai pas vraiment remarqu\u00e9, mais nous avons d\u00e9finitivement pris le rythme du rythme. Cela fait \u00e9galement partie du v\u00e9lo\u00a0\u00bb, a d\u00e9clar\u00e9 Florian Lipowitz, plein d&rsquo;espoir d&rsquo;Ard. Dans la zone d&rsquo;arriv\u00e9e, un dossier a d\u00fb garder un speedster apr\u00e8s une sc\u00e8ne chaotique peu de temps avant la ligne d&rsquo;arriv\u00e9e.<\/p>\n<p><strong>&#8211; \u00c9tape extr\u00eamement rapide:<\/strong> Apr\u00e8s 156,8 kilom\u00e8tres autour de la ville sur le Garonne, le Suisse Mauro Schmid dans la photo finale avait un look tr\u00e8s mince. Van der Poel avait d\u00e9j\u00e0 rat\u00e9 sa troisi\u00e8me victoire sur le jour de la tourn\u00e9e sur une distance de plus de 170 kilom\u00e8tres le dimanche apr\u00e8s une man\u0153uvre de contour sur une distance de plus de 170 kilom\u00e8tres.<\/p>\n<p>Dans le classement g\u00e9n\u00e9ral, tout est rest\u00e9 le m\u00eame. L&rsquo;Irlandais Ben Healy est encore 29 secondes avant le champion en titre Tadej Pogacar et 1:29 minute avant le troisi\u00e8me Remco Evenepoel de Belgique. Lipowitz est \u00e0 3:34 minutes derri\u00e8re Healy.<\/p>\n<p><strong>&#8211; Duel entre Van Aert et Van der Poel:<\/strong> Apr\u00e8s le jour du repos, les professionnels n&rsquo;ont pas \u00e9t\u00e9 \u00e9pargn\u00e9s. Apr\u00e8s le d\u00e9but de la course, la vitesse moyenne \u00e9tait de 51,7 kilom\u00e8tres par heure. Lorsqu&rsquo;un motocycliste fran\u00e7ais a tonc\u00e9 un champ \u00e0 c\u00f4t\u00e9 de l&rsquo;itin\u00e9raire, la diff\u00e9rence \u00e9tait \u00e0 peine perceptible au d\u00e9but. Ce n&rsquo;est que dimanche que la deuxi\u00e8me \u00e9tape de la tourn\u00e9e la plus rapide de tous les temps a \u00e9t\u00e9 enregistr\u00e9e \u00e0 une vitesse moyenne de 50,01 kilom\u00e8tres par heure.<\/p>\n<div id=\"attachment_420245\" class=\"wp-caption alignleft\" style=\"max-width: 300px\"><img decoding=\"async\" class=\"wp-image-420245 size-medium\" src=\"https:\/\/vieassociative.be\/actualites\/wp-content\/uploads\/2025\/07\/1752740297_372_Van-der-Poel-echoue-a-nouveau-Pogacar-tombe-mais.jpg\" alt=\"\" width=\"300\" height=\"200\"><\/p>\n<p class=\"wp-caption-text\">16\/07\/2025, France, Toulouse: Tadej Pogacar, le conducteur slov\u00e8ne de l&rsquo;\u00e9quipe des EAU Emirates &#8211; XRG Team, donne des autographes, flanqu\u00e9s du pilote fran\u00e7ais de l&rsquo;\u00e9quipe des EAU Emirates &#8211; XRG Teams, Pavel Sivakov (L). Photo: Anne-Christine Poujoulat \/ AFP \/ DPA<\/p>\n<\/div>\n<p>Les observateurs cherchaient un duel entre le rival Wout Van Aert de Belgique et le sp\u00e9cialiste du classique n\u00e9erlandais Mathieu van der Poel. Les deux \u00e9toiles se sont dues \u00e0 l&rsquo;adolescence &#8211; et sont consid\u00e9r\u00e9es comme deux des plus grandes combin\u00e9es tous en cyclisme. Les deux se sont souvent affront\u00e9s en cyclocross. Au cours des derni\u00e8res ann\u00e9es, Van Aert a souvent d\u00fb \u00eatre satisfait en tant que deuxi\u00e8me derri\u00e8re son concurrent lors de la Coupe du monde. Van der Poel a embauch\u00e9 un record de 50 ans en f\u00e9vrier et a pu se qualifier de champion du monde record dans la croix depuis lors.<\/p>\n<p><strong>-Pyrenees La trilogie est imminente:<\/strong> Le jour de la transition, le champion en titre Pogacar et son plus grand rival Jonas Vingegaard \u00e9taient initialement moins mis au point. Ses yeux \u00e9taient d\u00e9j\u00e0 concentr\u00e9s sur les prochaines \u00e9tapes de la montagne dans les Pyr\u00e9n\u00e9es. \u00ab\u00a0Je suis vraiment impatient de monter \u00e0 Hautacam et le contre-la-montre de la montagne. Ces deux \u00e9tapes sont la cl\u00e9 pour moi\u00a0\u00bb, a d\u00e9clar\u00e9 Pogacar avant la sc\u00e8ne. La deuxi\u00e8me semaine de la tourn\u00e9e pourrait \u00eatre assez d\u00e9cisive, a d\u00e9clar\u00e9 le Slov\u00e8ne. \u00ab\u00a0Cette semaine est presque aussi difficile cette ann\u00e9e que la semaine derni\u00e8re. Je pense que nous verrons des lacunes dans le classement g\u00e9n\u00e9ral dans les prochains jours\u00a0\u00bb, a d\u00e9clar\u00e9 le triple vainqueur de la tourn\u00e9e.<\/p>\n<p>La premi\u00e8re \u00e9tape des Pyr\u00e9n\u00e9es jeu jeudi commence \u00e9galement et d\u00e9passe 180,6 kilom\u00e8tres et 3 850 m\u00e8tres verticaux dans la station de ski de Hautacam. Avant la mont\u00e9e finale de 13,5 km de long avec un certain nombre de pentes de 11,3% de la cat\u00e9gorie d&rsquo;escalade la plus \u00e9lev\u00e9e, les conducteurs doivent \u00e9galement traverser le col du Soulor de 1 474 m\u00e8tres de haut. Ce devrait \u00eatre une journ\u00e9e de souffrance, surtout pour le sprinter. (DPA)<\/p>\n","protected":false},"excerpt":{"rendered":"<p>Le onzi\u00e8me \u00e9tape de la 112e tour devient mouvement\u00e9. Encore une fois, l&rsquo;ancien champion du monde, Van Der Poel, manque sa prochaine victoire sur sc\u00e8ne.<\/p>\n","protected":false},"author":1,"featured_media":8809,"comment_status":"","ping_status":"","sticky":false,"template":"","format":"standard","meta":{"footnotes":""},"categories":[298],"tags":[7782,7779,668,2978,6907,7783,477,14,156,7781,553,5974,5976,7780,1969,4100],"class_list":["post-8808","post","type-post","status-publish","format-standard","has-post-thumbnail","hentry","category-belgique","tag-abrahamsen","tag-adversaires","tag-der","tag-echoue","tag-equitable","tag-gagnent","tag-jeu","tag-les","tag-mais","tag-norvegiens","tag-nouveau","tag-poel","tag-pogacar","tag-prouvent","tag-tombe","tag-van","generate-columns","tablet-grid-50","mobile-grid-100","grid-parent","grid-33"],"yoast_head":"<!-- This site is optimized with the Yoast SEO plugin v24.0 - https:\/\/yoast.com\/wordpress\/plugins\/seo\/ -->\n<title>Van der Poel \u00e9choue \u00e0 nouveau - Pogacar tombe, mais les adversaires prouvent un jeu \u00e9quitable - les Norv\u00e9giens Abrahamsen gagnent | Vie Associative<\/title>\n<meta name=\"robots\" content=\"index, follow, max-snippet:-1, max-image-preview:large, max-video-preview:-1\" \/>\n<link rel=\"canonical\" href=\"https:\/\/vieassociative.be\/actualites\/van-der-poel-echoue-a-nouveau-pogacar-tombe-mais-les-adversaires-prouvent-un-jeu-equitable-les-norvegiens-abrahamsen-gagnent\/\" \/>\n<meta property=\"og:locale\" content=\"fr_FR\" \/>\n<meta property=\"og:type\" content=\"article\" \/>\n<meta property=\"og:title\" content=\"Van der Poel \u00e9choue \u00e0 nouveau - Pogacar tombe, mais les adversaires prouvent un jeu \u00e9quitable - les Norv\u00e9giens Abrahamsen gagnent | Vie Associative\" \/>\n<meta property=\"og:description\" content=\"Le onzi\u00e8me \u00e9tape de la 112e tour devient mouvement\u00e9. Encore une fois, l&rsquo;ancien champion du monde, Van Der Poel, manque sa prochaine victoire sur sc\u00e8ne.\" \/>\n<meta property=\"og:url\" content=\"https:\/\/vieassociative.be\/actualites\/van-der-poel-echoue-a-nouveau-pogacar-tombe-mais-les-adversaires-prouvent-un-jeu-equitable-les-norvegiens-abrahamsen-gagnent\/\" \/>\n<meta property=\"og:site_name\" content=\"Vie Associative\" \/>\n<meta property=\"article:published_time\" content=\"2025-07-17T08:18:17+00:00\" \/>\n<meta property=\"og:image\" content=\"https:\/\/vieassociative.be\/actualites\/wp-content\/uploads\/2024\/09\/header_backgroundk-01-e1726694325946.png\" \/>\n\t<meta property=\"og:image:width\" content=\"279\" \/>\n\t<meta property=\"og:image:height\" content=\"92\" \/>\n\t<meta property=\"og:image:type\" content=\"image\/png\" \/>\n<meta name=\"author\" content=\"Julien\" \/>\n<meta name=\"twitter:card\" content=\"summary_large_image\" \/>\n<meta name=\"twitter:label1\" content=\"\u00c9crit par\" \/>\n\t<meta name=\"twitter:data1\" content=\"Julien\" \/>\n\t<meta name=\"twitter:label2\" content=\"Dur\u00e9e de lecture est.\" \/>\n\t<meta name=\"twitter:data2\" content=\"4 minutes\" \/>\n<script type=\"application\/ld+json\" class=\"yoast-schema-graph\">{\"@context\":\"https:\/\/schema.org\",\"@graph\":[{\"@type\":\"Article\",\"@id\":\"https:\/\/vieassociative.be\/actualites\/van-der-poel-echoue-a-nouveau-pogacar-tombe-mais-les-adversaires-prouvent-un-jeu-equitable-les-norvegiens-abrahamsen-gagnent\/#article\",\"isPartOf\":{\"@id\":\"https:\/\/vieassociative.be\/actualites\/van-der-poel-echoue-a-nouveau-pogacar-tombe-mais-les-adversaires-prouvent-un-jeu-equitable-les-norvegiens-abrahamsen-gagnent\/\"},\"author\":{\"name\":\"Julien\",\"@id\":\"https:\/\/vieassociative.be\/actualites\/#\/schema\/person\/b87ac4f82f9d4e7b7cec7395b679edc4\"},\"headline\":\"Van der Poel \u00e9choue \u00e0 nouveau &#8211; Pogacar tombe, mais les adversaires prouvent un jeu \u00e9quitable &#8211; les Norv\u00e9giens Abrahamsen gagnent\",\"datePublished\":\"2025-07-17T08:18:17+00:00\",\"dateModified\":\"2025-07-17T08:18:17+00:00\",\"mainEntityOfPage\":{\"@id\":\"https:\/\/vieassociative.be\/actualites\/van-der-poel-echoue-a-nouveau-pogacar-tombe-mais-les-adversaires-prouvent-un-jeu-equitable-les-norvegiens-abrahamsen-gagnent\/\"},\"wordCount\":866,\"publisher\":{\"@id\":\"https:\/\/vieassociative.be\/actualites\/#organization\"},\"image\":{\"@id\":\"https:\/\/vieassociative.be\/actualites\/van-der-poel-echoue-a-nouveau-pogacar-tombe-mais-les-adversaires-prouvent-un-jeu-equitable-les-norvegiens-abrahamsen-gagnent\/#primaryimage\"},\"thumbnailUrl\":\"https:\/\/vieassociative.be\/actualites\/wp-content\/uploads\/2025\/07\/1752740297_Van-der-Poel-echoue-a-nouveau-Pogacar-tombe-mais.jpg\",\"keywords\":[\"Abrahamsen\",\"adversaires\",\"der\",\"\u00e9choue\",\"\u00e9quitable\",\"gagnent\",\"jeu\",\"Les\",\"mais\",\"Norv\u00e9giens\",\"nouveau\",\"Poel\",\"Pogacar\",\"prouvent\",\"tombe\",\"Van\"],\"articleSection\":[\"Belgique\"],\"inLanguage\":\"fr-BE\"},{\"@type\":\"WebPage\",\"@id\":\"https:\/\/vieassociative.be\/actualites\/van-der-poel-echoue-a-nouveau-pogacar-tombe-mais-les-adversaires-prouvent-un-jeu-equitable-les-norvegiens-abrahamsen-gagnent\/\",\"url\":\"https:\/\/vieassociative.be\/actualites\/van-der-poel-echoue-a-nouveau-pogacar-tombe-mais-les-adversaires-prouvent-un-jeu-equitable-les-norvegiens-abrahamsen-gagnent\/\",\"name\":\"Van der Poel \u00e9choue \u00e0 nouveau - Pogacar tombe, mais les adversaires prouvent un jeu \u00e9quitable - les Norv\u00e9giens Abrahamsen gagnent | Vie Associative\",\"isPartOf\":{\"@id\":\"https:\/\/vieassociative.be\/actualites\/#website\"},\"primaryImageOfPage\":{\"@id\":\"https:\/\/vieassociative.be\/actualites\/van-der-poel-echoue-a-nouveau-pogacar-tombe-mais-les-adversaires-prouvent-un-jeu-equitable-les-norvegiens-abrahamsen-gagnent\/#primaryimage\"},\"image\":{\"@id\":\"https:\/\/vieassociative.be\/actualites\/van-der-poel-echoue-a-nouveau-pogacar-tombe-mais-les-adversaires-prouvent-un-jeu-equitable-les-norvegiens-abrahamsen-gagnent\/#primaryimage\"},\"thumbnailUrl\":\"https:\/\/vieassociative.be\/actualites\/wp-content\/uploads\/2025\/07\/1752740297_Van-der-Poel-echoue-a-nouveau-Pogacar-tombe-mais.jpg\",\"datePublished\":\"2025-07-17T08:18:17+00:00\",\"dateModified\":\"2025-07-17T08:18:17+00:00\",\"breadcrumb\":{\"@id\":\"https:\/\/vieassociative.be\/actualites\/van-der-poel-echoue-a-nouveau-pogacar-tombe-mais-les-adversaires-prouvent-un-jeu-equitable-les-norvegiens-abrahamsen-gagnent\/#breadcrumb\"},\"inLanguage\":\"fr-BE\",\"potentialAction\":[{\"@type\":\"ReadAction\",\"target\":[\"https:\/\/vieassociative.be\/actualites\/van-der-poel-echoue-a-nouveau-pogacar-tombe-mais-les-adversaires-prouvent-un-jeu-equitable-les-norvegiens-abrahamsen-gagnent\/\"]}]},{\"@type\":\"ImageObject\",\"inLanguage\":\"fr-BE\",\"@id\":\"https:\/\/vieassociative.be\/actualites\/van-der-poel-echoue-a-nouveau-pogacar-tombe-mais-les-adversaires-prouvent-un-jeu-equitable-les-norvegiens-abrahamsen-gagnent\/#primaryimage\",\"url\":\"https:\/\/vieassociative.be\/actualites\/wp-content\/uploads\/2025\/07\/1752740297_Van-der-Poel-echoue-a-nouveau-Pogacar-tombe-mais.jpg\",\"contentUrl\":\"https:\/\/vieassociative.be\/actualites\/wp-content\/uploads\/2025\/07\/1752740297_Van-der-Poel-echoue-a-nouveau-Pogacar-tombe-mais.jpg\",\"width\":1200,\"height\":800,\"caption\":\"Van der Poel \u00e9choue \u00e0 nouveau - Pogacar tombe, mais les adversaires prouvent un jeu \u00e9quitable - les Norv\u00e9giens Abrahamsen gagnent\"},{\"@type\":\"BreadcrumbList\",\"@id\":\"https:\/\/vieassociative.be\/actualites\/van-der-poel-echoue-a-nouveau-pogacar-tombe-mais-les-adversaires-prouvent-un-jeu-equitable-les-norvegiens-abrahamsen-gagnent\/#breadcrumb\",\"itemListElement\":[{\"@type\":\"ListItem\",\"position\":1,\"name\":\"Accueil\",\"item\":\"https:\/\/vieassociative.be\/actualites\/\"},{\"@type\":\"ListItem\",\"position\":2,\"name\":\"Van der Poel \u00e9choue \u00e0 nouveau &#8211; Pogacar tombe, mais les adversaires prouvent un jeu \u00e9quitable &#8211; les Norv\u00e9giens Abrahamsen gagnent\"}]},{\"@type\":\"WebSite\",\"@id\":\"https:\/\/vieassociative.be\/actualites\/#website\",\"url\":\"https:\/\/vieassociative.be\/actualites\/\",\"name\":\"Vie Associative\",\"description\":\"\",\"publisher\":{\"@id\":\"https:\/\/vieassociative.be\/actualites\/#organization\"},\"potentialAction\":[{\"@type\":\"SearchAction\",\"target\":{\"@type\":\"EntryPoint\",\"urlTemplate\":\"https:\/\/vieassociative.be\/actualites\/?s={search_term_string}\"},\"query-input\":{\"@type\":\"PropertyValueSpecification\",\"valueRequired\":true,\"valueName\":\"search_term_string\"}}],\"inLanguage\":\"fr-BE\"},{\"@type\":\"Organization\",\"@id\":\"https:\/\/vieassociative.be\/actualites\/#organization\",\"name\":\"Vie Associative\",\"url\":\"https:\/\/vieassociative.be\/actualites\/\",\"logo\":{\"@type\":\"ImageObject\",\"inLanguage\":\"fr-BE\",\"@id\":\"https:\/\/vieassociative.be\/actualites\/#\/schema\/logo\/image\/\",\"url\":\"https:\/\/vieassociative.be\/actualites\/wp-content\/uploads\/2024\/09\/cropped-vieassociative_favicon.ico.png\",\"contentUrl\":\"https:\/\/vieassociative.be\/actualites\/wp-content\/uploads\/2024\/09\/cropped-vieassociative_favicon.ico.png\",\"width\":512,\"height\":512,\"caption\":\"Vie Associative\"},\"image\":{\"@id\":\"https:\/\/vieassociative.be\/actualites\/#\/schema\/logo\/image\/\"}},{\"@type\":\"Person\",\"@id\":\"https:\/\/vieassociative.be\/actualites\/#\/schema\/person\/b87ac4f82f9d4e7b7cec7395b679edc4\",\"name\":\"Julien\",\"image\":{\"@type\":\"ImageObject\",\"inLanguage\":\"fr-BE\",\"@id\":\"https:\/\/vieassociative.be\/actualites\/#\/schema\/person\/image\/\",\"url\":\"https:\/\/vieassociative.be\/actualites\/wp-content\/uploads\/2024\/09\/vie-associative-1-150x150.jpg\",\"contentUrl\":\"https:\/\/vieassociative.be\/actualites\/wp-content\/uploads\/2024\/09\/vie-associative-1-150x150.jpg\",\"caption\":\"Julien\"},\"description\":\"Je suis Julien, r\u00e9dacteur pour Vie Associative. Passionn\u00e9 par le monde associatif depuis plus de 10 ans, j'ai \u00e0 c\u0153ur de partager des histoires inspirantes et de mettre en lumi\u00e8re les initiatives locales. Mon objectif est de sensibiliser et d'encourager l'engagement communautaire \u00e0 travers mes articles.\",\"sameAs\":[\"https:\/\/vieassociative.be\/\"]}]}<\/script>\n<!-- \/ Yoast SEO plugin. -->","yoast_head_json":{"title":"Van der Poel \u00e9choue \u00e0 nouveau - Pogacar tombe, mais les adversaires prouvent un jeu \u00e9quitable - les Norv\u00e9giens Abrahamsen gagnent | Vie Associative","robots":{"index":"index","follow":"follow","max-snippet":"max-snippet:-1","max-image-preview":"max-image-preview:large","max-video-preview":"max-video-preview:-1"},"canonical":"https:\/\/vieassociative.be\/actualites\/van-der-poel-echoue-a-nouveau-pogacar-tombe-mais-les-adversaires-prouvent-un-jeu-equitable-les-norvegiens-abrahamsen-gagnent\/","og_locale":"fr_FR","og_type":"article","og_title":"Van der Poel \u00e9choue \u00e0 nouveau - Pogacar tombe, mais les adversaires prouvent un jeu \u00e9quitable - les Norv\u00e9giens Abrahamsen gagnent | Vie Associative","og_description":"Le onzi\u00e8me \u00e9tape de la 112e tour devient mouvement\u00e9. Encore une fois, l&rsquo;ancien champion du monde, Van Der Poel, manque sa prochaine victoire sur sc\u00e8ne.","og_url":"https:\/\/vieassociative.be\/actualites\/van-der-poel-echoue-a-nouveau-pogacar-tombe-mais-les-adversaires-prouvent-un-jeu-equitable-les-norvegiens-abrahamsen-gagnent\/","og_site_name":"Vie Associative","article_published_time":"2025-07-17T08:18:17+00:00","og_image":[{"width":279,"height":92,"url":"https:\/\/vieassociative.be\/actualites\/wp-content\/uploads\/2024\/09\/header_backgroundk-01-e1726694325946.png","type":"image\/png"}],"author":"Julien","twitter_card":"summary_large_image","twitter_misc":{"\u00c9crit par":"Julien","Dur\u00e9e de lecture est.":"4 minutes"},"schema":{"@context":"https:\/\/schema.org","@graph":[{"@type":"Article","@id":"https:\/\/vieassociative.be\/actualites\/van-der-poel-echoue-a-nouveau-pogacar-tombe-mais-les-adversaires-prouvent-un-jeu-equitable-les-norvegiens-abrahamsen-gagnent\/#article","isPartOf":{"@id":"https:\/\/vieassociative.be\/actualites\/van-der-poel-echoue-a-nouveau-pogacar-tombe-mais-les-adversaires-prouvent-un-jeu-equitable-les-norvegiens-abrahamsen-gagnent\/"},"author":{"name":"Julien","@id":"https:\/\/vieassociative.be\/actualites\/#\/schema\/person\/b87ac4f82f9d4e7b7cec7395b679edc4"},"headline":"Van der Poel \u00e9choue \u00e0 nouveau &#8211; Pogacar tombe, mais les adversaires prouvent un jeu \u00e9quitable &#8211; les Norv\u00e9giens Abrahamsen gagnent","datePublished":"2025-07-17T08:18:17+00:00","dateModified":"2025-07-17T08:18:17+00:00","mainEntityOfPage":{"@id":"https:\/\/vieassociative.be\/actualites\/van-der-poel-echoue-a-nouveau-pogacar-tombe-mais-les-adversaires-prouvent-un-jeu-equitable-les-norvegiens-abrahamsen-gagnent\/"},"wordCount":866,"publisher":{"@id":"https:\/\/vieassociative.be\/actualites\/#organization"},"image":{"@id":"https:\/\/vieassociative.be\/actualites\/van-der-poel-echoue-a-nouveau-pogacar-tombe-mais-les-adversaires-prouvent-un-jeu-equitable-les-norvegiens-abrahamsen-gagnent\/#primaryimage"},"thumbnailUrl":"https:\/\/vieassociative.be\/actualites\/wp-content\/uploads\/2025\/07\/1752740297_Van-der-Poel-echoue-a-nouveau-Pogacar-tombe-mais.jpg","keywords":["Abrahamsen","adversaires","der","\u00e9choue","\u00e9quitable","gagnent","jeu","Les","mais","Norv\u00e9giens","nouveau","Poel","Pogacar","prouvent","tombe","Van"],"articleSection":["Belgique"],"inLanguage":"fr-BE"},{"@type":"WebPage","@id":"https:\/\/vieassociative.be\/actualites\/van-der-poel-echoue-a-nouveau-pogacar-tombe-mais-les-adversaires-prouvent-un-jeu-equitable-les-norvegiens-abrahamsen-gagnent\/","url":"https:\/\/vieassociative.be\/actualites\/van-der-poel-echoue-a-nouveau-pogacar-tombe-mais-les-adversaires-prouvent-un-jeu-equitable-les-norvegiens-abrahamsen-gagnent\/","name":"Van der Poel \u00e9choue \u00e0 nouveau - Pogacar tombe, mais les adversaires prouvent un jeu \u00e9quitable - les Norv\u00e9giens Abrahamsen gagnent | Vie Associative","isPartOf":{"@id":"https:\/\/vieassociative.be\/actualites\/#website"},"primaryImageOfPage":{"@id":"https:\/\/vieassociative.be\/actualites\/van-der-poel-echoue-a-nouveau-pogacar-tombe-mais-les-adversaires-prouvent-un-jeu-equitable-les-norvegiens-abrahamsen-gagnent\/#primaryimage"},"image":{"@id":"https:\/\/vieassociative.be\/actualites\/van-der-poel-echoue-a-nouveau-pogacar-tombe-mais-les-adversaires-prouvent-un-jeu-equitable-les-norvegiens-abrahamsen-gagnent\/#primaryimage"},"thumbnailUrl":"https:\/\/vieassociative.be\/actualites\/wp-content\/uploads\/2025\/07\/1752740297_Van-der-Poel-echoue-a-nouveau-Pogacar-tombe-mais.jpg","datePublished":"2025-07-17T08:18:17+00:00","dateModified":"2025-07-17T08:18:17+00:00","breadcrumb":{"@id":"https:\/\/vieassociative.be\/actualites\/van-der-poel-echoue-a-nouveau-pogacar-tombe-mais-les-adversaires-prouvent-un-jeu-equitable-les-norvegiens-abrahamsen-gagnent\/#breadcrumb"},"inLanguage":"fr-BE","potentialAction":[{"@type":"ReadAction","target":["https:\/\/vieassociative.be\/actualites\/van-der-poel-echoue-a-nouveau-pogacar-tombe-mais-les-adversaires-prouvent-un-jeu-equitable-les-norvegiens-abrahamsen-gagnent\/"]}]},{"@type":"ImageObject","inLanguage":"fr-BE","@id":"https:\/\/vieassociative.be\/actualites\/van-der-poel-echoue-a-nouveau-pogacar-tombe-mais-les-adversaires-prouvent-un-jeu-equitable-les-norvegiens-abrahamsen-gagnent\/#primaryimage","url":"https:\/\/vieassociative.be\/actualites\/wp-content\/uploads\/2025\/07\/1752740297_Van-der-Poel-echoue-a-nouveau-Pogacar-tombe-mais.jpg","contentUrl":"https:\/\/vieassociative.be\/actualites\/wp-content\/uploads\/2025\/07\/1752740297_Van-der-Poel-echoue-a-nouveau-Pogacar-tombe-mais.jpg","width":1200,"height":800,"caption":"Van der Poel \u00e9choue \u00e0 nouveau - Pogacar tombe, mais les adversaires prouvent un jeu \u00e9quitable - les Norv\u00e9giens Abrahamsen gagnent"},{"@type":"BreadcrumbList","@id":"https:\/\/vieassociative.be\/actualites\/van-der-poel-echoue-a-nouveau-pogacar-tombe-mais-les-adversaires-prouvent-un-jeu-equitable-les-norvegiens-abrahamsen-gagnent\/#breadcrumb","itemListElement":[{"@type":"ListItem","position":1,"name":"Accueil","item":"https:\/\/vieassociative.be\/actualites\/"},{"@type":"ListItem","position":2,"name":"Van der Poel \u00e9choue \u00e0 nouveau &#8211; Pogacar tombe, mais les adversaires prouvent un jeu \u00e9quitable &#8211; les Norv\u00e9giens Abrahamsen gagnent"}]},{"@type":"WebSite","@id":"https:\/\/vieassociative.be\/actualites\/#website","url":"https:\/\/vieassociative.be\/actualites\/","name":"Vie Associative","description":"","publisher":{"@id":"https:\/\/vieassociative.be\/actualites\/#organization"},"potentialAction":[{"@type":"SearchAction","target":{"@type":"EntryPoint","urlTemplate":"https:\/\/vieassociative.be\/actualites\/?s={search_term_string}"},"query-input":{"@type":"PropertyValueSpecification","valueRequired":true,"valueName":"search_term_string"}}],"inLanguage":"fr-BE"},{"@type":"Organization","@id":"https:\/\/vieassociative.be\/actualites\/#organization","name":"Vie Associative","url":"https:\/\/vieassociative.be\/actualites\/","logo":{"@type":"ImageObject","inLanguage":"fr-BE","@id":"https:\/\/vieassociative.be\/actualites\/#\/schema\/logo\/image\/","url":"https:\/\/vieassociative.be\/actualites\/wp-content\/uploads\/2024\/09\/cropped-vieassociative_favicon.ico.png","contentUrl":"https:\/\/vieassociative.be\/actualites\/wp-content\/uploads\/2024\/09\/cropped-vieassociative_favicon.ico.png","width":512,"height":512,"caption":"Vie Associative"},"image":{"@id":"https:\/\/vieassociative.be\/actualites\/#\/schema\/logo\/image\/"}},{"@type":"Person","@id":"https:\/\/vieassociative.be\/actualites\/#\/schema\/person\/b87ac4f82f9d4e7b7cec7395b679edc4","name":"Julien","image":{"@type":"ImageObject","inLanguage":"fr-BE","@id":"https:\/\/vieassociative.be\/actualites\/#\/schema\/person\/image\/","url":"https:\/\/vieassociative.be\/actualites\/wp-content\/uploads\/2024\/09\/vie-associative-1-150x150.jpg","contentUrl":"https:\/\/vieassociative.be\/actualites\/wp-content\/uploads\/2024\/09\/vie-associative-1-150x150.jpg","caption":"Julien"},"description":"Je suis Julien, r\u00e9dacteur pour Vie Associative. Passionn\u00e9 par le monde associatif depuis plus de 10 ans, j'ai \u00e0 c\u0153ur de partager des histoires inspirantes et de mettre en lumi\u00e8re les initiatives locales. Mon objectif est de sensibiliser et d'encourager l'engagement communautaire \u00e0 travers mes articles.","sameAs":["https:\/\/vieassociative.be\/"]}]}},"_links":{"self":[{"href":"https:\/\/vieassociative.be\/actualites\/wp-json\/wp\/v2\/posts\/8808"}],"collection":[{"href":"https:\/\/vieassociative.be\/actualites\/wp-json\/wp\/v2\/posts"}],"about":[{"href":"https:\/\/vieassociative.be\/actualites\/wp-json\/wp\/v2\/types\/post"}],"author":[{"embeddable":true,"href":"https:\/\/vieassociative.be\/actualites\/wp-json\/wp\/v2\/users\/1"}],"replies":[{"embeddable":true,"href":"https:\/\/vieassociative.be\/actualites\/wp-json\/wp\/v2\/comments?post=8808"}],"version-history":[{"count":0,"href":"https:\/\/vieassociative.be\/actualites\/wp-json\/wp\/v2\/posts\/8808\/revisions"}],"wp:featuredmedia":[{"embeddable":true,"href":"https:\/\/vieassociative.be\/actualites\/wp-json\/wp\/v2\/media\/8809"}],"wp:attachment":[{"href":"https:\/\/vieassociative.be\/actualites\/wp-json\/wp\/v2\/media?parent=8808"}],"wp:term":[{"taxonomy":"category","embeddable":true,"href":"https:\/\/vieassociative.be\/actualites\/wp-json\/wp\/v2\/categories?post=8808"},{"taxonomy":"post_tag","embeddable":true,"href":"https:\/\/vieassociative.be\/actualites\/wp-json\/wp\/v2\/tags?post=8808"}],"curies":[{"name":"wp","href":"https:\/\/api.w.org\/{rel}","templated":true}]}}