{"id":8802,"date":"2025-07-17T04:18:46","date_gmt":"2025-07-17T02:18:46","guid":{"rendered":"https:\/\/vieassociative.be\/actualites\/de-la-leyen-pour-un-budget-de-lue-de-deux-billions-deuros\/"},"modified":"2025-07-17T04:18:46","modified_gmt":"2025-07-17T02:18:46","slug":"de-la-leyen-pour-un-budget-de-lue-de-deux-billions-deuros","status":"publish","type":"post","link":"https:\/\/vieassociative.be\/actualites\/de-la-leyen-pour-un-budget-de-lue-de-deux-billions-deuros\/","title":{"rendered":"De la Leyen pour un budget de l&rsquo;UE de deux billions d&rsquo;euros"},"content":{"rendered":"<p><strong>L&rsquo;UE veut mettre \u00e0 niveau &#8211; mais les agriculteurs, les r\u00e9gions et les affaires veulent \u00e9galement plus d&rsquo;argent. La Commission de l&rsquo;UE fait une proposition sur la fa\u00e7on dont cela devrait fonctionner.<\/strong><\/p>\n<p><span id=\"more-420247\"><\/span>Le pr\u00e9sident de la Commission de l&rsquo;UE, Ursula von der Leyen, veut clairement augmenter le budget communautaire \u00e0 long terme de l&rsquo;Union europ\u00e9enne afin de permettre des investissements suppl\u00e9mentaires dans la s\u00e9curit\u00e9 et la d\u00e9fense. Comme elle l&rsquo;a annonc\u00e9 \u00e0 Bruxelles, le budget des ann\u00e9es 2028 \u00e0 2034 comprendrait environ 2 billions d&rsquo;euros &#8211; soit environ 700 milliards d&rsquo;euros de plus que ce qui est actuellement estim\u00e9 pour la p\u00e9riode budg\u00e9taire de sept ans actuelle.<\/p>\n<p>Selon la Commission, pr\u00e8s de la moiti\u00e9 du budget devrait circuler dans les \u00c9tats membres et se rendre \u00e0 l&rsquo;agriculture et aux r\u00e9gions les plus \u00e9veill\u00e9es structurelles, selon le pr\u00e9sident de la Commission de l&rsquo;UE, Ursula von der Leyen. \u00ab\u00a0L&rsquo;agriculture et la coh\u00e9sion sont toujours au centre de notre m\u00e9nage.\u00a0\u00bb<\/p>\n<div id=\"attachment_420254\" class=\"wp-caption alignleft\" style=\"max-width: 300px\"><img fetchpriority=\"high\" decoding=\"async\" class=\"wp-image-420254 size-medium\" src=\"https:\/\/vieassociative.be\/actualites\/wp-content\/uploads\/2025\/07\/De-la-Leyen-pour-un-budget-de-lUE-de-deux.jpg\" alt=\"\" width=\"300\" height=\"200\"><\/p>\n<p class=\"wp-caption-text\">16\/07\/2025, Belgique, Bruxelles: le pr\u00e9sident de la Commission Ursula von der Leyen a pr\u00e9sent\u00e9 les propositions de la Commission pour le budget de l&rsquo;UE. Photo: Ansgar Haase \/ DPA<\/p>\n<\/div>\n<p>Plus de 400 milliards d&rsquo;euros sont destin\u00e9s \u00e0 un fonds pour accro\u00eetre la comp\u00e9titivit\u00e9. 131 milliards d&rsquo;euros \u00e0 eux seuls se d\u00e9roulent dans la d\u00e9fense et les voyages spatiaux. \u00ab\u00a0C&rsquo;est cinq fois ce que nous avons aujourd&rsquo;hui\u00a0\u00bb, a d\u00e9clar\u00e9 Von Der Leyen.<\/p>\n<p>De plus, des fonds sont pr\u00e9vus pour le programme de promotion de la recherche de l&rsquo;UE Horizon et le programme \u00e9ducatif Erasmus +. L&rsquo;autorit\u00e9 souhaite fournir 100 milliards d&rsquo;euros pour le soutien de l&rsquo;Ukraine &#8211; en plus des programmes d&rsquo;aide en cours.<\/p>\n<p>En tant qu&rsquo;\u00c9tat membre, l&rsquo;Allemagne contribue g\u00e9n\u00e9ralement pr\u00e8s d&rsquo;un quart des fonds. Cependant, l&rsquo;augmentation propos\u00e9e du budget pourrait au moins partiellement \u00eatre financ\u00e9 par de nouvelles sources de revenus.<\/p>\n<p>Afin de r\u00e9duire la pression sur les m\u00e9nages nationaux, la Commission de l&rsquo;UE souhaite \u00e9galement financer l&rsquo;augmentation propos\u00e9e des budgets par le biais de nouvelles sources de revenus: les soi-disant nouveaux fonds propres doivent apporter 58,5 milliards d&rsquo;euros par an.<\/p>\n<p>Plus pr\u00e9cis\u00e9ment, la Commission europ\u00e9enne propose, entre autres, une taxe pour les grandes entreprises avec des ventes annuelles de plus de 100 millions d&rsquo;euros et une taxe sur les d\u00e9chets \u00e9lectroniques non collect\u00e9s pour le recyclage. Il est \u00e9galement pr\u00e9vu que certains des revenus des taxes sur le tabac devraient passer des capitales \u00e0 Bruxelles.<\/p>\n<div id=\"attachment_420259\" class=\"wp-caption alignleft\" style=\"max-width: 300px\"><img decoding=\"async\" class=\"wp-image-420259 size-medium\" src=\"https:\/\/vieassociative.be\/actualites\/wp-content\/uploads\/2025\/07\/1752718726_98_De-la-Leyen-pour-un-budget-de-lUE-de-deux.jpg\" alt=\"\" width=\"300\" height=\"206\"><\/p>\n<p class=\"wp-caption-text\">Les billets de 100 euros sont sur une table. Photo: Karl-Josef Hildenbrand \/ DPA<\/p>\n<\/div>\n<p>Le budget d\u00e9termine \u00e0 peu pr\u00e8s ce sur quoi l&rsquo;UE veut d\u00e9penser de l&rsquo;argent &#8211; et combien. La commission, dirig\u00e9e par les Leyens, essaie de concilier diff\u00e9rents int\u00e9r\u00eats et facteurs avec sa proposition. Parce que si plus d&rsquo;argent doit \u00eatre d\u00e9pens\u00e9 pour la s\u00e9curit\u00e9 et la d\u00e9fense, les agriculteurs doivent ex\u00e9cuter la temp\u00eate contre les coupes possibles et doivent \u00eatre rembours\u00e9es par le Corona Construction Fund, les assureurs-sant\u00e9 des pays membres sont vides. Et des pays financi\u00e8rement forts de l&rsquo;UE comme l&rsquo;Allemagne ou les Pays-Bas ne veulent pas approfondir leurs poches.<\/p>\n<p><strong>&#8211; Moins d&rsquo;argent devrait \u00eatre planifi\u00e9 en permanence:<\/strong> En plus de l&rsquo;argent suppl\u00e9mentaire pour la mise \u00e0 niveau contre la Russie, la Commission souhaite \u00e9galement planifier moins de fonds &#8211; afin de pouvoir r\u00e9agir rapidement et efficacement aux nouveaux d\u00e9veloppements, comme il est dit. Il devrait \u00e9galement y avoir moins de programmes de d\u00e9penses sp\u00e9cifiques dans l&rsquo;ensemble.<\/p>\n<p>Bien que jusqu&rsquo;\u00e0 pr\u00e9sent, il existe des pots s\u00e9par\u00e9s pour la politique agricole et le financement structurel de l&rsquo;UE pour les r\u00e9gions, ces postes doivent \u00eatre financ\u00e9s \u00e0 partir d&rsquo;un seul grand fonds \u00e0 l&rsquo;avenir. Des institutions de l&rsquo;UE telles que l&rsquo;agence de protection des fronti\u00e8res Frontex et l&rsquo;agence de police europ\u00e9enne devraient \u00e9galement obtenir de l&rsquo;argent ici.<\/p>\n<p>Selon la volont\u00e9 de la Commission, chaque \u00c9tat de l&rsquo;UE devrait cr\u00e9er un soi-disant plan national de r\u00e9forme et d&rsquo;investissement (NRP) pour le fonds. Dans ce document, le pays montrerait quelles r\u00e9formes et investissements qu&rsquo;il mette en \u0153uvre de 2028 \u00e0 2034 et pour quoi il aimerait utiliser l&rsquo;argent de l&rsquo;UE. Les autorit\u00e9s r\u00e9gionales devraient \u00e9galement participer \u00e0 la cr\u00e9ation du plan.<\/p>\n<div id=\"attachment_98473\" class=\"wp-caption alignleft\" style=\"max-width: 300px\"><img decoding=\"async\" class=\"wp-image-98473 size-medium\" src=\"https:\/\/vieassociative.be\/actualites\/wp-content\/uploads\/2025\/04\/La-DG-genere-des-accords-sur-le-financement-communautaire-fonds.jpeg\" alt=\"\" width=\"300\" height=\"200\"  ><\/p>\n<p class=\"wp-caption-text\">Photo: Shutterstock<\/p>\n<\/div>\n<p>Pour le remboursement du Corona Construction Fund, la Commission pr\u00e9voit 24 milliards d&rsquo;euros par an aux prix actuels, ce qui signifie un co\u00fbt total de 168 milliards d&rsquo;euros. Le pot a \u00e9t\u00e9 cr\u00e9\u00e9 en 2021 pour faire face aux dommages \u00e9conomiques caus\u00e9s par la pand\u00e9mie de Corona et en m\u00eame temps moderniser l&rsquo;\u00e9conomie. Pour la premi\u00e8re fois, les dettes ont \u00e9t\u00e9 accept\u00e9es dans l&rsquo;UE \u00e0 grande \u00e9chelle. Le remboursement commence en 2028 et devrait se poursuivre jusqu&rsquo;en 2058.<\/p>\n<p><strong>&#8211; n\u00e9gociations longues et compliqu\u00e9es attendues:<\/strong> La proposition doit d\u00e9sormais \u00eatre inform\u00e9e par les pays de l&rsquo;UE et le Parlement europ\u00e9en. Ensuite, le Parlement de l&rsquo;UE doit \u00eatre d&rsquo;accord avec une d\u00e9cision majoritaire, les pays de l&rsquo;UE doivent accepter le budget \u00e0 l&rsquo;unanimit\u00e9. Des n\u00e9gociations longues et compliqu\u00e9es sont attendues. Les chefs d&rsquo;\u00c9tat et le gouvernement de l&rsquo;UE en 2020 ont discut\u00e9 du cadre financier actuel de quatre jours et nuits lors d&rsquo;un sommet.<\/p>\n<p>La majeure partie du budget \u00e0 long terme de l&rsquo;UE provient des contributions de l&rsquo;\u00c9tat membre des \u00c9tats membres de l&rsquo;UE paie un certain pourcentage de son revenu national brut (BNE). Ainsi, les propres ressources ont jusqu&rsquo;\u00e0 pr\u00e9sent coul\u00e9 vers Bruxelles en particulier et les rendements d&rsquo;une taxe en plastique.<\/p>\n<p><strong>&#8211; Critique du Parlement:<\/strong> Le Parlement de l&rsquo;UE a d\u00e9j\u00e0 critiqu\u00e9 la proposition, en particulier des plans nationaux de r\u00e9forme et d&rsquo;investissement, selon lesquels les \u00c9tats membres devraient d\u00e9cider de l&rsquo;utilisation des fonds.<\/p>\n<p>Dans un article commun du chef du groupe parlementaire de la Middle Rights Alliance, le S&#038;D social-d\u00e9mocrate, le renouvellement lib\u00e9ral et les Verts, il dit que le Parlement n&rsquo;acceptera aucune restriction de son devoir de supervision et de contr\u00f4le d\u00e9mocratique sur les d\u00e9penses de l&rsquo;UE &#8211; \u00ab\u00a0ou, pire encore, une r\u00e9nationalisation des politiques centrales de l&rsquo;UE\u00a0\u00bb. (DPA \/ CRE)<\/p>\n","protected":false},"excerpt":{"rendered":"<p>L&rsquo;UE veut mettre \u00e0 niveau &#8211; mais les agriculteurs, les r\u00e9gions et les affaires veulent \u00e9galement plus d&rsquo;argent. La Commission de l&rsquo;UE fait une proposition<\/p>\n","protected":false},"author":1,"featured_media":8803,"comment_status":"","ping_status":"","sticky":false,"template":"","format":"standard","meta":{"footnotes":""},"categories":[298],"tags":[7778,5216,3355,114,4764,3578,81],"class_list":["post-8802","post","type-post","status-publish","format-standard","has-post-thumbnail","hentry","category-belgique","tag-billions","tag-budget","tag-deuros","tag-deux","tag-leyen","tag-lue","tag-pour","generate-columns","tablet-grid-50","mobile-grid-100","grid-parent","grid-33"],"yoast_head":"<!-- This site is optimized with the Yoast SEO plugin v24.0 - https:\/\/yoast.com\/wordpress\/plugins\/seo\/ -->\n<title>De la Leyen pour un budget de l&#039;UE de deux billions d&#039;euros | Vie Associative<\/title>\n<meta name=\"robots\" content=\"index, follow, max-snippet:-1, max-image-preview:large, max-video-preview:-1\" \/>\n<link rel=\"canonical\" href=\"https:\/\/vieassociative.be\/actualites\/de-la-leyen-pour-un-budget-de-lue-de-deux-billions-deuros\/\" \/>\n<meta property=\"og:locale\" content=\"fr_FR\" \/>\n<meta property=\"og:type\" content=\"article\" \/>\n<meta property=\"og:title\" content=\"De la Leyen pour un budget de l&#039;UE de deux billions d&#039;euros | Vie Associative\" \/>\n<meta property=\"og:description\" content=\"L&rsquo;UE veut mettre \u00e0 niveau &#8211; mais les agriculteurs, les r\u00e9gions et les affaires veulent \u00e9galement plus d&rsquo;argent. La Commission de l&rsquo;UE fait une proposition\" \/>\n<meta property=\"og:url\" content=\"https:\/\/vieassociative.be\/actualites\/de-la-leyen-pour-un-budget-de-lue-de-deux-billions-deuros\/\" \/>\n<meta property=\"og:site_name\" content=\"Vie Associative\" \/>\n<meta property=\"article:published_time\" content=\"2025-07-17T02:18:46+00:00\" \/>\n<meta property=\"og:image\" content=\"https:\/\/vieassociative.be\/actualites\/wp-content\/uploads\/2024\/09\/header_backgroundk-01-e1726694325946.png\" \/>\n\t<meta property=\"og:image:width\" content=\"279\" \/>\n\t<meta property=\"og:image:height\" content=\"92\" \/>\n\t<meta property=\"og:image:type\" content=\"image\/png\" \/>\n<meta name=\"author\" content=\"Julien\" \/>\n<meta name=\"twitter:card\" content=\"summary_large_image\" \/>\n<meta name=\"twitter:label1\" content=\"\u00c9crit par\" \/>\n\t<meta name=\"twitter:data1\" content=\"Julien\" \/>\n\t<meta name=\"twitter:label2\" content=\"Dur\u00e9e de lecture est.\" \/>\n\t<meta name=\"twitter:data2\" content=\"5 minutes\" \/>\n<script type=\"application\/ld+json\" class=\"yoast-schema-graph\">{\"@context\":\"https:\/\/schema.org\",\"@graph\":[{\"@type\":\"Article\",\"@id\":\"https:\/\/vieassociative.be\/actualites\/de-la-leyen-pour-un-budget-de-lue-de-deux-billions-deuros\/#article\",\"isPartOf\":{\"@id\":\"https:\/\/vieassociative.be\/actualites\/de-la-leyen-pour-un-budget-de-lue-de-deux-billions-deuros\/\"},\"author\":{\"name\":\"Julien\",\"@id\":\"https:\/\/vieassociative.be\/actualites\/#\/schema\/person\/b87ac4f82f9d4e7b7cec7395b679edc4\"},\"headline\":\"De la Leyen pour un budget de l&rsquo;UE de deux billions d&rsquo;euros\",\"datePublished\":\"2025-07-17T02:18:46+00:00\",\"dateModified\":\"2025-07-17T02:18:46+00:00\",\"mainEntityOfPage\":{\"@id\":\"https:\/\/vieassociative.be\/actualites\/de-la-leyen-pour-un-budget-de-lue-de-deux-billions-deuros\/\"},\"wordCount\":1114,\"publisher\":{\"@id\":\"https:\/\/vieassociative.be\/actualites\/#organization\"},\"image\":{\"@id\":\"https:\/\/vieassociative.be\/actualites\/de-la-leyen-pour-un-budget-de-lue-de-deux-billions-deuros\/#primaryimage\"},\"thumbnailUrl\":\"https:\/\/vieassociative.be\/actualites\/wp-content\/uploads\/2025\/07\/De-la-Leyen-pour-un-budget-de-lUE-de-deux.jpeg\",\"keywords\":[\"billions\",\"budget\",\"deuros\",\"deux\",\"Leyen\",\"LUE\",\"pour\"],\"articleSection\":[\"Belgique\"],\"inLanguage\":\"fr-BE\"},{\"@type\":\"WebPage\",\"@id\":\"https:\/\/vieassociative.be\/actualites\/de-la-leyen-pour-un-budget-de-lue-de-deux-billions-deuros\/\",\"url\":\"https:\/\/vieassociative.be\/actualites\/de-la-leyen-pour-un-budget-de-lue-de-deux-billions-deuros\/\",\"name\":\"De la Leyen pour un budget de l'UE de deux billions d'euros | Vie Associative\",\"isPartOf\":{\"@id\":\"https:\/\/vieassociative.be\/actualites\/#website\"},\"primaryImageOfPage\":{\"@id\":\"https:\/\/vieassociative.be\/actualites\/de-la-leyen-pour-un-budget-de-lue-de-deux-billions-deuros\/#primaryimage\"},\"image\":{\"@id\":\"https:\/\/vieassociative.be\/actualites\/de-la-leyen-pour-un-budget-de-lue-de-deux-billions-deuros\/#primaryimage\"},\"thumbnailUrl\":\"https:\/\/vieassociative.be\/actualites\/wp-content\/uploads\/2025\/07\/De-la-Leyen-pour-un-budget-de-lUE-de-deux.jpeg\",\"datePublished\":\"2025-07-17T02:18:46+00:00\",\"dateModified\":\"2025-07-17T02:18:46+00:00\",\"breadcrumb\":{\"@id\":\"https:\/\/vieassociative.be\/actualites\/de-la-leyen-pour-un-budget-de-lue-de-deux-billions-deuros\/#breadcrumb\"},\"inLanguage\":\"fr-BE\",\"potentialAction\":[{\"@type\":\"ReadAction\",\"target\":[\"https:\/\/vieassociative.be\/actualites\/de-la-leyen-pour-un-budget-de-lue-de-deux-billions-deuros\/\"]}]},{\"@type\":\"ImageObject\",\"inLanguage\":\"fr-BE\",\"@id\":\"https:\/\/vieassociative.be\/actualites\/de-la-leyen-pour-un-budget-de-lue-de-deux-billions-deuros\/#primaryimage\",\"url\":\"https:\/\/vieassociative.be\/actualites\/wp-content\/uploads\/2025\/07\/De-la-Leyen-pour-un-budget-de-lUE-de-deux.jpeg\",\"contentUrl\":\"https:\/\/vieassociative.be\/actualites\/wp-content\/uploads\/2025\/07\/De-la-Leyen-pour-un-budget-de-lUE-de-deux.jpeg\",\"width\":1000,\"height\":667,\"caption\":\"De la Leyen pour un budget de l'UE de deux billions d'euros\"},{\"@type\":\"BreadcrumbList\",\"@id\":\"https:\/\/vieassociative.be\/actualites\/de-la-leyen-pour-un-budget-de-lue-de-deux-billions-deuros\/#breadcrumb\",\"itemListElement\":[{\"@type\":\"ListItem\",\"position\":1,\"name\":\"Accueil\",\"item\":\"https:\/\/vieassociative.be\/actualites\/\"},{\"@type\":\"ListItem\",\"position\":2,\"name\":\"De la Leyen pour un budget de l&rsquo;UE de deux billions d&rsquo;euros\"}]},{\"@type\":\"WebSite\",\"@id\":\"https:\/\/vieassociative.be\/actualites\/#website\",\"url\":\"https:\/\/vieassociative.be\/actualites\/\",\"name\":\"Vie Associative\",\"description\":\"\",\"publisher\":{\"@id\":\"https:\/\/vieassociative.be\/actualites\/#organization\"},\"potentialAction\":[{\"@type\":\"SearchAction\",\"target\":{\"@type\":\"EntryPoint\",\"urlTemplate\":\"https:\/\/vieassociative.be\/actualites\/?s={search_term_string}\"},\"query-input\":{\"@type\":\"PropertyValueSpecification\",\"valueRequired\":true,\"valueName\":\"search_term_string\"}}],\"inLanguage\":\"fr-BE\"},{\"@type\":\"Organization\",\"@id\":\"https:\/\/vieassociative.be\/actualites\/#organization\",\"name\":\"Vie Associative\",\"url\":\"https:\/\/vieassociative.be\/actualites\/\",\"logo\":{\"@type\":\"ImageObject\",\"inLanguage\":\"fr-BE\",\"@id\":\"https:\/\/vieassociative.be\/actualites\/#\/schema\/logo\/image\/\",\"url\":\"https:\/\/vieassociative.be\/actualites\/wp-content\/uploads\/2024\/09\/cropped-vieassociative_favicon.ico.png\",\"contentUrl\":\"https:\/\/vieassociative.be\/actualites\/wp-content\/uploads\/2024\/09\/cropped-vieassociative_favicon.ico.png\",\"width\":512,\"height\":512,\"caption\":\"Vie Associative\"},\"image\":{\"@id\":\"https:\/\/vieassociative.be\/actualites\/#\/schema\/logo\/image\/\"}},{\"@type\":\"Person\",\"@id\":\"https:\/\/vieassociative.be\/actualites\/#\/schema\/person\/b87ac4f82f9d4e7b7cec7395b679edc4\",\"name\":\"Julien\",\"image\":{\"@type\":\"ImageObject\",\"inLanguage\":\"fr-BE\",\"@id\":\"https:\/\/vieassociative.be\/actualites\/#\/schema\/person\/image\/\",\"url\":\"https:\/\/vieassociative.be\/actualites\/wp-content\/uploads\/2024\/09\/vie-associative-1-150x150.jpg\",\"contentUrl\":\"https:\/\/vieassociative.be\/actualites\/wp-content\/uploads\/2024\/09\/vie-associative-1-150x150.jpg\",\"caption\":\"Julien\"},\"description\":\"Je suis Julien, r\u00e9dacteur pour Vie Associative. Passionn\u00e9 par le monde associatif depuis plus de 10 ans, j'ai \u00e0 c\u0153ur de partager des histoires inspirantes et de mettre en lumi\u00e8re les initiatives locales. Mon objectif est de sensibiliser et d'encourager l'engagement communautaire \u00e0 travers mes articles.\",\"sameAs\":[\"https:\/\/vieassociative.be\/\"]}]}<\/script>\n<!-- \/ Yoast SEO plugin. -->","yoast_head_json":{"title":"De la Leyen pour un budget de l'UE de deux billions d'euros | Vie Associative","robots":{"index":"index","follow":"follow","max-snippet":"max-snippet:-1","max-image-preview":"max-image-preview:large","max-video-preview":"max-video-preview:-1"},"canonical":"https:\/\/vieassociative.be\/actualites\/de-la-leyen-pour-un-budget-de-lue-de-deux-billions-deuros\/","og_locale":"fr_FR","og_type":"article","og_title":"De la Leyen pour un budget de l'UE de deux billions d'euros | Vie Associative","og_description":"L&rsquo;UE veut mettre \u00e0 niveau &#8211; mais les agriculteurs, les r\u00e9gions et les affaires veulent \u00e9galement plus d&rsquo;argent. La Commission de l&rsquo;UE fait une proposition","og_url":"https:\/\/vieassociative.be\/actualites\/de-la-leyen-pour-un-budget-de-lue-de-deux-billions-deuros\/","og_site_name":"Vie Associative","article_published_time":"2025-07-17T02:18:46+00:00","og_image":[{"width":279,"height":92,"url":"https:\/\/vieassociative.be\/actualites\/wp-content\/uploads\/2024\/09\/header_backgroundk-01-e1726694325946.png","type":"image\/png"}],"author":"Julien","twitter_card":"summary_large_image","twitter_misc":{"\u00c9crit par":"Julien","Dur\u00e9e de lecture est.":"5 minutes"},"schema":{"@context":"https:\/\/schema.org","@graph":[{"@type":"Article","@id":"https:\/\/vieassociative.be\/actualites\/de-la-leyen-pour-un-budget-de-lue-de-deux-billions-deuros\/#article","isPartOf":{"@id":"https:\/\/vieassociative.be\/actualites\/de-la-leyen-pour-un-budget-de-lue-de-deux-billions-deuros\/"},"author":{"name":"Julien","@id":"https:\/\/vieassociative.be\/actualites\/#\/schema\/person\/b87ac4f82f9d4e7b7cec7395b679edc4"},"headline":"De la Leyen pour un budget de l&rsquo;UE de deux billions d&rsquo;euros","datePublished":"2025-07-17T02:18:46+00:00","dateModified":"2025-07-17T02:18:46+00:00","mainEntityOfPage":{"@id":"https:\/\/vieassociative.be\/actualites\/de-la-leyen-pour-un-budget-de-lue-de-deux-billions-deuros\/"},"wordCount":1114,"publisher":{"@id":"https:\/\/vieassociative.be\/actualites\/#organization"},"image":{"@id":"https:\/\/vieassociative.be\/actualites\/de-la-leyen-pour-un-budget-de-lue-de-deux-billions-deuros\/#primaryimage"},"thumbnailUrl":"https:\/\/vieassociative.be\/actualites\/wp-content\/uploads\/2025\/07\/De-la-Leyen-pour-un-budget-de-lUE-de-deux.jpeg","keywords":["billions","budget","deuros","deux","Leyen","LUE","pour"],"articleSection":["Belgique"],"inLanguage":"fr-BE"},{"@type":"WebPage","@id":"https:\/\/vieassociative.be\/actualites\/de-la-leyen-pour-un-budget-de-lue-de-deux-billions-deuros\/","url":"https:\/\/vieassociative.be\/actualites\/de-la-leyen-pour-un-budget-de-lue-de-deux-billions-deuros\/","name":"De la Leyen pour un budget de l'UE de deux billions d'euros | Vie Associative","isPartOf":{"@id":"https:\/\/vieassociative.be\/actualites\/#website"},"primaryImageOfPage":{"@id":"https:\/\/vieassociative.be\/actualites\/de-la-leyen-pour-un-budget-de-lue-de-deux-billions-deuros\/#primaryimage"},"image":{"@id":"https:\/\/vieassociative.be\/actualites\/de-la-leyen-pour-un-budget-de-lue-de-deux-billions-deuros\/#primaryimage"},"thumbnailUrl":"https:\/\/vieassociative.be\/actualites\/wp-content\/uploads\/2025\/07\/De-la-Leyen-pour-un-budget-de-lUE-de-deux.jpeg","datePublished":"2025-07-17T02:18:46+00:00","dateModified":"2025-07-17T02:18:46+00:00","breadcrumb":{"@id":"https:\/\/vieassociative.be\/actualites\/de-la-leyen-pour-un-budget-de-lue-de-deux-billions-deuros\/#breadcrumb"},"inLanguage":"fr-BE","potentialAction":[{"@type":"ReadAction","target":["https:\/\/vieassociative.be\/actualites\/de-la-leyen-pour-un-budget-de-lue-de-deux-billions-deuros\/"]}]},{"@type":"ImageObject","inLanguage":"fr-BE","@id":"https:\/\/vieassociative.be\/actualites\/de-la-leyen-pour-un-budget-de-lue-de-deux-billions-deuros\/#primaryimage","url":"https:\/\/vieassociative.be\/actualites\/wp-content\/uploads\/2025\/07\/De-la-Leyen-pour-un-budget-de-lUE-de-deux.jpeg","contentUrl":"https:\/\/vieassociative.be\/actualites\/wp-content\/uploads\/2025\/07\/De-la-Leyen-pour-un-budget-de-lUE-de-deux.jpeg","width":1000,"height":667,"caption":"De la Leyen pour un budget de l'UE de deux billions d'euros"},{"@type":"BreadcrumbList","@id":"https:\/\/vieassociative.be\/actualites\/de-la-leyen-pour-un-budget-de-lue-de-deux-billions-deuros\/#breadcrumb","itemListElement":[{"@type":"ListItem","position":1,"name":"Accueil","item":"https:\/\/vieassociative.be\/actualites\/"},{"@type":"ListItem","position":2,"name":"De la Leyen pour un budget de l&rsquo;UE de deux billions d&rsquo;euros"}]},{"@type":"WebSite","@id":"https:\/\/vieassociative.be\/actualites\/#website","url":"https:\/\/vieassociative.be\/actualites\/","name":"Vie Associative","description":"","publisher":{"@id":"https:\/\/vieassociative.be\/actualites\/#organization"},"potentialAction":[{"@type":"SearchAction","target":{"@type":"EntryPoint","urlTemplate":"https:\/\/vieassociative.be\/actualites\/?s={search_term_string}"},"query-input":{"@type":"PropertyValueSpecification","valueRequired":true,"valueName":"search_term_string"}}],"inLanguage":"fr-BE"},{"@type":"Organization","@id":"https:\/\/vieassociative.be\/actualites\/#organization","name":"Vie Associative","url":"https:\/\/vieassociative.be\/actualites\/","logo":{"@type":"ImageObject","inLanguage":"fr-BE","@id":"https:\/\/vieassociative.be\/actualites\/#\/schema\/logo\/image\/","url":"https:\/\/vieassociative.be\/actualites\/wp-content\/uploads\/2024\/09\/cropped-vieassociative_favicon.ico.png","contentUrl":"https:\/\/vieassociative.be\/actualites\/wp-content\/uploads\/2024\/09\/cropped-vieassociative_favicon.ico.png","width":512,"height":512,"caption":"Vie Associative"},"image":{"@id":"https:\/\/vieassociative.be\/actualites\/#\/schema\/logo\/image\/"}},{"@type":"Person","@id":"https:\/\/vieassociative.be\/actualites\/#\/schema\/person\/b87ac4f82f9d4e7b7cec7395b679edc4","name":"Julien","image":{"@type":"ImageObject","inLanguage":"fr-BE","@id":"https:\/\/vieassociative.be\/actualites\/#\/schema\/person\/image\/","url":"https:\/\/vieassociative.be\/actualites\/wp-content\/uploads\/2024\/09\/vie-associative-1-150x150.jpg","contentUrl":"https:\/\/vieassociative.be\/actualites\/wp-content\/uploads\/2024\/09\/vie-associative-1-150x150.jpg","caption":"Julien"},"description":"Je suis Julien, r\u00e9dacteur pour Vie Associative. Passionn\u00e9 par le monde associatif depuis plus de 10 ans, j'ai \u00e0 c\u0153ur de partager des histoires inspirantes et de mettre en lumi\u00e8re les initiatives locales. Mon objectif est de sensibiliser et d'encourager l'engagement communautaire \u00e0 travers mes articles.","sameAs":["https:\/\/vieassociative.be\/"]}]}},"_links":{"self":[{"href":"https:\/\/vieassociative.be\/actualites\/wp-json\/wp\/v2\/posts\/8802"}],"collection":[{"href":"https:\/\/vieassociative.be\/actualites\/wp-json\/wp\/v2\/posts"}],"about":[{"href":"https:\/\/vieassociative.be\/actualites\/wp-json\/wp\/v2\/types\/post"}],"author":[{"embeddable":true,"href":"https:\/\/vieassociative.be\/actualites\/wp-json\/wp\/v2\/users\/1"}],"replies":[{"embeddable":true,"href":"https:\/\/vieassociative.be\/actualites\/wp-json\/wp\/v2\/comments?post=8802"}],"version-history":[{"count":0,"href":"https:\/\/vieassociative.be\/actualites\/wp-json\/wp\/v2\/posts\/8802\/revisions"}],"wp:featuredmedia":[{"embeddable":true,"href":"https:\/\/vieassociative.be\/actualites\/wp-json\/wp\/v2\/media\/8803"}],"wp:attachment":[{"href":"https:\/\/vieassociative.be\/actualites\/wp-json\/wp\/v2\/media?parent=8802"}],"wp:term":[{"taxonomy":"category","embeddable":true,"href":"https:\/\/vieassociative.be\/actualites\/wp-json\/wp\/v2\/categories?post=8802"},{"taxonomy":"post_tag","embeddable":true,"href":"https:\/\/vieassociative.be\/actualites\/wp-json\/wp\/v2\/tags?post=8802"}],"curies":[{"name":"wp","href":"https:\/\/api.w.org\/{rel}","templated":true}]}}