{"id":8801,"date":"2025-07-17T03:18:07","date_gmt":"2025-07-17T01:18:07","guid":{"rendered":"https:\/\/vieassociative.be\/actualites\/la-charge-sans-fil-est-sur-le-point-dobtenir-beaucoup-plus-rapidement-2\/"},"modified":"2025-07-17T03:18:07","modified_gmt":"2025-07-17T01:18:07","slug":"la-charge-sans-fil-est-sur-le-point-dobtenir-beaucoup-plus-rapidement-2","status":"publish","type":"post","link":"https:\/\/vieassociative.be\/actualites\/la-charge-sans-fil-est-sur-le-point-dobtenir-beaucoup-plus-rapidement-2\/","title":{"rendered":"La charge sans fil est sur le point d&rsquo;obtenir beaucoup plus rapidement"},"content":{"rendered":"<div class=\"mt-4 leading-6 md:mb-8\">Qi2.2 est tout \u00e0 fait la norme.<\/div>\n<p><\/p>\n<p>La norme de charge sans fil QI existe depuis 2010, et elle a chang\u00e9 un peu au cours de ces 15 ann\u00e9es. Ce qui a commenc\u00e9 comme une norme 5W ch\u00e9tive a \u00e9volu\u00e9 vers, largement, 15W &#8211; pas flamboyant rapidement, mais toujours assez rapide pour en valoir la peine. Et avec la norme QI2, l&rsquo;industrie a adopt\u00e9 la conception de Magsafe d&rsquo;Apple. Depuis lors, vous avez pu acheter des chargeurs qui se connectent magn\u00e9tiquement aux bobines de charge sans fil dans vos appareils, vous n&rsquo;avez donc pas \u00e0 vous soucier de tout faire parfaitement pour recharger. <\/p>\n<p>Le Qi2 est une norme depuis 2023, et m\u00eame lorsqu&rsquo;il a \u00e9t\u00e9 lanc\u00e9, il a promis des am\u00e9liorations sur la route. Notamment, le Consortium Power Wireless (WPC), qui d\u00e9veloppe la norme, a d\u00e9clar\u00e9 que le transfert de puissance 15W de QI2 augmenterait \u00e0 l&rsquo;avenir, permettant une charge plus rapide. Maintenant, en 2025, il semble que ces avantages soient enfin d\u00e9ploy\u00e9s avec Qi2.2, m\u00eame si la grande majorit\u00e9 des appareils qui le soutiennent (sans parler de Qi2) sont des iPhones \u00e0 ce stade. <\/p>\n<h2 id=\"qi22s-25w-advantage\">Avantage de 25W de Qi2.2<\/h2>\n<p>Qi2.2, officiellement une norme reconnue depuis avril, s&rsquo;appuie sur Qi2 par, entre autres, offrant des transferts de puissance jusqu&rsquo;\u00e0 25 W tout en conservant des connexions magn\u00e9tiques. Avec le bon c\u00e2ble et le bon adaptateur d&rsquo;alimentation, 25W offrirait des am\u00e9liorations de vitesse solides sur 15 W. L&rsquo;iPhone 16 d&rsquo;Apple, avec son dernier chargeur Magsafe et un adaptateur d&rsquo;alimentation 30W, par exemple, prend en charge la charge sans fil 25 W, et peut passer de 0 \u00e0 50% de batterie en 30 minutes. (15W MAGSAFE fait de m\u00eame en environ 45 minutes.) Pas mal pour la charge sans fil. <\/p>\n<p>Cette rondelle de la magsafe est \u00e9galement Qi2, pas Qi2.2. Une fois que nous verrons des produits QI2.2 frapper les \u00e9tag\u00e8res, nous verrons \u00e0 quel point ils se comportent contre la plate-forme Magsafe actuelle d&rsquo;Apple. (Apple travaille \u00e9galement sur des chargeurs de magsafe Qi2.2.)<\/p>\n<div class=\"pogoClear relative my-10 border-b-(1.5px) border-t-(1.5px) border-dashed border-black py-5 sm:my-14 sm:border-0 sm:py-0\" data-ga-click data-ga-template=\"News\" data-ga-module=\"openweb_widget\" data-ga-element=\"openweb_scroll\" data-ga-item=\"openweb_scroll_midpage\" x-data=\"{\n         commentsCount: null,\n         hasComments: false,\n         async fetchCommentsCount() {\n             try {\n                 if (window.openweb &amp;&amp; typeof window.openweb.getMessagesCount === 'function') {\n                     this.commentsCount = await window.openweb.getMessagesCount('01K0AC6FNC542X16P35F0PCJNW');\n                     this.hasComments = this.commentsCount !== null &amp;&amp; this.commentsCount &gt; 0;\n                 }\n             } catch (e) {\n                 console.warn('Failed to fetch comment count:', e);\n             }\n         }\n     }\" x-init=\"fetchCommentsCount()\" x-cloak><\/p>\n<div class=\"absolute top-1\/2 hidden w-full -translate-y-1\/2 border-t-(1.5px) border-dashed border-black sm:block\"><\/div>\n<div class=\"relative flex justify-center\">\n<div class=\"flex max-w-fit items-center gap-x-3 bg-white px-5\">\n<div class=\"relative\">\n                <span class=\"absolute left-1\/2 top-1\/2 -translate-x-1\/2 -translate-y-1\/2 font-akshar text-sm font-medium text-black\" aria-live=\"polite\" x-show=\"hasComments\" x-text=\"commentsCount\"><\/span><\/p>\n<p>                <svg class=\"h-8 w-8 text-black\" role=\"img\" aria-hidden=\"true\">\n                    <use href=\"http:\/\/lifehacker.com\/images\/icons\/spritemap.svg#sprite-chat-bubble\"><\/use>\n                <\/svg>\n            <\/div>\n<p>            <span class=\"text-sm font-medium text-black\"><\/p>\n<p>                Que pensez-vous jusqu&rsquo;\u00e0 pr\u00e9sent?<br \/>\n                <button class=\"ml-1 font-semibold text-brand-green underline hover:text-brand-green-700\" type=\"button\" aria-label=\"Comment section trigger\" onclick=\"window.openweb.scrollToComments('01K0AC6FNC542X16P35F0PCJNW')\" x-text=\"hasComments ? 'Post a comment.' : 'Be the first to post a comment.'\"><\/button><br \/>\n            <\/span>\n        <\/div>\n<\/p><\/div>\n<\/div>\n<p>Il semble cependant que ces chargeurs QI2.2 tiers sont plus proches que jamais. Comme indiqu\u00e9 par The Verge, il existe d\u00e9sormais des produits de charge r\u00e9pertori\u00e9s avec le WPC qui prennent en charge QI2.2. Cela comprend:<\/p>\n<ul>\n<li>\n<p>Banque d&rsquo;alimentation sans fil magn\u00e9tique ugreen<\/p>\n<\/li>\n<li>\n<p>Charge sans fil CE-link<\/p>\n<\/li>\n<li>\n<p>Scosche MagicMount Pro Charge<\/p>\n<\/li>\n<li>\n<p>Scosche MagicMount Pro Charge (mod\u00e8le diff\u00e9rent)<\/p>\n<\/li>\n<li>\n<p>Chargeur sans fil Anker Prime<\/p>\n<\/li>\n<li>\n<p>Chargeur sans fil 2-en-1 aukey<\/p>\n<\/li>\n<li>\n<p>Banque de puissance de base<\/p>\n<\/li>\n<\/ul>\n<p>Aucun de ces qi2.2 n&rsquo;est encore tout \u00e0 fait pr\u00eat. La banque d&rsquo;alimentation d&rsquo;Uilleen, par exemple, est pr\u00e9vue pour une version d&rsquo;automne 2025. Mais il est bon de savoir que les entreprises font rouler le ballon sur cette nouvelle norme Qi. J&rsquo;esp\u00e8re que nous verrons ces produits le plus t\u00f4t possible et, en tandem, plus de support pour Qi2 et plus des fabricants de smartphones. Apple prend en charge QI2 sur l&rsquo;iPhone 12 et plus r\u00e9cent, mais seul l&rsquo;horizon HDM prend actuellement en charge la norme sur Android. <\/p>\n","protected":false},"excerpt":{"rendered":"<p>Qi2.2 est tout \u00e0 fait la norme. La norme de charge sans fil QI existe depuis 2010, et elle a chang\u00e9 un peu au cours<\/p>\n","protected":false},"author":1,"featured_media":8800,"comment_status":"","ping_status":"","sticky":false,"template":"","format":"standard","meta":{"footnotes":""},"categories":[13],"tags":[1118,3135,3625,76,1488,174,1754,130,33],"class_list":["post-8801","post","type-post","status-publish","format-standard","has-post-thumbnail","hentry","category-technologie","tag-beaucoup","tag-charge","tag-dobtenir","tag-est","tag-fil","tag-point","tag-rapidement","tag-sans","tag-sur","generate-columns","tablet-grid-50","mobile-grid-100","grid-parent","grid-33"],"yoast_head":"<!-- This site is optimized with the Yoast SEO plugin v24.0 - https:\/\/yoast.com\/wordpress\/plugins\/seo\/ -->\n<title>La charge sans fil est sur le point d&#039;obtenir beaucoup plus rapidement | Vie Associative<\/title>\n<meta name=\"robots\" content=\"index, follow, max-snippet:-1, max-image-preview:large, max-video-preview:-1\" \/>\n<link rel=\"canonical\" href=\"https:\/\/vieassociative.be\/actualites\/la-charge-sans-fil-est-sur-le-point-dobtenir-beaucoup-plus-rapidement-2\/\" \/>\n<meta property=\"og:locale\" content=\"fr_FR\" \/>\n<meta property=\"og:type\" content=\"article\" \/>\n<meta property=\"og:title\" content=\"La charge sans fil est sur le point d&#039;obtenir beaucoup plus rapidement | Vie Associative\" \/>\n<meta property=\"og:description\" content=\"Qi2.2 est tout \u00e0 fait la norme. La norme de charge sans fil QI existe depuis 2010, et elle a chang\u00e9 un peu au cours\" \/>\n<meta property=\"og:url\" content=\"https:\/\/vieassociative.be\/actualites\/la-charge-sans-fil-est-sur-le-point-dobtenir-beaucoup-plus-rapidement-2\/\" \/>\n<meta property=\"og:site_name\" content=\"Vie Associative\" \/>\n<meta property=\"article:published_time\" content=\"2025-07-17T01:18:07+00:00\" \/>\n<meta property=\"og:image\" content=\"https:\/\/vieassociative.be\/actualites\/wp-content\/uploads\/2024\/09\/header_backgroundk-01-e1726694325946.png\" \/>\n\t<meta property=\"og:image:width\" content=\"279\" \/>\n\t<meta property=\"og:image:height\" content=\"92\" \/>\n\t<meta property=\"og:image:type\" content=\"image\/png\" \/>\n<meta name=\"author\" content=\"Julien\" \/>\n<meta name=\"twitter:card\" content=\"summary_large_image\" \/>\n<meta name=\"twitter:label1\" content=\"\u00c9crit par\" \/>\n\t<meta name=\"twitter:data1\" content=\"Julien\" \/>\n\t<meta name=\"twitter:label2\" content=\"Dur\u00e9e de lecture est.\" \/>\n\t<meta name=\"twitter:data2\" content=\"2 minutes\" \/>\n<script type=\"application\/ld+json\" class=\"yoast-schema-graph\">{\"@context\":\"https:\/\/schema.org\",\"@graph\":[{\"@type\":\"Article\",\"@id\":\"https:\/\/vieassociative.be\/actualites\/la-charge-sans-fil-est-sur-le-point-dobtenir-beaucoup-plus-rapidement-2\/#article\",\"isPartOf\":{\"@id\":\"https:\/\/vieassociative.be\/actualites\/la-charge-sans-fil-est-sur-le-point-dobtenir-beaucoup-plus-rapidement-2\/\"},\"author\":{\"name\":\"Julien\",\"@id\":\"https:\/\/vieassociative.be\/actualites\/#\/schema\/person\/b87ac4f82f9d4e7b7cec7395b679edc4\"},\"headline\":\"La charge sans fil est sur le point d&rsquo;obtenir beaucoup plus rapidement\",\"datePublished\":\"2025-07-17T01:18:07+00:00\",\"dateModified\":\"2025-07-17T01:18:07+00:00\",\"mainEntityOfPage\":{\"@id\":\"https:\/\/vieassociative.be\/actualites\/la-charge-sans-fil-est-sur-le-point-dobtenir-beaucoup-plus-rapidement-2\/\"},\"wordCount\":533,\"publisher\":{\"@id\":\"https:\/\/vieassociative.be\/actualites\/#organization\"},\"image\":{\"@id\":\"https:\/\/vieassociative.be\/actualites\/la-charge-sans-fil-est-sur-le-point-dobtenir-beaucoup-plus-rapidement-2\/#primaryimage\"},\"thumbnailUrl\":\"https:\/\/vieassociative.be\/actualites\/wp-content\/uploads\/2025\/07\/La-charge-sans-fil-est-sur-le-point-dobtenir-beaucoup.png\",\"keywords\":[\"beaucoup\",\"charge\",\"dobtenir\",\"est\",\"fil\",\"point\",\"rapidement\",\"sans\",\"sur\"],\"articleSection\":[\"Technologie\"],\"inLanguage\":\"fr-BE\"},{\"@type\":\"WebPage\",\"@id\":\"https:\/\/vieassociative.be\/actualites\/la-charge-sans-fil-est-sur-le-point-dobtenir-beaucoup-plus-rapidement-2\/\",\"url\":\"https:\/\/vieassociative.be\/actualites\/la-charge-sans-fil-est-sur-le-point-dobtenir-beaucoup-plus-rapidement-2\/\",\"name\":\"La charge sans fil est sur le point d'obtenir beaucoup plus rapidement | Vie Associative\",\"isPartOf\":{\"@id\":\"https:\/\/vieassociative.be\/actualites\/#website\"},\"primaryImageOfPage\":{\"@id\":\"https:\/\/vieassociative.be\/actualites\/la-charge-sans-fil-est-sur-le-point-dobtenir-beaucoup-plus-rapidement-2\/#primaryimage\"},\"image\":{\"@id\":\"https:\/\/vieassociative.be\/actualites\/la-charge-sans-fil-est-sur-le-point-dobtenir-beaucoup-plus-rapidement-2\/#primaryimage\"},\"thumbnailUrl\":\"https:\/\/vieassociative.be\/actualites\/wp-content\/uploads\/2025\/07\/La-charge-sans-fil-est-sur-le-point-dobtenir-beaucoup.png\",\"datePublished\":\"2025-07-17T01:18:07+00:00\",\"dateModified\":\"2025-07-17T01:18:07+00:00\",\"breadcrumb\":{\"@id\":\"https:\/\/vieassociative.be\/actualites\/la-charge-sans-fil-est-sur-le-point-dobtenir-beaucoup-plus-rapidement-2\/#breadcrumb\"},\"inLanguage\":\"fr-BE\",\"potentialAction\":[{\"@type\":\"ReadAction\",\"target\":[\"https:\/\/vieassociative.be\/actualites\/la-charge-sans-fil-est-sur-le-point-dobtenir-beaucoup-plus-rapidement-2\/\"]}]},{\"@type\":\"ImageObject\",\"inLanguage\":\"fr-BE\",\"@id\":\"https:\/\/vieassociative.be\/actualites\/la-charge-sans-fil-est-sur-le-point-dobtenir-beaucoup-plus-rapidement-2\/#primaryimage\",\"url\":\"https:\/\/vieassociative.be\/actualites\/wp-content\/uploads\/2025\/07\/La-charge-sans-fil-est-sur-le-point-dobtenir-beaucoup.png\",\"contentUrl\":\"https:\/\/vieassociative.be\/actualites\/wp-content\/uploads\/2025\/07\/La-charge-sans-fil-est-sur-le-point-dobtenir-beaucoup.png\",\"width\":1200,\"height\":675,\"caption\":\"La charge sans fil est sur le point d'obtenir beaucoup plus rapidement\"},{\"@type\":\"BreadcrumbList\",\"@id\":\"https:\/\/vieassociative.be\/actualites\/la-charge-sans-fil-est-sur-le-point-dobtenir-beaucoup-plus-rapidement-2\/#breadcrumb\",\"itemListElement\":[{\"@type\":\"ListItem\",\"position\":1,\"name\":\"Accueil\",\"item\":\"https:\/\/vieassociative.be\/actualites\/\"},{\"@type\":\"ListItem\",\"position\":2,\"name\":\"La charge sans fil est sur le point d&rsquo;obtenir beaucoup plus rapidement\"}]},{\"@type\":\"WebSite\",\"@id\":\"https:\/\/vieassociative.be\/actualites\/#website\",\"url\":\"https:\/\/vieassociative.be\/actualites\/\",\"name\":\"Vie Associative\",\"description\":\"\",\"publisher\":{\"@id\":\"https:\/\/vieassociative.be\/actualites\/#organization\"},\"potentialAction\":[{\"@type\":\"SearchAction\",\"target\":{\"@type\":\"EntryPoint\",\"urlTemplate\":\"https:\/\/vieassociative.be\/actualites\/?s={search_term_string}\"},\"query-input\":{\"@type\":\"PropertyValueSpecification\",\"valueRequired\":true,\"valueName\":\"search_term_string\"}}],\"inLanguage\":\"fr-BE\"},{\"@type\":\"Organization\",\"@id\":\"https:\/\/vieassociative.be\/actualites\/#organization\",\"name\":\"Vie Associative\",\"url\":\"https:\/\/vieassociative.be\/actualites\/\",\"logo\":{\"@type\":\"ImageObject\",\"inLanguage\":\"fr-BE\",\"@id\":\"https:\/\/vieassociative.be\/actualites\/#\/schema\/logo\/image\/\",\"url\":\"https:\/\/vieassociative.be\/actualites\/wp-content\/uploads\/2024\/09\/cropped-vieassociative_favicon.ico.png\",\"contentUrl\":\"https:\/\/vieassociative.be\/actualites\/wp-content\/uploads\/2024\/09\/cropped-vieassociative_favicon.ico.png\",\"width\":512,\"height\":512,\"caption\":\"Vie Associative\"},\"image\":{\"@id\":\"https:\/\/vieassociative.be\/actualites\/#\/schema\/logo\/image\/\"}},{\"@type\":\"Person\",\"@id\":\"https:\/\/vieassociative.be\/actualites\/#\/schema\/person\/b87ac4f82f9d4e7b7cec7395b679edc4\",\"name\":\"Julien\",\"image\":{\"@type\":\"ImageObject\",\"inLanguage\":\"fr-BE\",\"@id\":\"https:\/\/vieassociative.be\/actualites\/#\/schema\/person\/image\/\",\"url\":\"https:\/\/vieassociative.be\/actualites\/wp-content\/uploads\/2024\/09\/vie-associative-1-150x150.jpg\",\"contentUrl\":\"https:\/\/vieassociative.be\/actualites\/wp-content\/uploads\/2024\/09\/vie-associative-1-150x150.jpg\",\"caption\":\"Julien\"},\"description\":\"Je suis Julien, r\u00e9dacteur pour Vie Associative. Passionn\u00e9 par le monde associatif depuis plus de 10 ans, j'ai \u00e0 c\u0153ur de partager des histoires inspirantes et de mettre en lumi\u00e8re les initiatives locales. Mon objectif est de sensibiliser et d'encourager l'engagement communautaire \u00e0 travers mes articles.\",\"sameAs\":[\"https:\/\/vieassociative.be\/\"]}]}<\/script>\n<!-- \/ Yoast SEO plugin. -->","yoast_head_json":{"title":"La charge sans fil est sur le point d'obtenir beaucoup plus rapidement | Vie Associative","robots":{"index":"index","follow":"follow","max-snippet":"max-snippet:-1","max-image-preview":"max-image-preview:large","max-video-preview":"max-video-preview:-1"},"canonical":"https:\/\/vieassociative.be\/actualites\/la-charge-sans-fil-est-sur-le-point-dobtenir-beaucoup-plus-rapidement-2\/","og_locale":"fr_FR","og_type":"article","og_title":"La charge sans fil est sur le point d'obtenir beaucoup plus rapidement | Vie Associative","og_description":"Qi2.2 est tout \u00e0 fait la norme. La norme de charge sans fil QI existe depuis 2010, et elle a chang\u00e9 un peu au cours","og_url":"https:\/\/vieassociative.be\/actualites\/la-charge-sans-fil-est-sur-le-point-dobtenir-beaucoup-plus-rapidement-2\/","og_site_name":"Vie Associative","article_published_time":"2025-07-17T01:18:07+00:00","og_image":[{"width":279,"height":92,"url":"https:\/\/vieassociative.be\/actualites\/wp-content\/uploads\/2024\/09\/header_backgroundk-01-e1726694325946.png","type":"image\/png"}],"author":"Julien","twitter_card":"summary_large_image","twitter_misc":{"\u00c9crit par":"Julien","Dur\u00e9e de lecture est.":"2 minutes"},"schema":{"@context":"https:\/\/schema.org","@graph":[{"@type":"Article","@id":"https:\/\/vieassociative.be\/actualites\/la-charge-sans-fil-est-sur-le-point-dobtenir-beaucoup-plus-rapidement-2\/#article","isPartOf":{"@id":"https:\/\/vieassociative.be\/actualites\/la-charge-sans-fil-est-sur-le-point-dobtenir-beaucoup-plus-rapidement-2\/"},"author":{"name":"Julien","@id":"https:\/\/vieassociative.be\/actualites\/#\/schema\/person\/b87ac4f82f9d4e7b7cec7395b679edc4"},"headline":"La charge sans fil est sur le point d&rsquo;obtenir beaucoup plus rapidement","datePublished":"2025-07-17T01:18:07+00:00","dateModified":"2025-07-17T01:18:07+00:00","mainEntityOfPage":{"@id":"https:\/\/vieassociative.be\/actualites\/la-charge-sans-fil-est-sur-le-point-dobtenir-beaucoup-plus-rapidement-2\/"},"wordCount":533,"publisher":{"@id":"https:\/\/vieassociative.be\/actualites\/#organization"},"image":{"@id":"https:\/\/vieassociative.be\/actualites\/la-charge-sans-fil-est-sur-le-point-dobtenir-beaucoup-plus-rapidement-2\/#primaryimage"},"thumbnailUrl":"https:\/\/vieassociative.be\/actualites\/wp-content\/uploads\/2025\/07\/La-charge-sans-fil-est-sur-le-point-dobtenir-beaucoup.png","keywords":["beaucoup","charge","dobtenir","est","fil","point","rapidement","sans","sur"],"articleSection":["Technologie"],"inLanguage":"fr-BE"},{"@type":"WebPage","@id":"https:\/\/vieassociative.be\/actualites\/la-charge-sans-fil-est-sur-le-point-dobtenir-beaucoup-plus-rapidement-2\/","url":"https:\/\/vieassociative.be\/actualites\/la-charge-sans-fil-est-sur-le-point-dobtenir-beaucoup-plus-rapidement-2\/","name":"La charge sans fil est sur le point d'obtenir beaucoup plus rapidement | Vie Associative","isPartOf":{"@id":"https:\/\/vieassociative.be\/actualites\/#website"},"primaryImageOfPage":{"@id":"https:\/\/vieassociative.be\/actualites\/la-charge-sans-fil-est-sur-le-point-dobtenir-beaucoup-plus-rapidement-2\/#primaryimage"},"image":{"@id":"https:\/\/vieassociative.be\/actualites\/la-charge-sans-fil-est-sur-le-point-dobtenir-beaucoup-plus-rapidement-2\/#primaryimage"},"thumbnailUrl":"https:\/\/vieassociative.be\/actualites\/wp-content\/uploads\/2025\/07\/La-charge-sans-fil-est-sur-le-point-dobtenir-beaucoup.png","datePublished":"2025-07-17T01:18:07+00:00","dateModified":"2025-07-17T01:18:07+00:00","breadcrumb":{"@id":"https:\/\/vieassociative.be\/actualites\/la-charge-sans-fil-est-sur-le-point-dobtenir-beaucoup-plus-rapidement-2\/#breadcrumb"},"inLanguage":"fr-BE","potentialAction":[{"@type":"ReadAction","target":["https:\/\/vieassociative.be\/actualites\/la-charge-sans-fil-est-sur-le-point-dobtenir-beaucoup-plus-rapidement-2\/"]}]},{"@type":"ImageObject","inLanguage":"fr-BE","@id":"https:\/\/vieassociative.be\/actualites\/la-charge-sans-fil-est-sur-le-point-dobtenir-beaucoup-plus-rapidement-2\/#primaryimage","url":"https:\/\/vieassociative.be\/actualites\/wp-content\/uploads\/2025\/07\/La-charge-sans-fil-est-sur-le-point-dobtenir-beaucoup.png","contentUrl":"https:\/\/vieassociative.be\/actualites\/wp-content\/uploads\/2025\/07\/La-charge-sans-fil-est-sur-le-point-dobtenir-beaucoup.png","width":1200,"height":675,"caption":"La charge sans fil est sur le point d'obtenir beaucoup plus rapidement"},{"@type":"BreadcrumbList","@id":"https:\/\/vieassociative.be\/actualites\/la-charge-sans-fil-est-sur-le-point-dobtenir-beaucoup-plus-rapidement-2\/#breadcrumb","itemListElement":[{"@type":"ListItem","position":1,"name":"Accueil","item":"https:\/\/vieassociative.be\/actualites\/"},{"@type":"ListItem","position":2,"name":"La charge sans fil est sur le point d&rsquo;obtenir beaucoup plus rapidement"}]},{"@type":"WebSite","@id":"https:\/\/vieassociative.be\/actualites\/#website","url":"https:\/\/vieassociative.be\/actualites\/","name":"Vie Associative","description":"","publisher":{"@id":"https:\/\/vieassociative.be\/actualites\/#organization"},"potentialAction":[{"@type":"SearchAction","target":{"@type":"EntryPoint","urlTemplate":"https:\/\/vieassociative.be\/actualites\/?s={search_term_string}"},"query-input":{"@type":"PropertyValueSpecification","valueRequired":true,"valueName":"search_term_string"}}],"inLanguage":"fr-BE"},{"@type":"Organization","@id":"https:\/\/vieassociative.be\/actualites\/#organization","name":"Vie Associative","url":"https:\/\/vieassociative.be\/actualites\/","logo":{"@type":"ImageObject","inLanguage":"fr-BE","@id":"https:\/\/vieassociative.be\/actualites\/#\/schema\/logo\/image\/","url":"https:\/\/vieassociative.be\/actualites\/wp-content\/uploads\/2024\/09\/cropped-vieassociative_favicon.ico.png","contentUrl":"https:\/\/vieassociative.be\/actualites\/wp-content\/uploads\/2024\/09\/cropped-vieassociative_favicon.ico.png","width":512,"height":512,"caption":"Vie Associative"},"image":{"@id":"https:\/\/vieassociative.be\/actualites\/#\/schema\/logo\/image\/"}},{"@type":"Person","@id":"https:\/\/vieassociative.be\/actualites\/#\/schema\/person\/b87ac4f82f9d4e7b7cec7395b679edc4","name":"Julien","image":{"@type":"ImageObject","inLanguage":"fr-BE","@id":"https:\/\/vieassociative.be\/actualites\/#\/schema\/person\/image\/","url":"https:\/\/vieassociative.be\/actualites\/wp-content\/uploads\/2024\/09\/vie-associative-1-150x150.jpg","contentUrl":"https:\/\/vieassociative.be\/actualites\/wp-content\/uploads\/2024\/09\/vie-associative-1-150x150.jpg","caption":"Julien"},"description":"Je suis Julien, r\u00e9dacteur pour Vie Associative. Passionn\u00e9 par le monde associatif depuis plus de 10 ans, j'ai \u00e0 c\u0153ur de partager des histoires inspirantes et de mettre en lumi\u00e8re les initiatives locales. Mon objectif est de sensibiliser et d'encourager l'engagement communautaire \u00e0 travers mes articles.","sameAs":["https:\/\/vieassociative.be\/"]}]}},"_links":{"self":[{"href":"https:\/\/vieassociative.be\/actualites\/wp-json\/wp\/v2\/posts\/8801"}],"collection":[{"href":"https:\/\/vieassociative.be\/actualites\/wp-json\/wp\/v2\/posts"}],"about":[{"href":"https:\/\/vieassociative.be\/actualites\/wp-json\/wp\/v2\/types\/post"}],"author":[{"embeddable":true,"href":"https:\/\/vieassociative.be\/actualites\/wp-json\/wp\/v2\/users\/1"}],"replies":[{"embeddable":true,"href":"https:\/\/vieassociative.be\/actualites\/wp-json\/wp\/v2\/comments?post=8801"}],"version-history":[{"count":0,"href":"https:\/\/vieassociative.be\/actualites\/wp-json\/wp\/v2\/posts\/8801\/revisions"}],"wp:featuredmedia":[{"embeddable":true,"href":"https:\/\/vieassociative.be\/actualites\/wp-json\/wp\/v2\/media\/8800"}],"wp:attachment":[{"href":"https:\/\/vieassociative.be\/actualites\/wp-json\/wp\/v2\/media?parent=8801"}],"wp:term":[{"taxonomy":"category","embeddable":true,"href":"https:\/\/vieassociative.be\/actualites\/wp-json\/wp\/v2\/categories?post=8801"},{"taxonomy":"post_tag","embeddable":true,"href":"https:\/\/vieassociative.be\/actualites\/wp-json\/wp\/v2\/tags?post=8801"}],"curies":[{"name":"wp","href":"https:\/\/api.w.org\/{rel}","templated":true}]}}