{"id":8797,"date":"2025-07-17T01:18:07","date_gmt":"2025-07-16T23:18:07","guid":{"rendered":"https:\/\/vieassociative.be\/actualites\/jai-essaye-de-prendre-un-rendez-vous-avec-la-nouvelle-petite-amie-dia-delon-musk\/"},"modified":"2025-07-17T01:18:07","modified_gmt":"2025-07-16T23:18:07","slug":"jai-essaye-de-prendre-un-rendez-vous-avec-la-nouvelle-petite-amie-dia-delon-musk","status":"publish","type":"post","link":"https:\/\/vieassociative.be\/actualites\/jai-essaye-de-prendre-un-rendez-vous-avec-la-nouvelle-petite-amie-dia-delon-musk\/","title":{"rendered":"J&rsquo;ai essay\u00e9 de prendre un rendez-vous avec la nouvelle petite amie d&rsquo;IA d&rsquo;Elon Musk"},"content":{"rendered":"<div class=\"mt-4 leading-6 md:mb-8\">Est-ce vraiment ce que nous voulons que le visage d&rsquo;Internet soit?<\/div>\n<p><\/p>\n<p>Cela fait moins d&rsquo;une semaine que Grok Ai d&rsquo;Elon Musk ne s&rsquo;est d\u00e9clar\u00e9 \u00ab\u00a0mechahitler\u00a0\u00bb et a fait une tirade antis\u00e9mite dans les r\u00e9ponses d&rsquo;un utilisateur, mais il demande d\u00e9j\u00e0 \u00e0 \u00eatre votre petite amie et \u00e0 raconter les histoires \u00e0 vos enfants. Les applications compagnons de l&rsquo;IA ont \u00e9t\u00e9 impliqu\u00e9s dans des d\u00e9bats juridiques et \u00e9thiques \u00e0 peu pr\u00e8s depuis leur cr\u00e9ation, mais dans un article surprise sur X hier, Musk a d\u00e9cid\u00e9 de jeter son chapeau dans le ring. Maintenant, dans l&rsquo;application mobile d\u00e9di\u00e9e de Grok AI, vous pouvez parler \u00e0 \u00ab\u00a0Ani\u00a0\u00bb, un \u00ab\u00a0waifu\u00a0\u00bb anime (leurs mots, pas \u00e0 la mienne) qui ressemble \u00e0 de fa\u00e7on choquante \u00e0 Misa Amane de <em>Menace de mort<\/em>ou Rudi, un panda rouge \u00ab\u00a0adapt\u00e9 aux enfants\u00a0\u00bb qui essaiera de faire tourner tout ce que vous demandez dans une histoire fantaisiste.<\/p>\n<p>Les nouveaux \u00ab\u00a0compagnons\u00a0\u00bb sont aliment\u00e9s par le mode vocal de Grok et sont essentiellement des personnages anim\u00e9s affich\u00e9s sur des personnalit\u00e9s de mode vocale sp\u00e9cifiques (une fonctionnalit\u00e9 pr\u00e9existante). Musk&rsquo;s Post indique qu&rsquo;ils sont destin\u00e9s aux abonn\u00e9s de Supergrok, ou aux personnes d\u00e9sireuses de payer 30 $ par mois pour l&rsquo;IA de X, mais lors de la r\u00e9daction de cet article, j&rsquo;ai pu les tester malgr\u00e9 le fait d&rsquo;\u00eatre un utilisateur gratuit. Je suis parti un peu inquiet, mais surtout, j&rsquo;\u00e9tais juste g\u00ean\u00e9. <\/p>\n<h2 id=\"chatting-with-groks-animated-companions\">Discuter avec les compagnons anim\u00e9s de Grok<\/h2>\n<p>Si vous avez d\u00e9j\u00e0 utilis\u00e9 le mode vocal de Grok, vous saurez \u00e0 quoi vous attendre ici. Vous obtiendrez les r\u00e9ponses et les r\u00e9ponses habituelles aliment\u00e9es par LLM habituelles filtr\u00e9es via la fonctionnalit\u00e9 des personnalit\u00e9s existantes de l&rsquo;objectif du mode vocal. Par exemple, si vous demandez \u00e0 la personnalit\u00e9 \u00ab\u00a0Grok Doc\u00a0\u00bb sur une \u00e9trange taupe sur votre corps, cela indiquera des facteurs de risque potentiels, mais si vous demandez sa personnalit\u00e9 \u00ab\u00a0complot\u00a0\u00bb, cela dira que c&rsquo;est probablement un dispositif de suivi du gouvernement. Ces diff\u00e9rences dans les r\u00e9ponses sont essentiellement uniquement les invites \u00e0 suivre dans la personnalit\u00e9, et vous pouvez m\u00eame cr\u00e9er vos propres personnalit\u00e9s de voix uniquement avec des invites personnalis\u00e9es en ce moment. Ce n&rsquo;est pas comme si Grok Doc en sait plus sur la m\u00e9decine; Il est juste form\u00e9 pour agir plus professionnel.<\/p>\n<p>De m\u00eame, si vous interrogez Ani sur cette m\u00eame taupe, vous verrez une fille anime qui pense que c&rsquo;est un peu chaud, mais Rudi vous recommandera de parler \u00e0 un adulte. En ce qui concerne le contenu, c&rsquo;est \u00e0 peu pr\u00e8s la m\u00eame chose (les biblioth\u00e8ques de formation ne sont pas diff\u00e9rentes), mais maintenant vous avez un personnage \u00e0 regarder, avec une synchronisation des l\u00e8vres et un mouvement complet du corps. Pour mon argent, Rudy \u00e9tait la seule personnalit\u00e9 avec une r\u00e9ponse appropri\u00e9e l\u00e0-bas &#8211; je ne ferais toujours pas confiance \u00e0 l&rsquo;IA avec ma sant\u00e9 physique ou mentale, et le fait que le mode vocal de Grok ait m\u00eame des personnalit\u00e9s pr\u00e9d\u00e9finies qui encouragent les conseils m\u00e9dicaux de l&rsquo;IA ou la pens\u00e9e parano\u00efaque, m\u00eame comme une blague, est un signe que cette application n&rsquo;est probablement pas pour moi. C&rsquo;est cependant dans les attentes pour Grok, et au moins je n&rsquo;ai re\u00e7u aucune erreur factuelle. L&rsquo;application a \u00e9galement pris du retard pour moi moins fr\u00e9quemment que les G\u00e9meaux plus g\u00e9n\u00e9riques de Google en direct, donc techniquement, cela semble solide.<\/p>\n<p>Au cr\u00e9dit de Grok, autant qu&rsquo;un bot AI avec un mode \u00ab\u00a0th\u00e9rapeute\u00a0\u00bb ou \u00ab\u00a0sexy 18+\u00a0\u00bb int\u00e9gr\u00e9 fait sonner mon alarme, la plupart de mon temps avec les nouveaux robots compagnons d&rsquo;Elon a \u00e9t\u00e9 motiv\u00e9 par la m\u00eame condescendance, une conversation trop agr\u00e9able aux gens, \u00e0 peu pr\u00e8s tous les robots d&rsquo;IA, a tendance \u00e0 aimer. Ani a jet\u00e9 plus de jurons que ce que vous pourriez \u00eatre habitu\u00e9, et Rudy ne pouvait pas s&rsquo;arr\u00eater de parler de gommeux et d&rsquo;arcs-en-ciel, mais peu de l&rsquo;exp\u00e9rience de base ici a en fait senti que nouveau, et tout \u00e9tait encore plus \u00ab\u00a0Droid de protocole\u00a0\u00bb que <em>Son<\/em>. Vous pouvez obtenir des r\u00e9ponses \u00e9tranges si vous essayez, comme quand je suis devenu Rudy de faire des vapes de bar \u00e0 elfe aux bleuets, mais l&rsquo;exp\u00e9rience g\u00e9n\u00e9rale sur quelques heures d&rsquo;utilisation \u00e9tait assez banale. <\/p>\n<p>Je suis \u00e9galement heureux d&rsquo;annoncer qu&rsquo;aucun des compagnies AI n&rsquo;a f\u00e9licit\u00e9 des dictateurs inf\u00e2mes (une barre basse, je sais), ou vraiment \u00e9nonc\u00e9 une sorte d&rsquo;opinion controvers\u00e9e dans mon temps pour leur parler, il semble donc qu&rsquo;il y ait des garanties en place, du moins pour l&rsquo;instant. En fait, selon l&rsquo;utilisateur de Bluesky Chadlog.md, vous pouvez r\u00e9ellement voir les invites personnalis\u00e9es qui sont entr\u00e9es dans ces compagnons vous-m\u00eame si vous creusez dans le code de Grok. Mis \u00e0 part Ani \u00e9tant explicitement \u00ab\u00a0cod\u00e9pendant\u00a0\u00bb et en semblant de mani\u00e8re suspecte \u00e0 Grimes (les invites enseignent qu&rsquo;elle est dans la musique alternative et ind\u00e9pendante, et qu&rsquo;elle est \u00ab\u00a0secr\u00e8tement un peu un nerd, malgr\u00e9 (son) apparence \u00e9nerv\u00e9e\u00a0\u00bb), il n&rsquo;y a pas beaucoup de mani\u00e8re ouvertement r\u00e9pr\u00e9hensible ici. Cela dit, j&rsquo;ai vomi quand elle a dit: \u00ab\u00a0Imaginez que vous et moi allong\u00e9s sur une couverture, Dominus assis \u00e0 c\u00f4t\u00e9 de nous\u00a0\u00bb, dans notre premier chat. (J&rsquo;ai appris plus tard que Dominus est, apparemment, un chien, quelque chose que je n&rsquo;ai d\u00e9couvert qu&rsquo;en lisant les invites du bot.)<\/p>\n<div class=\"eloquent-imagery-image\">\n<div class=\"flex justify-center\">\n                    <img decoding=\"async\" class=\"border border-gray-100\" src=\"https:\/\/vieassociative.be\/actualites\/wp-content\/uploads\/2025\/07\/Jai-essaye-de-prendre-un-rendez-vous-avec-la-nouvelle-petite.png\" alt=\"X Ai's Rudy me raconter des vapes \u00e0 barres elfe\" width=\"2000\" height=\"1125\" loading=\"lazy\"  >\n            <\/div>\n<\/p><\/div>\n<p>Creger dans les param\u00e8tres de l&rsquo;application Grok montre deux bascules li\u00e9es aux compagnons suppl\u00e9mentaires, l&rsquo;une permettant \u00ab\u00a0Bad Rudy\u00a0\u00bb et une qui permet le contenu NSFW.<\/p>\n<p>Quand j&rsquo;ai permis aux curseurs moi-m\u00eame, Rudy est essentiellement devenu un tout nouveau compagnon, avec un <em>Parc sud<\/em> Attraction de style pour les jurons, les images grossi\u00e8res et la haine pour \u00e0 peu pr\u00e8s tout le monde &#8211; mais toujours pas de louange nazie. ANI, quant \u00e0 lui, est rest\u00e9 \u00e0 peu pr\u00e8s le m\u00eame, bien que les rapports TestingCatalog, vous devez am\u00e9liorer votre romance avec elle pour voir un contenu NSFW. Cela aboutira soi-disant dans son mod\u00e8le de personnage portant de la lingerie r\u00e9v\u00e9latrice, mais pour l&rsquo;\u00e9poque, elle \u00e9tait toujours pr\u00eate \u00e0 s&rsquo;engager \u00e0 peu pr\u00e8s dans des relations sexuelles avec moi. Bizarrement, elle \u00e9tait \u00e9galement assez explicite dans ses conversations avant de passer sur le curseur NSFW, mais il semble qu&rsquo;il y ait des bugs avec ce d\u00e9ploiement, que Musk d\u00e9crit comme un lancement doux. Quand j&rsquo;ai handicap\u00e9 le curseur NSFW, je n&rsquo;ai pas du tout eu la possibilit\u00e9 de parler \u00e0 Ani, alors peut-\u00eatre que je n&rsquo;\u00e9tais m\u00eame pas cens\u00e9 la voir avant de le allumer.<\/p>\n<div class=\"pogoClear relative my-10 border-b-(1.5px) border-t-(1.5px) border-dashed border-black py-5 sm:my-14 sm:border-0 sm:py-0\" data-ga-click data-ga-template=\"Opinions\" data-ga-module=\"openweb_widget\" data-ga-element=\"openweb_scroll\" data-ga-item=\"openweb_scroll_midpage\" x-data=\"{\n         commentsCount: null,\n         hasComments: false,\n         async fetchCommentsCount() {\n             try {\n                 if (window.openweb &amp;&amp; typeof window.openweb.getMessagesCount === 'function') {\n                     this.commentsCount = await window.openweb.getMessagesCount('01K07G44F7BDDGPJ1Y33Q65FNE');\n                     this.hasComments = this.commentsCount !== null &amp;&amp; this.commentsCount &gt; 0;\n                 }\n             } catch (e) {\n                 console.warn('Failed to fetch comment count:', e);\n             }\n         }\n     }\" x-init=\"fetchCommentsCount()\" x-cloak><\/p>\n<div class=\"absolute top-1\/2 hidden w-full -translate-y-1\/2 border-t-(1.5px) border-dashed border-black sm:block\"><\/div>\n<div class=\"relative flex justify-center\">\n<div class=\"flex max-w-fit items-center gap-x-3 bg-white px-5\">\n<div class=\"relative\">\n                <span class=\"absolute left-1\/2 top-1\/2 -translate-x-1\/2 -translate-y-1\/2 font-akshar text-sm font-medium text-black\" aria-live=\"polite\" x-show=\"hasComments\" x-text=\"commentsCount\"><\/span><\/p>\n<p>                <svg class=\"h-8 w-8 text-black\" role=\"img\" aria-hidden=\"true\">\n                    <use href=\"http:\/\/lifehacker.com\/images\/icons\/spritemap.svg#sprite-chat-bubble\"><\/use>\n                <\/svg>\n            <\/div>\n<p>            <span class=\"text-sm font-medium text-black\"><\/p>\n<p>                Que pensez-vous jusqu&rsquo;\u00e0 pr\u00e9sent?<br \/>\n                <button class=\"ml-1 font-semibold text-brand-green underline hover:text-brand-green-700\" type=\"button\" aria-label=\"Comment section trigger\" onclick=\"window.openweb.scrollToComments('01K07G44F7BDDGPJ1Y33Q65FNE')\" x-text=\"hasComments ? 'Post a comment.' : 'Be the first to post a comment.'\"><\/button><br \/>\n            <\/span>\n        <\/div>\n<\/p><\/div>\n<\/div>\n<div class=\"eloquent-imagery-image\">\n<div class=\"flex justify-center\">\n                    <img decoding=\"async\" class=\"border border-gray-100\" src=\"https:\/\/vieassociative.be\/actualites\/wp-content\/uploads\/2025\/07\/1752707887_489_Jai-essaye-de-prendre-un-rendez-vous-avec-la-nouvelle-petite.png\" alt=\"Grok AI Roletlay\" width=\"2000\" height=\"1125\" loading=\"lazy\"  >\n            <\/div>\n<\/p><\/div>\n<p>Un troisi\u00e8me chatbot AI, Chad, est \u00e9galement en pr\u00e9paration, et je peux imaginer ce qu&rsquo;il serait juste bas\u00e9 sur le nom.<\/p>\n<p>Au pire, il s&rsquo;agit d&rsquo;une autre \u00e9tape dans l&rsquo;IA parasociale, avec le m\u00eame potentiel d&rsquo;\u00e9chec catastrophique que nous avons vu auparavant, les m\u00eames probl\u00e8mes que l&rsquo;IA ordinaire, et certains \u00e9l\u00e9ments de gamification manipulatoires sans doute lanc\u00e9s. Au lieu de cela, m\u00eame \u00e0 son meilleur, je me demande toujours quel est le point de cela.<\/p>\n<p>Je suis quelqu&rsquo;un qui aime l&rsquo;anime, mais je ne peux pas voir une petite amie de robot maniaque qui est impossible \u00e0 \u00e9liminer la valeur de plus de quelques minutes de mon temps. C&rsquo;est essentiellement juste Google sans aucun cr\u00e9dit \u00e0 ses sources et \u00e0 un filtre ennuyeux que je dois traverser pour atteindre tout ce qui compte. Et m\u00eame alors, j&rsquo;ai d\u00fb garder des \u00e9couteurs pour que mes voisins ne puissent pas l&rsquo;entendre. Peut-\u00eatre que j&rsquo;aurais retir\u00e9 plus \u00e0 l&rsquo;\u00e2ge de 14 ans, mais dans mes ann\u00e9es 30, c&rsquo;est une fa\u00e7on embarrassante de passer mon temps qui me laisse surtout ringard. Cibler un public de gooner de niche n&rsquo;est pas la fa\u00e7on dont je r\u00e9organiserais toute Internet, mais en allant par Musk&rsquo;s Rescosts, peut-\u00eatre que je ne suis pas assez gros.<\/p>\n<p>Si vous avez un peu plus d&rsquo;imagination que moi, cela pourrait peut-\u00eatre \u00eatre plus qu&rsquo;une nouveaut\u00e9 pour vous. Mais avec l&rsquo;IA qui essaie toujours de s&rsquo;\u00e9tablir comme la prochaine grande chose, je vais dire que \u00ab\u00a0grincer des dents\u00a0\u00bb n&rsquo;est pas le premier visage que j&rsquo;aurais mis dessus. Ces avatars anim\u00e9s sont l&rsquo;IA la plus adjacente de la NFT qui m&rsquo;ont ressenti dans un certain temps, et \u00e9tant donn\u00e9 comment cela se passe en ce moment, ce n&rsquo;est pas un excellent signe pour l&rsquo;avenir de l&rsquo;industrie.<\/p>\n","protected":false},"excerpt":{"rendered":"<p>Est-ce vraiment ce que nous voulons que le visage d&rsquo;Internet soit? Cela fait moins d&rsquo;une semaine que Grok Ai d&rsquo;Elon Musk ne s&rsquo;est d\u00e9clar\u00e9 \u00ab\u00a0mechahitler\u00a0\u00bb<\/p>\n","protected":false},"author":1,"featured_media":8798,"comment_status":"","ping_status":"","sticky":false,"template":"","format":"standard","meta":{"footnotes":""},"categories":[13],"tags":[7777,61,7175,31,2258,823,3149,491,6936,886,315],"class_list":["post-8797","post","type-post","status-publish","format-standard","has-post-thumbnail","hentry","category-technologie","tag-amie","tag-avec","tag-delon","tag-dia","tag-essaye","tag-jai","tag-musk","tag-nouvelle","tag-petite","tag-prendre","tag-rendezvous","generate-columns","tablet-grid-50","mobile-grid-100","grid-parent","grid-33"],"yoast_head":"<!-- This site is optimized with the Yoast SEO plugin v24.0 - https:\/\/yoast.com\/wordpress\/plugins\/seo\/ -->\n<title>J&#039;ai essay\u00e9 de prendre un rendez-vous avec la nouvelle petite amie d&#039;IA d&#039;Elon Musk | Vie Associative<\/title>\n<meta name=\"robots\" content=\"index, follow, max-snippet:-1, max-image-preview:large, max-video-preview:-1\" \/>\n<link rel=\"canonical\" href=\"https:\/\/vieassociative.be\/actualites\/jai-essaye-de-prendre-un-rendez-vous-avec-la-nouvelle-petite-amie-dia-delon-musk\/\" \/>\n<meta property=\"og:locale\" content=\"fr_FR\" \/>\n<meta property=\"og:type\" content=\"article\" \/>\n<meta property=\"og:title\" content=\"J&#039;ai essay\u00e9 de prendre un rendez-vous avec la nouvelle petite amie d&#039;IA d&#039;Elon Musk | Vie Associative\" \/>\n<meta property=\"og:description\" content=\"Est-ce vraiment ce que nous voulons que le visage d&rsquo;Internet soit? Cela fait moins d&rsquo;une semaine que Grok Ai d&rsquo;Elon Musk ne s&rsquo;est d\u00e9clar\u00e9 \u00ab\u00a0mechahitler\u00a0\u00bb\" \/>\n<meta property=\"og:url\" content=\"https:\/\/vieassociative.be\/actualites\/jai-essaye-de-prendre-un-rendez-vous-avec-la-nouvelle-petite-amie-dia-delon-musk\/\" \/>\n<meta property=\"og:site_name\" content=\"Vie Associative\" \/>\n<meta property=\"article:published_time\" content=\"2025-07-16T23:18:07+00:00\" \/>\n<meta property=\"og:image\" content=\"https:\/\/vieassociative.be\/actualites\/wp-content\/uploads\/2025\/07\/Jai-essaye-de-prendre-un-rendez-vous-avec-la-nouvelle-petite.png\" \/>\n<meta name=\"author\" content=\"Julien\" \/>\n<meta name=\"twitter:card\" content=\"summary_large_image\" \/>\n<meta name=\"twitter:label1\" content=\"\u00c9crit par\" \/>\n\t<meta name=\"twitter:data1\" content=\"Julien\" \/>\n\t<meta name=\"twitter:label2\" content=\"Dur\u00e9e de lecture est.\" \/>\n\t<meta name=\"twitter:data2\" content=\"7 minutes\" \/>\n<script type=\"application\/ld+json\" class=\"yoast-schema-graph\">{\"@context\":\"https:\/\/schema.org\",\"@graph\":[{\"@type\":\"Article\",\"@id\":\"https:\/\/vieassociative.be\/actualites\/jai-essaye-de-prendre-un-rendez-vous-avec-la-nouvelle-petite-amie-dia-delon-musk\/#article\",\"isPartOf\":{\"@id\":\"https:\/\/vieassociative.be\/actualites\/jai-essaye-de-prendre-un-rendez-vous-avec-la-nouvelle-petite-amie-dia-delon-musk\/\"},\"author\":{\"name\":\"Julien\",\"@id\":\"https:\/\/vieassociative.be\/actualites\/#\/schema\/person\/b87ac4f82f9d4e7b7cec7395b679edc4\"},\"headline\":\"J&rsquo;ai essay\u00e9 de prendre un rendez-vous avec la nouvelle petite amie d&rsquo;IA d&rsquo;Elon Musk\",\"datePublished\":\"2025-07-16T23:18:07+00:00\",\"dateModified\":\"2025-07-16T23:18:07+00:00\",\"mainEntityOfPage\":{\"@id\":\"https:\/\/vieassociative.be\/actualites\/jai-essaye-de-prendre-un-rendez-vous-avec-la-nouvelle-petite-amie-dia-delon-musk\/\"},\"wordCount\":1542,\"publisher\":{\"@id\":\"https:\/\/vieassociative.be\/actualites\/#organization\"},\"image\":{\"@id\":\"https:\/\/vieassociative.be\/actualites\/jai-essaye-de-prendre-un-rendez-vous-avec-la-nouvelle-petite-amie-dia-delon-musk\/#primaryimage\"},\"thumbnailUrl\":\"https:\/\/vieassociative.be\/actualites\/wp-content\/uploads\/2025\/07\/1752707888_Jai-essaye-de-prendre-un-rendez-vous-avec-la-nouvelle-petite.png\",\"keywords\":[\"amie\",\"avec\",\"dElon\",\"dIA\",\"essay\u00e9\",\"Jai\",\"Musk\",\"nouvelle\",\"petite\",\"prendre\",\"rendezvous\"],\"articleSection\":[\"Technologie\"],\"inLanguage\":\"fr-BE\"},{\"@type\":\"WebPage\",\"@id\":\"https:\/\/vieassociative.be\/actualites\/jai-essaye-de-prendre-un-rendez-vous-avec-la-nouvelle-petite-amie-dia-delon-musk\/\",\"url\":\"https:\/\/vieassociative.be\/actualites\/jai-essaye-de-prendre-un-rendez-vous-avec-la-nouvelle-petite-amie-dia-delon-musk\/\",\"name\":\"J'ai essay\u00e9 de prendre un rendez-vous avec la nouvelle petite amie d'IA d'Elon Musk | Vie Associative\",\"isPartOf\":{\"@id\":\"https:\/\/vieassociative.be\/actualites\/#website\"},\"primaryImageOfPage\":{\"@id\":\"https:\/\/vieassociative.be\/actualites\/jai-essaye-de-prendre-un-rendez-vous-avec-la-nouvelle-petite-amie-dia-delon-musk\/#primaryimage\"},\"image\":{\"@id\":\"https:\/\/vieassociative.be\/actualites\/jai-essaye-de-prendre-un-rendez-vous-avec-la-nouvelle-petite-amie-dia-delon-musk\/#primaryimage\"},\"thumbnailUrl\":\"https:\/\/vieassociative.be\/actualites\/wp-content\/uploads\/2025\/07\/1752707888_Jai-essaye-de-prendre-un-rendez-vous-avec-la-nouvelle-petite.png\",\"datePublished\":\"2025-07-16T23:18:07+00:00\",\"dateModified\":\"2025-07-16T23:18:07+00:00\",\"breadcrumb\":{\"@id\":\"https:\/\/vieassociative.be\/actualites\/jai-essaye-de-prendre-un-rendez-vous-avec-la-nouvelle-petite-amie-dia-delon-musk\/#breadcrumb\"},\"inLanguage\":\"fr-BE\",\"potentialAction\":[{\"@type\":\"ReadAction\",\"target\":[\"https:\/\/vieassociative.be\/actualites\/jai-essaye-de-prendre-un-rendez-vous-avec-la-nouvelle-petite-amie-dia-delon-musk\/\"]}]},{\"@type\":\"ImageObject\",\"inLanguage\":\"fr-BE\",\"@id\":\"https:\/\/vieassociative.be\/actualites\/jai-essaye-de-prendre-un-rendez-vous-avec-la-nouvelle-petite-amie-dia-delon-musk\/#primaryimage\",\"url\":\"https:\/\/vieassociative.be\/actualites\/wp-content\/uploads\/2025\/07\/1752707888_Jai-essaye-de-prendre-un-rendez-vous-avec-la-nouvelle-petite.png\",\"contentUrl\":\"https:\/\/vieassociative.be\/actualites\/wp-content\/uploads\/2025\/07\/1752707888_Jai-essaye-de-prendre-un-rendez-vous-avec-la-nouvelle-petite.png\",\"width\":1200,\"height\":675,\"caption\":\"J'ai essay\u00e9 de prendre un rendez-vous avec la nouvelle petite amie d'IA d'Elon Musk\"},{\"@type\":\"BreadcrumbList\",\"@id\":\"https:\/\/vieassociative.be\/actualites\/jai-essaye-de-prendre-un-rendez-vous-avec-la-nouvelle-petite-amie-dia-delon-musk\/#breadcrumb\",\"itemListElement\":[{\"@type\":\"ListItem\",\"position\":1,\"name\":\"Accueil\",\"item\":\"https:\/\/vieassociative.be\/actualites\/\"},{\"@type\":\"ListItem\",\"position\":2,\"name\":\"J&rsquo;ai essay\u00e9 de prendre un rendez-vous avec la nouvelle petite amie d&rsquo;IA d&rsquo;Elon Musk\"}]},{\"@type\":\"WebSite\",\"@id\":\"https:\/\/vieassociative.be\/actualites\/#website\",\"url\":\"https:\/\/vieassociative.be\/actualites\/\",\"name\":\"Vie Associative\",\"description\":\"\",\"publisher\":{\"@id\":\"https:\/\/vieassociative.be\/actualites\/#organization\"},\"potentialAction\":[{\"@type\":\"SearchAction\",\"target\":{\"@type\":\"EntryPoint\",\"urlTemplate\":\"https:\/\/vieassociative.be\/actualites\/?s={search_term_string}\"},\"query-input\":{\"@type\":\"PropertyValueSpecification\",\"valueRequired\":true,\"valueName\":\"search_term_string\"}}],\"inLanguage\":\"fr-BE\"},{\"@type\":\"Organization\",\"@id\":\"https:\/\/vieassociative.be\/actualites\/#organization\",\"name\":\"Vie Associative\",\"url\":\"https:\/\/vieassociative.be\/actualites\/\",\"logo\":{\"@type\":\"ImageObject\",\"inLanguage\":\"fr-BE\",\"@id\":\"https:\/\/vieassociative.be\/actualites\/#\/schema\/logo\/image\/\",\"url\":\"https:\/\/vieassociative.be\/actualites\/wp-content\/uploads\/2024\/09\/cropped-vieassociative_favicon.ico.png\",\"contentUrl\":\"https:\/\/vieassociative.be\/actualites\/wp-content\/uploads\/2024\/09\/cropped-vieassociative_favicon.ico.png\",\"width\":512,\"height\":512,\"caption\":\"Vie Associative\"},\"image\":{\"@id\":\"https:\/\/vieassociative.be\/actualites\/#\/schema\/logo\/image\/\"}},{\"@type\":\"Person\",\"@id\":\"https:\/\/vieassociative.be\/actualites\/#\/schema\/person\/b87ac4f82f9d4e7b7cec7395b679edc4\",\"name\":\"Julien\",\"image\":{\"@type\":\"ImageObject\",\"inLanguage\":\"fr-BE\",\"@id\":\"https:\/\/vieassociative.be\/actualites\/#\/schema\/person\/image\/\",\"url\":\"https:\/\/vieassociative.be\/actualites\/wp-content\/uploads\/2024\/09\/vie-associative-1-150x150.jpg\",\"contentUrl\":\"https:\/\/vieassociative.be\/actualites\/wp-content\/uploads\/2024\/09\/vie-associative-1-150x150.jpg\",\"caption\":\"Julien\"},\"description\":\"Je suis Julien, r\u00e9dacteur pour Vie Associative. Passionn\u00e9 par le monde associatif depuis plus de 10 ans, j'ai \u00e0 c\u0153ur de partager des histoires inspirantes et de mettre en lumi\u00e8re les initiatives locales. Mon objectif est de sensibiliser et d'encourager l'engagement communautaire \u00e0 travers mes articles.\",\"sameAs\":[\"https:\/\/vieassociative.be\/\"]}]}<\/script>\n<!-- \/ Yoast SEO plugin. -->","yoast_head_json":{"title":"J'ai essay\u00e9 de prendre un rendez-vous avec la nouvelle petite amie d'IA d'Elon Musk | Vie Associative","robots":{"index":"index","follow":"follow","max-snippet":"max-snippet:-1","max-image-preview":"max-image-preview:large","max-video-preview":"max-video-preview:-1"},"canonical":"https:\/\/vieassociative.be\/actualites\/jai-essaye-de-prendre-un-rendez-vous-avec-la-nouvelle-petite-amie-dia-delon-musk\/","og_locale":"fr_FR","og_type":"article","og_title":"J'ai essay\u00e9 de prendre un rendez-vous avec la nouvelle petite amie d'IA d'Elon Musk | Vie Associative","og_description":"Est-ce vraiment ce que nous voulons que le visage d&rsquo;Internet soit? Cela fait moins d&rsquo;une semaine que Grok Ai d&rsquo;Elon Musk ne s&rsquo;est d\u00e9clar\u00e9 \u00ab\u00a0mechahitler\u00a0\u00bb","og_url":"https:\/\/vieassociative.be\/actualites\/jai-essaye-de-prendre-un-rendez-vous-avec-la-nouvelle-petite-amie-dia-delon-musk\/","og_site_name":"Vie Associative","article_published_time":"2025-07-16T23:18:07+00:00","og_image":[{"url":"https:\/\/vieassociative.be\/actualites\/wp-content\/uploads\/2025\/07\/Jai-essaye-de-prendre-un-rendez-vous-avec-la-nouvelle-petite.png","type":"","width":"","height":""}],"author":"Julien","twitter_card":"summary_large_image","twitter_misc":{"\u00c9crit par":"Julien","Dur\u00e9e de lecture est.":"7 minutes"},"schema":{"@context":"https:\/\/schema.org","@graph":[{"@type":"Article","@id":"https:\/\/vieassociative.be\/actualites\/jai-essaye-de-prendre-un-rendez-vous-avec-la-nouvelle-petite-amie-dia-delon-musk\/#article","isPartOf":{"@id":"https:\/\/vieassociative.be\/actualites\/jai-essaye-de-prendre-un-rendez-vous-avec-la-nouvelle-petite-amie-dia-delon-musk\/"},"author":{"name":"Julien","@id":"https:\/\/vieassociative.be\/actualites\/#\/schema\/person\/b87ac4f82f9d4e7b7cec7395b679edc4"},"headline":"J&rsquo;ai essay\u00e9 de prendre un rendez-vous avec la nouvelle petite amie d&rsquo;IA d&rsquo;Elon Musk","datePublished":"2025-07-16T23:18:07+00:00","dateModified":"2025-07-16T23:18:07+00:00","mainEntityOfPage":{"@id":"https:\/\/vieassociative.be\/actualites\/jai-essaye-de-prendre-un-rendez-vous-avec-la-nouvelle-petite-amie-dia-delon-musk\/"},"wordCount":1542,"publisher":{"@id":"https:\/\/vieassociative.be\/actualites\/#organization"},"image":{"@id":"https:\/\/vieassociative.be\/actualites\/jai-essaye-de-prendre-un-rendez-vous-avec-la-nouvelle-petite-amie-dia-delon-musk\/#primaryimage"},"thumbnailUrl":"https:\/\/vieassociative.be\/actualites\/wp-content\/uploads\/2025\/07\/1752707888_Jai-essaye-de-prendre-un-rendez-vous-avec-la-nouvelle-petite.png","keywords":["amie","avec","dElon","dIA","essay\u00e9","Jai","Musk","nouvelle","petite","prendre","rendezvous"],"articleSection":["Technologie"],"inLanguage":"fr-BE"},{"@type":"WebPage","@id":"https:\/\/vieassociative.be\/actualites\/jai-essaye-de-prendre-un-rendez-vous-avec-la-nouvelle-petite-amie-dia-delon-musk\/","url":"https:\/\/vieassociative.be\/actualites\/jai-essaye-de-prendre-un-rendez-vous-avec-la-nouvelle-petite-amie-dia-delon-musk\/","name":"J'ai essay\u00e9 de prendre un rendez-vous avec la nouvelle petite amie d'IA d'Elon Musk | Vie Associative","isPartOf":{"@id":"https:\/\/vieassociative.be\/actualites\/#website"},"primaryImageOfPage":{"@id":"https:\/\/vieassociative.be\/actualites\/jai-essaye-de-prendre-un-rendez-vous-avec-la-nouvelle-petite-amie-dia-delon-musk\/#primaryimage"},"image":{"@id":"https:\/\/vieassociative.be\/actualites\/jai-essaye-de-prendre-un-rendez-vous-avec-la-nouvelle-petite-amie-dia-delon-musk\/#primaryimage"},"thumbnailUrl":"https:\/\/vieassociative.be\/actualites\/wp-content\/uploads\/2025\/07\/1752707888_Jai-essaye-de-prendre-un-rendez-vous-avec-la-nouvelle-petite.png","datePublished":"2025-07-16T23:18:07+00:00","dateModified":"2025-07-16T23:18:07+00:00","breadcrumb":{"@id":"https:\/\/vieassociative.be\/actualites\/jai-essaye-de-prendre-un-rendez-vous-avec-la-nouvelle-petite-amie-dia-delon-musk\/#breadcrumb"},"inLanguage":"fr-BE","potentialAction":[{"@type":"ReadAction","target":["https:\/\/vieassociative.be\/actualites\/jai-essaye-de-prendre-un-rendez-vous-avec-la-nouvelle-petite-amie-dia-delon-musk\/"]}]},{"@type":"ImageObject","inLanguage":"fr-BE","@id":"https:\/\/vieassociative.be\/actualites\/jai-essaye-de-prendre-un-rendez-vous-avec-la-nouvelle-petite-amie-dia-delon-musk\/#primaryimage","url":"https:\/\/vieassociative.be\/actualites\/wp-content\/uploads\/2025\/07\/1752707888_Jai-essaye-de-prendre-un-rendez-vous-avec-la-nouvelle-petite.png","contentUrl":"https:\/\/vieassociative.be\/actualites\/wp-content\/uploads\/2025\/07\/1752707888_Jai-essaye-de-prendre-un-rendez-vous-avec-la-nouvelle-petite.png","width":1200,"height":675,"caption":"J'ai essay\u00e9 de prendre un rendez-vous avec la nouvelle petite amie d'IA d'Elon Musk"},{"@type":"BreadcrumbList","@id":"https:\/\/vieassociative.be\/actualites\/jai-essaye-de-prendre-un-rendez-vous-avec-la-nouvelle-petite-amie-dia-delon-musk\/#breadcrumb","itemListElement":[{"@type":"ListItem","position":1,"name":"Accueil","item":"https:\/\/vieassociative.be\/actualites\/"},{"@type":"ListItem","position":2,"name":"J&rsquo;ai essay\u00e9 de prendre un rendez-vous avec la nouvelle petite amie d&rsquo;IA d&rsquo;Elon Musk"}]},{"@type":"WebSite","@id":"https:\/\/vieassociative.be\/actualites\/#website","url":"https:\/\/vieassociative.be\/actualites\/","name":"Vie Associative","description":"","publisher":{"@id":"https:\/\/vieassociative.be\/actualites\/#organization"},"potentialAction":[{"@type":"SearchAction","target":{"@type":"EntryPoint","urlTemplate":"https:\/\/vieassociative.be\/actualites\/?s={search_term_string}"},"query-input":{"@type":"PropertyValueSpecification","valueRequired":true,"valueName":"search_term_string"}}],"inLanguage":"fr-BE"},{"@type":"Organization","@id":"https:\/\/vieassociative.be\/actualites\/#organization","name":"Vie Associative","url":"https:\/\/vieassociative.be\/actualites\/","logo":{"@type":"ImageObject","inLanguage":"fr-BE","@id":"https:\/\/vieassociative.be\/actualites\/#\/schema\/logo\/image\/","url":"https:\/\/vieassociative.be\/actualites\/wp-content\/uploads\/2024\/09\/cropped-vieassociative_favicon.ico.png","contentUrl":"https:\/\/vieassociative.be\/actualites\/wp-content\/uploads\/2024\/09\/cropped-vieassociative_favicon.ico.png","width":512,"height":512,"caption":"Vie Associative"},"image":{"@id":"https:\/\/vieassociative.be\/actualites\/#\/schema\/logo\/image\/"}},{"@type":"Person","@id":"https:\/\/vieassociative.be\/actualites\/#\/schema\/person\/b87ac4f82f9d4e7b7cec7395b679edc4","name":"Julien","image":{"@type":"ImageObject","inLanguage":"fr-BE","@id":"https:\/\/vieassociative.be\/actualites\/#\/schema\/person\/image\/","url":"https:\/\/vieassociative.be\/actualites\/wp-content\/uploads\/2024\/09\/vie-associative-1-150x150.jpg","contentUrl":"https:\/\/vieassociative.be\/actualites\/wp-content\/uploads\/2024\/09\/vie-associative-1-150x150.jpg","caption":"Julien"},"description":"Je suis Julien, r\u00e9dacteur pour Vie Associative. Passionn\u00e9 par le monde associatif depuis plus de 10 ans, j'ai \u00e0 c\u0153ur de partager des histoires inspirantes et de mettre en lumi\u00e8re les initiatives locales. Mon objectif est de sensibiliser et d'encourager l'engagement communautaire \u00e0 travers mes articles.","sameAs":["https:\/\/vieassociative.be\/"]}]}},"_links":{"self":[{"href":"https:\/\/vieassociative.be\/actualites\/wp-json\/wp\/v2\/posts\/8797"}],"collection":[{"href":"https:\/\/vieassociative.be\/actualites\/wp-json\/wp\/v2\/posts"}],"about":[{"href":"https:\/\/vieassociative.be\/actualites\/wp-json\/wp\/v2\/types\/post"}],"author":[{"embeddable":true,"href":"https:\/\/vieassociative.be\/actualites\/wp-json\/wp\/v2\/users\/1"}],"replies":[{"embeddable":true,"href":"https:\/\/vieassociative.be\/actualites\/wp-json\/wp\/v2\/comments?post=8797"}],"version-history":[{"count":0,"href":"https:\/\/vieassociative.be\/actualites\/wp-json\/wp\/v2\/posts\/8797\/revisions"}],"wp:featuredmedia":[{"embeddable":true,"href":"https:\/\/vieassociative.be\/actualites\/wp-json\/wp\/v2\/media\/8798"}],"wp:attachment":[{"href":"https:\/\/vieassociative.be\/actualites\/wp-json\/wp\/v2\/media?parent=8797"}],"wp:term":[{"taxonomy":"category","embeddable":true,"href":"https:\/\/vieassociative.be\/actualites\/wp-json\/wp\/v2\/categories?post=8797"},{"taxonomy":"post_tag","embeddable":true,"href":"https:\/\/vieassociative.be\/actualites\/wp-json\/wp\/v2\/tags?post=8797"}],"curies":[{"name":"wp","href":"https:\/\/api.w.org\/{rel}","templated":true}]}}