{"id":8794,"date":"2025-07-16T23:18:20","date_gmt":"2025-07-16T21:18:20","guid":{"rendered":"https:\/\/vieassociative.be\/actualites\/burns-de-la-scene-principale-de-tomorrowland-cest-ainsi-que-lorganisateur-reagit\/"},"modified":"2025-07-16T23:18:22","modified_gmt":"2025-07-16T21:18:22","slug":"burns-de-la-scene-principale-de-tomorrowland-cest-ainsi-que-lorganisateur-reagit","status":"publish","type":"post","link":"https:\/\/vieassociative.be\/actualites\/burns-de-la-scene-principale-de-tomorrowland-cest-ainsi-que-lorganisateur-reagit\/","title":{"rendered":"Burns de la sc\u00e8ne principale de Tomorrowland: c&rsquo;est ainsi que l&rsquo;organisateur r\u00e9agit"},"content":{"rendered":"<p><\/p>\n<p class=\"font-sans font-medium\">  La sc\u00e8ne principale de l&rsquo;\u00e9lectro-festival belge Tomorrowland est en feu. Les organisateurs ont maintenant publi\u00e9 plus de d\u00e9tails.<\/p>\n<aside class=\"h-ad-280+text lg:h-0 mb-12 md:mb-16\" data-slot-id=\"pos1_sm\" data-breakpoint=\"sm\" data-hide-ad-text=\"false\" data-module-id=\"SparkAdSlotModule\"><\/aside>\n<p>Une chronique noire de fum\u00e9e \u00e0 un m\u00e8tre se situe au-dessus du site du festival du Tomorrowland dans le boom belge. Les flammes d\u00e9vorent quelle \u00e9tait la sc\u00e8ne principale du plus grand festival \u00e9lectrique d&rsquo;Europe. L&rsquo;organisateur \u00e9crit maintenant sur son site Web: \u00ab\u00a0En raison d&rsquo;un incident grave et d&rsquo;un incendie sur la sc\u00e8ne principale de Tomorrowland, notre sc\u00e8ne principale bien-aim\u00e9e a \u00e9t\u00e9 gravement endommag\u00e9e.\u00a0\u00bb On pourrait confirmer que personne n&rsquo;a \u00e9t\u00e9 bless\u00e9 dans l&rsquo;incident.<\/p>\n<p>\u00ab\u00a0Les secouristes sont sur place. Notre priorit\u00e9 absolue est d\u00e9sormais la s\u00e9curit\u00e9\u00a0\u00bb, a d\u00e9clar\u00e9 la porte-parole du festival, Debby Wilmsen du quotidien n\u00e9erlandais \u00ab\u00a0De Telegraaf\u00a0\u00bb. Les m\u00e9dias belges rapportent que l&rsquo;incendie n&rsquo;est apparemment pas sous contr\u00f4le. <\/p>\n<p>Les services d&rsquo;urgence travaillent pour emp\u00eacher les flammes de se propager \u00e0 la v\u00e9g\u00e9tation derri\u00e8re la sc\u00e8ne et la tente. La police a des drones utilis\u00e9s pour surveiller l&rsquo;incendie du Luift. Des photos et des vid\u00e9os des flammes ont \u00e9t\u00e9 vues sur les r\u00e9seaux sociaux. Certains ont montr\u00e9 une \u00e9tape compl\u00e8tement br\u00fbl\u00e9e.<\/p>\n<div id=\"piano-banner-kampagne\" data-module-id=\"PianoElementModule, PianoRecoWidgetModule\" class=\"mb-4 block\"><\/div>\n<div id=\"piano-reco-widget\" data-module-id=\"PianoElementModule, PianoRecoWidgetModule\" class=\"mb-4 block\"><\/div>\n<p><!-- opinary --><\/p>\n<div class=\"w-full bg-stable-white\">\n<div id=\"opinary-automation-placeholder\" class=\"w-full\"><\/div>\n<\/p><\/div>\n<aside class=\"h-ad-600+text lg:h-0 mb-12 md:mb-16\" data-slot-id=\"pos2_sm\" data-breakpoint=\"sm\" data-hide-ad-text=\"false\" data-module-id=\"SparkAdSlotModule\"><\/aside>\n<h3>Tomorrowland: la pyrotechnique aurait pu provoquer le feu <\/h3>\n<p>Les r\u00e9sidents ont \u00e9t\u00e9 invit\u00e9s \u00e0 garder leurs fen\u00eatres et leurs portes trop ferm\u00e9es. Apr\u00e8s tout: la fum\u00e9e n&rsquo;est pas toxique, dit-on. On ne sait pas encore s&rsquo;il y a des blessures. Jusqu&rsquo;\u00e0 1000 employ\u00e9s auraient \u00e9t\u00e9 sur le site lorsque l&rsquo;incendie a \u00e9clat\u00e9. Les clients n&rsquo;avaient pas encore voyag\u00e9. Tout le monde pr\u00e9sent a \u00e9t\u00e9 \u00e9vacu\u00e9, a d\u00e9clar\u00e9 la porte-parole Wilmsen. La cause de l&rsquo;incendie n&rsquo;est pas encore claire. La pyrotechnie aurait \u00e9t\u00e9 incendi\u00e9e, les b\u00e2timents de la sc\u00e8ne ont pris feu.<\/p>\n<p>Le Tomorrowland devrait en fait commencer vendredi. Comme les organisateurs l&rsquo;expliquent dans leur message, le \u00ab\u00a0Dreamville\u00a0\u00bb, le camping, devrait toujours s&rsquo;ouvrir jeudi comme pr\u00e9vu. Toutes les \u00ab\u00a0activit\u00e9s mondiales de voyage \u00e0 Bruxelles et Anvers\u00a0\u00bb doivent \u00e9galement avoir lieu. Le programme de voyage de l&rsquo;organisateur est derri\u00e8re. Vous travaillez avec \u00ab\u00a0la haute pression sur la solution au week-end du festival\u00a0\u00bb, continue.<\/p>\n<p>Des centaines de milliers de fans de p\u00e8lerinage de musique \u00e9lectronique sur le site du festival chaque ann\u00e9e. Des \u00e9tapes \u00e9labor\u00e9es, des spectacles de lumi\u00e8re spectaculaires et une impressionnante s\u00e9lection de DJ et d&rsquo;artistes sont des marques de commerce du festival, qui sont parfois vendues rapidement pendant des minutes. La programmation de 2025 propose des centaines d&rsquo;actes, dont Charlotte de Witte, la Mafia de la maison su\u00e9doise et David Guetta, Martin Garrix et Armin Van Buuren. 400 000 invit\u00e9s de 200 pays sont attendus. Le festival se d\u00e9roule en deux week-ends, du 18 \u00e0 20 et 25 au 27 juillet.<\/p>\n","protected":false},"excerpt":{"rendered":"<p>La sc\u00e8ne principale de l&rsquo;\u00e9lectro-festival belge Tomorrowland est en feu. Les organisateurs ont maintenant publi\u00e9 plus de d\u00e9tails. Une chronique noire de fum\u00e9e \u00e0 un<\/p>\n","protected":false},"author":1,"featured_media":8795,"comment_status":"closed","ping_status":"","sticky":false,"template":"","format":"standard","meta":{"footnotes":""},"categories":[298],"tags":[1145,7775,362,7776,7773,6507,4189,551],"class_list":["post-8794","post","type-post","status-publish","format-standard","has-post-thumbnail","hentry","category-belgique","tag-ainsi","tag-burns","tag-cest","tag-lorganisateur","tag-principale","tag-reagit","tag-scene","tag-tomorrowland","generate-columns","tablet-grid-50","mobile-grid-100","grid-parent","grid-33"],"yoast_head":"<!-- This site is optimized with the Yoast SEO plugin v24.0 - https:\/\/yoast.com\/wordpress\/plugins\/seo\/ -->\n<title>Burns de la sc\u00e8ne principale de Tomorrowland: c&#039;est ainsi que l&#039;organisateur r\u00e9agit | Vie Associative<\/title>\n<meta name=\"robots\" content=\"index, follow, max-snippet:-1, max-image-preview:large, max-video-preview:-1\" \/>\n<link rel=\"canonical\" href=\"https:\/\/vieassociative.be\/actualites\/burns-de-la-scene-principale-de-tomorrowland-cest-ainsi-que-lorganisateur-reagit\/\" \/>\n<meta property=\"og:locale\" content=\"fr_FR\" \/>\n<meta property=\"og:type\" content=\"article\" \/>\n<meta property=\"og:title\" content=\"Burns de la sc\u00e8ne principale de Tomorrowland: c&#039;est ainsi que l&#039;organisateur r\u00e9agit | Vie Associative\" \/>\n<meta property=\"og:description\" content=\"La sc\u00e8ne principale de l&rsquo;\u00e9lectro-festival belge Tomorrowland est en feu. Les organisateurs ont maintenant publi\u00e9 plus de d\u00e9tails. Une chronique noire de fum\u00e9e \u00e0 un\" \/>\n<meta property=\"og:url\" content=\"https:\/\/vieassociative.be\/actualites\/burns-de-la-scene-principale-de-tomorrowland-cest-ainsi-que-lorganisateur-reagit\/\" \/>\n<meta property=\"og:site_name\" content=\"Vie Associative\" \/>\n<meta property=\"article:published_time\" content=\"2025-07-16T21:18:20+00:00\" \/>\n<meta property=\"article:modified_time\" content=\"2025-07-16T21:18:22+00:00\" \/>\n<meta property=\"og:image\" content=\"https:\/\/vieassociative.be\/actualites\/wp-content\/uploads\/2025\/07\/1752700700_Burns-de-la-scene-principale-de-Tomorrowland-cest-ainsi-que.jpeg\" \/>\n\t<meta property=\"og:image:width\" content=\"1600\" \/>\n\t<meta property=\"og:image:height\" content=\"900\" \/>\n\t<meta property=\"og:image:type\" content=\"image\/jpeg\" \/>\n<meta name=\"author\" content=\"Julien\" \/>\n<meta name=\"twitter:card\" content=\"summary_large_image\" \/>\n<meta name=\"twitter:label1\" content=\"\u00c9crit par\" \/>\n\t<meta name=\"twitter:data1\" content=\"Julien\" \/>\n\t<meta name=\"twitter:label2\" content=\"Dur\u00e9e de lecture est.\" \/>\n\t<meta name=\"twitter:data2\" content=\"2 minutes\" \/>\n<script type=\"application\/ld+json\" class=\"yoast-schema-graph\">{\"@context\":\"https:\/\/schema.org\",\"@graph\":[{\"@type\":\"Article\",\"@id\":\"https:\/\/vieassociative.be\/actualites\/burns-de-la-scene-principale-de-tomorrowland-cest-ainsi-que-lorganisateur-reagit\/#article\",\"isPartOf\":{\"@id\":\"https:\/\/vieassociative.be\/actualites\/burns-de-la-scene-principale-de-tomorrowland-cest-ainsi-que-lorganisateur-reagit\/\"},\"author\":{\"name\":\"Julien\",\"@id\":\"https:\/\/vieassociative.be\/actualites\/#\/schema\/person\/b87ac4f82f9d4e7b7cec7395b679edc4\"},\"headline\":\"Burns de la sc\u00e8ne principale de Tomorrowland: c&rsquo;est ainsi que l&rsquo;organisateur r\u00e9agit\",\"datePublished\":\"2025-07-16T21:18:20+00:00\",\"dateModified\":\"2025-07-16T21:18:22+00:00\",\"mainEntityOfPage\":{\"@id\":\"https:\/\/vieassociative.be\/actualites\/burns-de-la-scene-principale-de-tomorrowland-cest-ainsi-que-lorganisateur-reagit\/\"},\"wordCount\":505,\"publisher\":{\"@id\":\"https:\/\/vieassociative.be\/actualites\/#organization\"},\"image\":{\"@id\":\"https:\/\/vieassociative.be\/actualites\/burns-de-la-scene-principale-de-tomorrowland-cest-ainsi-que-lorganisateur-reagit\/#primaryimage\"},\"thumbnailUrl\":\"https:\/\/vieassociative.be\/actualites\/wp-content\/uploads\/2025\/07\/1752700700_Burns-de-la-scene-principale-de-Tomorrowland-cest-ainsi-que.jpeg\",\"keywords\":[\"ainsi\",\"Burns\",\"cest\",\"lorganisateur\",\"principale\",\"r\u00e9agit\",\"sc\u00e8ne\",\"Tomorrowland\"],\"articleSection\":[\"Belgique\"],\"inLanguage\":\"fr-BE\"},{\"@type\":\"WebPage\",\"@id\":\"https:\/\/vieassociative.be\/actualites\/burns-de-la-scene-principale-de-tomorrowland-cest-ainsi-que-lorganisateur-reagit\/\",\"url\":\"https:\/\/vieassociative.be\/actualites\/burns-de-la-scene-principale-de-tomorrowland-cest-ainsi-que-lorganisateur-reagit\/\",\"name\":\"Burns de la sc\u00e8ne principale de Tomorrowland: c'est ainsi que l'organisateur r\u00e9agit | Vie Associative\",\"isPartOf\":{\"@id\":\"https:\/\/vieassociative.be\/actualites\/#website\"},\"primaryImageOfPage\":{\"@id\":\"https:\/\/vieassociative.be\/actualites\/burns-de-la-scene-principale-de-tomorrowland-cest-ainsi-que-lorganisateur-reagit\/#primaryimage\"},\"image\":{\"@id\":\"https:\/\/vieassociative.be\/actualites\/burns-de-la-scene-principale-de-tomorrowland-cest-ainsi-que-lorganisateur-reagit\/#primaryimage\"},\"thumbnailUrl\":\"https:\/\/vieassociative.be\/actualites\/wp-content\/uploads\/2025\/07\/1752700700_Burns-de-la-scene-principale-de-Tomorrowland-cest-ainsi-que.jpeg\",\"datePublished\":\"2025-07-16T21:18:20+00:00\",\"dateModified\":\"2025-07-16T21:18:22+00:00\",\"breadcrumb\":{\"@id\":\"https:\/\/vieassociative.be\/actualites\/burns-de-la-scene-principale-de-tomorrowland-cest-ainsi-que-lorganisateur-reagit\/#breadcrumb\"},\"inLanguage\":\"fr-BE\",\"potentialAction\":[{\"@type\":\"ReadAction\",\"target\":[\"https:\/\/vieassociative.be\/actualites\/burns-de-la-scene-principale-de-tomorrowland-cest-ainsi-que-lorganisateur-reagit\/\"]}]},{\"@type\":\"ImageObject\",\"inLanguage\":\"fr-BE\",\"@id\":\"https:\/\/vieassociative.be\/actualites\/burns-de-la-scene-principale-de-tomorrowland-cest-ainsi-que-lorganisateur-reagit\/#primaryimage\",\"url\":\"https:\/\/vieassociative.be\/actualites\/wp-content\/uploads\/2025\/07\/1752700700_Burns-de-la-scene-principale-de-Tomorrowland-cest-ainsi-que.jpeg\",\"contentUrl\":\"https:\/\/vieassociative.be\/actualites\/wp-content\/uploads\/2025\/07\/1752700700_Burns-de-la-scene-principale-de-Tomorrowland-cest-ainsi-que.jpeg\",\"width\":1600,\"height\":900,\"caption\":\"Burns de la sc\u00e8ne principale de Tomorrowland: c'est ainsi que l'organisateur r\u00e9agit\"},{\"@type\":\"BreadcrumbList\",\"@id\":\"https:\/\/vieassociative.be\/actualites\/burns-de-la-scene-principale-de-tomorrowland-cest-ainsi-que-lorganisateur-reagit\/#breadcrumb\",\"itemListElement\":[{\"@type\":\"ListItem\",\"position\":1,\"name\":\"Accueil\",\"item\":\"https:\/\/vieassociative.be\/actualites\/\"},{\"@type\":\"ListItem\",\"position\":2,\"name\":\"Burns de la sc\u00e8ne principale de Tomorrowland: c&rsquo;est ainsi que l&rsquo;organisateur r\u00e9agit\"}]},{\"@type\":\"WebSite\",\"@id\":\"https:\/\/vieassociative.be\/actualites\/#website\",\"url\":\"https:\/\/vieassociative.be\/actualites\/\",\"name\":\"Vie Associative\",\"description\":\"\",\"publisher\":{\"@id\":\"https:\/\/vieassociative.be\/actualites\/#organization\"},\"potentialAction\":[{\"@type\":\"SearchAction\",\"target\":{\"@type\":\"EntryPoint\",\"urlTemplate\":\"https:\/\/vieassociative.be\/actualites\/?s={search_term_string}\"},\"query-input\":{\"@type\":\"PropertyValueSpecification\",\"valueRequired\":true,\"valueName\":\"search_term_string\"}}],\"inLanguage\":\"fr-BE\"},{\"@type\":\"Organization\",\"@id\":\"https:\/\/vieassociative.be\/actualites\/#organization\",\"name\":\"Vie Associative\",\"url\":\"https:\/\/vieassociative.be\/actualites\/\",\"logo\":{\"@type\":\"ImageObject\",\"inLanguage\":\"fr-BE\",\"@id\":\"https:\/\/vieassociative.be\/actualites\/#\/schema\/logo\/image\/\",\"url\":\"https:\/\/vieassociative.be\/actualites\/wp-content\/uploads\/2024\/09\/cropped-vieassociative_favicon.ico.png\",\"contentUrl\":\"https:\/\/vieassociative.be\/actualites\/wp-content\/uploads\/2024\/09\/cropped-vieassociative_favicon.ico.png\",\"width\":512,\"height\":512,\"caption\":\"Vie Associative\"},\"image\":{\"@id\":\"https:\/\/vieassociative.be\/actualites\/#\/schema\/logo\/image\/\"}},{\"@type\":\"Person\",\"@id\":\"https:\/\/vieassociative.be\/actualites\/#\/schema\/person\/b87ac4f82f9d4e7b7cec7395b679edc4\",\"name\":\"Julien\",\"image\":{\"@type\":\"ImageObject\",\"inLanguage\":\"fr-BE\",\"@id\":\"https:\/\/vieassociative.be\/actualites\/#\/schema\/person\/image\/\",\"url\":\"https:\/\/vieassociative.be\/actualites\/wp-content\/uploads\/2024\/09\/vie-associative-1-150x150.jpg\",\"contentUrl\":\"https:\/\/vieassociative.be\/actualites\/wp-content\/uploads\/2024\/09\/vie-associative-1-150x150.jpg\",\"caption\":\"Julien\"},\"description\":\"Je suis Julien, r\u00e9dacteur pour Vie Associative. Passionn\u00e9 par le monde associatif depuis plus de 10 ans, j'ai \u00e0 c\u0153ur de partager des histoires inspirantes et de mettre en lumi\u00e8re les initiatives locales. Mon objectif est de sensibiliser et d'encourager l'engagement communautaire \u00e0 travers mes articles.\",\"sameAs\":[\"https:\/\/vieassociative.be\/\"]}]}<\/script>\n<!-- \/ Yoast SEO plugin. -->","yoast_head_json":{"title":"Burns de la sc\u00e8ne principale de Tomorrowland: c'est ainsi que l'organisateur r\u00e9agit | Vie Associative","robots":{"index":"index","follow":"follow","max-snippet":"max-snippet:-1","max-image-preview":"max-image-preview:large","max-video-preview":"max-video-preview:-1"},"canonical":"https:\/\/vieassociative.be\/actualites\/burns-de-la-scene-principale-de-tomorrowland-cest-ainsi-que-lorganisateur-reagit\/","og_locale":"fr_FR","og_type":"article","og_title":"Burns de la sc\u00e8ne principale de Tomorrowland: c'est ainsi que l'organisateur r\u00e9agit | Vie Associative","og_description":"La sc\u00e8ne principale de l&rsquo;\u00e9lectro-festival belge Tomorrowland est en feu. Les organisateurs ont maintenant publi\u00e9 plus de d\u00e9tails. Une chronique noire de fum\u00e9e \u00e0 un","og_url":"https:\/\/vieassociative.be\/actualites\/burns-de-la-scene-principale-de-tomorrowland-cest-ainsi-que-lorganisateur-reagit\/","og_site_name":"Vie Associative","article_published_time":"2025-07-16T21:18:20+00:00","article_modified_time":"2025-07-16T21:18:22+00:00","og_image":[{"width":1600,"height":900,"url":"https:\/\/vieassociative.be\/actualites\/wp-content\/uploads\/2025\/07\/1752700700_Burns-de-la-scene-principale-de-Tomorrowland-cest-ainsi-que.jpeg","type":"image\/jpeg"}],"author":"Julien","twitter_card":"summary_large_image","twitter_misc":{"\u00c9crit par":"Julien","Dur\u00e9e de lecture est.":"2 minutes"},"schema":{"@context":"https:\/\/schema.org","@graph":[{"@type":"Article","@id":"https:\/\/vieassociative.be\/actualites\/burns-de-la-scene-principale-de-tomorrowland-cest-ainsi-que-lorganisateur-reagit\/#article","isPartOf":{"@id":"https:\/\/vieassociative.be\/actualites\/burns-de-la-scene-principale-de-tomorrowland-cest-ainsi-que-lorganisateur-reagit\/"},"author":{"name":"Julien","@id":"https:\/\/vieassociative.be\/actualites\/#\/schema\/person\/b87ac4f82f9d4e7b7cec7395b679edc4"},"headline":"Burns de la sc\u00e8ne principale de Tomorrowland: c&rsquo;est ainsi que l&rsquo;organisateur r\u00e9agit","datePublished":"2025-07-16T21:18:20+00:00","dateModified":"2025-07-16T21:18:22+00:00","mainEntityOfPage":{"@id":"https:\/\/vieassociative.be\/actualites\/burns-de-la-scene-principale-de-tomorrowland-cest-ainsi-que-lorganisateur-reagit\/"},"wordCount":505,"publisher":{"@id":"https:\/\/vieassociative.be\/actualites\/#organization"},"image":{"@id":"https:\/\/vieassociative.be\/actualites\/burns-de-la-scene-principale-de-tomorrowland-cest-ainsi-que-lorganisateur-reagit\/#primaryimage"},"thumbnailUrl":"https:\/\/vieassociative.be\/actualites\/wp-content\/uploads\/2025\/07\/1752700700_Burns-de-la-scene-principale-de-Tomorrowland-cest-ainsi-que.jpeg","keywords":["ainsi","Burns","cest","lorganisateur","principale","r\u00e9agit","sc\u00e8ne","Tomorrowland"],"articleSection":["Belgique"],"inLanguage":"fr-BE"},{"@type":"WebPage","@id":"https:\/\/vieassociative.be\/actualites\/burns-de-la-scene-principale-de-tomorrowland-cest-ainsi-que-lorganisateur-reagit\/","url":"https:\/\/vieassociative.be\/actualites\/burns-de-la-scene-principale-de-tomorrowland-cest-ainsi-que-lorganisateur-reagit\/","name":"Burns de la sc\u00e8ne principale de Tomorrowland: c'est ainsi que l'organisateur r\u00e9agit | Vie Associative","isPartOf":{"@id":"https:\/\/vieassociative.be\/actualites\/#website"},"primaryImageOfPage":{"@id":"https:\/\/vieassociative.be\/actualites\/burns-de-la-scene-principale-de-tomorrowland-cest-ainsi-que-lorganisateur-reagit\/#primaryimage"},"image":{"@id":"https:\/\/vieassociative.be\/actualites\/burns-de-la-scene-principale-de-tomorrowland-cest-ainsi-que-lorganisateur-reagit\/#primaryimage"},"thumbnailUrl":"https:\/\/vieassociative.be\/actualites\/wp-content\/uploads\/2025\/07\/1752700700_Burns-de-la-scene-principale-de-Tomorrowland-cest-ainsi-que.jpeg","datePublished":"2025-07-16T21:18:20+00:00","dateModified":"2025-07-16T21:18:22+00:00","breadcrumb":{"@id":"https:\/\/vieassociative.be\/actualites\/burns-de-la-scene-principale-de-tomorrowland-cest-ainsi-que-lorganisateur-reagit\/#breadcrumb"},"inLanguage":"fr-BE","potentialAction":[{"@type":"ReadAction","target":["https:\/\/vieassociative.be\/actualites\/burns-de-la-scene-principale-de-tomorrowland-cest-ainsi-que-lorganisateur-reagit\/"]}]},{"@type":"ImageObject","inLanguage":"fr-BE","@id":"https:\/\/vieassociative.be\/actualites\/burns-de-la-scene-principale-de-tomorrowland-cest-ainsi-que-lorganisateur-reagit\/#primaryimage","url":"https:\/\/vieassociative.be\/actualites\/wp-content\/uploads\/2025\/07\/1752700700_Burns-de-la-scene-principale-de-Tomorrowland-cest-ainsi-que.jpeg","contentUrl":"https:\/\/vieassociative.be\/actualites\/wp-content\/uploads\/2025\/07\/1752700700_Burns-de-la-scene-principale-de-Tomorrowland-cest-ainsi-que.jpeg","width":1600,"height":900,"caption":"Burns de la sc\u00e8ne principale de Tomorrowland: c'est ainsi que l'organisateur r\u00e9agit"},{"@type":"BreadcrumbList","@id":"https:\/\/vieassociative.be\/actualites\/burns-de-la-scene-principale-de-tomorrowland-cest-ainsi-que-lorganisateur-reagit\/#breadcrumb","itemListElement":[{"@type":"ListItem","position":1,"name":"Accueil","item":"https:\/\/vieassociative.be\/actualites\/"},{"@type":"ListItem","position":2,"name":"Burns de la sc\u00e8ne principale de Tomorrowland: c&rsquo;est ainsi que l&rsquo;organisateur r\u00e9agit"}]},{"@type":"WebSite","@id":"https:\/\/vieassociative.be\/actualites\/#website","url":"https:\/\/vieassociative.be\/actualites\/","name":"Vie Associative","description":"","publisher":{"@id":"https:\/\/vieassociative.be\/actualites\/#organization"},"potentialAction":[{"@type":"SearchAction","target":{"@type":"EntryPoint","urlTemplate":"https:\/\/vieassociative.be\/actualites\/?s={search_term_string}"},"query-input":{"@type":"PropertyValueSpecification","valueRequired":true,"valueName":"search_term_string"}}],"inLanguage":"fr-BE"},{"@type":"Organization","@id":"https:\/\/vieassociative.be\/actualites\/#organization","name":"Vie Associative","url":"https:\/\/vieassociative.be\/actualites\/","logo":{"@type":"ImageObject","inLanguage":"fr-BE","@id":"https:\/\/vieassociative.be\/actualites\/#\/schema\/logo\/image\/","url":"https:\/\/vieassociative.be\/actualites\/wp-content\/uploads\/2024\/09\/cropped-vieassociative_favicon.ico.png","contentUrl":"https:\/\/vieassociative.be\/actualites\/wp-content\/uploads\/2024\/09\/cropped-vieassociative_favicon.ico.png","width":512,"height":512,"caption":"Vie Associative"},"image":{"@id":"https:\/\/vieassociative.be\/actualites\/#\/schema\/logo\/image\/"}},{"@type":"Person","@id":"https:\/\/vieassociative.be\/actualites\/#\/schema\/person\/b87ac4f82f9d4e7b7cec7395b679edc4","name":"Julien","image":{"@type":"ImageObject","inLanguage":"fr-BE","@id":"https:\/\/vieassociative.be\/actualites\/#\/schema\/person\/image\/","url":"https:\/\/vieassociative.be\/actualites\/wp-content\/uploads\/2024\/09\/vie-associative-1-150x150.jpg","contentUrl":"https:\/\/vieassociative.be\/actualites\/wp-content\/uploads\/2024\/09\/vie-associative-1-150x150.jpg","caption":"Julien"},"description":"Je suis Julien, r\u00e9dacteur pour Vie Associative. Passionn\u00e9 par le monde associatif depuis plus de 10 ans, j'ai \u00e0 c\u0153ur de partager des histoires inspirantes et de mettre en lumi\u00e8re les initiatives locales. Mon objectif est de sensibiliser et d'encourager l'engagement communautaire \u00e0 travers mes articles.","sameAs":["https:\/\/vieassociative.be\/"]}]}},"_links":{"self":[{"href":"https:\/\/vieassociative.be\/actualites\/wp-json\/wp\/v2\/posts\/8794"}],"collection":[{"href":"https:\/\/vieassociative.be\/actualites\/wp-json\/wp\/v2\/posts"}],"about":[{"href":"https:\/\/vieassociative.be\/actualites\/wp-json\/wp\/v2\/types\/post"}],"author":[{"embeddable":true,"href":"https:\/\/vieassociative.be\/actualites\/wp-json\/wp\/v2\/users\/1"}],"replies":[{"embeddable":true,"href":"https:\/\/vieassociative.be\/actualites\/wp-json\/wp\/v2\/comments?post=8794"}],"version-history":[{"count":1,"href":"https:\/\/vieassociative.be\/actualites\/wp-json\/wp\/v2\/posts\/8794\/revisions"}],"predecessor-version":[{"id":8796,"href":"https:\/\/vieassociative.be\/actualites\/wp-json\/wp\/v2\/posts\/8794\/revisions\/8796"}],"wp:featuredmedia":[{"embeddable":true,"href":"https:\/\/vieassociative.be\/actualites\/wp-json\/wp\/v2\/media\/8795"}],"wp:attachment":[{"href":"https:\/\/vieassociative.be\/actualites\/wp-json\/wp\/v2\/media?parent=8794"}],"wp:term":[{"taxonomy":"category","embeddable":true,"href":"https:\/\/vieassociative.be\/actualites\/wp-json\/wp\/v2\/categories?post=8794"},{"taxonomy":"post_tag","embeddable":true,"href":"https:\/\/vieassociative.be\/actualites\/wp-json\/wp\/v2\/tags?post=8794"}],"curies":[{"name":"wp","href":"https:\/\/api.w.org\/{rel}","templated":true}]}}